{"id":6721,"date":"2019-03-11T10:24:33","date_gmt":"2019-03-11T10:24:33","guid":{"rendered":"http:\/\/www.evropskakuca.me\/me\/?p=6721"},"modified":"2019-03-11T10:24:33","modified_gmt":"2019-03-11T10:24:33","slug":"ravnopravna-zasticena-osnazena-stanje-zenskih-prava-u-crnoj-gori","status":"publish","type":"post","link":"https:\/\/www.evropskakuca.me\/me\/ravnopravna-zasticena-osnazena-stanje-zenskih-prava-u-crnoj-gori\/","title":{"rendered":"Ravnopravna, za\u0161ti\u0107ena, osna\u017eena? Stanje \u017eenskih prava u Crnoj Gori"},"content":{"rendered":"<p>(Podgorica, 8. mart 2019.) \u2013 Potrebno je uraditi istra\u017eivanje o siroma\u0161tvu \u017eena, osnovati Alimentacioni fond i vi\u0161e razgovarati o pravima \u017eena, kako bi se, makar dijelom, pobolj\u0161ao polo\u017eaj \u017eena u Crnoj Gori. To su predlozi koji su se \u010duli na javnoj debati \u201eRavnopravna, za\u0161ti\u0107ena, osna\u017eena? Stanje \u017eenskih prava u Crnoj Gori\u201c, koju su Delegacija Evropske unije u Crnoj Gori i Centar za \u017eenska prava organizovali u EU info centru, povodom 100 godina obilje\u017eavanja Dana \u017eena u Crnoj Gori.<\/p>\n<p><a href=\"http:\/\/www.evropskakuca.me\/wp-content\/uploads\/2019\/03\/Javna-debata-Eu-info-centar-Aivo-Orav-002.jpg\"><img fetchpriority=\"high\" decoding=\"async\" class=\"alignleft size-large wp-image-6715\" src=\"http:\/\/www.evropskakuca.me\/wp-content\/uploads\/2019\/03\/Javna-debata-Eu-info-centar-Aivo-Orav-002-1024x683.jpg\" alt=\"\" width=\"1024\" height=\"683\" \/><\/a><\/p>\n<p><strong>Ambasador EU u Crnoj Gori Aivo Orav<\/strong>, koji je otvorio javnu debatu, posebno se osvrnuo na ekonomski polo\u017eaj \u017eena u Crnoj Gori. Orav je podsjetio da one, pored toga \u0161to vi\u0161e rade kod ku\u0107e i vode ra\u010duna o doma\u0107instvu, i dalje zara\u0111uju 84% plate koju mu\u0161karci primaju za jednak rad. Zbog toga kasnije primaju ni\u017ee penzije i imaju vec\u0301i rizik od siroma\u0161tva, naveo je ambasador EU.<\/p>\n<p>\u201ePred Crnom Gorom su i dalje dug put i brojna pitanja koja treba rije\u0161iti, kao \u0161to su borba protiv stereotipa, diskriminacije, porodi\u010dnog i rodno zasnovanog nasilja, trgovine ljudima, prostitucije i selektivnih abortusa\u201c, ukazao je Orav.<\/p>\n<p>U\u010desnici debate su zaklju\u010dili da \u2013 na papiru, Crna Gora ispunjava uslove za ravnopravnost polova. Ima zakone uskla\u0111ene sa evropskim, brojne strategije i akcione planove, ali je problem njihovo sprovo\u0111enje.<\/p>\n<p>\u201eOve, 2019. godine, mi se i dalje borimo za kra\u0107e radno vrijeme, za jednake zarade za jednak rad, za dostojanstvene uslove rada. Iako smo odmakli daleko u toj evoluciji prava, ipak mislim da to sve ide sporo\u201c, navela je <strong>Ivana Mihajlovi\u0107 iz Unije slobodnih sindikata.<\/strong><\/p>\n<p><a href=\"http:\/\/www.evropskakuca.me\/wp-content\/uploads\/2019\/03\/Javna-debata-EU-info-centar-Ivana-Mihajlovic-003.jpg\"><img decoding=\"async\" class=\"alignleft size-large wp-image-6719\" src=\"http:\/\/www.evropskakuca.me\/wp-content\/uploads\/2019\/03\/Javna-debata-EU-info-centar-Ivana-Mihajlovic-003-1024x683.jpg\" alt=\"\" width=\"1024\" height=\"683\" \/><\/a><\/p>\n<p>Prema podacima iz ankete koju su EU i UNDP sproveli 2013. godine, \u017eene u Crnoj Gori su vlasnice svega 4% kuc\u0301a, 8% zemlji\u0161ta i 14% vikendica. Anketa stara sedam godina ukazuje na nedostatak novih mjerljivih podataka, koji bi jasno ilustrovali polo\u017eaj \u017eena u dru\u0161tvu.<\/p>\n<p>\u201eZa brojne indikatore, kao \u0161to je udio \u017eena na menad\u017eerskim pozicijima ili udio visokoobrazovanih \u017eena iz odre\u0111enih oblasti, mi nemamo podatke. Nemamo podatke ni kada je u pitanju racio mu\u0161karaca i \u017eena u nezaposlenosti, udio mu\u0161kog i \u017eenskog doprinosa u nacionalnom dohotku per capita\u201c, navela je <strong>profesorica sa Fakulteta politi\u010dkih nauka Olivera Komar. <\/strong><\/p>\n<p>Mjerljivih podataka nema ni kada je rije\u010d o broju samohranih majki. Ipak, one imaju ve\u0107i problem \u2013 a to je naplata alimentacije. Zbog toga je na javnoj debati zaklju\u010deno da je neophodno osnovati Alimentacioni fond ili osmisliti drugi efikasan na\u010din koji \u0107e omogu\u0107iti po\u0161tovanje sudskih presuda o obavezi pla\u0107anja alimentacije.<\/p>\n<p><a href=\"http:\/\/www.evropskakuca.me\/wp-content\/uploads\/2019\/03\/Javna-debata-EU-info-centar-Olivera-Komar-002.jpg\"><img decoding=\"async\" class=\"alignleft size-large wp-image-6717\" src=\"http:\/\/www.evropskakuca.me\/wp-content\/uploads\/2019\/03\/Javna-debata-EU-info-centar-Olivera-Komar-002-1024x683.jpg\" alt=\"\" width=\"1024\" height=\"683\" \/><\/a><\/p>\n<p>Problem majki o\u010digledan je i kod \u017eena koje su se prijavile za naknadu za majke sa troje i vi\u0161e djece, i potom ostale bez njih. O tome je na javnoj raspravi govorila \u017deljka Savkovi\u0107, koordinatorka protesta \u201cMajke\u201d, koja je podsjetila da se za naknadu prijavilo preko 22 000 \u017eena.<\/p>\n<p>\u201eTo su uradile ra\u010dunaju\u0107i da mogu da vjeruju Ustavu Crne Gore. Na\u017ealost, prevarene su na jedan providan na\u010din jer je zakon usvojen u Skup\u0161tini sa glasovima vlasti i opozicije,\u201c navela je Savkovi\u0107.<\/p>\n<p>U\u010desnici i u\u010desnice javne debate osvrnuli su se i na probleme \u017eena na poslu. Mjerljive podatke iz te oblasti da\u0107e istra\u017eivanje \u201eDiskiminacija po polu na radnom mjestu u Crnoj Gori\u201c, koje \u0107e uskoro objaviti Centar za \u017eenska prava.<\/p>\n<p>\u201eU firmi u kojoj sam radila \u0161est godina, bila sam prva osoba \u017eenskog pola na rukovode\u0107em mjestu. Ali, nisam mogla da dobijem ugovor za stalno jer se o\u010dekivalo da \u0107u uskoro da se udam i ostanem trudna\u201c, samo je jedno od 600 svjedo\u010danstva koje je obuhvatilo istra\u017eivanje. Problem je, me\u0111utim, \u0161to je ovakve tvrdnje te\u0161ko dokazati na sudu. Zato je va\u017eno stalno razgovarati o pravima \u017eena, navela je <strong>Maja Rai\u010devi\u0107 iz Centra za \u017eenska prava. <\/strong><\/p>\n<p>\u201e\u017delim da se zahvalim Delegaciji EU na podr\u0161ci da ovaj razgovor u\u010dinimo javnim, i damo mogu\u0107nost gra\u0111anima i gra\u0111ankama da u\u010destvuju u debatama, koje se obi\u010dno odvijaju u zatvorenom krugu ljudi. A smatram da je jako va\u017eno dati mogu\u0107nost da se \u010duju svi koji imaju ne\u0161to o tome da ka\u017eu\u201c, saop\u0161tila je Rai\u010devi\u0107.<\/p>\n<p>Nakon uvodnih rije\u010di uslijedila je konstruktivna javna debata, u kojoj su u\u010destvovali predstavnici me\u0111unarodnih institucija, nevladinih organizacija, samohrane majke i gra\u0111anke koje su do\u0161le da isprate debatu i daju svoj li\u010dni doprinos.<\/p>\n<p>Upravo na problem nedostatka podataka ukazala je i <strong>koordinatorka Sistema UN u<\/strong>\u00a0<em><strong>Crnoj Gori<\/strong><\/em>,\u00a0<em><strong>Fiona Mekluni.<\/strong><\/em><\/p>\n<p>\u201eZamolila bih sve da do\u0111emo do boljih podataka, kako bismo bolje upravljali ovim pitanjima i kreirali bolju i ravnopravniju situaciju izme\u0111u mu\u0161karaca i \u017eena\u201c,\u00a0 navela je Mekluni.<\/p>\n<p>Da bi osigurali da dana\u0161nji predlozi ne budu zaboravljeni ve\u0107 9. marta, Centar za \u017eenska prava je najavio da \u0107e detaljnije obraditi predloge sa javne rasprave i proslijediti ih nadle\u017enim dr\u017eavnim organima.<\/p>\n","protected":false},"excerpt":{"rendered":"<p>Javna debata u EU info centru povodom 100 godina obilje\u017eavanja Dana \u017eena u Crnoj Gori<\/p>\n","protected":false},"author":1,"featured_media":34369,"comment_status":"closed","ping_status":"closed","sticky":false,"template":"","format":"standard","meta":{"_acf_changed":false,"footnotes":""},"categories":[285,283,2],"tags":[],"class_list":["post-6721","post","type-post","status-publish","format-standard","has-post-thumbnail","hentry","category-kampanje-i-eventi","category-novosti-me","category-uncategorized-me"],"acf":[],"yoast_head":"<!-- This site is optimized with the Yoast SEO plugin v27.3 - https:\/\/yoast.com\/product\/yoast-seo-wordpress\/ -->\n<title>Ravnopravna, za\u0161ti\u0107ena, osna\u017eena? Stanje \u017eenskih prava u Crnoj Gori - Europe House<\/title>\n<meta name=\"robots\" content=\"index, follow, max-snippet:-1, max-image-preview:large, max-video-preview:-1\" \/>\n<link rel=\"canonical\" href=\"https:\/\/www.evropskakuca.me\/me\/ravnopravna-zasticena-osnazena-stanje-zenskih-prava-u-crnoj-gori\/\" \/>\n<meta property=\"og:locale\" content=\"en_US\" \/>\n<meta property=\"og:type\" content=\"article\" \/>\n<meta property=\"og:title\" content=\"Ravnopravna, za\u0161ti\u0107ena, osna\u017eena? Stanje \u017eenskih prava u Crnoj Gori - Europe House\" \/>\n<meta property=\"og:description\" content=\"Javna debata u EU info centru povodom 100 godina obilje\u017eavanja Dana \u017eena u Crnoj Gori\" \/>\n<meta property=\"og:url\" content=\"https:\/\/www.evropskakuca.me\/me\/ravnopravna-zasticena-osnazena-stanje-zenskih-prava-u-crnoj-gori\/\" \/>\n<meta property=\"og:site_name\" content=\"Europe House\" \/>\n<meta property=\"article:publisher\" content=\"https:\/\/www.facebook.com\/evropska.kuca\" \/>\n<meta property=\"article:published_time\" content=\"2019-03-11T10:24:33+00:00\" \/>\n<meta property=\"og:image\" content=\"https:\/\/www.evropskakuca.me\/wp-content\/uploads\/2019\/03\/Javna-debata-EU-info-centar-8-mart-1024x683.jpg\" \/>\n\t<meta property=\"og:image:width\" content=\"1024\" \/>\n\t<meta property=\"og:image:height\" content=\"683\" \/>\n\t<meta property=\"og:image:type\" content=\"image\/jpeg\" \/>\n<meta name=\"author\" content=\"mkajic\" \/>\n<meta name=\"twitter:card\" content=\"summary_large_image\" \/>\n<meta name=\"twitter:creator\" content=\"@evropska_kuca\" \/>\n<meta name=\"twitter:site\" content=\"@evropska_kuca\" \/>\n<meta name=\"twitter:label1\" content=\"Written by\" \/>\n\t<meta name=\"twitter:data1\" content=\"mkajic\" \/>\n\t<meta name=\"twitter:label2\" content=\"Est. reading time\" \/>\n\t<meta name=\"twitter:data2\" content=\"4 minutes\" \/>\n<script type=\"application\/ld+json\" class=\"yoast-schema-graph\">{\"@context\":\"https:\\\/\\\/schema.org\",\"@graph\":[{\"@type\":\"Article\",\"@id\":\"https:\\\/\\\/www.evropskakuca.me\\\/me\\\/ravnopravna-zasticena-osnazena-stanje-zenskih-prava-u-crnoj-gori\\\/#article\",\"isPartOf\":{\"@id\":\"https:\\\/\\\/www.evropskakuca.me\\\/me\\\/ravnopravna-zasticena-osnazena-stanje-zenskih-prava-u-crnoj-gori\\\/\"},\"author\":{\"name\":\"mkajic\",\"@id\":\"https:\\\/\\\/www.evropskakuca.me\\\/me\\\/#\\\/schema\\\/person\\\/a1d0dcdaefe4a1cd1d60d200ea137ba4\"},\"headline\":\"Ravnopravna, za\u0161ti\u0107ena, osna\u017eena? Stanje \u017eenskih prava u Crnoj Gori\",\"datePublished\":\"2019-03-11T10:24:33+00:00\",\"mainEntityOfPage\":{\"@id\":\"https:\\\/\\\/www.evropskakuca.me\\\/me\\\/ravnopravna-zasticena-osnazena-stanje-zenskih-prava-u-crnoj-gori\\\/\"},\"wordCount\":836,\"publisher\":{\"@id\":\"https:\\\/\\\/www.evropskakuca.me\\\/me\\\/#organization\"},\"image\":{\"@id\":\"https:\\\/\\\/www.evropskakuca.me\\\/me\\\/ravnopravna-zasticena-osnazena-stanje-zenskih-prava-u-crnoj-gori\\\/#primaryimage\"},\"thumbnailUrl\":\"https:\\\/\\\/www.evropskakuca.me\\\/wp-content\\\/uploads\\\/2019\\\/03\\\/Javna-debata-EU-info-centar-8-mart.jpg\",\"articleSection\":[\"Kampanje i eventi\",\"Novosti\",\"Uncategorized @me\"],\"inLanguage\":\"me-ME\"},{\"@type\":\"WebPage\",\"@id\":\"https:\\\/\\\/www.evropskakuca.me\\\/me\\\/ravnopravna-zasticena-osnazena-stanje-zenskih-prava-u-crnoj-gori\\\/\",\"url\":\"https:\\\/\\\/www.evropskakuca.me\\\/me\\\/ravnopravna-zasticena-osnazena-stanje-zenskih-prava-u-crnoj-gori\\\/\",\"name\":\"Ravnopravna, za\u0161ti\u0107ena, osna\u017eena? Stanje \u017eenskih prava u Crnoj Gori - Europe House\",\"isPartOf\":{\"@id\":\"https:\\\/\\\/www.evropskakuca.me\\\/me\\\/#website\"},\"primaryImageOfPage\":{\"@id\":\"https:\\\/\\\/www.evropskakuca.me\\\/me\\\/ravnopravna-zasticena-osnazena-stanje-zenskih-prava-u-crnoj-gori\\\/#primaryimage\"},\"image\":{\"@id\":\"https:\\\/\\\/www.evropskakuca.me\\\/me\\\/ravnopravna-zasticena-osnazena-stanje-zenskih-prava-u-crnoj-gori\\\/#primaryimage\"},\"thumbnailUrl\":\"https:\\\/\\\/www.evropskakuca.me\\\/wp-content\\\/uploads\\\/2019\\\/03\\\/Javna-debata-EU-info-centar-8-mart.jpg\",\"datePublished\":\"2019-03-11T10:24:33+00:00\",\"breadcrumb\":{\"@id\":\"https:\\\/\\\/www.evropskakuca.me\\\/me\\\/ravnopravna-zasticena-osnazena-stanje-zenskih-prava-u-crnoj-gori\\\/#breadcrumb\"},\"inLanguage\":\"me-ME\",\"potentialAction\":[{\"@type\":\"ReadAction\",\"target\":[\"https:\\\/\\\/www.evropskakuca.me\\\/me\\\/ravnopravna-zasticena-osnazena-stanje-zenskih-prava-u-crnoj-gori\\\/\"]}]},{\"@type\":\"ImageObject\",\"inLanguage\":\"me-ME\",\"@id\":\"https:\\\/\\\/www.evropskakuca.me\\\/me\\\/ravnopravna-zasticena-osnazena-stanje-zenskih-prava-u-crnoj-gori\\\/#primaryimage\",\"url\":\"https:\\\/\\\/www.evropskakuca.me\\\/wp-content\\\/uploads\\\/2019\\\/03\\\/Javna-debata-EU-info-centar-8-mart.jpg\",\"contentUrl\":\"https:\\\/\\\/www.evropskakuca.me\\\/wp-content\\\/uploads\\\/2019\\\/03\\\/Javna-debata-EU-info-centar-8-mart.jpg\",\"width\":2500,\"height\":1667},{\"@type\":\"BreadcrumbList\",\"@id\":\"https:\\\/\\\/www.evropskakuca.me\\\/me\\\/ravnopravna-zasticena-osnazena-stanje-zenskih-prava-u-crnoj-gori\\\/#breadcrumb\",\"itemListElement\":[{\"@type\":\"ListItem\",\"position\":1,\"name\":\"Home\",\"item\":\"https:\\\/\\\/www.evropskakuca.me\\\/me\\\/\"},{\"@type\":\"ListItem\",\"position\":2,\"name\":\"Ravnopravna, za\u0161ti\u0107ena, osna\u017eena? Stanje \u017eenskih prava u Crnoj Gori\"}]},{\"@type\":\"WebSite\",\"@id\":\"https:\\\/\\\/www.evropskakuca.me\\\/me\\\/#website\",\"url\":\"https:\\\/\\\/www.evropskakuca.me\\\/me\\\/\",\"name\":\"Evropean house\",\"description\":\"\",\"publisher\":{\"@id\":\"https:\\\/\\\/www.evropskakuca.me\\\/me\\\/#organization\"},\"potentialAction\":[{\"@type\":\"SearchAction\",\"target\":{\"@type\":\"EntryPoint\",\"urlTemplate\":\"https:\\\/\\\/www.evropskakuca.me\\\/me\\\/?s={search_term_string}\"},\"query-input\":{\"@type\":\"PropertyValueSpecification\",\"valueRequired\":true,\"valueName\":\"search_term_string\"}}],\"inLanguage\":\"me-ME\"},{\"@type\":\"Organization\",\"@id\":\"https:\\\/\\\/www.evropskakuca.me\\\/me\\\/#organization\",\"name\":\"Evropean house\",\"url\":\"https:\\\/\\\/www.evropskakuca.me\\\/me\\\/\",\"logo\":{\"@type\":\"ImageObject\",\"inLanguage\":\"me-ME\",\"@id\":\"https:\\\/\\\/www.evropskakuca.me\\\/me\\\/#\\\/schema\\\/logo\\\/image\\\/\",\"url\":\"https:\\\/\\\/www.evropskakuca.me\\\/wp-content\\\/uploads\\\/2025\\\/01\\\/evropska-kuca-logo-1.png\",\"contentUrl\":\"https:\\\/\\\/www.evropskakuca.me\\\/wp-content\\\/uploads\\\/2025\\\/01\\\/evropska-kuca-logo-1.png\",\"width\":425,\"height\":312,\"caption\":\"Evropean house\"},\"image\":{\"@id\":\"https:\\\/\\\/www.evropskakuca.me\\\/me\\\/#\\\/schema\\\/logo\\\/image\\\/\"},\"sameAs\":[\"https:\\\/\\\/www.facebook.com\\\/evropska.kuca\",\"https:\\\/\\\/x.com\\\/evropska_kuca\",\"https:\\\/\\\/www.instagram.com\\\/evropska_kuca\"]},{\"@type\":\"Person\",\"@id\":\"https:\\\/\\\/www.evropskakuca.me\\\/me\\\/#\\\/schema\\\/person\\\/a1d0dcdaefe4a1cd1d60d200ea137ba4\",\"name\":\"mkajic\",\"image\":{\"@type\":\"ImageObject\",\"inLanguage\":\"me-ME\",\"@id\":\"https:\\\/\\\/secure.gravatar.com\\\/avatar\\\/731fa035cefab7316e6bafd1f25a93fb731a07de14e2d9923f8db4422628eabc?s=96&d=mm&r=g\",\"url\":\"https:\\\/\\\/secure.gravatar.com\\\/avatar\\\/731fa035cefab7316e6bafd1f25a93fb731a07de14e2d9923f8db4422628eabc?s=96&d=mm&r=g\",\"contentUrl\":\"https:\\\/\\\/secure.gravatar.com\\\/avatar\\\/731fa035cefab7316e6bafd1f25a93fb731a07de14e2d9923f8db4422628eabc?s=96&d=mm&r=g\",\"caption\":\"mkajic\"},\"sameAs\":[\"https:\\\/\\\/evropskakuca.me\"],\"url\":\"https:\\\/\\\/www.evropskakuca.me\\\/me\\\/author\\\/mkajic\\\/\"}]}<\/script>\n<!-- \/ Yoast SEO plugin. -->","yoast_head_json":{"title":"Ravnopravna, za\u0161ti\u0107ena, osna\u017eena? Stanje \u017eenskih prava u Crnoj Gori - Europe House","robots":{"index":"index","follow":"follow","max-snippet":"max-snippet:-1","max-image-preview":"max-image-preview:large","max-video-preview":"max-video-preview:-1"},"canonical":"https:\/\/www.evropskakuca.me\/me\/ravnopravna-zasticena-osnazena-stanje-zenskih-prava-u-crnoj-gori\/","og_locale":"en_US","og_type":"article","og_title":"Ravnopravna, za\u0161ti\u0107ena, osna\u017eena? Stanje \u017eenskih prava u Crnoj Gori - Europe House","og_description":"Javna debata u EU info centru povodom 100 godina obilje\u017eavanja Dana \u017eena u Crnoj Gori","og_url":"https:\/\/www.evropskakuca.me\/me\/ravnopravna-zasticena-osnazena-stanje-zenskih-prava-u-crnoj-gori\/","og_site_name":"Europe House","article_publisher":"https:\/\/www.facebook.com\/evropska.kuca","article_published_time":"2019-03-11T10:24:33+00:00","og_image":[{"width":1024,"height":683,"url":"https:\/\/www.evropskakuca.me\/wp-content\/uploads\/2019\/03\/Javna-debata-EU-info-centar-8-mart-1024x683.jpg","type":"image\/jpeg"}],"author":"mkajic","twitter_card":"summary_large_image","twitter_creator":"@evropska_kuca","twitter_site":"@evropska_kuca","twitter_misc":{"Written by":"mkajic","Est. reading time":"4 minutes"},"schema":{"@context":"https:\/\/schema.org","@graph":[{"@type":"Article","@id":"https:\/\/www.evropskakuca.me\/me\/ravnopravna-zasticena-osnazena-stanje-zenskih-prava-u-crnoj-gori\/#article","isPartOf":{"@id":"https:\/\/www.evropskakuca.me\/me\/ravnopravna-zasticena-osnazena-stanje-zenskih-prava-u-crnoj-gori\/"},"author":{"name":"mkajic","@id":"https:\/\/www.evropskakuca.me\/me\/#\/schema\/person\/a1d0dcdaefe4a1cd1d60d200ea137ba4"},"headline":"Ravnopravna, za\u0161ti\u0107ena, osna\u017eena? Stanje \u017eenskih prava u Crnoj Gori","datePublished":"2019-03-11T10:24:33+00:00","mainEntityOfPage":{"@id":"https:\/\/www.evropskakuca.me\/me\/ravnopravna-zasticena-osnazena-stanje-zenskih-prava-u-crnoj-gori\/"},"wordCount":836,"publisher":{"@id":"https:\/\/www.evropskakuca.me\/me\/#organization"},"image":{"@id":"https:\/\/www.evropskakuca.me\/me\/ravnopravna-zasticena-osnazena-stanje-zenskih-prava-u-crnoj-gori\/#primaryimage"},"thumbnailUrl":"https:\/\/www.evropskakuca.me\/wp-content\/uploads\/2019\/03\/Javna-debata-EU-info-centar-8-mart.jpg","articleSection":["Kampanje i eventi","Novosti","Uncategorized @me"],"inLanguage":"me-ME"},{"@type":"WebPage","@id":"https:\/\/www.evropskakuca.me\/me\/ravnopravna-zasticena-osnazena-stanje-zenskih-prava-u-crnoj-gori\/","url":"https:\/\/www.evropskakuca.me\/me\/ravnopravna-zasticena-osnazena-stanje-zenskih-prava-u-crnoj-gori\/","name":"Ravnopravna, za\u0161ti\u0107ena, osna\u017eena? Stanje \u017eenskih prava u Crnoj Gori - Europe House","isPartOf":{"@id":"https:\/\/www.evropskakuca.me\/me\/#website"},"primaryImageOfPage":{"@id":"https:\/\/www.evropskakuca.me\/me\/ravnopravna-zasticena-osnazena-stanje-zenskih-prava-u-crnoj-gori\/#primaryimage"},"image":{"@id":"https:\/\/www.evropskakuca.me\/me\/ravnopravna-zasticena-osnazena-stanje-zenskih-prava-u-crnoj-gori\/#primaryimage"},"thumbnailUrl":"https:\/\/www.evropskakuca.me\/wp-content\/uploads\/2019\/03\/Javna-debata-EU-info-centar-8-mart.jpg","datePublished":"2019-03-11T10:24:33+00:00","breadcrumb":{"@id":"https:\/\/www.evropskakuca.me\/me\/ravnopravna-zasticena-osnazena-stanje-zenskih-prava-u-crnoj-gori\/#breadcrumb"},"inLanguage":"me-ME","potentialAction":[{"@type":"ReadAction","target":["https:\/\/www.evropskakuca.me\/me\/ravnopravna-zasticena-osnazena-stanje-zenskih-prava-u-crnoj-gori\/"]}]},{"@type":"ImageObject","inLanguage":"me-ME","@id":"https:\/\/www.evropskakuca.me\/me\/ravnopravna-zasticena-osnazena-stanje-zenskih-prava-u-crnoj-gori\/#primaryimage","url":"https:\/\/www.evropskakuca.me\/wp-content\/uploads\/2019\/03\/Javna-debata-EU-info-centar-8-mart.jpg","contentUrl":"https:\/\/www.evropskakuca.me\/wp-content\/uploads\/2019\/03\/Javna-debata-EU-info-centar-8-mart.jpg","width":2500,"height":1667},{"@type":"BreadcrumbList","@id":"https:\/\/www.evropskakuca.me\/me\/ravnopravna-zasticena-osnazena-stanje-zenskih-prava-u-crnoj-gori\/#breadcrumb","itemListElement":[{"@type":"ListItem","position":1,"name":"Home","item":"https:\/\/www.evropskakuca.me\/me\/"},{"@type":"ListItem","position":2,"name":"Ravnopravna, za\u0161ti\u0107ena, osna\u017eena? Stanje \u017eenskih prava u Crnoj Gori"}]},{"@type":"WebSite","@id":"https:\/\/www.evropskakuca.me\/me\/#website","url":"https:\/\/www.evropskakuca.me\/me\/","name":"Evropean house","description":"","publisher":{"@id":"https:\/\/www.evropskakuca.me\/me\/#organization"},"potentialAction":[{"@type":"SearchAction","target":{"@type":"EntryPoint","urlTemplate":"https:\/\/www.evropskakuca.me\/me\/?s={search_term_string}"},"query-input":{"@type":"PropertyValueSpecification","valueRequired":true,"valueName":"search_term_string"}}],"inLanguage":"me-ME"},{"@type":"Organization","@id":"https:\/\/www.evropskakuca.me\/me\/#organization","name":"Evropean house","url":"https:\/\/www.evropskakuca.me\/me\/","logo":{"@type":"ImageObject","inLanguage":"me-ME","@id":"https:\/\/www.evropskakuca.me\/me\/#\/schema\/logo\/image\/","url":"https:\/\/www.evropskakuca.me\/wp-content\/uploads\/2025\/01\/evropska-kuca-logo-1.png","contentUrl":"https:\/\/www.evropskakuca.me\/wp-content\/uploads\/2025\/01\/evropska-kuca-logo-1.png","width":425,"height":312,"caption":"Evropean house"},"image":{"@id":"https:\/\/www.evropskakuca.me\/me\/#\/schema\/logo\/image\/"},"sameAs":["https:\/\/www.facebook.com\/evropska.kuca","https:\/\/x.com\/evropska_kuca","https:\/\/www.instagram.com\/evropska_kuca"]},{"@type":"Person","@id":"https:\/\/www.evropskakuca.me\/me\/#\/schema\/person\/a1d0dcdaefe4a1cd1d60d200ea137ba4","name":"mkajic","image":{"@type":"ImageObject","inLanguage":"me-ME","@id":"https:\/\/secure.gravatar.com\/avatar\/731fa035cefab7316e6bafd1f25a93fb731a07de14e2d9923f8db4422628eabc?s=96&d=mm&r=g","url":"https:\/\/secure.gravatar.com\/avatar\/731fa035cefab7316e6bafd1f25a93fb731a07de14e2d9923f8db4422628eabc?s=96&d=mm&r=g","contentUrl":"https:\/\/secure.gravatar.com\/avatar\/731fa035cefab7316e6bafd1f25a93fb731a07de14e2d9923f8db4422628eabc?s=96&d=mm&r=g","caption":"mkajic"},"sameAs":["https:\/\/evropskakuca.me"],"url":"https:\/\/www.evropskakuca.me\/me\/author\/mkajic\/"}]}},"_links":{"self":[{"href":"https:\/\/www.evropskakuca.me\/me\/wp-json\/wp\/v2\/posts\/6721","targetHints":{"allow":["GET"]}}],"collection":[{"href":"https:\/\/www.evropskakuca.me\/me\/wp-json\/wp\/v2\/posts"}],"about":[{"href":"https:\/\/www.evropskakuca.me\/me\/wp-json\/wp\/v2\/types\/post"}],"author":[{"embeddable":true,"href":"https:\/\/www.evropskakuca.me\/me\/wp-json\/wp\/v2\/users\/1"}],"replies":[{"embeddable":true,"href":"https:\/\/www.evropskakuca.me\/me\/wp-json\/wp\/v2\/comments?post=6721"}],"version-history":[{"count":0,"href":"https:\/\/www.evropskakuca.me\/me\/wp-json\/wp\/v2\/posts\/6721\/revisions"}],"wp:featuredmedia":[{"embeddable":true,"href":"https:\/\/www.evropskakuca.me\/me\/wp-json\/wp\/v2\/media\/34369"}],"wp:attachment":[{"href":"https:\/\/www.evropskakuca.me\/me\/wp-json\/wp\/v2\/media?parent=6721"}],"wp:term":[{"taxonomy":"category","embeddable":true,"href":"https:\/\/www.evropskakuca.me\/me\/wp-json\/wp\/v2\/categories?post=6721"},{"taxonomy":"post_tag","embeddable":true,"href":"https:\/\/www.evropskakuca.me\/me\/wp-json\/wp\/v2\/tags?post=6721"}],"curies":[{"name":"wp","href":"https:\/\/api.w.org\/{rel}","templated":true}]}}