{"id":6682,"date":"2019-02-26T10:31:57","date_gmt":"2019-02-26T10:31:57","guid":{"rendered":"http:\/\/www.evropskakuca.me\/me\/?p=6682"},"modified":"2019-02-26T10:31:57","modified_gmt":"2019-02-26T10:31:57","slug":"eu-launches-campaign-for-western-balkans-successful-individuals-europeans-making-a-difference","status":"publish","type":"post","link":"https:\/\/www.evropskakuca.me\/me\/eu-launches-campaign-for-western-balkans-successful-individuals-europeans-making-a-difference\/","title":{"rendered":"Kampanja Evropske unije o uspje\u0161nim Balkancima"},"content":{"rendered":"<p><a href=\"https:\/\/bit.ly\/2TIjOsx\"><strong>\u201eEvropljani koji \u010dine razliku\u201c<\/strong><\/a>\u00a0naziv je nove kampanje kojom Evropska unija svojim gra\u0111anima predstavlja vrijedne, talentovane i ostvarene pojednice iz zemalja Zapadnog Balkana. Evropljanin iz Crne Gore koji \u010dini razliku je <strong>Milo\u0161 Karadagli\u0107, trenutno jedan od najuspje\u0161nijih gitarista na svijetu. <\/strong><\/p>\n<p><em>\u201e<\/em><em>Kada iskreno volite ono \u0161to radite, onda je nebo granica\u201c<\/em>, po\u010dinje pri\u010du o uspjehu poznati crnogorski gitarista Milo\u0161 Karadagli\u0107. Zvuk gitare zavolio je kao osmoogodi\u0161njak, kada je, kako sam ka\u017ee, imao dileme da li da odustane jer je muzika previ\u0161e zahtijevala od njega. Odabrao je, ipak, da nastavi, i tada \u010dvrsto odlu\u010dio da postane najbolji muzi\u010dar. Prve note odsvirao je u Crnoj Gori, a danas njegovi albumi zauzimaju prva mjesta na svjetskim listama klasi\u010dne muzike.<\/p>\n<p><em>\u201eJako volim svoju zemlju <\/em><em>i uvijek sa ponosom ka\u017eem da sam iz Crne Gore. Tu sam proveo prvih \u0161esnaest godina \u017eivota, okru\u017een porodicom i prijateljima. Odrastanje u Crnoj Gori je za mene jako va\u017eno; tu sam postavio temlje za ono \u0161to sam danas postao\u201c<\/em>, ka\u017ee Milo\u0161.<\/p>\n<p>Iako je proputovao svijet sviraju\u0107i gitaru, za njega je Crna Gora ostala najljep\u0161a zemlja na svijetu. Evropskim prijateljima obja\u0161njava da je rijetkost na tako malom prostoru do\u017eivjeti toliko ljepote i raznolikosti, kao u Crnoj Gori.<\/p>\n<p><em>\u201eVjerujem da bi \u010dlanstvo u Evropskoj uniji bilo ostvarenje sna, jer ljudi u Crnoj Gori, svi moji prijatelji i porodica \u2013 mi ve\u0107 osje\u0107amo da pripadamo toj zajednici. Jako nam je va\u017eno da budemo dio evropske familije\u201c, dodaje Milo\u0161 i uz osmijeh poru\u010duje: \u201eBi\u0107u veoma sre\u0107an kada Crna Gora postane \u010dlanica Evropske unije\u201c.<\/em><\/p>\n<p><iframe title=\"Milo\u0161 Karadagli\u0107 - Europeans Making a Difference\" width=\"800\" height=\"450\" src=\"https:\/\/www.youtube.com\/embed\/4YZBXvwZhFQ?feature=oembed\" frameborder=\"0\" allow=\"accelerometer; autoplay; clipboard-write; encrypted-media; gyroscope; picture-in-picture; web-share\" referrerpolicy=\"strict-origin-when-cross-origin\" allowfullscreen><\/iframe><\/p>\n<p>Evropljani koji \u010dine razliku su i fudbaler Edin D\u017eeko iz Bosne i Hercegovine, glumica Hristina Popovi\u0107 iz Srbije, kuvar Altin Prenga iz Albanije, dizajnerka Krenare Rugova sa Kosova*<a href=\"#_ftn1\" name=\"_ftnref1\">[1]<\/a> i re\u017eiser Mil\u010do Man\u010devski iz Sjeverne Makedonije.<\/p>\n<p><strong>Edin D\u017eeko<\/strong> je prvi fudbaler koji je dao 50 golova u tri najja\u010de evropske fudbalske lige, kapiten je reprezentacije Bosne i Hercegovine, napada\u010d italijanske \u201eRome\u201c i ambasador UNICEF. Edin D\u017eeko je po\u010deo karijeru u poslijeratnom Sarajevu, a bogato profesionalno iskustvo sticao je \u0161utiraju\u0107i loptu na evropskim stadionima, od \u010ce\u0161ke do Njema\u010dke, Velike Birtanije i Italije.<\/p>\n<p><strong>Hristina Popovi\u0107<\/strong> je jedna od trenutno najpoznatijih srpskih glumica. Mo\u017ee se re\u0107i da je odrasla na sceni jer je prvu ulogu dobila ve\u0107 sa sedam godina. Postala je poznata glume\u0107i u filmu \u201eParada\u201c, koji je dobio pozitivne kritike evropske publike. Tako\u0111e, istakla se ulogama u pozori\u0161tu, a jedna od najboljih je u predstavi \u201e\u010cekaju\u0107i Godoa\u201c.<\/p>\n<p>Nakon nekoliko godina \u017eivota u Italiji,<strong> Altin Prega<\/strong> je odlu\u010dio da se vrati u Albaniju i osnuje restoran &#8220;Mrizi i zanave&#8221;. U srcu njegovog koncepta je albanska tradicija i ljubav prema prirodi. Prenga je zagovornik \u201eSlow Food\u201c pokreta: on sara\u0111uje sa 400 lokalnih proizvo\u0111a\u010da, kako bi za\u0161titio i popularizovao albansko kulinarsko naslje\u0111e.<\/p>\n<p>Profesionalni \u017eivot <strong>Krenare Rugove<\/strong> se odvija na relaciji Njujork-Pariz-Pri\u0161tina. Ova talentovana kosovska modna dizajnerka se nakon studija u inostranstvu vratila ku\u0107i, gdje je pokrenula\u00a0 sopstveni modni brend. Kombinuju\u0107i stare tehnike i tradiciju, Rugova stvara ekolo\u0161ke i avangardne komade garderobe.<\/p>\n<p>Ostvareni re\u017eiser iz Skoplja <strong>Mil\u010do Man\u010devski<\/strong> prikazao je svoja ostvarenja na preko 300 festivala \u0161irom svijeta. Za film \u201ePrije ki\u0161e\u201c osvojio je Zlatnog lava 1994. godine, nakon \u010dega je dobio jo\u0161 30 presti\u017enih nagrada. \u201eThe New York Times\u201c je uvrstio taj film na listu \u201e1.000 najboljih filmova svih vremena\u201c. Man\u010devski trenutno radi na svom \u0161estom filmu, koji \u0107e se zvati \u201eVrba\u201c.<\/p>\n<p><a href=\"#_ftnref1\" name=\"_ftn1\">[1]<\/a> * Ovaj naziv ne prejudicira status Kosova i u skladu je sa Rezolucijom Savjeta bezbjednosti UN 1244 i odlukom Me\u0111unarodnog suda pravde o kosovskoj deklaraciji o nezavisnosti<\/p>\n","protected":false},"excerpt":{"rendered":"<p>EVROPLJANI KOJI \u010cINE RAZLIKU: Milo\u0161 Karadagli\u0107 predstavlja Crnu Goru <\/p>\n","protected":false},"author":1,"featured_media":34331,"comment_status":"open","ping_status":"open","sticky":false,"template":"","format":"standard","meta":{"_acf_changed":false,"footnotes":""},"categories":[283],"tags":[],"class_list":["post-6682","post","type-post","status-publish","format-standard","has-post-thumbnail","hentry","category-novosti-me"],"acf":[],"yoast_head":"<!-- This site is optimized with the Yoast SEO plugin v27.3 - https:\/\/yoast.com\/product\/yoast-seo-wordpress\/ -->\n<title>Kampanja Evropske unije o uspje\u0161nim Balkancima - Europe House<\/title>\n<meta name=\"robots\" content=\"index, follow, max-snippet:-1, max-image-preview:large, max-video-preview:-1\" \/>\n<link rel=\"canonical\" href=\"https:\/\/www.evropskakuca.me\/me\/eu-launches-campaign-for-western-balkans-successful-individuals-europeans-making-a-difference\/\" \/>\n<meta property=\"og:locale\" content=\"en_US\" \/>\n<meta property=\"og:type\" content=\"article\" \/>\n<meta property=\"og:title\" content=\"Kampanja Evropske unije o uspje\u0161nim Balkancima - Europe House\" \/>\n<meta property=\"og:description\" content=\"EVROPLJANI KOJI \u010cINE RAZLIKU: Milo\u0161 Karadagli\u0107 predstavlja Crnu Goru\" \/>\n<meta property=\"og:url\" content=\"https:\/\/www.evropskakuca.me\/me\/eu-launches-campaign-for-western-balkans-successful-individuals-europeans-making-a-difference\/\" \/>\n<meta property=\"og:site_name\" content=\"Europe House\" \/>\n<meta property=\"article:publisher\" content=\"https:\/\/www.facebook.com\/evropska.kuca\" \/>\n<meta property=\"article:published_time\" content=\"2019-02-26T10:31:57+00:00\" \/>\n<meta property=\"og:image\" content=\"https:\/\/www.evropskakuca.me\/wp-content\/uploads\/2019\/02\/Evropljani-foto-1.jpg\" \/>\n\t<meta property=\"og:image:width\" content=\"1708\" \/>\n\t<meta property=\"og:image:height\" content=\"750\" \/>\n\t<meta property=\"og:image:type\" content=\"image\/jpeg\" \/>\n<meta name=\"author\" content=\"mkajic\" \/>\n<meta name=\"twitter:card\" content=\"summary_large_image\" \/>\n<meta name=\"twitter:creator\" content=\"@evropska_kuca\" \/>\n<meta name=\"twitter:site\" content=\"@evropska_kuca\" \/>\n<meta name=\"twitter:label1\" content=\"Written by\" \/>\n\t<meta name=\"twitter:data1\" content=\"mkajic\" \/>\n\t<meta name=\"twitter:label2\" content=\"Est. reading time\" \/>\n\t<meta name=\"twitter:data2\" content=\"3 minutes\" \/>\n<script type=\"application\/ld+json\" class=\"yoast-schema-graph\">{\"@context\":\"https:\\\/\\\/schema.org\",\"@graph\":[{\"@type\":\"Article\",\"@id\":\"https:\\\/\\\/www.evropskakuca.me\\\/me\\\/eu-launches-campaign-for-western-balkans-successful-individuals-europeans-making-a-difference\\\/#article\",\"isPartOf\":{\"@id\":\"https:\\\/\\\/www.evropskakuca.me\\\/me\\\/eu-launches-campaign-for-western-balkans-successful-individuals-europeans-making-a-difference\\\/\"},\"author\":{\"name\":\"mkajic\",\"@id\":\"https:\\\/\\\/www.evropskakuca.me\\\/me\\\/#\\\/schema\\\/person\\\/a1d0dcdaefe4a1cd1d60d200ea137ba4\"},\"headline\":\"Kampanja Evropske unije o uspje\u0161nim Balkancima\",\"datePublished\":\"2019-02-26T10:31:57+00:00\",\"mainEntityOfPage\":{\"@id\":\"https:\\\/\\\/www.evropskakuca.me\\\/me\\\/eu-launches-campaign-for-western-balkans-successful-individuals-europeans-making-a-difference\\\/\"},\"wordCount\":637,\"commentCount\":0,\"publisher\":{\"@id\":\"https:\\\/\\\/www.evropskakuca.me\\\/me\\\/#organization\"},\"image\":{\"@id\":\"https:\\\/\\\/www.evropskakuca.me\\\/me\\\/eu-launches-campaign-for-western-balkans-successful-individuals-europeans-making-a-difference\\\/#primaryimage\"},\"thumbnailUrl\":\"https:\\\/\\\/www.evropskakuca.me\\\/wp-content\\\/uploads\\\/2019\\\/02\\\/Evropljani-foto-1.jpg\",\"articleSection\":[\"Novosti\"],\"inLanguage\":\"me-ME\",\"potentialAction\":[{\"@type\":\"CommentAction\",\"name\":\"Comment\",\"target\":[\"https:\\\/\\\/www.evropskakuca.me\\\/me\\\/eu-launches-campaign-for-western-balkans-successful-individuals-europeans-making-a-difference\\\/#respond\"]}]},{\"@type\":\"WebPage\",\"@id\":\"https:\\\/\\\/www.evropskakuca.me\\\/me\\\/eu-launches-campaign-for-western-balkans-successful-individuals-europeans-making-a-difference\\\/\",\"url\":\"https:\\\/\\\/www.evropskakuca.me\\\/me\\\/eu-launches-campaign-for-western-balkans-successful-individuals-europeans-making-a-difference\\\/\",\"name\":\"Kampanja Evropske unije o uspje\u0161nim Balkancima - Europe House\",\"isPartOf\":{\"@id\":\"https:\\\/\\\/www.evropskakuca.me\\\/me\\\/#website\"},\"primaryImageOfPage\":{\"@id\":\"https:\\\/\\\/www.evropskakuca.me\\\/me\\\/eu-launches-campaign-for-western-balkans-successful-individuals-europeans-making-a-difference\\\/#primaryimage\"},\"image\":{\"@id\":\"https:\\\/\\\/www.evropskakuca.me\\\/me\\\/eu-launches-campaign-for-western-balkans-successful-individuals-europeans-making-a-difference\\\/#primaryimage\"},\"thumbnailUrl\":\"https:\\\/\\\/www.evropskakuca.me\\\/wp-content\\\/uploads\\\/2019\\\/02\\\/Evropljani-foto-1.jpg\",\"datePublished\":\"2019-02-26T10:31:57+00:00\",\"breadcrumb\":{\"@id\":\"https:\\\/\\\/www.evropskakuca.me\\\/me\\\/eu-launches-campaign-for-western-balkans-successful-individuals-europeans-making-a-difference\\\/#breadcrumb\"},\"inLanguage\":\"me-ME\",\"potentialAction\":[{\"@type\":\"ReadAction\",\"target\":[\"https:\\\/\\\/www.evropskakuca.me\\\/me\\\/eu-launches-campaign-for-western-balkans-successful-individuals-europeans-making-a-difference\\\/\"]}]},{\"@type\":\"ImageObject\",\"inLanguage\":\"me-ME\",\"@id\":\"https:\\\/\\\/www.evropskakuca.me\\\/me\\\/eu-launches-campaign-for-western-balkans-successful-individuals-europeans-making-a-difference\\\/#primaryimage\",\"url\":\"https:\\\/\\\/www.evropskakuca.me\\\/wp-content\\\/uploads\\\/2019\\\/02\\\/Evropljani-foto-1.jpg\",\"contentUrl\":\"https:\\\/\\\/www.evropskakuca.me\\\/wp-content\\\/uploads\\\/2019\\\/02\\\/Evropljani-foto-1.jpg\",\"width\":1708,\"height\":750},{\"@type\":\"BreadcrumbList\",\"@id\":\"https:\\\/\\\/www.evropskakuca.me\\\/me\\\/eu-launches-campaign-for-western-balkans-successful-individuals-europeans-making-a-difference\\\/#breadcrumb\",\"itemListElement\":[{\"@type\":\"ListItem\",\"position\":1,\"name\":\"Home\",\"item\":\"https:\\\/\\\/www.evropskakuca.me\\\/me\\\/\"},{\"@type\":\"ListItem\",\"position\":2,\"name\":\"Kampanja Evropske unije o uspje\u0161nim Balkancima\"}]},{\"@type\":\"WebSite\",\"@id\":\"https:\\\/\\\/www.evropskakuca.me\\\/me\\\/#website\",\"url\":\"https:\\\/\\\/www.evropskakuca.me\\\/me\\\/\",\"name\":\"Evropean house\",\"description\":\"\",\"publisher\":{\"@id\":\"https:\\\/\\\/www.evropskakuca.me\\\/me\\\/#organization\"},\"potentialAction\":[{\"@type\":\"SearchAction\",\"target\":{\"@type\":\"EntryPoint\",\"urlTemplate\":\"https:\\\/\\\/www.evropskakuca.me\\\/me\\\/?s={search_term_string}\"},\"query-input\":{\"@type\":\"PropertyValueSpecification\",\"valueRequired\":true,\"valueName\":\"search_term_string\"}}],\"inLanguage\":\"me-ME\"},{\"@type\":\"Organization\",\"@id\":\"https:\\\/\\\/www.evropskakuca.me\\\/me\\\/#organization\",\"name\":\"Evropean house\",\"url\":\"https:\\\/\\\/www.evropskakuca.me\\\/me\\\/\",\"logo\":{\"@type\":\"ImageObject\",\"inLanguage\":\"me-ME\",\"@id\":\"https:\\\/\\\/www.evropskakuca.me\\\/me\\\/#\\\/schema\\\/logo\\\/image\\\/\",\"url\":\"https:\\\/\\\/www.evropskakuca.me\\\/wp-content\\\/uploads\\\/2025\\\/01\\\/evropska-kuca-logo-1.png\",\"contentUrl\":\"https:\\\/\\\/www.evropskakuca.me\\\/wp-content\\\/uploads\\\/2025\\\/01\\\/evropska-kuca-logo-1.png\",\"width\":425,\"height\":312,\"caption\":\"Evropean house\"},\"image\":{\"@id\":\"https:\\\/\\\/www.evropskakuca.me\\\/me\\\/#\\\/schema\\\/logo\\\/image\\\/\"},\"sameAs\":[\"https:\\\/\\\/www.facebook.com\\\/evropska.kuca\",\"https:\\\/\\\/x.com\\\/evropska_kuca\",\"https:\\\/\\\/www.instagram.com\\\/evropska_kuca\"]},{\"@type\":\"Person\",\"@id\":\"https:\\\/\\\/www.evropskakuca.me\\\/me\\\/#\\\/schema\\\/person\\\/a1d0dcdaefe4a1cd1d60d200ea137ba4\",\"name\":\"mkajic\",\"image\":{\"@type\":\"ImageObject\",\"inLanguage\":\"me-ME\",\"@id\":\"https:\\\/\\\/secure.gravatar.com\\\/avatar\\\/731fa035cefab7316e6bafd1f25a93fb731a07de14e2d9923f8db4422628eabc?s=96&d=mm&r=g\",\"url\":\"https:\\\/\\\/secure.gravatar.com\\\/avatar\\\/731fa035cefab7316e6bafd1f25a93fb731a07de14e2d9923f8db4422628eabc?s=96&d=mm&r=g\",\"contentUrl\":\"https:\\\/\\\/secure.gravatar.com\\\/avatar\\\/731fa035cefab7316e6bafd1f25a93fb731a07de14e2d9923f8db4422628eabc?s=96&d=mm&r=g\",\"caption\":\"mkajic\"},\"sameAs\":[\"https:\\\/\\\/evropskakuca.me\"],\"url\":\"https:\\\/\\\/www.evropskakuca.me\\\/me\\\/author\\\/mkajic\\\/\"}]}<\/script>\n<!-- \/ Yoast SEO plugin. -->","yoast_head_json":{"title":"Kampanja Evropske unije o uspje\u0161nim Balkancima - Europe House","robots":{"index":"index","follow":"follow","max-snippet":"max-snippet:-1","max-image-preview":"max-image-preview:large","max-video-preview":"max-video-preview:-1"},"canonical":"https:\/\/www.evropskakuca.me\/me\/eu-launches-campaign-for-western-balkans-successful-individuals-europeans-making-a-difference\/","og_locale":"en_US","og_type":"article","og_title":"Kampanja Evropske unije o uspje\u0161nim Balkancima - Europe House","og_description":"EVROPLJANI KOJI \u010cINE RAZLIKU: Milo\u0161 Karadagli\u0107 predstavlja Crnu Goru","og_url":"https:\/\/www.evropskakuca.me\/me\/eu-launches-campaign-for-western-balkans-successful-individuals-europeans-making-a-difference\/","og_site_name":"Europe House","article_publisher":"https:\/\/www.facebook.com\/evropska.kuca","article_published_time":"2019-02-26T10:31:57+00:00","og_image":[{"width":1708,"height":750,"url":"https:\/\/www.evropskakuca.me\/wp-content\/uploads\/2019\/02\/Evropljani-foto-1.jpg","type":"image\/jpeg"}],"author":"mkajic","twitter_card":"summary_large_image","twitter_creator":"@evropska_kuca","twitter_site":"@evropska_kuca","twitter_misc":{"Written by":"mkajic","Est. reading time":"3 minutes"},"schema":{"@context":"https:\/\/schema.org","@graph":[{"@type":"Article","@id":"https:\/\/www.evropskakuca.me\/me\/eu-launches-campaign-for-western-balkans-successful-individuals-europeans-making-a-difference\/#article","isPartOf":{"@id":"https:\/\/www.evropskakuca.me\/me\/eu-launches-campaign-for-western-balkans-successful-individuals-europeans-making-a-difference\/"},"author":{"name":"mkajic","@id":"https:\/\/www.evropskakuca.me\/me\/#\/schema\/person\/a1d0dcdaefe4a1cd1d60d200ea137ba4"},"headline":"Kampanja Evropske unije o uspje\u0161nim Balkancima","datePublished":"2019-02-26T10:31:57+00:00","mainEntityOfPage":{"@id":"https:\/\/www.evropskakuca.me\/me\/eu-launches-campaign-for-western-balkans-successful-individuals-europeans-making-a-difference\/"},"wordCount":637,"commentCount":0,"publisher":{"@id":"https:\/\/www.evropskakuca.me\/me\/#organization"},"image":{"@id":"https:\/\/www.evropskakuca.me\/me\/eu-launches-campaign-for-western-balkans-successful-individuals-europeans-making-a-difference\/#primaryimage"},"thumbnailUrl":"https:\/\/www.evropskakuca.me\/wp-content\/uploads\/2019\/02\/Evropljani-foto-1.jpg","articleSection":["Novosti"],"inLanguage":"me-ME","potentialAction":[{"@type":"CommentAction","name":"Comment","target":["https:\/\/www.evropskakuca.me\/me\/eu-launches-campaign-for-western-balkans-successful-individuals-europeans-making-a-difference\/#respond"]}]},{"@type":"WebPage","@id":"https:\/\/www.evropskakuca.me\/me\/eu-launches-campaign-for-western-balkans-successful-individuals-europeans-making-a-difference\/","url":"https:\/\/www.evropskakuca.me\/me\/eu-launches-campaign-for-western-balkans-successful-individuals-europeans-making-a-difference\/","name":"Kampanja Evropske unije o uspje\u0161nim Balkancima - Europe House","isPartOf":{"@id":"https:\/\/www.evropskakuca.me\/me\/#website"},"primaryImageOfPage":{"@id":"https:\/\/www.evropskakuca.me\/me\/eu-launches-campaign-for-western-balkans-successful-individuals-europeans-making-a-difference\/#primaryimage"},"image":{"@id":"https:\/\/www.evropskakuca.me\/me\/eu-launches-campaign-for-western-balkans-successful-individuals-europeans-making-a-difference\/#primaryimage"},"thumbnailUrl":"https:\/\/www.evropskakuca.me\/wp-content\/uploads\/2019\/02\/Evropljani-foto-1.jpg","datePublished":"2019-02-26T10:31:57+00:00","breadcrumb":{"@id":"https:\/\/www.evropskakuca.me\/me\/eu-launches-campaign-for-western-balkans-successful-individuals-europeans-making-a-difference\/#breadcrumb"},"inLanguage":"me-ME","potentialAction":[{"@type":"ReadAction","target":["https:\/\/www.evropskakuca.me\/me\/eu-launches-campaign-for-western-balkans-successful-individuals-europeans-making-a-difference\/"]}]},{"@type":"ImageObject","inLanguage":"me-ME","@id":"https:\/\/www.evropskakuca.me\/me\/eu-launches-campaign-for-western-balkans-successful-individuals-europeans-making-a-difference\/#primaryimage","url":"https:\/\/www.evropskakuca.me\/wp-content\/uploads\/2019\/02\/Evropljani-foto-1.jpg","contentUrl":"https:\/\/www.evropskakuca.me\/wp-content\/uploads\/2019\/02\/Evropljani-foto-1.jpg","width":1708,"height":750},{"@type":"BreadcrumbList","@id":"https:\/\/www.evropskakuca.me\/me\/eu-launches-campaign-for-western-balkans-successful-individuals-europeans-making-a-difference\/#breadcrumb","itemListElement":[{"@type":"ListItem","position":1,"name":"Home","item":"https:\/\/www.evropskakuca.me\/me\/"},{"@type":"ListItem","position":2,"name":"Kampanja Evropske unije o uspje\u0161nim Balkancima"}]},{"@type":"WebSite","@id":"https:\/\/www.evropskakuca.me\/me\/#website","url":"https:\/\/www.evropskakuca.me\/me\/","name":"Evropean house","description":"","publisher":{"@id":"https:\/\/www.evropskakuca.me\/me\/#organization"},"potentialAction":[{"@type":"SearchAction","target":{"@type":"EntryPoint","urlTemplate":"https:\/\/www.evropskakuca.me\/me\/?s={search_term_string}"},"query-input":{"@type":"PropertyValueSpecification","valueRequired":true,"valueName":"search_term_string"}}],"inLanguage":"me-ME"},{"@type":"Organization","@id":"https:\/\/www.evropskakuca.me\/me\/#organization","name":"Evropean house","url":"https:\/\/www.evropskakuca.me\/me\/","logo":{"@type":"ImageObject","inLanguage":"me-ME","@id":"https:\/\/www.evropskakuca.me\/me\/#\/schema\/logo\/image\/","url":"https:\/\/www.evropskakuca.me\/wp-content\/uploads\/2025\/01\/evropska-kuca-logo-1.png","contentUrl":"https:\/\/www.evropskakuca.me\/wp-content\/uploads\/2025\/01\/evropska-kuca-logo-1.png","width":425,"height":312,"caption":"Evropean house"},"image":{"@id":"https:\/\/www.evropskakuca.me\/me\/#\/schema\/logo\/image\/"},"sameAs":["https:\/\/www.facebook.com\/evropska.kuca","https:\/\/x.com\/evropska_kuca","https:\/\/www.instagram.com\/evropska_kuca"]},{"@type":"Person","@id":"https:\/\/www.evropskakuca.me\/me\/#\/schema\/person\/a1d0dcdaefe4a1cd1d60d200ea137ba4","name":"mkajic","image":{"@type":"ImageObject","inLanguage":"me-ME","@id":"https:\/\/secure.gravatar.com\/avatar\/731fa035cefab7316e6bafd1f25a93fb731a07de14e2d9923f8db4422628eabc?s=96&d=mm&r=g","url":"https:\/\/secure.gravatar.com\/avatar\/731fa035cefab7316e6bafd1f25a93fb731a07de14e2d9923f8db4422628eabc?s=96&d=mm&r=g","contentUrl":"https:\/\/secure.gravatar.com\/avatar\/731fa035cefab7316e6bafd1f25a93fb731a07de14e2d9923f8db4422628eabc?s=96&d=mm&r=g","caption":"mkajic"},"sameAs":["https:\/\/evropskakuca.me"],"url":"https:\/\/www.evropskakuca.me\/me\/author\/mkajic\/"}]}},"_links":{"self":[{"href":"https:\/\/www.evropskakuca.me\/me\/wp-json\/wp\/v2\/posts\/6682","targetHints":{"allow":["GET"]}}],"collection":[{"href":"https:\/\/www.evropskakuca.me\/me\/wp-json\/wp\/v2\/posts"}],"about":[{"href":"https:\/\/www.evropskakuca.me\/me\/wp-json\/wp\/v2\/types\/post"}],"author":[{"embeddable":true,"href":"https:\/\/www.evropskakuca.me\/me\/wp-json\/wp\/v2\/users\/1"}],"replies":[{"embeddable":true,"href":"https:\/\/www.evropskakuca.me\/me\/wp-json\/wp\/v2\/comments?post=6682"}],"version-history":[{"count":0,"href":"https:\/\/www.evropskakuca.me\/me\/wp-json\/wp\/v2\/posts\/6682\/revisions"}],"wp:featuredmedia":[{"embeddable":true,"href":"https:\/\/www.evropskakuca.me\/me\/wp-json\/wp\/v2\/media\/34331"}],"wp:attachment":[{"href":"https:\/\/www.evropskakuca.me\/me\/wp-json\/wp\/v2\/media?parent=6682"}],"wp:term":[{"taxonomy":"category","embeddable":true,"href":"https:\/\/www.evropskakuca.me\/me\/wp-json\/wp\/v2\/categories?post=6682"},{"taxonomy":"post_tag","embeddable":true,"href":"https:\/\/www.evropskakuca.me\/me\/wp-json\/wp\/v2\/tags?post=6682"}],"curies":[{"name":"wp","href":"https:\/\/api.w.org\/{rel}","templated":true}]}}