{"id":6612,"date":"2019-02-08T14:42:34","date_gmt":"2019-02-08T14:42:34","guid":{"rendered":"http:\/\/www.evropskakuca.me\/me\/?p=6612"},"modified":"2019-02-08T14:42:34","modified_gmt":"2019-02-08T14:42:34","slug":"ka-boljoj-zastiti-licnih-podataka-i-slobodnom-pristupu-informacijama-u-crnoj-gori","status":"publish","type":"post","link":"https:\/\/www.evropskakuca.me\/me\/ka-boljoj-zastiti-licnih-podataka-i-slobodnom-pristupu-informacijama-u-crnoj-gori\/","title":{"rendered":"Ka boljoj za\u0161titi li\u010dnih podataka i slobodnom pristupu informacijama u Crnoj Gori"},"content":{"rendered":"<p>Rezultati uspje\u0161no zavr\u0161enog \u0161estomjese\u010dnog EU Twinning light projekta \u201eJa\u010danje kapaciteta Agencije za za\u0161titu li\u010dnih podataka i slobodan pristup informacijama&#8221; predstavljeni su u EU info centru. Projekat, koji je Evropska unija finansirala sa 250.000 eura, sproveli su Povjerenik za informiranje Republike Hrvatske u saradnji sa Agencijom za za\u0161titu li\u010dnih podataka i slobodan pristup informacijama Crne Gore, sa ciljem pobolj\u0161anja sistema i unapre\u0111enja ostvarivanja prava na slobodan pristup informacijama u Crnoj Gori.<\/p>\n<p>U svom pozdravnom govoru Herman \u0160pic, \u0161ef Sektora za saradnju Delegacije Evropske unije u Crnoj Gori, naglasio je da Delegacija Evropske unije u Crnoj Gori, podr\u017eava reformu javne uprave ne samo kroz ovaj projekat ve\u0107 i kroz druge projekte u Crnoj Gori, posebno isti\u010du\u0107i sektorsku bud\u017eetsku pomo\u0107 koja je Vladi Crne Gore upla\u0107ena u decembru 2018. godine kroz prvu tran\u0161u u iznosu od 4 miliona eura, te da \u0107e upravo ova pomo\u0107 biti usmjerena, izme\u0111u ostalog, i rje\u0161avanju postoje\u0107eg problema \u0107utanja administracije u Crnoj Gori.<\/p>\n<p>Hrvatski eksperti su odr\u017eali niz treninga za slu\u017ebenike Agencije i za inspektore o primjeni odredaba Zakona o slobodnom pristupu informacijama. Ukupno 5 predstavnika Agencije za za\u0161titu li\u010dnih podataka i slobodan pristup informacijama u\u010destvovali su u studijskoj posjeti Republici Hrvatskoj gdje su nau\u010dili vi\u0161e o praksi ove zemlje pri implementaciji Zakona o slobodnom pristupu informacijama, portalu otvorenih podataka, ponovnoj upotrebi podataka (re-use) i postupanju po slu\u010dajevima \u0107utanja administracije.<\/p>\n<p>Dubravka Bevandi\u0107<strong>, <\/strong>voditeljica slu\u017ebe za za\u0161titu prava na pristup informacijama u Hrvatskoj<strong>, <\/strong>ukazala je da je op\u0161ti rezultat projekta bio ja\u010danje efikasnosti sistema\u00a0ostvarivanja prava na slobodan pristup informacijama u Crnoj Gori, u skladu s EU standardima i dobrom me\u0111unarodnom praksom.<\/p>\n<p>\u201cSpecifi\u010dan cilj je bio \u00a0smanjiti\u00a0broj slu\u010dajeva \u0107utanja uprave od strane prvostepenih organa, i broja poni\u0161tenih odluka Savjeta Agencije za za\u0161titu li\u010dnih podataka i slobodan pristup informacijama\u00a0od strane Upravnog suda kao rezultat pravilne implementacije Zakona o slobodnom pristupu informacijama i Zakona o upravnom postupku prvostepenih i drugostepenih organa\u201c, kazala je Bevandi\u0107.<\/p>\n<p>U sklopu ovog projekta izra\u0111en je priru\u010dnik za prvostepene organe\u00a0 i drugostepeni organ za pomo\u0107 pri odlu\u010divanju o zahtjevima za slobodan pristup informacijama, sa prijedlogom izmjena relevantnog zakonskog okvira. Podr\u0161ka je tako\u0111e pru\u017eena pri uspostavljanju registra javnih organa prvog stepena sa svrhom olak\u0161avanja podno\u0161enja zahtjeva od strane gra\u0111ana, te kroz elaborat sistema sa ciljem identifikovanja i ograni\u010davanja zloupotrebe slobodnog pristupa informacijama.<\/p>\n<p>Kao zna\u010dajan rezultat ovog projekta, Agencija za za\u0161titu li\u010dnih podataka i slobodan pristup informacijama radi\u0107e na\u00a0 proaktivnoj objavi informacija i podataka prvostepenih organa na Portalu otvorenih podataka.<\/p>\n","protected":false},"excerpt":{"rendered":"<p>Podr\u0161ka Evropske unije<\/p>\n","protected":false},"author":1,"featured_media":34361,"comment_status":"open","ping_status":"open","sticky":false,"template":"","format":"standard","meta":{"_acf_changed":false,"footnotes":""},"categories":[283],"tags":[],"class_list":["post-6612","post","type-post","status-publish","format-standard","has-post-thumbnail","hentry","category-novosti-me"],"acf":[],"yoast_head":"<!-- This site is optimized with the Yoast SEO plugin v27.3 - https:\/\/yoast.com\/product\/yoast-seo-wordpress\/ -->\n<title>Ka boljoj za\u0161titi li\u010dnih podataka i slobodnom pristupu informacijama u Crnoj Gori - Europe House<\/title>\n<meta name=\"robots\" content=\"index, follow, max-snippet:-1, max-image-preview:large, max-video-preview:-1\" \/>\n<link rel=\"canonical\" href=\"https:\/\/www.evropskakuca.me\/me\/ka-boljoj-zastiti-licnih-podataka-i-slobodnom-pristupu-informacijama-u-crnoj-gori\/\" \/>\n<meta property=\"og:locale\" content=\"en_US\" \/>\n<meta property=\"og:type\" content=\"article\" \/>\n<meta property=\"og:title\" content=\"Ka boljoj za\u0161titi li\u010dnih podataka i slobodnom pristupu informacijama u Crnoj Gori - Europe House\" \/>\n<meta property=\"og:description\" content=\"Podr\u0161ka Evropske unije\" \/>\n<meta property=\"og:url\" content=\"https:\/\/www.evropskakuca.me\/me\/ka-boljoj-zastiti-licnih-podataka-i-slobodnom-pristupu-informacijama-u-crnoj-gori\/\" \/>\n<meta property=\"og:site_name\" content=\"Europe House\" \/>\n<meta property=\"article:publisher\" content=\"https:\/\/www.facebook.com\/evropska.kuca\" \/>\n<meta property=\"article:published_time\" content=\"2019-02-08T14:42:34+00:00\" \/>\n<meta property=\"og:image\" content=\"https:\/\/www.evropskakuca.me\/wp-content\/uploads\/2019\/02\/tvining.jpg\" \/>\n\t<meta property=\"og:image:width\" content=\"1000\" \/>\n\t<meta property=\"og:image:height\" content=\"555\" \/>\n\t<meta property=\"og:image:type\" content=\"image\/jpeg\" \/>\n<meta name=\"author\" content=\"mkajic\" \/>\n<meta name=\"twitter:card\" content=\"summary_large_image\" \/>\n<meta name=\"twitter:creator\" content=\"@evropska_kuca\" \/>\n<meta name=\"twitter:site\" content=\"@evropska_kuca\" \/>\n<meta name=\"twitter:label1\" content=\"Written by\" \/>\n\t<meta name=\"twitter:data1\" content=\"mkajic\" \/>\n\t<meta name=\"twitter:label2\" content=\"Est. reading time\" \/>\n\t<meta name=\"twitter:data2\" content=\"2 minutes\" \/>\n<script type=\"application\/ld+json\" class=\"yoast-schema-graph\">{\"@context\":\"https:\\\/\\\/schema.org\",\"@graph\":[{\"@type\":\"Article\",\"@id\":\"https:\\\/\\\/www.evropskakuca.me\\\/me\\\/ka-boljoj-zastiti-licnih-podataka-i-slobodnom-pristupu-informacijama-u-crnoj-gori\\\/#article\",\"isPartOf\":{\"@id\":\"https:\\\/\\\/www.evropskakuca.me\\\/me\\\/ka-boljoj-zastiti-licnih-podataka-i-slobodnom-pristupu-informacijama-u-crnoj-gori\\\/\"},\"author\":{\"name\":\"mkajic\",\"@id\":\"https:\\\/\\\/www.evropskakuca.me\\\/me\\\/#\\\/schema\\\/person\\\/a1d0dcdaefe4a1cd1d60d200ea137ba4\"},\"headline\":\"Ka boljoj za\u0161titi li\u010dnih podataka i slobodnom pristupu informacijama u Crnoj Gori\",\"datePublished\":\"2019-02-08T14:42:34+00:00\",\"mainEntityOfPage\":{\"@id\":\"https:\\\/\\\/www.evropskakuca.me\\\/me\\\/ka-boljoj-zastiti-licnih-podataka-i-slobodnom-pristupu-informacijama-u-crnoj-gori\\\/\"},\"wordCount\":464,\"commentCount\":0,\"publisher\":{\"@id\":\"https:\\\/\\\/www.evropskakuca.me\\\/me\\\/#organization\"},\"image\":{\"@id\":\"https:\\\/\\\/www.evropskakuca.me\\\/me\\\/ka-boljoj-zastiti-licnih-podataka-i-slobodnom-pristupu-informacijama-u-crnoj-gori\\\/#primaryimage\"},\"thumbnailUrl\":\"https:\\\/\\\/www.evropskakuca.me\\\/wp-content\\\/uploads\\\/2019\\\/02\\\/tvining.jpg\",\"articleSection\":[\"Novosti\"],\"inLanguage\":\"me-ME\",\"potentialAction\":[{\"@type\":\"CommentAction\",\"name\":\"Comment\",\"target\":[\"https:\\\/\\\/www.evropskakuca.me\\\/me\\\/ka-boljoj-zastiti-licnih-podataka-i-slobodnom-pristupu-informacijama-u-crnoj-gori\\\/#respond\"]}]},{\"@type\":\"WebPage\",\"@id\":\"https:\\\/\\\/www.evropskakuca.me\\\/me\\\/ka-boljoj-zastiti-licnih-podataka-i-slobodnom-pristupu-informacijama-u-crnoj-gori\\\/\",\"url\":\"https:\\\/\\\/www.evropskakuca.me\\\/me\\\/ka-boljoj-zastiti-licnih-podataka-i-slobodnom-pristupu-informacijama-u-crnoj-gori\\\/\",\"name\":\"Ka boljoj za\u0161titi li\u010dnih podataka i slobodnom pristupu informacijama u Crnoj Gori - Europe House\",\"isPartOf\":{\"@id\":\"https:\\\/\\\/www.evropskakuca.me\\\/me\\\/#website\"},\"primaryImageOfPage\":{\"@id\":\"https:\\\/\\\/www.evropskakuca.me\\\/me\\\/ka-boljoj-zastiti-licnih-podataka-i-slobodnom-pristupu-informacijama-u-crnoj-gori\\\/#primaryimage\"},\"image\":{\"@id\":\"https:\\\/\\\/www.evropskakuca.me\\\/me\\\/ka-boljoj-zastiti-licnih-podataka-i-slobodnom-pristupu-informacijama-u-crnoj-gori\\\/#primaryimage\"},\"thumbnailUrl\":\"https:\\\/\\\/www.evropskakuca.me\\\/wp-content\\\/uploads\\\/2019\\\/02\\\/tvining.jpg\",\"datePublished\":\"2019-02-08T14:42:34+00:00\",\"breadcrumb\":{\"@id\":\"https:\\\/\\\/www.evropskakuca.me\\\/me\\\/ka-boljoj-zastiti-licnih-podataka-i-slobodnom-pristupu-informacijama-u-crnoj-gori\\\/#breadcrumb\"},\"inLanguage\":\"me-ME\",\"potentialAction\":[{\"@type\":\"ReadAction\",\"target\":[\"https:\\\/\\\/www.evropskakuca.me\\\/me\\\/ka-boljoj-zastiti-licnih-podataka-i-slobodnom-pristupu-informacijama-u-crnoj-gori\\\/\"]}]},{\"@type\":\"ImageObject\",\"inLanguage\":\"me-ME\",\"@id\":\"https:\\\/\\\/www.evropskakuca.me\\\/me\\\/ka-boljoj-zastiti-licnih-podataka-i-slobodnom-pristupu-informacijama-u-crnoj-gori\\\/#primaryimage\",\"url\":\"https:\\\/\\\/www.evropskakuca.me\\\/wp-content\\\/uploads\\\/2019\\\/02\\\/tvining.jpg\",\"contentUrl\":\"https:\\\/\\\/www.evropskakuca.me\\\/wp-content\\\/uploads\\\/2019\\\/02\\\/tvining.jpg\",\"width\":1000,\"height\":555},{\"@type\":\"BreadcrumbList\",\"@id\":\"https:\\\/\\\/www.evropskakuca.me\\\/me\\\/ka-boljoj-zastiti-licnih-podataka-i-slobodnom-pristupu-informacijama-u-crnoj-gori\\\/#breadcrumb\",\"itemListElement\":[{\"@type\":\"ListItem\",\"position\":1,\"name\":\"Home\",\"item\":\"https:\\\/\\\/www.evropskakuca.me\\\/me\\\/\"},{\"@type\":\"ListItem\",\"position\":2,\"name\":\"Ka boljoj za\u0161titi li\u010dnih podataka i slobodnom pristupu informacijama u Crnoj Gori\"}]},{\"@type\":\"WebSite\",\"@id\":\"https:\\\/\\\/www.evropskakuca.me\\\/me\\\/#website\",\"url\":\"https:\\\/\\\/www.evropskakuca.me\\\/me\\\/\",\"name\":\"Evropean house\",\"description\":\"\",\"publisher\":{\"@id\":\"https:\\\/\\\/www.evropskakuca.me\\\/me\\\/#organization\"},\"potentialAction\":[{\"@type\":\"SearchAction\",\"target\":{\"@type\":\"EntryPoint\",\"urlTemplate\":\"https:\\\/\\\/www.evropskakuca.me\\\/me\\\/?s={search_term_string}\"},\"query-input\":{\"@type\":\"PropertyValueSpecification\",\"valueRequired\":true,\"valueName\":\"search_term_string\"}}],\"inLanguage\":\"me-ME\"},{\"@type\":\"Organization\",\"@id\":\"https:\\\/\\\/www.evropskakuca.me\\\/me\\\/#organization\",\"name\":\"Evropean house\",\"url\":\"https:\\\/\\\/www.evropskakuca.me\\\/me\\\/\",\"logo\":{\"@type\":\"ImageObject\",\"inLanguage\":\"me-ME\",\"@id\":\"https:\\\/\\\/www.evropskakuca.me\\\/me\\\/#\\\/schema\\\/logo\\\/image\\\/\",\"url\":\"https:\\\/\\\/www.evropskakuca.me\\\/wp-content\\\/uploads\\\/2025\\\/01\\\/evropska-kuca-logo-1.png\",\"contentUrl\":\"https:\\\/\\\/www.evropskakuca.me\\\/wp-content\\\/uploads\\\/2025\\\/01\\\/evropska-kuca-logo-1.png\",\"width\":425,\"height\":312,\"caption\":\"Evropean house\"},\"image\":{\"@id\":\"https:\\\/\\\/www.evropskakuca.me\\\/me\\\/#\\\/schema\\\/logo\\\/image\\\/\"},\"sameAs\":[\"https:\\\/\\\/www.facebook.com\\\/evropska.kuca\",\"https:\\\/\\\/x.com\\\/evropska_kuca\",\"https:\\\/\\\/www.instagram.com\\\/evropska_kuca\"]},{\"@type\":\"Person\",\"@id\":\"https:\\\/\\\/www.evropskakuca.me\\\/me\\\/#\\\/schema\\\/person\\\/a1d0dcdaefe4a1cd1d60d200ea137ba4\",\"name\":\"mkajic\",\"image\":{\"@type\":\"ImageObject\",\"inLanguage\":\"me-ME\",\"@id\":\"https:\\\/\\\/secure.gravatar.com\\\/avatar\\\/731fa035cefab7316e6bafd1f25a93fb731a07de14e2d9923f8db4422628eabc?s=96&d=mm&r=g\",\"url\":\"https:\\\/\\\/secure.gravatar.com\\\/avatar\\\/731fa035cefab7316e6bafd1f25a93fb731a07de14e2d9923f8db4422628eabc?s=96&d=mm&r=g\",\"contentUrl\":\"https:\\\/\\\/secure.gravatar.com\\\/avatar\\\/731fa035cefab7316e6bafd1f25a93fb731a07de14e2d9923f8db4422628eabc?s=96&d=mm&r=g\",\"caption\":\"mkajic\"},\"sameAs\":[\"https:\\\/\\\/evropskakuca.me\"],\"url\":\"https:\\\/\\\/www.evropskakuca.me\\\/me\\\/author\\\/mkajic\\\/\"}]}<\/script>\n<!-- \/ Yoast SEO plugin. -->","yoast_head_json":{"title":"Ka boljoj za\u0161titi li\u010dnih podataka i slobodnom pristupu informacijama u Crnoj Gori - Europe House","robots":{"index":"index","follow":"follow","max-snippet":"max-snippet:-1","max-image-preview":"max-image-preview:large","max-video-preview":"max-video-preview:-1"},"canonical":"https:\/\/www.evropskakuca.me\/me\/ka-boljoj-zastiti-licnih-podataka-i-slobodnom-pristupu-informacijama-u-crnoj-gori\/","og_locale":"en_US","og_type":"article","og_title":"Ka boljoj za\u0161titi li\u010dnih podataka i slobodnom pristupu informacijama u Crnoj Gori - Europe House","og_description":"Podr\u0161ka Evropske unije","og_url":"https:\/\/www.evropskakuca.me\/me\/ka-boljoj-zastiti-licnih-podataka-i-slobodnom-pristupu-informacijama-u-crnoj-gori\/","og_site_name":"Europe House","article_publisher":"https:\/\/www.facebook.com\/evropska.kuca","article_published_time":"2019-02-08T14:42:34+00:00","og_image":[{"width":1000,"height":555,"url":"https:\/\/www.evropskakuca.me\/wp-content\/uploads\/2019\/02\/tvining.jpg","type":"image\/jpeg"}],"author":"mkajic","twitter_card":"summary_large_image","twitter_creator":"@evropska_kuca","twitter_site":"@evropska_kuca","twitter_misc":{"Written by":"mkajic","Est. reading time":"2 minutes"},"schema":{"@context":"https:\/\/schema.org","@graph":[{"@type":"Article","@id":"https:\/\/www.evropskakuca.me\/me\/ka-boljoj-zastiti-licnih-podataka-i-slobodnom-pristupu-informacijama-u-crnoj-gori\/#article","isPartOf":{"@id":"https:\/\/www.evropskakuca.me\/me\/ka-boljoj-zastiti-licnih-podataka-i-slobodnom-pristupu-informacijama-u-crnoj-gori\/"},"author":{"name":"mkajic","@id":"https:\/\/www.evropskakuca.me\/me\/#\/schema\/person\/a1d0dcdaefe4a1cd1d60d200ea137ba4"},"headline":"Ka boljoj za\u0161titi li\u010dnih podataka i slobodnom pristupu informacijama u Crnoj Gori","datePublished":"2019-02-08T14:42:34+00:00","mainEntityOfPage":{"@id":"https:\/\/www.evropskakuca.me\/me\/ka-boljoj-zastiti-licnih-podataka-i-slobodnom-pristupu-informacijama-u-crnoj-gori\/"},"wordCount":464,"commentCount":0,"publisher":{"@id":"https:\/\/www.evropskakuca.me\/me\/#organization"},"image":{"@id":"https:\/\/www.evropskakuca.me\/me\/ka-boljoj-zastiti-licnih-podataka-i-slobodnom-pristupu-informacijama-u-crnoj-gori\/#primaryimage"},"thumbnailUrl":"https:\/\/www.evropskakuca.me\/wp-content\/uploads\/2019\/02\/tvining.jpg","articleSection":["Novosti"],"inLanguage":"me-ME","potentialAction":[{"@type":"CommentAction","name":"Comment","target":["https:\/\/www.evropskakuca.me\/me\/ka-boljoj-zastiti-licnih-podataka-i-slobodnom-pristupu-informacijama-u-crnoj-gori\/#respond"]}]},{"@type":"WebPage","@id":"https:\/\/www.evropskakuca.me\/me\/ka-boljoj-zastiti-licnih-podataka-i-slobodnom-pristupu-informacijama-u-crnoj-gori\/","url":"https:\/\/www.evropskakuca.me\/me\/ka-boljoj-zastiti-licnih-podataka-i-slobodnom-pristupu-informacijama-u-crnoj-gori\/","name":"Ka boljoj za\u0161titi li\u010dnih podataka i slobodnom pristupu informacijama u Crnoj Gori - Europe House","isPartOf":{"@id":"https:\/\/www.evropskakuca.me\/me\/#website"},"primaryImageOfPage":{"@id":"https:\/\/www.evropskakuca.me\/me\/ka-boljoj-zastiti-licnih-podataka-i-slobodnom-pristupu-informacijama-u-crnoj-gori\/#primaryimage"},"image":{"@id":"https:\/\/www.evropskakuca.me\/me\/ka-boljoj-zastiti-licnih-podataka-i-slobodnom-pristupu-informacijama-u-crnoj-gori\/#primaryimage"},"thumbnailUrl":"https:\/\/www.evropskakuca.me\/wp-content\/uploads\/2019\/02\/tvining.jpg","datePublished":"2019-02-08T14:42:34+00:00","breadcrumb":{"@id":"https:\/\/www.evropskakuca.me\/me\/ka-boljoj-zastiti-licnih-podataka-i-slobodnom-pristupu-informacijama-u-crnoj-gori\/#breadcrumb"},"inLanguage":"me-ME","potentialAction":[{"@type":"ReadAction","target":["https:\/\/www.evropskakuca.me\/me\/ka-boljoj-zastiti-licnih-podataka-i-slobodnom-pristupu-informacijama-u-crnoj-gori\/"]}]},{"@type":"ImageObject","inLanguage":"me-ME","@id":"https:\/\/www.evropskakuca.me\/me\/ka-boljoj-zastiti-licnih-podataka-i-slobodnom-pristupu-informacijama-u-crnoj-gori\/#primaryimage","url":"https:\/\/www.evropskakuca.me\/wp-content\/uploads\/2019\/02\/tvining.jpg","contentUrl":"https:\/\/www.evropskakuca.me\/wp-content\/uploads\/2019\/02\/tvining.jpg","width":1000,"height":555},{"@type":"BreadcrumbList","@id":"https:\/\/www.evropskakuca.me\/me\/ka-boljoj-zastiti-licnih-podataka-i-slobodnom-pristupu-informacijama-u-crnoj-gori\/#breadcrumb","itemListElement":[{"@type":"ListItem","position":1,"name":"Home","item":"https:\/\/www.evropskakuca.me\/me\/"},{"@type":"ListItem","position":2,"name":"Ka boljoj za\u0161titi li\u010dnih podataka i slobodnom pristupu informacijama u Crnoj Gori"}]},{"@type":"WebSite","@id":"https:\/\/www.evropskakuca.me\/me\/#website","url":"https:\/\/www.evropskakuca.me\/me\/","name":"Evropean house","description":"","publisher":{"@id":"https:\/\/www.evropskakuca.me\/me\/#organization"},"potentialAction":[{"@type":"SearchAction","target":{"@type":"EntryPoint","urlTemplate":"https:\/\/www.evropskakuca.me\/me\/?s={search_term_string}"},"query-input":{"@type":"PropertyValueSpecification","valueRequired":true,"valueName":"search_term_string"}}],"inLanguage":"me-ME"},{"@type":"Organization","@id":"https:\/\/www.evropskakuca.me\/me\/#organization","name":"Evropean house","url":"https:\/\/www.evropskakuca.me\/me\/","logo":{"@type":"ImageObject","inLanguage":"me-ME","@id":"https:\/\/www.evropskakuca.me\/me\/#\/schema\/logo\/image\/","url":"https:\/\/www.evropskakuca.me\/wp-content\/uploads\/2025\/01\/evropska-kuca-logo-1.png","contentUrl":"https:\/\/www.evropskakuca.me\/wp-content\/uploads\/2025\/01\/evropska-kuca-logo-1.png","width":425,"height":312,"caption":"Evropean house"},"image":{"@id":"https:\/\/www.evropskakuca.me\/me\/#\/schema\/logo\/image\/"},"sameAs":["https:\/\/www.facebook.com\/evropska.kuca","https:\/\/x.com\/evropska_kuca","https:\/\/www.instagram.com\/evropska_kuca"]},{"@type":"Person","@id":"https:\/\/www.evropskakuca.me\/me\/#\/schema\/person\/a1d0dcdaefe4a1cd1d60d200ea137ba4","name":"mkajic","image":{"@type":"ImageObject","inLanguage":"me-ME","@id":"https:\/\/secure.gravatar.com\/avatar\/731fa035cefab7316e6bafd1f25a93fb731a07de14e2d9923f8db4422628eabc?s=96&d=mm&r=g","url":"https:\/\/secure.gravatar.com\/avatar\/731fa035cefab7316e6bafd1f25a93fb731a07de14e2d9923f8db4422628eabc?s=96&d=mm&r=g","contentUrl":"https:\/\/secure.gravatar.com\/avatar\/731fa035cefab7316e6bafd1f25a93fb731a07de14e2d9923f8db4422628eabc?s=96&d=mm&r=g","caption":"mkajic"},"sameAs":["https:\/\/evropskakuca.me"],"url":"https:\/\/www.evropskakuca.me\/me\/author\/mkajic\/"}]}},"_links":{"self":[{"href":"https:\/\/www.evropskakuca.me\/me\/wp-json\/wp\/v2\/posts\/6612","targetHints":{"allow":["GET"]}}],"collection":[{"href":"https:\/\/www.evropskakuca.me\/me\/wp-json\/wp\/v2\/posts"}],"about":[{"href":"https:\/\/www.evropskakuca.me\/me\/wp-json\/wp\/v2\/types\/post"}],"author":[{"embeddable":true,"href":"https:\/\/www.evropskakuca.me\/me\/wp-json\/wp\/v2\/users\/1"}],"replies":[{"embeddable":true,"href":"https:\/\/www.evropskakuca.me\/me\/wp-json\/wp\/v2\/comments?post=6612"}],"version-history":[{"count":0,"href":"https:\/\/www.evropskakuca.me\/me\/wp-json\/wp\/v2\/posts\/6612\/revisions"}],"wp:featuredmedia":[{"embeddable":true,"href":"https:\/\/www.evropskakuca.me\/me\/wp-json\/wp\/v2\/media\/34361"}],"wp:attachment":[{"href":"https:\/\/www.evropskakuca.me\/me\/wp-json\/wp\/v2\/media?parent=6612"}],"wp:term":[{"taxonomy":"category","embeddable":true,"href":"https:\/\/www.evropskakuca.me\/me\/wp-json\/wp\/v2\/categories?post=6612"},{"taxonomy":"post_tag","embeddable":true,"href":"https:\/\/www.evropskakuca.me\/me\/wp-json\/wp\/v2\/tags?post=6612"}],"curies":[{"name":"wp","href":"https:\/\/api.w.org\/{rel}","templated":true}]}}