{"id":6605,"date":"2019-02-08T11:14:55","date_gmt":"2019-02-08T11:14:55","guid":{"rendered":"http:\/\/www.evropskakuca.me\/me\/?p=6605"},"modified":"2019-02-08T11:14:55","modified_gmt":"2019-02-08T11:14:55","slug":"istrazivanje-sindikata-medija-ekonomski-polozaj-novinara-slabi-a-pritisci-jacaju","status":"publish","type":"post","link":"https:\/\/www.evropskakuca.me\/me\/istrazivanje-sindikata-medija-ekonomski-polozaj-novinara-slabi-a-pritisci-jacaju\/","title":{"rendered":"Istra\u017eivanje Sindikata medija: Ekonomski polo\u017eaj novinara slabi, a pritisci ja\u010daju"},"content":{"rendered":"<p>Ekonomski polo\u017eaj novinara u Crnoj Gori je oslabio, a pritisci zbog profita i senzacionalizma u medijima su pove\u0107ani, pokazalo je istra\u017eivanje Sindikata medija Crne Gore \u201eIndikatori nivoa medijskih sloboda i bezbjednosti novinara\u201d, za period septembar 2017-septembar 2018. godine. Istra\u017eivanje, koje je obuhvatilo 136 novinara iz \u010dak 30 crnogorskih medija, finansirala je Evropska unija u okviru projekta \u201eRegionalna platforma za zagovaranje slobode medija i bezbjednosti novinara na Zapadnom Balkanu\u201d.<\/p>\n<p><strong>Plate ispod dr\u017eavnog prosijeka <\/strong><\/p>\n<p>Oko 60% anketiranih smatra da je ekonomski polo\u017eaj novinara oslabio, a to mi\u0161ljenje najvi\u0161e imaju novinari privatnih medija. Zarade u medijima su \u010desto neredovne i male, a veliki problem predstavljaju i prekovremeni rad i rad na \u201ecrno\u201c, navela je <strong>Bojana Lakovi\u0107 Konatar iz Sindikata medija <\/strong>na konferenciji za medije u EU info centru.<\/p>\n<p>\u201e<em>Istra\u017eivanje Sindikata medija je jo\u0161 jednom potvrdilo da su plate novinara ispod dr\u017eavnog prosjeka. Vi\u0161e od tre\u0107ine anketiranih novinara (35%) prima platu 400-500 eura, a svaki tre\u0107i novinar prima manje od 400 eura. Svaki peti novinar mo\u017ee se pohvaliti platom koja je 500-600 eura, a svega 12,5% novinara prima platu koja je ve\u0107a od 600 eura\u201c,<\/em> navela je Lakovi\u0107 Konatar.<\/p>\n<p>Novinari su saglasni da su pritisci zbog pravljenja profita u nekoj mjeri oja\u010dali, i takav stav ima ne\u0161to vi\u0161e od 63% anketiranih.<\/p>\n<p><em>\u201eSituacija je \u010dak i gora kada su u pitanju pritisci zbog stvaranja senzacionalisti\u010dkih vijesti. Tako je skoro 70% anketiranih novinara mi\u0161ljenja da su ovi pritisci oja\u010dali. I dok pritisci ja\u010daju, skoro svaki drugi ispitanik vjeruje da je kredibilitet novinarstva u nekoj mjeri smanjen\u201c,<\/em> saop\u0161tila je Lakovi\u0107 Konatar.<\/p>\n<p><strong>Oslabili eti\u010dki standardi u novinarstvu <\/strong><\/p>\n<p>\u010cak skoro 80% anketiranih kazalo je da na njih uti\u010de ure\u0111iva\u010dka politika medija u kojem rade. Kada je rije\u010d o cenzuri, svaki drugi novinar je odgovorio da cenzura uti\u010de na njihov rad. Isti broj ispitanika smatra da su eti\u010dki standardi u novinarstvu oslabili, dok skoro svaki \u010detvrti njihov kolega vjeruje da su oni oja\u010dali u nekoj mjeri.<\/p>\n<p>Broj se ponavlja i kada je rije\u010d o uticaju potencijalne tu\u017ebe zbog onoga \u0161to su napisali. Svaki drugi novinar je odgovorio da na njegov rad uti\u010de mogu\u0107nost tu\u017ebe zbog klevete. Iz Sindikata medija navode da taj podatak ne \u010dudi, ako se pogledaju podaci crnogorskih sudova. Od 2011. do juna 2017. godine pokrenuto je 109 sudskih predmeta koji su se ticali naknade \u0161tete po tu\u017ebi protiv novinara, odnosno medi\u00adja, od kojih je tra\u017eeno vi\u0161e od milion eura, podsje\u0107aju iz Sindikata medija.<\/p>\n<p>U Crnoj Gori nema napretka kada je u pitanju bezbjednost novinara. <strong>Predsjednica Sindikata Marijana Camovi\u0107<\/strong> rekla je da, imaju\u0107i u vidu da se pro\u0161le godine dogodio napad na Oliveru Laki\u0107, &#8220;ne da se nije ni\u0161ta pobolj\u0161alo ve\u0107 smo se vratiliu vrijeme kada su napadi na novinare bili normalna pojava&#8221;.<br \/>\nPrema njenim rije\u010dima, od po\u010detka jula 2017. do kraja juna pro\u0161le godine u Upravi policije Crne Gore evidentirano je devet doga\u0111aja koji se odnose na napade na novinare, zaposlene u medijima i imovinu medija.<\/p>\n<p>&nbsp;<\/p>\n<p>U crnogorskim medijima zaposleno je 1 350 ljudi, od \u010dega su 800 novinari, podaci su Uprave za statistiku. Monstat je u 2017. registrovao smanjenje broja zaposlenih u medijima.<\/p>\n","protected":false},"excerpt":{"rendered":"<p>Sindikat medija predstavio istra\u017eivanje<\/p>\n","protected":false},"author":1,"featured_media":34355,"comment_status":"open","ping_status":"open","sticky":false,"template":"","format":"standard","meta":{"_acf_changed":false,"footnotes":""},"categories":[283],"tags":[],"class_list":["post-6605","post","type-post","status-publish","format-standard","has-post-thumbnail","hentry","category-novosti-me"],"acf":[],"yoast_head":"<!-- This site is optimized with the Yoast SEO plugin v27.3 - https:\/\/yoast.com\/product\/yoast-seo-wordpress\/ -->\n<title>Istra\u017eivanje Sindikata medija: Ekonomski polo\u017eaj novinara slabi, a pritisci ja\u010daju - Europe House<\/title>\n<meta name=\"robots\" content=\"index, follow, max-snippet:-1, max-image-preview:large, max-video-preview:-1\" \/>\n<link rel=\"canonical\" href=\"https:\/\/www.evropskakuca.me\/me\/istrazivanje-sindikata-medija-ekonomski-polozaj-novinara-slabi-a-pritisci-jacaju\/\" \/>\n<meta property=\"og:locale\" content=\"en_US\" \/>\n<meta property=\"og:type\" content=\"article\" \/>\n<meta property=\"og:title\" content=\"Istra\u017eivanje Sindikata medija: Ekonomski polo\u017eaj novinara slabi, a pritisci ja\u010daju - Europe House\" \/>\n<meta property=\"og:description\" content=\"Sindikat medija predstavio istra\u017eivanje\" \/>\n<meta property=\"og:url\" content=\"https:\/\/www.evropskakuca.me\/me\/istrazivanje-sindikata-medija-ekonomski-polozaj-novinara-slabi-a-pritisci-jacaju\/\" \/>\n<meta property=\"og:site_name\" content=\"Europe House\" \/>\n<meta property=\"article:publisher\" content=\"https:\/\/www.facebook.com\/evropska.kuca\" \/>\n<meta property=\"article:published_time\" content=\"2019-02-08T11:14:55+00:00\" \/>\n<meta property=\"og:image\" content=\"https:\/\/www.evropskakuca.me\/wp-content\/uploads\/2019\/02\/lgbt_141-copy-scaled.jpg\" \/>\n\t<meta property=\"og:image:width\" content=\"2560\" \/>\n\t<meta property=\"og:image:height\" content=\"1707\" \/>\n\t<meta property=\"og:image:type\" content=\"image\/jpeg\" \/>\n<meta name=\"author\" content=\"mkajic\" \/>\n<meta name=\"twitter:card\" content=\"summary_large_image\" \/>\n<meta name=\"twitter:creator\" content=\"@evropska_kuca\" \/>\n<meta name=\"twitter:site\" content=\"@evropska_kuca\" \/>\n<meta name=\"twitter:label1\" content=\"Written by\" \/>\n\t<meta name=\"twitter:data1\" content=\"mkajic\" \/>\n\t<meta name=\"twitter:label2\" content=\"Est. reading time\" \/>\n\t<meta name=\"twitter:data2\" content=\"3 minutes\" \/>\n<script type=\"application\/ld+json\" class=\"yoast-schema-graph\">{\"@context\":\"https:\\\/\\\/schema.org\",\"@graph\":[{\"@type\":\"Article\",\"@id\":\"https:\\\/\\\/www.evropskakuca.me\\\/me\\\/istrazivanje-sindikata-medija-ekonomski-polozaj-novinara-slabi-a-pritisci-jacaju\\\/#article\",\"isPartOf\":{\"@id\":\"https:\\\/\\\/www.evropskakuca.me\\\/me\\\/istrazivanje-sindikata-medija-ekonomski-polozaj-novinara-slabi-a-pritisci-jacaju\\\/\"},\"author\":{\"name\":\"mkajic\",\"@id\":\"https:\\\/\\\/www.evropskakuca.me\\\/me\\\/#\\\/schema\\\/person\\\/a1d0dcdaefe4a1cd1d60d200ea137ba4\"},\"headline\":\"Istra\u017eivanje Sindikata medija: Ekonomski polo\u017eaj novinara slabi, a pritisci ja\u010daju\",\"datePublished\":\"2019-02-08T11:14:55+00:00\",\"mainEntityOfPage\":{\"@id\":\"https:\\\/\\\/www.evropskakuca.me\\\/me\\\/istrazivanje-sindikata-medija-ekonomski-polozaj-novinara-slabi-a-pritisci-jacaju\\\/\"},\"wordCount\":549,\"commentCount\":0,\"publisher\":{\"@id\":\"https:\\\/\\\/www.evropskakuca.me\\\/me\\\/#organization\"},\"image\":{\"@id\":\"https:\\\/\\\/www.evropskakuca.me\\\/me\\\/istrazivanje-sindikata-medija-ekonomski-polozaj-novinara-slabi-a-pritisci-jacaju\\\/#primaryimage\"},\"thumbnailUrl\":\"https:\\\/\\\/www.evropskakuca.me\\\/wp-content\\\/uploads\\\/2019\\\/02\\\/lgbt_141-copy-scaled.jpg\",\"articleSection\":[\"Novosti\"],\"inLanguage\":\"me-ME\",\"potentialAction\":[{\"@type\":\"CommentAction\",\"name\":\"Comment\",\"target\":[\"https:\\\/\\\/www.evropskakuca.me\\\/me\\\/istrazivanje-sindikata-medija-ekonomski-polozaj-novinara-slabi-a-pritisci-jacaju\\\/#respond\"]}]},{\"@type\":\"WebPage\",\"@id\":\"https:\\\/\\\/www.evropskakuca.me\\\/me\\\/istrazivanje-sindikata-medija-ekonomski-polozaj-novinara-slabi-a-pritisci-jacaju\\\/\",\"url\":\"https:\\\/\\\/www.evropskakuca.me\\\/me\\\/istrazivanje-sindikata-medija-ekonomski-polozaj-novinara-slabi-a-pritisci-jacaju\\\/\",\"name\":\"Istra\u017eivanje Sindikata medija: Ekonomski polo\u017eaj novinara slabi, a pritisci ja\u010daju - Europe House\",\"isPartOf\":{\"@id\":\"https:\\\/\\\/www.evropskakuca.me\\\/me\\\/#website\"},\"primaryImageOfPage\":{\"@id\":\"https:\\\/\\\/www.evropskakuca.me\\\/me\\\/istrazivanje-sindikata-medija-ekonomski-polozaj-novinara-slabi-a-pritisci-jacaju\\\/#primaryimage\"},\"image\":{\"@id\":\"https:\\\/\\\/www.evropskakuca.me\\\/me\\\/istrazivanje-sindikata-medija-ekonomski-polozaj-novinara-slabi-a-pritisci-jacaju\\\/#primaryimage\"},\"thumbnailUrl\":\"https:\\\/\\\/www.evropskakuca.me\\\/wp-content\\\/uploads\\\/2019\\\/02\\\/lgbt_141-copy-scaled.jpg\",\"datePublished\":\"2019-02-08T11:14:55+00:00\",\"breadcrumb\":{\"@id\":\"https:\\\/\\\/www.evropskakuca.me\\\/me\\\/istrazivanje-sindikata-medija-ekonomski-polozaj-novinara-slabi-a-pritisci-jacaju\\\/#breadcrumb\"},\"inLanguage\":\"me-ME\",\"potentialAction\":[{\"@type\":\"ReadAction\",\"target\":[\"https:\\\/\\\/www.evropskakuca.me\\\/me\\\/istrazivanje-sindikata-medija-ekonomski-polozaj-novinara-slabi-a-pritisci-jacaju\\\/\"]}]},{\"@type\":\"ImageObject\",\"inLanguage\":\"me-ME\",\"@id\":\"https:\\\/\\\/www.evropskakuca.me\\\/me\\\/istrazivanje-sindikata-medija-ekonomski-polozaj-novinara-slabi-a-pritisci-jacaju\\\/#primaryimage\",\"url\":\"https:\\\/\\\/www.evropskakuca.me\\\/wp-content\\\/uploads\\\/2019\\\/02\\\/lgbt_141-copy-scaled.jpg\",\"contentUrl\":\"https:\\\/\\\/www.evropskakuca.me\\\/wp-content\\\/uploads\\\/2019\\\/02\\\/lgbt_141-copy-scaled.jpg\",\"width\":2560,\"height\":1707},{\"@type\":\"BreadcrumbList\",\"@id\":\"https:\\\/\\\/www.evropskakuca.me\\\/me\\\/istrazivanje-sindikata-medija-ekonomski-polozaj-novinara-slabi-a-pritisci-jacaju\\\/#breadcrumb\",\"itemListElement\":[{\"@type\":\"ListItem\",\"position\":1,\"name\":\"Home\",\"item\":\"https:\\\/\\\/www.evropskakuca.me\\\/me\\\/\"},{\"@type\":\"ListItem\",\"position\":2,\"name\":\"Istra\u017eivanje Sindikata medija: Ekonomski polo\u017eaj novinara slabi, a pritisci ja\u010daju\"}]},{\"@type\":\"WebSite\",\"@id\":\"https:\\\/\\\/www.evropskakuca.me\\\/me\\\/#website\",\"url\":\"https:\\\/\\\/www.evropskakuca.me\\\/me\\\/\",\"name\":\"Evropean house\",\"description\":\"\",\"publisher\":{\"@id\":\"https:\\\/\\\/www.evropskakuca.me\\\/me\\\/#organization\"},\"potentialAction\":[{\"@type\":\"SearchAction\",\"target\":{\"@type\":\"EntryPoint\",\"urlTemplate\":\"https:\\\/\\\/www.evropskakuca.me\\\/me\\\/?s={search_term_string}\"},\"query-input\":{\"@type\":\"PropertyValueSpecification\",\"valueRequired\":true,\"valueName\":\"search_term_string\"}}],\"inLanguage\":\"me-ME\"},{\"@type\":\"Organization\",\"@id\":\"https:\\\/\\\/www.evropskakuca.me\\\/me\\\/#organization\",\"name\":\"Evropean house\",\"url\":\"https:\\\/\\\/www.evropskakuca.me\\\/me\\\/\",\"logo\":{\"@type\":\"ImageObject\",\"inLanguage\":\"me-ME\",\"@id\":\"https:\\\/\\\/www.evropskakuca.me\\\/me\\\/#\\\/schema\\\/logo\\\/image\\\/\",\"url\":\"https:\\\/\\\/www.evropskakuca.me\\\/wp-content\\\/uploads\\\/2025\\\/01\\\/evropska-kuca-logo-1.png\",\"contentUrl\":\"https:\\\/\\\/www.evropskakuca.me\\\/wp-content\\\/uploads\\\/2025\\\/01\\\/evropska-kuca-logo-1.png\",\"width\":425,\"height\":312,\"caption\":\"Evropean house\"},\"image\":{\"@id\":\"https:\\\/\\\/www.evropskakuca.me\\\/me\\\/#\\\/schema\\\/logo\\\/image\\\/\"},\"sameAs\":[\"https:\\\/\\\/www.facebook.com\\\/evropska.kuca\",\"https:\\\/\\\/x.com\\\/evropska_kuca\",\"https:\\\/\\\/www.instagram.com\\\/evropska_kuca\"]},{\"@type\":\"Person\",\"@id\":\"https:\\\/\\\/www.evropskakuca.me\\\/me\\\/#\\\/schema\\\/person\\\/a1d0dcdaefe4a1cd1d60d200ea137ba4\",\"name\":\"mkajic\",\"image\":{\"@type\":\"ImageObject\",\"inLanguage\":\"me-ME\",\"@id\":\"https:\\\/\\\/secure.gravatar.com\\\/avatar\\\/731fa035cefab7316e6bafd1f25a93fb731a07de14e2d9923f8db4422628eabc?s=96&d=mm&r=g\",\"url\":\"https:\\\/\\\/secure.gravatar.com\\\/avatar\\\/731fa035cefab7316e6bafd1f25a93fb731a07de14e2d9923f8db4422628eabc?s=96&d=mm&r=g\",\"contentUrl\":\"https:\\\/\\\/secure.gravatar.com\\\/avatar\\\/731fa035cefab7316e6bafd1f25a93fb731a07de14e2d9923f8db4422628eabc?s=96&d=mm&r=g\",\"caption\":\"mkajic\"},\"sameAs\":[\"https:\\\/\\\/evropskakuca.me\"],\"url\":\"https:\\\/\\\/www.evropskakuca.me\\\/me\\\/author\\\/mkajic\\\/\"}]}<\/script>\n<!-- \/ Yoast SEO plugin. -->","yoast_head_json":{"title":"Istra\u017eivanje Sindikata medija: Ekonomski polo\u017eaj novinara slabi, a pritisci ja\u010daju - Europe House","robots":{"index":"index","follow":"follow","max-snippet":"max-snippet:-1","max-image-preview":"max-image-preview:large","max-video-preview":"max-video-preview:-1"},"canonical":"https:\/\/www.evropskakuca.me\/me\/istrazivanje-sindikata-medija-ekonomski-polozaj-novinara-slabi-a-pritisci-jacaju\/","og_locale":"en_US","og_type":"article","og_title":"Istra\u017eivanje Sindikata medija: Ekonomski polo\u017eaj novinara slabi, a pritisci ja\u010daju - Europe House","og_description":"Sindikat medija predstavio istra\u017eivanje","og_url":"https:\/\/www.evropskakuca.me\/me\/istrazivanje-sindikata-medija-ekonomski-polozaj-novinara-slabi-a-pritisci-jacaju\/","og_site_name":"Europe House","article_publisher":"https:\/\/www.facebook.com\/evropska.kuca","article_published_time":"2019-02-08T11:14:55+00:00","og_image":[{"width":2560,"height":1707,"url":"https:\/\/www.evropskakuca.me\/wp-content\/uploads\/2019\/02\/lgbt_141-copy-scaled.jpg","type":"image\/jpeg"}],"author":"mkajic","twitter_card":"summary_large_image","twitter_creator":"@evropska_kuca","twitter_site":"@evropska_kuca","twitter_misc":{"Written by":"mkajic","Est. reading time":"3 minutes"},"schema":{"@context":"https:\/\/schema.org","@graph":[{"@type":"Article","@id":"https:\/\/www.evropskakuca.me\/me\/istrazivanje-sindikata-medija-ekonomski-polozaj-novinara-slabi-a-pritisci-jacaju\/#article","isPartOf":{"@id":"https:\/\/www.evropskakuca.me\/me\/istrazivanje-sindikata-medija-ekonomski-polozaj-novinara-slabi-a-pritisci-jacaju\/"},"author":{"name":"mkajic","@id":"https:\/\/www.evropskakuca.me\/me\/#\/schema\/person\/a1d0dcdaefe4a1cd1d60d200ea137ba4"},"headline":"Istra\u017eivanje Sindikata medija: Ekonomski polo\u017eaj novinara slabi, a pritisci ja\u010daju","datePublished":"2019-02-08T11:14:55+00:00","mainEntityOfPage":{"@id":"https:\/\/www.evropskakuca.me\/me\/istrazivanje-sindikata-medija-ekonomski-polozaj-novinara-slabi-a-pritisci-jacaju\/"},"wordCount":549,"commentCount":0,"publisher":{"@id":"https:\/\/www.evropskakuca.me\/me\/#organization"},"image":{"@id":"https:\/\/www.evropskakuca.me\/me\/istrazivanje-sindikata-medija-ekonomski-polozaj-novinara-slabi-a-pritisci-jacaju\/#primaryimage"},"thumbnailUrl":"https:\/\/www.evropskakuca.me\/wp-content\/uploads\/2019\/02\/lgbt_141-copy-scaled.jpg","articleSection":["Novosti"],"inLanguage":"me-ME","potentialAction":[{"@type":"CommentAction","name":"Comment","target":["https:\/\/www.evropskakuca.me\/me\/istrazivanje-sindikata-medija-ekonomski-polozaj-novinara-slabi-a-pritisci-jacaju\/#respond"]}]},{"@type":"WebPage","@id":"https:\/\/www.evropskakuca.me\/me\/istrazivanje-sindikata-medija-ekonomski-polozaj-novinara-slabi-a-pritisci-jacaju\/","url":"https:\/\/www.evropskakuca.me\/me\/istrazivanje-sindikata-medija-ekonomski-polozaj-novinara-slabi-a-pritisci-jacaju\/","name":"Istra\u017eivanje Sindikata medija: Ekonomski polo\u017eaj novinara slabi, a pritisci ja\u010daju - Europe House","isPartOf":{"@id":"https:\/\/www.evropskakuca.me\/me\/#website"},"primaryImageOfPage":{"@id":"https:\/\/www.evropskakuca.me\/me\/istrazivanje-sindikata-medija-ekonomski-polozaj-novinara-slabi-a-pritisci-jacaju\/#primaryimage"},"image":{"@id":"https:\/\/www.evropskakuca.me\/me\/istrazivanje-sindikata-medija-ekonomski-polozaj-novinara-slabi-a-pritisci-jacaju\/#primaryimage"},"thumbnailUrl":"https:\/\/www.evropskakuca.me\/wp-content\/uploads\/2019\/02\/lgbt_141-copy-scaled.jpg","datePublished":"2019-02-08T11:14:55+00:00","breadcrumb":{"@id":"https:\/\/www.evropskakuca.me\/me\/istrazivanje-sindikata-medija-ekonomski-polozaj-novinara-slabi-a-pritisci-jacaju\/#breadcrumb"},"inLanguage":"me-ME","potentialAction":[{"@type":"ReadAction","target":["https:\/\/www.evropskakuca.me\/me\/istrazivanje-sindikata-medija-ekonomski-polozaj-novinara-slabi-a-pritisci-jacaju\/"]}]},{"@type":"ImageObject","inLanguage":"me-ME","@id":"https:\/\/www.evropskakuca.me\/me\/istrazivanje-sindikata-medija-ekonomski-polozaj-novinara-slabi-a-pritisci-jacaju\/#primaryimage","url":"https:\/\/www.evropskakuca.me\/wp-content\/uploads\/2019\/02\/lgbt_141-copy-scaled.jpg","contentUrl":"https:\/\/www.evropskakuca.me\/wp-content\/uploads\/2019\/02\/lgbt_141-copy-scaled.jpg","width":2560,"height":1707},{"@type":"BreadcrumbList","@id":"https:\/\/www.evropskakuca.me\/me\/istrazivanje-sindikata-medija-ekonomski-polozaj-novinara-slabi-a-pritisci-jacaju\/#breadcrumb","itemListElement":[{"@type":"ListItem","position":1,"name":"Home","item":"https:\/\/www.evropskakuca.me\/me\/"},{"@type":"ListItem","position":2,"name":"Istra\u017eivanje Sindikata medija: Ekonomski polo\u017eaj novinara slabi, a pritisci ja\u010daju"}]},{"@type":"WebSite","@id":"https:\/\/www.evropskakuca.me\/me\/#website","url":"https:\/\/www.evropskakuca.me\/me\/","name":"Evropean house","description":"","publisher":{"@id":"https:\/\/www.evropskakuca.me\/me\/#organization"},"potentialAction":[{"@type":"SearchAction","target":{"@type":"EntryPoint","urlTemplate":"https:\/\/www.evropskakuca.me\/me\/?s={search_term_string}"},"query-input":{"@type":"PropertyValueSpecification","valueRequired":true,"valueName":"search_term_string"}}],"inLanguage":"me-ME"},{"@type":"Organization","@id":"https:\/\/www.evropskakuca.me\/me\/#organization","name":"Evropean house","url":"https:\/\/www.evropskakuca.me\/me\/","logo":{"@type":"ImageObject","inLanguage":"me-ME","@id":"https:\/\/www.evropskakuca.me\/me\/#\/schema\/logo\/image\/","url":"https:\/\/www.evropskakuca.me\/wp-content\/uploads\/2025\/01\/evropska-kuca-logo-1.png","contentUrl":"https:\/\/www.evropskakuca.me\/wp-content\/uploads\/2025\/01\/evropska-kuca-logo-1.png","width":425,"height":312,"caption":"Evropean house"},"image":{"@id":"https:\/\/www.evropskakuca.me\/me\/#\/schema\/logo\/image\/"},"sameAs":["https:\/\/www.facebook.com\/evropska.kuca","https:\/\/x.com\/evropska_kuca","https:\/\/www.instagram.com\/evropska_kuca"]},{"@type":"Person","@id":"https:\/\/www.evropskakuca.me\/me\/#\/schema\/person\/a1d0dcdaefe4a1cd1d60d200ea137ba4","name":"mkajic","image":{"@type":"ImageObject","inLanguage":"me-ME","@id":"https:\/\/secure.gravatar.com\/avatar\/731fa035cefab7316e6bafd1f25a93fb731a07de14e2d9923f8db4422628eabc?s=96&d=mm&r=g","url":"https:\/\/secure.gravatar.com\/avatar\/731fa035cefab7316e6bafd1f25a93fb731a07de14e2d9923f8db4422628eabc?s=96&d=mm&r=g","contentUrl":"https:\/\/secure.gravatar.com\/avatar\/731fa035cefab7316e6bafd1f25a93fb731a07de14e2d9923f8db4422628eabc?s=96&d=mm&r=g","caption":"mkajic"},"sameAs":["https:\/\/evropskakuca.me"],"url":"https:\/\/www.evropskakuca.me\/me\/author\/mkajic\/"}]}},"_links":{"self":[{"href":"https:\/\/www.evropskakuca.me\/me\/wp-json\/wp\/v2\/posts\/6605","targetHints":{"allow":["GET"]}}],"collection":[{"href":"https:\/\/www.evropskakuca.me\/me\/wp-json\/wp\/v2\/posts"}],"about":[{"href":"https:\/\/www.evropskakuca.me\/me\/wp-json\/wp\/v2\/types\/post"}],"author":[{"embeddable":true,"href":"https:\/\/www.evropskakuca.me\/me\/wp-json\/wp\/v2\/users\/1"}],"replies":[{"embeddable":true,"href":"https:\/\/www.evropskakuca.me\/me\/wp-json\/wp\/v2\/comments?post=6605"}],"version-history":[{"count":0,"href":"https:\/\/www.evropskakuca.me\/me\/wp-json\/wp\/v2\/posts\/6605\/revisions"}],"wp:featuredmedia":[{"embeddable":true,"href":"https:\/\/www.evropskakuca.me\/me\/wp-json\/wp\/v2\/media\/34355"}],"wp:attachment":[{"href":"https:\/\/www.evropskakuca.me\/me\/wp-json\/wp\/v2\/media?parent=6605"}],"wp:term":[{"taxonomy":"category","embeddable":true,"href":"https:\/\/www.evropskakuca.me\/me\/wp-json\/wp\/v2\/categories?post=6605"},{"taxonomy":"post_tag","embeddable":true,"href":"https:\/\/www.evropskakuca.me\/me\/wp-json\/wp\/v2\/tags?post=6605"}],"curies":[{"name":"wp","href":"https:\/\/api.w.org\/{rel}","templated":true}]}}