{"id":6530,"date":"2019-01-29T15:26:05","date_gmt":"2019-01-29T15:26:05","guid":{"rendered":"http:\/\/www.evropskakuca.me\/me\/?p=6530"},"modified":"2019-01-29T15:26:05","modified_gmt":"2019-01-29T15:26:05","slug":"vise-mogucnosti-za-mlade-nego-ikada-ranije-2017-rekordna-godina-programa-erasmus","status":"publish","type":"post","link":"https:\/\/www.evropskakuca.me\/me\/vise-mogucnosti-za-mlade-nego-ikada-ranije-2017-rekordna-godina-programa-erasmus\/","title":{"rendered":"Vi\u0161e mogu\u0107nosti za mlade nego ikada ranije: 2017. rekordna godina programa Erasmus+"},"content":{"rendered":"<p>Program Evropske unije za obrazovanje, obuku, mlade i sport <a href=\"https:\/\/erasmusu.com\/\">Erasmus+<\/a> ostvario je rekord, kada je rije\u010d o broju u\u010desnika i utro\u0161enom bud\u017eetu. <strong>Blizu 800 000 ljudi iz 44 zemlje bilo je dio programa u 2017. godini, tokom koje je EU ulo\u017eila 2.6 milijardi eura<\/strong>, navodi se u godi\u0161njem izvje\u0161taju Evropske Komisije o Erasmus+. Broj u\u010desnika je porastao 10%, a bud\u017eet \u010dak 13 procenata u odnosu na 2016. godinu. Preko 84 700 organizacija, koje se bave obrazovanjem i mladima, sara\u0111ivalo je u okviru 22 400 projekata.<\/p>\n<p><a href=\"http:\/\/www.evropskakuca.me\/wp-content\/uploads\/2019\/01\/statistika.png\"><img fetchpriority=\"high\" decoding=\"async\" class=\"alignleft size-full wp-image-6531\" src=\"http:\/\/www.evropskakuca.me\/wp-content\/uploads\/2019\/01\/statistika.png\" alt=\"\" width=\"864\" height=\"504\" \/><\/a><\/p>\n<p>Program je postao inkluzivniji i otvoreniji za razli\u010dite grupe iz vi\u0161e zemalja. U izvje\u0161taju se posebno isti\u010de da je Erasmus+ postao dostupniji ljudima koji \u017eive u nepovoljnim socio-ekonomskim uslovima. Zahvaljuju\u0107i tome, mladi su u 2017. godini imali vi\u0161e mogu\u0107nosti nego ikada ranije! Posebno je zanimljivo da se to dogodilo u godini kada program slavi 30 godina postojanja.<\/p>\n<p><em>\u201cDok smo slavili 30 godina Erasmus-a, 2017. je postala godina u kojoj je program jo\u0161 jednom pro\u0161irio horizonte, podstakao kulturnu razmjenu i kreirao nove mogu\u0107nosti u oblastima obrazovanja, obuke, mladih i sporta. Podaci koje smo objavili potvr\u0111uju centralnu ulogu koju Erasmus+ ima u gra\u0111enju ja\u010de, inkluzivnije i otpornije Evrope. Mi \u017eelimo da nastavimo sa jo\u0161 ve\u0107im i boljim programom, kako bi osigurali dalje investicije u mlade \u201d<\/em>, rekao je <strong>komesar za obrazovanje, kulturu, omladinu i sport Tibor NAVRACSICS.<\/strong><\/p>\n<p>Erasmus+ je aktivan u 33 zemlje, u koje spadaju sve \u010dlanice EU, ali i Turska, Makedonija, Norve\u0161ka, Island i Lihten\u0161tajn. <a href=\"http:\/\/www.erasmusplus.ac.me\/\">Crna Gora<\/a> u\u010destvuje zahvaljuju\u0107i tome \u0161to je program otvoren i za partnerske zemlje \u0161irom svijeta. Do sada je u okviru Erasmus+ programa preko 750 studenata, nastavnog i administrativnog osoblja sa crnogorskih fakulteta dobilo priliku da stekne nova iskustva u inostranstvu.<\/p>\n<p>Postoje\u0107i Erasmus+ program, koji je po\u010deo 2014. i traje do 2020. godine, ima bud\u017eet od 14.7 milijardi eura. Njegov cilj je da za 3.7 % mladih ljudi u EU obezbijedi priliku da studiraju, obu\u010davaju se i volontiraju u inostranstvu.<\/p>\n<p>Pogledajte kratak film o mladim ljudima iz Crne Gore koji su u\u010destvovali u Erasmusu:<\/p>\n<p><iframe title=\"ERASMUS - Ne propusti svoju \u0161ansu!\" width=\"800\" height=\"450\" src=\"https:\/\/www.youtube.com\/embed\/WArc8GOFWsM?start=32&#038;feature=oembed\" frameborder=\"0\" allow=\"accelerometer; autoplay; clipboard-write; encrypted-media; gyroscope; picture-in-picture; web-share\" referrerpolicy=\"strict-origin-when-cross-origin\" allowfullscreen><\/iframe><\/p>\n","protected":false},"excerpt":{"rendered":"<p>Blizu 800 000 ljudi iz 44 zemlje bilo je dio programa u 2017. godini, tokom koje je EU ulo\u017eila 2.6 milijardi eura<\/p>\n","protected":false},"author":1,"featured_media":31724,"comment_status":"open","ping_status":"open","sticky":false,"template":"","format":"standard","meta":{"_acf_changed":false,"footnotes":""},"categories":[283],"tags":[],"class_list":["post-6530","post","type-post","status-publish","format-standard","has-post-thumbnail","hentry","category-novosti-me"],"acf":[],"yoast_head":"<!-- This site is optimized with the Yoast SEO plugin v27.3 - https:\/\/yoast.com\/product\/yoast-seo-wordpress\/ -->\n<title>Vi\u0161e mogu\u0107nosti za mlade nego ikada ranije: 2017. rekordna godina programa Erasmus+ - Europe House<\/title>\n<meta name=\"robots\" content=\"index, follow, max-snippet:-1, max-image-preview:large, max-video-preview:-1\" \/>\n<link rel=\"canonical\" href=\"https:\/\/www.evropskakuca.me\/me\/vise-mogucnosti-za-mlade-nego-ikada-ranije-2017-rekordna-godina-programa-erasmus\/\" \/>\n<meta property=\"og:locale\" content=\"en_US\" \/>\n<meta property=\"og:type\" content=\"article\" \/>\n<meta property=\"og:title\" content=\"Vi\u0161e mogu\u0107nosti za mlade nego ikada ranije: 2017. rekordna godina programa Erasmus+ - Europe House\" \/>\n<meta property=\"og:description\" content=\"Blizu 800 000 ljudi iz 44 zemlje bilo je dio programa u 2017. godini, tokom koje je EU ulo\u017eila 2.6 milijardi eura\" \/>\n<meta property=\"og:url\" content=\"https:\/\/www.evropskakuca.me\/me\/vise-mogucnosti-za-mlade-nego-ikada-ranije-2017-rekordna-godina-programa-erasmus\/\" \/>\n<meta property=\"og:site_name\" content=\"Europe House\" \/>\n<meta property=\"article:publisher\" content=\"https:\/\/www.facebook.com\/evropska.kuca\" \/>\n<meta property=\"article:published_time\" content=\"2019-01-29T15:26:05+00:00\" \/>\n<meta property=\"og:image\" content=\"https:\/\/www.evropskakuca.me\/wp-content\/uploads\/2016\/06\/erasmus.jpg\" \/>\n\t<meta property=\"og:image:width\" content=\"1140\" \/>\n\t<meta property=\"og:image:height\" content=\"200\" \/>\n\t<meta property=\"og:image:type\" content=\"image\/jpeg\" \/>\n<meta name=\"author\" content=\"mkajic\" \/>\n<meta name=\"twitter:card\" content=\"summary_large_image\" \/>\n<meta name=\"twitter:creator\" content=\"@evropska_kuca\" \/>\n<meta name=\"twitter:site\" content=\"@evropska_kuca\" \/>\n<meta name=\"twitter:label1\" content=\"Written by\" \/>\n\t<meta name=\"twitter:data1\" content=\"mkajic\" \/>\n\t<meta name=\"twitter:label2\" content=\"Est. reading time\" \/>\n\t<meta name=\"twitter:data2\" content=\"2 minutes\" \/>\n<script type=\"application\/ld+json\" class=\"yoast-schema-graph\">{\"@context\":\"https:\\\/\\\/schema.org\",\"@graph\":[{\"@type\":\"Article\",\"@id\":\"https:\\\/\\\/www.evropskakuca.me\\\/me\\\/vise-mogucnosti-za-mlade-nego-ikada-ranije-2017-rekordna-godina-programa-erasmus\\\/#article\",\"isPartOf\":{\"@id\":\"https:\\\/\\\/www.evropskakuca.me\\\/me\\\/vise-mogucnosti-za-mlade-nego-ikada-ranije-2017-rekordna-godina-programa-erasmus\\\/\"},\"author\":{\"name\":\"mkajic\",\"@id\":\"https:\\\/\\\/www.evropskakuca.me\\\/me\\\/#\\\/schema\\\/person\\\/a1d0dcdaefe4a1cd1d60d200ea137ba4\"},\"headline\":\"Vi\u0161e mogu\u0107nosti za mlade nego ikada ranije: 2017. rekordna godina programa Erasmus+\",\"datePublished\":\"2019-01-29T15:26:05+00:00\",\"mainEntityOfPage\":{\"@id\":\"https:\\\/\\\/www.evropskakuca.me\\\/me\\\/vise-mogucnosti-za-mlade-nego-ikada-ranije-2017-rekordna-godina-programa-erasmus\\\/\"},\"wordCount\":365,\"commentCount\":0,\"publisher\":{\"@id\":\"https:\\\/\\\/www.evropskakuca.me\\\/me\\\/#organization\"},\"image\":{\"@id\":\"https:\\\/\\\/www.evropskakuca.me\\\/me\\\/vise-mogucnosti-za-mlade-nego-ikada-ranije-2017-rekordna-godina-programa-erasmus\\\/#primaryimage\"},\"thumbnailUrl\":\"https:\\\/\\\/www.evropskakuca.me\\\/wp-content\\\/uploads\\\/2016\\\/06\\\/erasmus.jpg\",\"articleSection\":[\"Novosti\"],\"inLanguage\":\"me-ME\",\"potentialAction\":[{\"@type\":\"CommentAction\",\"name\":\"Comment\",\"target\":[\"https:\\\/\\\/www.evropskakuca.me\\\/me\\\/vise-mogucnosti-za-mlade-nego-ikada-ranije-2017-rekordna-godina-programa-erasmus\\\/#respond\"]}]},{\"@type\":\"WebPage\",\"@id\":\"https:\\\/\\\/www.evropskakuca.me\\\/me\\\/vise-mogucnosti-za-mlade-nego-ikada-ranije-2017-rekordna-godina-programa-erasmus\\\/\",\"url\":\"https:\\\/\\\/www.evropskakuca.me\\\/me\\\/vise-mogucnosti-za-mlade-nego-ikada-ranije-2017-rekordna-godina-programa-erasmus\\\/\",\"name\":\"Vi\u0161e mogu\u0107nosti za mlade nego ikada ranije: 2017. rekordna godina programa Erasmus+ - Europe House\",\"isPartOf\":{\"@id\":\"https:\\\/\\\/www.evropskakuca.me\\\/me\\\/#website\"},\"primaryImageOfPage\":{\"@id\":\"https:\\\/\\\/www.evropskakuca.me\\\/me\\\/vise-mogucnosti-za-mlade-nego-ikada-ranije-2017-rekordna-godina-programa-erasmus\\\/#primaryimage\"},\"image\":{\"@id\":\"https:\\\/\\\/www.evropskakuca.me\\\/me\\\/vise-mogucnosti-za-mlade-nego-ikada-ranije-2017-rekordna-godina-programa-erasmus\\\/#primaryimage\"},\"thumbnailUrl\":\"https:\\\/\\\/www.evropskakuca.me\\\/wp-content\\\/uploads\\\/2016\\\/06\\\/erasmus.jpg\",\"datePublished\":\"2019-01-29T15:26:05+00:00\",\"breadcrumb\":{\"@id\":\"https:\\\/\\\/www.evropskakuca.me\\\/me\\\/vise-mogucnosti-za-mlade-nego-ikada-ranije-2017-rekordna-godina-programa-erasmus\\\/#breadcrumb\"},\"inLanguage\":\"me-ME\",\"potentialAction\":[{\"@type\":\"ReadAction\",\"target\":[\"https:\\\/\\\/www.evropskakuca.me\\\/me\\\/vise-mogucnosti-za-mlade-nego-ikada-ranije-2017-rekordna-godina-programa-erasmus\\\/\"]}]},{\"@type\":\"ImageObject\",\"inLanguage\":\"me-ME\",\"@id\":\"https:\\\/\\\/www.evropskakuca.me\\\/me\\\/vise-mogucnosti-za-mlade-nego-ikada-ranije-2017-rekordna-godina-programa-erasmus\\\/#primaryimage\",\"url\":\"https:\\\/\\\/www.evropskakuca.me\\\/wp-content\\\/uploads\\\/2016\\\/06\\\/erasmus.jpg\",\"contentUrl\":\"https:\\\/\\\/www.evropskakuca.me\\\/wp-content\\\/uploads\\\/2016\\\/06\\\/erasmus.jpg\",\"width\":1140,\"height\":200},{\"@type\":\"BreadcrumbList\",\"@id\":\"https:\\\/\\\/www.evropskakuca.me\\\/me\\\/vise-mogucnosti-za-mlade-nego-ikada-ranije-2017-rekordna-godina-programa-erasmus\\\/#breadcrumb\",\"itemListElement\":[{\"@type\":\"ListItem\",\"position\":1,\"name\":\"Home\",\"item\":\"https:\\\/\\\/www.evropskakuca.me\\\/me\\\/\"},{\"@type\":\"ListItem\",\"position\":2,\"name\":\"Vi\u0161e mogu\u0107nosti za mlade nego ikada ranije: 2017. rekordna godina programa Erasmus+\"}]},{\"@type\":\"WebSite\",\"@id\":\"https:\\\/\\\/www.evropskakuca.me\\\/me\\\/#website\",\"url\":\"https:\\\/\\\/www.evropskakuca.me\\\/me\\\/\",\"name\":\"Evropean house\",\"description\":\"\",\"publisher\":{\"@id\":\"https:\\\/\\\/www.evropskakuca.me\\\/me\\\/#organization\"},\"potentialAction\":[{\"@type\":\"SearchAction\",\"target\":{\"@type\":\"EntryPoint\",\"urlTemplate\":\"https:\\\/\\\/www.evropskakuca.me\\\/me\\\/?s={search_term_string}\"},\"query-input\":{\"@type\":\"PropertyValueSpecification\",\"valueRequired\":true,\"valueName\":\"search_term_string\"}}],\"inLanguage\":\"me-ME\"},{\"@type\":\"Organization\",\"@id\":\"https:\\\/\\\/www.evropskakuca.me\\\/me\\\/#organization\",\"name\":\"Evropean house\",\"url\":\"https:\\\/\\\/www.evropskakuca.me\\\/me\\\/\",\"logo\":{\"@type\":\"ImageObject\",\"inLanguage\":\"me-ME\",\"@id\":\"https:\\\/\\\/www.evropskakuca.me\\\/me\\\/#\\\/schema\\\/logo\\\/image\\\/\",\"url\":\"https:\\\/\\\/www.evropskakuca.me\\\/wp-content\\\/uploads\\\/2025\\\/01\\\/evropska-kuca-logo-1.png\",\"contentUrl\":\"https:\\\/\\\/www.evropskakuca.me\\\/wp-content\\\/uploads\\\/2025\\\/01\\\/evropska-kuca-logo-1.png\",\"width\":425,\"height\":312,\"caption\":\"Evropean house\"},\"image\":{\"@id\":\"https:\\\/\\\/www.evropskakuca.me\\\/me\\\/#\\\/schema\\\/logo\\\/image\\\/\"},\"sameAs\":[\"https:\\\/\\\/www.facebook.com\\\/evropska.kuca\",\"https:\\\/\\\/x.com\\\/evropska_kuca\",\"https:\\\/\\\/www.instagram.com\\\/evropska_kuca\"]},{\"@type\":\"Person\",\"@id\":\"https:\\\/\\\/www.evropskakuca.me\\\/me\\\/#\\\/schema\\\/person\\\/a1d0dcdaefe4a1cd1d60d200ea137ba4\",\"name\":\"mkajic\",\"image\":{\"@type\":\"ImageObject\",\"inLanguage\":\"me-ME\",\"@id\":\"https:\\\/\\\/secure.gravatar.com\\\/avatar\\\/731fa035cefab7316e6bafd1f25a93fb731a07de14e2d9923f8db4422628eabc?s=96&d=mm&r=g\",\"url\":\"https:\\\/\\\/secure.gravatar.com\\\/avatar\\\/731fa035cefab7316e6bafd1f25a93fb731a07de14e2d9923f8db4422628eabc?s=96&d=mm&r=g\",\"contentUrl\":\"https:\\\/\\\/secure.gravatar.com\\\/avatar\\\/731fa035cefab7316e6bafd1f25a93fb731a07de14e2d9923f8db4422628eabc?s=96&d=mm&r=g\",\"caption\":\"mkajic\"},\"sameAs\":[\"https:\\\/\\\/evropskakuca.me\"],\"url\":\"https:\\\/\\\/www.evropskakuca.me\\\/me\\\/author\\\/mkajic\\\/\"}]}<\/script>\n<!-- \/ Yoast SEO plugin. -->","yoast_head_json":{"title":"Vi\u0161e mogu\u0107nosti za mlade nego ikada ranije: 2017. rekordna godina programa Erasmus+ - Europe House","robots":{"index":"index","follow":"follow","max-snippet":"max-snippet:-1","max-image-preview":"max-image-preview:large","max-video-preview":"max-video-preview:-1"},"canonical":"https:\/\/www.evropskakuca.me\/me\/vise-mogucnosti-za-mlade-nego-ikada-ranije-2017-rekordna-godina-programa-erasmus\/","og_locale":"en_US","og_type":"article","og_title":"Vi\u0161e mogu\u0107nosti za mlade nego ikada ranije: 2017. rekordna godina programa Erasmus+ - Europe House","og_description":"Blizu 800 000 ljudi iz 44 zemlje bilo je dio programa u 2017. godini, tokom koje je EU ulo\u017eila 2.6 milijardi eura","og_url":"https:\/\/www.evropskakuca.me\/me\/vise-mogucnosti-za-mlade-nego-ikada-ranije-2017-rekordna-godina-programa-erasmus\/","og_site_name":"Europe House","article_publisher":"https:\/\/www.facebook.com\/evropska.kuca","article_published_time":"2019-01-29T15:26:05+00:00","og_image":[{"width":1140,"height":200,"url":"https:\/\/www.evropskakuca.me\/wp-content\/uploads\/2016\/06\/erasmus.jpg","type":"image\/jpeg"}],"author":"mkajic","twitter_card":"summary_large_image","twitter_creator":"@evropska_kuca","twitter_site":"@evropska_kuca","twitter_misc":{"Written by":"mkajic","Est. reading time":"2 minutes"},"schema":{"@context":"https:\/\/schema.org","@graph":[{"@type":"Article","@id":"https:\/\/www.evropskakuca.me\/me\/vise-mogucnosti-za-mlade-nego-ikada-ranije-2017-rekordna-godina-programa-erasmus\/#article","isPartOf":{"@id":"https:\/\/www.evropskakuca.me\/me\/vise-mogucnosti-za-mlade-nego-ikada-ranije-2017-rekordna-godina-programa-erasmus\/"},"author":{"name":"mkajic","@id":"https:\/\/www.evropskakuca.me\/me\/#\/schema\/person\/a1d0dcdaefe4a1cd1d60d200ea137ba4"},"headline":"Vi\u0161e mogu\u0107nosti za mlade nego ikada ranije: 2017. rekordna godina programa Erasmus+","datePublished":"2019-01-29T15:26:05+00:00","mainEntityOfPage":{"@id":"https:\/\/www.evropskakuca.me\/me\/vise-mogucnosti-za-mlade-nego-ikada-ranije-2017-rekordna-godina-programa-erasmus\/"},"wordCount":365,"commentCount":0,"publisher":{"@id":"https:\/\/www.evropskakuca.me\/me\/#organization"},"image":{"@id":"https:\/\/www.evropskakuca.me\/me\/vise-mogucnosti-za-mlade-nego-ikada-ranije-2017-rekordna-godina-programa-erasmus\/#primaryimage"},"thumbnailUrl":"https:\/\/www.evropskakuca.me\/wp-content\/uploads\/2016\/06\/erasmus.jpg","articleSection":["Novosti"],"inLanguage":"me-ME","potentialAction":[{"@type":"CommentAction","name":"Comment","target":["https:\/\/www.evropskakuca.me\/me\/vise-mogucnosti-za-mlade-nego-ikada-ranije-2017-rekordna-godina-programa-erasmus\/#respond"]}]},{"@type":"WebPage","@id":"https:\/\/www.evropskakuca.me\/me\/vise-mogucnosti-za-mlade-nego-ikada-ranije-2017-rekordna-godina-programa-erasmus\/","url":"https:\/\/www.evropskakuca.me\/me\/vise-mogucnosti-za-mlade-nego-ikada-ranije-2017-rekordna-godina-programa-erasmus\/","name":"Vi\u0161e mogu\u0107nosti za mlade nego ikada ranije: 2017. rekordna godina programa Erasmus+ - Europe House","isPartOf":{"@id":"https:\/\/www.evropskakuca.me\/me\/#website"},"primaryImageOfPage":{"@id":"https:\/\/www.evropskakuca.me\/me\/vise-mogucnosti-za-mlade-nego-ikada-ranije-2017-rekordna-godina-programa-erasmus\/#primaryimage"},"image":{"@id":"https:\/\/www.evropskakuca.me\/me\/vise-mogucnosti-za-mlade-nego-ikada-ranije-2017-rekordna-godina-programa-erasmus\/#primaryimage"},"thumbnailUrl":"https:\/\/www.evropskakuca.me\/wp-content\/uploads\/2016\/06\/erasmus.jpg","datePublished":"2019-01-29T15:26:05+00:00","breadcrumb":{"@id":"https:\/\/www.evropskakuca.me\/me\/vise-mogucnosti-za-mlade-nego-ikada-ranije-2017-rekordna-godina-programa-erasmus\/#breadcrumb"},"inLanguage":"me-ME","potentialAction":[{"@type":"ReadAction","target":["https:\/\/www.evropskakuca.me\/me\/vise-mogucnosti-za-mlade-nego-ikada-ranije-2017-rekordna-godina-programa-erasmus\/"]}]},{"@type":"ImageObject","inLanguage":"me-ME","@id":"https:\/\/www.evropskakuca.me\/me\/vise-mogucnosti-za-mlade-nego-ikada-ranije-2017-rekordna-godina-programa-erasmus\/#primaryimage","url":"https:\/\/www.evropskakuca.me\/wp-content\/uploads\/2016\/06\/erasmus.jpg","contentUrl":"https:\/\/www.evropskakuca.me\/wp-content\/uploads\/2016\/06\/erasmus.jpg","width":1140,"height":200},{"@type":"BreadcrumbList","@id":"https:\/\/www.evropskakuca.me\/me\/vise-mogucnosti-za-mlade-nego-ikada-ranije-2017-rekordna-godina-programa-erasmus\/#breadcrumb","itemListElement":[{"@type":"ListItem","position":1,"name":"Home","item":"https:\/\/www.evropskakuca.me\/me\/"},{"@type":"ListItem","position":2,"name":"Vi\u0161e mogu\u0107nosti za mlade nego ikada ranije: 2017. rekordna godina programa Erasmus+"}]},{"@type":"WebSite","@id":"https:\/\/www.evropskakuca.me\/me\/#website","url":"https:\/\/www.evropskakuca.me\/me\/","name":"Evropean house","description":"","publisher":{"@id":"https:\/\/www.evropskakuca.me\/me\/#organization"},"potentialAction":[{"@type":"SearchAction","target":{"@type":"EntryPoint","urlTemplate":"https:\/\/www.evropskakuca.me\/me\/?s={search_term_string}"},"query-input":{"@type":"PropertyValueSpecification","valueRequired":true,"valueName":"search_term_string"}}],"inLanguage":"me-ME"},{"@type":"Organization","@id":"https:\/\/www.evropskakuca.me\/me\/#organization","name":"Evropean house","url":"https:\/\/www.evropskakuca.me\/me\/","logo":{"@type":"ImageObject","inLanguage":"me-ME","@id":"https:\/\/www.evropskakuca.me\/me\/#\/schema\/logo\/image\/","url":"https:\/\/www.evropskakuca.me\/wp-content\/uploads\/2025\/01\/evropska-kuca-logo-1.png","contentUrl":"https:\/\/www.evropskakuca.me\/wp-content\/uploads\/2025\/01\/evropska-kuca-logo-1.png","width":425,"height":312,"caption":"Evropean house"},"image":{"@id":"https:\/\/www.evropskakuca.me\/me\/#\/schema\/logo\/image\/"},"sameAs":["https:\/\/www.facebook.com\/evropska.kuca","https:\/\/x.com\/evropska_kuca","https:\/\/www.instagram.com\/evropska_kuca"]},{"@type":"Person","@id":"https:\/\/www.evropskakuca.me\/me\/#\/schema\/person\/a1d0dcdaefe4a1cd1d60d200ea137ba4","name":"mkajic","image":{"@type":"ImageObject","inLanguage":"me-ME","@id":"https:\/\/secure.gravatar.com\/avatar\/731fa035cefab7316e6bafd1f25a93fb731a07de14e2d9923f8db4422628eabc?s=96&d=mm&r=g","url":"https:\/\/secure.gravatar.com\/avatar\/731fa035cefab7316e6bafd1f25a93fb731a07de14e2d9923f8db4422628eabc?s=96&d=mm&r=g","contentUrl":"https:\/\/secure.gravatar.com\/avatar\/731fa035cefab7316e6bafd1f25a93fb731a07de14e2d9923f8db4422628eabc?s=96&d=mm&r=g","caption":"mkajic"},"sameAs":["https:\/\/evropskakuca.me"],"url":"https:\/\/www.evropskakuca.me\/me\/author\/mkajic\/"}]}},"_links":{"self":[{"href":"https:\/\/www.evropskakuca.me\/me\/wp-json\/wp\/v2\/posts\/6530","targetHints":{"allow":["GET"]}}],"collection":[{"href":"https:\/\/www.evropskakuca.me\/me\/wp-json\/wp\/v2\/posts"}],"about":[{"href":"https:\/\/www.evropskakuca.me\/me\/wp-json\/wp\/v2\/types\/post"}],"author":[{"embeddable":true,"href":"https:\/\/www.evropskakuca.me\/me\/wp-json\/wp\/v2\/users\/1"}],"replies":[{"embeddable":true,"href":"https:\/\/www.evropskakuca.me\/me\/wp-json\/wp\/v2\/comments?post=6530"}],"version-history":[{"count":0,"href":"https:\/\/www.evropskakuca.me\/me\/wp-json\/wp\/v2\/posts\/6530\/revisions"}],"wp:featuredmedia":[{"embeddable":true,"href":"https:\/\/www.evropskakuca.me\/me\/wp-json\/wp\/v2\/media\/31724"}],"wp:attachment":[{"href":"https:\/\/www.evropskakuca.me\/me\/wp-json\/wp\/v2\/media?parent=6530"}],"wp:term":[{"taxonomy":"category","embeddable":true,"href":"https:\/\/www.evropskakuca.me\/me\/wp-json\/wp\/v2\/categories?post=6530"},{"taxonomy":"post_tag","embeddable":true,"href":"https:\/\/www.evropskakuca.me\/me\/wp-json\/wp\/v2\/tags?post=6530"}],"curies":[{"name":"wp","href":"https:\/\/api.w.org\/{rel}","templated":true}]}}