{"id":6519,"date":"2019-01-25T16:18:56","date_gmt":"2019-01-25T16:18:56","guid":{"rendered":"http:\/\/www.evropskakuca.me\/me\/?p=6519"},"modified":"2019-01-25T16:18:56","modified_gmt":"2019-01-25T16:18:56","slug":"javna-debata-poglavlje-29-carinska-unija","status":"publish","type":"post","link":"https:\/\/www.evropskakuca.me\/me\/javna-debata-poglavlje-29-carinska-unija\/","title":{"rendered":"Javna debata: Poglavlje 29 \u2013 Carinska unija"},"content":{"rendered":"<p>Me\u0111unarodni je dan carine. Tim povodom u EU info centru organizovana je <strong>javna debata o pregovara\u010dkom poglavlju 29 &#8211; Carinska unija. <\/strong>Kako bi joj pomogla da ostvari postavljene ciljeve u ovoj oblasti, Evropska unija finansijski podr\u017eava Crnu Goru kroz fondove pretpristupne pomo\u0107i sa ukupno 4,7 miliona eura. Prije nego \u0161to pojasnimo kako i istaknemo rezultate Crne Gore u ovom poglavlju, poku\u0161a\u0107emo da pojasnimo \u0161ta je Carinska unija.<\/p>\n<p>Carinska unija od 1968. godine pru\u017ea zajedni\u010dku granicu i uklanja carinske kontrole izme\u0111u zemalja \u010dlanica Evropske unije. To prakti\u010dno zna\u010di da se trgovina i promet robe izme\u0111u zemalja \u010dlanica odvijaju bez carinske kontrole i naplate carinskih da\u017ebina, \u0161to svakodnevni \u017eivot stanovnika EU \u010dini zna\u010dajno lak\u0161im.<\/p>\n<p>Primjera radi, kada kupac iz Litvanije naru\u010di par cipela iz Francuske, bi\u0107e mu dostavljene na ku\u0107nu adresu bez zadr\u017eavanja na carini \u2013 jer ona u EU ne postoji. Kada Slovenac kupuje bicikl holandskog proizvo\u0111a\u010da, za to ne mora da pla\u0107a carinske da\u017ebine. Isto \u0107e va\u017eiti i za dr\u017eavljane Crne Gore, kada postanemo \u010dlanica Evropske unije.<\/p>\n<p><em>\u201eKada je rije\u010d o crnogorskim privrednicima i preduzetnicima, uklanjanjem carinskih barijera, pru\u017ei\u0107e se \u0161ansa za nesmetano plasiranje proizvoda, \u010dime \u0107e biti olak\u0161an izvoz doma\u0107e robe na tr\u017ei\u0161te od oko 500 miliona potro\u0161a\u010da. S druge strane, na\u0161i gra\u0111ani \u0107e imati pristup kvalitetnijim proizvodima iz zemalja EU po znatno ni\u017eim cijenama usljed pove\u0107ane konkurentnosti\u201c,<\/em> istakao je tokom uvodne rije\u010di <strong>Glavni pregovara\u010d Aleksandar Drljevi\u0107<\/strong>.<\/p>\n<p>Crna Gora je otvorila poglavlje 29 \u2013 Carinska unija <strong>krajem 2014. godine<\/strong><strong>.<\/strong> <strong>Ambasador EU u Crnoj Gori Aivo Orav <\/strong>smatra da je ostvarila napredak, tako \u0161to je nacionalno zakonodavstvo zna\u010dajno usaglasila sa evropskim i unaprijedila upravljanje rizikom. Ipak, jo\u0161 posla mora biti ura\u0111eno \u2013 naglasio je Orav.<\/p>\n<p><em>\u201cNelegalno tr\u017ei\u0161te cigareta ostaje oblast koja posebno zabrinjava. Carinske vlasti moraju da\u00a0 se suo\u010de sa zna\u010dajnim izazovima u ovoj oblasti i dodatno poja\u010daju me\u0111unarodnu saradnju\u201d, <\/em>zaklju\u010dio je ambasador.<em>\u00a0\u00a0<\/em><\/p>\n<p><a href=\"http:\/\/www.evropskakuca.me\/wp-content\/uploads\/2019\/01\/carina-pixabay.jpg\"><img fetchpriority=\"high\" decoding=\"async\" class=\"alignleft size-full wp-image-6523\" src=\"http:\/\/www.evropskakuca.me\/wp-content\/uploads\/2019\/01\/carina-pixabay.jpg\" alt=\"\" width=\"960\" height=\"642\" \/><\/a><\/p>\n<p>Poglavlje 29 je zahtjevan i skup zadatak i jedno od finansijski najizazovnijih poglavlja u pregovorima sa EU.\u00a0 Najve\u0107i izazov je modernizacija sistema kroz primjenu novih tehnologija. EU iz fondova pretpristupne pomo\u0107i finansira razvoj Novog kompjuterizovanog carinskog sistema (NCTS) sa 3,3 miliona eura. Dodatnih 1,4 miliona eura ulo\u017eila je u osna\u017eivanje kontrole granica, kroz Strategiju integrisanog upravljanja granicama.<\/p>\n<p><em>\u201eMi smo \u010dvrsto opredijeljeni da uz izmjenu propisa uporedo radimo i na razvijanju nacionalnih elektronskih sistema, koji \u0107e omogu\u0107iti da poslovni procesi vi\u0161e ne budu u papirnoj formi, ve\u0107 da budu elektronski, kompatibilni sa sistemima EU\u201c, naveo je <\/em><strong>Vladan Jokovi\u0107, direktor Uprave carina i \u0161ef Radne grupe za 29. poglavlje. <\/strong><\/p>\n<p>Panel o poglavlju 29\u00a0 organizovan je u okviru projekta <a href=\"http:\/\/www.eu.me\/mn\/\">EU4ME<\/a> koji finansira Evropska unija, a sprovodi UNDP.<\/p>\n","protected":false},"excerpt":{"rendered":"<p>Crna Gora napredovala, ali predstoji jo\u0161 posla <\/p>\n","protected":false},"author":1,"featured_media":31168,"comment_status":"open","ping_status":"open","sticky":false,"template":"","format":"standard","meta":{"_acf_changed":false,"footnotes":""},"categories":[283],"tags":[],"class_list":["post-6519","post","type-post","status-publish","format-standard","has-post-thumbnail","hentry","category-novosti-me"],"acf":[],"yoast_head":"<!-- This site is optimized with the Yoast SEO plugin v27.3 - https:\/\/yoast.com\/product\/yoast-seo-wordpress\/ -->\n<title>Javna debata: Poglavlje 29 \u2013 Carinska unija - Europe House<\/title>\n<meta name=\"robots\" content=\"index, follow, max-snippet:-1, max-image-preview:large, max-video-preview:-1\" \/>\n<link rel=\"canonical\" href=\"https:\/\/www.evropskakuca.me\/me\/javna-debata-poglavlje-29-carinska-unija\/\" \/>\n<meta property=\"og:locale\" content=\"en_US\" \/>\n<meta property=\"og:type\" content=\"article\" \/>\n<meta property=\"og:title\" content=\"Javna debata: Poglavlje 29 \u2013 Carinska unija - Europe House\" \/>\n<meta property=\"og:description\" content=\"Crna Gora napredovala, ali predstoji jo\u0161 posla\" \/>\n<meta property=\"og:url\" content=\"https:\/\/www.evropskakuca.me\/me\/javna-debata-poglavlje-29-carinska-unija\/\" \/>\n<meta property=\"og:site_name\" content=\"Europe House\" \/>\n<meta property=\"article:publisher\" content=\"https:\/\/www.facebook.com\/evropska.kuca\" \/>\n<meta property=\"article:published_time\" content=\"2019-01-25T16:18:56+00:00\" \/>\n<meta property=\"og:image\" content=\"https:\/\/www.evropskakuca.me\/wp-content\/uploads\/2015\/06\/1.jpg\" \/>\n\t<meta property=\"og:image:width\" content=\"560\" \/>\n\t<meta property=\"og:image:height\" content=\"352\" \/>\n\t<meta property=\"og:image:type\" content=\"image\/jpeg\" \/>\n<meta name=\"author\" content=\"mkajic\" \/>\n<meta name=\"twitter:card\" content=\"summary_large_image\" \/>\n<meta name=\"twitter:creator\" content=\"@evropska_kuca\" \/>\n<meta name=\"twitter:site\" content=\"@evropska_kuca\" \/>\n<meta name=\"twitter:label1\" content=\"Written by\" \/>\n\t<meta name=\"twitter:data1\" content=\"mkajic\" \/>\n\t<meta name=\"twitter:label2\" content=\"Est. reading time\" \/>\n\t<meta name=\"twitter:data2\" content=\"2 minutes\" \/>\n<script type=\"application\/ld+json\" class=\"yoast-schema-graph\">{\"@context\":\"https:\\\/\\\/schema.org\",\"@graph\":[{\"@type\":\"Article\",\"@id\":\"https:\\\/\\\/www.evropskakuca.me\\\/me\\\/javna-debata-poglavlje-29-carinska-unija\\\/#article\",\"isPartOf\":{\"@id\":\"https:\\\/\\\/www.evropskakuca.me\\\/me\\\/javna-debata-poglavlje-29-carinska-unija\\\/\"},\"author\":{\"name\":\"mkajic\",\"@id\":\"https:\\\/\\\/www.evropskakuca.me\\\/me\\\/#\\\/schema\\\/person\\\/a1d0dcdaefe4a1cd1d60d200ea137ba4\"},\"headline\":\"Javna debata: Poglavlje 29 \u2013 Carinska unija\",\"datePublished\":\"2019-01-25T16:18:56+00:00\",\"mainEntityOfPage\":{\"@id\":\"https:\\\/\\\/www.evropskakuca.me\\\/me\\\/javna-debata-poglavlje-29-carinska-unija\\\/\"},\"wordCount\":472,\"commentCount\":0,\"publisher\":{\"@id\":\"https:\\\/\\\/www.evropskakuca.me\\\/me\\\/#organization\"},\"image\":{\"@id\":\"https:\\\/\\\/www.evropskakuca.me\\\/me\\\/javna-debata-poglavlje-29-carinska-unija\\\/#primaryimage\"},\"thumbnailUrl\":\"https:\\\/\\\/www.evropskakuca.me\\\/wp-content\\\/uploads\\\/2015\\\/06\\\/1.jpg\",\"articleSection\":[\"Novosti\"],\"inLanguage\":\"me-ME\",\"potentialAction\":[{\"@type\":\"CommentAction\",\"name\":\"Comment\",\"target\":[\"https:\\\/\\\/www.evropskakuca.me\\\/me\\\/javna-debata-poglavlje-29-carinska-unija\\\/#respond\"]}]},{\"@type\":\"WebPage\",\"@id\":\"https:\\\/\\\/www.evropskakuca.me\\\/me\\\/javna-debata-poglavlje-29-carinska-unija\\\/\",\"url\":\"https:\\\/\\\/www.evropskakuca.me\\\/me\\\/javna-debata-poglavlje-29-carinska-unija\\\/\",\"name\":\"Javna debata: Poglavlje 29 \u2013 Carinska unija - Europe House\",\"isPartOf\":{\"@id\":\"https:\\\/\\\/www.evropskakuca.me\\\/me\\\/#website\"},\"primaryImageOfPage\":{\"@id\":\"https:\\\/\\\/www.evropskakuca.me\\\/me\\\/javna-debata-poglavlje-29-carinska-unija\\\/#primaryimage\"},\"image\":{\"@id\":\"https:\\\/\\\/www.evropskakuca.me\\\/me\\\/javna-debata-poglavlje-29-carinska-unija\\\/#primaryimage\"},\"thumbnailUrl\":\"https:\\\/\\\/www.evropskakuca.me\\\/wp-content\\\/uploads\\\/2015\\\/06\\\/1.jpg\",\"datePublished\":\"2019-01-25T16:18:56+00:00\",\"breadcrumb\":{\"@id\":\"https:\\\/\\\/www.evropskakuca.me\\\/me\\\/javna-debata-poglavlje-29-carinska-unija\\\/#breadcrumb\"},\"inLanguage\":\"me-ME\",\"potentialAction\":[{\"@type\":\"ReadAction\",\"target\":[\"https:\\\/\\\/www.evropskakuca.me\\\/me\\\/javna-debata-poglavlje-29-carinska-unija\\\/\"]}]},{\"@type\":\"ImageObject\",\"inLanguage\":\"me-ME\",\"@id\":\"https:\\\/\\\/www.evropskakuca.me\\\/me\\\/javna-debata-poglavlje-29-carinska-unija\\\/#primaryimage\",\"url\":\"https:\\\/\\\/www.evropskakuca.me\\\/wp-content\\\/uploads\\\/2015\\\/06\\\/1.jpg\",\"contentUrl\":\"https:\\\/\\\/www.evropskakuca.me\\\/wp-content\\\/uploads\\\/2015\\\/06\\\/1.jpg\",\"width\":560,\"height\":352},{\"@type\":\"BreadcrumbList\",\"@id\":\"https:\\\/\\\/www.evropskakuca.me\\\/me\\\/javna-debata-poglavlje-29-carinska-unija\\\/#breadcrumb\",\"itemListElement\":[{\"@type\":\"ListItem\",\"position\":1,\"name\":\"Home\",\"item\":\"https:\\\/\\\/www.evropskakuca.me\\\/me\\\/\"},{\"@type\":\"ListItem\",\"position\":2,\"name\":\"Javna debata: Poglavlje 29 \u2013 Carinska unija\"}]},{\"@type\":\"WebSite\",\"@id\":\"https:\\\/\\\/www.evropskakuca.me\\\/me\\\/#website\",\"url\":\"https:\\\/\\\/www.evropskakuca.me\\\/me\\\/\",\"name\":\"Evropean house\",\"description\":\"\",\"publisher\":{\"@id\":\"https:\\\/\\\/www.evropskakuca.me\\\/me\\\/#organization\"},\"potentialAction\":[{\"@type\":\"SearchAction\",\"target\":{\"@type\":\"EntryPoint\",\"urlTemplate\":\"https:\\\/\\\/www.evropskakuca.me\\\/me\\\/?s={search_term_string}\"},\"query-input\":{\"@type\":\"PropertyValueSpecification\",\"valueRequired\":true,\"valueName\":\"search_term_string\"}}],\"inLanguage\":\"me-ME\"},{\"@type\":\"Organization\",\"@id\":\"https:\\\/\\\/www.evropskakuca.me\\\/me\\\/#organization\",\"name\":\"Evropean house\",\"url\":\"https:\\\/\\\/www.evropskakuca.me\\\/me\\\/\",\"logo\":{\"@type\":\"ImageObject\",\"inLanguage\":\"me-ME\",\"@id\":\"https:\\\/\\\/www.evropskakuca.me\\\/me\\\/#\\\/schema\\\/logo\\\/image\\\/\",\"url\":\"https:\\\/\\\/www.evropskakuca.me\\\/wp-content\\\/uploads\\\/2025\\\/01\\\/evropska-kuca-logo-1.png\",\"contentUrl\":\"https:\\\/\\\/www.evropskakuca.me\\\/wp-content\\\/uploads\\\/2025\\\/01\\\/evropska-kuca-logo-1.png\",\"width\":425,\"height\":312,\"caption\":\"Evropean house\"},\"image\":{\"@id\":\"https:\\\/\\\/www.evropskakuca.me\\\/me\\\/#\\\/schema\\\/logo\\\/image\\\/\"},\"sameAs\":[\"https:\\\/\\\/www.facebook.com\\\/evropska.kuca\",\"https:\\\/\\\/x.com\\\/evropska_kuca\",\"https:\\\/\\\/www.instagram.com\\\/evropska_kuca\"]},{\"@type\":\"Person\",\"@id\":\"https:\\\/\\\/www.evropskakuca.me\\\/me\\\/#\\\/schema\\\/person\\\/a1d0dcdaefe4a1cd1d60d200ea137ba4\",\"name\":\"mkajic\",\"image\":{\"@type\":\"ImageObject\",\"inLanguage\":\"me-ME\",\"@id\":\"https:\\\/\\\/secure.gravatar.com\\\/avatar\\\/731fa035cefab7316e6bafd1f25a93fb731a07de14e2d9923f8db4422628eabc?s=96&d=mm&r=g\",\"url\":\"https:\\\/\\\/secure.gravatar.com\\\/avatar\\\/731fa035cefab7316e6bafd1f25a93fb731a07de14e2d9923f8db4422628eabc?s=96&d=mm&r=g\",\"contentUrl\":\"https:\\\/\\\/secure.gravatar.com\\\/avatar\\\/731fa035cefab7316e6bafd1f25a93fb731a07de14e2d9923f8db4422628eabc?s=96&d=mm&r=g\",\"caption\":\"mkajic\"},\"sameAs\":[\"https:\\\/\\\/evropskakuca.me\"],\"url\":\"https:\\\/\\\/www.evropskakuca.me\\\/me\\\/author\\\/mkajic\\\/\"}]}<\/script>\n<!-- \/ Yoast SEO plugin. -->","yoast_head_json":{"title":"Javna debata: Poglavlje 29 \u2013 Carinska unija - Europe House","robots":{"index":"index","follow":"follow","max-snippet":"max-snippet:-1","max-image-preview":"max-image-preview:large","max-video-preview":"max-video-preview:-1"},"canonical":"https:\/\/www.evropskakuca.me\/me\/javna-debata-poglavlje-29-carinska-unija\/","og_locale":"en_US","og_type":"article","og_title":"Javna debata: Poglavlje 29 \u2013 Carinska unija - Europe House","og_description":"Crna Gora napredovala, ali predstoji jo\u0161 posla","og_url":"https:\/\/www.evropskakuca.me\/me\/javna-debata-poglavlje-29-carinska-unija\/","og_site_name":"Europe House","article_publisher":"https:\/\/www.facebook.com\/evropska.kuca","article_published_time":"2019-01-25T16:18:56+00:00","og_image":[{"width":560,"height":352,"url":"https:\/\/www.evropskakuca.me\/wp-content\/uploads\/2015\/06\/1.jpg","type":"image\/jpeg"}],"author":"mkajic","twitter_card":"summary_large_image","twitter_creator":"@evropska_kuca","twitter_site":"@evropska_kuca","twitter_misc":{"Written by":"mkajic","Est. reading time":"2 minutes"},"schema":{"@context":"https:\/\/schema.org","@graph":[{"@type":"Article","@id":"https:\/\/www.evropskakuca.me\/me\/javna-debata-poglavlje-29-carinska-unija\/#article","isPartOf":{"@id":"https:\/\/www.evropskakuca.me\/me\/javna-debata-poglavlje-29-carinska-unija\/"},"author":{"name":"mkajic","@id":"https:\/\/www.evropskakuca.me\/me\/#\/schema\/person\/a1d0dcdaefe4a1cd1d60d200ea137ba4"},"headline":"Javna debata: Poglavlje 29 \u2013 Carinska unija","datePublished":"2019-01-25T16:18:56+00:00","mainEntityOfPage":{"@id":"https:\/\/www.evropskakuca.me\/me\/javna-debata-poglavlje-29-carinska-unija\/"},"wordCount":472,"commentCount":0,"publisher":{"@id":"https:\/\/www.evropskakuca.me\/me\/#organization"},"image":{"@id":"https:\/\/www.evropskakuca.me\/me\/javna-debata-poglavlje-29-carinska-unija\/#primaryimage"},"thumbnailUrl":"https:\/\/www.evropskakuca.me\/wp-content\/uploads\/2015\/06\/1.jpg","articleSection":["Novosti"],"inLanguage":"me-ME","potentialAction":[{"@type":"CommentAction","name":"Comment","target":["https:\/\/www.evropskakuca.me\/me\/javna-debata-poglavlje-29-carinska-unija\/#respond"]}]},{"@type":"WebPage","@id":"https:\/\/www.evropskakuca.me\/me\/javna-debata-poglavlje-29-carinska-unija\/","url":"https:\/\/www.evropskakuca.me\/me\/javna-debata-poglavlje-29-carinska-unija\/","name":"Javna debata: Poglavlje 29 \u2013 Carinska unija - Europe House","isPartOf":{"@id":"https:\/\/www.evropskakuca.me\/me\/#website"},"primaryImageOfPage":{"@id":"https:\/\/www.evropskakuca.me\/me\/javna-debata-poglavlje-29-carinska-unija\/#primaryimage"},"image":{"@id":"https:\/\/www.evropskakuca.me\/me\/javna-debata-poglavlje-29-carinska-unija\/#primaryimage"},"thumbnailUrl":"https:\/\/www.evropskakuca.me\/wp-content\/uploads\/2015\/06\/1.jpg","datePublished":"2019-01-25T16:18:56+00:00","breadcrumb":{"@id":"https:\/\/www.evropskakuca.me\/me\/javna-debata-poglavlje-29-carinska-unija\/#breadcrumb"},"inLanguage":"me-ME","potentialAction":[{"@type":"ReadAction","target":["https:\/\/www.evropskakuca.me\/me\/javna-debata-poglavlje-29-carinska-unija\/"]}]},{"@type":"ImageObject","inLanguage":"me-ME","@id":"https:\/\/www.evropskakuca.me\/me\/javna-debata-poglavlje-29-carinska-unija\/#primaryimage","url":"https:\/\/www.evropskakuca.me\/wp-content\/uploads\/2015\/06\/1.jpg","contentUrl":"https:\/\/www.evropskakuca.me\/wp-content\/uploads\/2015\/06\/1.jpg","width":560,"height":352},{"@type":"BreadcrumbList","@id":"https:\/\/www.evropskakuca.me\/me\/javna-debata-poglavlje-29-carinska-unija\/#breadcrumb","itemListElement":[{"@type":"ListItem","position":1,"name":"Home","item":"https:\/\/www.evropskakuca.me\/me\/"},{"@type":"ListItem","position":2,"name":"Javna debata: Poglavlje 29 \u2013 Carinska unija"}]},{"@type":"WebSite","@id":"https:\/\/www.evropskakuca.me\/me\/#website","url":"https:\/\/www.evropskakuca.me\/me\/","name":"Evropean house","description":"","publisher":{"@id":"https:\/\/www.evropskakuca.me\/me\/#organization"},"potentialAction":[{"@type":"SearchAction","target":{"@type":"EntryPoint","urlTemplate":"https:\/\/www.evropskakuca.me\/me\/?s={search_term_string}"},"query-input":{"@type":"PropertyValueSpecification","valueRequired":true,"valueName":"search_term_string"}}],"inLanguage":"me-ME"},{"@type":"Organization","@id":"https:\/\/www.evropskakuca.me\/me\/#organization","name":"Evropean house","url":"https:\/\/www.evropskakuca.me\/me\/","logo":{"@type":"ImageObject","inLanguage":"me-ME","@id":"https:\/\/www.evropskakuca.me\/me\/#\/schema\/logo\/image\/","url":"https:\/\/www.evropskakuca.me\/wp-content\/uploads\/2025\/01\/evropska-kuca-logo-1.png","contentUrl":"https:\/\/www.evropskakuca.me\/wp-content\/uploads\/2025\/01\/evropska-kuca-logo-1.png","width":425,"height":312,"caption":"Evropean house"},"image":{"@id":"https:\/\/www.evropskakuca.me\/me\/#\/schema\/logo\/image\/"},"sameAs":["https:\/\/www.facebook.com\/evropska.kuca","https:\/\/x.com\/evropska_kuca","https:\/\/www.instagram.com\/evropska_kuca"]},{"@type":"Person","@id":"https:\/\/www.evropskakuca.me\/me\/#\/schema\/person\/a1d0dcdaefe4a1cd1d60d200ea137ba4","name":"mkajic","image":{"@type":"ImageObject","inLanguage":"me-ME","@id":"https:\/\/secure.gravatar.com\/avatar\/731fa035cefab7316e6bafd1f25a93fb731a07de14e2d9923f8db4422628eabc?s=96&d=mm&r=g","url":"https:\/\/secure.gravatar.com\/avatar\/731fa035cefab7316e6bafd1f25a93fb731a07de14e2d9923f8db4422628eabc?s=96&d=mm&r=g","contentUrl":"https:\/\/secure.gravatar.com\/avatar\/731fa035cefab7316e6bafd1f25a93fb731a07de14e2d9923f8db4422628eabc?s=96&d=mm&r=g","caption":"mkajic"},"sameAs":["https:\/\/evropskakuca.me"],"url":"https:\/\/www.evropskakuca.me\/me\/author\/mkajic\/"}]}},"_links":{"self":[{"href":"https:\/\/www.evropskakuca.me\/me\/wp-json\/wp\/v2\/posts\/6519","targetHints":{"allow":["GET"]}}],"collection":[{"href":"https:\/\/www.evropskakuca.me\/me\/wp-json\/wp\/v2\/posts"}],"about":[{"href":"https:\/\/www.evropskakuca.me\/me\/wp-json\/wp\/v2\/types\/post"}],"author":[{"embeddable":true,"href":"https:\/\/www.evropskakuca.me\/me\/wp-json\/wp\/v2\/users\/1"}],"replies":[{"embeddable":true,"href":"https:\/\/www.evropskakuca.me\/me\/wp-json\/wp\/v2\/comments?post=6519"}],"version-history":[{"count":0,"href":"https:\/\/www.evropskakuca.me\/me\/wp-json\/wp\/v2\/posts\/6519\/revisions"}],"wp:featuredmedia":[{"embeddable":true,"href":"https:\/\/www.evropskakuca.me\/me\/wp-json\/wp\/v2\/media\/31168"}],"wp:attachment":[{"href":"https:\/\/www.evropskakuca.me\/me\/wp-json\/wp\/v2\/media?parent=6519"}],"wp:term":[{"taxonomy":"category","embeddable":true,"href":"https:\/\/www.evropskakuca.me\/me\/wp-json\/wp\/v2\/categories?post=6519"},{"taxonomy":"post_tag","embeddable":true,"href":"https:\/\/www.evropskakuca.me\/me\/wp-json\/wp\/v2\/tags?post=6519"}],"curies":[{"name":"wp","href":"https:\/\/api.w.org\/{rel}","templated":true}]}}