{"id":6467,"date":"2019-01-18T09:28:44","date_gmt":"2019-01-18T09:28:44","guid":{"rendered":"http:\/\/www.evropskakuca.me\/me\/?p=6467"},"modified":"2019-01-18T09:28:44","modified_gmt":"2019-01-18T09:28:44","slug":"kako-povecati-broj-roma-i-egipcana-u-srednjoj-skoli-i-na-trzistu-rada","status":"publish","type":"post","link":"https:\/\/www.evropskakuca.me\/me\/kako-povecati-broj-roma-i-egipcana-u-srednjoj-skoli-i-na-trzistu-rada\/","title":{"rendered":"Kako pove\u0107ati broj Roma i Egip\u0107ana u srednjoj \u0161koli i na tr\u017ei\u0161tu rada?"},"content":{"rendered":"<p style=\"padding-left: 30px;\">U Crnoj Gori blizu 1 800 Roma i Egip\u0107ana poha\u0111a osnovnu, dok svega 135 njih ide u srednju \u0161kolu, \u0161to je manje od 0,5 procenata od ukupnog broja srednjo\u0161kolaca u Crnoj Gori. Situaciju bi trebalo da unaprijedi <strong>regionalni projekat \u201ePove\u0107anje pristupa i u\u010de\u0161\u0107a romskih u\u010denika u srednjem obrazovanju i prelasku na tr\u017ei\u0161te rada\u201c<\/strong>, koji finansira Evropska unija (EU), a sprovodi <a href=\"http:\/\/www.mladiromi.me\/eng\/\">NVO \u201eMladi Romi\u201c<\/a> posredstvom organizacije Roma Education Fund (REF).<\/p>\n<p><em>\u201eGlavni cilj projekta je pobolj\u0161anje \u0161kolskog uspijeha i zapo\u0161ljivosti romskih i egip\u0107anskih u\u010denika koji poha\u0111aju srednju \u0161kolu. To \u0107emo uraditi obezbje\u0111ivanjem finansijske podr\u0161ke kroz stipendije, mentorstva i podr\u0161ke prilikom zapo\u0161ljavanja nakon zavr\u0161etka srednje \u0161kole\u201c<\/em>, istakao je <strong>izvr\u0161ni direktor NVO \u201eMladi Romi\u201c Samir Jaha na predstavljanju projekta u EU Info centru<\/strong>.<\/p>\n<p>Projekat traje tri godine. Tokom svake \u0161kolske godine bi\u0107e stipendirano 50 u\u010denika, koji \u0107e dobiti i mentore da prate njihov rad, a 12 svr\u0161enih srednjo\u0161kolaca \u0107e dobiti praksu u nekoj od odabranih organizacija. Za to \u0107e godi\u0161nje biti obezbje\u0111eno 31.800 eura. Iznos predvi\u0111en za \u0161kolarine je 15.000 eura, a za mentorstvo 9.450 eura godi\u0161nje.<\/p>\n<p><a href=\"http:\/\/www.evropskakuca.me\/wp-content\/uploads\/2019\/01\/Predstavljanje-projekta-2.jpg\"><img fetchpriority=\"high\" decoding=\"async\" class=\"alignleft wp-image-6470\" src=\"http:\/\/www.evropskakuca.me\/wp-content\/uploads\/2019\/01\/Predstavljanje-projekta-2-1024x683.jpg\" alt=\"\" width=\"818\" height=\"545\" \/><\/a><\/p>\n<p><em>\u201eZna\u010daj ovog projekta nije samo u obezbje\u0111ivanju boljeg obrazovanja i ishoda u\u010denja, nego u razbijanju predrasuda i kod poslodavaca i kod romske zajednice, jer vrlo \u010desto Romi smatraju da im je obrazovanje nepotrebno, jer su poslovi, za koje \u010desto ne treba nikava kvalifikacija, ionako predodre\u0111eni samo za njih\u201c<\/em>, navela je povodom po\u010detka projekta <strong>Mladenka Te\u0161i\u0107, programska menad\u017eerka za ljudska prava i demokratiju u Delegaciji EU u Crnoj Gori<\/strong> i dodala: <em>\u201eTako da dugoro\u010dno i zajedni\u010dkim naporima mo\u017eemo da poka\u017eemo da je kvalitetno inkluzivno obrazovanje najbolja investicija za sve, a pogotrovo za Rome kojima je obrazovanje mo\u017eda i jedini put da se oslobode za\u010daranog kruga siroma\u0161tva.\u201c<\/em><\/p>\n<p>Zainteresovani u\u010denici i mentori mogu se prijaviti za projekat putem javnih poziva, koji \u0107e biti raspisani u februaru. Projekat \u201ePove\u0107anje pristupa i u\u010de\u0161\u0107a romskih u\u010denika u srednjem obrazovanju i prelasku na tr\u017ei\u0161te rada\u201c se, pored Crne Gore, sprovodi i u ostalim zemljama Zapadnog Balkana: Srbiji, Bosni i Hercegovini, Albaniji, Kosovu*<a href=\"#_ftn1\" name=\"_ftnref1\">[1]<\/a>, BJR Makedoniji, kao i u Turskoj. Partneri u projektu su crnogorsko Ministarstvo prosvjete, Ministarstvo za ljudska i manjinska prava, Centar za stru\u010dno obrazovanje, Zavod za \u0161kolstvo i Zavod za zapo\u0161ljavanje.<\/p>\n<p><a href=\"#_ftnref1\" name=\"_ftn1\">[1]<\/a> *Ova oznaka ne prejudicira stavove o statusu i uskla\u0111uje se sa UNSCR 1244\/1999 i Mi\u0161ljenjem Me\u0111unarodnog suda pravde o progla\u0161enju nezavisnosti Kosova<\/p>\n","protected":false},"excerpt":{"rendered":"<p>Predstavljen projekat \u201ePove\u0107anje pristupa i u\u010de\u0161\u0107a romskih u\u010denika u srednjem obrazovanju i prelasku na tr\u017ei\u0161te rada\u201c<\/p>\n","protected":false},"author":1,"featured_media":34301,"comment_status":"open","ping_status":"open","sticky":false,"template":"","format":"standard","meta":{"_acf_changed":false,"footnotes":""},"categories":[283],"tags":[],"class_list":["post-6467","post","type-post","status-publish","format-standard","has-post-thumbnail","hentry","category-novosti-me"],"acf":[],"yoast_head":"<!-- This site is optimized with the Yoast SEO plugin v27.3 - https:\/\/yoast.com\/product\/yoast-seo-wordpress\/ -->\n<title>Kako pove\u0107ati broj Roma i Egip\u0107ana u srednjoj \u0161koli i na tr\u017ei\u0161tu rada? - Europe House<\/title>\n<meta name=\"robots\" content=\"index, follow, max-snippet:-1, max-image-preview:large, max-video-preview:-1\" \/>\n<link rel=\"canonical\" href=\"https:\/\/www.evropskakuca.me\/me\/kako-povecati-broj-roma-i-egipcana-u-srednjoj-skoli-i-na-trzistu-rada\/\" \/>\n<meta property=\"og:locale\" content=\"en_US\" \/>\n<meta property=\"og:type\" content=\"article\" \/>\n<meta property=\"og:title\" content=\"Kako pove\u0107ati broj Roma i Egip\u0107ana u srednjoj \u0161koli i na tr\u017ei\u0161tu rada? - Europe House\" \/>\n<meta property=\"og:description\" content=\"Predstavljen projekat \u201ePove\u0107anje pristupa i u\u010de\u0161\u0107a romskih u\u010denika u srednjem obrazovanju i prelasku na tr\u017ei\u0161te rada\u201c\" \/>\n<meta property=\"og:url\" content=\"https:\/\/www.evropskakuca.me\/me\/kako-povecati-broj-roma-i-egipcana-u-srednjoj-skoli-i-na-trzistu-rada\/\" \/>\n<meta property=\"og:site_name\" content=\"Europe House\" \/>\n<meta property=\"article:publisher\" content=\"https:\/\/www.facebook.com\/evropska.kuca\" \/>\n<meta property=\"article:published_time\" content=\"2019-01-18T09:28:44+00:00\" \/>\n<meta property=\"og:image\" content=\"https:\/\/www.evropskakuca.me\/wp-content\/uploads\/2019\/01\/190117_mladir_euic-1024x683.jpg\" \/>\n\t<meta property=\"og:image:width\" content=\"1024\" \/>\n\t<meta property=\"og:image:height\" content=\"683\" \/>\n\t<meta property=\"og:image:type\" content=\"image\/jpeg\" \/>\n<meta name=\"author\" content=\"mkajic\" \/>\n<meta name=\"twitter:card\" content=\"summary_large_image\" \/>\n<meta name=\"twitter:creator\" content=\"@evropska_kuca\" \/>\n<meta name=\"twitter:site\" content=\"@evropska_kuca\" \/>\n<meta name=\"twitter:label1\" content=\"Written by\" \/>\n\t<meta name=\"twitter:data1\" content=\"mkajic\" \/>\n\t<meta name=\"twitter:label2\" content=\"Est. reading time\" \/>\n\t<meta name=\"twitter:data2\" content=\"2 minutes\" \/>\n<script type=\"application\/ld+json\" class=\"yoast-schema-graph\">{\"@context\":\"https:\\\/\\\/schema.org\",\"@graph\":[{\"@type\":\"Article\",\"@id\":\"https:\\\/\\\/www.evropskakuca.me\\\/me\\\/kako-povecati-broj-roma-i-egipcana-u-srednjoj-skoli-i-na-trzistu-rada\\\/#article\",\"isPartOf\":{\"@id\":\"https:\\\/\\\/www.evropskakuca.me\\\/me\\\/kako-povecati-broj-roma-i-egipcana-u-srednjoj-skoli-i-na-trzistu-rada\\\/\"},\"author\":{\"name\":\"mkajic\",\"@id\":\"https:\\\/\\\/www.evropskakuca.me\\\/me\\\/#\\\/schema\\\/person\\\/a1d0dcdaefe4a1cd1d60d200ea137ba4\"},\"headline\":\"Kako pove\u0107ati broj Roma i Egip\u0107ana u srednjoj \u0161koli i na tr\u017ei\u0161tu rada?\",\"datePublished\":\"2019-01-18T09:28:44+00:00\",\"mainEntityOfPage\":{\"@id\":\"https:\\\/\\\/www.evropskakuca.me\\\/me\\\/kako-povecati-broj-roma-i-egipcana-u-srednjoj-skoli-i-na-trzistu-rada\\\/\"},\"wordCount\":442,\"commentCount\":0,\"publisher\":{\"@id\":\"https:\\\/\\\/www.evropskakuca.me\\\/me\\\/#organization\"},\"image\":{\"@id\":\"https:\\\/\\\/www.evropskakuca.me\\\/me\\\/kako-povecati-broj-roma-i-egipcana-u-srednjoj-skoli-i-na-trzistu-rada\\\/#primaryimage\"},\"thumbnailUrl\":\"https:\\\/\\\/www.evropskakuca.me\\\/wp-content\\\/uploads\\\/2019\\\/01\\\/190117_mladir_euic.jpg\",\"articleSection\":[\"Novosti\"],\"inLanguage\":\"me-ME\",\"potentialAction\":[{\"@type\":\"CommentAction\",\"name\":\"Comment\",\"target\":[\"https:\\\/\\\/www.evropskakuca.me\\\/me\\\/kako-povecati-broj-roma-i-egipcana-u-srednjoj-skoli-i-na-trzistu-rada\\\/#respond\"]}]},{\"@type\":\"WebPage\",\"@id\":\"https:\\\/\\\/www.evropskakuca.me\\\/me\\\/kako-povecati-broj-roma-i-egipcana-u-srednjoj-skoli-i-na-trzistu-rada\\\/\",\"url\":\"https:\\\/\\\/www.evropskakuca.me\\\/me\\\/kako-povecati-broj-roma-i-egipcana-u-srednjoj-skoli-i-na-trzistu-rada\\\/\",\"name\":\"Kako pove\u0107ati broj Roma i Egip\u0107ana u srednjoj \u0161koli i na tr\u017ei\u0161tu rada? - Europe House\",\"isPartOf\":{\"@id\":\"https:\\\/\\\/www.evropskakuca.me\\\/me\\\/#website\"},\"primaryImageOfPage\":{\"@id\":\"https:\\\/\\\/www.evropskakuca.me\\\/me\\\/kako-povecati-broj-roma-i-egipcana-u-srednjoj-skoli-i-na-trzistu-rada\\\/#primaryimage\"},\"image\":{\"@id\":\"https:\\\/\\\/www.evropskakuca.me\\\/me\\\/kako-povecati-broj-roma-i-egipcana-u-srednjoj-skoli-i-na-trzistu-rada\\\/#primaryimage\"},\"thumbnailUrl\":\"https:\\\/\\\/www.evropskakuca.me\\\/wp-content\\\/uploads\\\/2019\\\/01\\\/190117_mladir_euic.jpg\",\"datePublished\":\"2019-01-18T09:28:44+00:00\",\"breadcrumb\":{\"@id\":\"https:\\\/\\\/www.evropskakuca.me\\\/me\\\/kako-povecati-broj-roma-i-egipcana-u-srednjoj-skoli-i-na-trzistu-rada\\\/#breadcrumb\"},\"inLanguage\":\"me-ME\",\"potentialAction\":[{\"@type\":\"ReadAction\",\"target\":[\"https:\\\/\\\/www.evropskakuca.me\\\/me\\\/kako-povecati-broj-roma-i-egipcana-u-srednjoj-skoli-i-na-trzistu-rada\\\/\"]}]},{\"@type\":\"ImageObject\",\"inLanguage\":\"me-ME\",\"@id\":\"https:\\\/\\\/www.evropskakuca.me\\\/me\\\/kako-povecati-broj-roma-i-egipcana-u-srednjoj-skoli-i-na-trzistu-rada\\\/#primaryimage\",\"url\":\"https:\\\/\\\/www.evropskakuca.me\\\/wp-content\\\/uploads\\\/2019\\\/01\\\/190117_mladir_euic.jpg\",\"contentUrl\":\"https:\\\/\\\/www.evropskakuca.me\\\/wp-content\\\/uploads\\\/2019\\\/01\\\/190117_mladir_euic.jpg\",\"width\":2028,\"height\":1352},{\"@type\":\"BreadcrumbList\",\"@id\":\"https:\\\/\\\/www.evropskakuca.me\\\/me\\\/kako-povecati-broj-roma-i-egipcana-u-srednjoj-skoli-i-na-trzistu-rada\\\/#breadcrumb\",\"itemListElement\":[{\"@type\":\"ListItem\",\"position\":1,\"name\":\"Home\",\"item\":\"https:\\\/\\\/www.evropskakuca.me\\\/me\\\/\"},{\"@type\":\"ListItem\",\"position\":2,\"name\":\"Kako pove\u0107ati broj Roma i Egip\u0107ana u srednjoj \u0161koli i na tr\u017ei\u0161tu rada?\"}]},{\"@type\":\"WebSite\",\"@id\":\"https:\\\/\\\/www.evropskakuca.me\\\/me\\\/#website\",\"url\":\"https:\\\/\\\/www.evropskakuca.me\\\/me\\\/\",\"name\":\"Evropean house\",\"description\":\"\",\"publisher\":{\"@id\":\"https:\\\/\\\/www.evropskakuca.me\\\/me\\\/#organization\"},\"potentialAction\":[{\"@type\":\"SearchAction\",\"target\":{\"@type\":\"EntryPoint\",\"urlTemplate\":\"https:\\\/\\\/www.evropskakuca.me\\\/me\\\/?s={search_term_string}\"},\"query-input\":{\"@type\":\"PropertyValueSpecification\",\"valueRequired\":true,\"valueName\":\"search_term_string\"}}],\"inLanguage\":\"me-ME\"},{\"@type\":\"Organization\",\"@id\":\"https:\\\/\\\/www.evropskakuca.me\\\/me\\\/#organization\",\"name\":\"Evropean house\",\"url\":\"https:\\\/\\\/www.evropskakuca.me\\\/me\\\/\",\"logo\":{\"@type\":\"ImageObject\",\"inLanguage\":\"me-ME\",\"@id\":\"https:\\\/\\\/www.evropskakuca.me\\\/me\\\/#\\\/schema\\\/logo\\\/image\\\/\",\"url\":\"https:\\\/\\\/www.evropskakuca.me\\\/wp-content\\\/uploads\\\/2025\\\/01\\\/evropska-kuca-logo-1.png\",\"contentUrl\":\"https:\\\/\\\/www.evropskakuca.me\\\/wp-content\\\/uploads\\\/2025\\\/01\\\/evropska-kuca-logo-1.png\",\"width\":425,\"height\":312,\"caption\":\"Evropean house\"},\"image\":{\"@id\":\"https:\\\/\\\/www.evropskakuca.me\\\/me\\\/#\\\/schema\\\/logo\\\/image\\\/\"},\"sameAs\":[\"https:\\\/\\\/www.facebook.com\\\/evropska.kuca\",\"https:\\\/\\\/x.com\\\/evropska_kuca\",\"https:\\\/\\\/www.instagram.com\\\/evropska_kuca\"]},{\"@type\":\"Person\",\"@id\":\"https:\\\/\\\/www.evropskakuca.me\\\/me\\\/#\\\/schema\\\/person\\\/a1d0dcdaefe4a1cd1d60d200ea137ba4\",\"name\":\"mkajic\",\"image\":{\"@type\":\"ImageObject\",\"inLanguage\":\"me-ME\",\"@id\":\"https:\\\/\\\/secure.gravatar.com\\\/avatar\\\/731fa035cefab7316e6bafd1f25a93fb731a07de14e2d9923f8db4422628eabc?s=96&d=mm&r=g\",\"url\":\"https:\\\/\\\/secure.gravatar.com\\\/avatar\\\/731fa035cefab7316e6bafd1f25a93fb731a07de14e2d9923f8db4422628eabc?s=96&d=mm&r=g\",\"contentUrl\":\"https:\\\/\\\/secure.gravatar.com\\\/avatar\\\/731fa035cefab7316e6bafd1f25a93fb731a07de14e2d9923f8db4422628eabc?s=96&d=mm&r=g\",\"caption\":\"mkajic\"},\"sameAs\":[\"https:\\\/\\\/evropskakuca.me\"],\"url\":\"https:\\\/\\\/www.evropskakuca.me\\\/me\\\/author\\\/mkajic\\\/\"}]}<\/script>\n<!-- \/ Yoast SEO plugin. -->","yoast_head_json":{"title":"Kako pove\u0107ati broj Roma i Egip\u0107ana u srednjoj \u0161koli i na tr\u017ei\u0161tu rada? - Europe House","robots":{"index":"index","follow":"follow","max-snippet":"max-snippet:-1","max-image-preview":"max-image-preview:large","max-video-preview":"max-video-preview:-1"},"canonical":"https:\/\/www.evropskakuca.me\/me\/kako-povecati-broj-roma-i-egipcana-u-srednjoj-skoli-i-na-trzistu-rada\/","og_locale":"en_US","og_type":"article","og_title":"Kako pove\u0107ati broj Roma i Egip\u0107ana u srednjoj \u0161koli i na tr\u017ei\u0161tu rada? - Europe House","og_description":"Predstavljen projekat \u201ePove\u0107anje pristupa i u\u010de\u0161\u0107a romskih u\u010denika u srednjem obrazovanju i prelasku na tr\u017ei\u0161te rada\u201c","og_url":"https:\/\/www.evropskakuca.me\/me\/kako-povecati-broj-roma-i-egipcana-u-srednjoj-skoli-i-na-trzistu-rada\/","og_site_name":"Europe House","article_publisher":"https:\/\/www.facebook.com\/evropska.kuca","article_published_time":"2019-01-18T09:28:44+00:00","og_image":[{"width":1024,"height":683,"url":"https:\/\/www.evropskakuca.me\/wp-content\/uploads\/2019\/01\/190117_mladir_euic-1024x683.jpg","type":"image\/jpeg"}],"author":"mkajic","twitter_card":"summary_large_image","twitter_creator":"@evropska_kuca","twitter_site":"@evropska_kuca","twitter_misc":{"Written by":"mkajic","Est. reading time":"2 minutes"},"schema":{"@context":"https:\/\/schema.org","@graph":[{"@type":"Article","@id":"https:\/\/www.evropskakuca.me\/me\/kako-povecati-broj-roma-i-egipcana-u-srednjoj-skoli-i-na-trzistu-rada\/#article","isPartOf":{"@id":"https:\/\/www.evropskakuca.me\/me\/kako-povecati-broj-roma-i-egipcana-u-srednjoj-skoli-i-na-trzistu-rada\/"},"author":{"name":"mkajic","@id":"https:\/\/www.evropskakuca.me\/me\/#\/schema\/person\/a1d0dcdaefe4a1cd1d60d200ea137ba4"},"headline":"Kako pove\u0107ati broj Roma i Egip\u0107ana u srednjoj \u0161koli i na tr\u017ei\u0161tu rada?","datePublished":"2019-01-18T09:28:44+00:00","mainEntityOfPage":{"@id":"https:\/\/www.evropskakuca.me\/me\/kako-povecati-broj-roma-i-egipcana-u-srednjoj-skoli-i-na-trzistu-rada\/"},"wordCount":442,"commentCount":0,"publisher":{"@id":"https:\/\/www.evropskakuca.me\/me\/#organization"},"image":{"@id":"https:\/\/www.evropskakuca.me\/me\/kako-povecati-broj-roma-i-egipcana-u-srednjoj-skoli-i-na-trzistu-rada\/#primaryimage"},"thumbnailUrl":"https:\/\/www.evropskakuca.me\/wp-content\/uploads\/2019\/01\/190117_mladir_euic.jpg","articleSection":["Novosti"],"inLanguage":"me-ME","potentialAction":[{"@type":"CommentAction","name":"Comment","target":["https:\/\/www.evropskakuca.me\/me\/kako-povecati-broj-roma-i-egipcana-u-srednjoj-skoli-i-na-trzistu-rada\/#respond"]}]},{"@type":"WebPage","@id":"https:\/\/www.evropskakuca.me\/me\/kako-povecati-broj-roma-i-egipcana-u-srednjoj-skoli-i-na-trzistu-rada\/","url":"https:\/\/www.evropskakuca.me\/me\/kako-povecati-broj-roma-i-egipcana-u-srednjoj-skoli-i-na-trzistu-rada\/","name":"Kako pove\u0107ati broj Roma i Egip\u0107ana u srednjoj \u0161koli i na tr\u017ei\u0161tu rada? - Europe House","isPartOf":{"@id":"https:\/\/www.evropskakuca.me\/me\/#website"},"primaryImageOfPage":{"@id":"https:\/\/www.evropskakuca.me\/me\/kako-povecati-broj-roma-i-egipcana-u-srednjoj-skoli-i-na-trzistu-rada\/#primaryimage"},"image":{"@id":"https:\/\/www.evropskakuca.me\/me\/kako-povecati-broj-roma-i-egipcana-u-srednjoj-skoli-i-na-trzistu-rada\/#primaryimage"},"thumbnailUrl":"https:\/\/www.evropskakuca.me\/wp-content\/uploads\/2019\/01\/190117_mladir_euic.jpg","datePublished":"2019-01-18T09:28:44+00:00","breadcrumb":{"@id":"https:\/\/www.evropskakuca.me\/me\/kako-povecati-broj-roma-i-egipcana-u-srednjoj-skoli-i-na-trzistu-rada\/#breadcrumb"},"inLanguage":"me-ME","potentialAction":[{"@type":"ReadAction","target":["https:\/\/www.evropskakuca.me\/me\/kako-povecati-broj-roma-i-egipcana-u-srednjoj-skoli-i-na-trzistu-rada\/"]}]},{"@type":"ImageObject","inLanguage":"me-ME","@id":"https:\/\/www.evropskakuca.me\/me\/kako-povecati-broj-roma-i-egipcana-u-srednjoj-skoli-i-na-trzistu-rada\/#primaryimage","url":"https:\/\/www.evropskakuca.me\/wp-content\/uploads\/2019\/01\/190117_mladir_euic.jpg","contentUrl":"https:\/\/www.evropskakuca.me\/wp-content\/uploads\/2019\/01\/190117_mladir_euic.jpg","width":2028,"height":1352},{"@type":"BreadcrumbList","@id":"https:\/\/www.evropskakuca.me\/me\/kako-povecati-broj-roma-i-egipcana-u-srednjoj-skoli-i-na-trzistu-rada\/#breadcrumb","itemListElement":[{"@type":"ListItem","position":1,"name":"Home","item":"https:\/\/www.evropskakuca.me\/me\/"},{"@type":"ListItem","position":2,"name":"Kako pove\u0107ati broj Roma i Egip\u0107ana u srednjoj \u0161koli i na tr\u017ei\u0161tu rada?"}]},{"@type":"WebSite","@id":"https:\/\/www.evropskakuca.me\/me\/#website","url":"https:\/\/www.evropskakuca.me\/me\/","name":"Evropean house","description":"","publisher":{"@id":"https:\/\/www.evropskakuca.me\/me\/#organization"},"potentialAction":[{"@type":"SearchAction","target":{"@type":"EntryPoint","urlTemplate":"https:\/\/www.evropskakuca.me\/me\/?s={search_term_string}"},"query-input":{"@type":"PropertyValueSpecification","valueRequired":true,"valueName":"search_term_string"}}],"inLanguage":"me-ME"},{"@type":"Organization","@id":"https:\/\/www.evropskakuca.me\/me\/#organization","name":"Evropean house","url":"https:\/\/www.evropskakuca.me\/me\/","logo":{"@type":"ImageObject","inLanguage":"me-ME","@id":"https:\/\/www.evropskakuca.me\/me\/#\/schema\/logo\/image\/","url":"https:\/\/www.evropskakuca.me\/wp-content\/uploads\/2025\/01\/evropska-kuca-logo-1.png","contentUrl":"https:\/\/www.evropskakuca.me\/wp-content\/uploads\/2025\/01\/evropska-kuca-logo-1.png","width":425,"height":312,"caption":"Evropean house"},"image":{"@id":"https:\/\/www.evropskakuca.me\/me\/#\/schema\/logo\/image\/"},"sameAs":["https:\/\/www.facebook.com\/evropska.kuca","https:\/\/x.com\/evropska_kuca","https:\/\/www.instagram.com\/evropska_kuca"]},{"@type":"Person","@id":"https:\/\/www.evropskakuca.me\/me\/#\/schema\/person\/a1d0dcdaefe4a1cd1d60d200ea137ba4","name":"mkajic","image":{"@type":"ImageObject","inLanguage":"me-ME","@id":"https:\/\/secure.gravatar.com\/avatar\/731fa035cefab7316e6bafd1f25a93fb731a07de14e2d9923f8db4422628eabc?s=96&d=mm&r=g","url":"https:\/\/secure.gravatar.com\/avatar\/731fa035cefab7316e6bafd1f25a93fb731a07de14e2d9923f8db4422628eabc?s=96&d=mm&r=g","contentUrl":"https:\/\/secure.gravatar.com\/avatar\/731fa035cefab7316e6bafd1f25a93fb731a07de14e2d9923f8db4422628eabc?s=96&d=mm&r=g","caption":"mkajic"},"sameAs":["https:\/\/evropskakuca.me"],"url":"https:\/\/www.evropskakuca.me\/me\/author\/mkajic\/"}]}},"_links":{"self":[{"href":"https:\/\/www.evropskakuca.me\/me\/wp-json\/wp\/v2\/posts\/6467","targetHints":{"allow":["GET"]}}],"collection":[{"href":"https:\/\/www.evropskakuca.me\/me\/wp-json\/wp\/v2\/posts"}],"about":[{"href":"https:\/\/www.evropskakuca.me\/me\/wp-json\/wp\/v2\/types\/post"}],"author":[{"embeddable":true,"href":"https:\/\/www.evropskakuca.me\/me\/wp-json\/wp\/v2\/users\/1"}],"replies":[{"embeddable":true,"href":"https:\/\/www.evropskakuca.me\/me\/wp-json\/wp\/v2\/comments?post=6467"}],"version-history":[{"count":0,"href":"https:\/\/www.evropskakuca.me\/me\/wp-json\/wp\/v2\/posts\/6467\/revisions"}],"wp:featuredmedia":[{"embeddable":true,"href":"https:\/\/www.evropskakuca.me\/me\/wp-json\/wp\/v2\/media\/34301"}],"wp:attachment":[{"href":"https:\/\/www.evropskakuca.me\/me\/wp-json\/wp\/v2\/media?parent=6467"}],"wp:term":[{"taxonomy":"category","embeddable":true,"href":"https:\/\/www.evropskakuca.me\/me\/wp-json\/wp\/v2\/categories?post=6467"},{"taxonomy":"post_tag","embeddable":true,"href":"https:\/\/www.evropskakuca.me\/me\/wp-json\/wp\/v2\/tags?post=6467"}],"curies":[{"name":"wp","href":"https:\/\/api.w.org\/{rel}","templated":true}]}}