{"id":6430,"date":"2018-12-10T17:48:33","date_gmt":"2018-12-10T17:48:33","guid":{"rendered":"http:\/\/www.evropskakuca.me\/me\/?p=6430"},"modified":"2018-12-10T17:48:33","modified_gmt":"2018-12-10T17:48:33","slug":"saharov-stipendija-1-13-april-2019","status":"publish","type":"post","link":"https:\/\/www.evropskakuca.me\/me\/saharov-stipendija-1-13-april-2019\/","title":{"rendered":"Saharov stipendija 1-13 april 2019."},"content":{"rendered":"<p>U okviru Saharov stipendije koju dodjeljuje Evropski parlament, 14 boraca za ljudska prava iz zemalja van Evropske unije \u0107e imati priliku za intenzivno usavr\u0161avanje u trajanju od dvije nedjelje u Briselu i Evropskom me\u0111uuniverzitetskom centru za ljudska prava i demokratizaciju u Veneciji. Usavr\u0161avanje se organizuje svake godine od 2016. na inicijativu Mre\u017ee za dodjelu nagrade Saharov koja je predlo\u017eena na 25. godi\u0161njoj konferenciji ove nagrade.<\/p>\n<p>U okviru programa usavr\u0161avanja, borci za ljudska prava \u0107e mo\u0107i da unaprijede svoje znanje o evropskim i me\u0111unarodnim okvirima, politikama i mehanizmima ljudskih prava i da razviju kapacitete za zalaganje i podsticanje pozitivnih promjena u cilju za\u0161tite ljudskih prava. Osim usavr\u0161avanja, stipendisti imaju priliku da doprinesu razvoju mre\u017ee stipendista Saharov u cilju razmjene najboljih praksi, \u0161irenja ste\u010denog znanja i podizanja svijesti o nagradi i mre\u017ei nagrade Saharov, odr\u017eavaju veze sa Evropskim parlamentom i delegacijama EU u svojim mati\u010dnim zemljama.<\/p>\n<p>Program u Briselu je fokusiran na politike i alate EU za podr\u0161ku borcima za ljudska prava, pristup sredstvima za aktiviste, razvoj komunikacijskih vje\u0161tina i podizanje svijesti o specifi\u010dnim bezbjednosnim izazovima aktivista u podru\u010dju ljudskih prava. Osim toga, program podrazumjeva sastanke sa poslanicima Evropskog parlamenta, zaposlenima u institucijama EU i nevladinim organizacijama u Briselu. Stipendisti \u0107e tako\u0111e imati priliku za individualne aktivnosti zagovaranja i umre\u017eavanja.<\/p>\n<p>Stipendisti \u0107e u Veneciji poha\u0111ati Venecijansku \u0161kolu EIUC za ljudska prava koja kombinuje akademsku nastavu sa razmjenom iskustava stipendista sa me\u0111unarodnom grupom studenata na smjeru za ljudska prava. Cilj je razvoj znanja o me\u0111unarodnom pravu na temu ljudskih prava i instrumentima i mehanizmima kao i njihovom kori\u0161\u0107enju u svrhu postizanja promjena na terenu. Me\u0111u predava\u010dima su ugledni akademici, predstavnici vode\u0107ih organizacija za ljudska prava, dobitnici nagrade Saharov kao i poslanici u Evropskom parlamentu.<\/p>\n<p>Kandidati bi trebalo da imaju dokazano iskustvo u kampanjama za ljudska prava u nevladinim ili drugim organizacijama ili u li\u010dnom svojstvu. Pored toga, potrebno je i dobro poznavanje engleskog jezika, kako bi mogli da prate i u\u010destvuju u grupnim diskusijama i radionicama u Briselu i Veneciji.<\/p>\n<p>Izbor stipendista vr\u0161i se na osnovu navedenih kriterijuma i uz po\u0161tovanje na\u010dela o jednakoj zastupljenosti oba pola kao i zastupljenosti razli\u010ditih geografskih podru\u010dja i oblasti ljudskih prava.<\/p>\n<p>Stipendija pokriva tro\u0161kove povratnog putovanja iz zemlje porijekla, smje\u0161taj u Briselu i Veneciji i dnevne tro\u0161kove boravka. Krajnji rok za podno\u0161enje prijava je 7. januar 2019. u podne, Briselsko vrijeme (CET). Uspe\u0161ni kandidati c\u0301e dobiti potvrdu putem e-po\u0161te, najkasnije do 1. februara 2019.<\/p>\n<p>&nbsp;<\/p>\n<p>Linkovi:<\/p>\n<p><a href=\"http:\/\/www.epgencms.europarl.europa.eu\/cmsdata\/upload\/37002914-c38e-4828-9390-5afdc5840eca\/Fellowship_2019_draft_programme.pdf\">Preliminarni nacrt pograma Saharov stipendije 2019.<\/a><\/p>\n<p><a href=\"http:\/\/www.epgencms.europarl.europa.eu\/cmsdata\/upload\/c601314d-e53c-4699-9db8-c62f623d03ee\/Overview_of_the_application_form.pdf\">Pregled aplikacije<\/a><\/p>\n<p><a href=\"http:\/\/www.opinio.europarl.europa.eu\/opinio\/s?s=3296\">Formular za apliciranje za Saharov stipendiju 2019.<\/a><\/p>\n","protected":false},"excerpt":{"rendered":"<p>Poziv za apliciranje<\/p>\n","protected":false},"author":1,"featured_media":34295,"comment_status":"open","ping_status":"open","sticky":false,"template":"","format":"standard","meta":{"_acf_changed":false,"footnotes":""},"categories":[283],"tags":[],"class_list":["post-6430","post","type-post","status-publish","format-standard","has-post-thumbnail","hentry","category-novosti-me"],"acf":[],"yoast_head":"<!-- This site is optimized with the Yoast SEO plugin v27.3 - https:\/\/yoast.com\/product\/yoast-seo-wordpress\/ -->\n<title>Saharov stipendija 1-13 april 2019. - Europe House<\/title>\n<meta name=\"robots\" content=\"index, follow, max-snippet:-1, max-image-preview:large, max-video-preview:-1\" \/>\n<link rel=\"canonical\" href=\"https:\/\/www.evropskakuca.me\/me\/saharov-stipendija-1-13-april-2019\/\" \/>\n<meta property=\"og:locale\" content=\"en_US\" \/>\n<meta property=\"og:type\" content=\"article\" \/>\n<meta property=\"og:title\" content=\"Saharov stipendija 1-13 april 2019. - Europe House\" \/>\n<meta property=\"og:description\" content=\"Poziv za apliciranje\" \/>\n<meta property=\"og:url\" content=\"https:\/\/www.evropskakuca.me\/me\/saharov-stipendija-1-13-april-2019\/\" \/>\n<meta property=\"og:site_name\" content=\"Europe House\" \/>\n<meta property=\"article:publisher\" content=\"https:\/\/www.facebook.com\/evropska.kuca\" \/>\n<meta property=\"article:published_time\" content=\"2018-12-10T17:48:33+00:00\" \/>\n<meta property=\"og:image\" content=\"https:\/\/www.evropskakuca.me\/wp-content\/uploads\/2018\/12\/saharov1.jpg\" \/>\n\t<meta property=\"og:image:width\" content=\"896\" \/>\n\t<meta property=\"og:image:height\" content=\"520\" \/>\n\t<meta property=\"og:image:type\" content=\"image\/jpeg\" \/>\n<meta name=\"author\" content=\"mkajic\" \/>\n<meta name=\"twitter:card\" content=\"summary_large_image\" \/>\n<meta name=\"twitter:creator\" content=\"@evropska_kuca\" \/>\n<meta name=\"twitter:site\" content=\"@evropska_kuca\" \/>\n<meta name=\"twitter:label1\" content=\"Written by\" \/>\n\t<meta name=\"twitter:data1\" content=\"mkajic\" \/>\n\t<meta name=\"twitter:label2\" content=\"Est. reading time\" \/>\n\t<meta name=\"twitter:data2\" content=\"2 minutes\" \/>\n<script type=\"application\/ld+json\" class=\"yoast-schema-graph\">{\"@context\":\"https:\\\/\\\/schema.org\",\"@graph\":[{\"@type\":\"Article\",\"@id\":\"https:\\\/\\\/www.evropskakuca.me\\\/me\\\/saharov-stipendija-1-13-april-2019\\\/#article\",\"isPartOf\":{\"@id\":\"https:\\\/\\\/www.evropskakuca.me\\\/me\\\/saharov-stipendija-1-13-april-2019\\\/\"},\"author\":{\"name\":\"mkajic\",\"@id\":\"https:\\\/\\\/www.evropskakuca.me\\\/me\\\/#\\\/schema\\\/person\\\/a1d0dcdaefe4a1cd1d60d200ea137ba4\"},\"headline\":\"Saharov stipendija 1-13 april 2019.\",\"datePublished\":\"2018-12-10T17:48:33+00:00\",\"mainEntityOfPage\":{\"@id\":\"https:\\\/\\\/www.evropskakuca.me\\\/me\\\/saharov-stipendija-1-13-april-2019\\\/\"},\"wordCount\":452,\"commentCount\":0,\"publisher\":{\"@id\":\"https:\\\/\\\/www.evropskakuca.me\\\/me\\\/#organization\"},\"image\":{\"@id\":\"https:\\\/\\\/www.evropskakuca.me\\\/me\\\/saharov-stipendija-1-13-april-2019\\\/#primaryimage\"},\"thumbnailUrl\":\"https:\\\/\\\/www.evropskakuca.me\\\/wp-content\\\/uploads\\\/2018\\\/12\\\/saharov1.jpg\",\"articleSection\":[\"Novosti\"],\"inLanguage\":\"me-ME\",\"potentialAction\":[{\"@type\":\"CommentAction\",\"name\":\"Comment\",\"target\":[\"https:\\\/\\\/www.evropskakuca.me\\\/me\\\/saharov-stipendija-1-13-april-2019\\\/#respond\"]}]},{\"@type\":\"WebPage\",\"@id\":\"https:\\\/\\\/www.evropskakuca.me\\\/me\\\/saharov-stipendija-1-13-april-2019\\\/\",\"url\":\"https:\\\/\\\/www.evropskakuca.me\\\/me\\\/saharov-stipendija-1-13-april-2019\\\/\",\"name\":\"Saharov stipendija 1-13 april 2019. - Europe House\",\"isPartOf\":{\"@id\":\"https:\\\/\\\/www.evropskakuca.me\\\/me\\\/#website\"},\"primaryImageOfPage\":{\"@id\":\"https:\\\/\\\/www.evropskakuca.me\\\/me\\\/saharov-stipendija-1-13-april-2019\\\/#primaryimage\"},\"image\":{\"@id\":\"https:\\\/\\\/www.evropskakuca.me\\\/me\\\/saharov-stipendija-1-13-april-2019\\\/#primaryimage\"},\"thumbnailUrl\":\"https:\\\/\\\/www.evropskakuca.me\\\/wp-content\\\/uploads\\\/2018\\\/12\\\/saharov1.jpg\",\"datePublished\":\"2018-12-10T17:48:33+00:00\",\"breadcrumb\":{\"@id\":\"https:\\\/\\\/www.evropskakuca.me\\\/me\\\/saharov-stipendija-1-13-april-2019\\\/#breadcrumb\"},\"inLanguage\":\"me-ME\",\"potentialAction\":[{\"@type\":\"ReadAction\",\"target\":[\"https:\\\/\\\/www.evropskakuca.me\\\/me\\\/saharov-stipendija-1-13-april-2019\\\/\"]}]},{\"@type\":\"ImageObject\",\"inLanguage\":\"me-ME\",\"@id\":\"https:\\\/\\\/www.evropskakuca.me\\\/me\\\/saharov-stipendija-1-13-april-2019\\\/#primaryimage\",\"url\":\"https:\\\/\\\/www.evropskakuca.me\\\/wp-content\\\/uploads\\\/2018\\\/12\\\/saharov1.jpg\",\"contentUrl\":\"https:\\\/\\\/www.evropskakuca.me\\\/wp-content\\\/uploads\\\/2018\\\/12\\\/saharov1.jpg\",\"width\":896,\"height\":520},{\"@type\":\"BreadcrumbList\",\"@id\":\"https:\\\/\\\/www.evropskakuca.me\\\/me\\\/saharov-stipendija-1-13-april-2019\\\/#breadcrumb\",\"itemListElement\":[{\"@type\":\"ListItem\",\"position\":1,\"name\":\"Home\",\"item\":\"https:\\\/\\\/www.evropskakuca.me\\\/me\\\/\"},{\"@type\":\"ListItem\",\"position\":2,\"name\":\"Saharov stipendija 1-13 april 2019.\"}]},{\"@type\":\"WebSite\",\"@id\":\"https:\\\/\\\/www.evropskakuca.me\\\/me\\\/#website\",\"url\":\"https:\\\/\\\/www.evropskakuca.me\\\/me\\\/\",\"name\":\"Evropean house\",\"description\":\"\",\"publisher\":{\"@id\":\"https:\\\/\\\/www.evropskakuca.me\\\/me\\\/#organization\"},\"potentialAction\":[{\"@type\":\"SearchAction\",\"target\":{\"@type\":\"EntryPoint\",\"urlTemplate\":\"https:\\\/\\\/www.evropskakuca.me\\\/me\\\/?s={search_term_string}\"},\"query-input\":{\"@type\":\"PropertyValueSpecification\",\"valueRequired\":true,\"valueName\":\"search_term_string\"}}],\"inLanguage\":\"me-ME\"},{\"@type\":\"Organization\",\"@id\":\"https:\\\/\\\/www.evropskakuca.me\\\/me\\\/#organization\",\"name\":\"Evropean house\",\"url\":\"https:\\\/\\\/www.evropskakuca.me\\\/me\\\/\",\"logo\":{\"@type\":\"ImageObject\",\"inLanguage\":\"me-ME\",\"@id\":\"https:\\\/\\\/www.evropskakuca.me\\\/me\\\/#\\\/schema\\\/logo\\\/image\\\/\",\"url\":\"https:\\\/\\\/www.evropskakuca.me\\\/wp-content\\\/uploads\\\/2025\\\/01\\\/evropska-kuca-logo-1.png\",\"contentUrl\":\"https:\\\/\\\/www.evropskakuca.me\\\/wp-content\\\/uploads\\\/2025\\\/01\\\/evropska-kuca-logo-1.png\",\"width\":425,\"height\":312,\"caption\":\"Evropean house\"},\"image\":{\"@id\":\"https:\\\/\\\/www.evropskakuca.me\\\/me\\\/#\\\/schema\\\/logo\\\/image\\\/\"},\"sameAs\":[\"https:\\\/\\\/www.facebook.com\\\/evropska.kuca\",\"https:\\\/\\\/x.com\\\/evropska_kuca\",\"https:\\\/\\\/www.instagram.com\\\/evropska_kuca\"]},{\"@type\":\"Person\",\"@id\":\"https:\\\/\\\/www.evropskakuca.me\\\/me\\\/#\\\/schema\\\/person\\\/a1d0dcdaefe4a1cd1d60d200ea137ba4\",\"name\":\"mkajic\",\"image\":{\"@type\":\"ImageObject\",\"inLanguage\":\"me-ME\",\"@id\":\"https:\\\/\\\/secure.gravatar.com\\\/avatar\\\/731fa035cefab7316e6bafd1f25a93fb731a07de14e2d9923f8db4422628eabc?s=96&d=mm&r=g\",\"url\":\"https:\\\/\\\/secure.gravatar.com\\\/avatar\\\/731fa035cefab7316e6bafd1f25a93fb731a07de14e2d9923f8db4422628eabc?s=96&d=mm&r=g\",\"contentUrl\":\"https:\\\/\\\/secure.gravatar.com\\\/avatar\\\/731fa035cefab7316e6bafd1f25a93fb731a07de14e2d9923f8db4422628eabc?s=96&d=mm&r=g\",\"caption\":\"mkajic\"},\"sameAs\":[\"https:\\\/\\\/evropskakuca.me\"],\"url\":\"https:\\\/\\\/www.evropskakuca.me\\\/me\\\/author\\\/mkajic\\\/\"}]}<\/script>\n<!-- \/ Yoast SEO plugin. -->","yoast_head_json":{"title":"Saharov stipendija 1-13 april 2019. - Europe House","robots":{"index":"index","follow":"follow","max-snippet":"max-snippet:-1","max-image-preview":"max-image-preview:large","max-video-preview":"max-video-preview:-1"},"canonical":"https:\/\/www.evropskakuca.me\/me\/saharov-stipendija-1-13-april-2019\/","og_locale":"en_US","og_type":"article","og_title":"Saharov stipendija 1-13 april 2019. - Europe House","og_description":"Poziv za apliciranje","og_url":"https:\/\/www.evropskakuca.me\/me\/saharov-stipendija-1-13-april-2019\/","og_site_name":"Europe House","article_publisher":"https:\/\/www.facebook.com\/evropska.kuca","article_published_time":"2018-12-10T17:48:33+00:00","og_image":[{"width":896,"height":520,"url":"https:\/\/www.evropskakuca.me\/wp-content\/uploads\/2018\/12\/saharov1.jpg","type":"image\/jpeg"}],"author":"mkajic","twitter_card":"summary_large_image","twitter_creator":"@evropska_kuca","twitter_site":"@evropska_kuca","twitter_misc":{"Written by":"mkajic","Est. reading time":"2 minutes"},"schema":{"@context":"https:\/\/schema.org","@graph":[{"@type":"Article","@id":"https:\/\/www.evropskakuca.me\/me\/saharov-stipendija-1-13-april-2019\/#article","isPartOf":{"@id":"https:\/\/www.evropskakuca.me\/me\/saharov-stipendija-1-13-april-2019\/"},"author":{"name":"mkajic","@id":"https:\/\/www.evropskakuca.me\/me\/#\/schema\/person\/a1d0dcdaefe4a1cd1d60d200ea137ba4"},"headline":"Saharov stipendija 1-13 april 2019.","datePublished":"2018-12-10T17:48:33+00:00","mainEntityOfPage":{"@id":"https:\/\/www.evropskakuca.me\/me\/saharov-stipendija-1-13-april-2019\/"},"wordCount":452,"commentCount":0,"publisher":{"@id":"https:\/\/www.evropskakuca.me\/me\/#organization"},"image":{"@id":"https:\/\/www.evropskakuca.me\/me\/saharov-stipendija-1-13-april-2019\/#primaryimage"},"thumbnailUrl":"https:\/\/www.evropskakuca.me\/wp-content\/uploads\/2018\/12\/saharov1.jpg","articleSection":["Novosti"],"inLanguage":"me-ME","potentialAction":[{"@type":"CommentAction","name":"Comment","target":["https:\/\/www.evropskakuca.me\/me\/saharov-stipendija-1-13-april-2019\/#respond"]}]},{"@type":"WebPage","@id":"https:\/\/www.evropskakuca.me\/me\/saharov-stipendija-1-13-april-2019\/","url":"https:\/\/www.evropskakuca.me\/me\/saharov-stipendija-1-13-april-2019\/","name":"Saharov stipendija 1-13 april 2019. - Europe House","isPartOf":{"@id":"https:\/\/www.evropskakuca.me\/me\/#website"},"primaryImageOfPage":{"@id":"https:\/\/www.evropskakuca.me\/me\/saharov-stipendija-1-13-april-2019\/#primaryimage"},"image":{"@id":"https:\/\/www.evropskakuca.me\/me\/saharov-stipendija-1-13-april-2019\/#primaryimage"},"thumbnailUrl":"https:\/\/www.evropskakuca.me\/wp-content\/uploads\/2018\/12\/saharov1.jpg","datePublished":"2018-12-10T17:48:33+00:00","breadcrumb":{"@id":"https:\/\/www.evropskakuca.me\/me\/saharov-stipendija-1-13-april-2019\/#breadcrumb"},"inLanguage":"me-ME","potentialAction":[{"@type":"ReadAction","target":["https:\/\/www.evropskakuca.me\/me\/saharov-stipendija-1-13-april-2019\/"]}]},{"@type":"ImageObject","inLanguage":"me-ME","@id":"https:\/\/www.evropskakuca.me\/me\/saharov-stipendija-1-13-april-2019\/#primaryimage","url":"https:\/\/www.evropskakuca.me\/wp-content\/uploads\/2018\/12\/saharov1.jpg","contentUrl":"https:\/\/www.evropskakuca.me\/wp-content\/uploads\/2018\/12\/saharov1.jpg","width":896,"height":520},{"@type":"BreadcrumbList","@id":"https:\/\/www.evropskakuca.me\/me\/saharov-stipendija-1-13-april-2019\/#breadcrumb","itemListElement":[{"@type":"ListItem","position":1,"name":"Home","item":"https:\/\/www.evropskakuca.me\/me\/"},{"@type":"ListItem","position":2,"name":"Saharov stipendija 1-13 april 2019."}]},{"@type":"WebSite","@id":"https:\/\/www.evropskakuca.me\/me\/#website","url":"https:\/\/www.evropskakuca.me\/me\/","name":"Evropean house","description":"","publisher":{"@id":"https:\/\/www.evropskakuca.me\/me\/#organization"},"potentialAction":[{"@type":"SearchAction","target":{"@type":"EntryPoint","urlTemplate":"https:\/\/www.evropskakuca.me\/me\/?s={search_term_string}"},"query-input":{"@type":"PropertyValueSpecification","valueRequired":true,"valueName":"search_term_string"}}],"inLanguage":"me-ME"},{"@type":"Organization","@id":"https:\/\/www.evropskakuca.me\/me\/#organization","name":"Evropean house","url":"https:\/\/www.evropskakuca.me\/me\/","logo":{"@type":"ImageObject","inLanguage":"me-ME","@id":"https:\/\/www.evropskakuca.me\/me\/#\/schema\/logo\/image\/","url":"https:\/\/www.evropskakuca.me\/wp-content\/uploads\/2025\/01\/evropska-kuca-logo-1.png","contentUrl":"https:\/\/www.evropskakuca.me\/wp-content\/uploads\/2025\/01\/evropska-kuca-logo-1.png","width":425,"height":312,"caption":"Evropean house"},"image":{"@id":"https:\/\/www.evropskakuca.me\/me\/#\/schema\/logo\/image\/"},"sameAs":["https:\/\/www.facebook.com\/evropska.kuca","https:\/\/x.com\/evropska_kuca","https:\/\/www.instagram.com\/evropska_kuca"]},{"@type":"Person","@id":"https:\/\/www.evropskakuca.me\/me\/#\/schema\/person\/a1d0dcdaefe4a1cd1d60d200ea137ba4","name":"mkajic","image":{"@type":"ImageObject","inLanguage":"me-ME","@id":"https:\/\/secure.gravatar.com\/avatar\/731fa035cefab7316e6bafd1f25a93fb731a07de14e2d9923f8db4422628eabc?s=96&d=mm&r=g","url":"https:\/\/secure.gravatar.com\/avatar\/731fa035cefab7316e6bafd1f25a93fb731a07de14e2d9923f8db4422628eabc?s=96&d=mm&r=g","contentUrl":"https:\/\/secure.gravatar.com\/avatar\/731fa035cefab7316e6bafd1f25a93fb731a07de14e2d9923f8db4422628eabc?s=96&d=mm&r=g","caption":"mkajic"},"sameAs":["https:\/\/evropskakuca.me"],"url":"https:\/\/www.evropskakuca.me\/me\/author\/mkajic\/"}]}},"_links":{"self":[{"href":"https:\/\/www.evropskakuca.me\/me\/wp-json\/wp\/v2\/posts\/6430","targetHints":{"allow":["GET"]}}],"collection":[{"href":"https:\/\/www.evropskakuca.me\/me\/wp-json\/wp\/v2\/posts"}],"about":[{"href":"https:\/\/www.evropskakuca.me\/me\/wp-json\/wp\/v2\/types\/post"}],"author":[{"embeddable":true,"href":"https:\/\/www.evropskakuca.me\/me\/wp-json\/wp\/v2\/users\/1"}],"replies":[{"embeddable":true,"href":"https:\/\/www.evropskakuca.me\/me\/wp-json\/wp\/v2\/comments?post=6430"}],"version-history":[{"count":0,"href":"https:\/\/www.evropskakuca.me\/me\/wp-json\/wp\/v2\/posts\/6430\/revisions"}],"wp:featuredmedia":[{"embeddable":true,"href":"https:\/\/www.evropskakuca.me\/me\/wp-json\/wp\/v2\/media\/34295"}],"wp:attachment":[{"href":"https:\/\/www.evropskakuca.me\/me\/wp-json\/wp\/v2\/media?parent=6430"}],"wp:term":[{"taxonomy":"category","embeddable":true,"href":"https:\/\/www.evropskakuca.me\/me\/wp-json\/wp\/v2\/categories?post=6430"},{"taxonomy":"post_tag","embeddable":true,"href":"https:\/\/www.evropskakuca.me\/me\/wp-json\/wp\/v2\/tags?post=6430"}],"curies":[{"name":"wp","href":"https:\/\/api.w.org\/{rel}","templated":true}]}}