{"id":6412,"date":"2018-11-27T12:17:14","date_gmt":"2018-11-27T12:17:14","guid":{"rendered":"http:\/\/www.evropskakuca.me\/me\/?p=6412"},"modified":"2018-11-27T12:17:14","modified_gmt":"2018-11-27T12:17:14","slug":"otvoriti-poglavlje-27-na-meduvladinoj-konferenciji","status":"publish","type":"post","link":"https:\/\/www.evropskakuca.me\/me\/otvoriti-poglavlje-27-na-meduvladinoj-konferenciji\/","title":{"rendered":"Pogled na dana\u0161nje izazove EU i perspektivu pro\u0161irenja"},"content":{"rendered":"<p>Podgorica, 23. Novembar &#8211; Ambasador Savezne Republike Njema\u010dke u Crnoj Gori, Robert Veber govorio je na temu \u201ePogled na dana\u0161nje izazove EU i perspektivu pro\u0161irenja\u201c u organizaciji \u00a0Crnogorske panevropske unije i EU info centra.<\/p>\n<p>Govore\u0107i o 2025. godini, koju je Evropska komisija dala kao potencijalni datum pro\u0161irenja, Veber je rekao da je rizi\u010dno je davati datume za \u010dlanstvo, jer tako se na neki na\u010din podgrijavaju o\u010dekivanja. On obja\u0161njava da ako se Crna Gora pridru\u017ei EU i\u00a0 2026.godine, ni to nije neuspjeh, ve\u0107 veliki uspjeh\u00a0 dodav\u0161i da je optimista po pitanju prijema Crne Gore u EU.<\/p>\n<p>Njema\u010dki ambasador je podsjetio da \u0107e poglavlja 23 i 24, koja se odnose na vladavinu prava, biti zatvorena do kraja procesa, objasniv\u0161i da je to op\u0161te pravilo, koje nije uvedeno zbog Crne Gore, nego generalno za sve dr\u017eave koje ulaze u EU, imaju\u0107i u vidu prethodna iskustva.<\/p>\n<p>\u201cTo nam daje dovoljno vremena da rje\u0161avamo <a href=\"http:\/\/www.evropskakuca.me\/wp-content\/uploads\/2018\/11\/IMG_0379.jpg\"><img fetchpriority=\"high\" decoding=\"async\" class=\"alignleft wp-image-6415\" src=\"http:\/\/www.evropskakuca.me\/wp-content\/uploads\/2018\/11\/IMG_0379-1024x682.jpg\" alt=\"\" width=\"1025\" height=\"683\" \/><\/a>ova pitanja, a svi znamo koliko su kompleksna,\u201d rekao je Veber.<\/p>\n<p>On se nada da \u0107e Crna Gora nastaviti sa dobrim rezultatima u oblasti evropskih integracija.<\/p>\n<p>\u201cVjerujem, ipak, da \u0107emo vrlo brzo imati me\u0111uvladinu konferenciju i otvaranje poglavlja 27. Ne znam ni\u0161ta sigurno, ali to je mogu\u0107e. Za Crnu Goru je va\u017eno da oba procesa budu aktivna, i proces reformi i proces pro\u0161irenja EU\u201d istakao je Veber.<\/p>\n<p>Kako je objasnio, va\u017eno je i dr\u017eati se procesa regate, gdje se svaka zemlja koja stremi \u010dlanstvu u EU ocjenjuje individualno i po sopstvenim zaslugama. Njema\u010dki ambasador isti\u010de da to, ne samo \u0161to je fer pristup, ve\u0107 se tako onemogu\u0107ava da oni koji ne rade dovoljno zaustavljaju one koji rade. Ambasador Njema\u010dke je jo\u0161 jednom podsjetio da je klju\u010d pristupanja u rukama dr\u017eava \u010dlanica i kandidata za \u010dlanstvo\u00a0 i da svi moraju da ispune svoje obaveze.<\/p>\n<p>\u201cU tom smislu, pogledajte crnogorski put ka EU; ima deficita i ima problema koje treba adresirati, ali nema bilateralnih problema sa drugim dr\u017eavama i nije talac takvih problema,\u201d rekao je Veber.<\/p>\n<p>Njema\u010dki ambasador je govorio o aktuelnim pitanjima u Evropskoj uniji, Bregzitu, migracijama, bud\u017eetu Evrpske unije. Govorio je o potencijalnom bud\u017eetu za Eurozonu koju je predlo\u017eila Francuska rekav\u0161i da su Njemci vrlo oprezni oko te ideje, ali su otvoreni za pregovore. Tako\u0111e je podsjetio da je Evropa postala vi\u0161e diversifikovana i da Francuska i Njema\u010dka ne odlu\u010duju same, iako je njihova saradnja izuzetno bitna za Evropsku uniju.<\/p>\n<p>Veber je kazao da Evropu o\u010dekuju izbori i da postoji strah od rasta politi\u010dke mo\u0107i euroskepti\u010dnih snaga. On ne vjeruje da \u0107e pitanje pro\u0161irenja EU biti\u00a0posebno istaknuto tokom izbora, \u010dak ni od proevropskih politi\u010dkih stranaka.<\/p>\n<p><a href=\"http:\/\/www.evropskakuca.me\/wp-content\/uploads\/2018\/11\/IMG_0383.jpg\"><img decoding=\"async\" class=\"alignleft size-large wp-image-6417\" src=\"http:\/\/www.evropskakuca.me\/wp-content\/uploads\/2018\/11\/IMG_0383-1024x682.jpg\" alt=\"\" width=\"1024\" height=\"682\" \/><\/a><\/p>\n<p>&nbsp;<\/p>\n<p>&nbsp;<\/p>\n","protected":false},"excerpt":{"rendered":"<p>Debata sa njema\u010dkim ambasadorom <\/p>\n","protected":false},"author":1,"featured_media":34261,"comment_status":"open","ping_status":"open","sticky":false,"template":"","format":"standard","meta":{"_acf_changed":false,"footnotes":""},"categories":[283],"tags":[],"class_list":["post-6412","post","type-post","status-publish","format-standard","has-post-thumbnail","hentry","category-novosti-me"],"acf":[],"yoast_head":"<!-- This site is optimized with the Yoast SEO plugin v27.3 - https:\/\/yoast.com\/product\/yoast-seo-wordpress\/ -->\n<title>Pogled na dana\u0161nje izazove EU i perspektivu pro\u0161irenja - Europe House<\/title>\n<meta name=\"robots\" content=\"index, follow, max-snippet:-1, max-image-preview:large, max-video-preview:-1\" \/>\n<link rel=\"canonical\" href=\"https:\/\/www.evropskakuca.me\/me\/otvoriti-poglavlje-27-na-meduvladinoj-konferenciji\/\" \/>\n<meta property=\"og:locale\" content=\"en_US\" \/>\n<meta property=\"og:type\" content=\"article\" \/>\n<meta property=\"og:title\" content=\"Pogled na dana\u0161nje izazove EU i perspektivu pro\u0161irenja - Europe House\" \/>\n<meta property=\"og:description\" content=\"Debata sa njema\u010dkim ambasadorom\" \/>\n<meta property=\"og:url\" content=\"https:\/\/www.evropskakuca.me\/me\/otvoriti-poglavlje-27-na-meduvladinoj-konferenciji\/\" \/>\n<meta property=\"og:site_name\" content=\"Europe House\" \/>\n<meta property=\"article:publisher\" content=\"https:\/\/www.facebook.com\/evropska.kuca\" \/>\n<meta property=\"article:published_time\" content=\"2018-11-27T12:17:14+00:00\" \/>\n<meta property=\"og:image\" content=\"https:\/\/www.evropskakuca.me\/wp-content\/uploads\/2018\/11\/IMG_0361.jpg\" \/>\n\t<meta property=\"og:image:width\" content=\"2024\" \/>\n\t<meta property=\"og:image:height\" content=\"1349\" \/>\n\t<meta property=\"og:image:type\" content=\"image\/jpeg\" \/>\n<meta name=\"author\" content=\"mkajic\" \/>\n<meta name=\"twitter:card\" content=\"summary_large_image\" \/>\n<meta name=\"twitter:creator\" content=\"@evropska_kuca\" \/>\n<meta name=\"twitter:site\" content=\"@evropska_kuca\" \/>\n<meta name=\"twitter:label1\" content=\"Written by\" \/>\n\t<meta name=\"twitter:data1\" content=\"mkajic\" \/>\n\t<meta name=\"twitter:label2\" content=\"Est. reading time\" \/>\n\t<meta name=\"twitter:data2\" content=\"2 minutes\" \/>\n<script type=\"application\/ld+json\" class=\"yoast-schema-graph\">{\"@context\":\"https:\\\/\\\/schema.org\",\"@graph\":[{\"@type\":\"Article\",\"@id\":\"https:\\\/\\\/www.evropskakuca.me\\\/me\\\/otvoriti-poglavlje-27-na-meduvladinoj-konferenciji\\\/#article\",\"isPartOf\":{\"@id\":\"https:\\\/\\\/www.evropskakuca.me\\\/me\\\/otvoriti-poglavlje-27-na-meduvladinoj-konferenciji\\\/\"},\"author\":{\"name\":\"mkajic\",\"@id\":\"https:\\\/\\\/www.evropskakuca.me\\\/me\\\/#\\\/schema\\\/person\\\/a1d0dcdaefe4a1cd1d60d200ea137ba4\"},\"headline\":\"Pogled na dana\u0161nje izazove EU i perspektivu pro\u0161irenja\",\"datePublished\":\"2018-11-27T12:17:14+00:00\",\"mainEntityOfPage\":{\"@id\":\"https:\\\/\\\/www.evropskakuca.me\\\/me\\\/otvoriti-poglavlje-27-na-meduvladinoj-konferenciji\\\/\"},\"wordCount\":477,\"commentCount\":0,\"publisher\":{\"@id\":\"https:\\\/\\\/www.evropskakuca.me\\\/me\\\/#organization\"},\"image\":{\"@id\":\"https:\\\/\\\/www.evropskakuca.me\\\/me\\\/otvoriti-poglavlje-27-na-meduvladinoj-konferenciji\\\/#primaryimage\"},\"thumbnailUrl\":\"https:\\\/\\\/www.evropskakuca.me\\\/wp-content\\\/uploads\\\/2018\\\/11\\\/IMG_0361.jpg\",\"articleSection\":[\"Novosti\"],\"inLanguage\":\"me-ME\",\"potentialAction\":[{\"@type\":\"CommentAction\",\"name\":\"Comment\",\"target\":[\"https:\\\/\\\/www.evropskakuca.me\\\/me\\\/otvoriti-poglavlje-27-na-meduvladinoj-konferenciji\\\/#respond\"]}]},{\"@type\":\"WebPage\",\"@id\":\"https:\\\/\\\/www.evropskakuca.me\\\/me\\\/otvoriti-poglavlje-27-na-meduvladinoj-konferenciji\\\/\",\"url\":\"https:\\\/\\\/www.evropskakuca.me\\\/me\\\/otvoriti-poglavlje-27-na-meduvladinoj-konferenciji\\\/\",\"name\":\"Pogled na dana\u0161nje izazove EU i perspektivu pro\u0161irenja - Europe House\",\"isPartOf\":{\"@id\":\"https:\\\/\\\/www.evropskakuca.me\\\/me\\\/#website\"},\"primaryImageOfPage\":{\"@id\":\"https:\\\/\\\/www.evropskakuca.me\\\/me\\\/otvoriti-poglavlje-27-na-meduvladinoj-konferenciji\\\/#primaryimage\"},\"image\":{\"@id\":\"https:\\\/\\\/www.evropskakuca.me\\\/me\\\/otvoriti-poglavlje-27-na-meduvladinoj-konferenciji\\\/#primaryimage\"},\"thumbnailUrl\":\"https:\\\/\\\/www.evropskakuca.me\\\/wp-content\\\/uploads\\\/2018\\\/11\\\/IMG_0361.jpg\",\"datePublished\":\"2018-11-27T12:17:14+00:00\",\"breadcrumb\":{\"@id\":\"https:\\\/\\\/www.evropskakuca.me\\\/me\\\/otvoriti-poglavlje-27-na-meduvladinoj-konferenciji\\\/#breadcrumb\"},\"inLanguage\":\"me-ME\",\"potentialAction\":[{\"@type\":\"ReadAction\",\"target\":[\"https:\\\/\\\/www.evropskakuca.me\\\/me\\\/otvoriti-poglavlje-27-na-meduvladinoj-konferenciji\\\/\"]}]},{\"@type\":\"ImageObject\",\"inLanguage\":\"me-ME\",\"@id\":\"https:\\\/\\\/www.evropskakuca.me\\\/me\\\/otvoriti-poglavlje-27-na-meduvladinoj-konferenciji\\\/#primaryimage\",\"url\":\"https:\\\/\\\/www.evropskakuca.me\\\/wp-content\\\/uploads\\\/2018\\\/11\\\/IMG_0361.jpg\",\"contentUrl\":\"https:\\\/\\\/www.evropskakuca.me\\\/wp-content\\\/uploads\\\/2018\\\/11\\\/IMG_0361.jpg\",\"width\":2024,\"height\":1349},{\"@type\":\"BreadcrumbList\",\"@id\":\"https:\\\/\\\/www.evropskakuca.me\\\/me\\\/otvoriti-poglavlje-27-na-meduvladinoj-konferenciji\\\/#breadcrumb\",\"itemListElement\":[{\"@type\":\"ListItem\",\"position\":1,\"name\":\"Home\",\"item\":\"https:\\\/\\\/www.evropskakuca.me\\\/me\\\/\"},{\"@type\":\"ListItem\",\"position\":2,\"name\":\"Pogled na dana\u0161nje izazove EU i perspektivu pro\u0161irenja\"}]},{\"@type\":\"WebSite\",\"@id\":\"https:\\\/\\\/www.evropskakuca.me\\\/me\\\/#website\",\"url\":\"https:\\\/\\\/www.evropskakuca.me\\\/me\\\/\",\"name\":\"Evropean house\",\"description\":\"\",\"publisher\":{\"@id\":\"https:\\\/\\\/www.evropskakuca.me\\\/me\\\/#organization\"},\"potentialAction\":[{\"@type\":\"SearchAction\",\"target\":{\"@type\":\"EntryPoint\",\"urlTemplate\":\"https:\\\/\\\/www.evropskakuca.me\\\/me\\\/?s={search_term_string}\"},\"query-input\":{\"@type\":\"PropertyValueSpecification\",\"valueRequired\":true,\"valueName\":\"search_term_string\"}}],\"inLanguage\":\"me-ME\"},{\"@type\":\"Organization\",\"@id\":\"https:\\\/\\\/www.evropskakuca.me\\\/me\\\/#organization\",\"name\":\"Evropean house\",\"url\":\"https:\\\/\\\/www.evropskakuca.me\\\/me\\\/\",\"logo\":{\"@type\":\"ImageObject\",\"inLanguage\":\"me-ME\",\"@id\":\"https:\\\/\\\/www.evropskakuca.me\\\/me\\\/#\\\/schema\\\/logo\\\/image\\\/\",\"url\":\"https:\\\/\\\/www.evropskakuca.me\\\/wp-content\\\/uploads\\\/2025\\\/01\\\/evropska-kuca-logo-1.png\",\"contentUrl\":\"https:\\\/\\\/www.evropskakuca.me\\\/wp-content\\\/uploads\\\/2025\\\/01\\\/evropska-kuca-logo-1.png\",\"width\":425,\"height\":312,\"caption\":\"Evropean house\"},\"image\":{\"@id\":\"https:\\\/\\\/www.evropskakuca.me\\\/me\\\/#\\\/schema\\\/logo\\\/image\\\/\"},\"sameAs\":[\"https:\\\/\\\/www.facebook.com\\\/evropska.kuca\",\"https:\\\/\\\/x.com\\\/evropska_kuca\",\"https:\\\/\\\/www.instagram.com\\\/evropska_kuca\"]},{\"@type\":\"Person\",\"@id\":\"https:\\\/\\\/www.evropskakuca.me\\\/me\\\/#\\\/schema\\\/person\\\/a1d0dcdaefe4a1cd1d60d200ea137ba4\",\"name\":\"mkajic\",\"image\":{\"@type\":\"ImageObject\",\"inLanguage\":\"me-ME\",\"@id\":\"https:\\\/\\\/secure.gravatar.com\\\/avatar\\\/731fa035cefab7316e6bafd1f25a93fb731a07de14e2d9923f8db4422628eabc?s=96&d=mm&r=g\",\"url\":\"https:\\\/\\\/secure.gravatar.com\\\/avatar\\\/731fa035cefab7316e6bafd1f25a93fb731a07de14e2d9923f8db4422628eabc?s=96&d=mm&r=g\",\"contentUrl\":\"https:\\\/\\\/secure.gravatar.com\\\/avatar\\\/731fa035cefab7316e6bafd1f25a93fb731a07de14e2d9923f8db4422628eabc?s=96&d=mm&r=g\",\"caption\":\"mkajic\"},\"sameAs\":[\"https:\\\/\\\/evropskakuca.me\"],\"url\":\"https:\\\/\\\/www.evropskakuca.me\\\/me\\\/author\\\/mkajic\\\/\"}]}<\/script>\n<!-- \/ Yoast SEO plugin. -->","yoast_head_json":{"title":"Pogled na dana\u0161nje izazove EU i perspektivu pro\u0161irenja - Europe House","robots":{"index":"index","follow":"follow","max-snippet":"max-snippet:-1","max-image-preview":"max-image-preview:large","max-video-preview":"max-video-preview:-1"},"canonical":"https:\/\/www.evropskakuca.me\/me\/otvoriti-poglavlje-27-na-meduvladinoj-konferenciji\/","og_locale":"en_US","og_type":"article","og_title":"Pogled na dana\u0161nje izazove EU i perspektivu pro\u0161irenja - Europe House","og_description":"Debata sa njema\u010dkim ambasadorom","og_url":"https:\/\/www.evropskakuca.me\/me\/otvoriti-poglavlje-27-na-meduvladinoj-konferenciji\/","og_site_name":"Europe House","article_publisher":"https:\/\/www.facebook.com\/evropska.kuca","article_published_time":"2018-11-27T12:17:14+00:00","og_image":[{"width":2024,"height":1349,"url":"https:\/\/www.evropskakuca.me\/wp-content\/uploads\/2018\/11\/IMG_0361.jpg","type":"image\/jpeg"}],"author":"mkajic","twitter_card":"summary_large_image","twitter_creator":"@evropska_kuca","twitter_site":"@evropska_kuca","twitter_misc":{"Written by":"mkajic","Est. reading time":"2 minutes"},"schema":{"@context":"https:\/\/schema.org","@graph":[{"@type":"Article","@id":"https:\/\/www.evropskakuca.me\/me\/otvoriti-poglavlje-27-na-meduvladinoj-konferenciji\/#article","isPartOf":{"@id":"https:\/\/www.evropskakuca.me\/me\/otvoriti-poglavlje-27-na-meduvladinoj-konferenciji\/"},"author":{"name":"mkajic","@id":"https:\/\/www.evropskakuca.me\/me\/#\/schema\/person\/a1d0dcdaefe4a1cd1d60d200ea137ba4"},"headline":"Pogled na dana\u0161nje izazove EU i perspektivu pro\u0161irenja","datePublished":"2018-11-27T12:17:14+00:00","mainEntityOfPage":{"@id":"https:\/\/www.evropskakuca.me\/me\/otvoriti-poglavlje-27-na-meduvladinoj-konferenciji\/"},"wordCount":477,"commentCount":0,"publisher":{"@id":"https:\/\/www.evropskakuca.me\/me\/#organization"},"image":{"@id":"https:\/\/www.evropskakuca.me\/me\/otvoriti-poglavlje-27-na-meduvladinoj-konferenciji\/#primaryimage"},"thumbnailUrl":"https:\/\/www.evropskakuca.me\/wp-content\/uploads\/2018\/11\/IMG_0361.jpg","articleSection":["Novosti"],"inLanguage":"me-ME","potentialAction":[{"@type":"CommentAction","name":"Comment","target":["https:\/\/www.evropskakuca.me\/me\/otvoriti-poglavlje-27-na-meduvladinoj-konferenciji\/#respond"]}]},{"@type":"WebPage","@id":"https:\/\/www.evropskakuca.me\/me\/otvoriti-poglavlje-27-na-meduvladinoj-konferenciji\/","url":"https:\/\/www.evropskakuca.me\/me\/otvoriti-poglavlje-27-na-meduvladinoj-konferenciji\/","name":"Pogled na dana\u0161nje izazove EU i perspektivu pro\u0161irenja - Europe House","isPartOf":{"@id":"https:\/\/www.evropskakuca.me\/me\/#website"},"primaryImageOfPage":{"@id":"https:\/\/www.evropskakuca.me\/me\/otvoriti-poglavlje-27-na-meduvladinoj-konferenciji\/#primaryimage"},"image":{"@id":"https:\/\/www.evropskakuca.me\/me\/otvoriti-poglavlje-27-na-meduvladinoj-konferenciji\/#primaryimage"},"thumbnailUrl":"https:\/\/www.evropskakuca.me\/wp-content\/uploads\/2018\/11\/IMG_0361.jpg","datePublished":"2018-11-27T12:17:14+00:00","breadcrumb":{"@id":"https:\/\/www.evropskakuca.me\/me\/otvoriti-poglavlje-27-na-meduvladinoj-konferenciji\/#breadcrumb"},"inLanguage":"me-ME","potentialAction":[{"@type":"ReadAction","target":["https:\/\/www.evropskakuca.me\/me\/otvoriti-poglavlje-27-na-meduvladinoj-konferenciji\/"]}]},{"@type":"ImageObject","inLanguage":"me-ME","@id":"https:\/\/www.evropskakuca.me\/me\/otvoriti-poglavlje-27-na-meduvladinoj-konferenciji\/#primaryimage","url":"https:\/\/www.evropskakuca.me\/wp-content\/uploads\/2018\/11\/IMG_0361.jpg","contentUrl":"https:\/\/www.evropskakuca.me\/wp-content\/uploads\/2018\/11\/IMG_0361.jpg","width":2024,"height":1349},{"@type":"BreadcrumbList","@id":"https:\/\/www.evropskakuca.me\/me\/otvoriti-poglavlje-27-na-meduvladinoj-konferenciji\/#breadcrumb","itemListElement":[{"@type":"ListItem","position":1,"name":"Home","item":"https:\/\/www.evropskakuca.me\/me\/"},{"@type":"ListItem","position":2,"name":"Pogled na dana\u0161nje izazove EU i perspektivu pro\u0161irenja"}]},{"@type":"WebSite","@id":"https:\/\/www.evropskakuca.me\/me\/#website","url":"https:\/\/www.evropskakuca.me\/me\/","name":"Evropean house","description":"","publisher":{"@id":"https:\/\/www.evropskakuca.me\/me\/#organization"},"potentialAction":[{"@type":"SearchAction","target":{"@type":"EntryPoint","urlTemplate":"https:\/\/www.evropskakuca.me\/me\/?s={search_term_string}"},"query-input":{"@type":"PropertyValueSpecification","valueRequired":true,"valueName":"search_term_string"}}],"inLanguage":"me-ME"},{"@type":"Organization","@id":"https:\/\/www.evropskakuca.me\/me\/#organization","name":"Evropean house","url":"https:\/\/www.evropskakuca.me\/me\/","logo":{"@type":"ImageObject","inLanguage":"me-ME","@id":"https:\/\/www.evropskakuca.me\/me\/#\/schema\/logo\/image\/","url":"https:\/\/www.evropskakuca.me\/wp-content\/uploads\/2025\/01\/evropska-kuca-logo-1.png","contentUrl":"https:\/\/www.evropskakuca.me\/wp-content\/uploads\/2025\/01\/evropska-kuca-logo-1.png","width":425,"height":312,"caption":"Evropean house"},"image":{"@id":"https:\/\/www.evropskakuca.me\/me\/#\/schema\/logo\/image\/"},"sameAs":["https:\/\/www.facebook.com\/evropska.kuca","https:\/\/x.com\/evropska_kuca","https:\/\/www.instagram.com\/evropska_kuca"]},{"@type":"Person","@id":"https:\/\/www.evropskakuca.me\/me\/#\/schema\/person\/a1d0dcdaefe4a1cd1d60d200ea137ba4","name":"mkajic","image":{"@type":"ImageObject","inLanguage":"me-ME","@id":"https:\/\/secure.gravatar.com\/avatar\/731fa035cefab7316e6bafd1f25a93fb731a07de14e2d9923f8db4422628eabc?s=96&d=mm&r=g","url":"https:\/\/secure.gravatar.com\/avatar\/731fa035cefab7316e6bafd1f25a93fb731a07de14e2d9923f8db4422628eabc?s=96&d=mm&r=g","contentUrl":"https:\/\/secure.gravatar.com\/avatar\/731fa035cefab7316e6bafd1f25a93fb731a07de14e2d9923f8db4422628eabc?s=96&d=mm&r=g","caption":"mkajic"},"sameAs":["https:\/\/evropskakuca.me"],"url":"https:\/\/www.evropskakuca.me\/me\/author\/mkajic\/"}]}},"_links":{"self":[{"href":"https:\/\/www.evropskakuca.me\/me\/wp-json\/wp\/v2\/posts\/6412","targetHints":{"allow":["GET"]}}],"collection":[{"href":"https:\/\/www.evropskakuca.me\/me\/wp-json\/wp\/v2\/posts"}],"about":[{"href":"https:\/\/www.evropskakuca.me\/me\/wp-json\/wp\/v2\/types\/post"}],"author":[{"embeddable":true,"href":"https:\/\/www.evropskakuca.me\/me\/wp-json\/wp\/v2\/users\/1"}],"replies":[{"embeddable":true,"href":"https:\/\/www.evropskakuca.me\/me\/wp-json\/wp\/v2\/comments?post=6412"}],"version-history":[{"count":0,"href":"https:\/\/www.evropskakuca.me\/me\/wp-json\/wp\/v2\/posts\/6412\/revisions"}],"wp:featuredmedia":[{"embeddable":true,"href":"https:\/\/www.evropskakuca.me\/me\/wp-json\/wp\/v2\/media\/34261"}],"wp:attachment":[{"href":"https:\/\/www.evropskakuca.me\/me\/wp-json\/wp\/v2\/media?parent=6412"}],"wp:term":[{"taxonomy":"category","embeddable":true,"href":"https:\/\/www.evropskakuca.me\/me\/wp-json\/wp\/v2\/categories?post=6412"},{"taxonomy":"post_tag","embeddable":true,"href":"https:\/\/www.evropskakuca.me\/me\/wp-json\/wp\/v2\/tags?post=6412"}],"curies":[{"name":"wp","href":"https:\/\/api.w.org\/{rel}","templated":true}]}}