{"id":6349,"date":"2018-11-05T15:13:00","date_gmt":"2018-11-05T15:13:00","guid":{"rendered":"http:\/\/www.evropskakuca.me\/me\/?p=6349"},"modified":"2018-11-05T15:13:00","modified_gmt":"2018-11-05T15:13:00","slug":"krenimo-zajedno-prijavi-nasilje","status":"publish","type":"post","link":"https:\/\/www.evropskakuca.me\/me\/krenimo-zajedno-prijavi-nasilje\/","title":{"rendered":"Krenimo zajedno, prijavi nasilje"},"content":{"rendered":"<p>Podgorica, 5.novembar 2018. \u2013 Sigurna \u017eenska ku\u0107a predstavila je, u EU info centru, video spot iz kampanje \u201eKrenimo zajedno, prijavi nasilje\u201d. Cilj kampanje je u\u010diniti crnogorsko dru\u0161tvo netolerantnim na nasilje u porodici i nad \u017eenama. Iz nevladinog sektora pozvali su sve se uklju\u010de u rje\u0161avanje problema nasilja nad \u017eenama i da prijave takve slu\u010dajeve ako saznaju za njih.<\/p>\n<p><a href=\"http:\/\/www.evropskakuca.me\/wp-content\/uploads\/2018\/11\/IMG_4244.jpg\"><img fetchpriority=\"high\" decoding=\"async\" class=\"alignleft wp-image-6352 \" src=\"http:\/\/www.evropskakuca.me\/wp-content\/uploads\/2018\/11\/IMG_4244.jpg\" alt=\"\" width=\"482\" height=\"321\" \/><\/a>Predsjednica NVO \u201eSigurna \u017eenska ku\u0107a\u201c, Ljiljana Rai\u010devi\u0107, kazala je da je projekat nazvan Krenimo zajedno jer nijedna institucija pojedina\u010dno ne mo\u017ee rije\u0161iti problem nasilja u porodici.<\/p>\n<p>\u201eNasilje u porodici je ozbiljna dru\u0161tvena prijetnja, ne samo za \u017eene i djecu iz te porodice, nego za dru\u0161tvo u cjelini\u201c, naglasila je Rai\u010devi\u0107.<\/p>\n<p>Kampanja, kako je navela, ve\u0107 daje rezultate, jer se sve ve\u0107i broj \u017eena javlja toj organizaciji.<\/p>\n<p>\u201eSvakodnevno imamo tri do pet \u017eena na razgovor. Prvo im savjetujemo da se jave policiji i centru za socijalini rad, ili ako ho\u0107e mogu i da razgovaraju sa novinarima koji \u010desto ho\u0107e da naprave autenti\u010dnu pri\u010du\u201c, kazala je Rai\u010devi\u0107.<\/p>\n<p>Na\u010delnica odjeljenja za poslove rodne ravnopravnosti Ministarstvo za ljudska i manjinska prava, Biljana Pejovi\u0107, naglasila je da nasilje niko ne treba da trpi ili krije. Pejovi\u0107 je podsjetila da je ista\u017eivanje UNDP-a i ministarstva za pro\u0161lu godinu pokazalo da je svaka druga \u017eena u Crnoj Gori nekad bila \u017ertva nasilja, a da je samo tre\u0107ina njih spremna da prijavi nasilje.\u00a0<a href=\"http:\/\/www.evropskakuca.me\/wp-content\/uploads\/2018\/11\/IMG_4339.jpg\"><img decoding=\"async\" class=\" wp-image-6354 alignright\" src=\"http:\/\/www.evropskakuca.me\/wp-content\/uploads\/2018\/11\/IMG_4339-1024x682.jpg\" alt=\"\" width=\"481\" height=\"320\" \/><\/a><\/p>\n<p>\u201eU Crnoj Gori jo\u0161 postoji odre\u0111en veo neznanja, straha i \u0107utanja, i da to nas alarmira da svi moramo zajedni\u010dki da u\u010dinimo tu pojavu prije svega krajnje vidljivom\u201c, kazala je Pejovi\u0107.<\/p>\n<p>Ona je istakla da je informisanost bitan korak u borbi protiv nasilja nad \u017eenama i u porodici.<\/p>\n<p>Rukovoditeljka Operativnog tima Ministarstva unutra\u0161njih poslova, Sne\u017eana Vujovi\u0107, kazala je da je taj tim formiran 1. marta, da ima 18 \u010dlanova, i da ve\u0107 posti\u017ee obe\u0107avaju\u0107e rezultate.<\/p>\n<p>\u201eMi smo za devet mjeseci ove godine statisti\u010dki dostigli nivo prekr\u0161ajnih i krivi\u010dnih prijava koje su bile evidentirane za pro\u0161lu ili za pretprro\u0161lu\u201c, kazala je Vujovi\u0107.<\/p>\n<p>Ona je kazala da se radi o oko 200 krivi\u010dnih djela i oko 1,2 hiljade prekr\u0161aja.<\/p>\n<p><iframe title=\"PRIJAVI NASILJE, SIGURNA \u017dENSKA KU\u0106A\" width=\"800\" height=\"450\" src=\"https:\/\/www.youtube.com\/embed\/8ZKbI9B2WDk?feature=oembed\" frameborder=\"0\" allow=\"accelerometer; autoplay; clipboard-write; encrypted-media; gyroscope; picture-in-picture; web-share\" referrerpolicy=\"strict-origin-when-cross-origin\" allowfullscreen><\/iframe><\/p>\n<p>Projekat Krenimo zajedno S\u017dK realizuje uz podr\u0161ku Programa za podr\u0161ku antidiskriminacionim i politikama rodne ravnopravnosti, koji sprovodi UNDP u partnerstvu sa Ministarstvom za ljudska i manjinska prava, a finansira ga Delegacija Evropske unije u Crnoj Gori.<\/p>\n","protected":false},"excerpt":{"rendered":"<p>Sigurna \u017eenska ku\u0107a predstavila spot<\/p>\n","protected":false},"author":1,"featured_media":34271,"comment_status":"open","ping_status":"open","sticky":false,"template":"","format":"video","meta":{"_acf_changed":false,"footnotes":""},"categories":[283],"tags":[],"class_list":["post-6349","post","type-post","status-publish","format-video","has-post-thumbnail","hentry","category-novosti-me","post_format-post-format-video"],"acf":[],"yoast_head":"<!-- This site is optimized with the Yoast SEO plugin v27.3 - https:\/\/yoast.com\/product\/yoast-seo-wordpress\/ -->\n<title>Krenimo zajedno, prijavi nasilje - Europe House<\/title>\n<meta name=\"robots\" content=\"index, follow, max-snippet:-1, max-image-preview:large, max-video-preview:-1\" \/>\n<link rel=\"canonical\" href=\"https:\/\/www.evropskakuca.me\/me\/krenimo-zajedno-prijavi-nasilje\/\" \/>\n<meta property=\"og:locale\" content=\"en_US\" \/>\n<meta property=\"og:type\" content=\"article\" \/>\n<meta property=\"og:title\" content=\"Krenimo zajedno, prijavi nasilje - Europe House\" \/>\n<meta property=\"og:description\" content=\"Sigurna \u017eenska ku\u0107a predstavila spot\" \/>\n<meta property=\"og:url\" content=\"https:\/\/www.evropskakuca.me\/me\/krenimo-zajedno-prijavi-nasilje\/\" \/>\n<meta property=\"og:site_name\" content=\"Europe House\" \/>\n<meta property=\"article:publisher\" content=\"https:\/\/www.facebook.com\/evropska.kuca\" \/>\n<meta property=\"article:published_time\" content=\"2018-11-05T15:13:00+00:00\" \/>\n<meta property=\"og:image\" content=\"https:\/\/www.evropskakuca.me\/wp-content\/uploads\/2018\/11\/IMG_4386.jpg\" \/>\n\t<meta property=\"og:image:width\" content=\"2024\" \/>\n\t<meta property=\"og:image:height\" content=\"1349\" \/>\n\t<meta property=\"og:image:type\" content=\"image\/jpeg\" \/>\n<meta name=\"author\" content=\"mkajic\" \/>\n<meta name=\"twitter:card\" content=\"summary_large_image\" \/>\n<meta name=\"twitter:creator\" content=\"@evropska_kuca\" \/>\n<meta name=\"twitter:site\" content=\"@evropska_kuca\" \/>\n<meta name=\"twitter:label1\" content=\"Written by\" \/>\n\t<meta name=\"twitter:data1\" content=\"mkajic\" \/>\n\t<meta name=\"twitter:label2\" content=\"Est. reading time\" \/>\n\t<meta name=\"twitter:data2\" content=\"2 minutes\" \/>\n<script type=\"application\/ld+json\" class=\"yoast-schema-graph\">{\"@context\":\"https:\\\/\\\/schema.org\",\"@graph\":[{\"@type\":\"Article\",\"@id\":\"https:\\\/\\\/www.evropskakuca.me\\\/me\\\/krenimo-zajedno-prijavi-nasilje\\\/#article\",\"isPartOf\":{\"@id\":\"https:\\\/\\\/www.evropskakuca.me\\\/me\\\/krenimo-zajedno-prijavi-nasilje\\\/\"},\"author\":{\"name\":\"mkajic\",\"@id\":\"https:\\\/\\\/www.evropskakuca.me\\\/me\\\/#\\\/schema\\\/person\\\/a1d0dcdaefe4a1cd1d60d200ea137ba4\"},\"headline\":\"Krenimo zajedno, prijavi nasilje\",\"datePublished\":\"2018-11-05T15:13:00+00:00\",\"mainEntityOfPage\":{\"@id\":\"https:\\\/\\\/www.evropskakuca.me\\\/me\\\/krenimo-zajedno-prijavi-nasilje\\\/\"},\"wordCount\":427,\"commentCount\":0,\"publisher\":{\"@id\":\"https:\\\/\\\/www.evropskakuca.me\\\/me\\\/#organization\"},\"image\":{\"@id\":\"https:\\\/\\\/www.evropskakuca.me\\\/me\\\/krenimo-zajedno-prijavi-nasilje\\\/#primaryimage\"},\"thumbnailUrl\":\"https:\\\/\\\/www.evropskakuca.me\\\/wp-content\\\/uploads\\\/2018\\\/11\\\/IMG_4386.jpg\",\"articleSection\":[\"Novosti\"],\"inLanguage\":\"me-ME\",\"potentialAction\":[{\"@type\":\"CommentAction\",\"name\":\"Comment\",\"target\":[\"https:\\\/\\\/www.evropskakuca.me\\\/me\\\/krenimo-zajedno-prijavi-nasilje\\\/#respond\"]}]},{\"@type\":\"WebPage\",\"@id\":\"https:\\\/\\\/www.evropskakuca.me\\\/me\\\/krenimo-zajedno-prijavi-nasilje\\\/\",\"url\":\"https:\\\/\\\/www.evropskakuca.me\\\/me\\\/krenimo-zajedno-prijavi-nasilje\\\/\",\"name\":\"Krenimo zajedno, prijavi nasilje - Europe House\",\"isPartOf\":{\"@id\":\"https:\\\/\\\/www.evropskakuca.me\\\/me\\\/#website\"},\"primaryImageOfPage\":{\"@id\":\"https:\\\/\\\/www.evropskakuca.me\\\/me\\\/krenimo-zajedno-prijavi-nasilje\\\/#primaryimage\"},\"image\":{\"@id\":\"https:\\\/\\\/www.evropskakuca.me\\\/me\\\/krenimo-zajedno-prijavi-nasilje\\\/#primaryimage\"},\"thumbnailUrl\":\"https:\\\/\\\/www.evropskakuca.me\\\/wp-content\\\/uploads\\\/2018\\\/11\\\/IMG_4386.jpg\",\"datePublished\":\"2018-11-05T15:13:00+00:00\",\"breadcrumb\":{\"@id\":\"https:\\\/\\\/www.evropskakuca.me\\\/me\\\/krenimo-zajedno-prijavi-nasilje\\\/#breadcrumb\"},\"inLanguage\":\"me-ME\",\"potentialAction\":[{\"@type\":\"ReadAction\",\"target\":[\"https:\\\/\\\/www.evropskakuca.me\\\/me\\\/krenimo-zajedno-prijavi-nasilje\\\/\"]}]},{\"@type\":\"ImageObject\",\"inLanguage\":\"me-ME\",\"@id\":\"https:\\\/\\\/www.evropskakuca.me\\\/me\\\/krenimo-zajedno-prijavi-nasilje\\\/#primaryimage\",\"url\":\"https:\\\/\\\/www.evropskakuca.me\\\/wp-content\\\/uploads\\\/2018\\\/11\\\/IMG_4386.jpg\",\"contentUrl\":\"https:\\\/\\\/www.evropskakuca.me\\\/wp-content\\\/uploads\\\/2018\\\/11\\\/IMG_4386.jpg\",\"width\":2024,\"height\":1349},{\"@type\":\"BreadcrumbList\",\"@id\":\"https:\\\/\\\/www.evropskakuca.me\\\/me\\\/krenimo-zajedno-prijavi-nasilje\\\/#breadcrumb\",\"itemListElement\":[{\"@type\":\"ListItem\",\"position\":1,\"name\":\"Home\",\"item\":\"https:\\\/\\\/www.evropskakuca.me\\\/me\\\/\"},{\"@type\":\"ListItem\",\"position\":2,\"name\":\"Krenimo zajedno, prijavi nasilje\"}]},{\"@type\":\"WebSite\",\"@id\":\"https:\\\/\\\/www.evropskakuca.me\\\/me\\\/#website\",\"url\":\"https:\\\/\\\/www.evropskakuca.me\\\/me\\\/\",\"name\":\"Evropean house\",\"description\":\"\",\"publisher\":{\"@id\":\"https:\\\/\\\/www.evropskakuca.me\\\/me\\\/#organization\"},\"potentialAction\":[{\"@type\":\"SearchAction\",\"target\":{\"@type\":\"EntryPoint\",\"urlTemplate\":\"https:\\\/\\\/www.evropskakuca.me\\\/me\\\/?s={search_term_string}\"},\"query-input\":{\"@type\":\"PropertyValueSpecification\",\"valueRequired\":true,\"valueName\":\"search_term_string\"}}],\"inLanguage\":\"me-ME\"},{\"@type\":\"Organization\",\"@id\":\"https:\\\/\\\/www.evropskakuca.me\\\/me\\\/#organization\",\"name\":\"Evropean house\",\"url\":\"https:\\\/\\\/www.evropskakuca.me\\\/me\\\/\",\"logo\":{\"@type\":\"ImageObject\",\"inLanguage\":\"me-ME\",\"@id\":\"https:\\\/\\\/www.evropskakuca.me\\\/me\\\/#\\\/schema\\\/logo\\\/image\\\/\",\"url\":\"https:\\\/\\\/www.evropskakuca.me\\\/wp-content\\\/uploads\\\/2025\\\/01\\\/evropska-kuca-logo-1.png\",\"contentUrl\":\"https:\\\/\\\/www.evropskakuca.me\\\/wp-content\\\/uploads\\\/2025\\\/01\\\/evropska-kuca-logo-1.png\",\"width\":425,\"height\":312,\"caption\":\"Evropean house\"},\"image\":{\"@id\":\"https:\\\/\\\/www.evropskakuca.me\\\/me\\\/#\\\/schema\\\/logo\\\/image\\\/\"},\"sameAs\":[\"https:\\\/\\\/www.facebook.com\\\/evropska.kuca\",\"https:\\\/\\\/x.com\\\/evropska_kuca\",\"https:\\\/\\\/www.instagram.com\\\/evropska_kuca\"]},{\"@type\":\"Person\",\"@id\":\"https:\\\/\\\/www.evropskakuca.me\\\/me\\\/#\\\/schema\\\/person\\\/a1d0dcdaefe4a1cd1d60d200ea137ba4\",\"name\":\"mkajic\",\"image\":{\"@type\":\"ImageObject\",\"inLanguage\":\"me-ME\",\"@id\":\"https:\\\/\\\/secure.gravatar.com\\\/avatar\\\/731fa035cefab7316e6bafd1f25a93fb731a07de14e2d9923f8db4422628eabc?s=96&d=mm&r=g\",\"url\":\"https:\\\/\\\/secure.gravatar.com\\\/avatar\\\/731fa035cefab7316e6bafd1f25a93fb731a07de14e2d9923f8db4422628eabc?s=96&d=mm&r=g\",\"contentUrl\":\"https:\\\/\\\/secure.gravatar.com\\\/avatar\\\/731fa035cefab7316e6bafd1f25a93fb731a07de14e2d9923f8db4422628eabc?s=96&d=mm&r=g\",\"caption\":\"mkajic\"},\"sameAs\":[\"https:\\\/\\\/evropskakuca.me\"],\"url\":\"https:\\\/\\\/www.evropskakuca.me\\\/me\\\/author\\\/mkajic\\\/\"}]}<\/script>\n<!-- \/ Yoast SEO plugin. -->","yoast_head_json":{"title":"Krenimo zajedno, prijavi nasilje - Europe House","robots":{"index":"index","follow":"follow","max-snippet":"max-snippet:-1","max-image-preview":"max-image-preview:large","max-video-preview":"max-video-preview:-1"},"canonical":"https:\/\/www.evropskakuca.me\/me\/krenimo-zajedno-prijavi-nasilje\/","og_locale":"en_US","og_type":"article","og_title":"Krenimo zajedno, prijavi nasilje - Europe House","og_description":"Sigurna \u017eenska ku\u0107a predstavila spot","og_url":"https:\/\/www.evropskakuca.me\/me\/krenimo-zajedno-prijavi-nasilje\/","og_site_name":"Europe House","article_publisher":"https:\/\/www.facebook.com\/evropska.kuca","article_published_time":"2018-11-05T15:13:00+00:00","og_image":[{"width":2024,"height":1349,"url":"https:\/\/www.evropskakuca.me\/wp-content\/uploads\/2018\/11\/IMG_4386.jpg","type":"image\/jpeg"}],"author":"mkajic","twitter_card":"summary_large_image","twitter_creator":"@evropska_kuca","twitter_site":"@evropska_kuca","twitter_misc":{"Written by":"mkajic","Est. reading time":"2 minutes"},"schema":{"@context":"https:\/\/schema.org","@graph":[{"@type":"Article","@id":"https:\/\/www.evropskakuca.me\/me\/krenimo-zajedno-prijavi-nasilje\/#article","isPartOf":{"@id":"https:\/\/www.evropskakuca.me\/me\/krenimo-zajedno-prijavi-nasilje\/"},"author":{"name":"mkajic","@id":"https:\/\/www.evropskakuca.me\/me\/#\/schema\/person\/a1d0dcdaefe4a1cd1d60d200ea137ba4"},"headline":"Krenimo zajedno, prijavi nasilje","datePublished":"2018-11-05T15:13:00+00:00","mainEntityOfPage":{"@id":"https:\/\/www.evropskakuca.me\/me\/krenimo-zajedno-prijavi-nasilje\/"},"wordCount":427,"commentCount":0,"publisher":{"@id":"https:\/\/www.evropskakuca.me\/me\/#organization"},"image":{"@id":"https:\/\/www.evropskakuca.me\/me\/krenimo-zajedno-prijavi-nasilje\/#primaryimage"},"thumbnailUrl":"https:\/\/www.evropskakuca.me\/wp-content\/uploads\/2018\/11\/IMG_4386.jpg","articleSection":["Novosti"],"inLanguage":"me-ME","potentialAction":[{"@type":"CommentAction","name":"Comment","target":["https:\/\/www.evropskakuca.me\/me\/krenimo-zajedno-prijavi-nasilje\/#respond"]}]},{"@type":"WebPage","@id":"https:\/\/www.evropskakuca.me\/me\/krenimo-zajedno-prijavi-nasilje\/","url":"https:\/\/www.evropskakuca.me\/me\/krenimo-zajedno-prijavi-nasilje\/","name":"Krenimo zajedno, prijavi nasilje - Europe House","isPartOf":{"@id":"https:\/\/www.evropskakuca.me\/me\/#website"},"primaryImageOfPage":{"@id":"https:\/\/www.evropskakuca.me\/me\/krenimo-zajedno-prijavi-nasilje\/#primaryimage"},"image":{"@id":"https:\/\/www.evropskakuca.me\/me\/krenimo-zajedno-prijavi-nasilje\/#primaryimage"},"thumbnailUrl":"https:\/\/www.evropskakuca.me\/wp-content\/uploads\/2018\/11\/IMG_4386.jpg","datePublished":"2018-11-05T15:13:00+00:00","breadcrumb":{"@id":"https:\/\/www.evropskakuca.me\/me\/krenimo-zajedno-prijavi-nasilje\/#breadcrumb"},"inLanguage":"me-ME","potentialAction":[{"@type":"ReadAction","target":["https:\/\/www.evropskakuca.me\/me\/krenimo-zajedno-prijavi-nasilje\/"]}]},{"@type":"ImageObject","inLanguage":"me-ME","@id":"https:\/\/www.evropskakuca.me\/me\/krenimo-zajedno-prijavi-nasilje\/#primaryimage","url":"https:\/\/www.evropskakuca.me\/wp-content\/uploads\/2018\/11\/IMG_4386.jpg","contentUrl":"https:\/\/www.evropskakuca.me\/wp-content\/uploads\/2018\/11\/IMG_4386.jpg","width":2024,"height":1349},{"@type":"BreadcrumbList","@id":"https:\/\/www.evropskakuca.me\/me\/krenimo-zajedno-prijavi-nasilje\/#breadcrumb","itemListElement":[{"@type":"ListItem","position":1,"name":"Home","item":"https:\/\/www.evropskakuca.me\/me\/"},{"@type":"ListItem","position":2,"name":"Krenimo zajedno, prijavi nasilje"}]},{"@type":"WebSite","@id":"https:\/\/www.evropskakuca.me\/me\/#website","url":"https:\/\/www.evropskakuca.me\/me\/","name":"Evropean house","description":"","publisher":{"@id":"https:\/\/www.evropskakuca.me\/me\/#organization"},"potentialAction":[{"@type":"SearchAction","target":{"@type":"EntryPoint","urlTemplate":"https:\/\/www.evropskakuca.me\/me\/?s={search_term_string}"},"query-input":{"@type":"PropertyValueSpecification","valueRequired":true,"valueName":"search_term_string"}}],"inLanguage":"me-ME"},{"@type":"Organization","@id":"https:\/\/www.evropskakuca.me\/me\/#organization","name":"Evropean house","url":"https:\/\/www.evropskakuca.me\/me\/","logo":{"@type":"ImageObject","inLanguage":"me-ME","@id":"https:\/\/www.evropskakuca.me\/me\/#\/schema\/logo\/image\/","url":"https:\/\/www.evropskakuca.me\/wp-content\/uploads\/2025\/01\/evropska-kuca-logo-1.png","contentUrl":"https:\/\/www.evropskakuca.me\/wp-content\/uploads\/2025\/01\/evropska-kuca-logo-1.png","width":425,"height":312,"caption":"Evropean house"},"image":{"@id":"https:\/\/www.evropskakuca.me\/me\/#\/schema\/logo\/image\/"},"sameAs":["https:\/\/www.facebook.com\/evropska.kuca","https:\/\/x.com\/evropska_kuca","https:\/\/www.instagram.com\/evropska_kuca"]},{"@type":"Person","@id":"https:\/\/www.evropskakuca.me\/me\/#\/schema\/person\/a1d0dcdaefe4a1cd1d60d200ea137ba4","name":"mkajic","image":{"@type":"ImageObject","inLanguage":"me-ME","@id":"https:\/\/secure.gravatar.com\/avatar\/731fa035cefab7316e6bafd1f25a93fb731a07de14e2d9923f8db4422628eabc?s=96&d=mm&r=g","url":"https:\/\/secure.gravatar.com\/avatar\/731fa035cefab7316e6bafd1f25a93fb731a07de14e2d9923f8db4422628eabc?s=96&d=mm&r=g","contentUrl":"https:\/\/secure.gravatar.com\/avatar\/731fa035cefab7316e6bafd1f25a93fb731a07de14e2d9923f8db4422628eabc?s=96&d=mm&r=g","caption":"mkajic"},"sameAs":["https:\/\/evropskakuca.me"],"url":"https:\/\/www.evropskakuca.me\/me\/author\/mkajic\/"}]}},"_links":{"self":[{"href":"https:\/\/www.evropskakuca.me\/me\/wp-json\/wp\/v2\/posts\/6349","targetHints":{"allow":["GET"]}}],"collection":[{"href":"https:\/\/www.evropskakuca.me\/me\/wp-json\/wp\/v2\/posts"}],"about":[{"href":"https:\/\/www.evropskakuca.me\/me\/wp-json\/wp\/v2\/types\/post"}],"author":[{"embeddable":true,"href":"https:\/\/www.evropskakuca.me\/me\/wp-json\/wp\/v2\/users\/1"}],"replies":[{"embeddable":true,"href":"https:\/\/www.evropskakuca.me\/me\/wp-json\/wp\/v2\/comments?post=6349"}],"version-history":[{"count":0,"href":"https:\/\/www.evropskakuca.me\/me\/wp-json\/wp\/v2\/posts\/6349\/revisions"}],"wp:featuredmedia":[{"embeddable":true,"href":"https:\/\/www.evropskakuca.me\/me\/wp-json\/wp\/v2\/media\/34271"}],"wp:attachment":[{"href":"https:\/\/www.evropskakuca.me\/me\/wp-json\/wp\/v2\/media?parent=6349"}],"wp:term":[{"taxonomy":"category","embeddable":true,"href":"https:\/\/www.evropskakuca.me\/me\/wp-json\/wp\/v2\/categories?post=6349"},{"taxonomy":"post_tag","embeddable":true,"href":"https:\/\/www.evropskakuca.me\/me\/wp-json\/wp\/v2\/tags?post=6349"}],"curies":[{"name":"wp","href":"https:\/\/api.w.org\/{rel}","templated":true}]}}