{"id":6159,"date":"2018-10-02T13:02:03","date_gmt":"2018-10-02T13:02:03","guid":{"rendered":"http:\/\/www.evropskakuca.me\/me\/?p=6159"},"modified":"2018-10-02T13:02:03","modified_gmt":"2018-10-02T13:02:03","slug":"predstavljen-resursni-centar-za-organizacije-civilnog-drustva","status":"publish","type":"post","link":"https:\/\/www.evropskakuca.me\/me\/predstavljen-resursni-centar-za-organizacije-civilnog-drustva\/","title":{"rendered":"Predstavljen Resursni centar za organizacije civilnog dru\u0161tva"},"content":{"rendered":"<p>Podgorica, 1. oktobar &#8211; Resursni centar za organizacije civilnog dru\u0161tva predstavljen je u EU info centru, a njegovi osniva\u010di su pozvali sve nevladine organizacije da po\u010dnu da koriste njihove usluge.<\/p>\n<p>\u0160ef sektora Kooperacija u Delegaciji EU, Herman \u0160pic, \u00a0je kazao da civilno dru\u0161tvo ima enormno va\u017enu ulogu u demokratskim dru\u0161tvima i da EU pru\u017ea konstantnu podr\u0161ku razvoju civilnog dru\u0161tva u zemljama kandidatima za \u010dlanstvo, uklju\u010duju\u0107i Crnu Goru.<\/p>\n<p>\u201eBez osna\u017eenog i slobodnog civilnog dru\u0161tva nema funkcionalnog demokratskog sistema. Ne samo da je prisustvo sna\u017enog civilnog dru\u0161tva njeguje pluralizam u na\u0161em dru\u0161tvu, ve\u0107 rad civilnog dru\u0161tva doprinosi efektivnosti i odr\u017eivosti institucija, vlada, pa \u010dak i Evropske unije,\u201c kazao je \u0160pic.<\/p>\n<p>On je kazao da je jedna od klju\u010dnih akcija podr\u0161ke Evropske unije civilnom dru\u0161tvu u Crnoj Gori finansiranje Resusrsnog centra, dodaju\u0107i da rade\u0107i to, EU podr\u017eava aktiviste, one ljude koji direktno komuniciraju sa gra\u0111anima i koji se ponekad suo\u010davaju sa te\u0161ko\u0107ama kada se bore za prava onih koje predstavljaju.<\/p>\n<p>\u201eEvropska unija \u017eeli da vidi sna\u017eno, razvijeno i uticajno civilno dru\u0161tvo u Cnoj Gori a Resursni centar \u0107e biti kanal da bi se postigao taj cilj,\u201c kazao je \u0160pic.<\/p>\n<p>Direktorica CRNVO, Ana Novakovi\u0107 je kazala da postoje dva konkretna razloga za\u0161to je uspostavljanje resursnih centara i dalje neophodni, nedostatak podr\u0161ke od dr\u017eave i potreba da da se neometano djeluje u dru\u0161tvu.<\/p>\n<p>\u201eNevladine organizacije i pojedinci sa kriti\u010dkim osvrtom na stanje u dru\u0161tvu predmet su prljavih medijskih kampanja, a predstavnici vlasti ih bez zadr\u0161ke progla\u0161avaju dr\u017eavnim neprijateljima, koji rade suprotno interesu dru\u017eave. Mi ipak cijenimo da suprotno interesima dr\u017eave rade oni koji su odgovorni za\u0161to je u Strategiji EU za Zapadni Balkana, Crna Gora sa ostalim zemljama iz regiona prepoznata kao zarobljena dr\u017eava, zbog prisustva organizovanog kriminala i korupcije i nedozvoljenog mije\u0161anja u rad medija\u201c kazala je Novakovi\u0107.<\/p>\n<p>Ona isti\u010de da Resursni centar ostaje otvorena prva adresa svim organizacijama civilnog dru\u0161tva i pojedincima koji planiraju da u formi udru\u017eenja i organizacija doprinesu razvoju dru\u0161tva u svim segmentima.<\/p>\n<p>Resursni centar za organizacije civilnig dru\u0161tva je finansiran u okviru Instrumenta za civilno dru\u0161tvo (CSF), posredstvom Delegacije EU i sljede\u0107e tri godine pru\u017ea\u0107e usluge nevladinim organizacijama u vi\u0161e op\u0161tina.<\/p>\n","protected":false},"excerpt":{"rendered":"<p>Pomo\u0107 za nevladine organizacije<\/p>\n","protected":false},"author":1,"featured_media":34207,"comment_status":"open","ping_status":"open","sticky":false,"template":"","format":"standard","meta":{"_acf_changed":false,"footnotes":""},"categories":[283],"tags":[],"class_list":["post-6159","post","type-post","status-publish","format-standard","has-post-thumbnail","hentry","category-novosti-me"],"acf":[],"yoast_head":"<!-- This site is optimized with the Yoast SEO plugin v27.3 - https:\/\/yoast.com\/product\/yoast-seo-wordpress\/ -->\n<title>Predstavljen Resursni centar za organizacije civilnog dru\u0161tva - Europe House<\/title>\n<meta name=\"robots\" content=\"index, follow, max-snippet:-1, max-image-preview:large, max-video-preview:-1\" \/>\n<link rel=\"canonical\" href=\"https:\/\/www.evropskakuca.me\/me\/predstavljen-resursni-centar-za-organizacije-civilnog-drustva\/\" \/>\n<meta property=\"og:locale\" content=\"en_US\" \/>\n<meta property=\"og:type\" content=\"article\" \/>\n<meta property=\"og:title\" content=\"Predstavljen Resursni centar za organizacije civilnog dru\u0161tva - Europe House\" \/>\n<meta property=\"og:description\" content=\"Pomo\u0107 za nevladine organizacije\" \/>\n<meta property=\"og:url\" content=\"https:\/\/www.evropskakuca.me\/me\/predstavljen-resursni-centar-za-organizacije-civilnog-drustva\/\" \/>\n<meta property=\"og:site_name\" content=\"Europe House\" \/>\n<meta property=\"article:publisher\" content=\"https:\/\/www.facebook.com\/evropska.kuca\" \/>\n<meta property=\"article:published_time\" content=\"2018-10-02T13:02:03+00:00\" \/>\n<meta property=\"og:image\" content=\"https:\/\/www.evropskakuca.me\/wp-content\/uploads\/2018\/10\/181001_dan_aktivizma-6-1024x683.jpg\" \/>\n\t<meta property=\"og:image:width\" content=\"1024\" \/>\n\t<meta property=\"og:image:height\" content=\"683\" \/>\n\t<meta property=\"og:image:type\" content=\"image\/jpeg\" \/>\n<meta name=\"author\" content=\"mkajic\" \/>\n<meta name=\"twitter:card\" content=\"summary_large_image\" \/>\n<meta name=\"twitter:creator\" content=\"@evropska_kuca\" \/>\n<meta name=\"twitter:site\" content=\"@evropska_kuca\" \/>\n<meta name=\"twitter:label1\" content=\"Written by\" \/>\n\t<meta name=\"twitter:data1\" content=\"mkajic\" \/>\n\t<meta name=\"twitter:label2\" content=\"Est. reading time\" \/>\n\t<meta name=\"twitter:data2\" content=\"2 minutes\" \/>\n<script type=\"application\/ld+json\" class=\"yoast-schema-graph\">{\"@context\":\"https:\\\/\\\/schema.org\",\"@graph\":[{\"@type\":\"Article\",\"@id\":\"https:\\\/\\\/www.evropskakuca.me\\\/me\\\/predstavljen-resursni-centar-za-organizacije-civilnog-drustva\\\/#article\",\"isPartOf\":{\"@id\":\"https:\\\/\\\/www.evropskakuca.me\\\/me\\\/predstavljen-resursni-centar-za-organizacije-civilnog-drustva\\\/\"},\"author\":{\"name\":\"mkajic\",\"@id\":\"https:\\\/\\\/www.evropskakuca.me\\\/me\\\/#\\\/schema\\\/person\\\/a1d0dcdaefe4a1cd1d60d200ea137ba4\"},\"headline\":\"Predstavljen Resursni centar za organizacije civilnog dru\u0161tva\",\"datePublished\":\"2018-10-02T13:02:03+00:00\",\"mainEntityOfPage\":{\"@id\":\"https:\\\/\\\/www.evropskakuca.me\\\/me\\\/predstavljen-resursni-centar-za-organizacije-civilnog-drustva\\\/\"},\"wordCount\":415,\"commentCount\":0,\"publisher\":{\"@id\":\"https:\\\/\\\/www.evropskakuca.me\\\/me\\\/#organization\"},\"image\":{\"@id\":\"https:\\\/\\\/www.evropskakuca.me\\\/me\\\/predstavljen-resursni-centar-za-organizacije-civilnog-drustva\\\/#primaryimage\"},\"thumbnailUrl\":\"https:\\\/\\\/www.evropskakuca.me\\\/wp-content\\\/uploads\\\/2018\\\/10\\\/181001_dan_aktivizma-6.jpg\",\"articleSection\":[\"Novosti\"],\"inLanguage\":\"me-ME\",\"potentialAction\":[{\"@type\":\"CommentAction\",\"name\":\"Comment\",\"target\":[\"https:\\\/\\\/www.evropskakuca.me\\\/me\\\/predstavljen-resursni-centar-za-organizacije-civilnog-drustva\\\/#respond\"]}]},{\"@type\":\"WebPage\",\"@id\":\"https:\\\/\\\/www.evropskakuca.me\\\/me\\\/predstavljen-resursni-centar-za-organizacije-civilnog-drustva\\\/\",\"url\":\"https:\\\/\\\/www.evropskakuca.me\\\/me\\\/predstavljen-resursni-centar-za-organizacije-civilnog-drustva\\\/\",\"name\":\"Predstavljen Resursni centar za organizacije civilnog dru\u0161tva - Europe House\",\"isPartOf\":{\"@id\":\"https:\\\/\\\/www.evropskakuca.me\\\/me\\\/#website\"},\"primaryImageOfPage\":{\"@id\":\"https:\\\/\\\/www.evropskakuca.me\\\/me\\\/predstavljen-resursni-centar-za-organizacije-civilnog-drustva\\\/#primaryimage\"},\"image\":{\"@id\":\"https:\\\/\\\/www.evropskakuca.me\\\/me\\\/predstavljen-resursni-centar-za-organizacije-civilnog-drustva\\\/#primaryimage\"},\"thumbnailUrl\":\"https:\\\/\\\/www.evropskakuca.me\\\/wp-content\\\/uploads\\\/2018\\\/10\\\/181001_dan_aktivizma-6.jpg\",\"datePublished\":\"2018-10-02T13:02:03+00:00\",\"breadcrumb\":{\"@id\":\"https:\\\/\\\/www.evropskakuca.me\\\/me\\\/predstavljen-resursni-centar-za-organizacije-civilnog-drustva\\\/#breadcrumb\"},\"inLanguage\":\"me-ME\",\"potentialAction\":[{\"@type\":\"ReadAction\",\"target\":[\"https:\\\/\\\/www.evropskakuca.me\\\/me\\\/predstavljen-resursni-centar-za-organizacije-civilnog-drustva\\\/\"]}]},{\"@type\":\"ImageObject\",\"inLanguage\":\"me-ME\",\"@id\":\"https:\\\/\\\/www.evropskakuca.me\\\/me\\\/predstavljen-resursni-centar-za-organizacije-civilnog-drustva\\\/#primaryimage\",\"url\":\"https:\\\/\\\/www.evropskakuca.me\\\/wp-content\\\/uploads\\\/2018\\\/10\\\/181001_dan_aktivizma-6.jpg\",\"contentUrl\":\"https:\\\/\\\/www.evropskakuca.me\\\/wp-content\\\/uploads\\\/2018\\\/10\\\/181001_dan_aktivizma-6.jpg\",\"width\":2028,\"height\":1352},{\"@type\":\"BreadcrumbList\",\"@id\":\"https:\\\/\\\/www.evropskakuca.me\\\/me\\\/predstavljen-resursni-centar-za-organizacije-civilnog-drustva\\\/#breadcrumb\",\"itemListElement\":[{\"@type\":\"ListItem\",\"position\":1,\"name\":\"Home\",\"item\":\"https:\\\/\\\/www.evropskakuca.me\\\/me\\\/\"},{\"@type\":\"ListItem\",\"position\":2,\"name\":\"Predstavljen Resursni centar za organizacije civilnog dru\u0161tva\"}]},{\"@type\":\"WebSite\",\"@id\":\"https:\\\/\\\/www.evropskakuca.me\\\/me\\\/#website\",\"url\":\"https:\\\/\\\/www.evropskakuca.me\\\/me\\\/\",\"name\":\"Evropean house\",\"description\":\"\",\"publisher\":{\"@id\":\"https:\\\/\\\/www.evropskakuca.me\\\/me\\\/#organization\"},\"potentialAction\":[{\"@type\":\"SearchAction\",\"target\":{\"@type\":\"EntryPoint\",\"urlTemplate\":\"https:\\\/\\\/www.evropskakuca.me\\\/me\\\/?s={search_term_string}\"},\"query-input\":{\"@type\":\"PropertyValueSpecification\",\"valueRequired\":true,\"valueName\":\"search_term_string\"}}],\"inLanguage\":\"me-ME\"},{\"@type\":\"Organization\",\"@id\":\"https:\\\/\\\/www.evropskakuca.me\\\/me\\\/#organization\",\"name\":\"Evropean house\",\"url\":\"https:\\\/\\\/www.evropskakuca.me\\\/me\\\/\",\"logo\":{\"@type\":\"ImageObject\",\"inLanguage\":\"me-ME\",\"@id\":\"https:\\\/\\\/www.evropskakuca.me\\\/me\\\/#\\\/schema\\\/logo\\\/image\\\/\",\"url\":\"https:\\\/\\\/www.evropskakuca.me\\\/wp-content\\\/uploads\\\/2025\\\/01\\\/evropska-kuca-logo-1.png\",\"contentUrl\":\"https:\\\/\\\/www.evropskakuca.me\\\/wp-content\\\/uploads\\\/2025\\\/01\\\/evropska-kuca-logo-1.png\",\"width\":425,\"height\":312,\"caption\":\"Evropean house\"},\"image\":{\"@id\":\"https:\\\/\\\/www.evropskakuca.me\\\/me\\\/#\\\/schema\\\/logo\\\/image\\\/\"},\"sameAs\":[\"https:\\\/\\\/www.facebook.com\\\/evropska.kuca\",\"https:\\\/\\\/x.com\\\/evropska_kuca\",\"https:\\\/\\\/www.instagram.com\\\/evropska_kuca\"]},{\"@type\":\"Person\",\"@id\":\"https:\\\/\\\/www.evropskakuca.me\\\/me\\\/#\\\/schema\\\/person\\\/a1d0dcdaefe4a1cd1d60d200ea137ba4\",\"name\":\"mkajic\",\"image\":{\"@type\":\"ImageObject\",\"inLanguage\":\"me-ME\",\"@id\":\"https:\\\/\\\/secure.gravatar.com\\\/avatar\\\/731fa035cefab7316e6bafd1f25a93fb731a07de14e2d9923f8db4422628eabc?s=96&d=mm&r=g\",\"url\":\"https:\\\/\\\/secure.gravatar.com\\\/avatar\\\/731fa035cefab7316e6bafd1f25a93fb731a07de14e2d9923f8db4422628eabc?s=96&d=mm&r=g\",\"contentUrl\":\"https:\\\/\\\/secure.gravatar.com\\\/avatar\\\/731fa035cefab7316e6bafd1f25a93fb731a07de14e2d9923f8db4422628eabc?s=96&d=mm&r=g\",\"caption\":\"mkajic\"},\"sameAs\":[\"https:\\\/\\\/evropskakuca.me\"],\"url\":\"https:\\\/\\\/www.evropskakuca.me\\\/me\\\/author\\\/mkajic\\\/\"}]}<\/script>\n<!-- \/ Yoast SEO plugin. -->","yoast_head_json":{"title":"Predstavljen Resursni centar za organizacije civilnog dru\u0161tva - Europe House","robots":{"index":"index","follow":"follow","max-snippet":"max-snippet:-1","max-image-preview":"max-image-preview:large","max-video-preview":"max-video-preview:-1"},"canonical":"https:\/\/www.evropskakuca.me\/me\/predstavljen-resursni-centar-za-organizacije-civilnog-drustva\/","og_locale":"en_US","og_type":"article","og_title":"Predstavljen Resursni centar za organizacije civilnog dru\u0161tva - Europe House","og_description":"Pomo\u0107 za nevladine organizacije","og_url":"https:\/\/www.evropskakuca.me\/me\/predstavljen-resursni-centar-za-organizacije-civilnog-drustva\/","og_site_name":"Europe House","article_publisher":"https:\/\/www.facebook.com\/evropska.kuca","article_published_time":"2018-10-02T13:02:03+00:00","og_image":[{"width":1024,"height":683,"url":"https:\/\/www.evropskakuca.me\/wp-content\/uploads\/2018\/10\/181001_dan_aktivizma-6-1024x683.jpg","type":"image\/jpeg"}],"author":"mkajic","twitter_card":"summary_large_image","twitter_creator":"@evropska_kuca","twitter_site":"@evropska_kuca","twitter_misc":{"Written by":"mkajic","Est. reading time":"2 minutes"},"schema":{"@context":"https:\/\/schema.org","@graph":[{"@type":"Article","@id":"https:\/\/www.evropskakuca.me\/me\/predstavljen-resursni-centar-za-organizacije-civilnog-drustva\/#article","isPartOf":{"@id":"https:\/\/www.evropskakuca.me\/me\/predstavljen-resursni-centar-za-organizacije-civilnog-drustva\/"},"author":{"name":"mkajic","@id":"https:\/\/www.evropskakuca.me\/me\/#\/schema\/person\/a1d0dcdaefe4a1cd1d60d200ea137ba4"},"headline":"Predstavljen Resursni centar za organizacije civilnog dru\u0161tva","datePublished":"2018-10-02T13:02:03+00:00","mainEntityOfPage":{"@id":"https:\/\/www.evropskakuca.me\/me\/predstavljen-resursni-centar-za-organizacije-civilnog-drustva\/"},"wordCount":415,"commentCount":0,"publisher":{"@id":"https:\/\/www.evropskakuca.me\/me\/#organization"},"image":{"@id":"https:\/\/www.evropskakuca.me\/me\/predstavljen-resursni-centar-za-organizacije-civilnog-drustva\/#primaryimage"},"thumbnailUrl":"https:\/\/www.evropskakuca.me\/wp-content\/uploads\/2018\/10\/181001_dan_aktivizma-6.jpg","articleSection":["Novosti"],"inLanguage":"me-ME","potentialAction":[{"@type":"CommentAction","name":"Comment","target":["https:\/\/www.evropskakuca.me\/me\/predstavljen-resursni-centar-za-organizacije-civilnog-drustva\/#respond"]}]},{"@type":"WebPage","@id":"https:\/\/www.evropskakuca.me\/me\/predstavljen-resursni-centar-za-organizacije-civilnog-drustva\/","url":"https:\/\/www.evropskakuca.me\/me\/predstavljen-resursni-centar-za-organizacije-civilnog-drustva\/","name":"Predstavljen Resursni centar za organizacije civilnog dru\u0161tva - Europe House","isPartOf":{"@id":"https:\/\/www.evropskakuca.me\/me\/#website"},"primaryImageOfPage":{"@id":"https:\/\/www.evropskakuca.me\/me\/predstavljen-resursni-centar-za-organizacije-civilnog-drustva\/#primaryimage"},"image":{"@id":"https:\/\/www.evropskakuca.me\/me\/predstavljen-resursni-centar-za-organizacije-civilnog-drustva\/#primaryimage"},"thumbnailUrl":"https:\/\/www.evropskakuca.me\/wp-content\/uploads\/2018\/10\/181001_dan_aktivizma-6.jpg","datePublished":"2018-10-02T13:02:03+00:00","breadcrumb":{"@id":"https:\/\/www.evropskakuca.me\/me\/predstavljen-resursni-centar-za-organizacije-civilnog-drustva\/#breadcrumb"},"inLanguage":"me-ME","potentialAction":[{"@type":"ReadAction","target":["https:\/\/www.evropskakuca.me\/me\/predstavljen-resursni-centar-za-organizacije-civilnog-drustva\/"]}]},{"@type":"ImageObject","inLanguage":"me-ME","@id":"https:\/\/www.evropskakuca.me\/me\/predstavljen-resursni-centar-za-organizacije-civilnog-drustva\/#primaryimage","url":"https:\/\/www.evropskakuca.me\/wp-content\/uploads\/2018\/10\/181001_dan_aktivizma-6.jpg","contentUrl":"https:\/\/www.evropskakuca.me\/wp-content\/uploads\/2018\/10\/181001_dan_aktivizma-6.jpg","width":2028,"height":1352},{"@type":"BreadcrumbList","@id":"https:\/\/www.evropskakuca.me\/me\/predstavljen-resursni-centar-za-organizacije-civilnog-drustva\/#breadcrumb","itemListElement":[{"@type":"ListItem","position":1,"name":"Home","item":"https:\/\/www.evropskakuca.me\/me\/"},{"@type":"ListItem","position":2,"name":"Predstavljen Resursni centar za organizacije civilnog dru\u0161tva"}]},{"@type":"WebSite","@id":"https:\/\/www.evropskakuca.me\/me\/#website","url":"https:\/\/www.evropskakuca.me\/me\/","name":"Evropean house","description":"","publisher":{"@id":"https:\/\/www.evropskakuca.me\/me\/#organization"},"potentialAction":[{"@type":"SearchAction","target":{"@type":"EntryPoint","urlTemplate":"https:\/\/www.evropskakuca.me\/me\/?s={search_term_string}"},"query-input":{"@type":"PropertyValueSpecification","valueRequired":true,"valueName":"search_term_string"}}],"inLanguage":"me-ME"},{"@type":"Organization","@id":"https:\/\/www.evropskakuca.me\/me\/#organization","name":"Evropean house","url":"https:\/\/www.evropskakuca.me\/me\/","logo":{"@type":"ImageObject","inLanguage":"me-ME","@id":"https:\/\/www.evropskakuca.me\/me\/#\/schema\/logo\/image\/","url":"https:\/\/www.evropskakuca.me\/wp-content\/uploads\/2025\/01\/evropska-kuca-logo-1.png","contentUrl":"https:\/\/www.evropskakuca.me\/wp-content\/uploads\/2025\/01\/evropska-kuca-logo-1.png","width":425,"height":312,"caption":"Evropean house"},"image":{"@id":"https:\/\/www.evropskakuca.me\/me\/#\/schema\/logo\/image\/"},"sameAs":["https:\/\/www.facebook.com\/evropska.kuca","https:\/\/x.com\/evropska_kuca","https:\/\/www.instagram.com\/evropska_kuca"]},{"@type":"Person","@id":"https:\/\/www.evropskakuca.me\/me\/#\/schema\/person\/a1d0dcdaefe4a1cd1d60d200ea137ba4","name":"mkajic","image":{"@type":"ImageObject","inLanguage":"me-ME","@id":"https:\/\/secure.gravatar.com\/avatar\/731fa035cefab7316e6bafd1f25a93fb731a07de14e2d9923f8db4422628eabc?s=96&d=mm&r=g","url":"https:\/\/secure.gravatar.com\/avatar\/731fa035cefab7316e6bafd1f25a93fb731a07de14e2d9923f8db4422628eabc?s=96&d=mm&r=g","contentUrl":"https:\/\/secure.gravatar.com\/avatar\/731fa035cefab7316e6bafd1f25a93fb731a07de14e2d9923f8db4422628eabc?s=96&d=mm&r=g","caption":"mkajic"},"sameAs":["https:\/\/evropskakuca.me"],"url":"https:\/\/www.evropskakuca.me\/me\/author\/mkajic\/"}]}},"_links":{"self":[{"href":"https:\/\/www.evropskakuca.me\/me\/wp-json\/wp\/v2\/posts\/6159","targetHints":{"allow":["GET"]}}],"collection":[{"href":"https:\/\/www.evropskakuca.me\/me\/wp-json\/wp\/v2\/posts"}],"about":[{"href":"https:\/\/www.evropskakuca.me\/me\/wp-json\/wp\/v2\/types\/post"}],"author":[{"embeddable":true,"href":"https:\/\/www.evropskakuca.me\/me\/wp-json\/wp\/v2\/users\/1"}],"replies":[{"embeddable":true,"href":"https:\/\/www.evropskakuca.me\/me\/wp-json\/wp\/v2\/comments?post=6159"}],"version-history":[{"count":0,"href":"https:\/\/www.evropskakuca.me\/me\/wp-json\/wp\/v2\/posts\/6159\/revisions"}],"wp:featuredmedia":[{"embeddable":true,"href":"https:\/\/www.evropskakuca.me\/me\/wp-json\/wp\/v2\/media\/34207"}],"wp:attachment":[{"href":"https:\/\/www.evropskakuca.me\/me\/wp-json\/wp\/v2\/media?parent=6159"}],"wp:term":[{"taxonomy":"category","embeddable":true,"href":"https:\/\/www.evropskakuca.me\/me\/wp-json\/wp\/v2\/categories?post=6159"},{"taxonomy":"post_tag","embeddable":true,"href":"https:\/\/www.evropskakuca.me\/me\/wp-json\/wp\/v2\/tags?post=6159"}],"curies":[{"name":"wp","href":"https:\/\/api.w.org\/{rel}","templated":true}]}}