{"id":6154,"date":"2018-09-26T13:21:43","date_gmt":"2018-09-26T13:21:43","guid":{"rendered":"http:\/\/www.evropskakuca.me\/me\/?p=6154"},"modified":"2018-09-26T13:21:43","modified_gmt":"2018-09-26T13:21:43","slug":"zajedno-od-ciljeva-iz-pariskog-sporazuma","status":"publish","type":"post","link":"https:\/\/www.evropskakuca.me\/me\/zajedno-od-ciljeva-iz-pariskog-sporazuma\/","title":{"rendered":"Zajedno do ciljeva iz Pari\u0161kog sporazuma"},"content":{"rendered":"<p>Crna Gora mnogo vi\u0161e osje\u0107a posljedice klimatskih promjena, nego \u0161to ih izaziva, jer proizvodi svega 0,009% ukupne emisije gasova sa efektom staklene ba\u0161te. I pored toga, Crna Gora ima namjeru da smanji njihovu emisiju za 30% do 2030 godine, re\u010deno je na panel diskusiji o nacrtu zakona o klimatskim promjenama \u201cKlimatske promjene, aktivnosti, izazovi i rje\u0161enja u Crnoj Gori\u201d<\/p>\n<p>Ambasador EU u Crnoj Gori, Aivo Orav, kazao je da su niske emisije gasova i klimatski-otporan rast su mogu\u0107i za zemlje svih stepena razvijenosti.<\/p>\n<p>\u201eCrna Gora kao kandidat za \u010dlansvo u EU sada ima priliku da napravi traju\u0107i ekonomski rast i da u isto vrijeme smanjuje rizike od klimatskih promjena. Zato je klju\u010dno da se klimatske promjene potpuno uklju\u010de u planiranje, bud\u017eetiranje i sprovo\u0111enje procesa u Crnoj Gori,\u201c kazao je Orav.<\/p>\n<p>On je podsjetio na va\u017enost \u201eTalanoa dijaloga\u201c koji se de\u0161ava tokom ove godine, a koji je prva prilika od Pari\u0161kog sporazuma da se analiziraju kolektivni napori u cilju smanjivanja globalnog zagrivanja.<\/p>\n<p>Predstavnik Generalnog direktorata Evropske komisije za klimatske promjene, Ivana Mijatovi\u0107 je kazala da Komisija radi sa zamljama kadidatima kako bi se zajedni\u010dki dostigli ciljevi iz Pari\u0161kog sporazuma.<\/p>\n<p>\u201cMi sada moramo politi\u010dke planove i ciljeve da pretvorimo u konkretne politike i mjere koje \u0107e uklju\u010divati sve sektore u ekonomiji,\u201d kazala je Mijatovi\u0107.<\/p>\n<p>Ona je dodala da je rad na nacrtu Zakona o klimatskim promjenama koji \u0107e takve politike staviti na snagu, pravi korak u tom smjeru.<\/p>\n<p>Mijatovi\u0107 tako\u0111e podsjetila da Pari\u0161ki ugovor obezbje\u0111uje okvir za globalno smanjivanje emisije gasova, ali i jedinstvenu priliku da se transformi\u0161u ekonomije, osna\u017ei biznis i kreairaju nova radna mjesta.<\/p>\n<p>Sa\u0161a Radulovi\u0107, dr\u017eavni sekretar u Ministarstvu odr\u017eivog razvoja i turizma kazao da Crna Gora preduzima sna\u017ene napore radi obezbje\u0111ivanja komplementarnog izvr\u0161avanja obaveza koje proizilaze iz konvencija i protokola koje je potpisala, kao i pregovara\u010dkog procesa.<\/p>\n<p>\u201cNacionalnom strategijom do 2030 date su smjernice za namjeravani doprinos za smanjenje gasova sa efektom staklene ba\u0161te. Radi se o ambicioznom zadatku da se smanji emisija tih gasova za 30% u odnosu na 1990 godinu,\u201d kazao je Radulovi\u0107.<\/p>\n<p>Radulovi\u0107 ka\u017ee da svi mo\u017eemo sami doprinijeti u oblasti klimatskih promjena, bilo da promijenimo navike pri transportu, izgradnji ku\u0107a ili prosto zasadimo drvo.<\/p>\n<p>\u201eOva generacija ima \u0161anse da popravi planetu, mislim da sljede\u0107e generacija, ako nastavimo ovako, to ne\u0107e biti u stanju,\u201c kazao je Radulovi\u0107.<\/p>\n","protected":false},"excerpt":{"rendered":"<p>Debata o nacrtu zakona o klimatskim promjenama <\/p>\n","protected":false},"author":1,"featured_media":34125,"comment_status":"open","ping_status":"open","sticky":false,"template":"","format":"standard","meta":{"_acf_changed":false,"footnotes":""},"categories":[283],"tags":[],"class_list":["post-6154","post","type-post","status-publish","format-standard","has-post-thumbnail","hentry","category-novosti-me"],"acf":[],"yoast_head":"<!-- This site is optimized with the Yoast SEO plugin v27.3 - https:\/\/yoast.com\/product\/yoast-seo-wordpress\/ -->\n<title>Zajedno do ciljeva iz Pari\u0161kog sporazuma - Europe House<\/title>\n<meta name=\"robots\" content=\"index, follow, max-snippet:-1, max-image-preview:large, max-video-preview:-1\" \/>\n<link rel=\"canonical\" href=\"https:\/\/www.evropskakuca.me\/me\/zajedno-od-ciljeva-iz-pariskog-sporazuma\/\" \/>\n<meta property=\"og:locale\" content=\"en_US\" \/>\n<meta property=\"og:type\" content=\"article\" \/>\n<meta property=\"og:title\" content=\"Zajedno do ciljeva iz Pari\u0161kog sporazuma - Europe House\" \/>\n<meta property=\"og:description\" content=\"Debata o nacrtu zakona o klimatskim promjenama\" \/>\n<meta property=\"og:url\" content=\"https:\/\/www.evropskakuca.me\/me\/zajedno-od-ciljeva-iz-pariskog-sporazuma\/\" \/>\n<meta property=\"og:site_name\" content=\"Europe House\" \/>\n<meta property=\"article:publisher\" content=\"https:\/\/www.facebook.com\/evropska.kuca\" \/>\n<meta property=\"article:published_time\" content=\"2018-09-26T13:21:43+00:00\" \/>\n<meta property=\"og:image\" content=\"https:\/\/www.evropskakuca.me\/wp-content\/uploads\/2018\/09\/180926_klimatske_promjene-6-1024x683.jpg\" \/>\n\t<meta property=\"og:image:width\" content=\"1024\" \/>\n\t<meta property=\"og:image:height\" content=\"683\" \/>\n\t<meta property=\"og:image:type\" content=\"image\/jpeg\" \/>\n<meta name=\"author\" content=\"mkajic\" \/>\n<meta name=\"twitter:card\" content=\"summary_large_image\" \/>\n<meta name=\"twitter:creator\" content=\"@evropska_kuca\" \/>\n<meta name=\"twitter:site\" content=\"@evropska_kuca\" \/>\n<meta name=\"twitter:label1\" content=\"Written by\" \/>\n\t<meta name=\"twitter:data1\" content=\"mkajic\" \/>\n\t<meta name=\"twitter:label2\" content=\"Est. reading time\" \/>\n\t<meta name=\"twitter:data2\" content=\"2 minutes\" \/>\n<script type=\"application\/ld+json\" class=\"yoast-schema-graph\">{\"@context\":\"https:\\\/\\\/schema.org\",\"@graph\":[{\"@type\":\"Article\",\"@id\":\"https:\\\/\\\/www.evropskakuca.me\\\/me\\\/zajedno-od-ciljeva-iz-pariskog-sporazuma\\\/#article\",\"isPartOf\":{\"@id\":\"https:\\\/\\\/www.evropskakuca.me\\\/me\\\/zajedno-od-ciljeva-iz-pariskog-sporazuma\\\/\"},\"author\":{\"name\":\"mkajic\",\"@id\":\"https:\\\/\\\/www.evropskakuca.me\\\/me\\\/#\\\/schema\\\/person\\\/a1d0dcdaefe4a1cd1d60d200ea137ba4\"},\"headline\":\"Zajedno do ciljeva iz Pari\u0161kog sporazuma\",\"datePublished\":\"2018-09-26T13:21:43+00:00\",\"mainEntityOfPage\":{\"@id\":\"https:\\\/\\\/www.evropskakuca.me\\\/me\\\/zajedno-od-ciljeva-iz-pariskog-sporazuma\\\/\"},\"wordCount\":419,\"commentCount\":0,\"publisher\":{\"@id\":\"https:\\\/\\\/www.evropskakuca.me\\\/me\\\/#organization\"},\"image\":{\"@id\":\"https:\\\/\\\/www.evropskakuca.me\\\/me\\\/zajedno-od-ciljeva-iz-pariskog-sporazuma\\\/#primaryimage\"},\"thumbnailUrl\":\"https:\\\/\\\/www.evropskakuca.me\\\/wp-content\\\/uploads\\\/2018\\\/09\\\/180926_klimatske_promjene-6.jpg\",\"articleSection\":[\"Novosti\"],\"inLanguage\":\"me-ME\",\"potentialAction\":[{\"@type\":\"CommentAction\",\"name\":\"Comment\",\"target\":[\"https:\\\/\\\/www.evropskakuca.me\\\/me\\\/zajedno-od-ciljeva-iz-pariskog-sporazuma\\\/#respond\"]}]},{\"@type\":\"WebPage\",\"@id\":\"https:\\\/\\\/www.evropskakuca.me\\\/me\\\/zajedno-od-ciljeva-iz-pariskog-sporazuma\\\/\",\"url\":\"https:\\\/\\\/www.evropskakuca.me\\\/me\\\/zajedno-od-ciljeva-iz-pariskog-sporazuma\\\/\",\"name\":\"Zajedno do ciljeva iz Pari\u0161kog sporazuma - Europe House\",\"isPartOf\":{\"@id\":\"https:\\\/\\\/www.evropskakuca.me\\\/me\\\/#website\"},\"primaryImageOfPage\":{\"@id\":\"https:\\\/\\\/www.evropskakuca.me\\\/me\\\/zajedno-od-ciljeva-iz-pariskog-sporazuma\\\/#primaryimage\"},\"image\":{\"@id\":\"https:\\\/\\\/www.evropskakuca.me\\\/me\\\/zajedno-od-ciljeva-iz-pariskog-sporazuma\\\/#primaryimage\"},\"thumbnailUrl\":\"https:\\\/\\\/www.evropskakuca.me\\\/wp-content\\\/uploads\\\/2018\\\/09\\\/180926_klimatske_promjene-6.jpg\",\"datePublished\":\"2018-09-26T13:21:43+00:00\",\"breadcrumb\":{\"@id\":\"https:\\\/\\\/www.evropskakuca.me\\\/me\\\/zajedno-od-ciljeva-iz-pariskog-sporazuma\\\/#breadcrumb\"},\"inLanguage\":\"me-ME\",\"potentialAction\":[{\"@type\":\"ReadAction\",\"target\":[\"https:\\\/\\\/www.evropskakuca.me\\\/me\\\/zajedno-od-ciljeva-iz-pariskog-sporazuma\\\/\"]}]},{\"@type\":\"ImageObject\",\"inLanguage\":\"me-ME\",\"@id\":\"https:\\\/\\\/www.evropskakuca.me\\\/me\\\/zajedno-od-ciljeva-iz-pariskog-sporazuma\\\/#primaryimage\",\"url\":\"https:\\\/\\\/www.evropskakuca.me\\\/wp-content\\\/uploads\\\/2018\\\/09\\\/180926_klimatske_promjene-6.jpg\",\"contentUrl\":\"https:\\\/\\\/www.evropskakuca.me\\\/wp-content\\\/uploads\\\/2018\\\/09\\\/180926_klimatske_promjene-6.jpg\",\"width\":2028,\"height\":1352},{\"@type\":\"BreadcrumbList\",\"@id\":\"https:\\\/\\\/www.evropskakuca.me\\\/me\\\/zajedno-od-ciljeva-iz-pariskog-sporazuma\\\/#breadcrumb\",\"itemListElement\":[{\"@type\":\"ListItem\",\"position\":1,\"name\":\"Home\",\"item\":\"https:\\\/\\\/www.evropskakuca.me\\\/me\\\/\"},{\"@type\":\"ListItem\",\"position\":2,\"name\":\"Zajedno do ciljeva iz Pari\u0161kog sporazuma\"}]},{\"@type\":\"WebSite\",\"@id\":\"https:\\\/\\\/www.evropskakuca.me\\\/me\\\/#website\",\"url\":\"https:\\\/\\\/www.evropskakuca.me\\\/me\\\/\",\"name\":\"Evropean house\",\"description\":\"\",\"publisher\":{\"@id\":\"https:\\\/\\\/www.evropskakuca.me\\\/me\\\/#organization\"},\"potentialAction\":[{\"@type\":\"SearchAction\",\"target\":{\"@type\":\"EntryPoint\",\"urlTemplate\":\"https:\\\/\\\/www.evropskakuca.me\\\/me\\\/?s={search_term_string}\"},\"query-input\":{\"@type\":\"PropertyValueSpecification\",\"valueRequired\":true,\"valueName\":\"search_term_string\"}}],\"inLanguage\":\"me-ME\"},{\"@type\":\"Organization\",\"@id\":\"https:\\\/\\\/www.evropskakuca.me\\\/me\\\/#organization\",\"name\":\"Evropean house\",\"url\":\"https:\\\/\\\/www.evropskakuca.me\\\/me\\\/\",\"logo\":{\"@type\":\"ImageObject\",\"inLanguage\":\"me-ME\",\"@id\":\"https:\\\/\\\/www.evropskakuca.me\\\/me\\\/#\\\/schema\\\/logo\\\/image\\\/\",\"url\":\"https:\\\/\\\/www.evropskakuca.me\\\/wp-content\\\/uploads\\\/2025\\\/01\\\/evropska-kuca-logo-1.png\",\"contentUrl\":\"https:\\\/\\\/www.evropskakuca.me\\\/wp-content\\\/uploads\\\/2025\\\/01\\\/evropska-kuca-logo-1.png\",\"width\":425,\"height\":312,\"caption\":\"Evropean house\"},\"image\":{\"@id\":\"https:\\\/\\\/www.evropskakuca.me\\\/me\\\/#\\\/schema\\\/logo\\\/image\\\/\"},\"sameAs\":[\"https:\\\/\\\/www.facebook.com\\\/evropska.kuca\",\"https:\\\/\\\/x.com\\\/evropska_kuca\",\"https:\\\/\\\/www.instagram.com\\\/evropska_kuca\"]},{\"@type\":\"Person\",\"@id\":\"https:\\\/\\\/www.evropskakuca.me\\\/me\\\/#\\\/schema\\\/person\\\/a1d0dcdaefe4a1cd1d60d200ea137ba4\",\"name\":\"mkajic\",\"image\":{\"@type\":\"ImageObject\",\"inLanguage\":\"me-ME\",\"@id\":\"https:\\\/\\\/secure.gravatar.com\\\/avatar\\\/731fa035cefab7316e6bafd1f25a93fb731a07de14e2d9923f8db4422628eabc?s=96&d=mm&r=g\",\"url\":\"https:\\\/\\\/secure.gravatar.com\\\/avatar\\\/731fa035cefab7316e6bafd1f25a93fb731a07de14e2d9923f8db4422628eabc?s=96&d=mm&r=g\",\"contentUrl\":\"https:\\\/\\\/secure.gravatar.com\\\/avatar\\\/731fa035cefab7316e6bafd1f25a93fb731a07de14e2d9923f8db4422628eabc?s=96&d=mm&r=g\",\"caption\":\"mkajic\"},\"sameAs\":[\"https:\\\/\\\/evropskakuca.me\"],\"url\":\"https:\\\/\\\/www.evropskakuca.me\\\/me\\\/author\\\/mkajic\\\/\"}]}<\/script>\n<!-- \/ Yoast SEO plugin. -->","yoast_head_json":{"title":"Zajedno do ciljeva iz Pari\u0161kog sporazuma - Europe House","robots":{"index":"index","follow":"follow","max-snippet":"max-snippet:-1","max-image-preview":"max-image-preview:large","max-video-preview":"max-video-preview:-1"},"canonical":"https:\/\/www.evropskakuca.me\/me\/zajedno-od-ciljeva-iz-pariskog-sporazuma\/","og_locale":"en_US","og_type":"article","og_title":"Zajedno do ciljeva iz Pari\u0161kog sporazuma - Europe House","og_description":"Debata o nacrtu zakona o klimatskim promjenama","og_url":"https:\/\/www.evropskakuca.me\/me\/zajedno-od-ciljeva-iz-pariskog-sporazuma\/","og_site_name":"Europe House","article_publisher":"https:\/\/www.facebook.com\/evropska.kuca","article_published_time":"2018-09-26T13:21:43+00:00","og_image":[{"width":1024,"height":683,"url":"https:\/\/www.evropskakuca.me\/wp-content\/uploads\/2018\/09\/180926_klimatske_promjene-6-1024x683.jpg","type":"image\/jpeg"}],"author":"mkajic","twitter_card":"summary_large_image","twitter_creator":"@evropska_kuca","twitter_site":"@evropska_kuca","twitter_misc":{"Written by":"mkajic","Est. reading time":"2 minutes"},"schema":{"@context":"https:\/\/schema.org","@graph":[{"@type":"Article","@id":"https:\/\/www.evropskakuca.me\/me\/zajedno-od-ciljeva-iz-pariskog-sporazuma\/#article","isPartOf":{"@id":"https:\/\/www.evropskakuca.me\/me\/zajedno-od-ciljeva-iz-pariskog-sporazuma\/"},"author":{"name":"mkajic","@id":"https:\/\/www.evropskakuca.me\/me\/#\/schema\/person\/a1d0dcdaefe4a1cd1d60d200ea137ba4"},"headline":"Zajedno do ciljeva iz Pari\u0161kog sporazuma","datePublished":"2018-09-26T13:21:43+00:00","mainEntityOfPage":{"@id":"https:\/\/www.evropskakuca.me\/me\/zajedno-od-ciljeva-iz-pariskog-sporazuma\/"},"wordCount":419,"commentCount":0,"publisher":{"@id":"https:\/\/www.evropskakuca.me\/me\/#organization"},"image":{"@id":"https:\/\/www.evropskakuca.me\/me\/zajedno-od-ciljeva-iz-pariskog-sporazuma\/#primaryimage"},"thumbnailUrl":"https:\/\/www.evropskakuca.me\/wp-content\/uploads\/2018\/09\/180926_klimatske_promjene-6.jpg","articleSection":["Novosti"],"inLanguage":"me-ME","potentialAction":[{"@type":"CommentAction","name":"Comment","target":["https:\/\/www.evropskakuca.me\/me\/zajedno-od-ciljeva-iz-pariskog-sporazuma\/#respond"]}]},{"@type":"WebPage","@id":"https:\/\/www.evropskakuca.me\/me\/zajedno-od-ciljeva-iz-pariskog-sporazuma\/","url":"https:\/\/www.evropskakuca.me\/me\/zajedno-od-ciljeva-iz-pariskog-sporazuma\/","name":"Zajedno do ciljeva iz Pari\u0161kog sporazuma - Europe House","isPartOf":{"@id":"https:\/\/www.evropskakuca.me\/me\/#website"},"primaryImageOfPage":{"@id":"https:\/\/www.evropskakuca.me\/me\/zajedno-od-ciljeva-iz-pariskog-sporazuma\/#primaryimage"},"image":{"@id":"https:\/\/www.evropskakuca.me\/me\/zajedno-od-ciljeva-iz-pariskog-sporazuma\/#primaryimage"},"thumbnailUrl":"https:\/\/www.evropskakuca.me\/wp-content\/uploads\/2018\/09\/180926_klimatske_promjene-6.jpg","datePublished":"2018-09-26T13:21:43+00:00","breadcrumb":{"@id":"https:\/\/www.evropskakuca.me\/me\/zajedno-od-ciljeva-iz-pariskog-sporazuma\/#breadcrumb"},"inLanguage":"me-ME","potentialAction":[{"@type":"ReadAction","target":["https:\/\/www.evropskakuca.me\/me\/zajedno-od-ciljeva-iz-pariskog-sporazuma\/"]}]},{"@type":"ImageObject","inLanguage":"me-ME","@id":"https:\/\/www.evropskakuca.me\/me\/zajedno-od-ciljeva-iz-pariskog-sporazuma\/#primaryimage","url":"https:\/\/www.evropskakuca.me\/wp-content\/uploads\/2018\/09\/180926_klimatske_promjene-6.jpg","contentUrl":"https:\/\/www.evropskakuca.me\/wp-content\/uploads\/2018\/09\/180926_klimatske_promjene-6.jpg","width":2028,"height":1352},{"@type":"BreadcrumbList","@id":"https:\/\/www.evropskakuca.me\/me\/zajedno-od-ciljeva-iz-pariskog-sporazuma\/#breadcrumb","itemListElement":[{"@type":"ListItem","position":1,"name":"Home","item":"https:\/\/www.evropskakuca.me\/me\/"},{"@type":"ListItem","position":2,"name":"Zajedno do ciljeva iz Pari\u0161kog sporazuma"}]},{"@type":"WebSite","@id":"https:\/\/www.evropskakuca.me\/me\/#website","url":"https:\/\/www.evropskakuca.me\/me\/","name":"Evropean house","description":"","publisher":{"@id":"https:\/\/www.evropskakuca.me\/me\/#organization"},"potentialAction":[{"@type":"SearchAction","target":{"@type":"EntryPoint","urlTemplate":"https:\/\/www.evropskakuca.me\/me\/?s={search_term_string}"},"query-input":{"@type":"PropertyValueSpecification","valueRequired":true,"valueName":"search_term_string"}}],"inLanguage":"me-ME"},{"@type":"Organization","@id":"https:\/\/www.evropskakuca.me\/me\/#organization","name":"Evropean house","url":"https:\/\/www.evropskakuca.me\/me\/","logo":{"@type":"ImageObject","inLanguage":"me-ME","@id":"https:\/\/www.evropskakuca.me\/me\/#\/schema\/logo\/image\/","url":"https:\/\/www.evropskakuca.me\/wp-content\/uploads\/2025\/01\/evropska-kuca-logo-1.png","contentUrl":"https:\/\/www.evropskakuca.me\/wp-content\/uploads\/2025\/01\/evropska-kuca-logo-1.png","width":425,"height":312,"caption":"Evropean house"},"image":{"@id":"https:\/\/www.evropskakuca.me\/me\/#\/schema\/logo\/image\/"},"sameAs":["https:\/\/www.facebook.com\/evropska.kuca","https:\/\/x.com\/evropska_kuca","https:\/\/www.instagram.com\/evropska_kuca"]},{"@type":"Person","@id":"https:\/\/www.evropskakuca.me\/me\/#\/schema\/person\/a1d0dcdaefe4a1cd1d60d200ea137ba4","name":"mkajic","image":{"@type":"ImageObject","inLanguage":"me-ME","@id":"https:\/\/secure.gravatar.com\/avatar\/731fa035cefab7316e6bafd1f25a93fb731a07de14e2d9923f8db4422628eabc?s=96&d=mm&r=g","url":"https:\/\/secure.gravatar.com\/avatar\/731fa035cefab7316e6bafd1f25a93fb731a07de14e2d9923f8db4422628eabc?s=96&d=mm&r=g","contentUrl":"https:\/\/secure.gravatar.com\/avatar\/731fa035cefab7316e6bafd1f25a93fb731a07de14e2d9923f8db4422628eabc?s=96&d=mm&r=g","caption":"mkajic"},"sameAs":["https:\/\/evropskakuca.me"],"url":"https:\/\/www.evropskakuca.me\/me\/author\/mkajic\/"}]}},"_links":{"self":[{"href":"https:\/\/www.evropskakuca.me\/me\/wp-json\/wp\/v2\/posts\/6154","targetHints":{"allow":["GET"]}}],"collection":[{"href":"https:\/\/www.evropskakuca.me\/me\/wp-json\/wp\/v2\/posts"}],"about":[{"href":"https:\/\/www.evropskakuca.me\/me\/wp-json\/wp\/v2\/types\/post"}],"author":[{"embeddable":true,"href":"https:\/\/www.evropskakuca.me\/me\/wp-json\/wp\/v2\/users\/1"}],"replies":[{"embeddable":true,"href":"https:\/\/www.evropskakuca.me\/me\/wp-json\/wp\/v2\/comments?post=6154"}],"version-history":[{"count":0,"href":"https:\/\/www.evropskakuca.me\/me\/wp-json\/wp\/v2\/posts\/6154\/revisions"}],"wp:featuredmedia":[{"embeddable":true,"href":"https:\/\/www.evropskakuca.me\/me\/wp-json\/wp\/v2\/media\/34125"}],"wp:attachment":[{"href":"https:\/\/www.evropskakuca.me\/me\/wp-json\/wp\/v2\/media?parent=6154"}],"wp:term":[{"taxonomy":"category","embeddable":true,"href":"https:\/\/www.evropskakuca.me\/me\/wp-json\/wp\/v2\/categories?post=6154"},{"taxonomy":"post_tag","embeddable":true,"href":"https:\/\/www.evropskakuca.me\/me\/wp-json\/wp\/v2\/tags?post=6154"}],"curies":[{"name":"wp","href":"https:\/\/api.w.org\/{rel}","templated":true}]}}