{"id":6131,"date":"2018-09-27T13:00:20","date_gmt":"2018-09-27T13:00:20","guid":{"rendered":"http:\/\/www.evropskakuca.me\/me\/?p=6131"},"modified":"2018-09-27T13:00:20","modified_gmt":"2018-09-27T13:00:20","slug":"otvorena-izlozba-slatko-spavaj","status":"publish","type":"post","link":"https:\/\/www.evropskakuca.me\/me\/otvorena-izlozba-slatko-spavaj\/","title":{"rendered":"Otvorena izlo\u017eba \u201eSlatko spavaj\u201c"},"content":{"rendered":"<p>Podgorica, 27. septembar 2018. \u2013 U EU info centru, u saradnji sa ministarstvom kulture i JU \u201eMuzeji i galerije Nik\u0161i\u0107\u201c, otvorena je izlo\u017eba vezenih jastuka \u201eSlatko spavaj\u201c. Rije\u010d je o jastucima koje su ru\u010dno izradile \u017eene u ruralnim predjelima Crne Gore drevnom tehnikom ukra\u0161avanja vezom. Izlo\u017ebu je otvorila Nade\u017eda Drami\u0107anin, savjetnica za medije u Delegaciji Evropske unije.<\/p>\n<p><a href=\"http:\/\/www.evropskakuca.me\/wp-content\/uploads\/2018\/09\/180927-6.jpg\"><img fetchpriority=\"high\" decoding=\"async\" class=\"aligncenter wp-image-6134 \" src=\"http:\/\/www.evropskakuca.me\/wp-content\/uploads\/2018\/09\/180927-6.jpg\" alt=\"\" width=\"812\" height=\"541\" \/><\/a><\/p>\n<p>\u201eOvi predmeti iz svakodnevnog \u017eivota nisu djela visoke umjetnosti, ali su od velikog zna\u010daja za stvaranje slike o kulturi jednog naroda, njihovom \u017eivotu, vjerovanjima i obi\u010dajima. Iako ga nisu radile umjetnice, svaki od ovih vezova je unikatan i sadr\u017ei li\u010dni pe\u010dat \u017eene koja ga je izradila. A upravo je to poenta \u010duvanja i slavljenja kulturne ba\u0161tine koju Evropa ove godine posebno obilje\u017eava,\u201c rekla je Drami\u0107anin.<\/p>\n<p>Postavka sadr\u017ei vi\u0161e od pedeset jastuka sakupljenih sa prostora Banjana i Drobnjaka.\u00a0<a href=\"http:\/\/www.evropskakuca.me\/wp-content\/uploads\/2018\/09\/180927-2.jpg\"><img decoding=\"async\" class=\"wp-image-6136  alignleft\" src=\"http:\/\/www.evropskakuca.me\/wp-content\/uploads\/2018\/09\/180927-2.jpg\" alt=\"\" width=\"412\" height=\"275\" \/><\/a><\/p>\n<p>\u201eSavr\u0161ena likovnost, osje\u0107aj za ritam, kolorit i kompoziciju odlikuje svaki od tih eksponata. Zbog toga smo odlu\u010dili da, u godini Evropske kulturne ba\u0161tine 2018., poklonimo publici izlo\u017ebe na kojima \u0107e biti prikazan skiveni materijal iz depoa nik\u0161i\u0107kog muzeja, vrijedna djela primjenjene umjetnosti koje se jednim imenom mogu nazvati \u2013 seosko zanatstvo\u201c, rekla je Jelena \u0110ukanovi\u0107, direktorica JU Muzeji i galerije Nik\u0161i\u0107.<\/p>\n<p>Autorka izlo\u017ebe, etnolo\u0161kinja, Stana Maru\u0161i\u0107, objasnila je da je najve\u0107i dio motiva na jastucima preuzet iz pro\u0161losti, te iako se ponavljaju motivi i oblici, nijedan vez nije u potpunosti isti. Prema rije\u010dima Maru\u0161i\u0107 vezilja daje radu li\u010dni pe\u010dat, kroz sitnije izmjene i dodatke, smjeliji kolorit ili odstupanje u kompoziciji.\u00a0<a href=\"http:\/\/www.evropskakuca.me\/wp-content\/uploads\/2018\/09\/180927-10.jpg\"><img decoding=\"async\" class=\"alignright wp-image-6138 \" src=\"http:\/\/www.evropskakuca.me\/wp-content\/uploads\/2018\/09\/180927-10.jpg\" alt=\"\" width=\"420\" height=\"280\" \/><\/a><\/p>\n<p>\u201eVezeni jastuci su bili neizostavni dio djevoja\u010dkog ruha. Na ovom izdvojenom segmentu tekstilnog poku\u0107stva, kroz stilizovane ornamente, na izgled obi\u010dne i priproste, krije se svojevrsni nevidljivi svijet prikazan kroz simboliku \u0161ara. Od tuda ni boja nema samo estetsku komponentu ve\u0107 daleko ve\u0107i simboli\u010dki i psiholo\u0161ki zna\u010daj\u201c, rekla je Maru\u0161i\u0107.<\/p>\n<p>Postavka izlo\u017ebe u EU info centru traja\u0107e do 15. oktobra 2018. Evropska unija proglasila je 2018. Godinom evropske kulturne ba\u0161tine. Pod sloganom \u201eGdje pro\u0161lost susrije\u0107e budu\u0107nost\u201c cilj je podsta\u0107i gra\u0111ane da istra\u017euju raznovrsna kulturna naslje\u0111a Europe, kao i da se slavi, razumije i \u0161titi njihova jedinstvena vrijednost. Izlozba \u201eSlatko spavaj\u201c dio je obilje\u017eavanje i te manifestacije.<\/p>\n","protected":false},"excerpt":{"rendered":"<p>Rije\u010d je o jastucima koje su ru\u010dno izradile \u017eene u ruralnim predjelima Crne Gore <\/p>\n","protected":false},"author":1,"featured_media":34127,"comment_status":"open","ping_status":"open","sticky":false,"template":"","format":"standard","meta":{"_acf_changed":false,"footnotes":""},"categories":[283],"tags":[],"class_list":["post-6131","post","type-post","status-publish","format-standard","has-post-thumbnail","hentry","category-novosti-me"],"acf":[],"yoast_head":"<!-- This site is optimized with the Yoast SEO plugin v27.3 - https:\/\/yoast.com\/product\/yoast-seo-wordpress\/ -->\n<title>Otvorena izlo\u017eba \u201eSlatko spavaj\u201c - Europe House<\/title>\n<meta name=\"robots\" content=\"index, follow, max-snippet:-1, max-image-preview:large, max-video-preview:-1\" \/>\n<link rel=\"canonical\" href=\"https:\/\/www.evropskakuca.me\/me\/otvorena-izlozba-slatko-spavaj\/\" \/>\n<meta property=\"og:locale\" content=\"en_US\" \/>\n<meta property=\"og:type\" content=\"article\" \/>\n<meta property=\"og:title\" content=\"Otvorena izlo\u017eba \u201eSlatko spavaj\u201c - Europe House\" \/>\n<meta property=\"og:description\" content=\"Rije\u010d je o jastucima koje su ru\u010dno izradile \u017eene u ruralnim predjelima Crne Gore\" \/>\n<meta property=\"og:url\" content=\"https:\/\/www.evropskakuca.me\/me\/otvorena-izlozba-slatko-spavaj\/\" \/>\n<meta property=\"og:site_name\" content=\"Europe House\" \/>\n<meta property=\"article:publisher\" content=\"https:\/\/www.facebook.com\/evropska.kuca\" \/>\n<meta property=\"article:published_time\" content=\"2018-09-27T13:00:20+00:00\" \/>\n<meta property=\"og:image\" content=\"https:\/\/www.evropskakuca.me\/wp-content\/uploads\/2018\/09\/180927-1-1024x683.jpg\" \/>\n\t<meta property=\"og:image:width\" content=\"1024\" \/>\n\t<meta property=\"og:image:height\" content=\"683\" \/>\n\t<meta property=\"og:image:type\" content=\"image\/jpeg\" \/>\n<meta name=\"author\" content=\"mkajic\" \/>\n<meta name=\"twitter:card\" content=\"summary_large_image\" \/>\n<meta name=\"twitter:creator\" content=\"@evropska_kuca\" \/>\n<meta name=\"twitter:site\" content=\"@evropska_kuca\" \/>\n<meta name=\"twitter:label1\" content=\"Written by\" \/>\n\t<meta name=\"twitter:data1\" content=\"mkajic\" \/>\n\t<meta name=\"twitter:label2\" content=\"Est. reading time\" \/>\n\t<meta name=\"twitter:data2\" content=\"2 minutes\" \/>\n<script type=\"application\/ld+json\" class=\"yoast-schema-graph\">{\"@context\":\"https:\\\/\\\/schema.org\",\"@graph\":[{\"@type\":\"Article\",\"@id\":\"https:\\\/\\\/www.evropskakuca.me\\\/me\\\/otvorena-izlozba-slatko-spavaj\\\/#article\",\"isPartOf\":{\"@id\":\"https:\\\/\\\/www.evropskakuca.me\\\/me\\\/otvorena-izlozba-slatko-spavaj\\\/\"},\"author\":{\"name\":\"mkajic\",\"@id\":\"https:\\\/\\\/www.evropskakuca.me\\\/me\\\/#\\\/schema\\\/person\\\/a1d0dcdaefe4a1cd1d60d200ea137ba4\"},\"headline\":\"Otvorena izlo\u017eba \u201eSlatko spavaj\u201c\",\"datePublished\":\"2018-09-27T13:00:20+00:00\",\"mainEntityOfPage\":{\"@id\":\"https:\\\/\\\/www.evropskakuca.me\\\/me\\\/otvorena-izlozba-slatko-spavaj\\\/\"},\"wordCount\":399,\"commentCount\":0,\"publisher\":{\"@id\":\"https:\\\/\\\/www.evropskakuca.me\\\/me\\\/#organization\"},\"image\":{\"@id\":\"https:\\\/\\\/www.evropskakuca.me\\\/me\\\/otvorena-izlozba-slatko-spavaj\\\/#primaryimage\"},\"thumbnailUrl\":\"https:\\\/\\\/www.evropskakuca.me\\\/wp-content\\\/uploads\\\/2018\\\/09\\\/180927-1.jpg\",\"articleSection\":[\"Novosti\"],\"inLanguage\":\"me-ME\",\"potentialAction\":[{\"@type\":\"CommentAction\",\"name\":\"Comment\",\"target\":[\"https:\\\/\\\/www.evropskakuca.me\\\/me\\\/otvorena-izlozba-slatko-spavaj\\\/#respond\"]}]},{\"@type\":\"WebPage\",\"@id\":\"https:\\\/\\\/www.evropskakuca.me\\\/me\\\/otvorena-izlozba-slatko-spavaj\\\/\",\"url\":\"https:\\\/\\\/www.evropskakuca.me\\\/me\\\/otvorena-izlozba-slatko-spavaj\\\/\",\"name\":\"Otvorena izlo\u017eba \u201eSlatko spavaj\u201c - Europe House\",\"isPartOf\":{\"@id\":\"https:\\\/\\\/www.evropskakuca.me\\\/me\\\/#website\"},\"primaryImageOfPage\":{\"@id\":\"https:\\\/\\\/www.evropskakuca.me\\\/me\\\/otvorena-izlozba-slatko-spavaj\\\/#primaryimage\"},\"image\":{\"@id\":\"https:\\\/\\\/www.evropskakuca.me\\\/me\\\/otvorena-izlozba-slatko-spavaj\\\/#primaryimage\"},\"thumbnailUrl\":\"https:\\\/\\\/www.evropskakuca.me\\\/wp-content\\\/uploads\\\/2018\\\/09\\\/180927-1.jpg\",\"datePublished\":\"2018-09-27T13:00:20+00:00\",\"breadcrumb\":{\"@id\":\"https:\\\/\\\/www.evropskakuca.me\\\/me\\\/otvorena-izlozba-slatko-spavaj\\\/#breadcrumb\"},\"inLanguage\":\"me-ME\",\"potentialAction\":[{\"@type\":\"ReadAction\",\"target\":[\"https:\\\/\\\/www.evropskakuca.me\\\/me\\\/otvorena-izlozba-slatko-spavaj\\\/\"]}]},{\"@type\":\"ImageObject\",\"inLanguage\":\"me-ME\",\"@id\":\"https:\\\/\\\/www.evropskakuca.me\\\/me\\\/otvorena-izlozba-slatko-spavaj\\\/#primaryimage\",\"url\":\"https:\\\/\\\/www.evropskakuca.me\\\/wp-content\\\/uploads\\\/2018\\\/09\\\/180927-1.jpg\",\"contentUrl\":\"https:\\\/\\\/www.evropskakuca.me\\\/wp-content\\\/uploads\\\/2018\\\/09\\\/180927-1.jpg\",\"width\":2028,\"height\":1352},{\"@type\":\"BreadcrumbList\",\"@id\":\"https:\\\/\\\/www.evropskakuca.me\\\/me\\\/otvorena-izlozba-slatko-spavaj\\\/#breadcrumb\",\"itemListElement\":[{\"@type\":\"ListItem\",\"position\":1,\"name\":\"Home\",\"item\":\"https:\\\/\\\/www.evropskakuca.me\\\/me\\\/\"},{\"@type\":\"ListItem\",\"position\":2,\"name\":\"Otvorena izlo\u017eba \u201eSlatko spavaj\u201c\"}]},{\"@type\":\"WebSite\",\"@id\":\"https:\\\/\\\/www.evropskakuca.me\\\/me\\\/#website\",\"url\":\"https:\\\/\\\/www.evropskakuca.me\\\/me\\\/\",\"name\":\"Evropean house\",\"description\":\"\",\"publisher\":{\"@id\":\"https:\\\/\\\/www.evropskakuca.me\\\/me\\\/#organization\"},\"potentialAction\":[{\"@type\":\"SearchAction\",\"target\":{\"@type\":\"EntryPoint\",\"urlTemplate\":\"https:\\\/\\\/www.evropskakuca.me\\\/me\\\/?s={search_term_string}\"},\"query-input\":{\"@type\":\"PropertyValueSpecification\",\"valueRequired\":true,\"valueName\":\"search_term_string\"}}],\"inLanguage\":\"me-ME\"},{\"@type\":\"Organization\",\"@id\":\"https:\\\/\\\/www.evropskakuca.me\\\/me\\\/#organization\",\"name\":\"Evropean house\",\"url\":\"https:\\\/\\\/www.evropskakuca.me\\\/me\\\/\",\"logo\":{\"@type\":\"ImageObject\",\"inLanguage\":\"me-ME\",\"@id\":\"https:\\\/\\\/www.evropskakuca.me\\\/me\\\/#\\\/schema\\\/logo\\\/image\\\/\",\"url\":\"https:\\\/\\\/www.evropskakuca.me\\\/wp-content\\\/uploads\\\/2025\\\/01\\\/evropska-kuca-logo-1.png\",\"contentUrl\":\"https:\\\/\\\/www.evropskakuca.me\\\/wp-content\\\/uploads\\\/2025\\\/01\\\/evropska-kuca-logo-1.png\",\"width\":425,\"height\":312,\"caption\":\"Evropean house\"},\"image\":{\"@id\":\"https:\\\/\\\/www.evropskakuca.me\\\/me\\\/#\\\/schema\\\/logo\\\/image\\\/\"},\"sameAs\":[\"https:\\\/\\\/www.facebook.com\\\/evropska.kuca\",\"https:\\\/\\\/x.com\\\/evropska_kuca\",\"https:\\\/\\\/www.instagram.com\\\/evropska_kuca\"]},{\"@type\":\"Person\",\"@id\":\"https:\\\/\\\/www.evropskakuca.me\\\/me\\\/#\\\/schema\\\/person\\\/a1d0dcdaefe4a1cd1d60d200ea137ba4\",\"name\":\"mkajic\",\"image\":{\"@type\":\"ImageObject\",\"inLanguage\":\"me-ME\",\"@id\":\"https:\\\/\\\/secure.gravatar.com\\\/avatar\\\/731fa035cefab7316e6bafd1f25a93fb731a07de14e2d9923f8db4422628eabc?s=96&d=mm&r=g\",\"url\":\"https:\\\/\\\/secure.gravatar.com\\\/avatar\\\/731fa035cefab7316e6bafd1f25a93fb731a07de14e2d9923f8db4422628eabc?s=96&d=mm&r=g\",\"contentUrl\":\"https:\\\/\\\/secure.gravatar.com\\\/avatar\\\/731fa035cefab7316e6bafd1f25a93fb731a07de14e2d9923f8db4422628eabc?s=96&d=mm&r=g\",\"caption\":\"mkajic\"},\"sameAs\":[\"https:\\\/\\\/evropskakuca.me\"],\"url\":\"https:\\\/\\\/www.evropskakuca.me\\\/me\\\/author\\\/mkajic\\\/\"}]}<\/script>\n<!-- \/ Yoast SEO plugin. -->","yoast_head_json":{"title":"Otvorena izlo\u017eba \u201eSlatko spavaj\u201c - Europe House","robots":{"index":"index","follow":"follow","max-snippet":"max-snippet:-1","max-image-preview":"max-image-preview:large","max-video-preview":"max-video-preview:-1"},"canonical":"https:\/\/www.evropskakuca.me\/me\/otvorena-izlozba-slatko-spavaj\/","og_locale":"en_US","og_type":"article","og_title":"Otvorena izlo\u017eba \u201eSlatko spavaj\u201c - Europe House","og_description":"Rije\u010d je o jastucima koje su ru\u010dno izradile \u017eene u ruralnim predjelima Crne Gore","og_url":"https:\/\/www.evropskakuca.me\/me\/otvorena-izlozba-slatko-spavaj\/","og_site_name":"Europe House","article_publisher":"https:\/\/www.facebook.com\/evropska.kuca","article_published_time":"2018-09-27T13:00:20+00:00","og_image":[{"width":1024,"height":683,"url":"https:\/\/www.evropskakuca.me\/wp-content\/uploads\/2018\/09\/180927-1-1024x683.jpg","type":"image\/jpeg"}],"author":"mkajic","twitter_card":"summary_large_image","twitter_creator":"@evropska_kuca","twitter_site":"@evropska_kuca","twitter_misc":{"Written by":"mkajic","Est. reading time":"2 minutes"},"schema":{"@context":"https:\/\/schema.org","@graph":[{"@type":"Article","@id":"https:\/\/www.evropskakuca.me\/me\/otvorena-izlozba-slatko-spavaj\/#article","isPartOf":{"@id":"https:\/\/www.evropskakuca.me\/me\/otvorena-izlozba-slatko-spavaj\/"},"author":{"name":"mkajic","@id":"https:\/\/www.evropskakuca.me\/me\/#\/schema\/person\/a1d0dcdaefe4a1cd1d60d200ea137ba4"},"headline":"Otvorena izlo\u017eba \u201eSlatko spavaj\u201c","datePublished":"2018-09-27T13:00:20+00:00","mainEntityOfPage":{"@id":"https:\/\/www.evropskakuca.me\/me\/otvorena-izlozba-slatko-spavaj\/"},"wordCount":399,"commentCount":0,"publisher":{"@id":"https:\/\/www.evropskakuca.me\/me\/#organization"},"image":{"@id":"https:\/\/www.evropskakuca.me\/me\/otvorena-izlozba-slatko-spavaj\/#primaryimage"},"thumbnailUrl":"https:\/\/www.evropskakuca.me\/wp-content\/uploads\/2018\/09\/180927-1.jpg","articleSection":["Novosti"],"inLanguage":"me-ME","potentialAction":[{"@type":"CommentAction","name":"Comment","target":["https:\/\/www.evropskakuca.me\/me\/otvorena-izlozba-slatko-spavaj\/#respond"]}]},{"@type":"WebPage","@id":"https:\/\/www.evropskakuca.me\/me\/otvorena-izlozba-slatko-spavaj\/","url":"https:\/\/www.evropskakuca.me\/me\/otvorena-izlozba-slatko-spavaj\/","name":"Otvorena izlo\u017eba \u201eSlatko spavaj\u201c - Europe House","isPartOf":{"@id":"https:\/\/www.evropskakuca.me\/me\/#website"},"primaryImageOfPage":{"@id":"https:\/\/www.evropskakuca.me\/me\/otvorena-izlozba-slatko-spavaj\/#primaryimage"},"image":{"@id":"https:\/\/www.evropskakuca.me\/me\/otvorena-izlozba-slatko-spavaj\/#primaryimage"},"thumbnailUrl":"https:\/\/www.evropskakuca.me\/wp-content\/uploads\/2018\/09\/180927-1.jpg","datePublished":"2018-09-27T13:00:20+00:00","breadcrumb":{"@id":"https:\/\/www.evropskakuca.me\/me\/otvorena-izlozba-slatko-spavaj\/#breadcrumb"},"inLanguage":"me-ME","potentialAction":[{"@type":"ReadAction","target":["https:\/\/www.evropskakuca.me\/me\/otvorena-izlozba-slatko-spavaj\/"]}]},{"@type":"ImageObject","inLanguage":"me-ME","@id":"https:\/\/www.evropskakuca.me\/me\/otvorena-izlozba-slatko-spavaj\/#primaryimage","url":"https:\/\/www.evropskakuca.me\/wp-content\/uploads\/2018\/09\/180927-1.jpg","contentUrl":"https:\/\/www.evropskakuca.me\/wp-content\/uploads\/2018\/09\/180927-1.jpg","width":2028,"height":1352},{"@type":"BreadcrumbList","@id":"https:\/\/www.evropskakuca.me\/me\/otvorena-izlozba-slatko-spavaj\/#breadcrumb","itemListElement":[{"@type":"ListItem","position":1,"name":"Home","item":"https:\/\/www.evropskakuca.me\/me\/"},{"@type":"ListItem","position":2,"name":"Otvorena izlo\u017eba \u201eSlatko spavaj\u201c"}]},{"@type":"WebSite","@id":"https:\/\/www.evropskakuca.me\/me\/#website","url":"https:\/\/www.evropskakuca.me\/me\/","name":"Evropean house","description":"","publisher":{"@id":"https:\/\/www.evropskakuca.me\/me\/#organization"},"potentialAction":[{"@type":"SearchAction","target":{"@type":"EntryPoint","urlTemplate":"https:\/\/www.evropskakuca.me\/me\/?s={search_term_string}"},"query-input":{"@type":"PropertyValueSpecification","valueRequired":true,"valueName":"search_term_string"}}],"inLanguage":"me-ME"},{"@type":"Organization","@id":"https:\/\/www.evropskakuca.me\/me\/#organization","name":"Evropean house","url":"https:\/\/www.evropskakuca.me\/me\/","logo":{"@type":"ImageObject","inLanguage":"me-ME","@id":"https:\/\/www.evropskakuca.me\/me\/#\/schema\/logo\/image\/","url":"https:\/\/www.evropskakuca.me\/wp-content\/uploads\/2025\/01\/evropska-kuca-logo-1.png","contentUrl":"https:\/\/www.evropskakuca.me\/wp-content\/uploads\/2025\/01\/evropska-kuca-logo-1.png","width":425,"height":312,"caption":"Evropean house"},"image":{"@id":"https:\/\/www.evropskakuca.me\/me\/#\/schema\/logo\/image\/"},"sameAs":["https:\/\/www.facebook.com\/evropska.kuca","https:\/\/x.com\/evropska_kuca","https:\/\/www.instagram.com\/evropska_kuca"]},{"@type":"Person","@id":"https:\/\/www.evropskakuca.me\/me\/#\/schema\/person\/a1d0dcdaefe4a1cd1d60d200ea137ba4","name":"mkajic","image":{"@type":"ImageObject","inLanguage":"me-ME","@id":"https:\/\/secure.gravatar.com\/avatar\/731fa035cefab7316e6bafd1f25a93fb731a07de14e2d9923f8db4422628eabc?s=96&d=mm&r=g","url":"https:\/\/secure.gravatar.com\/avatar\/731fa035cefab7316e6bafd1f25a93fb731a07de14e2d9923f8db4422628eabc?s=96&d=mm&r=g","contentUrl":"https:\/\/secure.gravatar.com\/avatar\/731fa035cefab7316e6bafd1f25a93fb731a07de14e2d9923f8db4422628eabc?s=96&d=mm&r=g","caption":"mkajic"},"sameAs":["https:\/\/evropskakuca.me"],"url":"https:\/\/www.evropskakuca.me\/me\/author\/mkajic\/"}]}},"_links":{"self":[{"href":"https:\/\/www.evropskakuca.me\/me\/wp-json\/wp\/v2\/posts\/6131","targetHints":{"allow":["GET"]}}],"collection":[{"href":"https:\/\/www.evropskakuca.me\/me\/wp-json\/wp\/v2\/posts"}],"about":[{"href":"https:\/\/www.evropskakuca.me\/me\/wp-json\/wp\/v2\/types\/post"}],"author":[{"embeddable":true,"href":"https:\/\/www.evropskakuca.me\/me\/wp-json\/wp\/v2\/users\/1"}],"replies":[{"embeddable":true,"href":"https:\/\/www.evropskakuca.me\/me\/wp-json\/wp\/v2\/comments?post=6131"}],"version-history":[{"count":0,"href":"https:\/\/www.evropskakuca.me\/me\/wp-json\/wp\/v2\/posts\/6131\/revisions"}],"wp:featuredmedia":[{"embeddable":true,"href":"https:\/\/www.evropskakuca.me\/me\/wp-json\/wp\/v2\/media\/34127"}],"wp:attachment":[{"href":"https:\/\/www.evropskakuca.me\/me\/wp-json\/wp\/v2\/media?parent=6131"}],"wp:term":[{"taxonomy":"category","embeddable":true,"href":"https:\/\/www.evropskakuca.me\/me\/wp-json\/wp\/v2\/categories?post=6131"},{"taxonomy":"post_tag","embeddable":true,"href":"https:\/\/www.evropskakuca.me\/me\/wp-json\/wp\/v2\/tags?post=6131"}],"curies":[{"name":"wp","href":"https:\/\/api.w.org\/{rel}","templated":true}]}}