{"id":6114,"date":"2018-09-21T10:42:25","date_gmt":"2018-09-21T10:42:25","guid":{"rendered":"http:\/\/www.evropskakuca.me\/me\/?p=6114"},"modified":"2018-09-21T10:42:25","modified_gmt":"2018-09-21T10:42:25","slug":"bolji-saobracaj-bolji-grad","status":"publish","type":"post","link":"https:\/\/www.evropskakuca.me\/me\/bolji-saobracaj-bolji-grad\/","title":{"rendered":"Bolji saobra\u0107aj \u2013 bolji grad"},"content":{"rendered":"<p>Gra\u0111anima se moraju ponuditi bolje alternative da bi i sami uvidjeli prednosti odr\u017eivih vidova saobra\u0107aja kao \u0161to su biciklizam i javni prevoz, re\u010deno je na panelu \u201eBolji saobra\u0107aj \u2013 bolji grad\u201c, odr\u017eanom u EU info centru u okviru evropske nedjelje mobilnosti.<\/p>\n<p>Lazarela Kalezi\u0107, iz Sekretarijata za planiranje i ure\u0111enje prostora i za\u0161titu \u017eivotne sredine, Glavnog grada kazala je da Podgorica upravo u cilju odr\u017eivog saobra\u0107aja sprovodi projekat zajedno sa ostalim glavnim gradovima jugoisto\u010dne evrope.<\/p>\n<p>Ona je kazala da jo\u0161 uvijek postoji ozbiljni izazovi u oblasti javnog prevoza.<\/p>\n<p>\u201ePitanje gradskog saobra\u0107aja nije dovoljno dobro rije\u0161eno, nije adekvatno i na tome moramo konstantno da radimo kako bi gra\u0111anima pru\u017eili pravi izbor. Ako ve\u0107 od njih tra\u017eimo da se odreknu svojih automobila, onda im moramo dati dobre alternative, a trenutno situacija u gradskom sobra\u0107aju nije na nivou jednog modernog grada,\u201c kazala je Kalezi\u0107.<\/p>\n<p>On je podsjetila da za sistem odr\u017eivog transporta, koji ne zaga\u0111uje i koji je efikasan, su potrebna ogromna ulaganja, posebno za grad kao \u0161to je Podgorica. Ipak, Kalezi\u0107 isti\u010de, da je vrlo va\u017eno da krenemo sa time a da su izrada akcionog plana za odr\u017eivi transport i kroz edukativne kampanje kao \u0161to je ova, pravi na\u010din da se zajedni\u010dki krene u tu pri\u010du.<\/p>\n<p>Stanje u saobra\u0107aju je podacima potkrijepio predstavnik NVO biciklo.me, Stefan Bulatovi\u0107, \u010dije je organizacija nedavno sprovela ekstenzivnu anketu o saobra\u0107ajnim navikama u glavnom gradu. Bulatovi\u0107 ka\u017ee da gra\u0111ani Podgorice naj\u010de\u0161\u0107e li\u010dni automobil, i to preko polovine, slede\u0107i je taksi, pa tek onda gradski prevoz i biciklo. Istovremeno vi\u0161e od polovine gra\u0111ana prelazi dnevnu distancu manju od 5 kilometara u jednom pravcu, \u0161to je idealno za bicikliste. Istra\u017eivanje je tako\u0111e pokazalo da su za gra\u0111ane najve\u0107i saobra\u0107ajni problemi: nepo\u0161tovanje propisa, gu\u017eve i lo\u0161 javni prevoz.<\/p>\n<p>Bulatovi\u0107 je govorio da se treba raditi u pravcu zatvaranja gradskog centra za automobile i smanjivanja parkinga u samom centru, posebno na lokacijama gdje je lako sti\u0107i pje\u0161ke.<\/p>\n<p><a href=\"http:\/\/www.evropskakuca.me\/wp-content\/uploads\/2018\/09\/180921_evropska_nedelja_mobilnosti-5.jpg\"><img fetchpriority=\"high\" decoding=\"async\" class=\"alignleft size-large wp-image-6117\" src=\"http:\/\/www.evropskakuca.me\/wp-content\/uploads\/2018\/09\/180921_evropska_nedelja_mobilnosti-5-1024x674.jpg\" alt=\"\" width=\"1024\" height=\"674\" \/><\/a><\/p>\n<p>\u201eMoramo natjerati gra\u0111ane da pre\u0111u na odr\u017eive vidove transporta, ali oni to ne\u0107e uraditi ukoliko vi ne\u0161to ne uradite. Ukoliko vi ne u\u010dinite automobile manje primamljivim, oni ne\u0107e prestati da ih voze,\u201c poru\u010dio je Bulatovi\u0107 gradskim vlastima.<\/p>\n<p>Dijana Vu\u010dini\u0107 iz \u00a0APSS-DVARP-a kazala je da edukacijom mo\u017ee da se zna\u010dajno uti\u010de na rje\u0161avanje problema u prostoru, \u0161to oni konstantno rade okupljaju\u0107i studente u<\/p>\n<p>Ove godine, u APSS-u su prepoznali ogroman problem odr\u017eivosti saobra\u0107aja u Boki Kotorskoj i na osnovu istra\u017eivanja akrikulisali \u00a0tri teme: pje\u0161a\u010dki prelaz ispred starog grada u Kotoru (saobra\u0107ajne gu\u017eve), nedostatak pje\u0161a\u010dkog i biciklisti\u010dkog saobra\u0107aja du\u017e obale u Boki i mobilnost na vodi, tj. njena nedovoljna iskori\u0161tenost.<\/p>\n<p>\u201eRecimo razmaci izme\u0111u naselja u Boki su mali i vi bi mogli hodati da ima ikakave infrastrukture, ali tamo postoji samo infrastruktura za automobile. Tako\u0111e, meni je nejasno da neko ko ima hotel u Kotoru dovodi goste sa tivatskog aerodroma automobilom za preko sat vremena, kada bi mogao vodom za oko dvadeset minuta,\u201c kazala je Vu\u010dini\u0107.<\/p>\n<p>Predstavnica UNDP-a, Radica Zekovi\u0107, govorila je ne samo o saobra\u0107aju ve\u0107 i o efektima koji odr\u017eivi saobra\u0107aj ima na smanjenje koli\u010dine CO2, \u0161to je jedan od prioriteta ove me\u0111unarodne organizacije. Ona je kazala da UNDP poku\u0161ava da podigne svijest gra\u0111ana o tome koliko je bitno da smanje li\u010dni karbonski otisak.<\/p>\n<p>\u201eUNDP je u tom cilju razvijao niskokarbonski turizam. Izgradli preko 70 km pjesackih i biciklisti\u010dkih staza u Herceg Novom, na Lu\u0161tici, u Podgorici. \u00a0Podr\u017eavamo uvo\u0111enje saobra\u0107aja na elektri\u010dni pogon, pa smo finansirali elektri\u010dne turisti\u010dke vozi\u0107e na Cetinju i u Ulcinju. Imamo projekte i sa brodovima koji idu sa solarni pogon, a koji bi trebalo da rastrete saobra\u0107aj u Boki, \u201c kazala je Zekovi\u0107.<\/p>\n<p>&nbsp;<\/p>\n<h4>Povezani tekstovi:<\/h4>\n<p><a href=\"http:\/\/www.evropskakuca.me\/me\/bezbijednost-na-prvom-mjestu-u-voznji-biciklom\/\">Bezbijednost na prvom mjestu u vo\u017enji biciklom<\/a><\/p>\n","protected":false},"excerpt":{"rendered":"<p>Poduditi alternative odr\u017eivog saobra\u0107aja<\/p>\n","protected":false},"author":1,"featured_media":34121,"comment_status":"closed","ping_status":"closed","sticky":false,"template":"","format":"standard","meta":{"_acf_changed":false,"footnotes":""},"categories":[285,283,2],"tags":[],"class_list":["post-6114","post","type-post","status-publish","format-standard","has-post-thumbnail","hentry","category-kampanje-i-eventi","category-novosti-me","category-uncategorized-me"],"acf":[],"yoast_head":"<!-- This site is optimized with the Yoast SEO plugin v27.3 - https:\/\/yoast.com\/product\/yoast-seo-wordpress\/ -->\n<title>Bolji saobra\u0107aj \u2013 bolji grad - Europe House<\/title>\n<meta name=\"robots\" content=\"index, follow, max-snippet:-1, max-image-preview:large, max-video-preview:-1\" \/>\n<link rel=\"canonical\" href=\"https:\/\/www.evropskakuca.me\/me\/bolji-saobracaj-bolji-grad\/\" \/>\n<meta property=\"og:locale\" content=\"en_US\" \/>\n<meta property=\"og:type\" content=\"article\" \/>\n<meta property=\"og:title\" content=\"Bolji saobra\u0107aj \u2013 bolji grad - Europe House\" \/>\n<meta property=\"og:description\" content=\"Poduditi alternative odr\u017eivog saobra\u0107aja\" \/>\n<meta property=\"og:url\" content=\"https:\/\/www.evropskakuca.me\/me\/bolji-saobracaj-bolji-grad\/\" \/>\n<meta property=\"og:site_name\" content=\"Europe House\" \/>\n<meta property=\"article:publisher\" content=\"https:\/\/www.facebook.com\/evropska.kuca\" \/>\n<meta property=\"article:published_time\" content=\"2018-09-21T10:42:25+00:00\" \/>\n<meta property=\"og:image\" content=\"https:\/\/www.evropskakuca.me\/wp-content\/uploads\/2018\/09\/180921_evropska_nedelja_mobilnosti-1-1024x683.jpg\" \/>\n\t<meta property=\"og:image:width\" content=\"1024\" \/>\n\t<meta property=\"og:image:height\" content=\"683\" \/>\n\t<meta property=\"og:image:type\" content=\"image\/jpeg\" \/>\n<meta name=\"author\" content=\"mkajic\" \/>\n<meta name=\"twitter:card\" content=\"summary_large_image\" \/>\n<meta name=\"twitter:creator\" content=\"@evropska_kuca\" \/>\n<meta name=\"twitter:site\" content=\"@evropska_kuca\" \/>\n<meta name=\"twitter:label1\" content=\"Written by\" \/>\n\t<meta name=\"twitter:data1\" content=\"mkajic\" \/>\n\t<meta name=\"twitter:label2\" content=\"Est. reading time\" \/>\n\t<meta name=\"twitter:data2\" content=\"3 minutes\" \/>\n<script type=\"application\/ld+json\" class=\"yoast-schema-graph\">{\"@context\":\"https:\\\/\\\/schema.org\",\"@graph\":[{\"@type\":\"Article\",\"@id\":\"https:\\\/\\\/www.evropskakuca.me\\\/me\\\/bolji-saobracaj-bolji-grad\\\/#article\",\"isPartOf\":{\"@id\":\"https:\\\/\\\/www.evropskakuca.me\\\/me\\\/bolji-saobracaj-bolji-grad\\\/\"},\"author\":{\"name\":\"mkajic\",\"@id\":\"https:\\\/\\\/www.evropskakuca.me\\\/me\\\/#\\\/schema\\\/person\\\/a1d0dcdaefe4a1cd1d60d200ea137ba4\"},\"headline\":\"Bolji saobra\u0107aj \u2013 bolji grad\",\"datePublished\":\"2018-09-21T10:42:25+00:00\",\"mainEntityOfPage\":{\"@id\":\"https:\\\/\\\/www.evropskakuca.me\\\/me\\\/bolji-saobracaj-bolji-grad\\\/\"},\"wordCount\":696,\"publisher\":{\"@id\":\"https:\\\/\\\/www.evropskakuca.me\\\/me\\\/#organization\"},\"image\":{\"@id\":\"https:\\\/\\\/www.evropskakuca.me\\\/me\\\/bolji-saobracaj-bolji-grad\\\/#primaryimage\"},\"thumbnailUrl\":\"https:\\\/\\\/www.evropskakuca.me\\\/wp-content\\\/uploads\\\/2018\\\/09\\\/180921_evropska_nedelja_mobilnosti-1.jpg\",\"articleSection\":[\"Kampanje i eventi\",\"Novosti\",\"Uncategorized @me\"],\"inLanguage\":\"me-ME\"},{\"@type\":\"WebPage\",\"@id\":\"https:\\\/\\\/www.evropskakuca.me\\\/me\\\/bolji-saobracaj-bolji-grad\\\/\",\"url\":\"https:\\\/\\\/www.evropskakuca.me\\\/me\\\/bolji-saobracaj-bolji-grad\\\/\",\"name\":\"Bolji saobra\u0107aj \u2013 bolji grad - Europe House\",\"isPartOf\":{\"@id\":\"https:\\\/\\\/www.evropskakuca.me\\\/me\\\/#website\"},\"primaryImageOfPage\":{\"@id\":\"https:\\\/\\\/www.evropskakuca.me\\\/me\\\/bolji-saobracaj-bolji-grad\\\/#primaryimage\"},\"image\":{\"@id\":\"https:\\\/\\\/www.evropskakuca.me\\\/me\\\/bolji-saobracaj-bolji-grad\\\/#primaryimage\"},\"thumbnailUrl\":\"https:\\\/\\\/www.evropskakuca.me\\\/wp-content\\\/uploads\\\/2018\\\/09\\\/180921_evropska_nedelja_mobilnosti-1.jpg\",\"datePublished\":\"2018-09-21T10:42:25+00:00\",\"breadcrumb\":{\"@id\":\"https:\\\/\\\/www.evropskakuca.me\\\/me\\\/bolji-saobracaj-bolji-grad\\\/#breadcrumb\"},\"inLanguage\":\"me-ME\",\"potentialAction\":[{\"@type\":\"ReadAction\",\"target\":[\"https:\\\/\\\/www.evropskakuca.me\\\/me\\\/bolji-saobracaj-bolji-grad\\\/\"]}]},{\"@type\":\"ImageObject\",\"inLanguage\":\"me-ME\",\"@id\":\"https:\\\/\\\/www.evropskakuca.me\\\/me\\\/bolji-saobracaj-bolji-grad\\\/#primaryimage\",\"url\":\"https:\\\/\\\/www.evropskakuca.me\\\/wp-content\\\/uploads\\\/2018\\\/09\\\/180921_evropska_nedelja_mobilnosti-1.jpg\",\"contentUrl\":\"https:\\\/\\\/www.evropskakuca.me\\\/wp-content\\\/uploads\\\/2018\\\/09\\\/180921_evropska_nedelja_mobilnosti-1.jpg\",\"width\":2028,\"height\":1352},{\"@type\":\"BreadcrumbList\",\"@id\":\"https:\\\/\\\/www.evropskakuca.me\\\/me\\\/bolji-saobracaj-bolji-grad\\\/#breadcrumb\",\"itemListElement\":[{\"@type\":\"ListItem\",\"position\":1,\"name\":\"Home\",\"item\":\"https:\\\/\\\/www.evropskakuca.me\\\/me\\\/\"},{\"@type\":\"ListItem\",\"position\":2,\"name\":\"Bolji saobra\u0107aj \u2013 bolji grad\"}]},{\"@type\":\"WebSite\",\"@id\":\"https:\\\/\\\/www.evropskakuca.me\\\/me\\\/#website\",\"url\":\"https:\\\/\\\/www.evropskakuca.me\\\/me\\\/\",\"name\":\"Evropean house\",\"description\":\"\",\"publisher\":{\"@id\":\"https:\\\/\\\/www.evropskakuca.me\\\/me\\\/#organization\"},\"potentialAction\":[{\"@type\":\"SearchAction\",\"target\":{\"@type\":\"EntryPoint\",\"urlTemplate\":\"https:\\\/\\\/www.evropskakuca.me\\\/me\\\/?s={search_term_string}\"},\"query-input\":{\"@type\":\"PropertyValueSpecification\",\"valueRequired\":true,\"valueName\":\"search_term_string\"}}],\"inLanguage\":\"me-ME\"},{\"@type\":\"Organization\",\"@id\":\"https:\\\/\\\/www.evropskakuca.me\\\/me\\\/#organization\",\"name\":\"Evropean house\",\"url\":\"https:\\\/\\\/www.evropskakuca.me\\\/me\\\/\",\"logo\":{\"@type\":\"ImageObject\",\"inLanguage\":\"me-ME\",\"@id\":\"https:\\\/\\\/www.evropskakuca.me\\\/me\\\/#\\\/schema\\\/logo\\\/image\\\/\",\"url\":\"https:\\\/\\\/www.evropskakuca.me\\\/wp-content\\\/uploads\\\/2025\\\/01\\\/evropska-kuca-logo-1.png\",\"contentUrl\":\"https:\\\/\\\/www.evropskakuca.me\\\/wp-content\\\/uploads\\\/2025\\\/01\\\/evropska-kuca-logo-1.png\",\"width\":425,\"height\":312,\"caption\":\"Evropean house\"},\"image\":{\"@id\":\"https:\\\/\\\/www.evropskakuca.me\\\/me\\\/#\\\/schema\\\/logo\\\/image\\\/\"},\"sameAs\":[\"https:\\\/\\\/www.facebook.com\\\/evropska.kuca\",\"https:\\\/\\\/x.com\\\/evropska_kuca\",\"https:\\\/\\\/www.instagram.com\\\/evropska_kuca\"]},{\"@type\":\"Person\",\"@id\":\"https:\\\/\\\/www.evropskakuca.me\\\/me\\\/#\\\/schema\\\/person\\\/a1d0dcdaefe4a1cd1d60d200ea137ba4\",\"name\":\"mkajic\",\"image\":{\"@type\":\"ImageObject\",\"inLanguage\":\"me-ME\",\"@id\":\"https:\\\/\\\/secure.gravatar.com\\\/avatar\\\/731fa035cefab7316e6bafd1f25a93fb731a07de14e2d9923f8db4422628eabc?s=96&d=mm&r=g\",\"url\":\"https:\\\/\\\/secure.gravatar.com\\\/avatar\\\/731fa035cefab7316e6bafd1f25a93fb731a07de14e2d9923f8db4422628eabc?s=96&d=mm&r=g\",\"contentUrl\":\"https:\\\/\\\/secure.gravatar.com\\\/avatar\\\/731fa035cefab7316e6bafd1f25a93fb731a07de14e2d9923f8db4422628eabc?s=96&d=mm&r=g\",\"caption\":\"mkajic\"},\"sameAs\":[\"https:\\\/\\\/evropskakuca.me\"],\"url\":\"https:\\\/\\\/www.evropskakuca.me\\\/me\\\/author\\\/mkajic\\\/\"}]}<\/script>\n<!-- \/ Yoast SEO plugin. -->","yoast_head_json":{"title":"Bolji saobra\u0107aj \u2013 bolji grad - Europe House","robots":{"index":"index","follow":"follow","max-snippet":"max-snippet:-1","max-image-preview":"max-image-preview:large","max-video-preview":"max-video-preview:-1"},"canonical":"https:\/\/www.evropskakuca.me\/me\/bolji-saobracaj-bolji-grad\/","og_locale":"en_US","og_type":"article","og_title":"Bolji saobra\u0107aj \u2013 bolji grad - Europe House","og_description":"Poduditi alternative odr\u017eivog saobra\u0107aja","og_url":"https:\/\/www.evropskakuca.me\/me\/bolji-saobracaj-bolji-grad\/","og_site_name":"Europe House","article_publisher":"https:\/\/www.facebook.com\/evropska.kuca","article_published_time":"2018-09-21T10:42:25+00:00","og_image":[{"width":1024,"height":683,"url":"https:\/\/www.evropskakuca.me\/wp-content\/uploads\/2018\/09\/180921_evropska_nedelja_mobilnosti-1-1024x683.jpg","type":"image\/jpeg"}],"author":"mkajic","twitter_card":"summary_large_image","twitter_creator":"@evropska_kuca","twitter_site":"@evropska_kuca","twitter_misc":{"Written by":"mkajic","Est. reading time":"3 minutes"},"schema":{"@context":"https:\/\/schema.org","@graph":[{"@type":"Article","@id":"https:\/\/www.evropskakuca.me\/me\/bolji-saobracaj-bolji-grad\/#article","isPartOf":{"@id":"https:\/\/www.evropskakuca.me\/me\/bolji-saobracaj-bolji-grad\/"},"author":{"name":"mkajic","@id":"https:\/\/www.evropskakuca.me\/me\/#\/schema\/person\/a1d0dcdaefe4a1cd1d60d200ea137ba4"},"headline":"Bolji saobra\u0107aj \u2013 bolji grad","datePublished":"2018-09-21T10:42:25+00:00","mainEntityOfPage":{"@id":"https:\/\/www.evropskakuca.me\/me\/bolji-saobracaj-bolji-grad\/"},"wordCount":696,"publisher":{"@id":"https:\/\/www.evropskakuca.me\/me\/#organization"},"image":{"@id":"https:\/\/www.evropskakuca.me\/me\/bolji-saobracaj-bolji-grad\/#primaryimage"},"thumbnailUrl":"https:\/\/www.evropskakuca.me\/wp-content\/uploads\/2018\/09\/180921_evropska_nedelja_mobilnosti-1.jpg","articleSection":["Kampanje i eventi","Novosti","Uncategorized @me"],"inLanguage":"me-ME"},{"@type":"WebPage","@id":"https:\/\/www.evropskakuca.me\/me\/bolji-saobracaj-bolji-grad\/","url":"https:\/\/www.evropskakuca.me\/me\/bolji-saobracaj-bolji-grad\/","name":"Bolji saobra\u0107aj \u2013 bolji grad - Europe House","isPartOf":{"@id":"https:\/\/www.evropskakuca.me\/me\/#website"},"primaryImageOfPage":{"@id":"https:\/\/www.evropskakuca.me\/me\/bolji-saobracaj-bolji-grad\/#primaryimage"},"image":{"@id":"https:\/\/www.evropskakuca.me\/me\/bolji-saobracaj-bolji-grad\/#primaryimage"},"thumbnailUrl":"https:\/\/www.evropskakuca.me\/wp-content\/uploads\/2018\/09\/180921_evropska_nedelja_mobilnosti-1.jpg","datePublished":"2018-09-21T10:42:25+00:00","breadcrumb":{"@id":"https:\/\/www.evropskakuca.me\/me\/bolji-saobracaj-bolji-grad\/#breadcrumb"},"inLanguage":"me-ME","potentialAction":[{"@type":"ReadAction","target":["https:\/\/www.evropskakuca.me\/me\/bolji-saobracaj-bolji-grad\/"]}]},{"@type":"ImageObject","inLanguage":"me-ME","@id":"https:\/\/www.evropskakuca.me\/me\/bolji-saobracaj-bolji-grad\/#primaryimage","url":"https:\/\/www.evropskakuca.me\/wp-content\/uploads\/2018\/09\/180921_evropska_nedelja_mobilnosti-1.jpg","contentUrl":"https:\/\/www.evropskakuca.me\/wp-content\/uploads\/2018\/09\/180921_evropska_nedelja_mobilnosti-1.jpg","width":2028,"height":1352},{"@type":"BreadcrumbList","@id":"https:\/\/www.evropskakuca.me\/me\/bolji-saobracaj-bolji-grad\/#breadcrumb","itemListElement":[{"@type":"ListItem","position":1,"name":"Home","item":"https:\/\/www.evropskakuca.me\/me\/"},{"@type":"ListItem","position":2,"name":"Bolji saobra\u0107aj \u2013 bolji grad"}]},{"@type":"WebSite","@id":"https:\/\/www.evropskakuca.me\/me\/#website","url":"https:\/\/www.evropskakuca.me\/me\/","name":"Evropean house","description":"","publisher":{"@id":"https:\/\/www.evropskakuca.me\/me\/#organization"},"potentialAction":[{"@type":"SearchAction","target":{"@type":"EntryPoint","urlTemplate":"https:\/\/www.evropskakuca.me\/me\/?s={search_term_string}"},"query-input":{"@type":"PropertyValueSpecification","valueRequired":true,"valueName":"search_term_string"}}],"inLanguage":"me-ME"},{"@type":"Organization","@id":"https:\/\/www.evropskakuca.me\/me\/#organization","name":"Evropean house","url":"https:\/\/www.evropskakuca.me\/me\/","logo":{"@type":"ImageObject","inLanguage":"me-ME","@id":"https:\/\/www.evropskakuca.me\/me\/#\/schema\/logo\/image\/","url":"https:\/\/www.evropskakuca.me\/wp-content\/uploads\/2025\/01\/evropska-kuca-logo-1.png","contentUrl":"https:\/\/www.evropskakuca.me\/wp-content\/uploads\/2025\/01\/evropska-kuca-logo-1.png","width":425,"height":312,"caption":"Evropean house"},"image":{"@id":"https:\/\/www.evropskakuca.me\/me\/#\/schema\/logo\/image\/"},"sameAs":["https:\/\/www.facebook.com\/evropska.kuca","https:\/\/x.com\/evropska_kuca","https:\/\/www.instagram.com\/evropska_kuca"]},{"@type":"Person","@id":"https:\/\/www.evropskakuca.me\/me\/#\/schema\/person\/a1d0dcdaefe4a1cd1d60d200ea137ba4","name":"mkajic","image":{"@type":"ImageObject","inLanguage":"me-ME","@id":"https:\/\/secure.gravatar.com\/avatar\/731fa035cefab7316e6bafd1f25a93fb731a07de14e2d9923f8db4422628eabc?s=96&d=mm&r=g","url":"https:\/\/secure.gravatar.com\/avatar\/731fa035cefab7316e6bafd1f25a93fb731a07de14e2d9923f8db4422628eabc?s=96&d=mm&r=g","contentUrl":"https:\/\/secure.gravatar.com\/avatar\/731fa035cefab7316e6bafd1f25a93fb731a07de14e2d9923f8db4422628eabc?s=96&d=mm&r=g","caption":"mkajic"},"sameAs":["https:\/\/evropskakuca.me"],"url":"https:\/\/www.evropskakuca.me\/me\/author\/mkajic\/"}]}},"_links":{"self":[{"href":"https:\/\/www.evropskakuca.me\/me\/wp-json\/wp\/v2\/posts\/6114","targetHints":{"allow":["GET"]}}],"collection":[{"href":"https:\/\/www.evropskakuca.me\/me\/wp-json\/wp\/v2\/posts"}],"about":[{"href":"https:\/\/www.evropskakuca.me\/me\/wp-json\/wp\/v2\/types\/post"}],"author":[{"embeddable":true,"href":"https:\/\/www.evropskakuca.me\/me\/wp-json\/wp\/v2\/users\/1"}],"replies":[{"embeddable":true,"href":"https:\/\/www.evropskakuca.me\/me\/wp-json\/wp\/v2\/comments?post=6114"}],"version-history":[{"count":0,"href":"https:\/\/www.evropskakuca.me\/me\/wp-json\/wp\/v2\/posts\/6114\/revisions"}],"wp:featuredmedia":[{"embeddable":true,"href":"https:\/\/www.evropskakuca.me\/me\/wp-json\/wp\/v2\/media\/34121"}],"wp:attachment":[{"href":"https:\/\/www.evropskakuca.me\/me\/wp-json\/wp\/v2\/media?parent=6114"}],"wp:term":[{"taxonomy":"category","embeddable":true,"href":"https:\/\/www.evropskakuca.me\/me\/wp-json\/wp\/v2\/categories?post=6114"},{"taxonomy":"post_tag","embeddable":true,"href":"https:\/\/www.evropskakuca.me\/me\/wp-json\/wp\/v2\/tags?post=6114"}],"curies":[{"name":"wp","href":"https:\/\/api.w.org\/{rel}","templated":true}]}}