{"id":6013,"date":"2018-09-20T11:49:03","date_gmt":"2018-09-20T11:49:03","guid":{"rendered":"http:\/\/www.evropskakuca.me\/me\/?p=6013"},"modified":"2018-09-20T11:49:03","modified_gmt":"2018-09-20T11:49:03","slug":"ujedinjeni-mozemo-vise","status":"publish","type":"post","link":"https:\/\/www.evropskakuca.me\/me\/ujedinjeni-mozemo-vise\/","title":{"rendered":"Ujedinjeni mo\u017eemo vi\u0161e"},"content":{"rendered":"<p>&nbsp;<\/p>\n<table>\n<tbody>\n<tr>\n<td>Podgorica, 20. septembar 2018 &#8211; U EU info centru \u00a0zvani\u010dno otvoren projekat \u201eUjedinjeni mo\u017eemo vi\u0161e &#8211; Glas studentima, podr\u0161ka radnicima!\u201c, \u010diji je cilj ja\u010danje sindikalnog anga\u017emana zaposlenih Roma i pripadnika ve\u0107inske populacije u sedam crnogorskih op\u0161tina, kao i pobolj\u0161anje njihovih znanja i vje\u0161tine za u\u010de\u0161\u0107e u procesu dono\u0161enja odluka.<\/p>\n<p><a href=\"http:\/\/www.evropskakuca.me\/wp-content\/uploads\/2018\/09\/180920_ujedinjeni_mozemo_sve-3.jpg\"><img fetchpriority=\"high\" decoding=\"async\" class=\"wp-image-6017  alignleft\" src=\"http:\/\/www.evropskakuca.me\/wp-content\/uploads\/2018\/09\/180920_ujedinjeni_mozemo_sve-3.jpg\" alt=\"\" width=\"509\" height=\"340\" \/><\/a>Projekat provodi nevladina organizacija \u201eMladi Romi\u201c, u partnerstvu s Unijom slobodnih sindikata Crne Gore, a finansira Evropska unija. Sa konferencije je poru\u010deno je da su Romi i Egip\u0107ani najugro\u017eenija manjina u Crnoj Gori.<\/p>\n<p>Izvr\u0161ni direktor NVO \u201eMladi Romi\u201c Samir Jaha kazao je da \u0107e se projekat, \u010dija je implementacija zapo\u010dela 1. maja ove godine i koji \u0107e trajati do 31. decembra naredne godine, sprovoditi u Podgorici, Nik\u0161i\u0107u, Cetinju, Kotoru, Budvi, Ulcinju i Herceg Novom.<\/p>\n<p>\u201eNovi projekat ima za cilj ja\u010danje dru\u0161tvenog aktivizma Roma i pripadnika ve\u0107inske populacije u Crnoj Gori, kroz pobolj\u0161anje zastupljenosti i pru\u017eanje potrebnih znanja i vje\u0161tina za u\u010de\u0161\u0107e u procesu dono\u0161enja odluka&#8221;, naveo je Jaha, i dodao: \u201eProjektom \u0107e biti obu\u010deno 25 studenata i studentkinja da u\u010destvuju i efikasno uti\u010du na proces dono\u0161enja odluka i javne politike koje se bave pitanjima Roma, pravima studenata i radnika, kao i ostalim ekonomskim, socijalnim i manjinskim pravim\u201c&#8221;, kazao je Jaha.<\/p>\n<p>On je pojasnio da \u0107e studenti imati priliku da poha\u0111aju \u010detiri treninga na teme demokratije i ljudskih prava, parlamentarnog sistema Crne Gore i javnih politika, odnosa s javno\u0161\u0107u, kao i izvo\u0111enja simulacija parlamentarnih debata.\u00a0<a href=\"http:\/\/www.evropskakuca.me\/wp-content\/uploads\/2018\/09\/180920_ujedinjeni_mozemo_sve-6.jpg\"><img decoding=\"async\" class=\"alignright wp-image-6019 \" src=\"http:\/\/www.evropskakuca.me\/wp-content\/uploads\/2018\/09\/180920_ujedinjeni_mozemo_sve-6.jpg\" alt=\"\" width=\"504\" height=\"336\" \/><\/a><\/p>\n<p>&#8220;Tako\u0111e, 30 radnika koji rade na odr\u017eavanju \u010disto\u0107e grada bi\u0107e obu\u010deno o razli\u010ditim oblicima sindikalnog djelovanja, osnovnim pravima iz radnog odnosa i na\u010dinima ostvarivanja za\u0161tite radnih, ekonomskih i socijalnih prava putem ovog mehanizma&#8221;, naveo je Jaha.<\/p>\n<p>Programska menad\u017eerka za ljudska prava i demokratiju u Delegaciji Evropske unije u Crnoj Gori Mladenka Te\u0161i\u0107 ukazala je na principe kojima se Evropska unija rukovodi u svojim politikama vezano za za\u0161titu prava Roma.<\/p>\n<p>&#8220;Najva\u017eniji je Okvir Evropske unije za nacionalne strategije za integraciju Roma do 2020. godine. Njegov osnovni cilj je da pomogne zemljama \u010dlanicama i zemljama kandidatima da unaprijede polo\u017eaj Roma u \u010detiri klju\u010dne oblasti, stanovanju, zdravstvenoj za\u0161titi, obrazovanju i zapo\u0161ljavanju&#8221;, kazala je Te\u0161i\u0107.<\/p>\n<p>Kako je podsjetila, zna\u010daj inkluzije Roma i Egip\u0107ana u Crnoj Gori se spominje i u izvje\u0161taju Evropske komisije za 2018. godinu, gdje se nagla\u0161ava da su Romi i Egip\u0107ani najranjivija i najvi\u0161e diskriminisana manjina.<\/p>\n<p>&#8220;Zapa\u017ea se napredak u obrazovanju, uz pove\u0107an broj upisane djece u osnovno i pred\u0161kolsko obrazovanje. Me\u0111utim, napori da se ve\u0107i broj Roma i Egip\u0107ana uklju\u010di na tr\u017ei\u0161te rada, ne daju zadovoljavaju\u0107e rezultate. Pozitivan pomak je i da ve\u0107ina Roma i Egip\u0107ana ima pristup zdravstvenoj za\u0161titi. Ipak, veliki broj pripadnika ove populacije \u017eivi u lo\u0161im uslovima za stanovanje i vrlo \u010desto u nelegalnim objektima&#8221;, navela je Te\u0161i\u0107.<\/p>\n<p>Generalni sekretar USSCG Sr\u0111a Kekovi\u0107 kazao je da \u0107e ta asocijacija nastaviti s misijom ja\u010danja sindikalnog organizovanja i djelovanja radnika u komunalnim preduze\u0107ima u Crnoj Gori kao i, kako je naveo, njihove edukacije kada su u pitanju radna prava i modeli borbe za o\u010duvanje i unapre\u0111enje ste\u010denih prava iz rada i po osnovu rada.<\/td>\n<\/tr>\n<\/tbody>\n<\/table>\n<p>&nbsp;<\/p>\n","protected":false},"excerpt":{"rendered":"<p>Po\u010deo projekat sindikalnog anga\u017emana zaposlenih pripadnika romske populacije<\/p>\n","protected":false},"author":1,"featured_media":34115,"comment_status":"open","ping_status":"open","sticky":false,"template":"","format":"standard","meta":{"_acf_changed":false,"footnotes":""},"categories":[283],"tags":[],"class_list":["post-6013","post","type-post","status-publish","format-standard","has-post-thumbnail","hentry","category-novosti-me"],"acf":[],"yoast_head":"<!-- This site is optimized with the Yoast SEO plugin v27.3 - https:\/\/yoast.com\/product\/yoast-seo-wordpress\/ -->\n<title>Ujedinjeni mo\u017eemo vi\u0161e - Europe House<\/title>\n<meta name=\"robots\" content=\"index, follow, max-snippet:-1, max-image-preview:large, max-video-preview:-1\" \/>\n<link rel=\"canonical\" href=\"https:\/\/www.evropskakuca.me\/me\/ujedinjeni-mozemo-vise\/\" \/>\n<meta property=\"og:locale\" content=\"en_US\" \/>\n<meta property=\"og:type\" content=\"article\" \/>\n<meta property=\"og:title\" content=\"Ujedinjeni mo\u017eemo vi\u0161e - Europe House\" \/>\n<meta property=\"og:description\" content=\"Po\u010deo projekat sindikalnog anga\u017emana zaposlenih pripadnika romske populacije\" \/>\n<meta property=\"og:url\" content=\"https:\/\/www.evropskakuca.me\/me\/ujedinjeni-mozemo-vise\/\" \/>\n<meta property=\"og:site_name\" content=\"Europe House\" \/>\n<meta property=\"article:publisher\" content=\"https:\/\/www.facebook.com\/evropska.kuca\" \/>\n<meta property=\"article:published_time\" content=\"2018-09-20T11:49:03+00:00\" \/>\n<meta property=\"og:image\" content=\"https:\/\/www.evropskakuca.me\/wp-content\/uploads\/2018\/09\/180920_ujedinjeni_mozemo_sve-2-1024x683.jpg\" \/>\n\t<meta property=\"og:image:width\" content=\"1024\" \/>\n\t<meta property=\"og:image:height\" content=\"683\" \/>\n\t<meta property=\"og:image:type\" content=\"image\/jpeg\" \/>\n<meta name=\"author\" content=\"mkajic\" \/>\n<meta name=\"twitter:card\" content=\"summary_large_image\" \/>\n<meta name=\"twitter:creator\" content=\"@evropska_kuca\" \/>\n<meta name=\"twitter:site\" content=\"@evropska_kuca\" \/>\n<meta name=\"twitter:label1\" content=\"Written by\" \/>\n\t<meta name=\"twitter:data1\" content=\"mkajic\" \/>\n\t<meta name=\"twitter:label2\" content=\"Est. reading time\" \/>\n\t<meta name=\"twitter:data2\" content=\"3 minutes\" \/>\n<script type=\"application\/ld+json\" class=\"yoast-schema-graph\">{\"@context\":\"https:\\\/\\\/schema.org\",\"@graph\":[{\"@type\":\"Article\",\"@id\":\"https:\\\/\\\/www.evropskakuca.me\\\/me\\\/ujedinjeni-mozemo-vise\\\/#article\",\"isPartOf\":{\"@id\":\"https:\\\/\\\/www.evropskakuca.me\\\/me\\\/ujedinjeni-mozemo-vise\\\/\"},\"author\":{\"name\":\"mkajic\",\"@id\":\"https:\\\/\\\/www.evropskakuca.me\\\/me\\\/#\\\/schema\\\/person\\\/a1d0dcdaefe4a1cd1d60d200ea137ba4\"},\"headline\":\"Ujedinjeni mo\u017eemo vi\u0161e\",\"datePublished\":\"2018-09-20T11:49:03+00:00\",\"mainEntityOfPage\":{\"@id\":\"https:\\\/\\\/www.evropskakuca.me\\\/me\\\/ujedinjeni-mozemo-vise\\\/\"},\"wordCount\":577,\"commentCount\":0,\"publisher\":{\"@id\":\"https:\\\/\\\/www.evropskakuca.me\\\/me\\\/#organization\"},\"image\":{\"@id\":\"https:\\\/\\\/www.evropskakuca.me\\\/me\\\/ujedinjeni-mozemo-vise\\\/#primaryimage\"},\"thumbnailUrl\":\"https:\\\/\\\/www.evropskakuca.me\\\/wp-content\\\/uploads\\\/2018\\\/09\\\/180920_ujedinjeni_mozemo_sve-2.jpg\",\"articleSection\":[\"Novosti\"],\"inLanguage\":\"me-ME\",\"potentialAction\":[{\"@type\":\"CommentAction\",\"name\":\"Comment\",\"target\":[\"https:\\\/\\\/www.evropskakuca.me\\\/me\\\/ujedinjeni-mozemo-vise\\\/#respond\"]}]},{\"@type\":\"WebPage\",\"@id\":\"https:\\\/\\\/www.evropskakuca.me\\\/me\\\/ujedinjeni-mozemo-vise\\\/\",\"url\":\"https:\\\/\\\/www.evropskakuca.me\\\/me\\\/ujedinjeni-mozemo-vise\\\/\",\"name\":\"Ujedinjeni mo\u017eemo vi\u0161e - Europe House\",\"isPartOf\":{\"@id\":\"https:\\\/\\\/www.evropskakuca.me\\\/me\\\/#website\"},\"primaryImageOfPage\":{\"@id\":\"https:\\\/\\\/www.evropskakuca.me\\\/me\\\/ujedinjeni-mozemo-vise\\\/#primaryimage\"},\"image\":{\"@id\":\"https:\\\/\\\/www.evropskakuca.me\\\/me\\\/ujedinjeni-mozemo-vise\\\/#primaryimage\"},\"thumbnailUrl\":\"https:\\\/\\\/www.evropskakuca.me\\\/wp-content\\\/uploads\\\/2018\\\/09\\\/180920_ujedinjeni_mozemo_sve-2.jpg\",\"datePublished\":\"2018-09-20T11:49:03+00:00\",\"breadcrumb\":{\"@id\":\"https:\\\/\\\/www.evropskakuca.me\\\/me\\\/ujedinjeni-mozemo-vise\\\/#breadcrumb\"},\"inLanguage\":\"me-ME\",\"potentialAction\":[{\"@type\":\"ReadAction\",\"target\":[\"https:\\\/\\\/www.evropskakuca.me\\\/me\\\/ujedinjeni-mozemo-vise\\\/\"]}]},{\"@type\":\"ImageObject\",\"inLanguage\":\"me-ME\",\"@id\":\"https:\\\/\\\/www.evropskakuca.me\\\/me\\\/ujedinjeni-mozemo-vise\\\/#primaryimage\",\"url\":\"https:\\\/\\\/www.evropskakuca.me\\\/wp-content\\\/uploads\\\/2018\\\/09\\\/180920_ujedinjeni_mozemo_sve-2.jpg\",\"contentUrl\":\"https:\\\/\\\/www.evropskakuca.me\\\/wp-content\\\/uploads\\\/2018\\\/09\\\/180920_ujedinjeni_mozemo_sve-2.jpg\",\"width\":2028,\"height\":1352},{\"@type\":\"BreadcrumbList\",\"@id\":\"https:\\\/\\\/www.evropskakuca.me\\\/me\\\/ujedinjeni-mozemo-vise\\\/#breadcrumb\",\"itemListElement\":[{\"@type\":\"ListItem\",\"position\":1,\"name\":\"Home\",\"item\":\"https:\\\/\\\/www.evropskakuca.me\\\/me\\\/\"},{\"@type\":\"ListItem\",\"position\":2,\"name\":\"Ujedinjeni mo\u017eemo vi\u0161e\"}]},{\"@type\":\"WebSite\",\"@id\":\"https:\\\/\\\/www.evropskakuca.me\\\/me\\\/#website\",\"url\":\"https:\\\/\\\/www.evropskakuca.me\\\/me\\\/\",\"name\":\"Evropean house\",\"description\":\"\",\"publisher\":{\"@id\":\"https:\\\/\\\/www.evropskakuca.me\\\/me\\\/#organization\"},\"potentialAction\":[{\"@type\":\"SearchAction\",\"target\":{\"@type\":\"EntryPoint\",\"urlTemplate\":\"https:\\\/\\\/www.evropskakuca.me\\\/me\\\/?s={search_term_string}\"},\"query-input\":{\"@type\":\"PropertyValueSpecification\",\"valueRequired\":true,\"valueName\":\"search_term_string\"}}],\"inLanguage\":\"me-ME\"},{\"@type\":\"Organization\",\"@id\":\"https:\\\/\\\/www.evropskakuca.me\\\/me\\\/#organization\",\"name\":\"Evropean house\",\"url\":\"https:\\\/\\\/www.evropskakuca.me\\\/me\\\/\",\"logo\":{\"@type\":\"ImageObject\",\"inLanguage\":\"me-ME\",\"@id\":\"https:\\\/\\\/www.evropskakuca.me\\\/me\\\/#\\\/schema\\\/logo\\\/image\\\/\",\"url\":\"https:\\\/\\\/www.evropskakuca.me\\\/wp-content\\\/uploads\\\/2025\\\/01\\\/evropska-kuca-logo-1.png\",\"contentUrl\":\"https:\\\/\\\/www.evropskakuca.me\\\/wp-content\\\/uploads\\\/2025\\\/01\\\/evropska-kuca-logo-1.png\",\"width\":425,\"height\":312,\"caption\":\"Evropean house\"},\"image\":{\"@id\":\"https:\\\/\\\/www.evropskakuca.me\\\/me\\\/#\\\/schema\\\/logo\\\/image\\\/\"},\"sameAs\":[\"https:\\\/\\\/www.facebook.com\\\/evropska.kuca\",\"https:\\\/\\\/x.com\\\/evropska_kuca\",\"https:\\\/\\\/www.instagram.com\\\/evropska_kuca\"]},{\"@type\":\"Person\",\"@id\":\"https:\\\/\\\/www.evropskakuca.me\\\/me\\\/#\\\/schema\\\/person\\\/a1d0dcdaefe4a1cd1d60d200ea137ba4\",\"name\":\"mkajic\",\"image\":{\"@type\":\"ImageObject\",\"inLanguage\":\"me-ME\",\"@id\":\"https:\\\/\\\/secure.gravatar.com\\\/avatar\\\/731fa035cefab7316e6bafd1f25a93fb731a07de14e2d9923f8db4422628eabc?s=96&d=mm&r=g\",\"url\":\"https:\\\/\\\/secure.gravatar.com\\\/avatar\\\/731fa035cefab7316e6bafd1f25a93fb731a07de14e2d9923f8db4422628eabc?s=96&d=mm&r=g\",\"contentUrl\":\"https:\\\/\\\/secure.gravatar.com\\\/avatar\\\/731fa035cefab7316e6bafd1f25a93fb731a07de14e2d9923f8db4422628eabc?s=96&d=mm&r=g\",\"caption\":\"mkajic\"},\"sameAs\":[\"https:\\\/\\\/evropskakuca.me\"],\"url\":\"https:\\\/\\\/www.evropskakuca.me\\\/me\\\/author\\\/mkajic\\\/\"}]}<\/script>\n<!-- \/ Yoast SEO plugin. -->","yoast_head_json":{"title":"Ujedinjeni mo\u017eemo vi\u0161e - Europe House","robots":{"index":"index","follow":"follow","max-snippet":"max-snippet:-1","max-image-preview":"max-image-preview:large","max-video-preview":"max-video-preview:-1"},"canonical":"https:\/\/www.evropskakuca.me\/me\/ujedinjeni-mozemo-vise\/","og_locale":"en_US","og_type":"article","og_title":"Ujedinjeni mo\u017eemo vi\u0161e - Europe House","og_description":"Po\u010deo projekat sindikalnog anga\u017emana zaposlenih pripadnika romske populacije","og_url":"https:\/\/www.evropskakuca.me\/me\/ujedinjeni-mozemo-vise\/","og_site_name":"Europe House","article_publisher":"https:\/\/www.facebook.com\/evropska.kuca","article_published_time":"2018-09-20T11:49:03+00:00","og_image":[{"width":1024,"height":683,"url":"https:\/\/www.evropskakuca.me\/wp-content\/uploads\/2018\/09\/180920_ujedinjeni_mozemo_sve-2-1024x683.jpg","type":"image\/jpeg"}],"author":"mkajic","twitter_card":"summary_large_image","twitter_creator":"@evropska_kuca","twitter_site":"@evropska_kuca","twitter_misc":{"Written by":"mkajic","Est. reading time":"3 minutes"},"schema":{"@context":"https:\/\/schema.org","@graph":[{"@type":"Article","@id":"https:\/\/www.evropskakuca.me\/me\/ujedinjeni-mozemo-vise\/#article","isPartOf":{"@id":"https:\/\/www.evropskakuca.me\/me\/ujedinjeni-mozemo-vise\/"},"author":{"name":"mkajic","@id":"https:\/\/www.evropskakuca.me\/me\/#\/schema\/person\/a1d0dcdaefe4a1cd1d60d200ea137ba4"},"headline":"Ujedinjeni mo\u017eemo vi\u0161e","datePublished":"2018-09-20T11:49:03+00:00","mainEntityOfPage":{"@id":"https:\/\/www.evropskakuca.me\/me\/ujedinjeni-mozemo-vise\/"},"wordCount":577,"commentCount":0,"publisher":{"@id":"https:\/\/www.evropskakuca.me\/me\/#organization"},"image":{"@id":"https:\/\/www.evropskakuca.me\/me\/ujedinjeni-mozemo-vise\/#primaryimage"},"thumbnailUrl":"https:\/\/www.evropskakuca.me\/wp-content\/uploads\/2018\/09\/180920_ujedinjeni_mozemo_sve-2.jpg","articleSection":["Novosti"],"inLanguage":"me-ME","potentialAction":[{"@type":"CommentAction","name":"Comment","target":["https:\/\/www.evropskakuca.me\/me\/ujedinjeni-mozemo-vise\/#respond"]}]},{"@type":"WebPage","@id":"https:\/\/www.evropskakuca.me\/me\/ujedinjeni-mozemo-vise\/","url":"https:\/\/www.evropskakuca.me\/me\/ujedinjeni-mozemo-vise\/","name":"Ujedinjeni mo\u017eemo vi\u0161e - Europe House","isPartOf":{"@id":"https:\/\/www.evropskakuca.me\/me\/#website"},"primaryImageOfPage":{"@id":"https:\/\/www.evropskakuca.me\/me\/ujedinjeni-mozemo-vise\/#primaryimage"},"image":{"@id":"https:\/\/www.evropskakuca.me\/me\/ujedinjeni-mozemo-vise\/#primaryimage"},"thumbnailUrl":"https:\/\/www.evropskakuca.me\/wp-content\/uploads\/2018\/09\/180920_ujedinjeni_mozemo_sve-2.jpg","datePublished":"2018-09-20T11:49:03+00:00","breadcrumb":{"@id":"https:\/\/www.evropskakuca.me\/me\/ujedinjeni-mozemo-vise\/#breadcrumb"},"inLanguage":"me-ME","potentialAction":[{"@type":"ReadAction","target":["https:\/\/www.evropskakuca.me\/me\/ujedinjeni-mozemo-vise\/"]}]},{"@type":"ImageObject","inLanguage":"me-ME","@id":"https:\/\/www.evropskakuca.me\/me\/ujedinjeni-mozemo-vise\/#primaryimage","url":"https:\/\/www.evropskakuca.me\/wp-content\/uploads\/2018\/09\/180920_ujedinjeni_mozemo_sve-2.jpg","contentUrl":"https:\/\/www.evropskakuca.me\/wp-content\/uploads\/2018\/09\/180920_ujedinjeni_mozemo_sve-2.jpg","width":2028,"height":1352},{"@type":"BreadcrumbList","@id":"https:\/\/www.evropskakuca.me\/me\/ujedinjeni-mozemo-vise\/#breadcrumb","itemListElement":[{"@type":"ListItem","position":1,"name":"Home","item":"https:\/\/www.evropskakuca.me\/me\/"},{"@type":"ListItem","position":2,"name":"Ujedinjeni mo\u017eemo vi\u0161e"}]},{"@type":"WebSite","@id":"https:\/\/www.evropskakuca.me\/me\/#website","url":"https:\/\/www.evropskakuca.me\/me\/","name":"Evropean house","description":"","publisher":{"@id":"https:\/\/www.evropskakuca.me\/me\/#organization"},"potentialAction":[{"@type":"SearchAction","target":{"@type":"EntryPoint","urlTemplate":"https:\/\/www.evropskakuca.me\/me\/?s={search_term_string}"},"query-input":{"@type":"PropertyValueSpecification","valueRequired":true,"valueName":"search_term_string"}}],"inLanguage":"me-ME"},{"@type":"Organization","@id":"https:\/\/www.evropskakuca.me\/me\/#organization","name":"Evropean house","url":"https:\/\/www.evropskakuca.me\/me\/","logo":{"@type":"ImageObject","inLanguage":"me-ME","@id":"https:\/\/www.evropskakuca.me\/me\/#\/schema\/logo\/image\/","url":"https:\/\/www.evropskakuca.me\/wp-content\/uploads\/2025\/01\/evropska-kuca-logo-1.png","contentUrl":"https:\/\/www.evropskakuca.me\/wp-content\/uploads\/2025\/01\/evropska-kuca-logo-1.png","width":425,"height":312,"caption":"Evropean house"},"image":{"@id":"https:\/\/www.evropskakuca.me\/me\/#\/schema\/logo\/image\/"},"sameAs":["https:\/\/www.facebook.com\/evropska.kuca","https:\/\/x.com\/evropska_kuca","https:\/\/www.instagram.com\/evropska_kuca"]},{"@type":"Person","@id":"https:\/\/www.evropskakuca.me\/me\/#\/schema\/person\/a1d0dcdaefe4a1cd1d60d200ea137ba4","name":"mkajic","image":{"@type":"ImageObject","inLanguage":"me-ME","@id":"https:\/\/secure.gravatar.com\/avatar\/731fa035cefab7316e6bafd1f25a93fb731a07de14e2d9923f8db4422628eabc?s=96&d=mm&r=g","url":"https:\/\/secure.gravatar.com\/avatar\/731fa035cefab7316e6bafd1f25a93fb731a07de14e2d9923f8db4422628eabc?s=96&d=mm&r=g","contentUrl":"https:\/\/secure.gravatar.com\/avatar\/731fa035cefab7316e6bafd1f25a93fb731a07de14e2d9923f8db4422628eabc?s=96&d=mm&r=g","caption":"mkajic"},"sameAs":["https:\/\/evropskakuca.me"],"url":"https:\/\/www.evropskakuca.me\/me\/author\/mkajic\/"}]}},"_links":{"self":[{"href":"https:\/\/www.evropskakuca.me\/me\/wp-json\/wp\/v2\/posts\/6013","targetHints":{"allow":["GET"]}}],"collection":[{"href":"https:\/\/www.evropskakuca.me\/me\/wp-json\/wp\/v2\/posts"}],"about":[{"href":"https:\/\/www.evropskakuca.me\/me\/wp-json\/wp\/v2\/types\/post"}],"author":[{"embeddable":true,"href":"https:\/\/www.evropskakuca.me\/me\/wp-json\/wp\/v2\/users\/1"}],"replies":[{"embeddable":true,"href":"https:\/\/www.evropskakuca.me\/me\/wp-json\/wp\/v2\/comments?post=6013"}],"version-history":[{"count":0,"href":"https:\/\/www.evropskakuca.me\/me\/wp-json\/wp\/v2\/posts\/6013\/revisions"}],"wp:featuredmedia":[{"embeddable":true,"href":"https:\/\/www.evropskakuca.me\/me\/wp-json\/wp\/v2\/media\/34115"}],"wp:attachment":[{"href":"https:\/\/www.evropskakuca.me\/me\/wp-json\/wp\/v2\/media?parent=6013"}],"wp:term":[{"taxonomy":"category","embeddable":true,"href":"https:\/\/www.evropskakuca.me\/me\/wp-json\/wp\/v2\/categories?post=6013"},{"taxonomy":"post_tag","embeddable":true,"href":"https:\/\/www.evropskakuca.me\/me\/wp-json\/wp\/v2\/tags?post=6013"}],"curies":[{"name":"wp","href":"https:\/\/api.w.org\/{rel}","templated":true}]}}