{"id":6005,"date":"2018-09-19T12:50:44","date_gmt":"2018-09-19T12:50:44","guid":{"rendered":"http:\/\/www.evropskakuca.me\/me\/?p=6005"},"modified":"2018-09-19T12:50:44","modified_gmt":"2018-09-19T12:50:44","slug":"bezbijednost-na-prvom-mjestu-u-voznji-biciklom","status":"publish","type":"post","link":"https:\/\/www.evropskakuca.me\/me\/bezbijednost-na-prvom-mjestu-u-voznji-biciklom\/","title":{"rendered":"Bezbijednost na prvom mjestu u vo\u017enji biciklom"},"content":{"rendered":"<p>EU info centar je u saradnji sa Biciklo.me i Centrom bezbjednosti Podgorica organizovao <strong>radionicu<\/strong> za osnovce na temu \u201c<strong>Odr\u017eavam moj bicikl i pazim na sigurnost<\/strong>\u201c. Policajac Igor Ivanovi\u0107, iz Sektora za bezbjednost saobra\u0107aja, objasnio je djeci kako da po\u0161tuju pravila saobra\u0107aja kada su na biciklu i tako \u010duvaju svoju sigurnost, dok je Dejan Tof\u010defi\u0107 iz Biciklo.me djeci ispri\u010dao kako se zove i od \u010dega je napravljen svaki detalj na biciklu, a onda i pokazao kako se biciklo odr\u017eava, od mijenjanja izdu\u0161ene gume do \u010duvanja od kradljivaca. Radionica je odr\u017eana u okviru ovogodi\u0161nje Evropske nedjelje mobilnosti.<\/p>\n<p>Ivanovi\u0107 je podsjetio djecu da je biciklo vozilo koje nije za\u0161ti\u0107emo kao automobil i da je poseban problem \u0161to ve\u0107ina biciklista ne koristi za\u0161titnu orpemu.<\/p>\n<p>\u201ePrimijetilo smo da ve\u0107ina biciklista vozi nepravilo po kolovozu, ne koriste\u0107i biciklisti\u010dke staze. Vi, ako se kre\u0107ete biciklom, morate koristiti opremu, posebno po no\u0107i. Morate se kretatati stazama za bicikle. Ukoliko ih nema, morate se kretatati desnom stranom kolovoza uz samu ivicu, i ako je no\u0107 morate imati svijetla na biciklu i fluoroscentni prsluk,\u201c kazao je Ivanovi\u0107.<\/p>\n<p>Svakodnevno imamo dva tri pacijenta u urgentnom bloku koji su zadobili povrede voze\u0107i bicikl. Zato, objasnio je on djeci, bezbijednost najbitnija.<\/p>\n<p><a href=\"http:\/\/www.evropskakuca.me\/wp-content\/uploads\/2018\/09\/180919_biciklome-7.jpg\"><img fetchpriority=\"high\" decoding=\"async\" class=\"alignleft size-large wp-image-6008\" src=\"http:\/\/www.evropskakuca.me\/wp-content\/uploads\/2018\/09\/180919_biciklome-7-1024x683.jpg\" alt=\"\" width=\"1024\" height=\"683\" \/><\/a><\/p>\n<p>I Dejan Tof\u010devi\u0107 je jedan dio razgovora sa djecom posvetio neophodnosti no\u0161enja kacige i prsluka, ali je sa njima pri\u010dao i o ostaloj opremi koju ima jedan biciklista.<\/p>\n<p>\u201eMarama ili bandana se korsiti da se znoj ne bi slivao u o\u010di. Rukavice da ne bi ruke otklizale sa volana. One se ne nose u gradskom biciklizmu, ali u sportskom da i da bi se zastitili dlanovi u slu\u010daju pada. Kada vozimo nosimo nao\u010dare da bi zastitli oci od pra\u0161ine i insekata,\u201c objasnio je Tof\u010devi\u0107 osnovcima.<\/p>\n<p>A onda su na red do\u0161li djelovi bicikla i alati. Tof\u010devi\u0107 je objasnio kako da se poprave manji kvarovi, zamijene ko\u010dnice ili guma, pa \u010dak i popravi pokidani lanac. Objasnio je kako koristiti pumpu i \u010demu kako se stavlja flekica za \u201ekrpljenje\u201c gume, pa i kako dinamo proizvodi struju za farove na biciklu.<\/p>\n<p>Na kraju je pozvao djecu da se pridru\u017ee jo\u0161 jednom \u201ecritical mass-u\u201c, tradicionalnoj zajedni\u010dkoj vo\u017enji biciklista kroz Podgoricu.<\/p>\n<p>Zainteresovani osnovci, pa \u010dak i oni koji nisu biciklisti, postavili su niz pitanja o najboljem na\u010dinu vo\u017enje, kako da izbjegnu pravljenje saobra\u0107ajnih prekr\u0161aja, ali i kako da za\u0161tite bicikl od kradljivaca.<\/p>\n","protected":false},"excerpt":{"rendered":"<p>Radionica o odr\u017eavanju bicikla i sigurnosti u saobra\u0107aju<\/p>\n","protected":false},"author":1,"featured_media":34113,"comment_status":"open","ping_status":"open","sticky":false,"template":"","format":"standard","meta":{"_acf_changed":false,"footnotes":""},"categories":[283],"tags":[],"class_list":["post-6005","post","type-post","status-publish","format-standard","has-post-thumbnail","hentry","category-novosti-me"],"acf":[],"yoast_head":"<!-- This site is optimized with the Yoast SEO plugin v27.3 - https:\/\/yoast.com\/product\/yoast-seo-wordpress\/ -->\n<title>Bezbijednost na prvom mjestu u vo\u017enji biciklom - Europe House<\/title>\n<meta name=\"robots\" content=\"index, follow, max-snippet:-1, max-image-preview:large, max-video-preview:-1\" \/>\n<link rel=\"canonical\" href=\"https:\/\/www.evropskakuca.me\/me\/bezbijednost-na-prvom-mjestu-u-voznji-biciklom\/\" \/>\n<meta property=\"og:locale\" content=\"en_US\" \/>\n<meta property=\"og:type\" content=\"article\" \/>\n<meta property=\"og:title\" content=\"Bezbijednost na prvom mjestu u vo\u017enji biciklom - Europe House\" \/>\n<meta property=\"og:description\" content=\"Radionica o odr\u017eavanju bicikla i sigurnosti u saobra\u0107aju\" \/>\n<meta property=\"og:url\" content=\"https:\/\/www.evropskakuca.me\/me\/bezbijednost-na-prvom-mjestu-u-voznji-biciklom\/\" \/>\n<meta property=\"og:site_name\" content=\"Europe House\" \/>\n<meta property=\"article:publisher\" content=\"https:\/\/www.facebook.com\/evropska.kuca\" \/>\n<meta property=\"article:published_time\" content=\"2018-09-19T12:50:44+00:00\" \/>\n<meta property=\"og:image\" content=\"https:\/\/www.evropskakuca.me\/wp-content\/uploads\/2018\/09\/180919_biciklome-9-1024x683.jpg\" \/>\n\t<meta property=\"og:image:width\" content=\"1024\" \/>\n\t<meta property=\"og:image:height\" content=\"683\" \/>\n\t<meta property=\"og:image:type\" content=\"image\/jpeg\" \/>\n<meta name=\"author\" content=\"mkajic\" \/>\n<meta name=\"twitter:card\" content=\"summary_large_image\" \/>\n<meta name=\"twitter:creator\" content=\"@evropska_kuca\" \/>\n<meta name=\"twitter:site\" content=\"@evropska_kuca\" \/>\n<meta name=\"twitter:label1\" content=\"Written by\" \/>\n\t<meta name=\"twitter:data1\" content=\"mkajic\" \/>\n\t<meta name=\"twitter:label2\" content=\"Est. reading time\" \/>\n\t<meta name=\"twitter:data2\" content=\"2 minutes\" \/>\n<script type=\"application\/ld+json\" class=\"yoast-schema-graph\">{\"@context\":\"https:\\\/\\\/schema.org\",\"@graph\":[{\"@type\":\"Article\",\"@id\":\"https:\\\/\\\/www.evropskakuca.me\\\/me\\\/bezbijednost-na-prvom-mjestu-u-voznji-biciklom\\\/#article\",\"isPartOf\":{\"@id\":\"https:\\\/\\\/www.evropskakuca.me\\\/me\\\/bezbijednost-na-prvom-mjestu-u-voznji-biciklom\\\/\"},\"author\":{\"name\":\"mkajic\",\"@id\":\"https:\\\/\\\/www.evropskakuca.me\\\/me\\\/#\\\/schema\\\/person\\\/a1d0dcdaefe4a1cd1d60d200ea137ba4\"},\"headline\":\"Bezbijednost na prvom mjestu u vo\u017enji biciklom\",\"datePublished\":\"2018-09-19T12:50:44+00:00\",\"mainEntityOfPage\":{\"@id\":\"https:\\\/\\\/www.evropskakuca.me\\\/me\\\/bezbijednost-na-prvom-mjestu-u-voznji-biciklom\\\/\"},\"wordCount\":434,\"commentCount\":0,\"publisher\":{\"@id\":\"https:\\\/\\\/www.evropskakuca.me\\\/me\\\/#organization\"},\"image\":{\"@id\":\"https:\\\/\\\/www.evropskakuca.me\\\/me\\\/bezbijednost-na-prvom-mjestu-u-voznji-biciklom\\\/#primaryimage\"},\"thumbnailUrl\":\"https:\\\/\\\/www.evropskakuca.me\\\/wp-content\\\/uploads\\\/2018\\\/09\\\/180919_biciklome-9.jpg\",\"articleSection\":[\"Novosti\"],\"inLanguage\":\"me-ME\",\"potentialAction\":[{\"@type\":\"CommentAction\",\"name\":\"Comment\",\"target\":[\"https:\\\/\\\/www.evropskakuca.me\\\/me\\\/bezbijednost-na-prvom-mjestu-u-voznji-biciklom\\\/#respond\"]}]},{\"@type\":\"WebPage\",\"@id\":\"https:\\\/\\\/www.evropskakuca.me\\\/me\\\/bezbijednost-na-prvom-mjestu-u-voznji-biciklom\\\/\",\"url\":\"https:\\\/\\\/www.evropskakuca.me\\\/me\\\/bezbijednost-na-prvom-mjestu-u-voznji-biciklom\\\/\",\"name\":\"Bezbijednost na prvom mjestu u vo\u017enji biciklom - Europe House\",\"isPartOf\":{\"@id\":\"https:\\\/\\\/www.evropskakuca.me\\\/me\\\/#website\"},\"primaryImageOfPage\":{\"@id\":\"https:\\\/\\\/www.evropskakuca.me\\\/me\\\/bezbijednost-na-prvom-mjestu-u-voznji-biciklom\\\/#primaryimage\"},\"image\":{\"@id\":\"https:\\\/\\\/www.evropskakuca.me\\\/me\\\/bezbijednost-na-prvom-mjestu-u-voznji-biciklom\\\/#primaryimage\"},\"thumbnailUrl\":\"https:\\\/\\\/www.evropskakuca.me\\\/wp-content\\\/uploads\\\/2018\\\/09\\\/180919_biciklome-9.jpg\",\"datePublished\":\"2018-09-19T12:50:44+00:00\",\"breadcrumb\":{\"@id\":\"https:\\\/\\\/www.evropskakuca.me\\\/me\\\/bezbijednost-na-prvom-mjestu-u-voznji-biciklom\\\/#breadcrumb\"},\"inLanguage\":\"me-ME\",\"potentialAction\":[{\"@type\":\"ReadAction\",\"target\":[\"https:\\\/\\\/www.evropskakuca.me\\\/me\\\/bezbijednost-na-prvom-mjestu-u-voznji-biciklom\\\/\"]}]},{\"@type\":\"ImageObject\",\"inLanguage\":\"me-ME\",\"@id\":\"https:\\\/\\\/www.evropskakuca.me\\\/me\\\/bezbijednost-na-prvom-mjestu-u-voznji-biciklom\\\/#primaryimage\",\"url\":\"https:\\\/\\\/www.evropskakuca.me\\\/wp-content\\\/uploads\\\/2018\\\/09\\\/180919_biciklome-9.jpg\",\"contentUrl\":\"https:\\\/\\\/www.evropskakuca.me\\\/wp-content\\\/uploads\\\/2018\\\/09\\\/180919_biciklome-9.jpg\",\"width\":2028,\"height\":1352},{\"@type\":\"BreadcrumbList\",\"@id\":\"https:\\\/\\\/www.evropskakuca.me\\\/me\\\/bezbijednost-na-prvom-mjestu-u-voznji-biciklom\\\/#breadcrumb\",\"itemListElement\":[{\"@type\":\"ListItem\",\"position\":1,\"name\":\"Home\",\"item\":\"https:\\\/\\\/www.evropskakuca.me\\\/me\\\/\"},{\"@type\":\"ListItem\",\"position\":2,\"name\":\"Bezbijednost na prvom mjestu u vo\u017enji biciklom\"}]},{\"@type\":\"WebSite\",\"@id\":\"https:\\\/\\\/www.evropskakuca.me\\\/me\\\/#website\",\"url\":\"https:\\\/\\\/www.evropskakuca.me\\\/me\\\/\",\"name\":\"Evropean house\",\"description\":\"\",\"publisher\":{\"@id\":\"https:\\\/\\\/www.evropskakuca.me\\\/me\\\/#organization\"},\"potentialAction\":[{\"@type\":\"SearchAction\",\"target\":{\"@type\":\"EntryPoint\",\"urlTemplate\":\"https:\\\/\\\/www.evropskakuca.me\\\/me\\\/?s={search_term_string}\"},\"query-input\":{\"@type\":\"PropertyValueSpecification\",\"valueRequired\":true,\"valueName\":\"search_term_string\"}}],\"inLanguage\":\"me-ME\"},{\"@type\":\"Organization\",\"@id\":\"https:\\\/\\\/www.evropskakuca.me\\\/me\\\/#organization\",\"name\":\"Evropean house\",\"url\":\"https:\\\/\\\/www.evropskakuca.me\\\/me\\\/\",\"logo\":{\"@type\":\"ImageObject\",\"inLanguage\":\"me-ME\",\"@id\":\"https:\\\/\\\/www.evropskakuca.me\\\/me\\\/#\\\/schema\\\/logo\\\/image\\\/\",\"url\":\"https:\\\/\\\/www.evropskakuca.me\\\/wp-content\\\/uploads\\\/2025\\\/01\\\/evropska-kuca-logo-1.png\",\"contentUrl\":\"https:\\\/\\\/www.evropskakuca.me\\\/wp-content\\\/uploads\\\/2025\\\/01\\\/evropska-kuca-logo-1.png\",\"width\":425,\"height\":312,\"caption\":\"Evropean house\"},\"image\":{\"@id\":\"https:\\\/\\\/www.evropskakuca.me\\\/me\\\/#\\\/schema\\\/logo\\\/image\\\/\"},\"sameAs\":[\"https:\\\/\\\/www.facebook.com\\\/evropska.kuca\",\"https:\\\/\\\/x.com\\\/evropska_kuca\",\"https:\\\/\\\/www.instagram.com\\\/evropska_kuca\"]},{\"@type\":\"Person\",\"@id\":\"https:\\\/\\\/www.evropskakuca.me\\\/me\\\/#\\\/schema\\\/person\\\/a1d0dcdaefe4a1cd1d60d200ea137ba4\",\"name\":\"mkajic\",\"image\":{\"@type\":\"ImageObject\",\"inLanguage\":\"me-ME\",\"@id\":\"https:\\\/\\\/secure.gravatar.com\\\/avatar\\\/731fa035cefab7316e6bafd1f25a93fb731a07de14e2d9923f8db4422628eabc?s=96&d=mm&r=g\",\"url\":\"https:\\\/\\\/secure.gravatar.com\\\/avatar\\\/731fa035cefab7316e6bafd1f25a93fb731a07de14e2d9923f8db4422628eabc?s=96&d=mm&r=g\",\"contentUrl\":\"https:\\\/\\\/secure.gravatar.com\\\/avatar\\\/731fa035cefab7316e6bafd1f25a93fb731a07de14e2d9923f8db4422628eabc?s=96&d=mm&r=g\",\"caption\":\"mkajic\"},\"sameAs\":[\"https:\\\/\\\/evropskakuca.me\"],\"url\":\"https:\\\/\\\/www.evropskakuca.me\\\/me\\\/author\\\/mkajic\\\/\"}]}<\/script>\n<!-- \/ Yoast SEO plugin. -->","yoast_head_json":{"title":"Bezbijednost na prvom mjestu u vo\u017enji biciklom - Europe House","robots":{"index":"index","follow":"follow","max-snippet":"max-snippet:-1","max-image-preview":"max-image-preview:large","max-video-preview":"max-video-preview:-1"},"canonical":"https:\/\/www.evropskakuca.me\/me\/bezbijednost-na-prvom-mjestu-u-voznji-biciklom\/","og_locale":"en_US","og_type":"article","og_title":"Bezbijednost na prvom mjestu u vo\u017enji biciklom - Europe House","og_description":"Radionica o odr\u017eavanju bicikla i sigurnosti u saobra\u0107aju","og_url":"https:\/\/www.evropskakuca.me\/me\/bezbijednost-na-prvom-mjestu-u-voznji-biciklom\/","og_site_name":"Europe House","article_publisher":"https:\/\/www.facebook.com\/evropska.kuca","article_published_time":"2018-09-19T12:50:44+00:00","og_image":[{"width":1024,"height":683,"url":"https:\/\/www.evropskakuca.me\/wp-content\/uploads\/2018\/09\/180919_biciklome-9-1024x683.jpg","type":"image\/jpeg"}],"author":"mkajic","twitter_card":"summary_large_image","twitter_creator":"@evropska_kuca","twitter_site":"@evropska_kuca","twitter_misc":{"Written by":"mkajic","Est. reading time":"2 minutes"},"schema":{"@context":"https:\/\/schema.org","@graph":[{"@type":"Article","@id":"https:\/\/www.evropskakuca.me\/me\/bezbijednost-na-prvom-mjestu-u-voznji-biciklom\/#article","isPartOf":{"@id":"https:\/\/www.evropskakuca.me\/me\/bezbijednost-na-prvom-mjestu-u-voznji-biciklom\/"},"author":{"name":"mkajic","@id":"https:\/\/www.evropskakuca.me\/me\/#\/schema\/person\/a1d0dcdaefe4a1cd1d60d200ea137ba4"},"headline":"Bezbijednost na prvom mjestu u vo\u017enji biciklom","datePublished":"2018-09-19T12:50:44+00:00","mainEntityOfPage":{"@id":"https:\/\/www.evropskakuca.me\/me\/bezbijednost-na-prvom-mjestu-u-voznji-biciklom\/"},"wordCount":434,"commentCount":0,"publisher":{"@id":"https:\/\/www.evropskakuca.me\/me\/#organization"},"image":{"@id":"https:\/\/www.evropskakuca.me\/me\/bezbijednost-na-prvom-mjestu-u-voznji-biciklom\/#primaryimage"},"thumbnailUrl":"https:\/\/www.evropskakuca.me\/wp-content\/uploads\/2018\/09\/180919_biciklome-9.jpg","articleSection":["Novosti"],"inLanguage":"me-ME","potentialAction":[{"@type":"CommentAction","name":"Comment","target":["https:\/\/www.evropskakuca.me\/me\/bezbijednost-na-prvom-mjestu-u-voznji-biciklom\/#respond"]}]},{"@type":"WebPage","@id":"https:\/\/www.evropskakuca.me\/me\/bezbijednost-na-prvom-mjestu-u-voznji-biciklom\/","url":"https:\/\/www.evropskakuca.me\/me\/bezbijednost-na-prvom-mjestu-u-voznji-biciklom\/","name":"Bezbijednost na prvom mjestu u vo\u017enji biciklom - Europe House","isPartOf":{"@id":"https:\/\/www.evropskakuca.me\/me\/#website"},"primaryImageOfPage":{"@id":"https:\/\/www.evropskakuca.me\/me\/bezbijednost-na-prvom-mjestu-u-voznji-biciklom\/#primaryimage"},"image":{"@id":"https:\/\/www.evropskakuca.me\/me\/bezbijednost-na-prvom-mjestu-u-voznji-biciklom\/#primaryimage"},"thumbnailUrl":"https:\/\/www.evropskakuca.me\/wp-content\/uploads\/2018\/09\/180919_biciklome-9.jpg","datePublished":"2018-09-19T12:50:44+00:00","breadcrumb":{"@id":"https:\/\/www.evropskakuca.me\/me\/bezbijednost-na-prvom-mjestu-u-voznji-biciklom\/#breadcrumb"},"inLanguage":"me-ME","potentialAction":[{"@type":"ReadAction","target":["https:\/\/www.evropskakuca.me\/me\/bezbijednost-na-prvom-mjestu-u-voznji-biciklom\/"]}]},{"@type":"ImageObject","inLanguage":"me-ME","@id":"https:\/\/www.evropskakuca.me\/me\/bezbijednost-na-prvom-mjestu-u-voznji-biciklom\/#primaryimage","url":"https:\/\/www.evropskakuca.me\/wp-content\/uploads\/2018\/09\/180919_biciklome-9.jpg","contentUrl":"https:\/\/www.evropskakuca.me\/wp-content\/uploads\/2018\/09\/180919_biciklome-9.jpg","width":2028,"height":1352},{"@type":"BreadcrumbList","@id":"https:\/\/www.evropskakuca.me\/me\/bezbijednost-na-prvom-mjestu-u-voznji-biciklom\/#breadcrumb","itemListElement":[{"@type":"ListItem","position":1,"name":"Home","item":"https:\/\/www.evropskakuca.me\/me\/"},{"@type":"ListItem","position":2,"name":"Bezbijednost na prvom mjestu u vo\u017enji biciklom"}]},{"@type":"WebSite","@id":"https:\/\/www.evropskakuca.me\/me\/#website","url":"https:\/\/www.evropskakuca.me\/me\/","name":"Evropean house","description":"","publisher":{"@id":"https:\/\/www.evropskakuca.me\/me\/#organization"},"potentialAction":[{"@type":"SearchAction","target":{"@type":"EntryPoint","urlTemplate":"https:\/\/www.evropskakuca.me\/me\/?s={search_term_string}"},"query-input":{"@type":"PropertyValueSpecification","valueRequired":true,"valueName":"search_term_string"}}],"inLanguage":"me-ME"},{"@type":"Organization","@id":"https:\/\/www.evropskakuca.me\/me\/#organization","name":"Evropean house","url":"https:\/\/www.evropskakuca.me\/me\/","logo":{"@type":"ImageObject","inLanguage":"me-ME","@id":"https:\/\/www.evropskakuca.me\/me\/#\/schema\/logo\/image\/","url":"https:\/\/www.evropskakuca.me\/wp-content\/uploads\/2025\/01\/evropska-kuca-logo-1.png","contentUrl":"https:\/\/www.evropskakuca.me\/wp-content\/uploads\/2025\/01\/evropska-kuca-logo-1.png","width":425,"height":312,"caption":"Evropean house"},"image":{"@id":"https:\/\/www.evropskakuca.me\/me\/#\/schema\/logo\/image\/"},"sameAs":["https:\/\/www.facebook.com\/evropska.kuca","https:\/\/x.com\/evropska_kuca","https:\/\/www.instagram.com\/evropska_kuca"]},{"@type":"Person","@id":"https:\/\/www.evropskakuca.me\/me\/#\/schema\/person\/a1d0dcdaefe4a1cd1d60d200ea137ba4","name":"mkajic","image":{"@type":"ImageObject","inLanguage":"me-ME","@id":"https:\/\/secure.gravatar.com\/avatar\/731fa035cefab7316e6bafd1f25a93fb731a07de14e2d9923f8db4422628eabc?s=96&d=mm&r=g","url":"https:\/\/secure.gravatar.com\/avatar\/731fa035cefab7316e6bafd1f25a93fb731a07de14e2d9923f8db4422628eabc?s=96&d=mm&r=g","contentUrl":"https:\/\/secure.gravatar.com\/avatar\/731fa035cefab7316e6bafd1f25a93fb731a07de14e2d9923f8db4422628eabc?s=96&d=mm&r=g","caption":"mkajic"},"sameAs":["https:\/\/evropskakuca.me"],"url":"https:\/\/www.evropskakuca.me\/me\/author\/mkajic\/"}]}},"_links":{"self":[{"href":"https:\/\/www.evropskakuca.me\/me\/wp-json\/wp\/v2\/posts\/6005","targetHints":{"allow":["GET"]}}],"collection":[{"href":"https:\/\/www.evropskakuca.me\/me\/wp-json\/wp\/v2\/posts"}],"about":[{"href":"https:\/\/www.evropskakuca.me\/me\/wp-json\/wp\/v2\/types\/post"}],"author":[{"embeddable":true,"href":"https:\/\/www.evropskakuca.me\/me\/wp-json\/wp\/v2\/users\/1"}],"replies":[{"embeddable":true,"href":"https:\/\/www.evropskakuca.me\/me\/wp-json\/wp\/v2\/comments?post=6005"}],"version-history":[{"count":0,"href":"https:\/\/www.evropskakuca.me\/me\/wp-json\/wp\/v2\/posts\/6005\/revisions"}],"wp:featuredmedia":[{"embeddable":true,"href":"https:\/\/www.evropskakuca.me\/me\/wp-json\/wp\/v2\/media\/34113"}],"wp:attachment":[{"href":"https:\/\/www.evropskakuca.me\/me\/wp-json\/wp\/v2\/media?parent=6005"}],"wp:term":[{"taxonomy":"category","embeddable":true,"href":"https:\/\/www.evropskakuca.me\/me\/wp-json\/wp\/v2\/categories?post=6005"},{"taxonomy":"post_tag","embeddable":true,"href":"https:\/\/www.evropskakuca.me\/me\/wp-json\/wp\/v2\/tags?post=6005"}],"curies":[{"name":"wp","href":"https:\/\/api.w.org\/{rel}","templated":true}]}}