{"id":5982,"date":"2018-09-15T11:14:05","date_gmt":"2018-09-15T11:14:05","guid":{"rendered":"http:\/\/www.evropskakuca.me\/me\/?p=5982"},"modified":"2018-09-15T11:14:05","modified_gmt":"2018-09-15T11:14:05","slug":"organizovane-akcije-ciscenja-sirom-crne-gore","status":"publish","type":"post","link":"https:\/\/www.evropskakuca.me\/me\/organizovane-akcije-ciscenja-sirom-crne-gore\/","title":{"rendered":"Organizovane akcije \u010di\u0161\u0107enja \u0161irom Crne Gore"},"content":{"rendered":"<p>Delegacija EU u Crnoj Gori pridru\u017eila se dvijema globalnim akcijama \u010di\u0161c\u0301enja: \u201e<strong>Let\u2019s do it Montenegro \u2013 Nastavljamo druga\u010dije\u201c<\/strong> i \u201eInternacionalnom danu \u010di\u0161\u0107enja obale\u201c, kao dio napora u borbi protiv plasti\u010dnog zaga\u0111enja i smanjenja upotrebe plastike za jednokratnu upotrebu.<\/p>\n<p><a href=\"http:\/\/www.evropskakuca.me\/wp-content\/uploads\/2018\/09\/180914_l21.jpg\"><img fetchpriority=\"high\" decoding=\"async\" class=\"wp-image-5967 aligncenter\" src=\"http:\/\/www.evropskakuca.me\/wp-content\/uploads\/2018\/09\/180914_l21.jpg\" alt=\"\" width=\"879\" height=\"586\" \/><\/a><\/p>\n<p>Zajedno sa ambasadorima dr\u017eava \u010dlanica i volonterima, predstavnici Delegacije Evropske unije o\u010distili su Virpazar, malo, istorijsko naselje, koje se nalazi na obali Skadarskog jezera.<\/p>\n<p><a href=\"http:\/\/www.evropskakuca.me\/wp-content\/uploads\/2018\/09\/180914_l1.jpg\"><img decoding=\"async\" class=\"wp-image-5969 alignright\" src=\"http:\/\/www.evropskakuca.me\/wp-content\/uploads\/2018\/09\/180914_l1.jpg\" alt=\"\" width=\"416\" height=\"277\" \/><\/a>Volonteri i ambasadori su o\u010distili dio obale jezera, \u0161umske puteve, uklju\u010dujuc\u0301i brdski put do tvr\u0111ave Besac iz 16. veka, koji je obnovljen iz EU fondova. \u201c<strong>Let\u2019s do it Montenegro \u2013 Nastavljamo druga\u010dije\u201c<\/strong> dio je globalnog pokreta &#8220;Let&#8217;s Do It&#8221;, i to je najvec\u0301a organizovana akcija \u010di\u0161c\u0301enja u zemlji. Ove godine deset hiljada volontera udru\u017eilo se s ciljem \u010di\u0161c\u0301enja oko 47 tona nelegalnog otpada \u0161irom zemlje.<\/p>\n<p>\u010ci\u0161\u0107enje je narednog dana nastavljeno na obali mora. Zaposleni u Delegaciji EU, zajedno sa JP \u201eMorsko Dobro\u201c koje upravlja obalom i volonterima iz NVO &#8220;Zero Vaste Montenegro&#8221;, o\u010distili su pla\u017eu Buljarica u op\u0161tini Budva. Ovo je drugi put da se Crna Gora pridru\u017eila ovoj globalnoj akciji, ovoga puta uz pomoc\u0301 Delegacije EU i kao dio pokreta #EUBeachCleanupDay. Vi\u0161e od stotinu volontera prikupilo je nelegalni otpad sa jedne od najlep\u0161ih crnogorskih pla\u017ea, a potom ga pravilno sortirao, posvec\u0301ujuc\u0301i posebnu pa\u017enju plastici za jednokratnu upotrebu. Otpad c\u0301e biti analiziran i zatim poslat na recikla\u017eu.<\/p>\n<p><a href=\"http:\/\/www.evropskakuca.me\/wp-content\/uploads\/2018\/09\/1809_eubeachcleanup-6.jpg\"><img decoding=\"async\" class=\"aligncenter wp-image-5973 \" src=\"http:\/\/www.evropskakuca.me\/wp-content\/uploads\/2018\/09\/1809_eubeachcleanup-6.jpg\" alt=\"\" width=\"849\" height=\"565\" \/><\/a><\/p>\n<p>Ove dvije akcije su dio vec\u0301e nacionalne kampanje koje za cilj imaju manje kori\u0161\u0107enje plastike za jednokratnu upotrebu i uvo\u0111enje odr\u017eivijih rje\u0161enja. Izme\u0111u ostalog, tokom oba doga\u0111aja, promovisane su i podijeljene vi\u0161ekratne metalne bo\u010dice i vrec\u0301e.<\/p>\n<p><a href=\"http:\/\/www.evropskakuca.me\/wp-content\/uploads\/2018\/09\/180914_l15.jpg\"><img loading=\"lazy\" decoding=\"async\" class=\"aligncenter wp-image-5975 \" src=\"http:\/\/www.evropskakuca.me\/wp-content\/uploads\/2018\/09\/180914_l15.jpg\" alt=\"\" width=\"846\" height=\"564\" \/><\/a><\/p>\n<p>Kampanja <strong>\u201eSpremni za promjenu- sprije\u010dimo zaga\u0111enje plastikom\u201c<\/strong>, koja je vec\u0301 po\u010dela na socijalnim mre\u017eama, nastavic\u0301e se sljede\u0107eg mjeseca emitovanjem spota na televizijama i postavljenjem bilborda \u0161irom Crne Gore. Cilj je podsjetiti na to koliko plastika za jednokratnu upotrebu \u0161teti zdravlju i okolini i koje su najbolje alternative<\/p>\n","protected":false},"excerpt":{"rendered":"<p>Spremni za promjenu- sprije\u010dimo zaga\u0111enje plastikom<\/p>\n","protected":false},"author":1,"featured_media":34179,"comment_status":"closed","ping_status":"closed","sticky":false,"template":"","format":"standard","meta":{"_acf_changed":false,"footnotes":""},"categories":[285,283],"tags":[],"class_list":["post-5982","post","type-post","status-publish","format-standard","has-post-thumbnail","hentry","category-kampanje-i-eventi","category-novosti-me"],"acf":[],"yoast_head":"<!-- This site is optimized with the Yoast SEO plugin v27.3 - https:\/\/yoast.com\/product\/yoast-seo-wordpress\/ -->\n<title>Organizovane akcije \u010di\u0161\u0107enja \u0161irom Crne Gore - Europe House<\/title>\n<meta name=\"robots\" content=\"index, follow, max-snippet:-1, max-image-preview:large, max-video-preview:-1\" \/>\n<link rel=\"canonical\" href=\"https:\/\/www.evropskakuca.me\/me\/organizovane-akcije-ciscenja-sirom-crne-gore\/\" \/>\n<meta property=\"og:locale\" content=\"en_US\" \/>\n<meta property=\"og:type\" content=\"article\" \/>\n<meta property=\"og:title\" content=\"Organizovane akcije \u010di\u0161\u0107enja \u0161irom Crne Gore - Europe House\" \/>\n<meta property=\"og:description\" content=\"Spremni za promjenu- sprije\u010dimo zaga\u0111enje plastikom\" \/>\n<meta property=\"og:url\" content=\"https:\/\/www.evropskakuca.me\/me\/organizovane-akcije-ciscenja-sirom-crne-gore\/\" \/>\n<meta property=\"og:site_name\" content=\"Europe House\" \/>\n<meta property=\"article:publisher\" content=\"https:\/\/www.facebook.com\/evropska.kuca\" \/>\n<meta property=\"article:published_time\" content=\"2018-09-15T11:14:05+00:00\" \/>\n<meta property=\"og:image\" content=\"https:\/\/www.evropskakuca.me\/wp-content\/uploads\/2018\/09\/1809_eubeachcleanup-1024x683.jpg\" \/>\n\t<meta property=\"og:image:width\" content=\"1024\" \/>\n\t<meta property=\"og:image:height\" content=\"683\" \/>\n\t<meta property=\"og:image:type\" content=\"image\/jpeg\" \/>\n<meta name=\"author\" content=\"mkajic\" \/>\n<meta name=\"twitter:card\" content=\"summary_large_image\" \/>\n<meta name=\"twitter:creator\" content=\"@evropska_kuca\" \/>\n<meta name=\"twitter:site\" content=\"@evropska_kuca\" \/>\n<meta name=\"twitter:label1\" content=\"Written by\" \/>\n\t<meta name=\"twitter:data1\" content=\"mkajic\" \/>\n\t<meta name=\"twitter:label2\" content=\"Est. reading time\" \/>\n\t<meta name=\"twitter:data2\" content=\"2 minutes\" \/>\n<script type=\"application\/ld+json\" class=\"yoast-schema-graph\">{\"@context\":\"https:\\\/\\\/schema.org\",\"@graph\":[{\"@type\":\"Article\",\"@id\":\"https:\\\/\\\/www.evropskakuca.me\\\/me\\\/organizovane-akcije-ciscenja-sirom-crne-gore\\\/#article\",\"isPartOf\":{\"@id\":\"https:\\\/\\\/www.evropskakuca.me\\\/me\\\/organizovane-akcije-ciscenja-sirom-crne-gore\\\/\"},\"author\":{\"name\":\"mkajic\",\"@id\":\"https:\\\/\\\/www.evropskakuca.me\\\/me\\\/#\\\/schema\\\/person\\\/a1d0dcdaefe4a1cd1d60d200ea137ba4\"},\"headline\":\"Organizovane akcije \u010di\u0161\u0107enja \u0161irom Crne Gore\",\"datePublished\":\"2018-09-15T11:14:05+00:00\",\"mainEntityOfPage\":{\"@id\":\"https:\\\/\\\/www.evropskakuca.me\\\/me\\\/organizovane-akcije-ciscenja-sirom-crne-gore\\\/\"},\"wordCount\":357,\"publisher\":{\"@id\":\"https:\\\/\\\/www.evropskakuca.me\\\/me\\\/#organization\"},\"image\":{\"@id\":\"https:\\\/\\\/www.evropskakuca.me\\\/me\\\/organizovane-akcije-ciscenja-sirom-crne-gore\\\/#primaryimage\"},\"thumbnailUrl\":\"https:\\\/\\\/www.evropskakuca.me\\\/wp-content\\\/uploads\\\/2018\\\/09\\\/1809_eubeachcleanup.jpg\",\"articleSection\":[\"Kampanje i eventi\",\"Novosti\"],\"inLanguage\":\"me-ME\"},{\"@type\":\"WebPage\",\"@id\":\"https:\\\/\\\/www.evropskakuca.me\\\/me\\\/organizovane-akcije-ciscenja-sirom-crne-gore\\\/\",\"url\":\"https:\\\/\\\/www.evropskakuca.me\\\/me\\\/organizovane-akcije-ciscenja-sirom-crne-gore\\\/\",\"name\":\"Organizovane akcije \u010di\u0161\u0107enja \u0161irom Crne Gore - Europe House\",\"isPartOf\":{\"@id\":\"https:\\\/\\\/www.evropskakuca.me\\\/me\\\/#website\"},\"primaryImageOfPage\":{\"@id\":\"https:\\\/\\\/www.evropskakuca.me\\\/me\\\/organizovane-akcije-ciscenja-sirom-crne-gore\\\/#primaryimage\"},\"image\":{\"@id\":\"https:\\\/\\\/www.evropskakuca.me\\\/me\\\/organizovane-akcije-ciscenja-sirom-crne-gore\\\/#primaryimage\"},\"thumbnailUrl\":\"https:\\\/\\\/www.evropskakuca.me\\\/wp-content\\\/uploads\\\/2018\\\/09\\\/1809_eubeachcleanup.jpg\",\"datePublished\":\"2018-09-15T11:14:05+00:00\",\"breadcrumb\":{\"@id\":\"https:\\\/\\\/www.evropskakuca.me\\\/me\\\/organizovane-akcije-ciscenja-sirom-crne-gore\\\/#breadcrumb\"},\"inLanguage\":\"me-ME\",\"potentialAction\":[{\"@type\":\"ReadAction\",\"target\":[\"https:\\\/\\\/www.evropskakuca.me\\\/me\\\/organizovane-akcije-ciscenja-sirom-crne-gore\\\/\"]}]},{\"@type\":\"ImageObject\",\"inLanguage\":\"me-ME\",\"@id\":\"https:\\\/\\\/www.evropskakuca.me\\\/me\\\/organizovane-akcije-ciscenja-sirom-crne-gore\\\/#primaryimage\",\"url\":\"https:\\\/\\\/www.evropskakuca.me\\\/wp-content\\\/uploads\\\/2018\\\/09\\\/1809_eubeachcleanup.jpg\",\"contentUrl\":\"https:\\\/\\\/www.evropskakuca.me\\\/wp-content\\\/uploads\\\/2018\\\/09\\\/1809_eubeachcleanup.jpg\",\"width\":2028,\"height\":1352},{\"@type\":\"BreadcrumbList\",\"@id\":\"https:\\\/\\\/www.evropskakuca.me\\\/me\\\/organizovane-akcije-ciscenja-sirom-crne-gore\\\/#breadcrumb\",\"itemListElement\":[{\"@type\":\"ListItem\",\"position\":1,\"name\":\"Home\",\"item\":\"https:\\\/\\\/www.evropskakuca.me\\\/me\\\/\"},{\"@type\":\"ListItem\",\"position\":2,\"name\":\"Organizovane akcije \u010di\u0161\u0107enja \u0161irom Crne Gore\"}]},{\"@type\":\"WebSite\",\"@id\":\"https:\\\/\\\/www.evropskakuca.me\\\/me\\\/#website\",\"url\":\"https:\\\/\\\/www.evropskakuca.me\\\/me\\\/\",\"name\":\"Evropean house\",\"description\":\"\",\"publisher\":{\"@id\":\"https:\\\/\\\/www.evropskakuca.me\\\/me\\\/#organization\"},\"potentialAction\":[{\"@type\":\"SearchAction\",\"target\":{\"@type\":\"EntryPoint\",\"urlTemplate\":\"https:\\\/\\\/www.evropskakuca.me\\\/me\\\/?s={search_term_string}\"},\"query-input\":{\"@type\":\"PropertyValueSpecification\",\"valueRequired\":true,\"valueName\":\"search_term_string\"}}],\"inLanguage\":\"me-ME\"},{\"@type\":\"Organization\",\"@id\":\"https:\\\/\\\/www.evropskakuca.me\\\/me\\\/#organization\",\"name\":\"Evropean house\",\"url\":\"https:\\\/\\\/www.evropskakuca.me\\\/me\\\/\",\"logo\":{\"@type\":\"ImageObject\",\"inLanguage\":\"me-ME\",\"@id\":\"https:\\\/\\\/www.evropskakuca.me\\\/me\\\/#\\\/schema\\\/logo\\\/image\\\/\",\"url\":\"https:\\\/\\\/www.evropskakuca.me\\\/wp-content\\\/uploads\\\/2025\\\/01\\\/evropska-kuca-logo-1.png\",\"contentUrl\":\"https:\\\/\\\/www.evropskakuca.me\\\/wp-content\\\/uploads\\\/2025\\\/01\\\/evropska-kuca-logo-1.png\",\"width\":425,\"height\":312,\"caption\":\"Evropean house\"},\"image\":{\"@id\":\"https:\\\/\\\/www.evropskakuca.me\\\/me\\\/#\\\/schema\\\/logo\\\/image\\\/\"},\"sameAs\":[\"https:\\\/\\\/www.facebook.com\\\/evropska.kuca\",\"https:\\\/\\\/x.com\\\/evropska_kuca\",\"https:\\\/\\\/www.instagram.com\\\/evropska_kuca\"]},{\"@type\":\"Person\",\"@id\":\"https:\\\/\\\/www.evropskakuca.me\\\/me\\\/#\\\/schema\\\/person\\\/a1d0dcdaefe4a1cd1d60d200ea137ba4\",\"name\":\"mkajic\",\"image\":{\"@type\":\"ImageObject\",\"inLanguage\":\"me-ME\",\"@id\":\"https:\\\/\\\/secure.gravatar.com\\\/avatar\\\/731fa035cefab7316e6bafd1f25a93fb731a07de14e2d9923f8db4422628eabc?s=96&d=mm&r=g\",\"url\":\"https:\\\/\\\/secure.gravatar.com\\\/avatar\\\/731fa035cefab7316e6bafd1f25a93fb731a07de14e2d9923f8db4422628eabc?s=96&d=mm&r=g\",\"contentUrl\":\"https:\\\/\\\/secure.gravatar.com\\\/avatar\\\/731fa035cefab7316e6bafd1f25a93fb731a07de14e2d9923f8db4422628eabc?s=96&d=mm&r=g\",\"caption\":\"mkajic\"},\"sameAs\":[\"https:\\\/\\\/evropskakuca.me\"],\"url\":\"https:\\\/\\\/www.evropskakuca.me\\\/me\\\/author\\\/mkajic\\\/\"}]}<\/script>\n<!-- \/ Yoast SEO plugin. -->","yoast_head_json":{"title":"Organizovane akcije \u010di\u0161\u0107enja \u0161irom Crne Gore - Europe House","robots":{"index":"index","follow":"follow","max-snippet":"max-snippet:-1","max-image-preview":"max-image-preview:large","max-video-preview":"max-video-preview:-1"},"canonical":"https:\/\/www.evropskakuca.me\/me\/organizovane-akcije-ciscenja-sirom-crne-gore\/","og_locale":"en_US","og_type":"article","og_title":"Organizovane akcije \u010di\u0161\u0107enja \u0161irom Crne Gore - Europe House","og_description":"Spremni za promjenu- sprije\u010dimo zaga\u0111enje plastikom","og_url":"https:\/\/www.evropskakuca.me\/me\/organizovane-akcije-ciscenja-sirom-crne-gore\/","og_site_name":"Europe House","article_publisher":"https:\/\/www.facebook.com\/evropska.kuca","article_published_time":"2018-09-15T11:14:05+00:00","og_image":[{"width":1024,"height":683,"url":"https:\/\/www.evropskakuca.me\/wp-content\/uploads\/2018\/09\/1809_eubeachcleanup-1024x683.jpg","type":"image\/jpeg"}],"author":"mkajic","twitter_card":"summary_large_image","twitter_creator":"@evropska_kuca","twitter_site":"@evropska_kuca","twitter_misc":{"Written by":"mkajic","Est. reading time":"2 minutes"},"schema":{"@context":"https:\/\/schema.org","@graph":[{"@type":"Article","@id":"https:\/\/www.evropskakuca.me\/me\/organizovane-akcije-ciscenja-sirom-crne-gore\/#article","isPartOf":{"@id":"https:\/\/www.evropskakuca.me\/me\/organizovane-akcije-ciscenja-sirom-crne-gore\/"},"author":{"name":"mkajic","@id":"https:\/\/www.evropskakuca.me\/me\/#\/schema\/person\/a1d0dcdaefe4a1cd1d60d200ea137ba4"},"headline":"Organizovane akcije \u010di\u0161\u0107enja \u0161irom Crne Gore","datePublished":"2018-09-15T11:14:05+00:00","mainEntityOfPage":{"@id":"https:\/\/www.evropskakuca.me\/me\/organizovane-akcije-ciscenja-sirom-crne-gore\/"},"wordCount":357,"publisher":{"@id":"https:\/\/www.evropskakuca.me\/me\/#organization"},"image":{"@id":"https:\/\/www.evropskakuca.me\/me\/organizovane-akcije-ciscenja-sirom-crne-gore\/#primaryimage"},"thumbnailUrl":"https:\/\/www.evropskakuca.me\/wp-content\/uploads\/2018\/09\/1809_eubeachcleanup.jpg","articleSection":["Kampanje i eventi","Novosti"],"inLanguage":"me-ME"},{"@type":"WebPage","@id":"https:\/\/www.evropskakuca.me\/me\/organizovane-akcije-ciscenja-sirom-crne-gore\/","url":"https:\/\/www.evropskakuca.me\/me\/organizovane-akcije-ciscenja-sirom-crne-gore\/","name":"Organizovane akcije \u010di\u0161\u0107enja \u0161irom Crne Gore - Europe House","isPartOf":{"@id":"https:\/\/www.evropskakuca.me\/me\/#website"},"primaryImageOfPage":{"@id":"https:\/\/www.evropskakuca.me\/me\/organizovane-akcije-ciscenja-sirom-crne-gore\/#primaryimage"},"image":{"@id":"https:\/\/www.evropskakuca.me\/me\/organizovane-akcije-ciscenja-sirom-crne-gore\/#primaryimage"},"thumbnailUrl":"https:\/\/www.evropskakuca.me\/wp-content\/uploads\/2018\/09\/1809_eubeachcleanup.jpg","datePublished":"2018-09-15T11:14:05+00:00","breadcrumb":{"@id":"https:\/\/www.evropskakuca.me\/me\/organizovane-akcije-ciscenja-sirom-crne-gore\/#breadcrumb"},"inLanguage":"me-ME","potentialAction":[{"@type":"ReadAction","target":["https:\/\/www.evropskakuca.me\/me\/organizovane-akcije-ciscenja-sirom-crne-gore\/"]}]},{"@type":"ImageObject","inLanguage":"me-ME","@id":"https:\/\/www.evropskakuca.me\/me\/organizovane-akcije-ciscenja-sirom-crne-gore\/#primaryimage","url":"https:\/\/www.evropskakuca.me\/wp-content\/uploads\/2018\/09\/1809_eubeachcleanup.jpg","contentUrl":"https:\/\/www.evropskakuca.me\/wp-content\/uploads\/2018\/09\/1809_eubeachcleanup.jpg","width":2028,"height":1352},{"@type":"BreadcrumbList","@id":"https:\/\/www.evropskakuca.me\/me\/organizovane-akcije-ciscenja-sirom-crne-gore\/#breadcrumb","itemListElement":[{"@type":"ListItem","position":1,"name":"Home","item":"https:\/\/www.evropskakuca.me\/me\/"},{"@type":"ListItem","position":2,"name":"Organizovane akcije \u010di\u0161\u0107enja \u0161irom Crne Gore"}]},{"@type":"WebSite","@id":"https:\/\/www.evropskakuca.me\/me\/#website","url":"https:\/\/www.evropskakuca.me\/me\/","name":"Evropean house","description":"","publisher":{"@id":"https:\/\/www.evropskakuca.me\/me\/#organization"},"potentialAction":[{"@type":"SearchAction","target":{"@type":"EntryPoint","urlTemplate":"https:\/\/www.evropskakuca.me\/me\/?s={search_term_string}"},"query-input":{"@type":"PropertyValueSpecification","valueRequired":true,"valueName":"search_term_string"}}],"inLanguage":"me-ME"},{"@type":"Organization","@id":"https:\/\/www.evropskakuca.me\/me\/#organization","name":"Evropean house","url":"https:\/\/www.evropskakuca.me\/me\/","logo":{"@type":"ImageObject","inLanguage":"me-ME","@id":"https:\/\/www.evropskakuca.me\/me\/#\/schema\/logo\/image\/","url":"https:\/\/www.evropskakuca.me\/wp-content\/uploads\/2025\/01\/evropska-kuca-logo-1.png","contentUrl":"https:\/\/www.evropskakuca.me\/wp-content\/uploads\/2025\/01\/evropska-kuca-logo-1.png","width":425,"height":312,"caption":"Evropean house"},"image":{"@id":"https:\/\/www.evropskakuca.me\/me\/#\/schema\/logo\/image\/"},"sameAs":["https:\/\/www.facebook.com\/evropska.kuca","https:\/\/x.com\/evropska_kuca","https:\/\/www.instagram.com\/evropska_kuca"]},{"@type":"Person","@id":"https:\/\/www.evropskakuca.me\/me\/#\/schema\/person\/a1d0dcdaefe4a1cd1d60d200ea137ba4","name":"mkajic","image":{"@type":"ImageObject","inLanguage":"me-ME","@id":"https:\/\/secure.gravatar.com\/avatar\/731fa035cefab7316e6bafd1f25a93fb731a07de14e2d9923f8db4422628eabc?s=96&d=mm&r=g","url":"https:\/\/secure.gravatar.com\/avatar\/731fa035cefab7316e6bafd1f25a93fb731a07de14e2d9923f8db4422628eabc?s=96&d=mm&r=g","contentUrl":"https:\/\/secure.gravatar.com\/avatar\/731fa035cefab7316e6bafd1f25a93fb731a07de14e2d9923f8db4422628eabc?s=96&d=mm&r=g","caption":"mkajic"},"sameAs":["https:\/\/evropskakuca.me"],"url":"https:\/\/www.evropskakuca.me\/me\/author\/mkajic\/"}]}},"_links":{"self":[{"href":"https:\/\/www.evropskakuca.me\/me\/wp-json\/wp\/v2\/posts\/5982","targetHints":{"allow":["GET"]}}],"collection":[{"href":"https:\/\/www.evropskakuca.me\/me\/wp-json\/wp\/v2\/posts"}],"about":[{"href":"https:\/\/www.evropskakuca.me\/me\/wp-json\/wp\/v2\/types\/post"}],"author":[{"embeddable":true,"href":"https:\/\/www.evropskakuca.me\/me\/wp-json\/wp\/v2\/users\/1"}],"replies":[{"embeddable":true,"href":"https:\/\/www.evropskakuca.me\/me\/wp-json\/wp\/v2\/comments?post=5982"}],"version-history":[{"count":0,"href":"https:\/\/www.evropskakuca.me\/me\/wp-json\/wp\/v2\/posts\/5982\/revisions"}],"wp:featuredmedia":[{"embeddable":true,"href":"https:\/\/www.evropskakuca.me\/me\/wp-json\/wp\/v2\/media\/34179"}],"wp:attachment":[{"href":"https:\/\/www.evropskakuca.me\/me\/wp-json\/wp\/v2\/media?parent=5982"}],"wp:term":[{"taxonomy":"category","embeddable":true,"href":"https:\/\/www.evropskakuca.me\/me\/wp-json\/wp\/v2\/categories?post=5982"},{"taxonomy":"post_tag","embeddable":true,"href":"https:\/\/www.evropskakuca.me\/me\/wp-json\/wp\/v2\/tags?post=5982"}],"curies":[{"name":"wp","href":"https:\/\/api.w.org\/{rel}","templated":true}]}}