{"id":5779,"date":"2018-07-12T12:09:57","date_gmt":"2018-07-12T12:09:57","guid":{"rendered":"http:\/\/www.evropskakuca.me\/me\/?p=5779"},"modified":"2018-07-12T12:09:57","modified_gmt":"2018-07-12T12:09:57","slug":"dinamican-visegrad-za-evropu","status":"publish","type":"post","link":"https:\/\/www.evropskakuca.me\/me\/dinamican-visegrad-za-evropu\/","title":{"rendered":"Dinami\u010dan Vi\u0161egrad za Evropu"},"content":{"rendered":"<p>Podgorica, 12. jul 2018. \u2013 Narednu godinu Slova\u010dka \u0107e predsjedavati Vi\u0161egradskom grupom. Na sve\u010danoj primopredaji u EU info centru ambasador Ma\u0111arske, Kristijan Po\u0161a, predao je slova\u010dkom kolegi Romanu Hlobenu zami\u0161ljenu \u201e\u0161tafetu predsjedavanja\u201c.<\/p>\n<p><a href=\"http:\/\/www.evropskakuca.me\/wp-content\/uploads\/2018\/07\/180712_visegradska-1-3.jpg\"><img fetchpriority=\"high\" decoding=\"async\" class=\" wp-image-5782 aligncenter\" src=\"http:\/\/www.evropskakuca.me\/wp-content\/uploads\/2018\/07\/180712_visegradska-1-3-1024x683.jpg\" alt=\"\" width=\"869\" height=\"580\" \/><\/a><\/p>\n<p>Ambasador Po\u0161a je podsjetio na aktivnosti tokom ma\u0111arskog predsjedavanja V4. Strate\u0161ki cilj Ma\u0111arske, prethodnih godinu, bio je da V4 aktivno u\u010destvuje u raspravi o budu\u0107nosti EU.<\/p>\n<p>\u201e Prihva\u0107ena je zajedni\u010dka izjava \u201eStronger Togeter\u201c, zajedni\u010dko stanovi\u0161te po pitanju najva\u017enijih aktuelnih pitanja EU. U ovoj izjavi su dr\u017eave Vi\u0161egradske \u010detvorke insistirale da sljede\u0107i dugoro\u010dan bud\u017eet EU sadr\u017ei sredstva za primanje novih \u010dlanica sa Zapadnog Balkana, odnosno dale podr\u0161ku razvijanju infrastrukturne povezanosti zemalja Zapadnog Balkana\u201c, rekao je Po\u0161a.<\/p>\n<p><a href=\"http:\/\/www.evropskakuca.me\/wp-content\/uploads\/2018\/07\/180712_visegradska-1-15.jpg\"><img decoding=\"async\" class=\"alignleft wp-image-5784 \" src=\"http:\/\/www.evropskakuca.me\/wp-content\/uploads\/2018\/07\/180712_visegradska-1-15.jpg\" alt=\"\" width=\"458\" height=\"305\" \/><\/a>Moto slova\u010dkog predsjedavanja je \u201eDinami\u010dan Vi\u0161egrad za Evropu\u201c. Proritetne teme, kako je objasnio ambasador Hloben, bi\u0107e promovisanje jedinstva, dono\u0161enje rje\u0161enja i po\u0161tovanje razli\u010ditosti.<\/p>\n<p>\u201eCilj slova\u010dkog predsjedni\u0161tva je pru\u017eiti konkretne rezultate u korist gra\u0111ana na\u0161ih zemalja i to u tri prioritetne oblasti: jaka Evropa, bezbjedno okru\u017eenja, inteligentna rje\u0161enja\u201c, objasnio je Hloben.<\/p>\n<p>Hloben je naglasio i da je regionalna saradnja i dobrosusjedski odnosi od presudnog zna\u010daja za Zapadni Balkan.<\/p>\n<p>\u201eCrna Gora je za Slova\u010dku uspje\u0161na pri\u010da, jasan dokaz da region ima kapaciteta da se mijenja, da gradi evropske standarde, usvaja sistem evropskih i evroatlanskih vrijednosti\u201c, istakao je Hloben.<\/p>\n<p>Ambasador \u010ce\u0161ke u Crnoj Gori, Karel Urban, rekao je da se nada da \u0107e prioriteti slova\u010dkog predsjedavanja imati \u201epozitivan uticaj na dalju saradnju Vi\u0161egradske grupe sa zemljama Zapadnog Balkana, sa posebnim naglaskom na Crnu Goru\u201c.<\/p>\n<p><a href=\"http:\/\/www.evropskakuca.me\/wp-content\/uploads\/2018\/07\/180712_visegradska-1-6.jpg\"><img decoding=\"async\" class=\"aligncenter wp-image-5786 \" src=\"http:\/\/www.evropskakuca.me\/wp-content\/uploads\/2018\/07\/180712_visegradska-1-6.jpg\" alt=\"\" width=\"899\" height=\"599\" \/><\/a><\/p>\n<p>Vr\u0161ilac du\u017enosti ambasadorke Poljske u Crnoj Gori Ana Kapsarzak, ponovila je da cijela V4 podr\u017eava Crnu Goru na putu ka \u010dlanstvu u EU. \u201e \u017deljela bih da istovremeno ponovim jasan stav Poljske o potrebi odr\u017eavanja dobrog tempa pregovora sa Crnom Gorom i regionom i o ostavljanju otvorenih vrata EU za njih,\u201c zaklju\u010dila je Kasparzak.<\/p>\n","protected":false},"excerpt":{"rendered":"<p>Slova\u010dka preuzela predsjedavanje Vi\u0161egrdskom \u010detvorkom<\/p>\n","protected":false},"author":1,"featured_media":33921,"comment_status":"open","ping_status":"open","sticky":false,"template":"","format":"standard","meta":{"_acf_changed":false,"footnotes":""},"categories":[283],"tags":[],"class_list":["post-5779","post","type-post","status-publish","format-standard","has-post-thumbnail","hentry","category-novosti-me"],"acf":[],"yoast_head":"<!-- This site is optimized with the Yoast SEO plugin v27.3 - https:\/\/yoast.com\/product\/yoast-seo-wordpress\/ -->\n<title>Dinami\u010dan Vi\u0161egrad za Evropu - Europe House<\/title>\n<meta name=\"robots\" content=\"index, follow, max-snippet:-1, max-image-preview:large, max-video-preview:-1\" \/>\n<link rel=\"canonical\" href=\"https:\/\/www.evropskakuca.me\/me\/dinamican-visegrad-za-evropu\/\" \/>\n<meta property=\"og:locale\" content=\"en_US\" \/>\n<meta property=\"og:type\" content=\"article\" \/>\n<meta property=\"og:title\" content=\"Dinami\u010dan Vi\u0161egrad za Evropu - Europe House\" \/>\n<meta property=\"og:description\" content=\"Slova\u010dka preuzela predsjedavanje Vi\u0161egrdskom \u010detvorkom\" \/>\n<meta property=\"og:url\" content=\"https:\/\/www.evropskakuca.me\/me\/dinamican-visegrad-za-evropu\/\" \/>\n<meta property=\"og:site_name\" content=\"Europe House\" \/>\n<meta property=\"article:publisher\" content=\"https:\/\/www.facebook.com\/evropska.kuca\" \/>\n<meta property=\"article:published_time\" content=\"2018-07-12T12:09:57+00:00\" \/>\n<meta property=\"og:image\" content=\"https:\/\/www.evropskakuca.me\/wp-content\/uploads\/2018\/07\/180712_visegradska-1-13-1024x683.jpg\" \/>\n\t<meta property=\"og:image:width\" content=\"1024\" \/>\n\t<meta property=\"og:image:height\" content=\"683\" \/>\n\t<meta property=\"og:image:type\" content=\"image\/jpeg\" \/>\n<meta name=\"author\" content=\"mkajic\" \/>\n<meta name=\"twitter:card\" content=\"summary_large_image\" \/>\n<meta name=\"twitter:creator\" content=\"@evropska_kuca\" \/>\n<meta name=\"twitter:site\" content=\"@evropska_kuca\" \/>\n<meta name=\"twitter:label1\" content=\"Written by\" \/>\n\t<meta name=\"twitter:data1\" content=\"mkajic\" \/>\n\t<meta name=\"twitter:label2\" content=\"Est. reading time\" \/>\n\t<meta name=\"twitter:data2\" content=\"2 minutes\" \/>\n<script type=\"application\/ld+json\" class=\"yoast-schema-graph\">{\"@context\":\"https:\\\/\\\/schema.org\",\"@graph\":[{\"@type\":\"Article\",\"@id\":\"https:\\\/\\\/www.evropskakuca.me\\\/me\\\/dinamican-visegrad-za-evropu\\\/#article\",\"isPartOf\":{\"@id\":\"https:\\\/\\\/www.evropskakuca.me\\\/me\\\/dinamican-visegrad-za-evropu\\\/\"},\"author\":{\"name\":\"mkajic\",\"@id\":\"https:\\\/\\\/www.evropskakuca.me\\\/me\\\/#\\\/schema\\\/person\\\/a1d0dcdaefe4a1cd1d60d200ea137ba4\"},\"headline\":\"Dinami\u010dan Vi\u0161egrad za Evropu\",\"datePublished\":\"2018-07-12T12:09:57+00:00\",\"mainEntityOfPage\":{\"@id\":\"https:\\\/\\\/www.evropskakuca.me\\\/me\\\/dinamican-visegrad-za-evropu\\\/\"},\"wordCount\":346,\"commentCount\":0,\"publisher\":{\"@id\":\"https:\\\/\\\/www.evropskakuca.me\\\/me\\\/#organization\"},\"image\":{\"@id\":\"https:\\\/\\\/www.evropskakuca.me\\\/me\\\/dinamican-visegrad-za-evropu\\\/#primaryimage\"},\"thumbnailUrl\":\"https:\\\/\\\/www.evropskakuca.me\\\/wp-content\\\/uploads\\\/2018\\\/07\\\/180712_visegradska-1-13.jpg\",\"articleSection\":[\"Novosti\"],\"inLanguage\":\"me-ME\",\"potentialAction\":[{\"@type\":\"CommentAction\",\"name\":\"Comment\",\"target\":[\"https:\\\/\\\/www.evropskakuca.me\\\/me\\\/dinamican-visegrad-za-evropu\\\/#respond\"]}]},{\"@type\":\"WebPage\",\"@id\":\"https:\\\/\\\/www.evropskakuca.me\\\/me\\\/dinamican-visegrad-za-evropu\\\/\",\"url\":\"https:\\\/\\\/www.evropskakuca.me\\\/me\\\/dinamican-visegrad-za-evropu\\\/\",\"name\":\"Dinami\u010dan Vi\u0161egrad za Evropu - Europe House\",\"isPartOf\":{\"@id\":\"https:\\\/\\\/www.evropskakuca.me\\\/me\\\/#website\"},\"primaryImageOfPage\":{\"@id\":\"https:\\\/\\\/www.evropskakuca.me\\\/me\\\/dinamican-visegrad-za-evropu\\\/#primaryimage\"},\"image\":{\"@id\":\"https:\\\/\\\/www.evropskakuca.me\\\/me\\\/dinamican-visegrad-za-evropu\\\/#primaryimage\"},\"thumbnailUrl\":\"https:\\\/\\\/www.evropskakuca.me\\\/wp-content\\\/uploads\\\/2018\\\/07\\\/180712_visegradska-1-13.jpg\",\"datePublished\":\"2018-07-12T12:09:57+00:00\",\"breadcrumb\":{\"@id\":\"https:\\\/\\\/www.evropskakuca.me\\\/me\\\/dinamican-visegrad-za-evropu\\\/#breadcrumb\"},\"inLanguage\":\"me-ME\",\"potentialAction\":[{\"@type\":\"ReadAction\",\"target\":[\"https:\\\/\\\/www.evropskakuca.me\\\/me\\\/dinamican-visegrad-za-evropu\\\/\"]}]},{\"@type\":\"ImageObject\",\"inLanguage\":\"me-ME\",\"@id\":\"https:\\\/\\\/www.evropskakuca.me\\\/me\\\/dinamican-visegrad-za-evropu\\\/#primaryimage\",\"url\":\"https:\\\/\\\/www.evropskakuca.me\\\/wp-content\\\/uploads\\\/2018\\\/07\\\/180712_visegradska-1-13.jpg\",\"contentUrl\":\"https:\\\/\\\/www.evropskakuca.me\\\/wp-content\\\/uploads\\\/2018\\\/07\\\/180712_visegradska-1-13.jpg\",\"width\":2028,\"height\":1352},{\"@type\":\"BreadcrumbList\",\"@id\":\"https:\\\/\\\/www.evropskakuca.me\\\/me\\\/dinamican-visegrad-za-evropu\\\/#breadcrumb\",\"itemListElement\":[{\"@type\":\"ListItem\",\"position\":1,\"name\":\"Home\",\"item\":\"https:\\\/\\\/www.evropskakuca.me\\\/me\\\/\"},{\"@type\":\"ListItem\",\"position\":2,\"name\":\"Dinami\u010dan Vi\u0161egrad za Evropu\"}]},{\"@type\":\"WebSite\",\"@id\":\"https:\\\/\\\/www.evropskakuca.me\\\/me\\\/#website\",\"url\":\"https:\\\/\\\/www.evropskakuca.me\\\/me\\\/\",\"name\":\"Evropean house\",\"description\":\"\",\"publisher\":{\"@id\":\"https:\\\/\\\/www.evropskakuca.me\\\/me\\\/#organization\"},\"potentialAction\":[{\"@type\":\"SearchAction\",\"target\":{\"@type\":\"EntryPoint\",\"urlTemplate\":\"https:\\\/\\\/www.evropskakuca.me\\\/me\\\/?s={search_term_string}\"},\"query-input\":{\"@type\":\"PropertyValueSpecification\",\"valueRequired\":true,\"valueName\":\"search_term_string\"}}],\"inLanguage\":\"me-ME\"},{\"@type\":\"Organization\",\"@id\":\"https:\\\/\\\/www.evropskakuca.me\\\/me\\\/#organization\",\"name\":\"Evropean house\",\"url\":\"https:\\\/\\\/www.evropskakuca.me\\\/me\\\/\",\"logo\":{\"@type\":\"ImageObject\",\"inLanguage\":\"me-ME\",\"@id\":\"https:\\\/\\\/www.evropskakuca.me\\\/me\\\/#\\\/schema\\\/logo\\\/image\\\/\",\"url\":\"https:\\\/\\\/www.evropskakuca.me\\\/wp-content\\\/uploads\\\/2025\\\/01\\\/evropska-kuca-logo-1.png\",\"contentUrl\":\"https:\\\/\\\/www.evropskakuca.me\\\/wp-content\\\/uploads\\\/2025\\\/01\\\/evropska-kuca-logo-1.png\",\"width\":425,\"height\":312,\"caption\":\"Evropean house\"},\"image\":{\"@id\":\"https:\\\/\\\/www.evropskakuca.me\\\/me\\\/#\\\/schema\\\/logo\\\/image\\\/\"},\"sameAs\":[\"https:\\\/\\\/www.facebook.com\\\/evropska.kuca\",\"https:\\\/\\\/x.com\\\/evropska_kuca\",\"https:\\\/\\\/www.instagram.com\\\/evropska_kuca\"]},{\"@type\":\"Person\",\"@id\":\"https:\\\/\\\/www.evropskakuca.me\\\/me\\\/#\\\/schema\\\/person\\\/a1d0dcdaefe4a1cd1d60d200ea137ba4\",\"name\":\"mkajic\",\"image\":{\"@type\":\"ImageObject\",\"inLanguage\":\"me-ME\",\"@id\":\"https:\\\/\\\/secure.gravatar.com\\\/avatar\\\/731fa035cefab7316e6bafd1f25a93fb731a07de14e2d9923f8db4422628eabc?s=96&d=mm&r=g\",\"url\":\"https:\\\/\\\/secure.gravatar.com\\\/avatar\\\/731fa035cefab7316e6bafd1f25a93fb731a07de14e2d9923f8db4422628eabc?s=96&d=mm&r=g\",\"contentUrl\":\"https:\\\/\\\/secure.gravatar.com\\\/avatar\\\/731fa035cefab7316e6bafd1f25a93fb731a07de14e2d9923f8db4422628eabc?s=96&d=mm&r=g\",\"caption\":\"mkajic\"},\"sameAs\":[\"https:\\\/\\\/evropskakuca.me\"],\"url\":\"https:\\\/\\\/www.evropskakuca.me\\\/me\\\/author\\\/mkajic\\\/\"}]}<\/script>\n<!-- \/ Yoast SEO plugin. -->","yoast_head_json":{"title":"Dinami\u010dan Vi\u0161egrad za Evropu - Europe House","robots":{"index":"index","follow":"follow","max-snippet":"max-snippet:-1","max-image-preview":"max-image-preview:large","max-video-preview":"max-video-preview:-1"},"canonical":"https:\/\/www.evropskakuca.me\/me\/dinamican-visegrad-za-evropu\/","og_locale":"en_US","og_type":"article","og_title":"Dinami\u010dan Vi\u0161egrad za Evropu - Europe House","og_description":"Slova\u010dka preuzela predsjedavanje Vi\u0161egrdskom \u010detvorkom","og_url":"https:\/\/www.evropskakuca.me\/me\/dinamican-visegrad-za-evropu\/","og_site_name":"Europe House","article_publisher":"https:\/\/www.facebook.com\/evropska.kuca","article_published_time":"2018-07-12T12:09:57+00:00","og_image":[{"width":1024,"height":683,"url":"https:\/\/www.evropskakuca.me\/wp-content\/uploads\/2018\/07\/180712_visegradska-1-13-1024x683.jpg","type":"image\/jpeg"}],"author":"mkajic","twitter_card":"summary_large_image","twitter_creator":"@evropska_kuca","twitter_site":"@evropska_kuca","twitter_misc":{"Written by":"mkajic","Est. reading time":"2 minutes"},"schema":{"@context":"https:\/\/schema.org","@graph":[{"@type":"Article","@id":"https:\/\/www.evropskakuca.me\/me\/dinamican-visegrad-za-evropu\/#article","isPartOf":{"@id":"https:\/\/www.evropskakuca.me\/me\/dinamican-visegrad-za-evropu\/"},"author":{"name":"mkajic","@id":"https:\/\/www.evropskakuca.me\/me\/#\/schema\/person\/a1d0dcdaefe4a1cd1d60d200ea137ba4"},"headline":"Dinami\u010dan Vi\u0161egrad za Evropu","datePublished":"2018-07-12T12:09:57+00:00","mainEntityOfPage":{"@id":"https:\/\/www.evropskakuca.me\/me\/dinamican-visegrad-za-evropu\/"},"wordCount":346,"commentCount":0,"publisher":{"@id":"https:\/\/www.evropskakuca.me\/me\/#organization"},"image":{"@id":"https:\/\/www.evropskakuca.me\/me\/dinamican-visegrad-za-evropu\/#primaryimage"},"thumbnailUrl":"https:\/\/www.evropskakuca.me\/wp-content\/uploads\/2018\/07\/180712_visegradska-1-13.jpg","articleSection":["Novosti"],"inLanguage":"me-ME","potentialAction":[{"@type":"CommentAction","name":"Comment","target":["https:\/\/www.evropskakuca.me\/me\/dinamican-visegrad-za-evropu\/#respond"]}]},{"@type":"WebPage","@id":"https:\/\/www.evropskakuca.me\/me\/dinamican-visegrad-za-evropu\/","url":"https:\/\/www.evropskakuca.me\/me\/dinamican-visegrad-za-evropu\/","name":"Dinami\u010dan Vi\u0161egrad za Evropu - Europe House","isPartOf":{"@id":"https:\/\/www.evropskakuca.me\/me\/#website"},"primaryImageOfPage":{"@id":"https:\/\/www.evropskakuca.me\/me\/dinamican-visegrad-za-evropu\/#primaryimage"},"image":{"@id":"https:\/\/www.evropskakuca.me\/me\/dinamican-visegrad-za-evropu\/#primaryimage"},"thumbnailUrl":"https:\/\/www.evropskakuca.me\/wp-content\/uploads\/2018\/07\/180712_visegradska-1-13.jpg","datePublished":"2018-07-12T12:09:57+00:00","breadcrumb":{"@id":"https:\/\/www.evropskakuca.me\/me\/dinamican-visegrad-za-evropu\/#breadcrumb"},"inLanguage":"me-ME","potentialAction":[{"@type":"ReadAction","target":["https:\/\/www.evropskakuca.me\/me\/dinamican-visegrad-za-evropu\/"]}]},{"@type":"ImageObject","inLanguage":"me-ME","@id":"https:\/\/www.evropskakuca.me\/me\/dinamican-visegrad-za-evropu\/#primaryimage","url":"https:\/\/www.evropskakuca.me\/wp-content\/uploads\/2018\/07\/180712_visegradska-1-13.jpg","contentUrl":"https:\/\/www.evropskakuca.me\/wp-content\/uploads\/2018\/07\/180712_visegradska-1-13.jpg","width":2028,"height":1352},{"@type":"BreadcrumbList","@id":"https:\/\/www.evropskakuca.me\/me\/dinamican-visegrad-za-evropu\/#breadcrumb","itemListElement":[{"@type":"ListItem","position":1,"name":"Home","item":"https:\/\/www.evropskakuca.me\/me\/"},{"@type":"ListItem","position":2,"name":"Dinami\u010dan Vi\u0161egrad za Evropu"}]},{"@type":"WebSite","@id":"https:\/\/www.evropskakuca.me\/me\/#website","url":"https:\/\/www.evropskakuca.me\/me\/","name":"Evropean house","description":"","publisher":{"@id":"https:\/\/www.evropskakuca.me\/me\/#organization"},"potentialAction":[{"@type":"SearchAction","target":{"@type":"EntryPoint","urlTemplate":"https:\/\/www.evropskakuca.me\/me\/?s={search_term_string}"},"query-input":{"@type":"PropertyValueSpecification","valueRequired":true,"valueName":"search_term_string"}}],"inLanguage":"me-ME"},{"@type":"Organization","@id":"https:\/\/www.evropskakuca.me\/me\/#organization","name":"Evropean house","url":"https:\/\/www.evropskakuca.me\/me\/","logo":{"@type":"ImageObject","inLanguage":"me-ME","@id":"https:\/\/www.evropskakuca.me\/me\/#\/schema\/logo\/image\/","url":"https:\/\/www.evropskakuca.me\/wp-content\/uploads\/2025\/01\/evropska-kuca-logo-1.png","contentUrl":"https:\/\/www.evropskakuca.me\/wp-content\/uploads\/2025\/01\/evropska-kuca-logo-1.png","width":425,"height":312,"caption":"Evropean house"},"image":{"@id":"https:\/\/www.evropskakuca.me\/me\/#\/schema\/logo\/image\/"},"sameAs":["https:\/\/www.facebook.com\/evropska.kuca","https:\/\/x.com\/evropska_kuca","https:\/\/www.instagram.com\/evropska_kuca"]},{"@type":"Person","@id":"https:\/\/www.evropskakuca.me\/me\/#\/schema\/person\/a1d0dcdaefe4a1cd1d60d200ea137ba4","name":"mkajic","image":{"@type":"ImageObject","inLanguage":"me-ME","@id":"https:\/\/secure.gravatar.com\/avatar\/731fa035cefab7316e6bafd1f25a93fb731a07de14e2d9923f8db4422628eabc?s=96&d=mm&r=g","url":"https:\/\/secure.gravatar.com\/avatar\/731fa035cefab7316e6bafd1f25a93fb731a07de14e2d9923f8db4422628eabc?s=96&d=mm&r=g","contentUrl":"https:\/\/secure.gravatar.com\/avatar\/731fa035cefab7316e6bafd1f25a93fb731a07de14e2d9923f8db4422628eabc?s=96&d=mm&r=g","caption":"mkajic"},"sameAs":["https:\/\/evropskakuca.me"],"url":"https:\/\/www.evropskakuca.me\/me\/author\/mkajic\/"}]}},"_links":{"self":[{"href":"https:\/\/www.evropskakuca.me\/me\/wp-json\/wp\/v2\/posts\/5779","targetHints":{"allow":["GET"]}}],"collection":[{"href":"https:\/\/www.evropskakuca.me\/me\/wp-json\/wp\/v2\/posts"}],"about":[{"href":"https:\/\/www.evropskakuca.me\/me\/wp-json\/wp\/v2\/types\/post"}],"author":[{"embeddable":true,"href":"https:\/\/www.evropskakuca.me\/me\/wp-json\/wp\/v2\/users\/1"}],"replies":[{"embeddable":true,"href":"https:\/\/www.evropskakuca.me\/me\/wp-json\/wp\/v2\/comments?post=5779"}],"version-history":[{"count":0,"href":"https:\/\/www.evropskakuca.me\/me\/wp-json\/wp\/v2\/posts\/5779\/revisions"}],"wp:featuredmedia":[{"embeddable":true,"href":"https:\/\/www.evropskakuca.me\/me\/wp-json\/wp\/v2\/media\/33921"}],"wp:attachment":[{"href":"https:\/\/www.evropskakuca.me\/me\/wp-json\/wp\/v2\/media?parent=5779"}],"wp:term":[{"taxonomy":"category","embeddable":true,"href":"https:\/\/www.evropskakuca.me\/me\/wp-json\/wp\/v2\/categories?post=5779"},{"taxonomy":"post_tag","embeddable":true,"href":"https:\/\/www.evropskakuca.me\/me\/wp-json\/wp\/v2\/tags?post=5779"}],"curies":[{"name":"wp","href":"https:\/\/api.w.org\/{rel}","templated":true}]}}