{"id":5772,"date":"2018-07-11T11:17:40","date_gmt":"2018-07-11T11:17:40","guid":{"rendered":"http:\/\/www.evropskakuca.me\/me\/?p=5772"},"modified":"2018-07-11T11:17:40","modified_gmt":"2018-07-11T11:17:40","slug":"uloga-medija-u-procesu-eu-integracije-od-neprocjenjive-vaznosti","status":"publish","type":"post","link":"https:\/\/www.evropskakuca.me\/me\/uloga-medija-u-procesu-eu-integracije-od-neprocjenjive-vaznosti\/","title":{"rendered":"Uloga medija u procesu EU integracije od neprocjenjive va\u017enosti"},"content":{"rendered":"<p>Uloga medija u pristupanju Crne Gore Evropskoj uniji je od neprocjenjive va\u017enosti, a novinari imaju mo\u0107 da pribli\u017ee gra\u0111anima taj proces i predstave uspje\u0161ne pri\u010de, poru\u010deno je na dodjeli nagrada za najbolju novinarsku pri\u010du u okviru konkursa \u201eEvropa kroz objektiv\u201c.<\/p>\n<p>Novinari Prve televizije, Radio i Televizije Crne Gore i Televizije Vijesti, <strong>Jelena Gardovi\u0107<\/strong>, <strong>Darko Bulatovi\u0107<\/strong> i <strong>Danijela Lasica<\/strong>, dobitnici su nagrada za najbolju video reporta\u017eu o konkretnim rezultatima procesa pristupanja Crne Gore EU i uticaju na svakodnevni \u017eivot gra\u0111ana. Njima su uru\u010dene nov\u010dane nagrade u iznosu od 1.500, 1.000 i 500 eura.<\/p>\n<p>Ambasador Evropske unije u Crnoj Gori, <strong>Aivo Orav<\/strong>, istakao je da su nagra\u0111ene pri\u010de raznovrsne, informativne i da doprinose razgovoru o va\u017enim temama koje imaju prakti\u010dan uticaj na \u017eivote ljudi u Crnoj Gori, kao \u0161to su Regionalni program za stanovanje, inovativni na\u010dini proizvodnje hrane kao dio podr\u0161ke EU poljoprivredi i ruralni razvoj.<\/p>\n<p>\u201eVrlo sam ponusan \u0161to mo\u017eemo da podr\u017eimo izvje\u0161tavanje na ove teme i nadam se da \u0107e biti vi\u0161e ovakvih pri\u010da u budu\u0107nosti. Mi \u0107emo ula\u017eiti dodatne napore u komuniciranju procesa pridru\u017eivaja i na\u010dina na koji EU fondovi poma\u017eu Crnoj Gori i njenim gra\u0111anima, jer je \u00a0u zajedni\u010dkom interesu svih nas da su gra\u0111ani dobro obavije\u0161teni o benefitima i obavezama koje proisti\u010du iz tog procesa,\u201c kazao je Orav.<\/p>\n<p>Glavni pregovara\u010d Crne Gore sa EU, <strong>Aleksandar Drljevi\u0107<\/strong>, istakao je na dodjeli nagrada da je proces pristupanja EU od neprocjenjivog zna\u010daja, ne samo za institucije i ljude koji su uklju\u010deni direktno u pregovore, ve\u0107 za svakog gra\u0111anina u Crnoj Gori.<\/p>\n<p>\u201eZbog toga smatram da je uloga medija od neprocjenjive va\u017enosti, kako bi ovaj proces pribli\u017eili svakom gra\u0111aninu. Proces pristupanja Crne Gore EU je prili\u010dno kompleksan i zahtjevan i zato smatramo da \u0107e uloga medija, kako u prethodnom, tako i u periodu pred nama, dobijati sve vi\u0161e na va\u017enosti i zna\u010daju, kako bi konkretne evropske politike i standarde i ono \u0161to obi\u010dni gra\u0111anin dobija od \u010dlanstva Crne Gore u EU na pravi na\u010din pribli\u017eili\u201c, poru\u010dio je Drljevi\u0107.<\/p>\n<p>Stalna predstavnica UNDP u Crnoj Gori, <strong>Fiona Mekluni<\/strong>, ocijenila je da EU integracija nije apstraktan koncept ili daleki san. \u201ePridru\u017eivanje EU signalizira novi na\u010din \u017eivota \u0161to vi \u2013 novinari, gra\u0111ani Crne Gore, va\u0161a djeca, roditelji, kom\u0161ije i prijatelji \u2013 najbolje znate. Vi ve\u0107 vidite i osje\u0107ate promjene koje \u0107e \u010dlanstvo donijeti i imate mo\u0107 da nam to do\u010darate\u201c, rekla je Mekluni.<\/p>\n<p>Dobitnica prve nagrade, Jelena Gardovi\u0107, zahvalila je na nagradi, ali i doprinosu Evropske unije pobolj\u0161anju dru\u0161tva. Istakla je da \u0107e se truditi da sli\u010dne primjere i ubudu\u0107e isprati i promovi\u0161e uspje\u0161ne projekte.<\/p>\n<p>Konkurs je realizovan u skladu sa Strategijom informisanja javnosti o pristupanju Crne Gore EU 2014-2018, a u okviru projekta \u201eEU4ME\u201c, s ciljem da podstakne medije i nezavisne produkcije u Crnoj Gori da se podrobnije bave evropskom integracijom<\/p>\n","protected":false},"excerpt":{"rendered":"<p>Nagrade za najbolje TV pri\u010de o procesu integracije u EU<\/p>\n","protected":false},"author":1,"featured_media":33979,"comment_status":"open","ping_status":"open","sticky":false,"template":"","format":"standard","meta":{"_acf_changed":false,"footnotes":""},"categories":[283],"tags":[],"class_list":["post-5772","post","type-post","status-publish","format-standard","has-post-thumbnail","hentry","category-novosti-me"],"acf":[],"yoast_head":"<!-- This site is optimized with the Yoast SEO plugin v27.3 - https:\/\/yoast.com\/product\/yoast-seo-wordpress\/ -->\n<title>Uloga medija u procesu EU integracije od neprocjenjive va\u017enosti - Europe House<\/title>\n<meta name=\"robots\" content=\"index, follow, max-snippet:-1, max-image-preview:large, max-video-preview:-1\" \/>\n<link rel=\"canonical\" href=\"https:\/\/www.evropskakuca.me\/me\/uloga-medija-u-procesu-eu-integracije-od-neprocjenjive-vaznosti\/\" \/>\n<meta property=\"og:locale\" content=\"en_US\" \/>\n<meta property=\"og:type\" content=\"article\" \/>\n<meta property=\"og:title\" content=\"Uloga medija u procesu EU integracije od neprocjenjive va\u017enosti - Europe House\" \/>\n<meta property=\"og:description\" content=\"Nagrade za najbolje TV pri\u010de o procesu integracije u EU\" \/>\n<meta property=\"og:url\" content=\"https:\/\/www.evropskakuca.me\/me\/uloga-medija-u-procesu-eu-integracije-od-neprocjenjive-vaznosti\/\" \/>\n<meta property=\"og:site_name\" content=\"Europe House\" \/>\n<meta property=\"article:publisher\" content=\"https:\/\/www.facebook.com\/evropska.kuca\" \/>\n<meta property=\"article:published_time\" content=\"2018-07-11T11:17:40+00:00\" \/>\n<meta property=\"og:image\" content=\"https:\/\/www.evropskakuca.me\/wp-content\/uploads\/2018\/07\/1807905_awards-13-1024x683.jpg\" \/>\n\t<meta property=\"og:image:width\" content=\"1024\" \/>\n\t<meta property=\"og:image:height\" content=\"683\" \/>\n\t<meta property=\"og:image:type\" content=\"image\/jpeg\" \/>\n<meta name=\"author\" content=\"mkajic\" \/>\n<meta name=\"twitter:card\" content=\"summary_large_image\" \/>\n<meta name=\"twitter:creator\" content=\"@evropska_kuca\" \/>\n<meta name=\"twitter:site\" content=\"@evropska_kuca\" \/>\n<meta name=\"twitter:label1\" content=\"Written by\" \/>\n\t<meta name=\"twitter:data1\" content=\"mkajic\" \/>\n\t<meta name=\"twitter:label2\" content=\"Est. reading time\" \/>\n\t<meta name=\"twitter:data2\" content=\"3 minutes\" \/>\n<script type=\"application\/ld+json\" class=\"yoast-schema-graph\">{\"@context\":\"https:\\\/\\\/schema.org\",\"@graph\":[{\"@type\":\"Article\",\"@id\":\"https:\\\/\\\/www.evropskakuca.me\\\/me\\\/uloga-medija-u-procesu-eu-integracije-od-neprocjenjive-vaznosti\\\/#article\",\"isPartOf\":{\"@id\":\"https:\\\/\\\/www.evropskakuca.me\\\/me\\\/uloga-medija-u-procesu-eu-integracije-od-neprocjenjive-vaznosti\\\/\"},\"author\":{\"name\":\"mkajic\",\"@id\":\"https:\\\/\\\/www.evropskakuca.me\\\/me\\\/#\\\/schema\\\/person\\\/a1d0dcdaefe4a1cd1d60d200ea137ba4\"},\"headline\":\"Uloga medija u procesu EU integracije od neprocjenjive va\u017enosti\",\"datePublished\":\"2018-07-11T11:17:40+00:00\",\"mainEntityOfPage\":{\"@id\":\"https:\\\/\\\/www.evropskakuca.me\\\/me\\\/uloga-medija-u-procesu-eu-integracije-od-neprocjenjive-vaznosti\\\/\"},\"wordCount\":523,\"commentCount\":0,\"publisher\":{\"@id\":\"https:\\\/\\\/www.evropskakuca.me\\\/me\\\/#organization\"},\"image\":{\"@id\":\"https:\\\/\\\/www.evropskakuca.me\\\/me\\\/uloga-medija-u-procesu-eu-integracije-od-neprocjenjive-vaznosti\\\/#primaryimage\"},\"thumbnailUrl\":\"https:\\\/\\\/www.evropskakuca.me\\\/wp-content\\\/uploads\\\/2018\\\/07\\\/1807905_awards-13.jpg\",\"articleSection\":[\"Novosti\"],\"inLanguage\":\"me-ME\",\"potentialAction\":[{\"@type\":\"CommentAction\",\"name\":\"Comment\",\"target\":[\"https:\\\/\\\/www.evropskakuca.me\\\/me\\\/uloga-medija-u-procesu-eu-integracije-od-neprocjenjive-vaznosti\\\/#respond\"]}]},{\"@type\":\"WebPage\",\"@id\":\"https:\\\/\\\/www.evropskakuca.me\\\/me\\\/uloga-medija-u-procesu-eu-integracije-od-neprocjenjive-vaznosti\\\/\",\"url\":\"https:\\\/\\\/www.evropskakuca.me\\\/me\\\/uloga-medija-u-procesu-eu-integracije-od-neprocjenjive-vaznosti\\\/\",\"name\":\"Uloga medija u procesu EU integracije od neprocjenjive va\u017enosti - Europe House\",\"isPartOf\":{\"@id\":\"https:\\\/\\\/www.evropskakuca.me\\\/me\\\/#website\"},\"primaryImageOfPage\":{\"@id\":\"https:\\\/\\\/www.evropskakuca.me\\\/me\\\/uloga-medija-u-procesu-eu-integracije-od-neprocjenjive-vaznosti\\\/#primaryimage\"},\"image\":{\"@id\":\"https:\\\/\\\/www.evropskakuca.me\\\/me\\\/uloga-medija-u-procesu-eu-integracije-od-neprocjenjive-vaznosti\\\/#primaryimage\"},\"thumbnailUrl\":\"https:\\\/\\\/www.evropskakuca.me\\\/wp-content\\\/uploads\\\/2018\\\/07\\\/1807905_awards-13.jpg\",\"datePublished\":\"2018-07-11T11:17:40+00:00\",\"breadcrumb\":{\"@id\":\"https:\\\/\\\/www.evropskakuca.me\\\/me\\\/uloga-medija-u-procesu-eu-integracije-od-neprocjenjive-vaznosti\\\/#breadcrumb\"},\"inLanguage\":\"me-ME\",\"potentialAction\":[{\"@type\":\"ReadAction\",\"target\":[\"https:\\\/\\\/www.evropskakuca.me\\\/me\\\/uloga-medija-u-procesu-eu-integracije-od-neprocjenjive-vaznosti\\\/\"]}]},{\"@type\":\"ImageObject\",\"inLanguage\":\"me-ME\",\"@id\":\"https:\\\/\\\/www.evropskakuca.me\\\/me\\\/uloga-medija-u-procesu-eu-integracije-od-neprocjenjive-vaznosti\\\/#primaryimage\",\"url\":\"https:\\\/\\\/www.evropskakuca.me\\\/wp-content\\\/uploads\\\/2018\\\/07\\\/1807905_awards-13.jpg\",\"contentUrl\":\"https:\\\/\\\/www.evropskakuca.me\\\/wp-content\\\/uploads\\\/2018\\\/07\\\/1807905_awards-13.jpg\",\"width\":2028,\"height\":1352},{\"@type\":\"BreadcrumbList\",\"@id\":\"https:\\\/\\\/www.evropskakuca.me\\\/me\\\/uloga-medija-u-procesu-eu-integracije-od-neprocjenjive-vaznosti\\\/#breadcrumb\",\"itemListElement\":[{\"@type\":\"ListItem\",\"position\":1,\"name\":\"Home\",\"item\":\"https:\\\/\\\/www.evropskakuca.me\\\/me\\\/\"},{\"@type\":\"ListItem\",\"position\":2,\"name\":\"Uloga medija u procesu EU integracije od neprocjenjive va\u017enosti\"}]},{\"@type\":\"WebSite\",\"@id\":\"https:\\\/\\\/www.evropskakuca.me\\\/me\\\/#website\",\"url\":\"https:\\\/\\\/www.evropskakuca.me\\\/me\\\/\",\"name\":\"Evropean house\",\"description\":\"\",\"publisher\":{\"@id\":\"https:\\\/\\\/www.evropskakuca.me\\\/me\\\/#organization\"},\"potentialAction\":[{\"@type\":\"SearchAction\",\"target\":{\"@type\":\"EntryPoint\",\"urlTemplate\":\"https:\\\/\\\/www.evropskakuca.me\\\/me\\\/?s={search_term_string}\"},\"query-input\":{\"@type\":\"PropertyValueSpecification\",\"valueRequired\":true,\"valueName\":\"search_term_string\"}}],\"inLanguage\":\"me-ME\"},{\"@type\":\"Organization\",\"@id\":\"https:\\\/\\\/www.evropskakuca.me\\\/me\\\/#organization\",\"name\":\"Evropean house\",\"url\":\"https:\\\/\\\/www.evropskakuca.me\\\/me\\\/\",\"logo\":{\"@type\":\"ImageObject\",\"inLanguage\":\"me-ME\",\"@id\":\"https:\\\/\\\/www.evropskakuca.me\\\/me\\\/#\\\/schema\\\/logo\\\/image\\\/\",\"url\":\"https:\\\/\\\/www.evropskakuca.me\\\/wp-content\\\/uploads\\\/2025\\\/01\\\/evropska-kuca-logo-1.png\",\"contentUrl\":\"https:\\\/\\\/www.evropskakuca.me\\\/wp-content\\\/uploads\\\/2025\\\/01\\\/evropska-kuca-logo-1.png\",\"width\":425,\"height\":312,\"caption\":\"Evropean house\"},\"image\":{\"@id\":\"https:\\\/\\\/www.evropskakuca.me\\\/me\\\/#\\\/schema\\\/logo\\\/image\\\/\"},\"sameAs\":[\"https:\\\/\\\/www.facebook.com\\\/evropska.kuca\",\"https:\\\/\\\/x.com\\\/evropska_kuca\",\"https:\\\/\\\/www.instagram.com\\\/evropska_kuca\"]},{\"@type\":\"Person\",\"@id\":\"https:\\\/\\\/www.evropskakuca.me\\\/me\\\/#\\\/schema\\\/person\\\/a1d0dcdaefe4a1cd1d60d200ea137ba4\",\"name\":\"mkajic\",\"image\":{\"@type\":\"ImageObject\",\"inLanguage\":\"me-ME\",\"@id\":\"https:\\\/\\\/secure.gravatar.com\\\/avatar\\\/731fa035cefab7316e6bafd1f25a93fb731a07de14e2d9923f8db4422628eabc?s=96&d=mm&r=g\",\"url\":\"https:\\\/\\\/secure.gravatar.com\\\/avatar\\\/731fa035cefab7316e6bafd1f25a93fb731a07de14e2d9923f8db4422628eabc?s=96&d=mm&r=g\",\"contentUrl\":\"https:\\\/\\\/secure.gravatar.com\\\/avatar\\\/731fa035cefab7316e6bafd1f25a93fb731a07de14e2d9923f8db4422628eabc?s=96&d=mm&r=g\",\"caption\":\"mkajic\"},\"sameAs\":[\"https:\\\/\\\/evropskakuca.me\"],\"url\":\"https:\\\/\\\/www.evropskakuca.me\\\/me\\\/author\\\/mkajic\\\/\"}]}<\/script>\n<!-- \/ Yoast SEO plugin. -->","yoast_head_json":{"title":"Uloga medija u procesu EU integracije od neprocjenjive va\u017enosti - Europe House","robots":{"index":"index","follow":"follow","max-snippet":"max-snippet:-1","max-image-preview":"max-image-preview:large","max-video-preview":"max-video-preview:-1"},"canonical":"https:\/\/www.evropskakuca.me\/me\/uloga-medija-u-procesu-eu-integracije-od-neprocjenjive-vaznosti\/","og_locale":"en_US","og_type":"article","og_title":"Uloga medija u procesu EU integracije od neprocjenjive va\u017enosti - Europe House","og_description":"Nagrade za najbolje TV pri\u010de o procesu integracije u EU","og_url":"https:\/\/www.evropskakuca.me\/me\/uloga-medija-u-procesu-eu-integracije-od-neprocjenjive-vaznosti\/","og_site_name":"Europe House","article_publisher":"https:\/\/www.facebook.com\/evropska.kuca","article_published_time":"2018-07-11T11:17:40+00:00","og_image":[{"width":1024,"height":683,"url":"https:\/\/www.evropskakuca.me\/wp-content\/uploads\/2018\/07\/1807905_awards-13-1024x683.jpg","type":"image\/jpeg"}],"author":"mkajic","twitter_card":"summary_large_image","twitter_creator":"@evropska_kuca","twitter_site":"@evropska_kuca","twitter_misc":{"Written by":"mkajic","Est. reading time":"3 minutes"},"schema":{"@context":"https:\/\/schema.org","@graph":[{"@type":"Article","@id":"https:\/\/www.evropskakuca.me\/me\/uloga-medija-u-procesu-eu-integracije-od-neprocjenjive-vaznosti\/#article","isPartOf":{"@id":"https:\/\/www.evropskakuca.me\/me\/uloga-medija-u-procesu-eu-integracije-od-neprocjenjive-vaznosti\/"},"author":{"name":"mkajic","@id":"https:\/\/www.evropskakuca.me\/me\/#\/schema\/person\/a1d0dcdaefe4a1cd1d60d200ea137ba4"},"headline":"Uloga medija u procesu EU integracije od neprocjenjive va\u017enosti","datePublished":"2018-07-11T11:17:40+00:00","mainEntityOfPage":{"@id":"https:\/\/www.evropskakuca.me\/me\/uloga-medija-u-procesu-eu-integracije-od-neprocjenjive-vaznosti\/"},"wordCount":523,"commentCount":0,"publisher":{"@id":"https:\/\/www.evropskakuca.me\/me\/#organization"},"image":{"@id":"https:\/\/www.evropskakuca.me\/me\/uloga-medija-u-procesu-eu-integracije-od-neprocjenjive-vaznosti\/#primaryimage"},"thumbnailUrl":"https:\/\/www.evropskakuca.me\/wp-content\/uploads\/2018\/07\/1807905_awards-13.jpg","articleSection":["Novosti"],"inLanguage":"me-ME","potentialAction":[{"@type":"CommentAction","name":"Comment","target":["https:\/\/www.evropskakuca.me\/me\/uloga-medija-u-procesu-eu-integracije-od-neprocjenjive-vaznosti\/#respond"]}]},{"@type":"WebPage","@id":"https:\/\/www.evropskakuca.me\/me\/uloga-medija-u-procesu-eu-integracije-od-neprocjenjive-vaznosti\/","url":"https:\/\/www.evropskakuca.me\/me\/uloga-medija-u-procesu-eu-integracije-od-neprocjenjive-vaznosti\/","name":"Uloga medija u procesu EU integracije od neprocjenjive va\u017enosti - Europe House","isPartOf":{"@id":"https:\/\/www.evropskakuca.me\/me\/#website"},"primaryImageOfPage":{"@id":"https:\/\/www.evropskakuca.me\/me\/uloga-medija-u-procesu-eu-integracije-od-neprocjenjive-vaznosti\/#primaryimage"},"image":{"@id":"https:\/\/www.evropskakuca.me\/me\/uloga-medija-u-procesu-eu-integracije-od-neprocjenjive-vaznosti\/#primaryimage"},"thumbnailUrl":"https:\/\/www.evropskakuca.me\/wp-content\/uploads\/2018\/07\/1807905_awards-13.jpg","datePublished":"2018-07-11T11:17:40+00:00","breadcrumb":{"@id":"https:\/\/www.evropskakuca.me\/me\/uloga-medija-u-procesu-eu-integracije-od-neprocjenjive-vaznosti\/#breadcrumb"},"inLanguage":"me-ME","potentialAction":[{"@type":"ReadAction","target":["https:\/\/www.evropskakuca.me\/me\/uloga-medija-u-procesu-eu-integracije-od-neprocjenjive-vaznosti\/"]}]},{"@type":"ImageObject","inLanguage":"me-ME","@id":"https:\/\/www.evropskakuca.me\/me\/uloga-medija-u-procesu-eu-integracije-od-neprocjenjive-vaznosti\/#primaryimage","url":"https:\/\/www.evropskakuca.me\/wp-content\/uploads\/2018\/07\/1807905_awards-13.jpg","contentUrl":"https:\/\/www.evropskakuca.me\/wp-content\/uploads\/2018\/07\/1807905_awards-13.jpg","width":2028,"height":1352},{"@type":"BreadcrumbList","@id":"https:\/\/www.evropskakuca.me\/me\/uloga-medija-u-procesu-eu-integracije-od-neprocjenjive-vaznosti\/#breadcrumb","itemListElement":[{"@type":"ListItem","position":1,"name":"Home","item":"https:\/\/www.evropskakuca.me\/me\/"},{"@type":"ListItem","position":2,"name":"Uloga medija u procesu EU integracije od neprocjenjive va\u017enosti"}]},{"@type":"WebSite","@id":"https:\/\/www.evropskakuca.me\/me\/#website","url":"https:\/\/www.evropskakuca.me\/me\/","name":"Evropean house","description":"","publisher":{"@id":"https:\/\/www.evropskakuca.me\/me\/#organization"},"potentialAction":[{"@type":"SearchAction","target":{"@type":"EntryPoint","urlTemplate":"https:\/\/www.evropskakuca.me\/me\/?s={search_term_string}"},"query-input":{"@type":"PropertyValueSpecification","valueRequired":true,"valueName":"search_term_string"}}],"inLanguage":"me-ME"},{"@type":"Organization","@id":"https:\/\/www.evropskakuca.me\/me\/#organization","name":"Evropean house","url":"https:\/\/www.evropskakuca.me\/me\/","logo":{"@type":"ImageObject","inLanguage":"me-ME","@id":"https:\/\/www.evropskakuca.me\/me\/#\/schema\/logo\/image\/","url":"https:\/\/www.evropskakuca.me\/wp-content\/uploads\/2025\/01\/evropska-kuca-logo-1.png","contentUrl":"https:\/\/www.evropskakuca.me\/wp-content\/uploads\/2025\/01\/evropska-kuca-logo-1.png","width":425,"height":312,"caption":"Evropean house"},"image":{"@id":"https:\/\/www.evropskakuca.me\/me\/#\/schema\/logo\/image\/"},"sameAs":["https:\/\/www.facebook.com\/evropska.kuca","https:\/\/x.com\/evropska_kuca","https:\/\/www.instagram.com\/evropska_kuca"]},{"@type":"Person","@id":"https:\/\/www.evropskakuca.me\/me\/#\/schema\/person\/a1d0dcdaefe4a1cd1d60d200ea137ba4","name":"mkajic","image":{"@type":"ImageObject","inLanguage":"me-ME","@id":"https:\/\/secure.gravatar.com\/avatar\/731fa035cefab7316e6bafd1f25a93fb731a07de14e2d9923f8db4422628eabc?s=96&d=mm&r=g","url":"https:\/\/secure.gravatar.com\/avatar\/731fa035cefab7316e6bafd1f25a93fb731a07de14e2d9923f8db4422628eabc?s=96&d=mm&r=g","contentUrl":"https:\/\/secure.gravatar.com\/avatar\/731fa035cefab7316e6bafd1f25a93fb731a07de14e2d9923f8db4422628eabc?s=96&d=mm&r=g","caption":"mkajic"},"sameAs":["https:\/\/evropskakuca.me"],"url":"https:\/\/www.evropskakuca.me\/me\/author\/mkajic\/"}]}},"_links":{"self":[{"href":"https:\/\/www.evropskakuca.me\/me\/wp-json\/wp\/v2\/posts\/5772","targetHints":{"allow":["GET"]}}],"collection":[{"href":"https:\/\/www.evropskakuca.me\/me\/wp-json\/wp\/v2\/posts"}],"about":[{"href":"https:\/\/www.evropskakuca.me\/me\/wp-json\/wp\/v2\/types\/post"}],"author":[{"embeddable":true,"href":"https:\/\/www.evropskakuca.me\/me\/wp-json\/wp\/v2\/users\/1"}],"replies":[{"embeddable":true,"href":"https:\/\/www.evropskakuca.me\/me\/wp-json\/wp\/v2\/comments?post=5772"}],"version-history":[{"count":0,"href":"https:\/\/www.evropskakuca.me\/me\/wp-json\/wp\/v2\/posts\/5772\/revisions"}],"wp:featuredmedia":[{"embeddable":true,"href":"https:\/\/www.evropskakuca.me\/me\/wp-json\/wp\/v2\/media\/33979"}],"wp:attachment":[{"href":"https:\/\/www.evropskakuca.me\/me\/wp-json\/wp\/v2\/media?parent=5772"}],"wp:term":[{"taxonomy":"category","embeddable":true,"href":"https:\/\/www.evropskakuca.me\/me\/wp-json\/wp\/v2\/categories?post=5772"},{"taxonomy":"post_tag","embeddable":true,"href":"https:\/\/www.evropskakuca.me\/me\/wp-json\/wp\/v2\/tags?post=5772"}],"curies":[{"name":"wp","href":"https:\/\/api.w.org\/{rel}","templated":true}]}}