{"id":5770,"date":"2018-07-09T14:43:33","date_gmt":"2018-07-09T14:43:33","guid":{"rendered":"http:\/\/www.evropskakuca.me\/me\/?p=5770"},"modified":"2018-07-09T14:43:33","modified_gmt":"2018-07-09T14:43:33","slug":"dani-evropskog-filma-2018-otvoreni-u-podgorici","status":"publish","type":"post","link":"https:\/\/www.evropskakuca.me\/me\/dani-evropskog-filma-2018-otvoreni-u-podgorici\/","title":{"rendered":"Dani evropskog filma 2018 otvoreni u Podgorici"},"content":{"rendered":"<p>Podgorica, 5. jula \u2013 Dani evropskog filma 2018. otvoreni su projekcijom Nikoli\u0107eve \u201eLjepote poroka\u201c u bioskopu Cineplexx. \u00a0Publika je pokazala veliko interesovanje, pa je filmska sala, ispunjena do posljednjeg mjesta, u\u017eivala u jednom od najva\u017enijih filmova crnogorske kinematografije. Tokom cijelog ljeta publika iz deset crnogorskih gradova \u0107e u okviru festivala imati priliku da vidi neke od najnovijih i najinteresantnijih evropskih filmova.<\/p>\n<p>Festival je zvani\u010dno otvorila Dudrone Urbonaviciute, zamjenica \u0161efa Sektora za saradnju u Delegaciji Evropske unije u Crnoj Gori.<\/p>\n<p>&#8220;Zadovoljstvo nam je predstaviti 16 filmova iz razli\u010ditih evropskih produkcija crnogorskoj publici. Ove godine festival je dio obilje\u017eavanja Evropske godine kulturnog naslije\u0111a, kako je proglasila Evropska unija i mogu rec\u0301i da su ovi filmovi najbolja prezentacija evropske kulture &#8220;, rekla je Urbonaviciute.<\/p>\n<p><a href=\"http:\/\/www.evropskakuca.me\/wp-content\/uploads\/2018\/07\/1807905_d_e_filma-9.jpg\"><img fetchpriority=\"high\" decoding=\"async\" class=\"alignleft size-large wp-image-5768\" src=\"http:\/\/www.evropskakuca.me\/wp-content\/uploads\/2018\/07\/1807905_d_e_filma-9-1024x683.jpg\" alt=\"\" width=\"1024\" height=\"683\" \/><\/a><\/p>\n<p>Ona je kazala da joj je drago \u0161to festival otvara filmom &#8220;Ljepota poroka&#8221;, jednog od najva\u017enijih crnogorskih filmskih re\u017eisera &#8211; \u017divka Nikolic\u0301a i dodala da ovaj film zaista odgovara ovogodi\u0161njem sloganu &#8211; &#8220;Na\u0161a ba\u0161tina: gdje se pro\u0161lost susrije\u0107e buduc\u0301nost &#8220;.<\/p>\n<p>Urbonaviciute je podsjetila da integracija u EU nije samo o poglavljima i pregovorima.<br \/>\n&#8220;Radi se o zajedni\u010dkim vrijednostima i kulturi, i to je ono \u0161to nas je dovelo ovdje ve\u010deras. Poslije Podgorice, idemo u jo\u0161 10 gradova i ne sumnjam da \u0107e i tamo interesovanje biti isto. \u00a0Evropska kinematografija je dobro poznata i popularna u Crnoj Gori, a mi smo odu\u0161evljeni ovakvim odzivom&#8221;, rekla je Urbonaviciute.<\/p>\n<p>Delegacija Evropske unije u Crnoj Gori, u saradnji sa ambasadama Bugarske, Republike \u010ce\u0161ke, Danske, Estonije, Gr\u010dke, Hrvatske, Holandije, Kipra, Letonije, Ma\u0111arske, Njema\u010dke, Rumunije, Slova\u010dke, Slovenije, \u0160vedske i Crnogorskom kinotekom, uz podr\u0161ku EU info centra, organizuje <strong>Dane evropskog filma u Crnoj Gori<\/strong>. \u0160esnaest filmova, razli\u010ditih \u017eanrova, najnovije evropske produkcije bi\u0107e prikazano u Podgorici <strong>od 5. do 13. jula u Sinepleksu<\/strong>, <strong><u>ulaz slobodan<\/u><\/strong>. Nakon Podgorice, u filmovima \u0107e imati priliku da u\u017eiva publika u jo\u0161 deset gradova: u Beranama, Bijelom Polju, Budvi, Kotoru, Mojkovcu, Nik\u0161i\u0107u, Petnjici, Petrovcu, Pljevljima, Tivtu i Ulcinju.<\/p>\n","protected":false},"excerpt":{"rendered":"<p>Ljepota poroka na otvaranju<\/p>\n","protected":false},"author":1,"featured_media":33989,"comment_status":"closed","ping_status":"closed","sticky":false,"template":"","format":"standard","meta":{"_acf_changed":false,"footnotes":""},"categories":[285,283],"tags":[],"class_list":["post-5770","post","type-post","status-publish","format-standard","has-post-thumbnail","hentry","category-kampanje-i-eventi","category-novosti-me"],"acf":[],"yoast_head":"<!-- This site is optimized with the Yoast SEO plugin v27.3 - https:\/\/yoast.com\/product\/yoast-seo-wordpress\/ -->\n<title>Dani evropskog filma 2018 otvoreni u Podgorici - Europe House<\/title>\n<meta name=\"robots\" content=\"index, follow, max-snippet:-1, max-image-preview:large, max-video-preview:-1\" \/>\n<link rel=\"canonical\" href=\"https:\/\/www.evropskakuca.me\/me\/dani-evropskog-filma-2018-otvoreni-u-podgorici\/\" \/>\n<meta property=\"og:locale\" content=\"en_US\" \/>\n<meta property=\"og:type\" content=\"article\" \/>\n<meta property=\"og:title\" content=\"Dani evropskog filma 2018 otvoreni u Podgorici - Europe House\" \/>\n<meta property=\"og:description\" content=\"Ljepota poroka na otvaranju\" \/>\n<meta property=\"og:url\" content=\"https:\/\/www.evropskakuca.me\/me\/dani-evropskog-filma-2018-otvoreni-u-podgorici\/\" \/>\n<meta property=\"og:site_name\" content=\"Europe House\" \/>\n<meta property=\"article:publisher\" content=\"https:\/\/www.facebook.com\/evropska.kuca\" \/>\n<meta property=\"article:published_time\" content=\"2018-07-09T14:43:33+00:00\" \/>\n<meta property=\"og:image\" content=\"https:\/\/www.evropskakuca.me\/wp-content\/uploads\/2018\/07\/1807905_d_e_filma-13-1024x683.jpg\" \/>\n\t<meta property=\"og:image:width\" content=\"1024\" \/>\n\t<meta property=\"og:image:height\" content=\"683\" \/>\n\t<meta property=\"og:image:type\" content=\"image\/jpeg\" \/>\n<meta name=\"author\" content=\"mkajic\" \/>\n<meta name=\"twitter:card\" content=\"summary_large_image\" \/>\n<meta name=\"twitter:creator\" content=\"@evropska_kuca\" \/>\n<meta name=\"twitter:site\" content=\"@evropska_kuca\" \/>\n<meta name=\"twitter:label1\" content=\"Written by\" \/>\n\t<meta name=\"twitter:data1\" content=\"mkajic\" \/>\n\t<meta name=\"twitter:label2\" content=\"Est. reading time\" \/>\n\t<meta name=\"twitter:data2\" content=\"2 minutes\" \/>\n<script type=\"application\/ld+json\" class=\"yoast-schema-graph\">{\"@context\":\"https:\\\/\\\/schema.org\",\"@graph\":[{\"@type\":\"Article\",\"@id\":\"https:\\\/\\\/www.evropskakuca.me\\\/me\\\/dani-evropskog-filma-2018-otvoreni-u-podgorici\\\/#article\",\"isPartOf\":{\"@id\":\"https:\\\/\\\/www.evropskakuca.me\\\/me\\\/dani-evropskog-filma-2018-otvoreni-u-podgorici\\\/\"},\"author\":{\"name\":\"mkajic\",\"@id\":\"https:\\\/\\\/www.evropskakuca.me\\\/me\\\/#\\\/schema\\\/person\\\/a1d0dcdaefe4a1cd1d60d200ea137ba4\"},\"headline\":\"Dani evropskog filma 2018 otvoreni u Podgorici\",\"datePublished\":\"2018-07-09T14:43:33+00:00\",\"mainEntityOfPage\":{\"@id\":\"https:\\\/\\\/www.evropskakuca.me\\\/me\\\/dani-evropskog-filma-2018-otvoreni-u-podgorici\\\/\"},\"wordCount\":344,\"publisher\":{\"@id\":\"https:\\\/\\\/www.evropskakuca.me\\\/me\\\/#organization\"},\"image\":{\"@id\":\"https:\\\/\\\/www.evropskakuca.me\\\/me\\\/dani-evropskog-filma-2018-otvoreni-u-podgorici\\\/#primaryimage\"},\"thumbnailUrl\":\"https:\\\/\\\/www.evropskakuca.me\\\/wp-content\\\/uploads\\\/2018\\\/07\\\/1807905_d_e_filma-13.jpg\",\"articleSection\":[\"Kampanje i eventi\",\"Novosti\"],\"inLanguage\":\"me-ME\"},{\"@type\":\"WebPage\",\"@id\":\"https:\\\/\\\/www.evropskakuca.me\\\/me\\\/dani-evropskog-filma-2018-otvoreni-u-podgorici\\\/\",\"url\":\"https:\\\/\\\/www.evropskakuca.me\\\/me\\\/dani-evropskog-filma-2018-otvoreni-u-podgorici\\\/\",\"name\":\"Dani evropskog filma 2018 otvoreni u Podgorici - Europe House\",\"isPartOf\":{\"@id\":\"https:\\\/\\\/www.evropskakuca.me\\\/me\\\/#website\"},\"primaryImageOfPage\":{\"@id\":\"https:\\\/\\\/www.evropskakuca.me\\\/me\\\/dani-evropskog-filma-2018-otvoreni-u-podgorici\\\/#primaryimage\"},\"image\":{\"@id\":\"https:\\\/\\\/www.evropskakuca.me\\\/me\\\/dani-evropskog-filma-2018-otvoreni-u-podgorici\\\/#primaryimage\"},\"thumbnailUrl\":\"https:\\\/\\\/www.evropskakuca.me\\\/wp-content\\\/uploads\\\/2018\\\/07\\\/1807905_d_e_filma-13.jpg\",\"datePublished\":\"2018-07-09T14:43:33+00:00\",\"breadcrumb\":{\"@id\":\"https:\\\/\\\/www.evropskakuca.me\\\/me\\\/dani-evropskog-filma-2018-otvoreni-u-podgorici\\\/#breadcrumb\"},\"inLanguage\":\"me-ME\",\"potentialAction\":[{\"@type\":\"ReadAction\",\"target\":[\"https:\\\/\\\/www.evropskakuca.me\\\/me\\\/dani-evropskog-filma-2018-otvoreni-u-podgorici\\\/\"]}]},{\"@type\":\"ImageObject\",\"inLanguage\":\"me-ME\",\"@id\":\"https:\\\/\\\/www.evropskakuca.me\\\/me\\\/dani-evropskog-filma-2018-otvoreni-u-podgorici\\\/#primaryimage\",\"url\":\"https:\\\/\\\/www.evropskakuca.me\\\/wp-content\\\/uploads\\\/2018\\\/07\\\/1807905_d_e_filma-13.jpg\",\"contentUrl\":\"https:\\\/\\\/www.evropskakuca.me\\\/wp-content\\\/uploads\\\/2018\\\/07\\\/1807905_d_e_filma-13.jpg\",\"width\":2028,\"height\":1352},{\"@type\":\"BreadcrumbList\",\"@id\":\"https:\\\/\\\/www.evropskakuca.me\\\/me\\\/dani-evropskog-filma-2018-otvoreni-u-podgorici\\\/#breadcrumb\",\"itemListElement\":[{\"@type\":\"ListItem\",\"position\":1,\"name\":\"Home\",\"item\":\"https:\\\/\\\/www.evropskakuca.me\\\/me\\\/\"},{\"@type\":\"ListItem\",\"position\":2,\"name\":\"Dani evropskog filma 2018 otvoreni u Podgorici\"}]},{\"@type\":\"WebSite\",\"@id\":\"https:\\\/\\\/www.evropskakuca.me\\\/me\\\/#website\",\"url\":\"https:\\\/\\\/www.evropskakuca.me\\\/me\\\/\",\"name\":\"Evropean house\",\"description\":\"\",\"publisher\":{\"@id\":\"https:\\\/\\\/www.evropskakuca.me\\\/me\\\/#organization\"},\"potentialAction\":[{\"@type\":\"SearchAction\",\"target\":{\"@type\":\"EntryPoint\",\"urlTemplate\":\"https:\\\/\\\/www.evropskakuca.me\\\/me\\\/?s={search_term_string}\"},\"query-input\":{\"@type\":\"PropertyValueSpecification\",\"valueRequired\":true,\"valueName\":\"search_term_string\"}}],\"inLanguage\":\"me-ME\"},{\"@type\":\"Organization\",\"@id\":\"https:\\\/\\\/www.evropskakuca.me\\\/me\\\/#organization\",\"name\":\"Evropean house\",\"url\":\"https:\\\/\\\/www.evropskakuca.me\\\/me\\\/\",\"logo\":{\"@type\":\"ImageObject\",\"inLanguage\":\"me-ME\",\"@id\":\"https:\\\/\\\/www.evropskakuca.me\\\/me\\\/#\\\/schema\\\/logo\\\/image\\\/\",\"url\":\"https:\\\/\\\/www.evropskakuca.me\\\/wp-content\\\/uploads\\\/2025\\\/01\\\/evropska-kuca-logo-1.png\",\"contentUrl\":\"https:\\\/\\\/www.evropskakuca.me\\\/wp-content\\\/uploads\\\/2025\\\/01\\\/evropska-kuca-logo-1.png\",\"width\":425,\"height\":312,\"caption\":\"Evropean house\"},\"image\":{\"@id\":\"https:\\\/\\\/www.evropskakuca.me\\\/me\\\/#\\\/schema\\\/logo\\\/image\\\/\"},\"sameAs\":[\"https:\\\/\\\/www.facebook.com\\\/evropska.kuca\",\"https:\\\/\\\/x.com\\\/evropska_kuca\",\"https:\\\/\\\/www.instagram.com\\\/evropska_kuca\"]},{\"@type\":\"Person\",\"@id\":\"https:\\\/\\\/www.evropskakuca.me\\\/me\\\/#\\\/schema\\\/person\\\/a1d0dcdaefe4a1cd1d60d200ea137ba4\",\"name\":\"mkajic\",\"image\":{\"@type\":\"ImageObject\",\"inLanguage\":\"me-ME\",\"@id\":\"https:\\\/\\\/secure.gravatar.com\\\/avatar\\\/731fa035cefab7316e6bafd1f25a93fb731a07de14e2d9923f8db4422628eabc?s=96&d=mm&r=g\",\"url\":\"https:\\\/\\\/secure.gravatar.com\\\/avatar\\\/731fa035cefab7316e6bafd1f25a93fb731a07de14e2d9923f8db4422628eabc?s=96&d=mm&r=g\",\"contentUrl\":\"https:\\\/\\\/secure.gravatar.com\\\/avatar\\\/731fa035cefab7316e6bafd1f25a93fb731a07de14e2d9923f8db4422628eabc?s=96&d=mm&r=g\",\"caption\":\"mkajic\"},\"sameAs\":[\"https:\\\/\\\/evropskakuca.me\"],\"url\":\"https:\\\/\\\/www.evropskakuca.me\\\/me\\\/author\\\/mkajic\\\/\"}]}<\/script>\n<!-- \/ Yoast SEO plugin. -->","yoast_head_json":{"title":"Dani evropskog filma 2018 otvoreni u Podgorici - Europe House","robots":{"index":"index","follow":"follow","max-snippet":"max-snippet:-1","max-image-preview":"max-image-preview:large","max-video-preview":"max-video-preview:-1"},"canonical":"https:\/\/www.evropskakuca.me\/me\/dani-evropskog-filma-2018-otvoreni-u-podgorici\/","og_locale":"en_US","og_type":"article","og_title":"Dani evropskog filma 2018 otvoreni u Podgorici - Europe House","og_description":"Ljepota poroka na otvaranju","og_url":"https:\/\/www.evropskakuca.me\/me\/dani-evropskog-filma-2018-otvoreni-u-podgorici\/","og_site_name":"Europe House","article_publisher":"https:\/\/www.facebook.com\/evropska.kuca","article_published_time":"2018-07-09T14:43:33+00:00","og_image":[{"width":1024,"height":683,"url":"https:\/\/www.evropskakuca.me\/wp-content\/uploads\/2018\/07\/1807905_d_e_filma-13-1024x683.jpg","type":"image\/jpeg"}],"author":"mkajic","twitter_card":"summary_large_image","twitter_creator":"@evropska_kuca","twitter_site":"@evropska_kuca","twitter_misc":{"Written by":"mkajic","Est. reading time":"2 minutes"},"schema":{"@context":"https:\/\/schema.org","@graph":[{"@type":"Article","@id":"https:\/\/www.evropskakuca.me\/me\/dani-evropskog-filma-2018-otvoreni-u-podgorici\/#article","isPartOf":{"@id":"https:\/\/www.evropskakuca.me\/me\/dani-evropskog-filma-2018-otvoreni-u-podgorici\/"},"author":{"name":"mkajic","@id":"https:\/\/www.evropskakuca.me\/me\/#\/schema\/person\/a1d0dcdaefe4a1cd1d60d200ea137ba4"},"headline":"Dani evropskog filma 2018 otvoreni u Podgorici","datePublished":"2018-07-09T14:43:33+00:00","mainEntityOfPage":{"@id":"https:\/\/www.evropskakuca.me\/me\/dani-evropskog-filma-2018-otvoreni-u-podgorici\/"},"wordCount":344,"publisher":{"@id":"https:\/\/www.evropskakuca.me\/me\/#organization"},"image":{"@id":"https:\/\/www.evropskakuca.me\/me\/dani-evropskog-filma-2018-otvoreni-u-podgorici\/#primaryimage"},"thumbnailUrl":"https:\/\/www.evropskakuca.me\/wp-content\/uploads\/2018\/07\/1807905_d_e_filma-13.jpg","articleSection":["Kampanje i eventi","Novosti"],"inLanguage":"me-ME"},{"@type":"WebPage","@id":"https:\/\/www.evropskakuca.me\/me\/dani-evropskog-filma-2018-otvoreni-u-podgorici\/","url":"https:\/\/www.evropskakuca.me\/me\/dani-evropskog-filma-2018-otvoreni-u-podgorici\/","name":"Dani evropskog filma 2018 otvoreni u Podgorici - Europe House","isPartOf":{"@id":"https:\/\/www.evropskakuca.me\/me\/#website"},"primaryImageOfPage":{"@id":"https:\/\/www.evropskakuca.me\/me\/dani-evropskog-filma-2018-otvoreni-u-podgorici\/#primaryimage"},"image":{"@id":"https:\/\/www.evropskakuca.me\/me\/dani-evropskog-filma-2018-otvoreni-u-podgorici\/#primaryimage"},"thumbnailUrl":"https:\/\/www.evropskakuca.me\/wp-content\/uploads\/2018\/07\/1807905_d_e_filma-13.jpg","datePublished":"2018-07-09T14:43:33+00:00","breadcrumb":{"@id":"https:\/\/www.evropskakuca.me\/me\/dani-evropskog-filma-2018-otvoreni-u-podgorici\/#breadcrumb"},"inLanguage":"me-ME","potentialAction":[{"@type":"ReadAction","target":["https:\/\/www.evropskakuca.me\/me\/dani-evropskog-filma-2018-otvoreni-u-podgorici\/"]}]},{"@type":"ImageObject","inLanguage":"me-ME","@id":"https:\/\/www.evropskakuca.me\/me\/dani-evropskog-filma-2018-otvoreni-u-podgorici\/#primaryimage","url":"https:\/\/www.evropskakuca.me\/wp-content\/uploads\/2018\/07\/1807905_d_e_filma-13.jpg","contentUrl":"https:\/\/www.evropskakuca.me\/wp-content\/uploads\/2018\/07\/1807905_d_e_filma-13.jpg","width":2028,"height":1352},{"@type":"BreadcrumbList","@id":"https:\/\/www.evropskakuca.me\/me\/dani-evropskog-filma-2018-otvoreni-u-podgorici\/#breadcrumb","itemListElement":[{"@type":"ListItem","position":1,"name":"Home","item":"https:\/\/www.evropskakuca.me\/me\/"},{"@type":"ListItem","position":2,"name":"Dani evropskog filma 2018 otvoreni u Podgorici"}]},{"@type":"WebSite","@id":"https:\/\/www.evropskakuca.me\/me\/#website","url":"https:\/\/www.evropskakuca.me\/me\/","name":"Evropean house","description":"","publisher":{"@id":"https:\/\/www.evropskakuca.me\/me\/#organization"},"potentialAction":[{"@type":"SearchAction","target":{"@type":"EntryPoint","urlTemplate":"https:\/\/www.evropskakuca.me\/me\/?s={search_term_string}"},"query-input":{"@type":"PropertyValueSpecification","valueRequired":true,"valueName":"search_term_string"}}],"inLanguage":"me-ME"},{"@type":"Organization","@id":"https:\/\/www.evropskakuca.me\/me\/#organization","name":"Evropean house","url":"https:\/\/www.evropskakuca.me\/me\/","logo":{"@type":"ImageObject","inLanguage":"me-ME","@id":"https:\/\/www.evropskakuca.me\/me\/#\/schema\/logo\/image\/","url":"https:\/\/www.evropskakuca.me\/wp-content\/uploads\/2025\/01\/evropska-kuca-logo-1.png","contentUrl":"https:\/\/www.evropskakuca.me\/wp-content\/uploads\/2025\/01\/evropska-kuca-logo-1.png","width":425,"height":312,"caption":"Evropean house"},"image":{"@id":"https:\/\/www.evropskakuca.me\/me\/#\/schema\/logo\/image\/"},"sameAs":["https:\/\/www.facebook.com\/evropska.kuca","https:\/\/x.com\/evropska_kuca","https:\/\/www.instagram.com\/evropska_kuca"]},{"@type":"Person","@id":"https:\/\/www.evropskakuca.me\/me\/#\/schema\/person\/a1d0dcdaefe4a1cd1d60d200ea137ba4","name":"mkajic","image":{"@type":"ImageObject","inLanguage":"me-ME","@id":"https:\/\/secure.gravatar.com\/avatar\/731fa035cefab7316e6bafd1f25a93fb731a07de14e2d9923f8db4422628eabc?s=96&d=mm&r=g","url":"https:\/\/secure.gravatar.com\/avatar\/731fa035cefab7316e6bafd1f25a93fb731a07de14e2d9923f8db4422628eabc?s=96&d=mm&r=g","contentUrl":"https:\/\/secure.gravatar.com\/avatar\/731fa035cefab7316e6bafd1f25a93fb731a07de14e2d9923f8db4422628eabc?s=96&d=mm&r=g","caption":"mkajic"},"sameAs":["https:\/\/evropskakuca.me"],"url":"https:\/\/www.evropskakuca.me\/me\/author\/mkajic\/"}]}},"_links":{"self":[{"href":"https:\/\/www.evropskakuca.me\/me\/wp-json\/wp\/v2\/posts\/5770","targetHints":{"allow":["GET"]}}],"collection":[{"href":"https:\/\/www.evropskakuca.me\/me\/wp-json\/wp\/v2\/posts"}],"about":[{"href":"https:\/\/www.evropskakuca.me\/me\/wp-json\/wp\/v2\/types\/post"}],"author":[{"embeddable":true,"href":"https:\/\/www.evropskakuca.me\/me\/wp-json\/wp\/v2\/users\/1"}],"replies":[{"embeddable":true,"href":"https:\/\/www.evropskakuca.me\/me\/wp-json\/wp\/v2\/comments?post=5770"}],"version-history":[{"count":0,"href":"https:\/\/www.evropskakuca.me\/me\/wp-json\/wp\/v2\/posts\/5770\/revisions"}],"wp:featuredmedia":[{"embeddable":true,"href":"https:\/\/www.evropskakuca.me\/me\/wp-json\/wp\/v2\/media\/33989"}],"wp:attachment":[{"href":"https:\/\/www.evropskakuca.me\/me\/wp-json\/wp\/v2\/media?parent=5770"}],"wp:term":[{"taxonomy":"category","embeddable":true,"href":"https:\/\/www.evropskakuca.me\/me\/wp-json\/wp\/v2\/categories?post=5770"},{"taxonomy":"post_tag","embeddable":true,"href":"https:\/\/www.evropskakuca.me\/me\/wp-json\/wp\/v2\/tags?post=5770"}],"curies":[{"name":"wp","href":"https:\/\/api.w.org\/{rel}","templated":true}]}}