{"id":5742,"date":"2018-07-03T09:17:44","date_gmt":"2018-07-03T09:17:44","guid":{"rendered":"http:\/\/www.evropskakuca.me\/me\/?p=5742"},"modified":"2018-07-03T09:17:44","modified_gmt":"2018-07-03T09:17:44","slug":"cervenjakov-cg-bi-mogla-u-eu-i-prije-2025","status":"publish","type":"post","link":"https:\/\/www.evropskakuca.me\/me\/cervenjakov-cg-bi-mogla-u-eu-i-prije-2025\/","title":{"rendered":"\u010cervenjakov: CG bi mogla u EU i prije 2025"},"content":{"rendered":"<p>Podgorica, 3. jul 2018. \u2013 Ambasador Bugarske u Crnoj Gori Mladen \u010cevernjakov predstavio je rezultate bugarskog predsjedavanja Savjetom Evropske unije.<\/p>\n<p>Prema njegovim rije\u010dima, predsjedavanje Bugarske Savjetom EU je bilo veliki izazov i odgovornost, ali je dokazalo da jedna, po evropskim standardima srednje &#8211; mala dr\u017eava, mo\u017ee kvalitetno da predsjedava.<\/p>\n<p><a href=\"http:\/\/www.evropskakuca.me\/wp-content\/uploads\/2018\/07\/1807903_bulg.jpg\"><img fetchpriority=\"high\" decoding=\"async\" class=\"aligncenter wp-image-5745 \" src=\"http:\/\/www.evropskakuca.me\/wp-content\/uploads\/2018\/07\/1807903_bulg.jpg\" alt=\"\" width=\"855\" height=\"570\" \/><\/a><\/p>\n<p>\u201eZadovoljni smo na\u0161im predsjedavanjem, to je bio veliki uspjeh i dokazali smo da smo sposobni da organizujemo tako va\u017ean doga\u0111aj\u201c, rekao je \u010cervenjakov.<\/p>\n<p>Prioritet tokom predsjedavanja, kako je kazao, bila je evropska perspektiva i povezanost dr\u017eava Zapadnog Balkana. \u010cervenjakov je naveo da je Deklaracija o evropskoj perspektivi dr\u017eava ovog regiona, donijeta u maju u Sofiji, veoma zna\u010dajna, jer poslednjih 15 godina EU nije donijela ni jedan takav dokument.<\/p>\n<p>\u201ePrioritet je da Zapadni Balkan bude stabilna, prosperitetna i razvijena zona,\u201c, kazao je \u010cervenjakov.<\/p>\n<p>Crna Gora bi mogla da pristupi Evropskoj uniji i prije 2025., ocijenio je ambasador Bugarske u Crnoj Gori, navode\u0107i da, kao lider u procesu integracija, mora da poka\u017ee jo\u0161 ve\u0107i progres u vladavini prava i slobodi medija.<\/p>\n<p><a href=\"http:\/\/www.evropskakuca.me\/wp-content\/uploads\/2018\/07\/1807903_bulg-6.jpg\"><img decoding=\"async\" class=\"aligncenter wp-image-5747 \" src=\"http:\/\/www.evropskakuca.me\/wp-content\/uploads\/2018\/07\/1807903_bulg-6.jpg\" alt=\"\" width=\"897\" height=\"598\" \/><\/a>Tokom svog presjedavanja, kako je rekao, Bugarska je isticala va\u017enost povezanosti putnog, \u017eeljezni\u010dkog i avio saobra\u0107aja zemalja Zapadnog Balkana, kao i va\u017enost rje\u0161avanja problema nezaposlenosti mladih.<\/p>\n<p>Jedna od klju\u010dnih tema tokom predsjedavanja bilo je i pitanje bezbjednosti i stabilnosti u regionu.<\/p>\n<p>\u201eMnogo je ura\u0111eno po pitanju rje\u0161avanja problema izbjeglica, kao i u borbi protiv terorizma\u201c, smatra \u010cervenjakov.<\/p>\n<p>\u010cervenjakov je kazao da bi Albanija i Makedonija mogle otpo\u010deti pristupne pregovore u junu sljede\u0107e godine, i da je Bugarska tokom predsjedavanja pregovarala sa Danskom, Francuskom i Holandijom koje su bile protiv.<\/p>\n<p>\u201eAlbanija i Makedonija bi pristupne pregovore mogle po\u010deti i ranije, ali to nije mogu\u0107e zbog nekih dr\u017eava koje su protiv\u201c, smatra \u010cervenjakov.<\/p>\n<p>On je kazao da o\u010dekuje da \u0107e i Austija tokom svog predsjedavanja nastaviti ovakvu politiku i da evropska perspektiva Zapadnog Balkana biti klju\u010dna tokom austrijskog predsjedavanja.<\/p>\n","protected":false},"excerpt":{"rendered":"<p>Predstavljeni rezultati bugarskog predsjedavanja Savjetom EU<\/p>\n","protected":false},"author":1,"featured_media":33971,"comment_status":"open","ping_status":"open","sticky":false,"template":"","format":"standard","meta":{"_acf_changed":false,"footnotes":""},"categories":[283],"tags":[],"class_list":["post-5742","post","type-post","status-publish","format-standard","has-post-thumbnail","hentry","category-novosti-me"],"acf":[],"yoast_head":"<!-- This site is optimized with the Yoast SEO plugin v27.3 - https:\/\/yoast.com\/product\/yoast-seo-wordpress\/ -->\n<title>\u010cervenjakov: CG bi mogla u EU i prije 2025 - Europe House<\/title>\n<meta name=\"robots\" content=\"index, follow, max-snippet:-1, max-image-preview:large, max-video-preview:-1\" \/>\n<link rel=\"canonical\" href=\"https:\/\/www.evropskakuca.me\/me\/cervenjakov-cg-bi-mogla-u-eu-i-prije-2025\/\" \/>\n<meta property=\"og:locale\" content=\"en_US\" \/>\n<meta property=\"og:type\" content=\"article\" \/>\n<meta property=\"og:title\" content=\"\u010cervenjakov: CG bi mogla u EU i prije 2025 - Europe House\" \/>\n<meta property=\"og:description\" content=\"Predstavljeni rezultati bugarskog predsjedavanja Savjetom EU\" \/>\n<meta property=\"og:url\" content=\"https:\/\/www.evropskakuca.me\/me\/cervenjakov-cg-bi-mogla-u-eu-i-prije-2025\/\" \/>\n<meta property=\"og:site_name\" content=\"Europe House\" \/>\n<meta property=\"article:publisher\" content=\"https:\/\/www.facebook.com\/evropska.kuca\" \/>\n<meta property=\"article:published_time\" content=\"2018-07-03T09:17:44+00:00\" \/>\n<meta property=\"og:image\" content=\"https:\/\/www.evropskakuca.me\/wp-content\/uploads\/2018\/07\/1807903_bulg-1.jpg\" \/>\n\t<meta property=\"og:image:width\" content=\"2028\" \/>\n\t<meta property=\"og:image:height\" content=\"1352\" \/>\n\t<meta property=\"og:image:type\" content=\"image\/jpeg\" \/>\n<meta name=\"author\" content=\"mkajic\" \/>\n<meta name=\"twitter:card\" content=\"summary_large_image\" \/>\n<meta name=\"twitter:creator\" content=\"@evropska_kuca\" \/>\n<meta name=\"twitter:site\" content=\"@evropska_kuca\" \/>\n<meta name=\"twitter:label1\" content=\"Written by\" \/>\n\t<meta name=\"twitter:data1\" content=\"mkajic\" \/>\n\t<meta name=\"twitter:label2\" content=\"Est. reading time\" \/>\n\t<meta name=\"twitter:data2\" content=\"2 minutes\" \/>\n<script type=\"application\/ld+json\" class=\"yoast-schema-graph\">{\"@context\":\"https:\\\/\\\/schema.org\",\"@graph\":[{\"@type\":\"Article\",\"@id\":\"https:\\\/\\\/www.evropskakuca.me\\\/me\\\/cervenjakov-cg-bi-mogla-u-eu-i-prije-2025\\\/#article\",\"isPartOf\":{\"@id\":\"https:\\\/\\\/www.evropskakuca.me\\\/me\\\/cervenjakov-cg-bi-mogla-u-eu-i-prije-2025\\\/\"},\"author\":{\"name\":\"mkajic\",\"@id\":\"https:\\\/\\\/www.evropskakuca.me\\\/me\\\/#\\\/schema\\\/person\\\/a1d0dcdaefe4a1cd1d60d200ea137ba4\"},\"headline\":\"\u010cervenjakov: CG bi mogla u EU i prije 2025\",\"datePublished\":\"2018-07-03T09:17:44+00:00\",\"mainEntityOfPage\":{\"@id\":\"https:\\\/\\\/www.evropskakuca.me\\\/me\\\/cervenjakov-cg-bi-mogla-u-eu-i-prije-2025\\\/\"},\"wordCount\":335,\"commentCount\":0,\"publisher\":{\"@id\":\"https:\\\/\\\/www.evropskakuca.me\\\/me\\\/#organization\"},\"image\":{\"@id\":\"https:\\\/\\\/www.evropskakuca.me\\\/me\\\/cervenjakov-cg-bi-mogla-u-eu-i-prije-2025\\\/#primaryimage\"},\"thumbnailUrl\":\"https:\\\/\\\/www.evropskakuca.me\\\/wp-content\\\/uploads\\\/2018\\\/07\\\/1807903_bulg-1.jpg\",\"articleSection\":[\"Novosti\"],\"inLanguage\":\"me-ME\",\"potentialAction\":[{\"@type\":\"CommentAction\",\"name\":\"Comment\",\"target\":[\"https:\\\/\\\/www.evropskakuca.me\\\/me\\\/cervenjakov-cg-bi-mogla-u-eu-i-prije-2025\\\/#respond\"]}]},{\"@type\":\"WebPage\",\"@id\":\"https:\\\/\\\/www.evropskakuca.me\\\/me\\\/cervenjakov-cg-bi-mogla-u-eu-i-prije-2025\\\/\",\"url\":\"https:\\\/\\\/www.evropskakuca.me\\\/me\\\/cervenjakov-cg-bi-mogla-u-eu-i-prije-2025\\\/\",\"name\":\"\u010cervenjakov: CG bi mogla u EU i prije 2025 - Europe House\",\"isPartOf\":{\"@id\":\"https:\\\/\\\/www.evropskakuca.me\\\/me\\\/#website\"},\"primaryImageOfPage\":{\"@id\":\"https:\\\/\\\/www.evropskakuca.me\\\/me\\\/cervenjakov-cg-bi-mogla-u-eu-i-prije-2025\\\/#primaryimage\"},\"image\":{\"@id\":\"https:\\\/\\\/www.evropskakuca.me\\\/me\\\/cervenjakov-cg-bi-mogla-u-eu-i-prije-2025\\\/#primaryimage\"},\"thumbnailUrl\":\"https:\\\/\\\/www.evropskakuca.me\\\/wp-content\\\/uploads\\\/2018\\\/07\\\/1807903_bulg-1.jpg\",\"datePublished\":\"2018-07-03T09:17:44+00:00\",\"breadcrumb\":{\"@id\":\"https:\\\/\\\/www.evropskakuca.me\\\/me\\\/cervenjakov-cg-bi-mogla-u-eu-i-prije-2025\\\/#breadcrumb\"},\"inLanguage\":\"me-ME\",\"potentialAction\":[{\"@type\":\"ReadAction\",\"target\":[\"https:\\\/\\\/www.evropskakuca.me\\\/me\\\/cervenjakov-cg-bi-mogla-u-eu-i-prije-2025\\\/\"]}]},{\"@type\":\"ImageObject\",\"inLanguage\":\"me-ME\",\"@id\":\"https:\\\/\\\/www.evropskakuca.me\\\/me\\\/cervenjakov-cg-bi-mogla-u-eu-i-prije-2025\\\/#primaryimage\",\"url\":\"https:\\\/\\\/www.evropskakuca.me\\\/wp-content\\\/uploads\\\/2018\\\/07\\\/1807903_bulg-1.jpg\",\"contentUrl\":\"https:\\\/\\\/www.evropskakuca.me\\\/wp-content\\\/uploads\\\/2018\\\/07\\\/1807903_bulg-1.jpg\",\"width\":2028,\"height\":1352},{\"@type\":\"BreadcrumbList\",\"@id\":\"https:\\\/\\\/www.evropskakuca.me\\\/me\\\/cervenjakov-cg-bi-mogla-u-eu-i-prije-2025\\\/#breadcrumb\",\"itemListElement\":[{\"@type\":\"ListItem\",\"position\":1,\"name\":\"Home\",\"item\":\"https:\\\/\\\/www.evropskakuca.me\\\/me\\\/\"},{\"@type\":\"ListItem\",\"position\":2,\"name\":\"\u010cervenjakov: CG bi mogla u EU i prije 2025\"}]},{\"@type\":\"WebSite\",\"@id\":\"https:\\\/\\\/www.evropskakuca.me\\\/me\\\/#website\",\"url\":\"https:\\\/\\\/www.evropskakuca.me\\\/me\\\/\",\"name\":\"Evropean house\",\"description\":\"\",\"publisher\":{\"@id\":\"https:\\\/\\\/www.evropskakuca.me\\\/me\\\/#organization\"},\"potentialAction\":[{\"@type\":\"SearchAction\",\"target\":{\"@type\":\"EntryPoint\",\"urlTemplate\":\"https:\\\/\\\/www.evropskakuca.me\\\/me\\\/?s={search_term_string}\"},\"query-input\":{\"@type\":\"PropertyValueSpecification\",\"valueRequired\":true,\"valueName\":\"search_term_string\"}}],\"inLanguage\":\"me-ME\"},{\"@type\":\"Organization\",\"@id\":\"https:\\\/\\\/www.evropskakuca.me\\\/me\\\/#organization\",\"name\":\"Evropean house\",\"url\":\"https:\\\/\\\/www.evropskakuca.me\\\/me\\\/\",\"logo\":{\"@type\":\"ImageObject\",\"inLanguage\":\"me-ME\",\"@id\":\"https:\\\/\\\/www.evropskakuca.me\\\/me\\\/#\\\/schema\\\/logo\\\/image\\\/\",\"url\":\"https:\\\/\\\/www.evropskakuca.me\\\/wp-content\\\/uploads\\\/2025\\\/01\\\/evropska-kuca-logo-1.png\",\"contentUrl\":\"https:\\\/\\\/www.evropskakuca.me\\\/wp-content\\\/uploads\\\/2025\\\/01\\\/evropska-kuca-logo-1.png\",\"width\":425,\"height\":312,\"caption\":\"Evropean house\"},\"image\":{\"@id\":\"https:\\\/\\\/www.evropskakuca.me\\\/me\\\/#\\\/schema\\\/logo\\\/image\\\/\"},\"sameAs\":[\"https:\\\/\\\/www.facebook.com\\\/evropska.kuca\",\"https:\\\/\\\/x.com\\\/evropska_kuca\",\"https:\\\/\\\/www.instagram.com\\\/evropska_kuca\"]},{\"@type\":\"Person\",\"@id\":\"https:\\\/\\\/www.evropskakuca.me\\\/me\\\/#\\\/schema\\\/person\\\/a1d0dcdaefe4a1cd1d60d200ea137ba4\",\"name\":\"mkajic\",\"image\":{\"@type\":\"ImageObject\",\"inLanguage\":\"me-ME\",\"@id\":\"https:\\\/\\\/secure.gravatar.com\\\/avatar\\\/731fa035cefab7316e6bafd1f25a93fb731a07de14e2d9923f8db4422628eabc?s=96&d=mm&r=g\",\"url\":\"https:\\\/\\\/secure.gravatar.com\\\/avatar\\\/731fa035cefab7316e6bafd1f25a93fb731a07de14e2d9923f8db4422628eabc?s=96&d=mm&r=g\",\"contentUrl\":\"https:\\\/\\\/secure.gravatar.com\\\/avatar\\\/731fa035cefab7316e6bafd1f25a93fb731a07de14e2d9923f8db4422628eabc?s=96&d=mm&r=g\",\"caption\":\"mkajic\"},\"sameAs\":[\"https:\\\/\\\/evropskakuca.me\"],\"url\":\"https:\\\/\\\/www.evropskakuca.me\\\/me\\\/author\\\/mkajic\\\/\"}]}<\/script>\n<!-- \/ Yoast SEO plugin. -->","yoast_head_json":{"title":"\u010cervenjakov: CG bi mogla u EU i prije 2025 - Europe House","robots":{"index":"index","follow":"follow","max-snippet":"max-snippet:-1","max-image-preview":"max-image-preview:large","max-video-preview":"max-video-preview:-1"},"canonical":"https:\/\/www.evropskakuca.me\/me\/cervenjakov-cg-bi-mogla-u-eu-i-prije-2025\/","og_locale":"en_US","og_type":"article","og_title":"\u010cervenjakov: CG bi mogla u EU i prije 2025 - Europe House","og_description":"Predstavljeni rezultati bugarskog predsjedavanja Savjetom EU","og_url":"https:\/\/www.evropskakuca.me\/me\/cervenjakov-cg-bi-mogla-u-eu-i-prije-2025\/","og_site_name":"Europe House","article_publisher":"https:\/\/www.facebook.com\/evropska.kuca","article_published_time":"2018-07-03T09:17:44+00:00","og_image":[{"width":2028,"height":1352,"url":"https:\/\/www.evropskakuca.me\/wp-content\/uploads\/2018\/07\/1807903_bulg-1.jpg","type":"image\/jpeg"}],"author":"mkajic","twitter_card":"summary_large_image","twitter_creator":"@evropska_kuca","twitter_site":"@evropska_kuca","twitter_misc":{"Written by":"mkajic","Est. reading time":"2 minutes"},"schema":{"@context":"https:\/\/schema.org","@graph":[{"@type":"Article","@id":"https:\/\/www.evropskakuca.me\/me\/cervenjakov-cg-bi-mogla-u-eu-i-prije-2025\/#article","isPartOf":{"@id":"https:\/\/www.evropskakuca.me\/me\/cervenjakov-cg-bi-mogla-u-eu-i-prije-2025\/"},"author":{"name":"mkajic","@id":"https:\/\/www.evropskakuca.me\/me\/#\/schema\/person\/a1d0dcdaefe4a1cd1d60d200ea137ba4"},"headline":"\u010cervenjakov: CG bi mogla u EU i prije 2025","datePublished":"2018-07-03T09:17:44+00:00","mainEntityOfPage":{"@id":"https:\/\/www.evropskakuca.me\/me\/cervenjakov-cg-bi-mogla-u-eu-i-prije-2025\/"},"wordCount":335,"commentCount":0,"publisher":{"@id":"https:\/\/www.evropskakuca.me\/me\/#organization"},"image":{"@id":"https:\/\/www.evropskakuca.me\/me\/cervenjakov-cg-bi-mogla-u-eu-i-prije-2025\/#primaryimage"},"thumbnailUrl":"https:\/\/www.evropskakuca.me\/wp-content\/uploads\/2018\/07\/1807903_bulg-1.jpg","articleSection":["Novosti"],"inLanguage":"me-ME","potentialAction":[{"@type":"CommentAction","name":"Comment","target":["https:\/\/www.evropskakuca.me\/me\/cervenjakov-cg-bi-mogla-u-eu-i-prije-2025\/#respond"]}]},{"@type":"WebPage","@id":"https:\/\/www.evropskakuca.me\/me\/cervenjakov-cg-bi-mogla-u-eu-i-prije-2025\/","url":"https:\/\/www.evropskakuca.me\/me\/cervenjakov-cg-bi-mogla-u-eu-i-prije-2025\/","name":"\u010cervenjakov: CG bi mogla u EU i prije 2025 - Europe House","isPartOf":{"@id":"https:\/\/www.evropskakuca.me\/me\/#website"},"primaryImageOfPage":{"@id":"https:\/\/www.evropskakuca.me\/me\/cervenjakov-cg-bi-mogla-u-eu-i-prije-2025\/#primaryimage"},"image":{"@id":"https:\/\/www.evropskakuca.me\/me\/cervenjakov-cg-bi-mogla-u-eu-i-prije-2025\/#primaryimage"},"thumbnailUrl":"https:\/\/www.evropskakuca.me\/wp-content\/uploads\/2018\/07\/1807903_bulg-1.jpg","datePublished":"2018-07-03T09:17:44+00:00","breadcrumb":{"@id":"https:\/\/www.evropskakuca.me\/me\/cervenjakov-cg-bi-mogla-u-eu-i-prije-2025\/#breadcrumb"},"inLanguage":"me-ME","potentialAction":[{"@type":"ReadAction","target":["https:\/\/www.evropskakuca.me\/me\/cervenjakov-cg-bi-mogla-u-eu-i-prije-2025\/"]}]},{"@type":"ImageObject","inLanguage":"me-ME","@id":"https:\/\/www.evropskakuca.me\/me\/cervenjakov-cg-bi-mogla-u-eu-i-prije-2025\/#primaryimage","url":"https:\/\/www.evropskakuca.me\/wp-content\/uploads\/2018\/07\/1807903_bulg-1.jpg","contentUrl":"https:\/\/www.evropskakuca.me\/wp-content\/uploads\/2018\/07\/1807903_bulg-1.jpg","width":2028,"height":1352},{"@type":"BreadcrumbList","@id":"https:\/\/www.evropskakuca.me\/me\/cervenjakov-cg-bi-mogla-u-eu-i-prije-2025\/#breadcrumb","itemListElement":[{"@type":"ListItem","position":1,"name":"Home","item":"https:\/\/www.evropskakuca.me\/me\/"},{"@type":"ListItem","position":2,"name":"\u010cervenjakov: CG bi mogla u EU i prije 2025"}]},{"@type":"WebSite","@id":"https:\/\/www.evropskakuca.me\/me\/#website","url":"https:\/\/www.evropskakuca.me\/me\/","name":"Evropean house","description":"","publisher":{"@id":"https:\/\/www.evropskakuca.me\/me\/#organization"},"potentialAction":[{"@type":"SearchAction","target":{"@type":"EntryPoint","urlTemplate":"https:\/\/www.evropskakuca.me\/me\/?s={search_term_string}"},"query-input":{"@type":"PropertyValueSpecification","valueRequired":true,"valueName":"search_term_string"}}],"inLanguage":"me-ME"},{"@type":"Organization","@id":"https:\/\/www.evropskakuca.me\/me\/#organization","name":"Evropean house","url":"https:\/\/www.evropskakuca.me\/me\/","logo":{"@type":"ImageObject","inLanguage":"me-ME","@id":"https:\/\/www.evropskakuca.me\/me\/#\/schema\/logo\/image\/","url":"https:\/\/www.evropskakuca.me\/wp-content\/uploads\/2025\/01\/evropska-kuca-logo-1.png","contentUrl":"https:\/\/www.evropskakuca.me\/wp-content\/uploads\/2025\/01\/evropska-kuca-logo-1.png","width":425,"height":312,"caption":"Evropean house"},"image":{"@id":"https:\/\/www.evropskakuca.me\/me\/#\/schema\/logo\/image\/"},"sameAs":["https:\/\/www.facebook.com\/evropska.kuca","https:\/\/x.com\/evropska_kuca","https:\/\/www.instagram.com\/evropska_kuca"]},{"@type":"Person","@id":"https:\/\/www.evropskakuca.me\/me\/#\/schema\/person\/a1d0dcdaefe4a1cd1d60d200ea137ba4","name":"mkajic","image":{"@type":"ImageObject","inLanguage":"me-ME","@id":"https:\/\/secure.gravatar.com\/avatar\/731fa035cefab7316e6bafd1f25a93fb731a07de14e2d9923f8db4422628eabc?s=96&d=mm&r=g","url":"https:\/\/secure.gravatar.com\/avatar\/731fa035cefab7316e6bafd1f25a93fb731a07de14e2d9923f8db4422628eabc?s=96&d=mm&r=g","contentUrl":"https:\/\/secure.gravatar.com\/avatar\/731fa035cefab7316e6bafd1f25a93fb731a07de14e2d9923f8db4422628eabc?s=96&d=mm&r=g","caption":"mkajic"},"sameAs":["https:\/\/evropskakuca.me"],"url":"https:\/\/www.evropskakuca.me\/me\/author\/mkajic\/"}]}},"_links":{"self":[{"href":"https:\/\/www.evropskakuca.me\/me\/wp-json\/wp\/v2\/posts\/5742","targetHints":{"allow":["GET"]}}],"collection":[{"href":"https:\/\/www.evropskakuca.me\/me\/wp-json\/wp\/v2\/posts"}],"about":[{"href":"https:\/\/www.evropskakuca.me\/me\/wp-json\/wp\/v2\/types\/post"}],"author":[{"embeddable":true,"href":"https:\/\/www.evropskakuca.me\/me\/wp-json\/wp\/v2\/users\/1"}],"replies":[{"embeddable":true,"href":"https:\/\/www.evropskakuca.me\/me\/wp-json\/wp\/v2\/comments?post=5742"}],"version-history":[{"count":0,"href":"https:\/\/www.evropskakuca.me\/me\/wp-json\/wp\/v2\/posts\/5742\/revisions"}],"wp:featuredmedia":[{"embeddable":true,"href":"https:\/\/www.evropskakuca.me\/me\/wp-json\/wp\/v2\/media\/33971"}],"wp:attachment":[{"href":"https:\/\/www.evropskakuca.me\/me\/wp-json\/wp\/v2\/media?parent=5742"}],"wp:term":[{"taxonomy":"category","embeddable":true,"href":"https:\/\/www.evropskakuca.me\/me\/wp-json\/wp\/v2\/categories?post=5742"},{"taxonomy":"post_tag","embeddable":true,"href":"https:\/\/www.evropskakuca.me\/me\/wp-json\/wp\/v2\/tags?post=5742"}],"curies":[{"name":"wp","href":"https:\/\/api.w.org\/{rel}","templated":true}]}}