{"id":5721,"date":"2018-07-08T21:32:48","date_gmt":"2018-07-08T21:32:48","guid":{"rendered":"http:\/\/www.evropskakuca.me\/me\/?p=5721"},"modified":"2018-07-08T21:32:48","modified_gmt":"2018-07-08T21:32:48","slug":"dani-evropskog-filma-2018","status":"publish","type":"post","link":"https:\/\/www.evropskakuca.me\/me\/dani-evropskog-filma-2018\/","title":{"rendered":"Dani evropskog filma 2018."},"content":{"rendered":"<p>Delegacija Evropske unije u Crnoj Gori, u saradnju sa ambasadama Bugarske, Republike \u010ce\u0161ke, Danske, Estonije, Gr\u010dke, Hrvatske, Holandije, Kipra, Letonije, Ma\u0111arske, Njema\u010dke, Rumunije, Slova\u010dke, Slovenije, \u0160vedske i Crnogorskom kinotekom, uz podr\u0161ku EU info centra, organizuje <strong>Dane evropskog filma u Crnoj Gori<\/strong>. \u0160esnaest filmova, razli\u010ditih \u017eanrova, najnovije evropske produkcije bi\u0107e prikazano u Podgorici <strong>od 5. do 13. jula u Sinepleksu<\/strong>, <strong><u>ulaz slobodan<\/u><\/strong>. Nakon Podgorice, u filmovima \u0107e imati priliku da u\u017eiva publika u jo\u0161 deset gradova: u Beranama, Bijelom Polju, Budvi, Kotoru, Mojkovcu, Nik\u0161i\u0107u, Petnjici, Petrovcu, Pljevljima, Tivtu i Ulcinju.<\/p>\n<p>Katalog festivala mo\u017eete preuzeti <a href=\"http:\/\/www.evropskakuca.me\/wp-content\/uploads\/2018\/07\/Katalog-DEF-2018-za-web.pdf\"><u>ovdje.<\/u><\/a><\/p>\n<p>Evropska unija je 2018. proglasila za Godinu kulturne ba\u0161tine. Dane evropskog filma u Podgorici, <strong>5. jula u 20h<\/strong>, otvori\u0107e <strong><em>\u201eLjepota poroka\u201c, \u017divka Nikoli\u0107a<\/em><\/strong>, velikana crnogorske i evropske kinematografije. Dan pred otvaranje manifestacije, <strong>4. jula u 11h, <\/strong>EU info centar, u saradnji sa Crnogorskom kinotekom<strong>, <\/strong>organizuje panel diskusiju o crnogorskoj kinematografiji sa akcentom na autorski opus \u017divka Nikoli\u0107a. Kako je bilo raditi sa \u017divkom govori\u0107e glumac <strong>Boro Sjepanovi\u0107<\/strong>, kao i reditelji <strong>Branko Baleti\u0107<\/strong> i <strong>Andro Martinovi\u0107<\/strong>.<\/p>\n<p>\u017divko Nikolic\u0301 je najpoznatiji crnogorski filmski re\u017eiser sa sna\u017enim uticajem na jugoslovensku i evropsku kinematografiju. Njegove filmove slavili su i kriti\u010dari i publika, a osvojio nekoliko nagrada na evropskim festivalima.<\/p>\n<p>Nikolic\u0301 je bio kontroverzna i tragi\u010dna figura, slavljena tokom \u017eivota, ali i osporavana, uglavnom od strane politi\u010dkog establi\u0161menta, kojem se nije dopadala Nikoli\u0107eva umjetni\u010dka viziju crnogorskog dru\u0161tva i tradicije. Njegov beskompromisan sudar sa zaostalo\u0161c\u0301u dru\u0161tva i precizna disekcija dru\u0161tvenih promjena izazvanih modernizacijom smatrani su nepatriotskim. Uprkos tome, publika je obo\u017eavala Nikolic\u0301eve filmove. Njegov jedinstveni narativni\/vizuelni stil postao je prepoznatljiv, popularan, a citati iz njegovih filmova postali su \u0161iroko kori\u0161\u0107eni u svakodnevnom govoru. &#8220;Ljepota poroka&#8221; jedan je od najva\u017enijih filmova o seksualnom oslobo\u0111enju \u017eena u isto\u010dnoevropskoj kinematografiji. U to vrijeme bio je najgledaniji jugoslovenski film u Izraelu.<\/p>\n<p>Na Nikolic\u0301eve filmove i umjetni\u010dki senzibilitet sna\u017eno su uticale Crna Gora, njen narod i tradicija. Govorio je da bez Crne Gore i njenog naroda ne bi mogao da se kreativno orijenti\u0161e. Njegovi filmski junaci bili su obi\u010dni ljudi. Rekao je: &#8220;Verujem da su ove tamne slike obi\u010dnih ljudi bli\u017ee istini o \u010dovje\u010danstvu. Ako uop\u0161te ima sjajnih ljudi &#8230; Veliki ljudi su fiktivni i izgledaju kao potreba mali\u0161ana &#8220;.<\/p>\n","protected":false},"excerpt":{"rendered":"<p> \u0160esnaest filmova, razli\u010ditih \u017eanrova, najnovije evropske produkcije bi\u0107e prikazano u Podgorici od 5. do 13. jula u Sinepleksu, ulaz slobodan<\/p>\n","protected":false},"author":1,"featured_media":34029,"comment_status":"open","ping_status":"open","sticky":false,"template":"","format":"standard","meta":{"_acf_changed":false,"footnotes":""},"categories":[284],"tags":[],"class_list":["post-5721","post","type-post","status-publish","format-standard","has-post-thumbnail","hentry","category-my-eu-story-me"],"acf":[],"yoast_head":"<!-- This site is optimized with the Yoast SEO plugin v27.3 - https:\/\/yoast.com\/product\/yoast-seo-wordpress\/ -->\n<title>Dani evropskog filma 2018. - Europe House<\/title>\n<meta name=\"robots\" content=\"index, follow, max-snippet:-1, max-image-preview:large, max-video-preview:-1\" \/>\n<link rel=\"canonical\" href=\"https:\/\/www.evropskakuca.me\/me\/dani-evropskog-filma-2018\/\" \/>\n<meta property=\"og:locale\" content=\"en_US\" \/>\n<meta property=\"og:type\" content=\"article\" \/>\n<meta property=\"og:title\" content=\"Dani evropskog filma 2018. - Europe House\" \/>\n<meta property=\"og:description\" content=\"\u0160esnaest filmova, razli\u010ditih \u017eanrova, najnovije evropske produkcije bi\u0107e prikazano u Podgorici od 5. do 13. jula u Sinepleksu, ulaz slobodan\" \/>\n<meta property=\"og:url\" content=\"https:\/\/www.evropskakuca.me\/me\/dani-evropskog-filma-2018\/\" \/>\n<meta property=\"og:site_name\" content=\"Europe House\" \/>\n<meta property=\"article:publisher\" content=\"https:\/\/www.facebook.com\/evropska.kuca\" \/>\n<meta property=\"article:published_time\" content=\"2018-07-08T21:32:48+00:00\" \/>\n<meta property=\"og:image\" content=\"https:\/\/www.evropskakuca.me\/wp-content\/uploads\/2018\/07\/dani-evropskog-filma.jpg\" \/>\n\t<meta property=\"og:image:width\" content=\"770\" \/>\n\t<meta property=\"og:image:height\" content=\"548\" \/>\n\t<meta property=\"og:image:type\" content=\"image\/jpeg\" \/>\n<meta name=\"author\" content=\"mkajic\" \/>\n<meta name=\"twitter:card\" content=\"summary_large_image\" \/>\n<meta name=\"twitter:creator\" content=\"@evropska_kuca\" \/>\n<meta name=\"twitter:site\" content=\"@evropska_kuca\" \/>\n<meta name=\"twitter:label1\" content=\"Written by\" \/>\n\t<meta name=\"twitter:data1\" content=\"mkajic\" \/>\n\t<meta name=\"twitter:label2\" content=\"Est. reading time\" \/>\n\t<meta name=\"twitter:data2\" content=\"2 minutes\" \/>\n<script type=\"application\/ld+json\" class=\"yoast-schema-graph\">{\"@context\":\"https:\\\/\\\/schema.org\",\"@graph\":[{\"@type\":\"Article\",\"@id\":\"https:\\\/\\\/www.evropskakuca.me\\\/me\\\/dani-evropskog-filma-2018\\\/#article\",\"isPartOf\":{\"@id\":\"https:\\\/\\\/www.evropskakuca.me\\\/me\\\/dani-evropskog-filma-2018\\\/\"},\"author\":{\"name\":\"mkajic\",\"@id\":\"https:\\\/\\\/www.evropskakuca.me\\\/me\\\/#\\\/schema\\\/person\\\/a1d0dcdaefe4a1cd1d60d200ea137ba4\"},\"headline\":\"Dani evropskog filma 2018.\",\"datePublished\":\"2018-07-08T21:32:48+00:00\",\"mainEntityOfPage\":{\"@id\":\"https:\\\/\\\/www.evropskakuca.me\\\/me\\\/dani-evropskog-filma-2018\\\/\"},\"wordCount\":406,\"commentCount\":0,\"publisher\":{\"@id\":\"https:\\\/\\\/www.evropskakuca.me\\\/me\\\/#organization\"},\"image\":{\"@id\":\"https:\\\/\\\/www.evropskakuca.me\\\/me\\\/dani-evropskog-filma-2018\\\/#primaryimage\"},\"thumbnailUrl\":\"https:\\\/\\\/www.evropskakuca.me\\\/wp-content\\\/uploads\\\/2018\\\/07\\\/dani-evropskog-filma.jpg\",\"articleSection\":[\"My EU Story\"],\"inLanguage\":\"me-ME\",\"potentialAction\":[{\"@type\":\"CommentAction\",\"name\":\"Comment\",\"target\":[\"https:\\\/\\\/www.evropskakuca.me\\\/me\\\/dani-evropskog-filma-2018\\\/#respond\"]}]},{\"@type\":\"WebPage\",\"@id\":\"https:\\\/\\\/www.evropskakuca.me\\\/me\\\/dani-evropskog-filma-2018\\\/\",\"url\":\"https:\\\/\\\/www.evropskakuca.me\\\/me\\\/dani-evropskog-filma-2018\\\/\",\"name\":\"Dani evropskog filma 2018. - Europe House\",\"isPartOf\":{\"@id\":\"https:\\\/\\\/www.evropskakuca.me\\\/me\\\/#website\"},\"primaryImageOfPage\":{\"@id\":\"https:\\\/\\\/www.evropskakuca.me\\\/me\\\/dani-evropskog-filma-2018\\\/#primaryimage\"},\"image\":{\"@id\":\"https:\\\/\\\/www.evropskakuca.me\\\/me\\\/dani-evropskog-filma-2018\\\/#primaryimage\"},\"thumbnailUrl\":\"https:\\\/\\\/www.evropskakuca.me\\\/wp-content\\\/uploads\\\/2018\\\/07\\\/dani-evropskog-filma.jpg\",\"datePublished\":\"2018-07-08T21:32:48+00:00\",\"breadcrumb\":{\"@id\":\"https:\\\/\\\/www.evropskakuca.me\\\/me\\\/dani-evropskog-filma-2018\\\/#breadcrumb\"},\"inLanguage\":\"me-ME\",\"potentialAction\":[{\"@type\":\"ReadAction\",\"target\":[\"https:\\\/\\\/www.evropskakuca.me\\\/me\\\/dani-evropskog-filma-2018\\\/\"]}]},{\"@type\":\"ImageObject\",\"inLanguage\":\"me-ME\",\"@id\":\"https:\\\/\\\/www.evropskakuca.me\\\/me\\\/dani-evropskog-filma-2018\\\/#primaryimage\",\"url\":\"https:\\\/\\\/www.evropskakuca.me\\\/wp-content\\\/uploads\\\/2018\\\/07\\\/dani-evropskog-filma.jpg\",\"contentUrl\":\"https:\\\/\\\/www.evropskakuca.me\\\/wp-content\\\/uploads\\\/2018\\\/07\\\/dani-evropskog-filma.jpg\",\"width\":770,\"height\":548},{\"@type\":\"BreadcrumbList\",\"@id\":\"https:\\\/\\\/www.evropskakuca.me\\\/me\\\/dani-evropskog-filma-2018\\\/#breadcrumb\",\"itemListElement\":[{\"@type\":\"ListItem\",\"position\":1,\"name\":\"Home\",\"item\":\"https:\\\/\\\/www.evropskakuca.me\\\/me\\\/\"},{\"@type\":\"ListItem\",\"position\":2,\"name\":\"Dani evropskog filma 2018.\"}]},{\"@type\":\"WebSite\",\"@id\":\"https:\\\/\\\/www.evropskakuca.me\\\/me\\\/#website\",\"url\":\"https:\\\/\\\/www.evropskakuca.me\\\/me\\\/\",\"name\":\"Evropean house\",\"description\":\"\",\"publisher\":{\"@id\":\"https:\\\/\\\/www.evropskakuca.me\\\/me\\\/#organization\"},\"potentialAction\":[{\"@type\":\"SearchAction\",\"target\":{\"@type\":\"EntryPoint\",\"urlTemplate\":\"https:\\\/\\\/www.evropskakuca.me\\\/me\\\/?s={search_term_string}\"},\"query-input\":{\"@type\":\"PropertyValueSpecification\",\"valueRequired\":true,\"valueName\":\"search_term_string\"}}],\"inLanguage\":\"me-ME\"},{\"@type\":\"Organization\",\"@id\":\"https:\\\/\\\/www.evropskakuca.me\\\/me\\\/#organization\",\"name\":\"Evropean house\",\"url\":\"https:\\\/\\\/www.evropskakuca.me\\\/me\\\/\",\"logo\":{\"@type\":\"ImageObject\",\"inLanguage\":\"me-ME\",\"@id\":\"https:\\\/\\\/www.evropskakuca.me\\\/me\\\/#\\\/schema\\\/logo\\\/image\\\/\",\"url\":\"https:\\\/\\\/www.evropskakuca.me\\\/wp-content\\\/uploads\\\/2025\\\/01\\\/evropska-kuca-logo-1.png\",\"contentUrl\":\"https:\\\/\\\/www.evropskakuca.me\\\/wp-content\\\/uploads\\\/2025\\\/01\\\/evropska-kuca-logo-1.png\",\"width\":425,\"height\":312,\"caption\":\"Evropean house\"},\"image\":{\"@id\":\"https:\\\/\\\/www.evropskakuca.me\\\/me\\\/#\\\/schema\\\/logo\\\/image\\\/\"},\"sameAs\":[\"https:\\\/\\\/www.facebook.com\\\/evropska.kuca\",\"https:\\\/\\\/x.com\\\/evropska_kuca\",\"https:\\\/\\\/www.instagram.com\\\/evropska_kuca\"]},{\"@type\":\"Person\",\"@id\":\"https:\\\/\\\/www.evropskakuca.me\\\/me\\\/#\\\/schema\\\/person\\\/a1d0dcdaefe4a1cd1d60d200ea137ba4\",\"name\":\"mkajic\",\"image\":{\"@type\":\"ImageObject\",\"inLanguage\":\"me-ME\",\"@id\":\"https:\\\/\\\/secure.gravatar.com\\\/avatar\\\/731fa035cefab7316e6bafd1f25a93fb731a07de14e2d9923f8db4422628eabc?s=96&d=mm&r=g\",\"url\":\"https:\\\/\\\/secure.gravatar.com\\\/avatar\\\/731fa035cefab7316e6bafd1f25a93fb731a07de14e2d9923f8db4422628eabc?s=96&d=mm&r=g\",\"contentUrl\":\"https:\\\/\\\/secure.gravatar.com\\\/avatar\\\/731fa035cefab7316e6bafd1f25a93fb731a07de14e2d9923f8db4422628eabc?s=96&d=mm&r=g\",\"caption\":\"mkajic\"},\"sameAs\":[\"https:\\\/\\\/evropskakuca.me\"],\"url\":\"https:\\\/\\\/www.evropskakuca.me\\\/me\\\/author\\\/mkajic\\\/\"}]}<\/script>\n<!-- \/ Yoast SEO plugin. -->","yoast_head_json":{"title":"Dani evropskog filma 2018. - Europe House","robots":{"index":"index","follow":"follow","max-snippet":"max-snippet:-1","max-image-preview":"max-image-preview:large","max-video-preview":"max-video-preview:-1"},"canonical":"https:\/\/www.evropskakuca.me\/me\/dani-evropskog-filma-2018\/","og_locale":"en_US","og_type":"article","og_title":"Dani evropskog filma 2018. - Europe House","og_description":"\u0160esnaest filmova, razli\u010ditih \u017eanrova, najnovije evropske produkcije bi\u0107e prikazano u Podgorici od 5. do 13. jula u Sinepleksu, ulaz slobodan","og_url":"https:\/\/www.evropskakuca.me\/me\/dani-evropskog-filma-2018\/","og_site_name":"Europe House","article_publisher":"https:\/\/www.facebook.com\/evropska.kuca","article_published_time":"2018-07-08T21:32:48+00:00","og_image":[{"width":770,"height":548,"url":"https:\/\/www.evropskakuca.me\/wp-content\/uploads\/2018\/07\/dani-evropskog-filma.jpg","type":"image\/jpeg"}],"author":"mkajic","twitter_card":"summary_large_image","twitter_creator":"@evropska_kuca","twitter_site":"@evropska_kuca","twitter_misc":{"Written by":"mkajic","Est. reading time":"2 minutes"},"schema":{"@context":"https:\/\/schema.org","@graph":[{"@type":"Article","@id":"https:\/\/www.evropskakuca.me\/me\/dani-evropskog-filma-2018\/#article","isPartOf":{"@id":"https:\/\/www.evropskakuca.me\/me\/dani-evropskog-filma-2018\/"},"author":{"name":"mkajic","@id":"https:\/\/www.evropskakuca.me\/me\/#\/schema\/person\/a1d0dcdaefe4a1cd1d60d200ea137ba4"},"headline":"Dani evropskog filma 2018.","datePublished":"2018-07-08T21:32:48+00:00","mainEntityOfPage":{"@id":"https:\/\/www.evropskakuca.me\/me\/dani-evropskog-filma-2018\/"},"wordCount":406,"commentCount":0,"publisher":{"@id":"https:\/\/www.evropskakuca.me\/me\/#organization"},"image":{"@id":"https:\/\/www.evropskakuca.me\/me\/dani-evropskog-filma-2018\/#primaryimage"},"thumbnailUrl":"https:\/\/www.evropskakuca.me\/wp-content\/uploads\/2018\/07\/dani-evropskog-filma.jpg","articleSection":["My EU Story"],"inLanguage":"me-ME","potentialAction":[{"@type":"CommentAction","name":"Comment","target":["https:\/\/www.evropskakuca.me\/me\/dani-evropskog-filma-2018\/#respond"]}]},{"@type":"WebPage","@id":"https:\/\/www.evropskakuca.me\/me\/dani-evropskog-filma-2018\/","url":"https:\/\/www.evropskakuca.me\/me\/dani-evropskog-filma-2018\/","name":"Dani evropskog filma 2018. - Europe House","isPartOf":{"@id":"https:\/\/www.evropskakuca.me\/me\/#website"},"primaryImageOfPage":{"@id":"https:\/\/www.evropskakuca.me\/me\/dani-evropskog-filma-2018\/#primaryimage"},"image":{"@id":"https:\/\/www.evropskakuca.me\/me\/dani-evropskog-filma-2018\/#primaryimage"},"thumbnailUrl":"https:\/\/www.evropskakuca.me\/wp-content\/uploads\/2018\/07\/dani-evropskog-filma.jpg","datePublished":"2018-07-08T21:32:48+00:00","breadcrumb":{"@id":"https:\/\/www.evropskakuca.me\/me\/dani-evropskog-filma-2018\/#breadcrumb"},"inLanguage":"me-ME","potentialAction":[{"@type":"ReadAction","target":["https:\/\/www.evropskakuca.me\/me\/dani-evropskog-filma-2018\/"]}]},{"@type":"ImageObject","inLanguage":"me-ME","@id":"https:\/\/www.evropskakuca.me\/me\/dani-evropskog-filma-2018\/#primaryimage","url":"https:\/\/www.evropskakuca.me\/wp-content\/uploads\/2018\/07\/dani-evropskog-filma.jpg","contentUrl":"https:\/\/www.evropskakuca.me\/wp-content\/uploads\/2018\/07\/dani-evropskog-filma.jpg","width":770,"height":548},{"@type":"BreadcrumbList","@id":"https:\/\/www.evropskakuca.me\/me\/dani-evropskog-filma-2018\/#breadcrumb","itemListElement":[{"@type":"ListItem","position":1,"name":"Home","item":"https:\/\/www.evropskakuca.me\/me\/"},{"@type":"ListItem","position":2,"name":"Dani evropskog filma 2018."}]},{"@type":"WebSite","@id":"https:\/\/www.evropskakuca.me\/me\/#website","url":"https:\/\/www.evropskakuca.me\/me\/","name":"Evropean house","description":"","publisher":{"@id":"https:\/\/www.evropskakuca.me\/me\/#organization"},"potentialAction":[{"@type":"SearchAction","target":{"@type":"EntryPoint","urlTemplate":"https:\/\/www.evropskakuca.me\/me\/?s={search_term_string}"},"query-input":{"@type":"PropertyValueSpecification","valueRequired":true,"valueName":"search_term_string"}}],"inLanguage":"me-ME"},{"@type":"Organization","@id":"https:\/\/www.evropskakuca.me\/me\/#organization","name":"Evropean house","url":"https:\/\/www.evropskakuca.me\/me\/","logo":{"@type":"ImageObject","inLanguage":"me-ME","@id":"https:\/\/www.evropskakuca.me\/me\/#\/schema\/logo\/image\/","url":"https:\/\/www.evropskakuca.me\/wp-content\/uploads\/2025\/01\/evropska-kuca-logo-1.png","contentUrl":"https:\/\/www.evropskakuca.me\/wp-content\/uploads\/2025\/01\/evropska-kuca-logo-1.png","width":425,"height":312,"caption":"Evropean house"},"image":{"@id":"https:\/\/www.evropskakuca.me\/me\/#\/schema\/logo\/image\/"},"sameAs":["https:\/\/www.facebook.com\/evropska.kuca","https:\/\/x.com\/evropska_kuca","https:\/\/www.instagram.com\/evropska_kuca"]},{"@type":"Person","@id":"https:\/\/www.evropskakuca.me\/me\/#\/schema\/person\/a1d0dcdaefe4a1cd1d60d200ea137ba4","name":"mkajic","image":{"@type":"ImageObject","inLanguage":"me-ME","@id":"https:\/\/secure.gravatar.com\/avatar\/731fa035cefab7316e6bafd1f25a93fb731a07de14e2d9923f8db4422628eabc?s=96&d=mm&r=g","url":"https:\/\/secure.gravatar.com\/avatar\/731fa035cefab7316e6bafd1f25a93fb731a07de14e2d9923f8db4422628eabc?s=96&d=mm&r=g","contentUrl":"https:\/\/secure.gravatar.com\/avatar\/731fa035cefab7316e6bafd1f25a93fb731a07de14e2d9923f8db4422628eabc?s=96&d=mm&r=g","caption":"mkajic"},"sameAs":["https:\/\/evropskakuca.me"],"url":"https:\/\/www.evropskakuca.me\/me\/author\/mkajic\/"}]}},"_links":{"self":[{"href":"https:\/\/www.evropskakuca.me\/me\/wp-json\/wp\/v2\/posts\/5721","targetHints":{"allow":["GET"]}}],"collection":[{"href":"https:\/\/www.evropskakuca.me\/me\/wp-json\/wp\/v2\/posts"}],"about":[{"href":"https:\/\/www.evropskakuca.me\/me\/wp-json\/wp\/v2\/types\/post"}],"author":[{"embeddable":true,"href":"https:\/\/www.evropskakuca.me\/me\/wp-json\/wp\/v2\/users\/1"}],"replies":[{"embeddable":true,"href":"https:\/\/www.evropskakuca.me\/me\/wp-json\/wp\/v2\/comments?post=5721"}],"version-history":[{"count":0,"href":"https:\/\/www.evropskakuca.me\/me\/wp-json\/wp\/v2\/posts\/5721\/revisions"}],"wp:featuredmedia":[{"embeddable":true,"href":"https:\/\/www.evropskakuca.me\/me\/wp-json\/wp\/v2\/media\/34029"}],"wp:attachment":[{"href":"https:\/\/www.evropskakuca.me\/me\/wp-json\/wp\/v2\/media?parent=5721"}],"wp:term":[{"taxonomy":"category","embeddable":true,"href":"https:\/\/www.evropskakuca.me\/me\/wp-json\/wp\/v2\/categories?post=5721"},{"taxonomy":"post_tag","embeddable":true,"href":"https:\/\/www.evropskakuca.me\/me\/wp-json\/wp\/v2\/tags?post=5721"}],"curies":[{"name":"wp","href":"https:\/\/api.w.org\/{rel}","templated":true}]}}