{"id":5705,"date":"2018-06-22T13:54:03","date_gmt":"2018-06-22T13:54:03","guid":{"rendered":"http:\/\/www.evropskakuca.me\/me\/?p=5705"},"modified":"2018-06-22T13:54:03","modified_gmt":"2018-06-22T13:54:03","slug":"nagrade-za-autorke-najboljih-radova-na-konkursu-evropa-i-ja","status":"publish","type":"post","link":"https:\/\/www.evropskakuca.me\/me\/nagrade-za-autorke-najboljih-radova-na-konkursu-evropa-i-ja\/","title":{"rendered":"Nagrade za autorke najboljih radova na konkursu \u201eEvropa i ja\u201c"},"content":{"rendered":"<p>Pobjednicama konkursa za osnovce i srednjo\u0161kolce \u201eEvropa i ja\u201c uru\u010dene su danas nagrade za najbolje radove, kroz koje su iskazale svoje vi\u0111enje Evropske unije i njenih vrijednosti.<\/p>\n<p>Autorke najboljih radova su <strong>Ena \u0160ajki\u0107<\/strong>, u\u010denica Osnovne \u0161kole \u201eDruga osnovna \u0161kola\u201c iz Budve, <strong>Evgenija Popovi\u0107<\/strong>, u\u010denica Srednje likovne \u0161kole \u201ePetar Lubarda\u201c sa Cetinja i <strong>Vasilisa Mini\u0107<\/strong>, u\u010denica Osnovne \u0161kole \u201eRisto Manojlovi\u0107\u201c iz Kola\u0161ina. Njima su danas uru\u010dena tri gradska bicikla.<\/p>\n<p>\u0160efica Sektora za politiku, evropske integracije i privredu u Delegaciji Evropske unije u Crnoj Gori, <strong>Plamena Hala\u010deva<\/strong>, kazala je da Crna Gora, na putu da postane \u010dlanica EU, nudi mladima sve vi\u0161e mogu\u0107nosti da prihvate vrijednosti EU i osna\u017ee svoje me\u0111ukulturne i jezi\u010dke vje\u0161tine. Istakla je da su cirkulisanje znanja, mobilnost u\u010denika i studenata i istra\u017eivanje i me\u0111ukulturni dijalog va\u017ene evropske vrijednosti, kako za sada\u0161nje gra\u0111ane EU, tako i za budu\u0107e.<\/p>\n<p>\u201eEvgenija, Ena i Vasilisa, vi ste budu\u0107e gra\u0111anke EU i dijelite iste vrijednosti kao gra\u0111ani EU. Enina slika pokazuje da je Evropa izgra\u0111ena na elementima mira, Evgenija je naslikala va\u017enost vrijednog rada i istrajnosti, a Vasilisa je predivno opisala ideju tolerancije u EU. Dirnuta sam va\u0161im radovima\u201c, rekla je Hala\u010deva.<\/p>\n<p>Zamjenica glavnog pregovara\u010da i nacionalna koordinatorka za Ipu,<strong> Ivana Gli\u0161evi\u0107 \u0110urovi\u0107<\/strong>, podsjetila je da je Crna Gora daleko odmakla u procesu pregovora sa EU, a da \u0107e najvi\u0161e koristi od \u010dlanstva Crne Gore u EU imati upravo Enini, Evgenijini i Vasilisini vr\u0161njaci.<\/p>\n<p>\u201eUpravo zato je va\u017eno da EU i dalje bude predmet va\u0161e pa\u017enje i dio formalnog, ali i neformalnog obrazovanja, i da uvijek stremite novim saznanjima, kako bi izgradili sopstvenu viziju o zna\u010daju evropskog demokratskog dru\u0161tva\u201c, rekla je Gli\u0161evi\u0107 \u0110urovi\u0107.<\/p>\n<p>\u0160ef Sektora za demokratsko upravljanje i Sektora za ekonomiju i \u017eivotnu sredinu u Kancelariji UNDP u Crnoj Gori, <strong>Tomica Paovi\u0107<\/strong>, istakao je da su radovi u\u010denika podsjetnik kako svakodnevno treba komunicirati o EU, tako da svi mogu da se poistovjete sa tim. \u201eTo je jedan od ciljeva na\u0161eg zajedni\u010dkog projekta EU4ME. Zahvaljuju\u0107i sredstvima EU, UNDP pru\u017ea podr\u0161ku Vladi Crne Gore da proces pristupanja EU istinski za\u017eivi i da se komuniciraju prednosti i odgovornosti koje iz \u010dlanstva proisti\u010du\u201c, naglasio je on.<\/p>\n<p>Na konkurs \u201eEvropa i ja\u201c, koji je raspisan u skladu sa Strategijom informisanja javnosti o pristupanju Crne Gore EU 2014-2018, a u okviru projekta \u201eEU4ME\u201c, koji finansira Evropska unija, a sprovodi UNDP, stiglo je skoro 200 radova.<\/p>\n<p>U\u010denici crnogorskih osnovnih i srednjih \u0161kola su kroz slike, literarne i muzi\u010dke radove, fotografije i video snimke pokazali kako vide Evropu i njihovo mjesto u njoj. Tri najbolja rada odabrao je stru\u010dni \u017eiri, koji su \u010dinili akademska slikarka <strong>Teodora Nik\u010devi\u0107<\/strong> i pisac<strong> Milisav Popovi\u0107<\/strong>, kao i predstavnici projektnog tima.<\/p>\n","protected":false},"excerpt":{"rendered":"<p>Bicikla za pobjednice konkursa<\/p>\n","protected":false},"author":1,"featured_media":33889,"comment_status":"open","ping_status":"open","sticky":false,"template":"","format":"standard","meta":{"_acf_changed":false,"footnotes":""},"categories":[283],"tags":[],"class_list":["post-5705","post","type-post","status-publish","format-standard","has-post-thumbnail","hentry","category-novosti-me"],"acf":[],"yoast_head":"<!-- This site is optimized with the Yoast SEO plugin v27.3 - https:\/\/yoast.com\/product\/yoast-seo-wordpress\/ -->\n<title>Nagrade za autorke najboljih radova na konkursu \u201eEvropa i ja\u201c - Europe House<\/title>\n<meta name=\"robots\" content=\"index, follow, max-snippet:-1, max-image-preview:large, max-video-preview:-1\" \/>\n<link rel=\"canonical\" href=\"https:\/\/www.evropskakuca.me\/me\/nagrade-za-autorke-najboljih-radova-na-konkursu-evropa-i-ja\/\" \/>\n<meta property=\"og:locale\" content=\"en_US\" \/>\n<meta property=\"og:type\" content=\"article\" \/>\n<meta property=\"og:title\" content=\"Nagrade za autorke najboljih radova na konkursu \u201eEvropa i ja\u201c - Europe House\" \/>\n<meta property=\"og:description\" content=\"Bicikla za pobjednice konkursa\" \/>\n<meta property=\"og:url\" content=\"https:\/\/www.evropskakuca.me\/me\/nagrade-za-autorke-najboljih-radova-na-konkursu-evropa-i-ja\/\" \/>\n<meta property=\"og:site_name\" content=\"Europe House\" \/>\n<meta property=\"article:publisher\" content=\"https:\/\/www.facebook.com\/evropska.kuca\" \/>\n<meta property=\"article:published_time\" content=\"2018-06-22T13:54:03+00:00\" \/>\n<meta property=\"og:image\" content=\"https:\/\/www.evropskakuca.me\/wp-content\/uploads\/2018\/06\/180622_eume_nagrade-14.jpg\" \/>\n\t<meta property=\"og:image:width\" content=\"2028\" \/>\n\t<meta property=\"og:image:height\" content=\"1352\" \/>\n\t<meta property=\"og:image:type\" content=\"image\/jpeg\" \/>\n<meta name=\"author\" content=\"mkajic\" \/>\n<meta name=\"twitter:card\" content=\"summary_large_image\" \/>\n<meta name=\"twitter:creator\" content=\"@evropska_kuca\" \/>\n<meta name=\"twitter:site\" content=\"@evropska_kuca\" \/>\n<meta name=\"twitter:label1\" content=\"Written by\" \/>\n\t<meta name=\"twitter:data1\" content=\"mkajic\" \/>\n\t<meta name=\"twitter:label2\" content=\"Est. reading time\" \/>\n\t<meta name=\"twitter:data2\" content=\"2 minutes\" \/>\n<script type=\"application\/ld+json\" class=\"yoast-schema-graph\">{\"@context\":\"https:\\\/\\\/schema.org\",\"@graph\":[{\"@type\":\"Article\",\"@id\":\"https:\\\/\\\/www.evropskakuca.me\\\/me\\\/nagrade-za-autorke-najboljih-radova-na-konkursu-evropa-i-ja\\\/#article\",\"isPartOf\":{\"@id\":\"https:\\\/\\\/www.evropskakuca.me\\\/me\\\/nagrade-za-autorke-najboljih-radova-na-konkursu-evropa-i-ja\\\/\"},\"author\":{\"name\":\"mkajic\",\"@id\":\"https:\\\/\\\/www.evropskakuca.me\\\/me\\\/#\\\/schema\\\/person\\\/a1d0dcdaefe4a1cd1d60d200ea137ba4\"},\"headline\":\"Nagrade za autorke najboljih radova na konkursu \u201eEvropa i ja\u201c\",\"datePublished\":\"2018-06-22T13:54:03+00:00\",\"mainEntityOfPage\":{\"@id\":\"https:\\\/\\\/www.evropskakuca.me\\\/me\\\/nagrade-za-autorke-najboljih-radova-na-konkursu-evropa-i-ja\\\/\"},\"wordCount\":498,\"commentCount\":0,\"publisher\":{\"@id\":\"https:\\\/\\\/www.evropskakuca.me\\\/me\\\/#organization\"},\"image\":{\"@id\":\"https:\\\/\\\/www.evropskakuca.me\\\/me\\\/nagrade-za-autorke-najboljih-radova-na-konkursu-evropa-i-ja\\\/#primaryimage\"},\"thumbnailUrl\":\"https:\\\/\\\/www.evropskakuca.me\\\/wp-content\\\/uploads\\\/2018\\\/06\\\/180622_eume_nagrade-14.jpg\",\"articleSection\":[\"Novosti\"],\"inLanguage\":\"me-ME\",\"potentialAction\":[{\"@type\":\"CommentAction\",\"name\":\"Comment\",\"target\":[\"https:\\\/\\\/www.evropskakuca.me\\\/me\\\/nagrade-za-autorke-najboljih-radova-na-konkursu-evropa-i-ja\\\/#respond\"]}]},{\"@type\":\"WebPage\",\"@id\":\"https:\\\/\\\/www.evropskakuca.me\\\/me\\\/nagrade-za-autorke-najboljih-radova-na-konkursu-evropa-i-ja\\\/\",\"url\":\"https:\\\/\\\/www.evropskakuca.me\\\/me\\\/nagrade-za-autorke-najboljih-radova-na-konkursu-evropa-i-ja\\\/\",\"name\":\"Nagrade za autorke najboljih radova na konkursu \u201eEvropa i ja\u201c - Europe House\",\"isPartOf\":{\"@id\":\"https:\\\/\\\/www.evropskakuca.me\\\/me\\\/#website\"},\"primaryImageOfPage\":{\"@id\":\"https:\\\/\\\/www.evropskakuca.me\\\/me\\\/nagrade-za-autorke-najboljih-radova-na-konkursu-evropa-i-ja\\\/#primaryimage\"},\"image\":{\"@id\":\"https:\\\/\\\/www.evropskakuca.me\\\/me\\\/nagrade-za-autorke-najboljih-radova-na-konkursu-evropa-i-ja\\\/#primaryimage\"},\"thumbnailUrl\":\"https:\\\/\\\/www.evropskakuca.me\\\/wp-content\\\/uploads\\\/2018\\\/06\\\/180622_eume_nagrade-14.jpg\",\"datePublished\":\"2018-06-22T13:54:03+00:00\",\"breadcrumb\":{\"@id\":\"https:\\\/\\\/www.evropskakuca.me\\\/me\\\/nagrade-za-autorke-najboljih-radova-na-konkursu-evropa-i-ja\\\/#breadcrumb\"},\"inLanguage\":\"me-ME\",\"potentialAction\":[{\"@type\":\"ReadAction\",\"target\":[\"https:\\\/\\\/www.evropskakuca.me\\\/me\\\/nagrade-za-autorke-najboljih-radova-na-konkursu-evropa-i-ja\\\/\"]}]},{\"@type\":\"ImageObject\",\"inLanguage\":\"me-ME\",\"@id\":\"https:\\\/\\\/www.evropskakuca.me\\\/me\\\/nagrade-za-autorke-najboljih-radova-na-konkursu-evropa-i-ja\\\/#primaryimage\",\"url\":\"https:\\\/\\\/www.evropskakuca.me\\\/wp-content\\\/uploads\\\/2018\\\/06\\\/180622_eume_nagrade-14.jpg\",\"contentUrl\":\"https:\\\/\\\/www.evropskakuca.me\\\/wp-content\\\/uploads\\\/2018\\\/06\\\/180622_eume_nagrade-14.jpg\",\"width\":2028,\"height\":1352},{\"@type\":\"BreadcrumbList\",\"@id\":\"https:\\\/\\\/www.evropskakuca.me\\\/me\\\/nagrade-za-autorke-najboljih-radova-na-konkursu-evropa-i-ja\\\/#breadcrumb\",\"itemListElement\":[{\"@type\":\"ListItem\",\"position\":1,\"name\":\"Home\",\"item\":\"https:\\\/\\\/www.evropskakuca.me\\\/me\\\/\"},{\"@type\":\"ListItem\",\"position\":2,\"name\":\"Nagrade za autorke najboljih radova na konkursu \u201eEvropa i ja\u201c\"}]},{\"@type\":\"WebSite\",\"@id\":\"https:\\\/\\\/www.evropskakuca.me\\\/me\\\/#website\",\"url\":\"https:\\\/\\\/www.evropskakuca.me\\\/me\\\/\",\"name\":\"Evropean house\",\"description\":\"\",\"publisher\":{\"@id\":\"https:\\\/\\\/www.evropskakuca.me\\\/me\\\/#organization\"},\"potentialAction\":[{\"@type\":\"SearchAction\",\"target\":{\"@type\":\"EntryPoint\",\"urlTemplate\":\"https:\\\/\\\/www.evropskakuca.me\\\/me\\\/?s={search_term_string}\"},\"query-input\":{\"@type\":\"PropertyValueSpecification\",\"valueRequired\":true,\"valueName\":\"search_term_string\"}}],\"inLanguage\":\"me-ME\"},{\"@type\":\"Organization\",\"@id\":\"https:\\\/\\\/www.evropskakuca.me\\\/me\\\/#organization\",\"name\":\"Evropean house\",\"url\":\"https:\\\/\\\/www.evropskakuca.me\\\/me\\\/\",\"logo\":{\"@type\":\"ImageObject\",\"inLanguage\":\"me-ME\",\"@id\":\"https:\\\/\\\/www.evropskakuca.me\\\/me\\\/#\\\/schema\\\/logo\\\/image\\\/\",\"url\":\"https:\\\/\\\/www.evropskakuca.me\\\/wp-content\\\/uploads\\\/2025\\\/01\\\/evropska-kuca-logo-1.png\",\"contentUrl\":\"https:\\\/\\\/www.evropskakuca.me\\\/wp-content\\\/uploads\\\/2025\\\/01\\\/evropska-kuca-logo-1.png\",\"width\":425,\"height\":312,\"caption\":\"Evropean house\"},\"image\":{\"@id\":\"https:\\\/\\\/www.evropskakuca.me\\\/me\\\/#\\\/schema\\\/logo\\\/image\\\/\"},\"sameAs\":[\"https:\\\/\\\/www.facebook.com\\\/evropska.kuca\",\"https:\\\/\\\/x.com\\\/evropska_kuca\",\"https:\\\/\\\/www.instagram.com\\\/evropska_kuca\"]},{\"@type\":\"Person\",\"@id\":\"https:\\\/\\\/www.evropskakuca.me\\\/me\\\/#\\\/schema\\\/person\\\/a1d0dcdaefe4a1cd1d60d200ea137ba4\",\"name\":\"mkajic\",\"image\":{\"@type\":\"ImageObject\",\"inLanguage\":\"me-ME\",\"@id\":\"https:\\\/\\\/secure.gravatar.com\\\/avatar\\\/731fa035cefab7316e6bafd1f25a93fb731a07de14e2d9923f8db4422628eabc?s=96&d=mm&r=g\",\"url\":\"https:\\\/\\\/secure.gravatar.com\\\/avatar\\\/731fa035cefab7316e6bafd1f25a93fb731a07de14e2d9923f8db4422628eabc?s=96&d=mm&r=g\",\"contentUrl\":\"https:\\\/\\\/secure.gravatar.com\\\/avatar\\\/731fa035cefab7316e6bafd1f25a93fb731a07de14e2d9923f8db4422628eabc?s=96&d=mm&r=g\",\"caption\":\"mkajic\"},\"sameAs\":[\"https:\\\/\\\/evropskakuca.me\"],\"url\":\"https:\\\/\\\/www.evropskakuca.me\\\/me\\\/author\\\/mkajic\\\/\"}]}<\/script>\n<!-- \/ Yoast SEO plugin. -->","yoast_head_json":{"title":"Nagrade za autorke najboljih radova na konkursu \u201eEvropa i ja\u201c - Europe House","robots":{"index":"index","follow":"follow","max-snippet":"max-snippet:-1","max-image-preview":"max-image-preview:large","max-video-preview":"max-video-preview:-1"},"canonical":"https:\/\/www.evropskakuca.me\/me\/nagrade-za-autorke-najboljih-radova-na-konkursu-evropa-i-ja\/","og_locale":"en_US","og_type":"article","og_title":"Nagrade za autorke najboljih radova na konkursu \u201eEvropa i ja\u201c - Europe House","og_description":"Bicikla za pobjednice konkursa","og_url":"https:\/\/www.evropskakuca.me\/me\/nagrade-za-autorke-najboljih-radova-na-konkursu-evropa-i-ja\/","og_site_name":"Europe House","article_publisher":"https:\/\/www.facebook.com\/evropska.kuca","article_published_time":"2018-06-22T13:54:03+00:00","og_image":[{"width":2028,"height":1352,"url":"https:\/\/www.evropskakuca.me\/wp-content\/uploads\/2018\/06\/180622_eume_nagrade-14.jpg","type":"image\/jpeg"}],"author":"mkajic","twitter_card":"summary_large_image","twitter_creator":"@evropska_kuca","twitter_site":"@evropska_kuca","twitter_misc":{"Written by":"mkajic","Est. reading time":"2 minutes"},"schema":{"@context":"https:\/\/schema.org","@graph":[{"@type":"Article","@id":"https:\/\/www.evropskakuca.me\/me\/nagrade-za-autorke-najboljih-radova-na-konkursu-evropa-i-ja\/#article","isPartOf":{"@id":"https:\/\/www.evropskakuca.me\/me\/nagrade-za-autorke-najboljih-radova-na-konkursu-evropa-i-ja\/"},"author":{"name":"mkajic","@id":"https:\/\/www.evropskakuca.me\/me\/#\/schema\/person\/a1d0dcdaefe4a1cd1d60d200ea137ba4"},"headline":"Nagrade za autorke najboljih radova na konkursu \u201eEvropa i ja\u201c","datePublished":"2018-06-22T13:54:03+00:00","mainEntityOfPage":{"@id":"https:\/\/www.evropskakuca.me\/me\/nagrade-za-autorke-najboljih-radova-na-konkursu-evropa-i-ja\/"},"wordCount":498,"commentCount":0,"publisher":{"@id":"https:\/\/www.evropskakuca.me\/me\/#organization"},"image":{"@id":"https:\/\/www.evropskakuca.me\/me\/nagrade-za-autorke-najboljih-radova-na-konkursu-evropa-i-ja\/#primaryimage"},"thumbnailUrl":"https:\/\/www.evropskakuca.me\/wp-content\/uploads\/2018\/06\/180622_eume_nagrade-14.jpg","articleSection":["Novosti"],"inLanguage":"me-ME","potentialAction":[{"@type":"CommentAction","name":"Comment","target":["https:\/\/www.evropskakuca.me\/me\/nagrade-za-autorke-najboljih-radova-na-konkursu-evropa-i-ja\/#respond"]}]},{"@type":"WebPage","@id":"https:\/\/www.evropskakuca.me\/me\/nagrade-za-autorke-najboljih-radova-na-konkursu-evropa-i-ja\/","url":"https:\/\/www.evropskakuca.me\/me\/nagrade-za-autorke-najboljih-radova-na-konkursu-evropa-i-ja\/","name":"Nagrade za autorke najboljih radova na konkursu \u201eEvropa i ja\u201c - Europe House","isPartOf":{"@id":"https:\/\/www.evropskakuca.me\/me\/#website"},"primaryImageOfPage":{"@id":"https:\/\/www.evropskakuca.me\/me\/nagrade-za-autorke-najboljih-radova-na-konkursu-evropa-i-ja\/#primaryimage"},"image":{"@id":"https:\/\/www.evropskakuca.me\/me\/nagrade-za-autorke-najboljih-radova-na-konkursu-evropa-i-ja\/#primaryimage"},"thumbnailUrl":"https:\/\/www.evropskakuca.me\/wp-content\/uploads\/2018\/06\/180622_eume_nagrade-14.jpg","datePublished":"2018-06-22T13:54:03+00:00","breadcrumb":{"@id":"https:\/\/www.evropskakuca.me\/me\/nagrade-za-autorke-najboljih-radova-na-konkursu-evropa-i-ja\/#breadcrumb"},"inLanguage":"me-ME","potentialAction":[{"@type":"ReadAction","target":["https:\/\/www.evropskakuca.me\/me\/nagrade-za-autorke-najboljih-radova-na-konkursu-evropa-i-ja\/"]}]},{"@type":"ImageObject","inLanguage":"me-ME","@id":"https:\/\/www.evropskakuca.me\/me\/nagrade-za-autorke-najboljih-radova-na-konkursu-evropa-i-ja\/#primaryimage","url":"https:\/\/www.evropskakuca.me\/wp-content\/uploads\/2018\/06\/180622_eume_nagrade-14.jpg","contentUrl":"https:\/\/www.evropskakuca.me\/wp-content\/uploads\/2018\/06\/180622_eume_nagrade-14.jpg","width":2028,"height":1352},{"@type":"BreadcrumbList","@id":"https:\/\/www.evropskakuca.me\/me\/nagrade-za-autorke-najboljih-radova-na-konkursu-evropa-i-ja\/#breadcrumb","itemListElement":[{"@type":"ListItem","position":1,"name":"Home","item":"https:\/\/www.evropskakuca.me\/me\/"},{"@type":"ListItem","position":2,"name":"Nagrade za autorke najboljih radova na konkursu \u201eEvropa i ja\u201c"}]},{"@type":"WebSite","@id":"https:\/\/www.evropskakuca.me\/me\/#website","url":"https:\/\/www.evropskakuca.me\/me\/","name":"Evropean house","description":"","publisher":{"@id":"https:\/\/www.evropskakuca.me\/me\/#organization"},"potentialAction":[{"@type":"SearchAction","target":{"@type":"EntryPoint","urlTemplate":"https:\/\/www.evropskakuca.me\/me\/?s={search_term_string}"},"query-input":{"@type":"PropertyValueSpecification","valueRequired":true,"valueName":"search_term_string"}}],"inLanguage":"me-ME"},{"@type":"Organization","@id":"https:\/\/www.evropskakuca.me\/me\/#organization","name":"Evropean house","url":"https:\/\/www.evropskakuca.me\/me\/","logo":{"@type":"ImageObject","inLanguage":"me-ME","@id":"https:\/\/www.evropskakuca.me\/me\/#\/schema\/logo\/image\/","url":"https:\/\/www.evropskakuca.me\/wp-content\/uploads\/2025\/01\/evropska-kuca-logo-1.png","contentUrl":"https:\/\/www.evropskakuca.me\/wp-content\/uploads\/2025\/01\/evropska-kuca-logo-1.png","width":425,"height":312,"caption":"Evropean house"},"image":{"@id":"https:\/\/www.evropskakuca.me\/me\/#\/schema\/logo\/image\/"},"sameAs":["https:\/\/www.facebook.com\/evropska.kuca","https:\/\/x.com\/evropska_kuca","https:\/\/www.instagram.com\/evropska_kuca"]},{"@type":"Person","@id":"https:\/\/www.evropskakuca.me\/me\/#\/schema\/person\/a1d0dcdaefe4a1cd1d60d200ea137ba4","name":"mkajic","image":{"@type":"ImageObject","inLanguage":"me-ME","@id":"https:\/\/secure.gravatar.com\/avatar\/731fa035cefab7316e6bafd1f25a93fb731a07de14e2d9923f8db4422628eabc?s=96&d=mm&r=g","url":"https:\/\/secure.gravatar.com\/avatar\/731fa035cefab7316e6bafd1f25a93fb731a07de14e2d9923f8db4422628eabc?s=96&d=mm&r=g","contentUrl":"https:\/\/secure.gravatar.com\/avatar\/731fa035cefab7316e6bafd1f25a93fb731a07de14e2d9923f8db4422628eabc?s=96&d=mm&r=g","caption":"mkajic"},"sameAs":["https:\/\/evropskakuca.me"],"url":"https:\/\/www.evropskakuca.me\/me\/author\/mkajic\/"}]}},"_links":{"self":[{"href":"https:\/\/www.evropskakuca.me\/me\/wp-json\/wp\/v2\/posts\/5705","targetHints":{"allow":["GET"]}}],"collection":[{"href":"https:\/\/www.evropskakuca.me\/me\/wp-json\/wp\/v2\/posts"}],"about":[{"href":"https:\/\/www.evropskakuca.me\/me\/wp-json\/wp\/v2\/types\/post"}],"author":[{"embeddable":true,"href":"https:\/\/www.evropskakuca.me\/me\/wp-json\/wp\/v2\/users\/1"}],"replies":[{"embeddable":true,"href":"https:\/\/www.evropskakuca.me\/me\/wp-json\/wp\/v2\/comments?post=5705"}],"version-history":[{"count":0,"href":"https:\/\/www.evropskakuca.me\/me\/wp-json\/wp\/v2\/posts\/5705\/revisions"}],"wp:featuredmedia":[{"embeddable":true,"href":"https:\/\/www.evropskakuca.me\/me\/wp-json\/wp\/v2\/media\/33889"}],"wp:attachment":[{"href":"https:\/\/www.evropskakuca.me\/me\/wp-json\/wp\/v2\/media?parent=5705"}],"wp:term":[{"taxonomy":"category","embeddable":true,"href":"https:\/\/www.evropskakuca.me\/me\/wp-json\/wp\/v2\/categories?post=5705"},{"taxonomy":"post_tag","embeddable":true,"href":"https:\/\/www.evropskakuca.me\/me\/wp-json\/wp\/v2\/tags?post=5705"}],"curies":[{"name":"wp","href":"https:\/\/api.w.org\/{rel}","templated":true}]}}