{"id":5682,"date":"2018-06-14T13:35:22","date_gmt":"2018-06-14T13:35:22","guid":{"rendered":"http:\/\/www.evropskakuca.me\/me\/?p=5682"},"modified":"2018-06-14T13:35:22","modified_gmt":"2018-06-14T13:35:22","slug":"izgradnja-kapaciteta-za-bolju-zivotnu-sredinu-u-cg","status":"publish","type":"post","link":"https:\/\/www.evropskakuca.me\/me\/izgradnja-kapaciteta-za-bolju-zivotnu-sredinu-u-cg\/","title":{"rendered":"\u201eIzgradnja kapaciteta za bolju \u017eivotnu sredinu u CG\u201d"},"content":{"rendered":"<p>Podgorica, 14. jun 2018. &#8211; Crna Gora je finalizovala i predala pregovara\u010dku poziciju za poglavlje 27. Me\u0111utim, kako poru\u010duju iz Koalicije 27 posao tek predstoji. Na zavr\u0161noj konferenciji u EU info centru predstavnici \u010dlanica Koalicije su jo\u0161 jednom ponovili da \u017eivotna sredina i poglavlje 27 treba da budu prioritet vlade kako bi se sprije\u010dile kasnije negativne posljedice za Crnu Goru.<\/p>\n<p><a href=\"http:\/\/www.evropskakuca.me\/wp-content\/uploads\/2018\/06\/20180614_110428.jpg\"><img fetchpriority=\"high\" decoding=\"async\" class=\"wp-image-5687  alignleft\" src=\"http:\/\/www.evropskakuca.me\/wp-content\/uploads\/2018\/06\/20180614_110428.jpg\" alt=\"\" width=\"580\" height=\"435\" \/><\/a>Predstavnici nevladinih organizacija Green Home, Centar za za\u0161titu i prou\u010davanje ptica , Dru\u0161tvo mladih ekologa i Zelena akcija iz Zagreba sumirali su rezlatate rada Kolaicije 27. Ipak, mnogi problemi sa po\u010detka rada ostali su nerije\u0161eni i na kraju.<\/p>\n<p>\u201eNa\u0161a koalicija je posebnu zabrinutost ispoljila zbog zna\u010dajnog ka\u0161njenja sa za\u0161titom Ulcinjske solane, koja poslije velikog broja konferencija, doga\u0111aja, obe\u0107anja i studija &#8211; nije za\u0161ti\u0107ena. Posebno smo izrazili zabrinutost zbog brojnih infrastrukturnih planova koje su predvi\u0111eni u za\u0161ti\u0107enim i podru\u010dijima velike biodivezitetske vrijednosti, kao \u0161to je i danas aktuelni projekat izgradnje Porto Skadar Lake na teritoriji Nacionalnog parka Skadarsko jezero,\u201c rekla je Jelena Marojevi\u0107 Gali\u0107 iz Grin houma.<\/p>\n<p>Marojevi\u0107 je podsjetila na klju\u010dne uslove koje bi nadle\u017eni trebalo da ispune: \u201ePotrebna je izgradnja kapaciteta, unapre\u0111enje inspekcijiskih slu\u017ebi kao i pronala\u017eenje modela za finansiranje pregovora u okviru poglavlja 27\u201c.<\/p>\n<p>\u017deljka Leljak Gracin iz Zelene akcije iz Hrvatske objasnila je, na primjeru svoje zemlje, \u0161ta zna\u010di ne ispunjavanje obaveza u predspristupnom periodu.<\/p>\n<p><a href=\"http:\/\/www.evropskakuca.me\/wp-content\/uploads\/2018\/06\/170928_skadarsko_boat-17.jpg\"><img decoding=\"async\" class=\"aligncenter wp-image-5689 \" src=\"http:\/\/www.evropskakuca.me\/wp-content\/uploads\/2018\/06\/170928_skadarsko_boat-17.jpg\" alt=\"\" width=\"948\" height=\"632\" \/><\/a><\/p>\n<p>\u201eOno \u0161to slijedi su kazne. Mislim da je dosta bitno da Koalicija 27 koristi taj argument za svoja nastojanja da taj predpristupni period bude bolji za Crnu Goru. Zna\u010di da se direktive uklju\u010de u va\u0161e zakonodavstvo u najboljoj i najve\u0107oj mjeri. I da primjena tih razli\u010ditih postupaka po\u010dne jako dobro. Zato \u0161to kad se jednom u\u0111e u Evropsku uniju, EU \u0107e naplatiti to \u0161to njena \u010dlanica nije dobro postupila, recimo u podru\u010dju upravljanja otpadom, to \u0161to ste zakasnili i nijeste primjenili \u0161to je trebalo.\u201c<\/p>\n<p>Pet godina nakon ulaska u EU Hrvatska se suo\u010dava sa posljedicama neprimjene direktiva. Zagreb o\u010dekuje pla\u0107anje penala.<\/p>\n<p>\u201eProtiv Hrvatske se vodi nekoliko procedura, za neka podru\u010dja, posebno otpad, vode i za\u0161tita prirode se samo \u010dekao taj ulazak da se pokrenu ti vrlo ozbiljni postupci koji \u0107e Hrvatsku ko\u0161tati itekako puno novaca\u201c, rekla je Gracin.<\/p>\n<p>Nevladine organizacije Green Home, Centar za za\u0161titu i prou\u010davanje ptica (CZIP), Sjeverna zemlja, Dru\u0161tvo mladih ekologa Nik\u0161i\u0107 i Zelena akcija\/Friends of the Earth iz Hrvatske realizuju projekat \u201eJa\u010danje kapaciteta za bolju \u017eivotnu sredinu u Crnoj Gori\u201c koji je podr\u017eala Delegacija Evropske unije u Crnoj Gori. Koalicija je zami\u0161ljena kao otvorena platforma za zajedni\u010dko pra\u0107enje i u\u010de\u0161\u0107e organizacija civilnog dru\u0161tva u procesu zastupanja i promovisanja evropskih tekovina u oblasti \u017eivotne sredine i klimatskih promjena u Crnoj Gori koja \u0107e kroz svoje djelovanje doprinijeti kvalitetu i transparentnosti pregovara\u010dkog procesa, a dugoro\u010dno gledano i izgradnji institucija koje brinu o stanju \u017eivotne sredine<\/p>\n","protected":false},"excerpt":{"rendered":"<p>\u201c\u017divotna sredina u o\u010dekivanju otvaranja pregovora za poglavlje 27\u201c <\/p>\n","protected":false},"author":1,"featured_media":33899,"comment_status":"open","ping_status":"open","sticky":false,"template":"","format":"standard","meta":{"_acf_changed":false,"footnotes":""},"categories":[283],"tags":[],"class_list":["post-5682","post","type-post","status-publish","format-standard","has-post-thumbnail","hentry","category-novosti-me"],"acf":[],"yoast_head":"<!-- This site is optimized with the Yoast SEO plugin v27.3 - https:\/\/yoast.com\/product\/yoast-seo-wordpress\/ -->\n<title>\u201eIzgradnja kapaciteta za bolju \u017eivotnu sredinu u CG\u201d - Europe House<\/title>\n<meta name=\"robots\" content=\"index, follow, max-snippet:-1, max-image-preview:large, max-video-preview:-1\" \/>\n<link rel=\"canonical\" href=\"https:\/\/www.evropskakuca.me\/me\/izgradnja-kapaciteta-za-bolju-zivotnu-sredinu-u-cg\/\" \/>\n<meta property=\"og:locale\" content=\"en_US\" \/>\n<meta property=\"og:type\" content=\"article\" \/>\n<meta property=\"og:title\" content=\"\u201eIzgradnja kapaciteta za bolju \u017eivotnu sredinu u CG\u201d - Europe House\" \/>\n<meta property=\"og:description\" content=\"\u201c\u017divotna sredina u o\u010dekivanju otvaranja pregovora za poglavlje 27\u201c\" \/>\n<meta property=\"og:url\" content=\"https:\/\/www.evropskakuca.me\/me\/izgradnja-kapaciteta-za-bolju-zivotnu-sredinu-u-cg\/\" \/>\n<meta property=\"og:site_name\" content=\"Europe House\" \/>\n<meta property=\"article:publisher\" content=\"https:\/\/www.facebook.com\/evropska.kuca\" \/>\n<meta property=\"article:published_time\" content=\"2018-06-14T13:35:22+00:00\" \/>\n<meta property=\"og:image\" content=\"https:\/\/www.evropskakuca.me\/wp-content\/uploads\/2018\/06\/slika-priroda-mala-1024x674.png\" \/>\n\t<meta property=\"og:image:width\" content=\"1024\" \/>\n\t<meta property=\"og:image:height\" content=\"674\" \/>\n\t<meta property=\"og:image:type\" content=\"image\/png\" \/>\n<meta name=\"author\" content=\"mkajic\" \/>\n<meta name=\"twitter:card\" content=\"summary_large_image\" \/>\n<meta name=\"twitter:creator\" content=\"@evropska_kuca\" \/>\n<meta name=\"twitter:site\" content=\"@evropska_kuca\" \/>\n<meta name=\"twitter:label1\" content=\"Written by\" \/>\n\t<meta name=\"twitter:data1\" content=\"mkajic\" \/>\n\t<meta name=\"twitter:label2\" content=\"Est. reading time\" \/>\n\t<meta name=\"twitter:data2\" content=\"3 minutes\" \/>\n<script type=\"application\/ld+json\" class=\"yoast-schema-graph\">{\"@context\":\"https:\\\/\\\/schema.org\",\"@graph\":[{\"@type\":\"Article\",\"@id\":\"https:\\\/\\\/www.evropskakuca.me\\\/me\\\/izgradnja-kapaciteta-za-bolju-zivotnu-sredinu-u-cg\\\/#article\",\"isPartOf\":{\"@id\":\"https:\\\/\\\/www.evropskakuca.me\\\/me\\\/izgradnja-kapaciteta-za-bolju-zivotnu-sredinu-u-cg\\\/\"},\"author\":{\"name\":\"mkajic\",\"@id\":\"https:\\\/\\\/www.evropskakuca.me\\\/me\\\/#\\\/schema\\\/person\\\/a1d0dcdaefe4a1cd1d60d200ea137ba4\"},\"headline\":\"\u201eIzgradnja kapaciteta za bolju \u017eivotnu sredinu u CG\u201d\",\"datePublished\":\"2018-06-14T13:35:22+00:00\",\"mainEntityOfPage\":{\"@id\":\"https:\\\/\\\/www.evropskakuca.me\\\/me\\\/izgradnja-kapaciteta-za-bolju-zivotnu-sredinu-u-cg\\\/\"},\"wordCount\":511,\"commentCount\":0,\"publisher\":{\"@id\":\"https:\\\/\\\/www.evropskakuca.me\\\/me\\\/#organization\"},\"image\":{\"@id\":\"https:\\\/\\\/www.evropskakuca.me\\\/me\\\/izgradnja-kapaciteta-za-bolju-zivotnu-sredinu-u-cg\\\/#primaryimage\"},\"thumbnailUrl\":\"https:\\\/\\\/www.evropskakuca.me\\\/wp-content\\\/uploads\\\/2018\\\/06\\\/slika-priroda-mala.png\",\"articleSection\":[\"Novosti\"],\"inLanguage\":\"me-ME\",\"potentialAction\":[{\"@type\":\"CommentAction\",\"name\":\"Comment\",\"target\":[\"https:\\\/\\\/www.evropskakuca.me\\\/me\\\/izgradnja-kapaciteta-za-bolju-zivotnu-sredinu-u-cg\\\/#respond\"]}]},{\"@type\":\"WebPage\",\"@id\":\"https:\\\/\\\/www.evropskakuca.me\\\/me\\\/izgradnja-kapaciteta-za-bolju-zivotnu-sredinu-u-cg\\\/\",\"url\":\"https:\\\/\\\/www.evropskakuca.me\\\/me\\\/izgradnja-kapaciteta-za-bolju-zivotnu-sredinu-u-cg\\\/\",\"name\":\"\u201eIzgradnja kapaciteta za bolju \u017eivotnu sredinu u CG\u201d - Europe House\",\"isPartOf\":{\"@id\":\"https:\\\/\\\/www.evropskakuca.me\\\/me\\\/#website\"},\"primaryImageOfPage\":{\"@id\":\"https:\\\/\\\/www.evropskakuca.me\\\/me\\\/izgradnja-kapaciteta-za-bolju-zivotnu-sredinu-u-cg\\\/#primaryimage\"},\"image\":{\"@id\":\"https:\\\/\\\/www.evropskakuca.me\\\/me\\\/izgradnja-kapaciteta-za-bolju-zivotnu-sredinu-u-cg\\\/#primaryimage\"},\"thumbnailUrl\":\"https:\\\/\\\/www.evropskakuca.me\\\/wp-content\\\/uploads\\\/2018\\\/06\\\/slika-priroda-mala.png\",\"datePublished\":\"2018-06-14T13:35:22+00:00\",\"breadcrumb\":{\"@id\":\"https:\\\/\\\/www.evropskakuca.me\\\/me\\\/izgradnja-kapaciteta-za-bolju-zivotnu-sredinu-u-cg\\\/#breadcrumb\"},\"inLanguage\":\"me-ME\",\"potentialAction\":[{\"@type\":\"ReadAction\",\"target\":[\"https:\\\/\\\/www.evropskakuca.me\\\/me\\\/izgradnja-kapaciteta-za-bolju-zivotnu-sredinu-u-cg\\\/\"]}]},{\"@type\":\"ImageObject\",\"inLanguage\":\"me-ME\",\"@id\":\"https:\\\/\\\/www.evropskakuca.me\\\/me\\\/izgradnja-kapaciteta-za-bolju-zivotnu-sredinu-u-cg\\\/#primaryimage\",\"url\":\"https:\\\/\\\/www.evropskakuca.me\\\/wp-content\\\/uploads\\\/2018\\\/06\\\/slika-priroda-mala.png\",\"contentUrl\":\"https:\\\/\\\/www.evropskakuca.me\\\/wp-content\\\/uploads\\\/2018\\\/06\\\/slika-priroda-mala.png\",\"width\":1354,\"height\":891},{\"@type\":\"BreadcrumbList\",\"@id\":\"https:\\\/\\\/www.evropskakuca.me\\\/me\\\/izgradnja-kapaciteta-za-bolju-zivotnu-sredinu-u-cg\\\/#breadcrumb\",\"itemListElement\":[{\"@type\":\"ListItem\",\"position\":1,\"name\":\"Home\",\"item\":\"https:\\\/\\\/www.evropskakuca.me\\\/me\\\/\"},{\"@type\":\"ListItem\",\"position\":2,\"name\":\"\u201eIzgradnja kapaciteta za bolju \u017eivotnu sredinu u CG\u201d\"}]},{\"@type\":\"WebSite\",\"@id\":\"https:\\\/\\\/www.evropskakuca.me\\\/me\\\/#website\",\"url\":\"https:\\\/\\\/www.evropskakuca.me\\\/me\\\/\",\"name\":\"Evropean house\",\"description\":\"\",\"publisher\":{\"@id\":\"https:\\\/\\\/www.evropskakuca.me\\\/me\\\/#organization\"},\"potentialAction\":[{\"@type\":\"SearchAction\",\"target\":{\"@type\":\"EntryPoint\",\"urlTemplate\":\"https:\\\/\\\/www.evropskakuca.me\\\/me\\\/?s={search_term_string}\"},\"query-input\":{\"@type\":\"PropertyValueSpecification\",\"valueRequired\":true,\"valueName\":\"search_term_string\"}}],\"inLanguage\":\"me-ME\"},{\"@type\":\"Organization\",\"@id\":\"https:\\\/\\\/www.evropskakuca.me\\\/me\\\/#organization\",\"name\":\"Evropean house\",\"url\":\"https:\\\/\\\/www.evropskakuca.me\\\/me\\\/\",\"logo\":{\"@type\":\"ImageObject\",\"inLanguage\":\"me-ME\",\"@id\":\"https:\\\/\\\/www.evropskakuca.me\\\/me\\\/#\\\/schema\\\/logo\\\/image\\\/\",\"url\":\"https:\\\/\\\/www.evropskakuca.me\\\/wp-content\\\/uploads\\\/2025\\\/01\\\/evropska-kuca-logo-1.png\",\"contentUrl\":\"https:\\\/\\\/www.evropskakuca.me\\\/wp-content\\\/uploads\\\/2025\\\/01\\\/evropska-kuca-logo-1.png\",\"width\":425,\"height\":312,\"caption\":\"Evropean house\"},\"image\":{\"@id\":\"https:\\\/\\\/www.evropskakuca.me\\\/me\\\/#\\\/schema\\\/logo\\\/image\\\/\"},\"sameAs\":[\"https:\\\/\\\/www.facebook.com\\\/evropska.kuca\",\"https:\\\/\\\/x.com\\\/evropska_kuca\",\"https:\\\/\\\/www.instagram.com\\\/evropska_kuca\"]},{\"@type\":\"Person\",\"@id\":\"https:\\\/\\\/www.evropskakuca.me\\\/me\\\/#\\\/schema\\\/person\\\/a1d0dcdaefe4a1cd1d60d200ea137ba4\",\"name\":\"mkajic\",\"image\":{\"@type\":\"ImageObject\",\"inLanguage\":\"me-ME\",\"@id\":\"https:\\\/\\\/secure.gravatar.com\\\/avatar\\\/731fa035cefab7316e6bafd1f25a93fb731a07de14e2d9923f8db4422628eabc?s=96&d=mm&r=g\",\"url\":\"https:\\\/\\\/secure.gravatar.com\\\/avatar\\\/731fa035cefab7316e6bafd1f25a93fb731a07de14e2d9923f8db4422628eabc?s=96&d=mm&r=g\",\"contentUrl\":\"https:\\\/\\\/secure.gravatar.com\\\/avatar\\\/731fa035cefab7316e6bafd1f25a93fb731a07de14e2d9923f8db4422628eabc?s=96&d=mm&r=g\",\"caption\":\"mkajic\"},\"sameAs\":[\"https:\\\/\\\/evropskakuca.me\"],\"url\":\"https:\\\/\\\/www.evropskakuca.me\\\/me\\\/author\\\/mkajic\\\/\"}]}<\/script>\n<!-- \/ Yoast SEO plugin. -->","yoast_head_json":{"title":"\u201eIzgradnja kapaciteta za bolju \u017eivotnu sredinu u CG\u201d - Europe House","robots":{"index":"index","follow":"follow","max-snippet":"max-snippet:-1","max-image-preview":"max-image-preview:large","max-video-preview":"max-video-preview:-1"},"canonical":"https:\/\/www.evropskakuca.me\/me\/izgradnja-kapaciteta-za-bolju-zivotnu-sredinu-u-cg\/","og_locale":"en_US","og_type":"article","og_title":"\u201eIzgradnja kapaciteta za bolju \u017eivotnu sredinu u CG\u201d - Europe House","og_description":"\u201c\u017divotna sredina u o\u010dekivanju otvaranja pregovora za poglavlje 27\u201c","og_url":"https:\/\/www.evropskakuca.me\/me\/izgradnja-kapaciteta-za-bolju-zivotnu-sredinu-u-cg\/","og_site_name":"Europe House","article_publisher":"https:\/\/www.facebook.com\/evropska.kuca","article_published_time":"2018-06-14T13:35:22+00:00","og_image":[{"width":1024,"height":674,"url":"https:\/\/www.evropskakuca.me\/wp-content\/uploads\/2018\/06\/slika-priroda-mala-1024x674.png","type":"image\/png"}],"author":"mkajic","twitter_card":"summary_large_image","twitter_creator":"@evropska_kuca","twitter_site":"@evropska_kuca","twitter_misc":{"Written by":"mkajic","Est. reading time":"3 minutes"},"schema":{"@context":"https:\/\/schema.org","@graph":[{"@type":"Article","@id":"https:\/\/www.evropskakuca.me\/me\/izgradnja-kapaciteta-za-bolju-zivotnu-sredinu-u-cg\/#article","isPartOf":{"@id":"https:\/\/www.evropskakuca.me\/me\/izgradnja-kapaciteta-za-bolju-zivotnu-sredinu-u-cg\/"},"author":{"name":"mkajic","@id":"https:\/\/www.evropskakuca.me\/me\/#\/schema\/person\/a1d0dcdaefe4a1cd1d60d200ea137ba4"},"headline":"\u201eIzgradnja kapaciteta za bolju \u017eivotnu sredinu u CG\u201d","datePublished":"2018-06-14T13:35:22+00:00","mainEntityOfPage":{"@id":"https:\/\/www.evropskakuca.me\/me\/izgradnja-kapaciteta-za-bolju-zivotnu-sredinu-u-cg\/"},"wordCount":511,"commentCount":0,"publisher":{"@id":"https:\/\/www.evropskakuca.me\/me\/#organization"},"image":{"@id":"https:\/\/www.evropskakuca.me\/me\/izgradnja-kapaciteta-za-bolju-zivotnu-sredinu-u-cg\/#primaryimage"},"thumbnailUrl":"https:\/\/www.evropskakuca.me\/wp-content\/uploads\/2018\/06\/slika-priroda-mala.png","articleSection":["Novosti"],"inLanguage":"me-ME","potentialAction":[{"@type":"CommentAction","name":"Comment","target":["https:\/\/www.evropskakuca.me\/me\/izgradnja-kapaciteta-za-bolju-zivotnu-sredinu-u-cg\/#respond"]}]},{"@type":"WebPage","@id":"https:\/\/www.evropskakuca.me\/me\/izgradnja-kapaciteta-za-bolju-zivotnu-sredinu-u-cg\/","url":"https:\/\/www.evropskakuca.me\/me\/izgradnja-kapaciteta-za-bolju-zivotnu-sredinu-u-cg\/","name":"\u201eIzgradnja kapaciteta za bolju \u017eivotnu sredinu u CG\u201d - Europe House","isPartOf":{"@id":"https:\/\/www.evropskakuca.me\/me\/#website"},"primaryImageOfPage":{"@id":"https:\/\/www.evropskakuca.me\/me\/izgradnja-kapaciteta-za-bolju-zivotnu-sredinu-u-cg\/#primaryimage"},"image":{"@id":"https:\/\/www.evropskakuca.me\/me\/izgradnja-kapaciteta-za-bolju-zivotnu-sredinu-u-cg\/#primaryimage"},"thumbnailUrl":"https:\/\/www.evropskakuca.me\/wp-content\/uploads\/2018\/06\/slika-priroda-mala.png","datePublished":"2018-06-14T13:35:22+00:00","breadcrumb":{"@id":"https:\/\/www.evropskakuca.me\/me\/izgradnja-kapaciteta-za-bolju-zivotnu-sredinu-u-cg\/#breadcrumb"},"inLanguage":"me-ME","potentialAction":[{"@type":"ReadAction","target":["https:\/\/www.evropskakuca.me\/me\/izgradnja-kapaciteta-za-bolju-zivotnu-sredinu-u-cg\/"]}]},{"@type":"ImageObject","inLanguage":"me-ME","@id":"https:\/\/www.evropskakuca.me\/me\/izgradnja-kapaciteta-za-bolju-zivotnu-sredinu-u-cg\/#primaryimage","url":"https:\/\/www.evropskakuca.me\/wp-content\/uploads\/2018\/06\/slika-priroda-mala.png","contentUrl":"https:\/\/www.evropskakuca.me\/wp-content\/uploads\/2018\/06\/slika-priroda-mala.png","width":1354,"height":891},{"@type":"BreadcrumbList","@id":"https:\/\/www.evropskakuca.me\/me\/izgradnja-kapaciteta-za-bolju-zivotnu-sredinu-u-cg\/#breadcrumb","itemListElement":[{"@type":"ListItem","position":1,"name":"Home","item":"https:\/\/www.evropskakuca.me\/me\/"},{"@type":"ListItem","position":2,"name":"\u201eIzgradnja kapaciteta za bolju \u017eivotnu sredinu u CG\u201d"}]},{"@type":"WebSite","@id":"https:\/\/www.evropskakuca.me\/me\/#website","url":"https:\/\/www.evropskakuca.me\/me\/","name":"Evropean house","description":"","publisher":{"@id":"https:\/\/www.evropskakuca.me\/me\/#organization"},"potentialAction":[{"@type":"SearchAction","target":{"@type":"EntryPoint","urlTemplate":"https:\/\/www.evropskakuca.me\/me\/?s={search_term_string}"},"query-input":{"@type":"PropertyValueSpecification","valueRequired":true,"valueName":"search_term_string"}}],"inLanguage":"me-ME"},{"@type":"Organization","@id":"https:\/\/www.evropskakuca.me\/me\/#organization","name":"Evropean house","url":"https:\/\/www.evropskakuca.me\/me\/","logo":{"@type":"ImageObject","inLanguage":"me-ME","@id":"https:\/\/www.evropskakuca.me\/me\/#\/schema\/logo\/image\/","url":"https:\/\/www.evropskakuca.me\/wp-content\/uploads\/2025\/01\/evropska-kuca-logo-1.png","contentUrl":"https:\/\/www.evropskakuca.me\/wp-content\/uploads\/2025\/01\/evropska-kuca-logo-1.png","width":425,"height":312,"caption":"Evropean house"},"image":{"@id":"https:\/\/www.evropskakuca.me\/me\/#\/schema\/logo\/image\/"},"sameAs":["https:\/\/www.facebook.com\/evropska.kuca","https:\/\/x.com\/evropska_kuca","https:\/\/www.instagram.com\/evropska_kuca"]},{"@type":"Person","@id":"https:\/\/www.evropskakuca.me\/me\/#\/schema\/person\/a1d0dcdaefe4a1cd1d60d200ea137ba4","name":"mkajic","image":{"@type":"ImageObject","inLanguage":"me-ME","@id":"https:\/\/secure.gravatar.com\/avatar\/731fa035cefab7316e6bafd1f25a93fb731a07de14e2d9923f8db4422628eabc?s=96&d=mm&r=g","url":"https:\/\/secure.gravatar.com\/avatar\/731fa035cefab7316e6bafd1f25a93fb731a07de14e2d9923f8db4422628eabc?s=96&d=mm&r=g","contentUrl":"https:\/\/secure.gravatar.com\/avatar\/731fa035cefab7316e6bafd1f25a93fb731a07de14e2d9923f8db4422628eabc?s=96&d=mm&r=g","caption":"mkajic"},"sameAs":["https:\/\/evropskakuca.me"],"url":"https:\/\/www.evropskakuca.me\/me\/author\/mkajic\/"}]}},"_links":{"self":[{"href":"https:\/\/www.evropskakuca.me\/me\/wp-json\/wp\/v2\/posts\/5682","targetHints":{"allow":["GET"]}}],"collection":[{"href":"https:\/\/www.evropskakuca.me\/me\/wp-json\/wp\/v2\/posts"}],"about":[{"href":"https:\/\/www.evropskakuca.me\/me\/wp-json\/wp\/v2\/types\/post"}],"author":[{"embeddable":true,"href":"https:\/\/www.evropskakuca.me\/me\/wp-json\/wp\/v2\/users\/1"}],"replies":[{"embeddable":true,"href":"https:\/\/www.evropskakuca.me\/me\/wp-json\/wp\/v2\/comments?post=5682"}],"version-history":[{"count":0,"href":"https:\/\/www.evropskakuca.me\/me\/wp-json\/wp\/v2\/posts\/5682\/revisions"}],"wp:featuredmedia":[{"embeddable":true,"href":"https:\/\/www.evropskakuca.me\/me\/wp-json\/wp\/v2\/media\/33899"}],"wp:attachment":[{"href":"https:\/\/www.evropskakuca.me\/me\/wp-json\/wp\/v2\/media?parent=5682"}],"wp:term":[{"taxonomy":"category","embeddable":true,"href":"https:\/\/www.evropskakuca.me\/me\/wp-json\/wp\/v2\/categories?post=5682"},{"taxonomy":"post_tag","embeddable":true,"href":"https:\/\/www.evropskakuca.me\/me\/wp-json\/wp\/v2\/tags?post=5682"}],"curies":[{"name":"wp","href":"https:\/\/api.w.org\/{rel}","templated":true}]}}