{"id":5665,"date":"2018-06-11T10:37:51","date_gmt":"2018-06-11T10:37:51","guid":{"rendered":"http:\/\/www.evropskakuca.me\/me\/?p=5665"},"modified":"2018-06-11T10:37:51","modified_gmt":"2018-06-11T10:37:51","slug":"osjecanje-nemoci-se-mora-uzeti-ozbiljno-da-bi-se-izbjegla-politicka-radikalizacija-2","status":"publish","type":"post","link":"https:\/\/www.evropskakuca.me\/me\/osjecanje-nemoci-se-mora-uzeti-ozbiljno-da-bi-se-izbjegla-politicka-radikalizacija-2\/","title":{"rendered":"Osje\u0107anje nemo\u0107i se mora uzeti ozbiljno da bi se izbjegla politi\u010dka radikalizacija"},"content":{"rendered":"<p>Podgorica, 1. jun &#8211; Norve\u0161ki antropolog, Tomas Hajlend Eriksen, koji je neke od svojih najva\u017enijih radova posvetio temama identiteta i nacionalizma, po\u010deo je svoje predavanje sa obja\u0161njenjem za\u0161to je tema identiteta nepresu\u0161na i za\u0161to uvijek ima materijala za analizu.<\/p>\n<p>\u201cJedan od razloga za\u0161to o ovome pri\u010damo danas je to \u0161to je Evropa sukobljena sa ozbiljnim izazovima koji se ti\u010du identiteta a koji se moraju rije\u0161iti. I to ne samo Evropska unija, ve\u0107 i zemlje sa oboda, kao \u0161to je Crna Gora, ili Norve\u0161ka, iz koje ja dolazim,\u201d kazao je Eriksen.<\/p>\n<p>On je iskoristio svoje bogato ista\u017eiva\u010dko iskustvo sa Trinidada i Tobaga i Mauriciusa da objasni prirodu kreiranja nacionalnog identiteta u zemljama sa razli\u010ditim etni\u010dkim, religijskim i kulturnim porijeklom. Objasnio je da su oni to rije\u0161ili tako \u0161to su za stavaranje identiteta iskoristili neutralne simbole koje svako prihvata, kao \u0161to je priroda. Multikulturalizam je tako\u0111e odigrao zna\u010dajnu ulogu u definisanju identiteta ovih raznolikih dru\u0161tava.<\/p>\n<p>Eriksen je tako\u0111e objasnio dva razli\u010dita na\u010dina formiranja identiteta u Evropi, kao \u0161to je francuski, zasnovan na geografiji, tj. francuskoj teritoriji i njema\u010dki koji je zasnovan na etni\u010dkom porijeklu.<\/p>\n<p>Nakon teorijskog obja\u0161njenja nastanka identiteta, Erisken je napravio paralelu izme\u0111u optimisti\u010dnih 1990-ih i punih straha 2000-ih i objasnio kako se to reflektovalo na razli\u010dite identitete \u0161irom svijeta. On je podsjetio da je u 1990-im, nakon \u0161to je pao Berlinski zid, ve\u0107ina zemalja osjetila pozitivan ekonomski razvoj. EU je pucala od optimizma, Erasmus bro\u0161ure su bile svuda i ljudi su shvatili da EU koja je po\u010dela kao ekonomski projekat mo\u017ee postati i identitetski projekat. Prema Eriksenu, vi\u0161estruki identiteti: lokalni, nacionalni i evropski bili su prihvatljivi i po\u017eeljni.<\/p>\n<p>\u201eU Barseloni ste mogli da vidite \u010detiri zastave: grada Barselone, Katalonije, \u0160panije i zastavu EU. Ljudi u Barseloni su bili potpuno ok sa posjedvanjem \u010detiri identiteta. Nije bila velika stvar biti mje\u0161anac, biti kulturni kreol, kako ih ja zovem,\u201c kazao je Eriksen.<\/p>\n<p><a href=\"http:\/\/www.evropskakuca.me\/wp-content\/uploads\/2018\/06\/eriksen-2.jpg\"><img fetchpriority=\"high\" decoding=\"async\" class=\"alignleft  wp-image-5657\" src=\"http:\/\/www.evropskakuca.me\/wp-content\/uploads\/2018\/06\/eriksen-2-1024x683.jpg\" alt=\"\" width=\"810\" height=\"540\" \/><\/a>\u0160ta se desilo sa optimizmom?<\/p>\n<p>Erisken vidi teroristi\u010dke napade na Njujork 2001. kao po\u010detak promjene, objasniv\u0161i kako je to natjeralo ljude da grade nove identitete bazirane na spoljnoj opasnosti. Onda je do\u0161ao rat protiv terorizma, koji nije bio rat protiv odre\u0111ene zemlje, ve\u0107 rat protiv fenomena koji je mogao biti svuda.<\/p>\n<p>\u201eOno \u0161to oni nisu shvatili je da svaki put kada ubijete nevinu osobu u ratu protiv terora, vi zapravo stvorite 10 terorista. Ili ako nekog napadnete samo zato \u0161to je Musliman, on \u0107e se braniti kao Musliman. To su neki od korijena takozvane radikalizacije Islama,\u201c objasnio je Eriksen.<\/p>\n<p>Gra\u0111enje zidova tako\u0111e je u\u0161lo u modu, ne samo ovog potencijalnog zida izme\u0111u Meksika i SAD-a, ve\u0107 i zidova koje su Izraelci podigli u Jerusalimu, ili zidova koji se di\u017eu prema izbjeglicama, podsjetio je Eriksen. To je prema njemu dodatno radikalizovalo indentitete u tim zemljama i tako smo dobili duboko podijeljena dru\u0161tva.<\/p>\n<p>Eriksen ka\u017ee da ono \u0161to sada imamo je negativan stav prema Briselu, negativan stav prema emigrantima, proteste protiv muslimanskih izbjeglica, pa \u010dak i u zeljama gdje jedva da ima Muslimana. On je nabrojio sve zemlje u Evropi gdje su desni\u010darske partije u porastu, uklju\u010duju\u0107i i Norve\u0161ku, gdje se nalaze u vladi.<\/p>\n<p>Ljudi prosto osje\u0107aju da se ne pitaju ni\u0161ta i da su nemo\u0107ni. To je po Eriskenu gre\u0161ka politi\u010dkih elita koji su dozvolili nacionalisti\u010dkim partijama i religijskim fundametalistima da dobiju na popularnosti obra\u0107aju\u0107i se tim ljudima.<\/p>\n<p>\u201eMi smo krivi za rast desni\u010darskog populizma jer nismo ozbilno shvatili osje\u0107aj nemo\u0107i koji mnogi ljudi imaju,\u201c kazao je Eriksen.<\/p>\n<p>\u0160ta uraditi povodom toga? Eriksen savjetuje da se ljudi moraju shvatati ozbiljno i da se moraju slu\u0161ati njigovi problemi. Tako\u0111e, principi poput subsidijarnosti se moraju shvatiti vrlo ozbiljno.<\/p>\n<p>\u201eSvaka odluka mora biti done\u0161ena na najni\u017eem mogu\u0107em nivou i \u0161to bli\u017ee ljudima na koje se odnosi. Tek tada \u0107e ljudi ponovo po\u010deti da vjeruju u demokratiju, \u201c zaklju\u010dio je Eriksen.<\/p>\n<p><em>Predavanje Tomas Hajland Eriksena je dio drugo u nizu predavanja evropskih profesora i akademika koje infocentar organizuje u Crnoj Gori za studente i zainteresovanu javnost. Eriksen je ne samo jedan od najpoznatijih \u00a0antropologa, ve\u0107 i vjerovano najzaslu\u017eniji za promociju socijalne antropologije u lai\u010dkoj javnosti. Njegove knjige se koriste kao ud\u017ebenici antropologije na mnogim evropskim univerzitetima, ali se njegov uticaj ne zavr\u0161ava na akademiji. Eriksen pi\u0161e popularne knjige, govori na TED konferencijama i uop\u0161te koristi antropologiju da objasni \u0161irok spektar tema koje ga interesuju, od darvinijanske prirodne selekcije, preko informacionih tehnologija, klimatskih promjena i kulturne razli\u010ditosti. <\/em><\/p>\n<p><a href=\"http:\/\/www.evropskakuca.me\/wp-content\/uploads\/2018\/06\/eriksen-3.jpg\"><img decoding=\"async\" class=\"alignleft  wp-image-5659\" src=\"http:\/\/www.evropskakuca.me\/wp-content\/uploads\/2018\/06\/eriksen-3-1024x683.jpg\" alt=\"\" width=\"897\" height=\"598\" \/><\/a><\/p>\n","protected":false},"excerpt":{"rendered":"<p>Predavanje norve\u0161kog antropologa Tomasa Hajlenda Eriksena<\/p>\n","protected":false},"author":1,"featured_media":33893,"comment_status":"open","ping_status":"open","sticky":false,"template":"","format":"standard","meta":{"_acf_changed":false,"footnotes":""},"categories":[283],"tags":[],"class_list":["post-5665","post","type-post","status-publish","format-standard","has-post-thumbnail","hentry","category-novosti-me"],"acf":[],"yoast_head":"<!-- This site is optimized with the Yoast SEO plugin v27.3 - https:\/\/yoast.com\/product\/yoast-seo-wordpress\/ -->\n<title>Osje\u0107anje nemo\u0107i se mora uzeti ozbiljno da bi se izbjegla politi\u010dka radikalizacija - Europe House<\/title>\n<meta name=\"robots\" content=\"index, follow, max-snippet:-1, max-image-preview:large, max-video-preview:-1\" \/>\n<link rel=\"canonical\" href=\"https:\/\/www.evropskakuca.me\/me\/osjecanje-nemoci-se-mora-uzeti-ozbiljno-da-bi-se-izbjegla-politicka-radikalizacija-2\/\" \/>\n<meta property=\"og:locale\" content=\"en_US\" \/>\n<meta property=\"og:type\" content=\"article\" \/>\n<meta property=\"og:title\" content=\"Osje\u0107anje nemo\u0107i se mora uzeti ozbiljno da bi se izbjegla politi\u010dka radikalizacija - Europe House\" \/>\n<meta property=\"og:description\" content=\"Predavanje norve\u0161kog antropologa Tomasa Hajlenda Eriksena\" \/>\n<meta property=\"og:url\" content=\"https:\/\/www.evropskakuca.me\/me\/osjecanje-nemoci-se-mora-uzeti-ozbiljno-da-bi-se-izbjegla-politicka-radikalizacija-2\/\" \/>\n<meta property=\"og:site_name\" content=\"Europe House\" \/>\n<meta property=\"article:publisher\" content=\"https:\/\/www.facebook.com\/evropska.kuca\" \/>\n<meta property=\"article:published_time\" content=\"2018-06-11T10:37:51+00:00\" \/>\n<meta property=\"og:image\" content=\"https:\/\/www.evropskakuca.me\/wp-content\/uploads\/2018\/06\/eriksen-1.jpg\" \/>\n\t<meta property=\"og:image:width\" content=\"2028\" \/>\n\t<meta property=\"og:image:height\" content=\"1352\" \/>\n\t<meta property=\"og:image:type\" content=\"image\/jpeg\" \/>\n<meta name=\"author\" content=\"mkajic\" \/>\n<meta name=\"twitter:card\" content=\"summary_large_image\" \/>\n<meta name=\"twitter:creator\" content=\"@evropska_kuca\" \/>\n<meta name=\"twitter:site\" content=\"@evropska_kuca\" \/>\n<meta name=\"twitter:label1\" content=\"Written by\" \/>\n\t<meta name=\"twitter:data1\" content=\"mkajic\" \/>\n\t<meta name=\"twitter:label2\" content=\"Est. reading time\" \/>\n\t<meta name=\"twitter:data2\" content=\"4 minutes\" \/>\n<script type=\"application\/ld+json\" class=\"yoast-schema-graph\">{\"@context\":\"https:\\\/\\\/schema.org\",\"@graph\":[{\"@type\":\"Article\",\"@id\":\"https:\\\/\\\/www.evropskakuca.me\\\/me\\\/osjecanje-nemoci-se-mora-uzeti-ozbiljno-da-bi-se-izbjegla-politicka-radikalizacija-2\\\/#article\",\"isPartOf\":{\"@id\":\"https:\\\/\\\/www.evropskakuca.me\\\/me\\\/osjecanje-nemoci-se-mora-uzeti-ozbiljno-da-bi-se-izbjegla-politicka-radikalizacija-2\\\/\"},\"author\":{\"name\":\"mkajic\",\"@id\":\"https:\\\/\\\/www.evropskakuca.me\\\/me\\\/#\\\/schema\\\/person\\\/a1d0dcdaefe4a1cd1d60d200ea137ba4\"},\"headline\":\"Osje\u0107anje nemo\u0107i se mora uzeti ozbiljno da bi se izbjegla politi\u010dka radikalizacija\",\"datePublished\":\"2018-06-11T10:37:51+00:00\",\"mainEntityOfPage\":{\"@id\":\"https:\\\/\\\/www.evropskakuca.me\\\/me\\\/osjecanje-nemoci-se-mora-uzeti-ozbiljno-da-bi-se-izbjegla-politicka-radikalizacija-2\\\/\"},\"wordCount\":810,\"commentCount\":0,\"publisher\":{\"@id\":\"https:\\\/\\\/www.evropskakuca.me\\\/me\\\/#organization\"},\"image\":{\"@id\":\"https:\\\/\\\/www.evropskakuca.me\\\/me\\\/osjecanje-nemoci-se-mora-uzeti-ozbiljno-da-bi-se-izbjegla-politicka-radikalizacija-2\\\/#primaryimage\"},\"thumbnailUrl\":\"https:\\\/\\\/www.evropskakuca.me\\\/wp-content\\\/uploads\\\/2018\\\/06\\\/eriksen-1.jpg\",\"articleSection\":[\"Novosti\"],\"inLanguage\":\"me-ME\",\"potentialAction\":[{\"@type\":\"CommentAction\",\"name\":\"Comment\",\"target\":[\"https:\\\/\\\/www.evropskakuca.me\\\/me\\\/osjecanje-nemoci-se-mora-uzeti-ozbiljno-da-bi-se-izbjegla-politicka-radikalizacija-2\\\/#respond\"]}]},{\"@type\":\"WebPage\",\"@id\":\"https:\\\/\\\/www.evropskakuca.me\\\/me\\\/osjecanje-nemoci-se-mora-uzeti-ozbiljno-da-bi-se-izbjegla-politicka-radikalizacija-2\\\/\",\"url\":\"https:\\\/\\\/www.evropskakuca.me\\\/me\\\/osjecanje-nemoci-se-mora-uzeti-ozbiljno-da-bi-se-izbjegla-politicka-radikalizacija-2\\\/\",\"name\":\"Osje\u0107anje nemo\u0107i se mora uzeti ozbiljno da bi se izbjegla politi\u010dka radikalizacija - Europe House\",\"isPartOf\":{\"@id\":\"https:\\\/\\\/www.evropskakuca.me\\\/me\\\/#website\"},\"primaryImageOfPage\":{\"@id\":\"https:\\\/\\\/www.evropskakuca.me\\\/me\\\/osjecanje-nemoci-se-mora-uzeti-ozbiljno-da-bi-se-izbjegla-politicka-radikalizacija-2\\\/#primaryimage\"},\"image\":{\"@id\":\"https:\\\/\\\/www.evropskakuca.me\\\/me\\\/osjecanje-nemoci-se-mora-uzeti-ozbiljno-da-bi-se-izbjegla-politicka-radikalizacija-2\\\/#primaryimage\"},\"thumbnailUrl\":\"https:\\\/\\\/www.evropskakuca.me\\\/wp-content\\\/uploads\\\/2018\\\/06\\\/eriksen-1.jpg\",\"datePublished\":\"2018-06-11T10:37:51+00:00\",\"breadcrumb\":{\"@id\":\"https:\\\/\\\/www.evropskakuca.me\\\/me\\\/osjecanje-nemoci-se-mora-uzeti-ozbiljno-da-bi-se-izbjegla-politicka-radikalizacija-2\\\/#breadcrumb\"},\"inLanguage\":\"me-ME\",\"potentialAction\":[{\"@type\":\"ReadAction\",\"target\":[\"https:\\\/\\\/www.evropskakuca.me\\\/me\\\/osjecanje-nemoci-se-mora-uzeti-ozbiljno-da-bi-se-izbjegla-politicka-radikalizacija-2\\\/\"]}]},{\"@type\":\"ImageObject\",\"inLanguage\":\"me-ME\",\"@id\":\"https:\\\/\\\/www.evropskakuca.me\\\/me\\\/osjecanje-nemoci-se-mora-uzeti-ozbiljno-da-bi-se-izbjegla-politicka-radikalizacija-2\\\/#primaryimage\",\"url\":\"https:\\\/\\\/www.evropskakuca.me\\\/wp-content\\\/uploads\\\/2018\\\/06\\\/eriksen-1.jpg\",\"contentUrl\":\"https:\\\/\\\/www.evropskakuca.me\\\/wp-content\\\/uploads\\\/2018\\\/06\\\/eriksen-1.jpg\",\"width\":2028,\"height\":1352},{\"@type\":\"BreadcrumbList\",\"@id\":\"https:\\\/\\\/www.evropskakuca.me\\\/me\\\/osjecanje-nemoci-se-mora-uzeti-ozbiljno-da-bi-se-izbjegla-politicka-radikalizacija-2\\\/#breadcrumb\",\"itemListElement\":[{\"@type\":\"ListItem\",\"position\":1,\"name\":\"Home\",\"item\":\"https:\\\/\\\/www.evropskakuca.me\\\/me\\\/\"},{\"@type\":\"ListItem\",\"position\":2,\"name\":\"Osje\u0107anje nemo\u0107i se mora uzeti ozbiljno da bi se izbjegla politi\u010dka radikalizacija\"}]},{\"@type\":\"WebSite\",\"@id\":\"https:\\\/\\\/www.evropskakuca.me\\\/me\\\/#website\",\"url\":\"https:\\\/\\\/www.evropskakuca.me\\\/me\\\/\",\"name\":\"Evropean house\",\"description\":\"\",\"publisher\":{\"@id\":\"https:\\\/\\\/www.evropskakuca.me\\\/me\\\/#organization\"},\"potentialAction\":[{\"@type\":\"SearchAction\",\"target\":{\"@type\":\"EntryPoint\",\"urlTemplate\":\"https:\\\/\\\/www.evropskakuca.me\\\/me\\\/?s={search_term_string}\"},\"query-input\":{\"@type\":\"PropertyValueSpecification\",\"valueRequired\":true,\"valueName\":\"search_term_string\"}}],\"inLanguage\":\"me-ME\"},{\"@type\":\"Organization\",\"@id\":\"https:\\\/\\\/www.evropskakuca.me\\\/me\\\/#organization\",\"name\":\"Evropean house\",\"url\":\"https:\\\/\\\/www.evropskakuca.me\\\/me\\\/\",\"logo\":{\"@type\":\"ImageObject\",\"inLanguage\":\"me-ME\",\"@id\":\"https:\\\/\\\/www.evropskakuca.me\\\/me\\\/#\\\/schema\\\/logo\\\/image\\\/\",\"url\":\"https:\\\/\\\/www.evropskakuca.me\\\/wp-content\\\/uploads\\\/2025\\\/01\\\/evropska-kuca-logo-1.png\",\"contentUrl\":\"https:\\\/\\\/www.evropskakuca.me\\\/wp-content\\\/uploads\\\/2025\\\/01\\\/evropska-kuca-logo-1.png\",\"width\":425,\"height\":312,\"caption\":\"Evropean house\"},\"image\":{\"@id\":\"https:\\\/\\\/www.evropskakuca.me\\\/me\\\/#\\\/schema\\\/logo\\\/image\\\/\"},\"sameAs\":[\"https:\\\/\\\/www.facebook.com\\\/evropska.kuca\",\"https:\\\/\\\/x.com\\\/evropska_kuca\",\"https:\\\/\\\/www.instagram.com\\\/evropska_kuca\"]},{\"@type\":\"Person\",\"@id\":\"https:\\\/\\\/www.evropskakuca.me\\\/me\\\/#\\\/schema\\\/person\\\/a1d0dcdaefe4a1cd1d60d200ea137ba4\",\"name\":\"mkajic\",\"image\":{\"@type\":\"ImageObject\",\"inLanguage\":\"me-ME\",\"@id\":\"https:\\\/\\\/secure.gravatar.com\\\/avatar\\\/731fa035cefab7316e6bafd1f25a93fb731a07de14e2d9923f8db4422628eabc?s=96&d=mm&r=g\",\"url\":\"https:\\\/\\\/secure.gravatar.com\\\/avatar\\\/731fa035cefab7316e6bafd1f25a93fb731a07de14e2d9923f8db4422628eabc?s=96&d=mm&r=g\",\"contentUrl\":\"https:\\\/\\\/secure.gravatar.com\\\/avatar\\\/731fa035cefab7316e6bafd1f25a93fb731a07de14e2d9923f8db4422628eabc?s=96&d=mm&r=g\",\"caption\":\"mkajic\"},\"sameAs\":[\"https:\\\/\\\/evropskakuca.me\"],\"url\":\"https:\\\/\\\/www.evropskakuca.me\\\/me\\\/author\\\/mkajic\\\/\"}]}<\/script>\n<!-- \/ Yoast SEO plugin. -->","yoast_head_json":{"title":"Osje\u0107anje nemo\u0107i se mora uzeti ozbiljno da bi se izbjegla politi\u010dka radikalizacija - Europe House","robots":{"index":"index","follow":"follow","max-snippet":"max-snippet:-1","max-image-preview":"max-image-preview:large","max-video-preview":"max-video-preview:-1"},"canonical":"https:\/\/www.evropskakuca.me\/me\/osjecanje-nemoci-se-mora-uzeti-ozbiljno-da-bi-se-izbjegla-politicka-radikalizacija-2\/","og_locale":"en_US","og_type":"article","og_title":"Osje\u0107anje nemo\u0107i se mora uzeti ozbiljno da bi se izbjegla politi\u010dka radikalizacija - Europe House","og_description":"Predavanje norve\u0161kog antropologa Tomasa Hajlenda Eriksena","og_url":"https:\/\/www.evropskakuca.me\/me\/osjecanje-nemoci-se-mora-uzeti-ozbiljno-da-bi-se-izbjegla-politicka-radikalizacija-2\/","og_site_name":"Europe House","article_publisher":"https:\/\/www.facebook.com\/evropska.kuca","article_published_time":"2018-06-11T10:37:51+00:00","og_image":[{"width":2028,"height":1352,"url":"https:\/\/www.evropskakuca.me\/wp-content\/uploads\/2018\/06\/eriksen-1.jpg","type":"image\/jpeg"}],"author":"mkajic","twitter_card":"summary_large_image","twitter_creator":"@evropska_kuca","twitter_site":"@evropska_kuca","twitter_misc":{"Written by":"mkajic","Est. reading time":"4 minutes"},"schema":{"@context":"https:\/\/schema.org","@graph":[{"@type":"Article","@id":"https:\/\/www.evropskakuca.me\/me\/osjecanje-nemoci-se-mora-uzeti-ozbiljno-da-bi-se-izbjegla-politicka-radikalizacija-2\/#article","isPartOf":{"@id":"https:\/\/www.evropskakuca.me\/me\/osjecanje-nemoci-se-mora-uzeti-ozbiljno-da-bi-se-izbjegla-politicka-radikalizacija-2\/"},"author":{"name":"mkajic","@id":"https:\/\/www.evropskakuca.me\/me\/#\/schema\/person\/a1d0dcdaefe4a1cd1d60d200ea137ba4"},"headline":"Osje\u0107anje nemo\u0107i se mora uzeti ozbiljno da bi se izbjegla politi\u010dka radikalizacija","datePublished":"2018-06-11T10:37:51+00:00","mainEntityOfPage":{"@id":"https:\/\/www.evropskakuca.me\/me\/osjecanje-nemoci-se-mora-uzeti-ozbiljno-da-bi-se-izbjegla-politicka-radikalizacija-2\/"},"wordCount":810,"commentCount":0,"publisher":{"@id":"https:\/\/www.evropskakuca.me\/me\/#organization"},"image":{"@id":"https:\/\/www.evropskakuca.me\/me\/osjecanje-nemoci-se-mora-uzeti-ozbiljno-da-bi-se-izbjegla-politicka-radikalizacija-2\/#primaryimage"},"thumbnailUrl":"https:\/\/www.evropskakuca.me\/wp-content\/uploads\/2018\/06\/eriksen-1.jpg","articleSection":["Novosti"],"inLanguage":"me-ME","potentialAction":[{"@type":"CommentAction","name":"Comment","target":["https:\/\/www.evropskakuca.me\/me\/osjecanje-nemoci-se-mora-uzeti-ozbiljno-da-bi-se-izbjegla-politicka-radikalizacija-2\/#respond"]}]},{"@type":"WebPage","@id":"https:\/\/www.evropskakuca.me\/me\/osjecanje-nemoci-se-mora-uzeti-ozbiljno-da-bi-se-izbjegla-politicka-radikalizacija-2\/","url":"https:\/\/www.evropskakuca.me\/me\/osjecanje-nemoci-se-mora-uzeti-ozbiljno-da-bi-se-izbjegla-politicka-radikalizacija-2\/","name":"Osje\u0107anje nemo\u0107i se mora uzeti ozbiljno da bi se izbjegla politi\u010dka radikalizacija - Europe House","isPartOf":{"@id":"https:\/\/www.evropskakuca.me\/me\/#website"},"primaryImageOfPage":{"@id":"https:\/\/www.evropskakuca.me\/me\/osjecanje-nemoci-se-mora-uzeti-ozbiljno-da-bi-se-izbjegla-politicka-radikalizacija-2\/#primaryimage"},"image":{"@id":"https:\/\/www.evropskakuca.me\/me\/osjecanje-nemoci-se-mora-uzeti-ozbiljno-da-bi-se-izbjegla-politicka-radikalizacija-2\/#primaryimage"},"thumbnailUrl":"https:\/\/www.evropskakuca.me\/wp-content\/uploads\/2018\/06\/eriksen-1.jpg","datePublished":"2018-06-11T10:37:51+00:00","breadcrumb":{"@id":"https:\/\/www.evropskakuca.me\/me\/osjecanje-nemoci-se-mora-uzeti-ozbiljno-da-bi-se-izbjegla-politicka-radikalizacija-2\/#breadcrumb"},"inLanguage":"me-ME","potentialAction":[{"@type":"ReadAction","target":["https:\/\/www.evropskakuca.me\/me\/osjecanje-nemoci-se-mora-uzeti-ozbiljno-da-bi-se-izbjegla-politicka-radikalizacija-2\/"]}]},{"@type":"ImageObject","inLanguage":"me-ME","@id":"https:\/\/www.evropskakuca.me\/me\/osjecanje-nemoci-se-mora-uzeti-ozbiljno-da-bi-se-izbjegla-politicka-radikalizacija-2\/#primaryimage","url":"https:\/\/www.evropskakuca.me\/wp-content\/uploads\/2018\/06\/eriksen-1.jpg","contentUrl":"https:\/\/www.evropskakuca.me\/wp-content\/uploads\/2018\/06\/eriksen-1.jpg","width":2028,"height":1352},{"@type":"BreadcrumbList","@id":"https:\/\/www.evropskakuca.me\/me\/osjecanje-nemoci-se-mora-uzeti-ozbiljno-da-bi-se-izbjegla-politicka-radikalizacija-2\/#breadcrumb","itemListElement":[{"@type":"ListItem","position":1,"name":"Home","item":"https:\/\/www.evropskakuca.me\/me\/"},{"@type":"ListItem","position":2,"name":"Osje\u0107anje nemo\u0107i se mora uzeti ozbiljno da bi se izbjegla politi\u010dka radikalizacija"}]},{"@type":"WebSite","@id":"https:\/\/www.evropskakuca.me\/me\/#website","url":"https:\/\/www.evropskakuca.me\/me\/","name":"Evropean house","description":"","publisher":{"@id":"https:\/\/www.evropskakuca.me\/me\/#organization"},"potentialAction":[{"@type":"SearchAction","target":{"@type":"EntryPoint","urlTemplate":"https:\/\/www.evropskakuca.me\/me\/?s={search_term_string}"},"query-input":{"@type":"PropertyValueSpecification","valueRequired":true,"valueName":"search_term_string"}}],"inLanguage":"me-ME"},{"@type":"Organization","@id":"https:\/\/www.evropskakuca.me\/me\/#organization","name":"Evropean house","url":"https:\/\/www.evropskakuca.me\/me\/","logo":{"@type":"ImageObject","inLanguage":"me-ME","@id":"https:\/\/www.evropskakuca.me\/me\/#\/schema\/logo\/image\/","url":"https:\/\/www.evropskakuca.me\/wp-content\/uploads\/2025\/01\/evropska-kuca-logo-1.png","contentUrl":"https:\/\/www.evropskakuca.me\/wp-content\/uploads\/2025\/01\/evropska-kuca-logo-1.png","width":425,"height":312,"caption":"Evropean house"},"image":{"@id":"https:\/\/www.evropskakuca.me\/me\/#\/schema\/logo\/image\/"},"sameAs":["https:\/\/www.facebook.com\/evropska.kuca","https:\/\/x.com\/evropska_kuca","https:\/\/www.instagram.com\/evropska_kuca"]},{"@type":"Person","@id":"https:\/\/www.evropskakuca.me\/me\/#\/schema\/person\/a1d0dcdaefe4a1cd1d60d200ea137ba4","name":"mkajic","image":{"@type":"ImageObject","inLanguage":"me-ME","@id":"https:\/\/secure.gravatar.com\/avatar\/731fa035cefab7316e6bafd1f25a93fb731a07de14e2d9923f8db4422628eabc?s=96&d=mm&r=g","url":"https:\/\/secure.gravatar.com\/avatar\/731fa035cefab7316e6bafd1f25a93fb731a07de14e2d9923f8db4422628eabc?s=96&d=mm&r=g","contentUrl":"https:\/\/secure.gravatar.com\/avatar\/731fa035cefab7316e6bafd1f25a93fb731a07de14e2d9923f8db4422628eabc?s=96&d=mm&r=g","caption":"mkajic"},"sameAs":["https:\/\/evropskakuca.me"],"url":"https:\/\/www.evropskakuca.me\/me\/author\/mkajic\/"}]}},"_links":{"self":[{"href":"https:\/\/www.evropskakuca.me\/me\/wp-json\/wp\/v2\/posts\/5665","targetHints":{"allow":["GET"]}}],"collection":[{"href":"https:\/\/www.evropskakuca.me\/me\/wp-json\/wp\/v2\/posts"}],"about":[{"href":"https:\/\/www.evropskakuca.me\/me\/wp-json\/wp\/v2\/types\/post"}],"author":[{"embeddable":true,"href":"https:\/\/www.evropskakuca.me\/me\/wp-json\/wp\/v2\/users\/1"}],"replies":[{"embeddable":true,"href":"https:\/\/www.evropskakuca.me\/me\/wp-json\/wp\/v2\/comments?post=5665"}],"version-history":[{"count":0,"href":"https:\/\/www.evropskakuca.me\/me\/wp-json\/wp\/v2\/posts\/5665\/revisions"}],"wp:featuredmedia":[{"embeddable":true,"href":"https:\/\/www.evropskakuca.me\/me\/wp-json\/wp\/v2\/media\/33893"}],"wp:attachment":[{"href":"https:\/\/www.evropskakuca.me\/me\/wp-json\/wp\/v2\/media?parent=5665"}],"wp:term":[{"taxonomy":"category","embeddable":true,"href":"https:\/\/www.evropskakuca.me\/me\/wp-json\/wp\/v2\/categories?post=5665"},{"taxonomy":"post_tag","embeddable":true,"href":"https:\/\/www.evropskakuca.me\/me\/wp-json\/wp\/v2\/tags?post=5665"}],"curies":[{"name":"wp","href":"https:\/\/api.w.org\/{rel}","templated":true}]}}