{"id":5631,"date":"2018-05-28T14:49:48","date_gmt":"2018-05-28T14:49:48","guid":{"rendered":"http:\/\/www.evropskakuca.me\/me\/?p=5631"},"modified":"2018-05-28T14:49:48","modified_gmt":"2018-05-28T14:49:48","slug":"kako-funkcionisu-institucije-i-organizacije-u-berlinu","status":"publish","type":"post","link":"https:\/\/www.evropskakuca.me\/me\/kako-funkcionisu-institucije-i-organizacije-u-berlinu\/","title":{"rendered":"Kako funkcioni\u0161u institucije i organizacije u Berlinu?"},"content":{"rendered":"<p><strong>Kako je bilo u Berlinu, \u0161ta su sve vidjeli i \u0161ta ih je najvi\u0161e zadivilo saznali smo danas u EU info centru od grupe crnogorskih srednjo\u0161kolaca koja je posjetila glavni grad Njema\u010dke u aprilu. Oni su svojim vr\u0161njacima ispri\u010dali kako funkcioni\u0161u njema\u010dke institucije koje su posjetili, koji su najzanimljiviji grafiti koje su vidjeli i \u0161ta Berlin \u010dini toliko specijalnim da svi mladi ljudi iz Evrope \u017eele da ga posjete.<\/strong><\/p>\n<p><strong>Vi\u0161e o tome pro\u010ditajte u reporta\u017ei Kristine \u0106etkovi\u0107 iz Gra\u0111anske Alijanse, koja je zajedno sa srednjo\u0161kolcima bila na studijskom putovanju u Berlinu, gdje ih je i pitala za utiske:<\/strong><\/p>\n<p>\u201eStudijsko putovanje, realizovano u periodu od 15. do 19. aprila bilo je osmi\u0161ljeno kako bi se u\u010denici\/e i profesori\/ce upoznali sa istorijom i kulturom glavnog grada Njema\u010dka, ali tako\u0111e i radom institucija i organizacija u oblasti politike, za\u0161tite ljudskih prava i sli\u010dno.<\/p>\n<p>Drugog dana boravka u Berlinu, grupa iz Crne Gore, imala je priliku da posjeti: Brandenbur\u0161ku kapiju, Holokaust Memorijal, Raj\u0161tag i \u010cek Point \u010carli.<\/p>\n<p>Trijumfalna vrata koja su simbol njema\u010dkog glavnog grada, u\u010denica SM\u0160 \u201eMladost\u201c iz Tivta<strong> Agata Lukovi\u0107 <\/strong>i kako ka\u017ee budu\u0107a arhitektica, opisuje kao impresivnu gra\u0111evinu koju svako treba da do\u017eivi.<\/p>\n<p>\u201eSama kapija nalazi se na Pari\u0161kom trgu, izgra\u0111ena je u klasi\u010dnom stilu i sastavljena od 12 stubova u dvorskom stilu. Na mene, ali i ostale \u010dlanove grupe, ostavila je jak utisak.\u201c<\/p>\n<p>Posjetu Berlinu preporu\u010dila bi svakome \u201ejer se mogu sresti razli\u010dite vrste kulture i stilova\u201c.<\/p>\n<p>\u201eArhitektonski, berlin je je jedan od najljep\u0161ih gradova sa veli\u010danstvenim i grandioznim gra\u0111evinama\u201c \u2013 ka\u017ee Agata.<\/p>\n<p>Jedan od svjetski najpoznatijih spomenika na \u017ertve holokausta Muzej Jevreja, na u\u010denicu Gimnazije \u201eSlobodan \u0160kerovi\u0107\u201c <strong>Ivonu Popovi\u0107 <\/strong>ostavio je izuzetan utisak s obzirom da je imala priliku da svjedo\u010di istinitim \u017eivotnim pri\u010dama Jevreja koji su boravili u logorima.<\/p>\n<p>\u201ePovr\u0161no sam upoznata sa zlo\u010dinima koji su se de\u0161avali u Drugom svjetskom ratu i zato mi je ovo iskustvo dalo jasniju sliku. Pored tuge i saosje\u0107anja, bila sam i zabrinuta jer sam imala utisak da prisustvujem de\u0161avanjima\u201c \u2013 opisuje svoj do\u017eivljaj Ivona.<\/p>\n<p>Kako ka\u017ee studijsko putovanje \u0107e pamtiti po osmjesima, raznovrsnim kuhinjama, dobrim kafi\u0107ima a posebno po novonastalim poznanstvima.<\/p>\n<p>Za Ivoninog druga iz \u0161kole, <strong>Vasilija Rako\u010devi\u0107a <\/strong>Raj\u0161tag je bio najzanimljivije mjesto gdje je najvi\u0161e nau\u010dio.<\/p>\n<p>\u201ePoliti\u010dki sistem Njema\u010dke je u mnogim apsektima druga\u010diji od na\u0161eg i to me je zainteresovalo. Posebno su me fascinirale poruke sovjetskih vojnika koji su osvojili pomenutu zgradu u pohodu na Berlin\u201c \u2013 sje\u0107a se Vasilije detalja posjete zgradi u kojoj je smje\u0161ten parlament Njema\u010dke.<\/p>\n<p>\u010cek Point \u010carli je na u\u010denicu Gimnazije \u201ePetar I Petrovi\u0107 Njego\u0161\u201c iz danilovgrada, <strong>Mariju Markovi\u0107 <\/strong>ostavio jak utisak zbog \u201ezanimljive istorije i znamenitosti koje nudi\u201c.<\/p>\n<p>\u201eOn predstavlja prelaz izme\u0111u Zapadnog i Isto\u010dnog Berlina. Najljep\u0161a uspomena, bi\u0107e mi zajedni\u010dka slika sa vojnicima ispred muzeja, kao i suvenir \u2013 djeli\u0107 Berlinskog zida.\u201c<\/p>\n<p>Studijsko putovanje, Mariji je donijelo olak\u0161anje jer je imala priliku da \u010duje i uvjeri se da i stanovnici Njema\u010dke imaju iste probleme kao i stanovnici Crne Gore.<\/p>\n<p>\u201eImala sam osje\u0107aj da se zajedno borimo za isto i da idemo pravim putem. Prijali su mi razgovori sa sagovornicima u institucijama i organizacijama koje smo posjetili, najvi\u0161e zbog znanja koje sam stekla u vezi sa odre\u0111enim zakonima i pravilima u Njema\u010dkoj, a koja se ti\u010du ljudskih prava\u201c \u2013 isti\u010de Marija.<\/p>\n<p>Da apsolutno pripada gradu, osje\u0107aj kod nje kako tvrdi, probudili su ljudi koji su bili opu\u0161teni i ljubazni.<\/p>\n<p>Tre\u0107i dan studijske posjete bio je rezervisan za istoriju, kulturi i svakodnevni \u017eivot u Berlinu, pa su u\u010denici\/e i profesori\/ce imali priliku da posjete \u201eHohen\u0161enhauzen\u201c, krstare rijekom \u0160prevom i na kraju obi\u0111u \u201eMuzejsko ostrvo\u201c i muzeje Pergamon i Novi.<\/p>\n<p>Posjeta zatvoru \u201eHohen\u0161enhauzen&#8221; u Berlinu, kojim je rukovodila isto\u010dnonjema\u010dka slu\u017eba dr\u017eavne bezbjednosti, poznata kao \u0160tazi, na u\u010denika gimnazije iz Danilovgrada, <strong>Marija Tripovi\u0107a <\/strong>pomogla je da dobije jasniju sliku i prikaz \u0161ta se de\u0161avalo u tom dijelu Njema\u010dke koju deceniju ranije.<\/p>\n<p>\u201eEmocije koje sam osjetio su bile raznovrsne. U jednu ruku bio sam fasciniran dok sam s druge strane bio razo\u010daran kako je to tada funkcionisalo\u201c \u2013 ka\u017ee Mario.<\/p>\n<p>Kada su u pitanju ljudska prava, pomenuti mladi\u0107 smatra da se u crnoj Gori odre\u0111eni broj bori za ljudska prava ali da treba neko da \u201eprobije led\u201c.<\/p>\n<p>\u201ePotrebno je zainteresovati ljude da i oni doprinesu borbi za ljudska prava jer \u0107e u suprotnom ostati nezainteresovani i u strahi da ih dru\u0161tvo ili neko drugi ne kritikuje\u201c \u2013 obja\u0161njava Mario, po njegovom mi\u0161ljenju, razliku izme\u0111u Njema\u010dke i Crne Gore.<\/p>\n<p>Njegova \u0161kolska drugarica, <strong>Mia Mara\u0161<\/strong> bila je pod utiskom nakon krstarenja rijekom \u0160prevom, s obzirom da je brod rije\u010dnim kanalom prolazio pored razli\u010ditih arhitektonskih stilova.<\/p>\n<p>\u201eKako je vrijeme odmicalo smjenjivale su se gra\u0111evine od stakla i metala, stare zgrade od opeke, impozantni mostovi i drugo. Berlin je multikulturalni grad sa nevjerovatnim spojevima kultura i tradicija. Jedinstveno mjesto gdje svako mo\u017ee prona\u0107i ne\u0161to za sebe\u201c \u2013 tvrdi Mia.<\/p>\n<p>Prema rije\u010dima u\u010denice SM\u0160 \u201eMladost\u201c iz Tivta, <strong>Jelene \u0110or\u0111evi\u0107<\/strong> jedno od najljep\u0161ih mjesta koje je u Berlinu imala priliku da posjeti jeste \u201eOstrvo muzeja\u201c.<\/p>\n<p>\u201eU Pergamon i Novom muzeju imali smo priliku da vidimo neke od najve\u0107ih djela arhitektonske umjetnosti anti\u010dkih kultura: kapiju boginje I\u0161tar, rimske mozaike, gr\u010dke stubove&#8230;\u201c<\/p>\n<p>Pergamon muzejem bila je impresionirana i profesorica Gimnazije \u201eSlobodan \u0160kerovi\u0107\u201c <strong>Vesna Kova\u010devi\u0107 <\/strong>koja je studirala u Kairu i ima zvanje egiptolo\u0161kinje.<\/p>\n<p>Studijsku posjetu, egiptolo\u0161kinja Kova\u010devi\u0107 vidi kao nezaboravno iskustvo.<\/p>\n<p>\u201eDjeca su imala priliku da vide kulturno-istorijske znamenitosti. Ono \u0161to je falilo u muzejima je interakcija.\u201c \u2013 zaklju\u010dila je profesorica Gimnazije iz Podgorice, koja je vodila mlade umjesto koleginice Mire Mrdak.<\/p>\n<p>Po pitanju ljudskih prava, smatra Jelena, Njema\u010dka predstavlja uzor mnogim dru\u0161tvima Evrope i svijeta u rje\u0161avanju problema diskriminacije marginalizovanih grupa.<\/p>\n<p>Tre\u0107eg dana boravka, grupa iz Crne Gore, imala je priliku da se upozna sa radom institucija i organizacija. Posjetili su \u201eAmnesti interne\u0161enel\u201c (Amnesty International), UNHCR i Dr\u017eavnu Anti-diskriminatornu agenciju. Zaposleni u pomenutim institucijama i organizacijama, kroz razgovor, do\u010darali su posjetiocima misiju, na\u010din rada, oblast rada i drugo.<\/p>\n<p>U\u010denik Podgori\u010dke gimnazije <strong>Vasilije Radusinovi\u0107 <\/strong>je utisak o posjeti me\u0111unarodnoj organizaciji \u201eAmnesti interne\u0161enel\u201c (AI) po\u010deo citatom \u201eBolje je zapaliti svije\u0107u nego proklinjati tamu\u201c.<\/p>\n<p>\u201eAI je plemenita organizacija koja budi svijest kod ljudi o nepravdi prilikom su\u0111enja u pojedinim zemljama i tra\u017ei od njih da zajedno sa njima pomognu diskriminisanim pojedincima da dobiju po\u0161teno su\u0111enje\u201c.<\/p>\n<p>Vasilje smatra da se i u Crnoj Gori i Njema\u010dkoj po\u0161tuju ljudska prava, ali da je to u pomenutoj stranoj zemlji izra\u017eenije jer \u201evjerovatno imaju stro\u017eije kazne ali i kao \u010dlanica EU treba konstantno da ispunjavaju evropske standrde\u201c.<\/p>\n<p>O radu UNHCR-a u Njema\u010dkoj, u\u010denici\/e i profesori\/ce su slu\u0161ali u parku koji se nalazio blizu prostorija pomenute me\u0111unarodne organizacije.<\/p>\n<p>\u201eUNHCR poma\u017ee izbjeglicama i raseljenim licima da u\u0111u u Njema\u010dku. Tako\u0111e se trude da im omogu\u0107e bolji i sigurniji \u017eivot u odnosu na onaj koji su imali u zemlji iz koje su izbjegli\u201c \u2013 obja\u0161njava rad poznate me\u0111unarodne organizacije u\u010denica SM\u0160 \u201eMladost\u201c <strong>Anja Andri\u0107<\/strong>.<\/p>\n<p>Kako dalje dodaje, na osnovu onoga \u0161to je \u010dula iz razgovora, izbjeglice jednoj dr\u017eavi donose raznolikost i razli\u010ditost \u2013 kulturnu, jezi\u010dku, nacionalnu i sli\u010dno, \u010dime se zemlja doma\u0107in oboga\u0107uje.<\/p>\n<p>Prilikom posjete Dr\u017eavne anti-diskriminatorne agencije (FADA), u\u010denici\/e i profesori\/ce iz Danilovgrada, Podgorice i Tivta imali su \u0161ansu da razgovaraju za zaposlenima pomenute ustanove i \u010duju razlike u praksi izme\u0111u Crne Gore i Njema\u010dke.<\/p>\n<p>Kroz interaktivnu prezentaciju, koju su za posjetioce iz Crne Gore, pripremili zaposleni u FADA, svi prisutni mogli su da iska\u017eu stavove i da diskutuju o razlikama u Crnoj Gori i Njema\u010dkoj kada se radi o oblasti anti-diskriminacije.<\/p>\n<p>\u201eIz prezentovanog mo\u017ee se zaklju\u010diti da postoje izme\u0111u na\u0161ih zemalja u dikriminaciji. U Crnoj Gori su najprisutniji primjeri dikriminacije prema: \u017eenama pri zapo\u0161ljavanju, osobama sa invaliditetom (arhitektonske barijere i inkluzija u obrazovanju), kao i govor mr\u017enje prema LGBT osobama i njihovom pravu na brak. U Njema\u010dkoj, kada je u pitanju diskriminacija, isti\u010du problem starosne dobi\u201c \u2013 obja\u0161njava profesorica iz Tivta <strong>Branka Ka\u0161\u0107elan<\/strong>.<\/p>\n<p>Ono \u0161to isti\u010de kao iznena\u0111enje jeste \u010dinjenica da u Njema\u010dkoj ne postoji institucija Ombudsmana kao u Crnoj Gori.<\/p>\n<p>Profesorica iz SM\u0160 \u201eMladost\u201c iz Tivta, sa studijskog putovanja nosi fantasti\u010dne utiske i boravak u Berlinu opisuje kao \u201eodli\u010dno iskustvo, ne samo za u\u010denike\/ce ve\u0107 i nas profesore\/ice\u201c.<\/p>\n<p>Za profesora iz Gimnazije \u201ePetar I Petrovi\u0107 Njego\u0161\u201c, <strong>Mira Mini\u0107a <\/strong>Berlin je \u201egrad koji nervira jer nisi nau\u010dio da ima\u0161 toliko mogu\u0107nosti jer se svuda nalaze muzeji, galerije, bioskopi&#8230;\u201c.<\/p>\n<p>Berlin posjeduje vi\u0161e od 170 muzieja i vi\u0161e od 100 pozori\u0161ta, te je sa u\u010denicima\/ama posjetio Isto\u010dnu galeriju (East Side Gallery) koja predstavlja ostatke nekada\u0161njeg velikog Berlinskog zida.<\/p>\n<p>\u201eNajljep\u0161a galerija, najbolji murali, to je onaj Berlin koji smo \u017eeljeli da otkrijemo. Murali dugi jedan kilometar svojevrsni su spomenici slobode\u201c \u2013 isti\u010de Mini\u0107.<\/p>\n<p>Profesor Danilovgradske gimnazije kroz konstataciju jednog od u\u010denika obja\u0161njava va\u017enost Obilje\u017eavanja dana ljudskih prava i studijske posjete.<\/p>\n<p>\u201eProfesore, znate li da u stvari U Berlinu ljudi nisu uop\u0161te ekcentri\u010dni. Oni su samo slobodni i zadovoljni sobom.\u201c<\/p>\n<p><em>Da iskuse i steknu uvid u funkcionisanje institucija i organizacija u glavnom gradu Njema\u010dke &#8211; Berlinu, imali su priliku u\u010denici\/e i profesori\/ce iz Tivta, Danilovgrada i Podgorice, koji su studijsko putovanje osvojili u takmi\u010denju \u201ePotraga za ljudskim pravima\u201d koja je realizovana u znak obilje\u017eavanja Me\u0111unarodnog dana ljudskih prava, u organizaciji Gra\u0111anske alijanse, institucije Za\u0161titnika ljudskih prava i sloboda Crne Gore i uz finansijsku podr\u0161ku Delegacije Evropske unije u Crnoj Gori. Postavljeni zadatak najbr\u017ee je savladao tim iz Gimnazije \u201eSlobodan \u0160kerovi\u0107\u201d iz Podgorice u sastavu: mentorka profesorica Milosava Mrdak Mitrovi\u0107, Vasilije Rako\u010devi\u0107, Vasilije Radusinovi\u0107 i Ivona Popovi\u0107. Umjesto profesorice Mrdak, \u0111aci su u Berlin boravili sa profesoricom Vesnom Kova\u010devi\u0107. Kao tim koji je najbolje sara\u0111ivao i na osnovu toga dobio studijsko putovanje je tim iz Gimnazije \u201ePetar I Petrovi\u0107 Njego\u0161\u201d iz Danilovgrada: mentor profesor Miroslav Mini\u0107, Mia Mara\u0161, Marija Markovi\u0107 i Mario Tripovi\u0107. U Berlin kao najaktivniji tim, putovao je tim iz Srednje mje\u0161ovite \u0161kole \u201eMladost\u201d iz Tivta u sastavu: mentorka profesorica Branka Kas\u0107elan, Jelena \u0110or\u0111evi\u0107, Anja Andri\u0107 i Agata Lukovi\u0107.\u201c<\/em><\/p>\n","protected":false},"excerpt":{"rendered":"<p>Reporta\u017ea sa studijske posjete srednjo\u0161kolaca Berlinu <\/p>\n","protected":false},"author":1,"featured_media":33873,"comment_status":"open","ping_status":"open","sticky":false,"template":"","format":"standard","meta":{"_acf_changed":false,"footnotes":""},"categories":[283],"tags":[],"class_list":["post-5631","post","type-post","status-publish","format-standard","has-post-thumbnail","hentry","category-novosti-me"],"acf":[],"yoast_head":"<!-- This site is optimized with the Yoast SEO plugin v27.3 - https:\/\/yoast.com\/product\/yoast-seo-wordpress\/ -->\n<title>Kako funkcioni\u0161u institucije i organizacije u Berlinu? - Europe House<\/title>\n<meta name=\"robots\" content=\"index, follow, max-snippet:-1, max-image-preview:large, max-video-preview:-1\" \/>\n<link rel=\"canonical\" href=\"https:\/\/www.evropskakuca.me\/me\/kako-funkcionisu-institucije-i-organizacije-u-berlinu\/\" \/>\n<meta property=\"og:locale\" content=\"en_US\" \/>\n<meta property=\"og:type\" content=\"article\" \/>\n<meta property=\"og:title\" content=\"Kako funkcioni\u0161u institucije i organizacije u Berlinu? - Europe House\" \/>\n<meta property=\"og:description\" content=\"Reporta\u017ea sa studijske posjete srednjo\u0161kolaca Berlinu\" \/>\n<meta property=\"og:url\" content=\"https:\/\/www.evropskakuca.me\/me\/kako-funkcionisu-institucije-i-organizacije-u-berlinu\/\" \/>\n<meta property=\"og:site_name\" content=\"Europe House\" \/>\n<meta property=\"article:publisher\" content=\"https:\/\/www.facebook.com\/evropska.kuca\" \/>\n<meta property=\"article:published_time\" content=\"2018-05-28T14:49:48+00:00\" \/>\n<meta property=\"og:image\" content=\"https:\/\/www.evropskakuca.me\/wp-content\/uploads\/2018\/05\/180528_berlin_trip-2.jpg\" \/>\n\t<meta property=\"og:image:width\" content=\"2028\" \/>\n\t<meta property=\"og:image:height\" content=\"1352\" \/>\n\t<meta property=\"og:image:type\" content=\"image\/jpeg\" \/>\n<meta name=\"author\" content=\"mkajic\" \/>\n<meta name=\"twitter:card\" content=\"summary_large_image\" \/>\n<meta name=\"twitter:creator\" content=\"@evropska_kuca\" \/>\n<meta name=\"twitter:site\" content=\"@evropska_kuca\" \/>\n<meta name=\"twitter:label1\" content=\"Written by\" \/>\n\t<meta name=\"twitter:data1\" content=\"mkajic\" \/>\n\t<meta name=\"twitter:label2\" content=\"Est. reading time\" \/>\n\t<meta name=\"twitter:data2\" content=\"9 minutes\" \/>\n<script type=\"application\/ld+json\" class=\"yoast-schema-graph\">{\"@context\":\"https:\\\/\\\/schema.org\",\"@graph\":[{\"@type\":\"Article\",\"@id\":\"https:\\\/\\\/www.evropskakuca.me\\\/me\\\/kako-funkcionisu-institucije-i-organizacije-u-berlinu\\\/#article\",\"isPartOf\":{\"@id\":\"https:\\\/\\\/www.evropskakuca.me\\\/me\\\/kako-funkcionisu-institucije-i-organizacije-u-berlinu\\\/\"},\"author\":{\"name\":\"mkajic\",\"@id\":\"https:\\\/\\\/www.evropskakuca.me\\\/me\\\/#\\\/schema\\\/person\\\/a1d0dcdaefe4a1cd1d60d200ea137ba4\"},\"headline\":\"Kako funkcioni\u0161u institucije i organizacije u Berlinu?\",\"datePublished\":\"2018-05-28T14:49:48+00:00\",\"mainEntityOfPage\":{\"@id\":\"https:\\\/\\\/www.evropskakuca.me\\\/me\\\/kako-funkcionisu-institucije-i-organizacije-u-berlinu\\\/\"},\"wordCount\":1835,\"commentCount\":0,\"publisher\":{\"@id\":\"https:\\\/\\\/www.evropskakuca.me\\\/me\\\/#organization\"},\"image\":{\"@id\":\"https:\\\/\\\/www.evropskakuca.me\\\/me\\\/kako-funkcionisu-institucije-i-organizacije-u-berlinu\\\/#primaryimage\"},\"thumbnailUrl\":\"https:\\\/\\\/www.evropskakuca.me\\\/wp-content\\\/uploads\\\/2018\\\/05\\\/180528_berlin_trip-2.jpg\",\"articleSection\":[\"Novosti\"],\"inLanguage\":\"me-ME\",\"potentialAction\":[{\"@type\":\"CommentAction\",\"name\":\"Comment\",\"target\":[\"https:\\\/\\\/www.evropskakuca.me\\\/me\\\/kako-funkcionisu-institucije-i-organizacije-u-berlinu\\\/#respond\"]}]},{\"@type\":\"WebPage\",\"@id\":\"https:\\\/\\\/www.evropskakuca.me\\\/me\\\/kako-funkcionisu-institucije-i-organizacije-u-berlinu\\\/\",\"url\":\"https:\\\/\\\/www.evropskakuca.me\\\/me\\\/kako-funkcionisu-institucije-i-organizacije-u-berlinu\\\/\",\"name\":\"Kako funkcioni\u0161u institucije i organizacije u Berlinu? - Europe House\",\"isPartOf\":{\"@id\":\"https:\\\/\\\/www.evropskakuca.me\\\/me\\\/#website\"},\"primaryImageOfPage\":{\"@id\":\"https:\\\/\\\/www.evropskakuca.me\\\/me\\\/kako-funkcionisu-institucije-i-organizacije-u-berlinu\\\/#primaryimage\"},\"image\":{\"@id\":\"https:\\\/\\\/www.evropskakuca.me\\\/me\\\/kako-funkcionisu-institucije-i-organizacije-u-berlinu\\\/#primaryimage\"},\"thumbnailUrl\":\"https:\\\/\\\/www.evropskakuca.me\\\/wp-content\\\/uploads\\\/2018\\\/05\\\/180528_berlin_trip-2.jpg\",\"datePublished\":\"2018-05-28T14:49:48+00:00\",\"breadcrumb\":{\"@id\":\"https:\\\/\\\/www.evropskakuca.me\\\/me\\\/kako-funkcionisu-institucije-i-organizacije-u-berlinu\\\/#breadcrumb\"},\"inLanguage\":\"me-ME\",\"potentialAction\":[{\"@type\":\"ReadAction\",\"target\":[\"https:\\\/\\\/www.evropskakuca.me\\\/me\\\/kako-funkcionisu-institucije-i-organizacije-u-berlinu\\\/\"]}]},{\"@type\":\"ImageObject\",\"inLanguage\":\"me-ME\",\"@id\":\"https:\\\/\\\/www.evropskakuca.me\\\/me\\\/kako-funkcionisu-institucije-i-organizacije-u-berlinu\\\/#primaryimage\",\"url\":\"https:\\\/\\\/www.evropskakuca.me\\\/wp-content\\\/uploads\\\/2018\\\/05\\\/180528_berlin_trip-2.jpg\",\"contentUrl\":\"https:\\\/\\\/www.evropskakuca.me\\\/wp-content\\\/uploads\\\/2018\\\/05\\\/180528_berlin_trip-2.jpg\",\"width\":2028,\"height\":1352},{\"@type\":\"BreadcrumbList\",\"@id\":\"https:\\\/\\\/www.evropskakuca.me\\\/me\\\/kako-funkcionisu-institucije-i-organizacije-u-berlinu\\\/#breadcrumb\",\"itemListElement\":[{\"@type\":\"ListItem\",\"position\":1,\"name\":\"Home\",\"item\":\"https:\\\/\\\/www.evropskakuca.me\\\/me\\\/\"},{\"@type\":\"ListItem\",\"position\":2,\"name\":\"Kako funkcioni\u0161u institucije i organizacije u Berlinu?\"}]},{\"@type\":\"WebSite\",\"@id\":\"https:\\\/\\\/www.evropskakuca.me\\\/me\\\/#website\",\"url\":\"https:\\\/\\\/www.evropskakuca.me\\\/me\\\/\",\"name\":\"Evropean house\",\"description\":\"\",\"publisher\":{\"@id\":\"https:\\\/\\\/www.evropskakuca.me\\\/me\\\/#organization\"},\"potentialAction\":[{\"@type\":\"SearchAction\",\"target\":{\"@type\":\"EntryPoint\",\"urlTemplate\":\"https:\\\/\\\/www.evropskakuca.me\\\/me\\\/?s={search_term_string}\"},\"query-input\":{\"@type\":\"PropertyValueSpecification\",\"valueRequired\":true,\"valueName\":\"search_term_string\"}}],\"inLanguage\":\"me-ME\"},{\"@type\":\"Organization\",\"@id\":\"https:\\\/\\\/www.evropskakuca.me\\\/me\\\/#organization\",\"name\":\"Evropean house\",\"url\":\"https:\\\/\\\/www.evropskakuca.me\\\/me\\\/\",\"logo\":{\"@type\":\"ImageObject\",\"inLanguage\":\"me-ME\",\"@id\":\"https:\\\/\\\/www.evropskakuca.me\\\/me\\\/#\\\/schema\\\/logo\\\/image\\\/\",\"url\":\"https:\\\/\\\/www.evropskakuca.me\\\/wp-content\\\/uploads\\\/2025\\\/01\\\/evropska-kuca-logo-1.png\",\"contentUrl\":\"https:\\\/\\\/www.evropskakuca.me\\\/wp-content\\\/uploads\\\/2025\\\/01\\\/evropska-kuca-logo-1.png\",\"width\":425,\"height\":312,\"caption\":\"Evropean house\"},\"image\":{\"@id\":\"https:\\\/\\\/www.evropskakuca.me\\\/me\\\/#\\\/schema\\\/logo\\\/image\\\/\"},\"sameAs\":[\"https:\\\/\\\/www.facebook.com\\\/evropska.kuca\",\"https:\\\/\\\/x.com\\\/evropska_kuca\",\"https:\\\/\\\/www.instagram.com\\\/evropska_kuca\"]},{\"@type\":\"Person\",\"@id\":\"https:\\\/\\\/www.evropskakuca.me\\\/me\\\/#\\\/schema\\\/person\\\/a1d0dcdaefe4a1cd1d60d200ea137ba4\",\"name\":\"mkajic\",\"image\":{\"@type\":\"ImageObject\",\"inLanguage\":\"me-ME\",\"@id\":\"https:\\\/\\\/secure.gravatar.com\\\/avatar\\\/731fa035cefab7316e6bafd1f25a93fb731a07de14e2d9923f8db4422628eabc?s=96&d=mm&r=g\",\"url\":\"https:\\\/\\\/secure.gravatar.com\\\/avatar\\\/731fa035cefab7316e6bafd1f25a93fb731a07de14e2d9923f8db4422628eabc?s=96&d=mm&r=g\",\"contentUrl\":\"https:\\\/\\\/secure.gravatar.com\\\/avatar\\\/731fa035cefab7316e6bafd1f25a93fb731a07de14e2d9923f8db4422628eabc?s=96&d=mm&r=g\",\"caption\":\"mkajic\"},\"sameAs\":[\"https:\\\/\\\/evropskakuca.me\"],\"url\":\"https:\\\/\\\/www.evropskakuca.me\\\/me\\\/author\\\/mkajic\\\/\"}]}<\/script>\n<!-- \/ Yoast SEO plugin. -->","yoast_head_json":{"title":"Kako funkcioni\u0161u institucije i organizacije u Berlinu? - Europe House","robots":{"index":"index","follow":"follow","max-snippet":"max-snippet:-1","max-image-preview":"max-image-preview:large","max-video-preview":"max-video-preview:-1"},"canonical":"https:\/\/www.evropskakuca.me\/me\/kako-funkcionisu-institucije-i-organizacije-u-berlinu\/","og_locale":"en_US","og_type":"article","og_title":"Kako funkcioni\u0161u institucije i organizacije u Berlinu? - Europe House","og_description":"Reporta\u017ea sa studijske posjete srednjo\u0161kolaca Berlinu","og_url":"https:\/\/www.evropskakuca.me\/me\/kako-funkcionisu-institucije-i-organizacije-u-berlinu\/","og_site_name":"Europe House","article_publisher":"https:\/\/www.facebook.com\/evropska.kuca","article_published_time":"2018-05-28T14:49:48+00:00","og_image":[{"width":2028,"height":1352,"url":"https:\/\/www.evropskakuca.me\/wp-content\/uploads\/2018\/05\/180528_berlin_trip-2.jpg","type":"image\/jpeg"}],"author":"mkajic","twitter_card":"summary_large_image","twitter_creator":"@evropska_kuca","twitter_site":"@evropska_kuca","twitter_misc":{"Written by":"mkajic","Est. reading time":"9 minutes"},"schema":{"@context":"https:\/\/schema.org","@graph":[{"@type":"Article","@id":"https:\/\/www.evropskakuca.me\/me\/kako-funkcionisu-institucije-i-organizacije-u-berlinu\/#article","isPartOf":{"@id":"https:\/\/www.evropskakuca.me\/me\/kako-funkcionisu-institucije-i-organizacije-u-berlinu\/"},"author":{"name":"mkajic","@id":"https:\/\/www.evropskakuca.me\/me\/#\/schema\/person\/a1d0dcdaefe4a1cd1d60d200ea137ba4"},"headline":"Kako funkcioni\u0161u institucije i organizacije u Berlinu?","datePublished":"2018-05-28T14:49:48+00:00","mainEntityOfPage":{"@id":"https:\/\/www.evropskakuca.me\/me\/kako-funkcionisu-institucije-i-organizacije-u-berlinu\/"},"wordCount":1835,"commentCount":0,"publisher":{"@id":"https:\/\/www.evropskakuca.me\/me\/#organization"},"image":{"@id":"https:\/\/www.evropskakuca.me\/me\/kako-funkcionisu-institucije-i-organizacije-u-berlinu\/#primaryimage"},"thumbnailUrl":"https:\/\/www.evropskakuca.me\/wp-content\/uploads\/2018\/05\/180528_berlin_trip-2.jpg","articleSection":["Novosti"],"inLanguage":"me-ME","potentialAction":[{"@type":"CommentAction","name":"Comment","target":["https:\/\/www.evropskakuca.me\/me\/kako-funkcionisu-institucije-i-organizacije-u-berlinu\/#respond"]}]},{"@type":"WebPage","@id":"https:\/\/www.evropskakuca.me\/me\/kako-funkcionisu-institucije-i-organizacije-u-berlinu\/","url":"https:\/\/www.evropskakuca.me\/me\/kako-funkcionisu-institucije-i-organizacije-u-berlinu\/","name":"Kako funkcioni\u0161u institucije i organizacije u Berlinu? - Europe House","isPartOf":{"@id":"https:\/\/www.evropskakuca.me\/me\/#website"},"primaryImageOfPage":{"@id":"https:\/\/www.evropskakuca.me\/me\/kako-funkcionisu-institucije-i-organizacije-u-berlinu\/#primaryimage"},"image":{"@id":"https:\/\/www.evropskakuca.me\/me\/kako-funkcionisu-institucije-i-organizacije-u-berlinu\/#primaryimage"},"thumbnailUrl":"https:\/\/www.evropskakuca.me\/wp-content\/uploads\/2018\/05\/180528_berlin_trip-2.jpg","datePublished":"2018-05-28T14:49:48+00:00","breadcrumb":{"@id":"https:\/\/www.evropskakuca.me\/me\/kako-funkcionisu-institucije-i-organizacije-u-berlinu\/#breadcrumb"},"inLanguage":"me-ME","potentialAction":[{"@type":"ReadAction","target":["https:\/\/www.evropskakuca.me\/me\/kako-funkcionisu-institucije-i-organizacije-u-berlinu\/"]}]},{"@type":"ImageObject","inLanguage":"me-ME","@id":"https:\/\/www.evropskakuca.me\/me\/kako-funkcionisu-institucije-i-organizacije-u-berlinu\/#primaryimage","url":"https:\/\/www.evropskakuca.me\/wp-content\/uploads\/2018\/05\/180528_berlin_trip-2.jpg","contentUrl":"https:\/\/www.evropskakuca.me\/wp-content\/uploads\/2018\/05\/180528_berlin_trip-2.jpg","width":2028,"height":1352},{"@type":"BreadcrumbList","@id":"https:\/\/www.evropskakuca.me\/me\/kako-funkcionisu-institucije-i-organizacije-u-berlinu\/#breadcrumb","itemListElement":[{"@type":"ListItem","position":1,"name":"Home","item":"https:\/\/www.evropskakuca.me\/me\/"},{"@type":"ListItem","position":2,"name":"Kako funkcioni\u0161u institucije i organizacije u Berlinu?"}]},{"@type":"WebSite","@id":"https:\/\/www.evropskakuca.me\/me\/#website","url":"https:\/\/www.evropskakuca.me\/me\/","name":"Evropean house","description":"","publisher":{"@id":"https:\/\/www.evropskakuca.me\/me\/#organization"},"potentialAction":[{"@type":"SearchAction","target":{"@type":"EntryPoint","urlTemplate":"https:\/\/www.evropskakuca.me\/me\/?s={search_term_string}"},"query-input":{"@type":"PropertyValueSpecification","valueRequired":true,"valueName":"search_term_string"}}],"inLanguage":"me-ME"},{"@type":"Organization","@id":"https:\/\/www.evropskakuca.me\/me\/#organization","name":"Evropean house","url":"https:\/\/www.evropskakuca.me\/me\/","logo":{"@type":"ImageObject","inLanguage":"me-ME","@id":"https:\/\/www.evropskakuca.me\/me\/#\/schema\/logo\/image\/","url":"https:\/\/www.evropskakuca.me\/wp-content\/uploads\/2025\/01\/evropska-kuca-logo-1.png","contentUrl":"https:\/\/www.evropskakuca.me\/wp-content\/uploads\/2025\/01\/evropska-kuca-logo-1.png","width":425,"height":312,"caption":"Evropean house"},"image":{"@id":"https:\/\/www.evropskakuca.me\/me\/#\/schema\/logo\/image\/"},"sameAs":["https:\/\/www.facebook.com\/evropska.kuca","https:\/\/x.com\/evropska_kuca","https:\/\/www.instagram.com\/evropska_kuca"]},{"@type":"Person","@id":"https:\/\/www.evropskakuca.me\/me\/#\/schema\/person\/a1d0dcdaefe4a1cd1d60d200ea137ba4","name":"mkajic","image":{"@type":"ImageObject","inLanguage":"me-ME","@id":"https:\/\/secure.gravatar.com\/avatar\/731fa035cefab7316e6bafd1f25a93fb731a07de14e2d9923f8db4422628eabc?s=96&d=mm&r=g","url":"https:\/\/secure.gravatar.com\/avatar\/731fa035cefab7316e6bafd1f25a93fb731a07de14e2d9923f8db4422628eabc?s=96&d=mm&r=g","contentUrl":"https:\/\/secure.gravatar.com\/avatar\/731fa035cefab7316e6bafd1f25a93fb731a07de14e2d9923f8db4422628eabc?s=96&d=mm&r=g","caption":"mkajic"},"sameAs":["https:\/\/evropskakuca.me"],"url":"https:\/\/www.evropskakuca.me\/me\/author\/mkajic\/"}]}},"_links":{"self":[{"href":"https:\/\/www.evropskakuca.me\/me\/wp-json\/wp\/v2\/posts\/5631","targetHints":{"allow":["GET"]}}],"collection":[{"href":"https:\/\/www.evropskakuca.me\/me\/wp-json\/wp\/v2\/posts"}],"about":[{"href":"https:\/\/www.evropskakuca.me\/me\/wp-json\/wp\/v2\/types\/post"}],"author":[{"embeddable":true,"href":"https:\/\/www.evropskakuca.me\/me\/wp-json\/wp\/v2\/users\/1"}],"replies":[{"embeddable":true,"href":"https:\/\/www.evropskakuca.me\/me\/wp-json\/wp\/v2\/comments?post=5631"}],"version-history":[{"count":0,"href":"https:\/\/www.evropskakuca.me\/me\/wp-json\/wp\/v2\/posts\/5631\/revisions"}],"wp:featuredmedia":[{"embeddable":true,"href":"https:\/\/www.evropskakuca.me\/me\/wp-json\/wp\/v2\/media\/33873"}],"wp:attachment":[{"href":"https:\/\/www.evropskakuca.me\/me\/wp-json\/wp\/v2\/media?parent=5631"}],"wp:term":[{"taxonomy":"category","embeddable":true,"href":"https:\/\/www.evropskakuca.me\/me\/wp-json\/wp\/v2\/categories?post=5631"},{"taxonomy":"post_tag","embeddable":true,"href":"https:\/\/www.evropskakuca.me\/me\/wp-json\/wp\/v2\/tags?post=5631"}],"curies":[{"name":"wp","href":"https:\/\/api.w.org\/{rel}","templated":true}]}}