{"id":5479,"date":"2018-05-09T13:35:22","date_gmt":"2018-05-09T13:35:22","guid":{"rendered":"http:\/\/www.evropskakuca.me\/me\/?p=5479"},"modified":"2018-05-09T13:35:22","modified_gmt":"2018-05-09T13:35:22","slug":"proslava-dana-evrope","status":"publish","type":"post","link":"https:\/\/www.evropskakuca.me\/me\/proslava-dana-evrope\/","title":{"rendered":"Proslava Dana Evrope"},"content":{"rendered":"<p>Podgorica, 9.maj &#8211; Nizom sve\u010danih doga\u0111aja ispred EU Info Centra u Podgorici, Delegacija Evropske unije u Crnoj Gori, je u saradnji sa ambasadama dr\u017eava \u010dlanica, obilje\u017eila 9. maj, Dan Evrope.<\/p>\n<p><a href=\"http:\/\/www.evropskakuca.me\/wp-content\/uploads\/2018\/05\/001.jpg\"><img fetchpriority=\"high\" decoding=\"async\" class=\"wp-image-5310 alignleft\" src=\"http:\/\/www.evropskakuca.me\/wp-content\/uploads\/2018\/05\/001.jpg\" alt=\"\" width=\"431\" height=\"287\" \/><\/a>Ambasador EU u Crnoj Gori, Aivo Orav rekao je da se proslavlja dan Evrope i Evropske unije kao najuspje\u0161nijeg mirovnog projekta u svijetu.<br \/>\n\u201cSlavimo danas mir, jedinstvo, demokratiju i prosperitet. Slavimo na\u0161e zajedni\u010dke vrijednosti, na\u0161u zajedni\u010dku vjeru u demokratiju, slobodu i ljudsko dostojanstvo,\u201d kazao je Orav.<\/p>\n<p>\u201cNa\u017ealost ne mo\u017eemo slaviti punog srca jer se sino\u0107 dogodio brutalni napad na novinarku Oliveru Laki\u0107. Taj napad nije u skladu sa vrijednostima koje sam maloprije pomenuo. Ko god da je to uradio, \u0161ta god da su bili razlozi za to, o\u010dekujemo da bude sproveden pred lice pravde \u0161to je prije mogu\u0107e\u201d dodao je \u0161ef Delegacije EU u Podgorici.<br \/>\nNapad na novinarku Oliveru Laki\u0107, u izjavi medijima, osudio je i ministar kulture Aleksandar Bogdanovi\u0107.<\/p>\n<p><a href=\"http:\/\/www.evropskakuca.me\/wp-content\/uploads\/2018\/05\/180509_program-15.jpg\"><img decoding=\"async\" class=\"aligncenter wp-image-5340 \" src=\"http:\/\/www.evropskakuca.me\/wp-content\/uploads\/2018\/05\/180509_program-15.jpg\" alt=\"\" width=\"834\" height=\"556\" \/><\/a><br \/>\nMinistar Bogdanovi\u0107 je u svom obra\u0107anju podsjetio i da je Evropska unija proglasila 2018. za godinu Evropske kulturne ba\u0161tine i istakao: \u201cDeveti maj kao Dan Evrope, od posebnog je zna\u010daja za Crnu Goru, jer je crnogorski antifa\u0161izam zapo\u010deo jednom od najranijih pobuna \u0161irokih narodnih masa, ostavljaju\u0107i u \u010detvorogodi\u0161njoj borbi protiv fa\u0161izma podatke o procentualno najve\u0107em broju antifa\u0161isti\u010dkih boraca i visokih oficira u jugoslovenskim okvirima. Sloboda, solidarnost i sigurnost na kojima po\u010diva Evropska unija, i \u0161to simboli\u010dki sa\u017eima ovaj datum, utkani su i u na\u0161e vi\u0161evjekovno trajanje, zasnovano na principima multikulturalnosti, multikonfesionalnosti i multietni\u010dnosti\u201d.<\/p>\n<p>Proslava se u ve\u010dernjim satima preselila na glavni gradski trg u Podgorici. Pred vi\u0161e hiljada gra\u0111ana nastupili su grupa Zoster i Darko Rundek i ekipa.<\/p>\n<p><a href=\"http:\/\/www.evropskakuca.me\/wp-content\/uploads\/2018\/05\/180509_koncert40.jpg\"><img decoding=\"async\" class=\"aligncenter wp-image-5480 size-full\" src=\"http:\/\/www.evropskakuca.me\/wp-content\/uploads\/2018\/05\/180509_koncert40.jpg\" alt=\"\" width=\"2024\" height=\"1349\" \/><\/a><\/p>\n<p>U okviru petodnevne proslave za posjetioce je pripremljen bogat program. U\u010denici podgori\u010dkih osnovnih \u0161kola takmi\u010denjem u kvizu znanja \u201eKoliko zna\u0161 o Evropskoj uniji\u201c pokazali su da su ve\u0107 spremni za pristupanje EU. Titulu najboljih poznavaoca Unije odnijele su Jelena Jovi\u0107evi\u0107, Milica \u0110okovi\u0107 i Iva Draga\u0161 u\u010denice Osnovne \u0161kole \u201eRadojica Perovi\u0107\u201c.<\/p>\n<p>U okviru dje\u010djeg programa nastupio je dje\u010diji hor \u201eZvjezdice\u201c, a svoje umije\u0107e predstavili su i mali\u0161ani iz podgori\u010dkih vrti\u0107a. Svoje vje\u0161tine u maskiranju pokazala su djeca iz vrti\u0107a \u201eMa\u0161a\u201c, \u201e\u0110ina Vrbica\u201c i \u201eLjubica Popovi\u0107\u201c.<\/p>\n<p><a href=\"http:\/\/www.evropskakuca.me\/wp-content\/uploads\/2018\/05\/180509_program-12.jpg\"><img loading=\"lazy\" decoding=\"async\" class=\"aligncenter wp-image-5336 \" src=\"http:\/\/www.evropskakuca.me\/wp-content\/uploads\/2018\/05\/180509_program-12.jpg\" alt=\"\" width=\"894\" height=\"596\" \/><\/a><\/p>\n<p>Tokom ceremonije proslave uru\u010dene su nagrade pobjednicima foto konkursa \u201eNa\u0161a kulturna ba\u0161tina \u2013 evropsko naslje\u0111e\u201c Nini Kapi\u010di\u0107, Nikolini Ra\u017enatovi\u0107 i Vedranu Vujisi\u0107u. Na konkursu su u\u010destvovali srednjo\u0161kolci i studenti iz cijele Crne Gore. Najbolje fotografije izlo\u017eene su u prostorijama EU info centra.<\/p>\n<p><a href=\"http:\/\/www.evropskakuca.me\/wp-content\/uploads\/2018\/05\/180509_program-9-1.jpg\"><img loading=\"lazy\" decoding=\"async\" class=\"aligncenter wp-image-5356 \" src=\"http:\/\/www.evropskakuca.me\/wp-content\/uploads\/2018\/05\/180509_program-9-1.jpg\" alt=\"\" width=\"863\" height=\"575\" \/><\/a><\/p>\n<p>Istovremeno na platou ispred EU Info centra, odr\u017ean je Sajam ambasada dr\u017eava-\u010dlanica Evropske unije. Tom prilikom stotine posjetilaca moglo je da se upozna sa razli\u010ditostima Unije, osjete duh evropskih kultura, proba jela nacionalnih kuhinja dr\u017eava \u010dlanica EU, ali i da nau\u010de pone\u0161to o kulturnoj ba\u0161tini Evrope. Na \u0161tandovima su se predstavile ambasade: Hrvatske, Rumunije, Njema\u010dke, Poljske, Austrije, Gr\u010dke, Bugarske, Slovenije i \u0160vedske. \u0160tandove su tako\u0111e imali: Ministarstvo evropskih poslova, Nacionalna turisticka organizacija, Ministarstvo kulture i EU info centar.<\/p>\n<p><a href=\"http:\/\/www.evropskakuca.me\/wp-content\/uploads\/2018\/05\/180509_\u0161tandovi-2-1.jpg\"><img loading=\"lazy\" decoding=\"async\" class=\"aligncenter wp-image-5461 \" src=\"http:\/\/www.evropskakuca.me\/wp-content\/uploads\/2018\/05\/180509_\u0161tandovi-2-1.jpg\" alt=\"\" width=\"900\" height=\"600\" \/><\/a><\/p>\n<p>Za ljubitelje performansa nastupila je francuska trupa \u201eZizani\u201c. U formi uli\u010dnog teatra, francuski umjetnici su se kotrljati u ogromnim plasti\u010dnim balonima, komunicirali sa publikom i izveli svoju plesnu ta\u010dku. Natup trupe Zizani ima\u0107e priliku da vide i Tiv\u0107ani, u petak, 11. maja od 18 \u010dasova.<\/p>\n<p>Vikend je rezervisan za dru\u0161tvene igre, i to njema\u010dke. 12. maja od 12-18 \u010dasova u EU info centru, u saradnji sa ambasadom SR Njema\u010dke, bi\u0107e organizovan Dan njema\u010dkih dru\u0161tvenih igara.<\/p>\n<p><a href=\"http:\/\/www.evropskakuca.me\/wp-content\/uploads\/2018\/05\/180509_programb1.jpg\"><img loading=\"lazy\" decoding=\"async\" class=\"aligncenter wp-image-5405 size-full\" src=\"http:\/\/www.evropskakuca.me\/wp-content\/uploads\/2018\/05\/180509_programb1.jpg\" alt=\"\" width=\"2028\" height=\"1352\" \/><\/a><\/p>\n<p>O Danu Evrope<br \/>\nDan Evrope se proslavlja svake godine 9. maja u \u010dast \u0160umanove Deklaracije od 9. maja 1950. godine, u kojoj je tada\u0161nji francuski ministar spoljnih poslova, Robert \u0160uman, predstavio svoju ideju za novi oblik politi\u010dke saradnje u Evropi, koji bi rat me\u0111u narodima Evrope u\u010dinio nezamislivim. Njegova vizija je bila da stvori evropsku instituciju koja bi udru\u017eila i upravljala proizvodnjom uglja i \u010delika. Ugovor koji je udario temelje takvom tijelu potpisan je nepunu godinu kasnije. \u0160umanov predlog se smatra po\u010detkom onoga \u0161to je danas Evropska unija.<\/p>\n","protected":false},"excerpt":{"rendered":"<p>Slavimo mir, jedinstvo, demokratiju i prosperitet<\/p>\n","protected":false},"author":1,"featured_media":33597,"comment_status":"closed","ping_status":"closed","sticky":false,"template":"","format":"standard","meta":{"_acf_changed":false,"footnotes":""},"categories":[285,283],"tags":[],"class_list":["post-5479","post","type-post","status-publish","format-standard","has-post-thumbnail","hentry","category-kampanje-i-eventi","category-novosti-me"],"acf":[],"yoast_head":"<!-- This site is optimized with the Yoast SEO plugin v27.3 - https:\/\/yoast.com\/product\/yoast-seo-wordpress\/ -->\n<title>Proslava Dana Evrope - Europe House<\/title>\n<meta name=\"robots\" content=\"index, follow, max-snippet:-1, max-image-preview:large, max-video-preview:-1\" \/>\n<link rel=\"canonical\" href=\"https:\/\/www.evropskakuca.me\/me\/proslava-dana-evrope\/\" \/>\n<meta property=\"og:locale\" content=\"en_US\" \/>\n<meta property=\"og:type\" content=\"article\" \/>\n<meta property=\"og:title\" content=\"Proslava Dana Evrope - Europe House\" \/>\n<meta property=\"og:description\" content=\"Slavimo mir, jedinstvo, demokratiju i prosperitet\" \/>\n<meta property=\"og:url\" content=\"https:\/\/www.evropskakuca.me\/me\/proslava-dana-evrope\/\" \/>\n<meta property=\"og:site_name\" content=\"Europe House\" \/>\n<meta property=\"article:publisher\" content=\"https:\/\/www.facebook.com\/evropska.kuca\" \/>\n<meta property=\"article:published_time\" content=\"2018-05-09T13:35:22+00:00\" \/>\n<meta property=\"og:image\" content=\"https:\/\/www.evropskakuca.me\/wp-content\/uploads\/2018\/05\/000.jpg\" \/>\n\t<meta property=\"og:image:width\" content=\"2028\" \/>\n\t<meta property=\"og:image:height\" content=\"1352\" \/>\n\t<meta property=\"og:image:type\" content=\"image\/jpeg\" \/>\n<meta name=\"author\" content=\"mkajic\" \/>\n<meta name=\"twitter:card\" content=\"summary_large_image\" \/>\n<meta name=\"twitter:creator\" content=\"@evropska_kuca\" \/>\n<meta name=\"twitter:site\" content=\"@evropska_kuca\" \/>\n<meta name=\"twitter:label1\" content=\"Written by\" \/>\n\t<meta name=\"twitter:data1\" content=\"mkajic\" \/>\n\t<meta name=\"twitter:label2\" content=\"Est. reading time\" \/>\n\t<meta name=\"twitter:data2\" content=\"4 minutes\" \/>\n<script type=\"application\/ld+json\" class=\"yoast-schema-graph\">{\"@context\":\"https:\\\/\\\/schema.org\",\"@graph\":[{\"@type\":\"Article\",\"@id\":\"https:\\\/\\\/www.evropskakuca.me\\\/me\\\/proslava-dana-evrope\\\/#article\",\"isPartOf\":{\"@id\":\"https:\\\/\\\/www.evropskakuca.me\\\/me\\\/proslava-dana-evrope\\\/\"},\"author\":{\"name\":\"mkajic\",\"@id\":\"https:\\\/\\\/www.evropskakuca.me\\\/me\\\/#\\\/schema\\\/person\\\/a1d0dcdaefe4a1cd1d60d200ea137ba4\"},\"headline\":\"Proslava Dana Evrope\",\"datePublished\":\"2018-05-09T13:35:22+00:00\",\"mainEntityOfPage\":{\"@id\":\"https:\\\/\\\/www.evropskakuca.me\\\/me\\\/proslava-dana-evrope\\\/\"},\"wordCount\":714,\"publisher\":{\"@id\":\"https:\\\/\\\/www.evropskakuca.me\\\/me\\\/#organization\"},\"image\":{\"@id\":\"https:\\\/\\\/www.evropskakuca.me\\\/me\\\/proslava-dana-evrope\\\/#primaryimage\"},\"thumbnailUrl\":\"https:\\\/\\\/www.evropskakuca.me\\\/wp-content\\\/uploads\\\/2018\\\/05\\\/000.jpg\",\"articleSection\":[\"Kampanje i eventi\",\"Novosti\"],\"inLanguage\":\"me-ME\"},{\"@type\":\"WebPage\",\"@id\":\"https:\\\/\\\/www.evropskakuca.me\\\/me\\\/proslava-dana-evrope\\\/\",\"url\":\"https:\\\/\\\/www.evropskakuca.me\\\/me\\\/proslava-dana-evrope\\\/\",\"name\":\"Proslava Dana Evrope - Europe House\",\"isPartOf\":{\"@id\":\"https:\\\/\\\/www.evropskakuca.me\\\/me\\\/#website\"},\"primaryImageOfPage\":{\"@id\":\"https:\\\/\\\/www.evropskakuca.me\\\/me\\\/proslava-dana-evrope\\\/#primaryimage\"},\"image\":{\"@id\":\"https:\\\/\\\/www.evropskakuca.me\\\/me\\\/proslava-dana-evrope\\\/#primaryimage\"},\"thumbnailUrl\":\"https:\\\/\\\/www.evropskakuca.me\\\/wp-content\\\/uploads\\\/2018\\\/05\\\/000.jpg\",\"datePublished\":\"2018-05-09T13:35:22+00:00\",\"breadcrumb\":{\"@id\":\"https:\\\/\\\/www.evropskakuca.me\\\/me\\\/proslava-dana-evrope\\\/#breadcrumb\"},\"inLanguage\":\"me-ME\",\"potentialAction\":[{\"@type\":\"ReadAction\",\"target\":[\"https:\\\/\\\/www.evropskakuca.me\\\/me\\\/proslava-dana-evrope\\\/\"]}]},{\"@type\":\"ImageObject\",\"inLanguage\":\"me-ME\",\"@id\":\"https:\\\/\\\/www.evropskakuca.me\\\/me\\\/proslava-dana-evrope\\\/#primaryimage\",\"url\":\"https:\\\/\\\/www.evropskakuca.me\\\/wp-content\\\/uploads\\\/2018\\\/05\\\/000.jpg\",\"contentUrl\":\"https:\\\/\\\/www.evropskakuca.me\\\/wp-content\\\/uploads\\\/2018\\\/05\\\/000.jpg\",\"width\":2028,\"height\":1352},{\"@type\":\"BreadcrumbList\",\"@id\":\"https:\\\/\\\/www.evropskakuca.me\\\/me\\\/proslava-dana-evrope\\\/#breadcrumb\",\"itemListElement\":[{\"@type\":\"ListItem\",\"position\":1,\"name\":\"Home\",\"item\":\"https:\\\/\\\/www.evropskakuca.me\\\/me\\\/\"},{\"@type\":\"ListItem\",\"position\":2,\"name\":\"Proslava Dana Evrope\"}]},{\"@type\":\"WebSite\",\"@id\":\"https:\\\/\\\/www.evropskakuca.me\\\/me\\\/#website\",\"url\":\"https:\\\/\\\/www.evropskakuca.me\\\/me\\\/\",\"name\":\"Evropean house\",\"description\":\"\",\"publisher\":{\"@id\":\"https:\\\/\\\/www.evropskakuca.me\\\/me\\\/#organization\"},\"potentialAction\":[{\"@type\":\"SearchAction\",\"target\":{\"@type\":\"EntryPoint\",\"urlTemplate\":\"https:\\\/\\\/www.evropskakuca.me\\\/me\\\/?s={search_term_string}\"},\"query-input\":{\"@type\":\"PropertyValueSpecification\",\"valueRequired\":true,\"valueName\":\"search_term_string\"}}],\"inLanguage\":\"me-ME\"},{\"@type\":\"Organization\",\"@id\":\"https:\\\/\\\/www.evropskakuca.me\\\/me\\\/#organization\",\"name\":\"Evropean house\",\"url\":\"https:\\\/\\\/www.evropskakuca.me\\\/me\\\/\",\"logo\":{\"@type\":\"ImageObject\",\"inLanguage\":\"me-ME\",\"@id\":\"https:\\\/\\\/www.evropskakuca.me\\\/me\\\/#\\\/schema\\\/logo\\\/image\\\/\",\"url\":\"https:\\\/\\\/www.evropskakuca.me\\\/wp-content\\\/uploads\\\/2025\\\/01\\\/evropska-kuca-logo-1.png\",\"contentUrl\":\"https:\\\/\\\/www.evropskakuca.me\\\/wp-content\\\/uploads\\\/2025\\\/01\\\/evropska-kuca-logo-1.png\",\"width\":425,\"height\":312,\"caption\":\"Evropean house\"},\"image\":{\"@id\":\"https:\\\/\\\/www.evropskakuca.me\\\/me\\\/#\\\/schema\\\/logo\\\/image\\\/\"},\"sameAs\":[\"https:\\\/\\\/www.facebook.com\\\/evropska.kuca\",\"https:\\\/\\\/x.com\\\/evropska_kuca\",\"https:\\\/\\\/www.instagram.com\\\/evropska_kuca\"]},{\"@type\":\"Person\",\"@id\":\"https:\\\/\\\/www.evropskakuca.me\\\/me\\\/#\\\/schema\\\/person\\\/a1d0dcdaefe4a1cd1d60d200ea137ba4\",\"name\":\"mkajic\",\"image\":{\"@type\":\"ImageObject\",\"inLanguage\":\"me-ME\",\"@id\":\"https:\\\/\\\/secure.gravatar.com\\\/avatar\\\/731fa035cefab7316e6bafd1f25a93fb731a07de14e2d9923f8db4422628eabc?s=96&d=mm&r=g\",\"url\":\"https:\\\/\\\/secure.gravatar.com\\\/avatar\\\/731fa035cefab7316e6bafd1f25a93fb731a07de14e2d9923f8db4422628eabc?s=96&d=mm&r=g\",\"contentUrl\":\"https:\\\/\\\/secure.gravatar.com\\\/avatar\\\/731fa035cefab7316e6bafd1f25a93fb731a07de14e2d9923f8db4422628eabc?s=96&d=mm&r=g\",\"caption\":\"mkajic\"},\"sameAs\":[\"https:\\\/\\\/evropskakuca.me\"],\"url\":\"https:\\\/\\\/www.evropskakuca.me\\\/me\\\/author\\\/mkajic\\\/\"}]}<\/script>\n<!-- \/ Yoast SEO plugin. -->","yoast_head_json":{"title":"Proslava Dana Evrope - Europe House","robots":{"index":"index","follow":"follow","max-snippet":"max-snippet:-1","max-image-preview":"max-image-preview:large","max-video-preview":"max-video-preview:-1"},"canonical":"https:\/\/www.evropskakuca.me\/me\/proslava-dana-evrope\/","og_locale":"en_US","og_type":"article","og_title":"Proslava Dana Evrope - Europe House","og_description":"Slavimo mir, jedinstvo, demokratiju i prosperitet","og_url":"https:\/\/www.evropskakuca.me\/me\/proslava-dana-evrope\/","og_site_name":"Europe House","article_publisher":"https:\/\/www.facebook.com\/evropska.kuca","article_published_time":"2018-05-09T13:35:22+00:00","og_image":[{"width":2028,"height":1352,"url":"https:\/\/www.evropskakuca.me\/wp-content\/uploads\/2018\/05\/000.jpg","type":"image\/jpeg"}],"author":"mkajic","twitter_card":"summary_large_image","twitter_creator":"@evropska_kuca","twitter_site":"@evropska_kuca","twitter_misc":{"Written by":"mkajic","Est. reading time":"4 minutes"},"schema":{"@context":"https:\/\/schema.org","@graph":[{"@type":"Article","@id":"https:\/\/www.evropskakuca.me\/me\/proslava-dana-evrope\/#article","isPartOf":{"@id":"https:\/\/www.evropskakuca.me\/me\/proslava-dana-evrope\/"},"author":{"name":"mkajic","@id":"https:\/\/www.evropskakuca.me\/me\/#\/schema\/person\/a1d0dcdaefe4a1cd1d60d200ea137ba4"},"headline":"Proslava Dana Evrope","datePublished":"2018-05-09T13:35:22+00:00","mainEntityOfPage":{"@id":"https:\/\/www.evropskakuca.me\/me\/proslava-dana-evrope\/"},"wordCount":714,"publisher":{"@id":"https:\/\/www.evropskakuca.me\/me\/#organization"},"image":{"@id":"https:\/\/www.evropskakuca.me\/me\/proslava-dana-evrope\/#primaryimage"},"thumbnailUrl":"https:\/\/www.evropskakuca.me\/wp-content\/uploads\/2018\/05\/000.jpg","articleSection":["Kampanje i eventi","Novosti"],"inLanguage":"me-ME"},{"@type":"WebPage","@id":"https:\/\/www.evropskakuca.me\/me\/proslava-dana-evrope\/","url":"https:\/\/www.evropskakuca.me\/me\/proslava-dana-evrope\/","name":"Proslava Dana Evrope - Europe House","isPartOf":{"@id":"https:\/\/www.evropskakuca.me\/me\/#website"},"primaryImageOfPage":{"@id":"https:\/\/www.evropskakuca.me\/me\/proslava-dana-evrope\/#primaryimage"},"image":{"@id":"https:\/\/www.evropskakuca.me\/me\/proslava-dana-evrope\/#primaryimage"},"thumbnailUrl":"https:\/\/www.evropskakuca.me\/wp-content\/uploads\/2018\/05\/000.jpg","datePublished":"2018-05-09T13:35:22+00:00","breadcrumb":{"@id":"https:\/\/www.evropskakuca.me\/me\/proslava-dana-evrope\/#breadcrumb"},"inLanguage":"me-ME","potentialAction":[{"@type":"ReadAction","target":["https:\/\/www.evropskakuca.me\/me\/proslava-dana-evrope\/"]}]},{"@type":"ImageObject","inLanguage":"me-ME","@id":"https:\/\/www.evropskakuca.me\/me\/proslava-dana-evrope\/#primaryimage","url":"https:\/\/www.evropskakuca.me\/wp-content\/uploads\/2018\/05\/000.jpg","contentUrl":"https:\/\/www.evropskakuca.me\/wp-content\/uploads\/2018\/05\/000.jpg","width":2028,"height":1352},{"@type":"BreadcrumbList","@id":"https:\/\/www.evropskakuca.me\/me\/proslava-dana-evrope\/#breadcrumb","itemListElement":[{"@type":"ListItem","position":1,"name":"Home","item":"https:\/\/www.evropskakuca.me\/me\/"},{"@type":"ListItem","position":2,"name":"Proslava Dana Evrope"}]},{"@type":"WebSite","@id":"https:\/\/www.evropskakuca.me\/me\/#website","url":"https:\/\/www.evropskakuca.me\/me\/","name":"Evropean house","description":"","publisher":{"@id":"https:\/\/www.evropskakuca.me\/me\/#organization"},"potentialAction":[{"@type":"SearchAction","target":{"@type":"EntryPoint","urlTemplate":"https:\/\/www.evropskakuca.me\/me\/?s={search_term_string}"},"query-input":{"@type":"PropertyValueSpecification","valueRequired":true,"valueName":"search_term_string"}}],"inLanguage":"me-ME"},{"@type":"Organization","@id":"https:\/\/www.evropskakuca.me\/me\/#organization","name":"Evropean house","url":"https:\/\/www.evropskakuca.me\/me\/","logo":{"@type":"ImageObject","inLanguage":"me-ME","@id":"https:\/\/www.evropskakuca.me\/me\/#\/schema\/logo\/image\/","url":"https:\/\/www.evropskakuca.me\/wp-content\/uploads\/2025\/01\/evropska-kuca-logo-1.png","contentUrl":"https:\/\/www.evropskakuca.me\/wp-content\/uploads\/2025\/01\/evropska-kuca-logo-1.png","width":425,"height":312,"caption":"Evropean house"},"image":{"@id":"https:\/\/www.evropskakuca.me\/me\/#\/schema\/logo\/image\/"},"sameAs":["https:\/\/www.facebook.com\/evropska.kuca","https:\/\/x.com\/evropska_kuca","https:\/\/www.instagram.com\/evropska_kuca"]},{"@type":"Person","@id":"https:\/\/www.evropskakuca.me\/me\/#\/schema\/person\/a1d0dcdaefe4a1cd1d60d200ea137ba4","name":"mkajic","image":{"@type":"ImageObject","inLanguage":"me-ME","@id":"https:\/\/secure.gravatar.com\/avatar\/731fa035cefab7316e6bafd1f25a93fb731a07de14e2d9923f8db4422628eabc?s=96&d=mm&r=g","url":"https:\/\/secure.gravatar.com\/avatar\/731fa035cefab7316e6bafd1f25a93fb731a07de14e2d9923f8db4422628eabc?s=96&d=mm&r=g","contentUrl":"https:\/\/secure.gravatar.com\/avatar\/731fa035cefab7316e6bafd1f25a93fb731a07de14e2d9923f8db4422628eabc?s=96&d=mm&r=g","caption":"mkajic"},"sameAs":["https:\/\/evropskakuca.me"],"url":"https:\/\/www.evropskakuca.me\/me\/author\/mkajic\/"}]}},"_links":{"self":[{"href":"https:\/\/www.evropskakuca.me\/me\/wp-json\/wp\/v2\/posts\/5479","targetHints":{"allow":["GET"]}}],"collection":[{"href":"https:\/\/www.evropskakuca.me\/me\/wp-json\/wp\/v2\/posts"}],"about":[{"href":"https:\/\/www.evropskakuca.me\/me\/wp-json\/wp\/v2\/types\/post"}],"author":[{"embeddable":true,"href":"https:\/\/www.evropskakuca.me\/me\/wp-json\/wp\/v2\/users\/1"}],"replies":[{"embeddable":true,"href":"https:\/\/www.evropskakuca.me\/me\/wp-json\/wp\/v2\/comments?post=5479"}],"version-history":[{"count":0,"href":"https:\/\/www.evropskakuca.me\/me\/wp-json\/wp\/v2\/posts\/5479\/revisions"}],"wp:featuredmedia":[{"embeddable":true,"href":"https:\/\/www.evropskakuca.me\/me\/wp-json\/wp\/v2\/media\/33597"}],"wp:attachment":[{"href":"https:\/\/www.evropskakuca.me\/me\/wp-json\/wp\/v2\/media?parent=5479"}],"wp:term":[{"taxonomy":"category","embeddable":true,"href":"https:\/\/www.evropskakuca.me\/me\/wp-json\/wp\/v2\/categories?post=5479"},{"taxonomy":"post_tag","embeddable":true,"href":"https:\/\/www.evropskakuca.me\/me\/wp-json\/wp\/v2\/tags?post=5479"}],"curies":[{"name":"wp","href":"https:\/\/api.w.org\/{rel}","templated":true}]}}