{"id":5296,"date":"2018-05-03T12:41:41","date_gmt":"2018-05-03T12:41:41","guid":{"rendered":"http:\/\/www.evropskakuca.me\/me\/?p=5296"},"modified":"2018-05-03T12:41:41","modified_gmt":"2018-05-03T12:41:41","slug":"orav-ponosni-smo-sto-podrzavamo-nezavisno-i-kvalitetno-novinarstvo","status":"publish","type":"post","link":"https:\/\/www.evropskakuca.me\/me\/orav-ponosni-smo-sto-podrzavamo-nezavisno-i-kvalitetno-novinarstvo\/","title":{"rendered":"Orav: ponosni smo \u0161to podr\u017eavamo nezavisno i kvalitetno novinarstvo"},"content":{"rendered":"<p>Evropska unija \u0107e nastaviti da pa\u017eljivo prati napore Crne Gore u oblasti slobode medija i nadam se da \u0107e rezultati biti bolji u na\u0161em sljede\u0107em izvje\u0161taju, kazao je ambasador EU u Crnoj Gori, Aivo Orav, prilikom prezentacije \u0161est novih projekata u okviru Programa za profesionalizaciju medija.<\/p>\n<p>Orav je kazao je da Svjetski dan slobode medija poslu\u017eio kao povod da bi se podsjetili kako EU podr\u017eava crnogorske medije u ja\u010danju njihove profesionalnosti i nezavisnosti. On je kazao da je EU u okviru ovog programa ve\u0107 finansirala \u010detiri projekta, od kojih je jedan doveo do stvaranja istra\u017eiva\u010dke redakcije u RTCG-u i nastavka produkcije nagra\u0111ivanog istra\u017eiva\u010dkog serijala \u00a0&#8220;Mehanizam&#8221;. Orav je rekao da je EU ponosna na finansiranje nezavisnog i kvalitetnog novinarstva.<\/p>\n<p>&#8220;Svi grantovi koje finansira EU u okviru Programa za profesionalizaciju medija imaju za cilj da mediji postanu nezavisniji i profesionalniji. Imam povjerenje u profesionalizam svih implementacionih partnera koje smo danas okupili i da se sredstva koja su obezbije\u0111ena koriste na odgovoran na\u010din,&#8221; rekao je Orav.<\/p>\n<p><a href=\"http:\/\/www.evropskakuca.me\/wp-content\/uploads\/2018\/05\/180503_media.jpg\"><img fetchpriority=\"high\" decoding=\"async\" class=\"alignleft wp-image-5299\" src=\"http:\/\/www.evropskakuca.me\/wp-content\/uploads\/2018\/05\/180503_media-1024x683.jpg\" alt=\"\" width=\"1203\" height=\"803\" \/><\/a><\/p>\n<p>Olivera Nikoli\u0107 iz Instituta za medije kazala je da joj je posebno drago sto se otvorila tema etike u medijima.<\/p>\n<p>\u201eBavljenje etikom se \u010dini se izazovnijim i va\u017enijim nego ikada jer je etika u krizi. Mi vjerujemo da su etika i po\u0161tovanje eti\u010dkih standarda klju\u010d za oporavak i za budu\u0107nost medija,\u201c\u00a0 kazala je Nikoli\u0107.<\/p>\n<p>Dejan Milovac iz MANS-a je istakao da istra\u017eiva\u010dkog novinarstva nema bez slobodnih i objektivnih medija.<\/p>\n<p>\u201eNa\u0161 cilj je da uspostavimo jedan \u201eservisni hab\u201c na prostoru Crne Gore koji bi slu\u017eio kako novinarima ista\u017eiva\u010dima tako i novinarima za dnevno izvje\u0161tavanje. Tu \u0107e novinari mo\u0107i da dobiju podatke o licima i kompanijama koje su predmet njihovog istra\u017eivanja, ne samo u Crnoj Gori ve\u0107 i van zemlje\u201c objasnio je Milovac.<\/p>\n<p>Milka Tadi\u0107 Mijovi\u0107 iz Centra za ista\u017eiva\u010dko novinarstvo Crne Gore (CIN-CG) kazala je da je sloboda medija i dalje problemati\u010dna tema u Crnoj Gori i da ima jo\u0161 dosta izazova i puta pred medijskom scenom.<\/p>\n<p>\u201ePri\u010de koje \u0107emo istra\u017eivati a koje se odnose na poglavlje 27 ne\u0107emo raditi samo mi i na\u0161i partneri, ve\u0107 crnogorski novinari iz raznih medija. Mi smo ve\u0107 odr\u017eali jedan trening sa zainteresovanim novinarima i za sve teme koje budu radili ima\u0107e inostrane mentore jer te pri\u010de ne\u0107e biti upu\u0107ene samo crnogorskoj publici ve\u0107 \u0161ire,\u201c kazala je Tadi\u0107 Mijovi\u0107.<\/p>\n<p>Urednik portala Vijesti, Srdan Kosovi\u0107, kazao je da \u0107e je njihov projekat multidimenzionalan i razvija se na vi\u0161e nivoa i da mu je drago \u0161to \u010duje da \u0107e zajedno sa ostalim projektima imati sinergetsko dejstvo za medijsku scenu.<\/p>\n<p>Drago mi je \u0161to \u010dujem da \u0107e na\u0161i istra\u017eiva\u010dki novinari mo\u0107i da se koriste MANS-ovom bazom podataka ili da koriste istra\u017eivanja vezana za etiku medija od Instituta za medije, kazao je Kosovi\u0107<\/p>\n<p>Kristina \u0106etkovi\u0107 iz NVO 35mm kazala je da joj je drago \u0161to je Delegacija EU prepoznala medije kao stubove demokratije i odlu\u010dila da ih podr\u017ei.<\/p>\n<p>\u201e\u017delimo da promovisemo medijske proizvode koji su u skladu sa eti\u010dkim kodeksom i da podi\u017eemo svijest javnosti da se itekako mo\u017ee izvje\u0161tavati u skladu sa najboljim standardima. Mi \u017eelimo da sve vijesti koje drugi mediji budu preuzimali sa agencije MINA, implementatora projekta, budu u skladu sa najvi\u0161im standardima i da time podi\u017eemo kvalitet cjelokupne medijske scene,\u201c kazala je \u0106etkovi\u0107.<\/p>\n<p><a href=\"http:\/\/www.evropskakuca.me\/wp-content\/uploads\/2018\/05\/180503_media-1.jpg\"><img decoding=\"async\" class=\"alignleft wp-image-5301\" src=\"http:\/\/www.evropskakuca.me\/wp-content\/uploads\/2018\/05\/180503_media-1-1024x683.jpg\" alt=\"\" width=\"1200\" height=\"801\" \/><\/a><\/p>\n<p>Damir Niko\u010devi\u0107, ispred Centra za Gra\u0111ansko obrazovanje (CGO), kazao je da je cilj njihovog projekta da unaprijedi profesionalne kapacitete novinara, posebno javnog servisa.<\/p>\n<p>On je istakao da CGO nije uticao, ne uti\u010de i ne\u0107e uticati na kreiranje programskog programa javnog servisa. Niko\u010devi\u0107 je kazao da je uloga CGO isklju\u010divo projektno-koordinatorska i tehni\u010dko-organizaciona.<\/p>\n<p>Direktor TVCG, Vladan Mi\u0107unovi\u0107, ka\u017ee da je su\u0161tina u kvalitetu pri\u010da i da je siguran da bi svaka analiza pokazala da RTCG radi u najboljem interesu gra\u0111ana. On je istakao da je zbog odre\u0111enih \u0161pekulacija u javnosti napravljen aneks ugovora izme\u0111u CGO i RTCG-a kojim je nagla\u0161eno da CGO pru\u017ea samo tehni\u010dku podr\u0161ku u projektu.<\/p>\n","protected":false},"excerpt":{"rendered":"<p>Predstavljeno novih \u0161est projekata u okviru Programa za profesionalizaciju medija <\/p>\n","protected":false},"author":1,"featured_media":33603,"comment_status":"open","ping_status":"open","sticky":false,"template":"","format":"standard","meta":{"_acf_changed":false,"footnotes":""},"categories":[283],"tags":[],"class_list":["post-5296","post","type-post","status-publish","format-standard","has-post-thumbnail","hentry","category-novosti-me"],"acf":[],"yoast_head":"<!-- This site is optimized with the Yoast SEO plugin v27.3 - https:\/\/yoast.com\/product\/yoast-seo-wordpress\/ -->\n<title>Orav: ponosni smo \u0161to podr\u017eavamo nezavisno i kvalitetno novinarstvo - Europe House<\/title>\n<meta name=\"robots\" content=\"index, follow, max-snippet:-1, max-image-preview:large, max-video-preview:-1\" \/>\n<link rel=\"canonical\" href=\"https:\/\/www.evropskakuca.me\/me\/orav-ponosni-smo-sto-podrzavamo-nezavisno-i-kvalitetno-novinarstvo\/\" \/>\n<meta property=\"og:locale\" content=\"en_US\" \/>\n<meta property=\"og:type\" content=\"article\" \/>\n<meta property=\"og:title\" content=\"Orav: ponosni smo \u0161to podr\u017eavamo nezavisno i kvalitetno novinarstvo - Europe House\" \/>\n<meta property=\"og:description\" content=\"Predstavljeno novih \u0161est projekata u okviru Programa za profesionalizaciju medija\" \/>\n<meta property=\"og:url\" content=\"https:\/\/www.evropskakuca.me\/me\/orav-ponosni-smo-sto-podrzavamo-nezavisno-i-kvalitetno-novinarstvo\/\" \/>\n<meta property=\"og:site_name\" content=\"Europe House\" \/>\n<meta property=\"article:publisher\" content=\"https:\/\/www.facebook.com\/evropska.kuca\" \/>\n<meta property=\"article:published_time\" content=\"2018-05-03T12:41:41+00:00\" \/>\n<meta property=\"og:image\" content=\"https:\/\/www.evropskakuca.me\/wp-content\/uploads\/2018\/05\/180503_media-3-1024x683.jpg\" \/>\n\t<meta property=\"og:image:width\" content=\"1024\" \/>\n\t<meta property=\"og:image:height\" content=\"683\" \/>\n\t<meta property=\"og:image:type\" content=\"image\/jpeg\" \/>\n<meta name=\"author\" content=\"mkajic\" \/>\n<meta name=\"twitter:card\" content=\"summary_large_image\" \/>\n<meta name=\"twitter:creator\" content=\"@evropska_kuca\" \/>\n<meta name=\"twitter:site\" content=\"@evropska_kuca\" \/>\n<meta name=\"twitter:label1\" content=\"Written by\" \/>\n\t<meta name=\"twitter:data1\" content=\"mkajic\" \/>\n\t<meta name=\"twitter:label2\" content=\"Est. reading time\" \/>\n\t<meta name=\"twitter:data2\" content=\"4 minutes\" \/>\n<script type=\"application\/ld+json\" class=\"yoast-schema-graph\">{\"@context\":\"https:\\\/\\\/schema.org\",\"@graph\":[{\"@type\":\"Article\",\"@id\":\"https:\\\/\\\/www.evropskakuca.me\\\/me\\\/orav-ponosni-smo-sto-podrzavamo-nezavisno-i-kvalitetno-novinarstvo\\\/#article\",\"isPartOf\":{\"@id\":\"https:\\\/\\\/www.evropskakuca.me\\\/me\\\/orav-ponosni-smo-sto-podrzavamo-nezavisno-i-kvalitetno-novinarstvo\\\/\"},\"author\":{\"name\":\"mkajic\",\"@id\":\"https:\\\/\\\/www.evropskakuca.me\\\/me\\\/#\\\/schema\\\/person\\\/a1d0dcdaefe4a1cd1d60d200ea137ba4\"},\"headline\":\"Orav: ponosni smo \u0161to podr\u017eavamo nezavisno i kvalitetno novinarstvo\",\"datePublished\":\"2018-05-03T12:41:41+00:00\",\"mainEntityOfPage\":{\"@id\":\"https:\\\/\\\/www.evropskakuca.me\\\/me\\\/orav-ponosni-smo-sto-podrzavamo-nezavisno-i-kvalitetno-novinarstvo\\\/\"},\"wordCount\":717,\"commentCount\":0,\"publisher\":{\"@id\":\"https:\\\/\\\/www.evropskakuca.me\\\/me\\\/#organization\"},\"image\":{\"@id\":\"https:\\\/\\\/www.evropskakuca.me\\\/me\\\/orav-ponosni-smo-sto-podrzavamo-nezavisno-i-kvalitetno-novinarstvo\\\/#primaryimage\"},\"thumbnailUrl\":\"https:\\\/\\\/www.evropskakuca.me\\\/wp-content\\\/uploads\\\/2018\\\/05\\\/180503_media-3.jpg\",\"articleSection\":[\"Novosti\"],\"inLanguage\":\"me-ME\",\"potentialAction\":[{\"@type\":\"CommentAction\",\"name\":\"Comment\",\"target\":[\"https:\\\/\\\/www.evropskakuca.me\\\/me\\\/orav-ponosni-smo-sto-podrzavamo-nezavisno-i-kvalitetno-novinarstvo\\\/#respond\"]}]},{\"@type\":\"WebPage\",\"@id\":\"https:\\\/\\\/www.evropskakuca.me\\\/me\\\/orav-ponosni-smo-sto-podrzavamo-nezavisno-i-kvalitetno-novinarstvo\\\/\",\"url\":\"https:\\\/\\\/www.evropskakuca.me\\\/me\\\/orav-ponosni-smo-sto-podrzavamo-nezavisno-i-kvalitetno-novinarstvo\\\/\",\"name\":\"Orav: ponosni smo \u0161to podr\u017eavamo nezavisno i kvalitetno novinarstvo - Europe House\",\"isPartOf\":{\"@id\":\"https:\\\/\\\/www.evropskakuca.me\\\/me\\\/#website\"},\"primaryImageOfPage\":{\"@id\":\"https:\\\/\\\/www.evropskakuca.me\\\/me\\\/orav-ponosni-smo-sto-podrzavamo-nezavisno-i-kvalitetno-novinarstvo\\\/#primaryimage\"},\"image\":{\"@id\":\"https:\\\/\\\/www.evropskakuca.me\\\/me\\\/orav-ponosni-smo-sto-podrzavamo-nezavisno-i-kvalitetno-novinarstvo\\\/#primaryimage\"},\"thumbnailUrl\":\"https:\\\/\\\/www.evropskakuca.me\\\/wp-content\\\/uploads\\\/2018\\\/05\\\/180503_media-3.jpg\",\"datePublished\":\"2018-05-03T12:41:41+00:00\",\"breadcrumb\":{\"@id\":\"https:\\\/\\\/www.evropskakuca.me\\\/me\\\/orav-ponosni-smo-sto-podrzavamo-nezavisno-i-kvalitetno-novinarstvo\\\/#breadcrumb\"},\"inLanguage\":\"me-ME\",\"potentialAction\":[{\"@type\":\"ReadAction\",\"target\":[\"https:\\\/\\\/www.evropskakuca.me\\\/me\\\/orav-ponosni-smo-sto-podrzavamo-nezavisno-i-kvalitetno-novinarstvo\\\/\"]}]},{\"@type\":\"ImageObject\",\"inLanguage\":\"me-ME\",\"@id\":\"https:\\\/\\\/www.evropskakuca.me\\\/me\\\/orav-ponosni-smo-sto-podrzavamo-nezavisno-i-kvalitetno-novinarstvo\\\/#primaryimage\",\"url\":\"https:\\\/\\\/www.evropskakuca.me\\\/wp-content\\\/uploads\\\/2018\\\/05\\\/180503_media-3.jpg\",\"contentUrl\":\"https:\\\/\\\/www.evropskakuca.me\\\/wp-content\\\/uploads\\\/2018\\\/05\\\/180503_media-3.jpg\",\"width\":2028,\"height\":1352},{\"@type\":\"BreadcrumbList\",\"@id\":\"https:\\\/\\\/www.evropskakuca.me\\\/me\\\/orav-ponosni-smo-sto-podrzavamo-nezavisno-i-kvalitetno-novinarstvo\\\/#breadcrumb\",\"itemListElement\":[{\"@type\":\"ListItem\",\"position\":1,\"name\":\"Home\",\"item\":\"https:\\\/\\\/www.evropskakuca.me\\\/me\\\/\"},{\"@type\":\"ListItem\",\"position\":2,\"name\":\"Orav: ponosni smo \u0161to podr\u017eavamo nezavisno i kvalitetno novinarstvo\"}]},{\"@type\":\"WebSite\",\"@id\":\"https:\\\/\\\/www.evropskakuca.me\\\/me\\\/#website\",\"url\":\"https:\\\/\\\/www.evropskakuca.me\\\/me\\\/\",\"name\":\"Evropean house\",\"description\":\"\",\"publisher\":{\"@id\":\"https:\\\/\\\/www.evropskakuca.me\\\/me\\\/#organization\"},\"potentialAction\":[{\"@type\":\"SearchAction\",\"target\":{\"@type\":\"EntryPoint\",\"urlTemplate\":\"https:\\\/\\\/www.evropskakuca.me\\\/me\\\/?s={search_term_string}\"},\"query-input\":{\"@type\":\"PropertyValueSpecification\",\"valueRequired\":true,\"valueName\":\"search_term_string\"}}],\"inLanguage\":\"me-ME\"},{\"@type\":\"Organization\",\"@id\":\"https:\\\/\\\/www.evropskakuca.me\\\/me\\\/#organization\",\"name\":\"Evropean house\",\"url\":\"https:\\\/\\\/www.evropskakuca.me\\\/me\\\/\",\"logo\":{\"@type\":\"ImageObject\",\"inLanguage\":\"me-ME\",\"@id\":\"https:\\\/\\\/www.evropskakuca.me\\\/me\\\/#\\\/schema\\\/logo\\\/image\\\/\",\"url\":\"https:\\\/\\\/www.evropskakuca.me\\\/wp-content\\\/uploads\\\/2025\\\/01\\\/evropska-kuca-logo-1.png\",\"contentUrl\":\"https:\\\/\\\/www.evropskakuca.me\\\/wp-content\\\/uploads\\\/2025\\\/01\\\/evropska-kuca-logo-1.png\",\"width\":425,\"height\":312,\"caption\":\"Evropean house\"},\"image\":{\"@id\":\"https:\\\/\\\/www.evropskakuca.me\\\/me\\\/#\\\/schema\\\/logo\\\/image\\\/\"},\"sameAs\":[\"https:\\\/\\\/www.facebook.com\\\/evropska.kuca\",\"https:\\\/\\\/x.com\\\/evropska_kuca\",\"https:\\\/\\\/www.instagram.com\\\/evropska_kuca\"]},{\"@type\":\"Person\",\"@id\":\"https:\\\/\\\/www.evropskakuca.me\\\/me\\\/#\\\/schema\\\/person\\\/a1d0dcdaefe4a1cd1d60d200ea137ba4\",\"name\":\"mkajic\",\"image\":{\"@type\":\"ImageObject\",\"inLanguage\":\"me-ME\",\"@id\":\"https:\\\/\\\/secure.gravatar.com\\\/avatar\\\/731fa035cefab7316e6bafd1f25a93fb731a07de14e2d9923f8db4422628eabc?s=96&d=mm&r=g\",\"url\":\"https:\\\/\\\/secure.gravatar.com\\\/avatar\\\/731fa035cefab7316e6bafd1f25a93fb731a07de14e2d9923f8db4422628eabc?s=96&d=mm&r=g\",\"contentUrl\":\"https:\\\/\\\/secure.gravatar.com\\\/avatar\\\/731fa035cefab7316e6bafd1f25a93fb731a07de14e2d9923f8db4422628eabc?s=96&d=mm&r=g\",\"caption\":\"mkajic\"},\"sameAs\":[\"https:\\\/\\\/evropskakuca.me\"],\"url\":\"https:\\\/\\\/www.evropskakuca.me\\\/me\\\/author\\\/mkajic\\\/\"}]}<\/script>\n<!-- \/ Yoast SEO plugin. -->","yoast_head_json":{"title":"Orav: ponosni smo \u0161to podr\u017eavamo nezavisno i kvalitetno novinarstvo - Europe House","robots":{"index":"index","follow":"follow","max-snippet":"max-snippet:-1","max-image-preview":"max-image-preview:large","max-video-preview":"max-video-preview:-1"},"canonical":"https:\/\/www.evropskakuca.me\/me\/orav-ponosni-smo-sto-podrzavamo-nezavisno-i-kvalitetno-novinarstvo\/","og_locale":"en_US","og_type":"article","og_title":"Orav: ponosni smo \u0161to podr\u017eavamo nezavisno i kvalitetno novinarstvo - Europe House","og_description":"Predstavljeno novih \u0161est projekata u okviru Programa za profesionalizaciju medija","og_url":"https:\/\/www.evropskakuca.me\/me\/orav-ponosni-smo-sto-podrzavamo-nezavisno-i-kvalitetno-novinarstvo\/","og_site_name":"Europe House","article_publisher":"https:\/\/www.facebook.com\/evropska.kuca","article_published_time":"2018-05-03T12:41:41+00:00","og_image":[{"width":1024,"height":683,"url":"https:\/\/www.evropskakuca.me\/wp-content\/uploads\/2018\/05\/180503_media-3-1024x683.jpg","type":"image\/jpeg"}],"author":"mkajic","twitter_card":"summary_large_image","twitter_creator":"@evropska_kuca","twitter_site":"@evropska_kuca","twitter_misc":{"Written by":"mkajic","Est. reading time":"4 minutes"},"schema":{"@context":"https:\/\/schema.org","@graph":[{"@type":"Article","@id":"https:\/\/www.evropskakuca.me\/me\/orav-ponosni-smo-sto-podrzavamo-nezavisno-i-kvalitetno-novinarstvo\/#article","isPartOf":{"@id":"https:\/\/www.evropskakuca.me\/me\/orav-ponosni-smo-sto-podrzavamo-nezavisno-i-kvalitetno-novinarstvo\/"},"author":{"name":"mkajic","@id":"https:\/\/www.evropskakuca.me\/me\/#\/schema\/person\/a1d0dcdaefe4a1cd1d60d200ea137ba4"},"headline":"Orav: ponosni smo \u0161to podr\u017eavamo nezavisno i kvalitetno novinarstvo","datePublished":"2018-05-03T12:41:41+00:00","mainEntityOfPage":{"@id":"https:\/\/www.evropskakuca.me\/me\/orav-ponosni-smo-sto-podrzavamo-nezavisno-i-kvalitetno-novinarstvo\/"},"wordCount":717,"commentCount":0,"publisher":{"@id":"https:\/\/www.evropskakuca.me\/me\/#organization"},"image":{"@id":"https:\/\/www.evropskakuca.me\/me\/orav-ponosni-smo-sto-podrzavamo-nezavisno-i-kvalitetno-novinarstvo\/#primaryimage"},"thumbnailUrl":"https:\/\/www.evropskakuca.me\/wp-content\/uploads\/2018\/05\/180503_media-3.jpg","articleSection":["Novosti"],"inLanguage":"me-ME","potentialAction":[{"@type":"CommentAction","name":"Comment","target":["https:\/\/www.evropskakuca.me\/me\/orav-ponosni-smo-sto-podrzavamo-nezavisno-i-kvalitetno-novinarstvo\/#respond"]}]},{"@type":"WebPage","@id":"https:\/\/www.evropskakuca.me\/me\/orav-ponosni-smo-sto-podrzavamo-nezavisno-i-kvalitetno-novinarstvo\/","url":"https:\/\/www.evropskakuca.me\/me\/orav-ponosni-smo-sto-podrzavamo-nezavisno-i-kvalitetno-novinarstvo\/","name":"Orav: ponosni smo \u0161to podr\u017eavamo nezavisno i kvalitetno novinarstvo - Europe House","isPartOf":{"@id":"https:\/\/www.evropskakuca.me\/me\/#website"},"primaryImageOfPage":{"@id":"https:\/\/www.evropskakuca.me\/me\/orav-ponosni-smo-sto-podrzavamo-nezavisno-i-kvalitetno-novinarstvo\/#primaryimage"},"image":{"@id":"https:\/\/www.evropskakuca.me\/me\/orav-ponosni-smo-sto-podrzavamo-nezavisno-i-kvalitetno-novinarstvo\/#primaryimage"},"thumbnailUrl":"https:\/\/www.evropskakuca.me\/wp-content\/uploads\/2018\/05\/180503_media-3.jpg","datePublished":"2018-05-03T12:41:41+00:00","breadcrumb":{"@id":"https:\/\/www.evropskakuca.me\/me\/orav-ponosni-smo-sto-podrzavamo-nezavisno-i-kvalitetno-novinarstvo\/#breadcrumb"},"inLanguage":"me-ME","potentialAction":[{"@type":"ReadAction","target":["https:\/\/www.evropskakuca.me\/me\/orav-ponosni-smo-sto-podrzavamo-nezavisno-i-kvalitetno-novinarstvo\/"]}]},{"@type":"ImageObject","inLanguage":"me-ME","@id":"https:\/\/www.evropskakuca.me\/me\/orav-ponosni-smo-sto-podrzavamo-nezavisno-i-kvalitetno-novinarstvo\/#primaryimage","url":"https:\/\/www.evropskakuca.me\/wp-content\/uploads\/2018\/05\/180503_media-3.jpg","contentUrl":"https:\/\/www.evropskakuca.me\/wp-content\/uploads\/2018\/05\/180503_media-3.jpg","width":2028,"height":1352},{"@type":"BreadcrumbList","@id":"https:\/\/www.evropskakuca.me\/me\/orav-ponosni-smo-sto-podrzavamo-nezavisno-i-kvalitetno-novinarstvo\/#breadcrumb","itemListElement":[{"@type":"ListItem","position":1,"name":"Home","item":"https:\/\/www.evropskakuca.me\/me\/"},{"@type":"ListItem","position":2,"name":"Orav: ponosni smo \u0161to podr\u017eavamo nezavisno i kvalitetno novinarstvo"}]},{"@type":"WebSite","@id":"https:\/\/www.evropskakuca.me\/me\/#website","url":"https:\/\/www.evropskakuca.me\/me\/","name":"Evropean house","description":"","publisher":{"@id":"https:\/\/www.evropskakuca.me\/me\/#organization"},"potentialAction":[{"@type":"SearchAction","target":{"@type":"EntryPoint","urlTemplate":"https:\/\/www.evropskakuca.me\/me\/?s={search_term_string}"},"query-input":{"@type":"PropertyValueSpecification","valueRequired":true,"valueName":"search_term_string"}}],"inLanguage":"me-ME"},{"@type":"Organization","@id":"https:\/\/www.evropskakuca.me\/me\/#organization","name":"Evropean house","url":"https:\/\/www.evropskakuca.me\/me\/","logo":{"@type":"ImageObject","inLanguage":"me-ME","@id":"https:\/\/www.evropskakuca.me\/me\/#\/schema\/logo\/image\/","url":"https:\/\/www.evropskakuca.me\/wp-content\/uploads\/2025\/01\/evropska-kuca-logo-1.png","contentUrl":"https:\/\/www.evropskakuca.me\/wp-content\/uploads\/2025\/01\/evropska-kuca-logo-1.png","width":425,"height":312,"caption":"Evropean house"},"image":{"@id":"https:\/\/www.evropskakuca.me\/me\/#\/schema\/logo\/image\/"},"sameAs":["https:\/\/www.facebook.com\/evropska.kuca","https:\/\/x.com\/evropska_kuca","https:\/\/www.instagram.com\/evropska_kuca"]},{"@type":"Person","@id":"https:\/\/www.evropskakuca.me\/me\/#\/schema\/person\/a1d0dcdaefe4a1cd1d60d200ea137ba4","name":"mkajic","image":{"@type":"ImageObject","inLanguage":"me-ME","@id":"https:\/\/secure.gravatar.com\/avatar\/731fa035cefab7316e6bafd1f25a93fb731a07de14e2d9923f8db4422628eabc?s=96&d=mm&r=g","url":"https:\/\/secure.gravatar.com\/avatar\/731fa035cefab7316e6bafd1f25a93fb731a07de14e2d9923f8db4422628eabc?s=96&d=mm&r=g","contentUrl":"https:\/\/secure.gravatar.com\/avatar\/731fa035cefab7316e6bafd1f25a93fb731a07de14e2d9923f8db4422628eabc?s=96&d=mm&r=g","caption":"mkajic"},"sameAs":["https:\/\/evropskakuca.me"],"url":"https:\/\/www.evropskakuca.me\/me\/author\/mkajic\/"}]}},"_links":{"self":[{"href":"https:\/\/www.evropskakuca.me\/me\/wp-json\/wp\/v2\/posts\/5296","targetHints":{"allow":["GET"]}}],"collection":[{"href":"https:\/\/www.evropskakuca.me\/me\/wp-json\/wp\/v2\/posts"}],"about":[{"href":"https:\/\/www.evropskakuca.me\/me\/wp-json\/wp\/v2\/types\/post"}],"author":[{"embeddable":true,"href":"https:\/\/www.evropskakuca.me\/me\/wp-json\/wp\/v2\/users\/1"}],"replies":[{"embeddable":true,"href":"https:\/\/www.evropskakuca.me\/me\/wp-json\/wp\/v2\/comments?post=5296"}],"version-history":[{"count":0,"href":"https:\/\/www.evropskakuca.me\/me\/wp-json\/wp\/v2\/posts\/5296\/revisions"}],"wp:featuredmedia":[{"embeddable":true,"href":"https:\/\/www.evropskakuca.me\/me\/wp-json\/wp\/v2\/media\/33603"}],"wp:attachment":[{"href":"https:\/\/www.evropskakuca.me\/me\/wp-json\/wp\/v2\/media?parent=5296"}],"wp:term":[{"taxonomy":"category","embeddable":true,"href":"https:\/\/www.evropskakuca.me\/me\/wp-json\/wp\/v2\/categories?post=5296"},{"taxonomy":"post_tag","embeddable":true,"href":"https:\/\/www.evropskakuca.me\/me\/wp-json\/wp\/v2\/tags?post=5296"}],"curies":[{"name":"wp","href":"https:\/\/api.w.org\/{rel}","templated":true}]}}