{"id":5286,"date":"2018-04-26T14:14:04","date_gmt":"2018-04-26T14:14:04","guid":{"rendered":"http:\/\/www.evropskakuca.me\/me\/?p=5286"},"modified":"2018-04-26T14:14:04","modified_gmt":"2018-04-26T14:14:04","slug":"osvrni-se-mozes-ti-to","status":"publish","type":"post","link":"https:\/\/www.evropskakuca.me\/me\/osvrni-se-mozes-ti-to\/","title":{"rendered":"&#8220;Osvrni se, mo\u017ee\u0161 ti to&#8221;"},"content":{"rendered":"<p>Podgorica, 26. april 2018 \u2013 U\u0161teda energije i kori\u0161\u0107enje obnovljivih izvora energije imaju jednu od va\u017enijh uloga u za\u0161titi \u017eivotne sredine, po\u0161to su uobi\u010dajeni izvori energije do sada bili najve\u0107i zaga\u0111iva\u010di na planeti. U cilju edukacije i podizanja svijesti gra\u0111ana na polju energetskog menad\u017ementa, Glavni grad, u saradnji sa NVO Prona Green home i EU info centrom, organizuje Energetske dane Podgoricepod sloganom \u201cOsvrni se, mo\u017ee\u0161 ti to\u201d.<\/p>\n<p><a href=\"http:\/\/www.evropskakuca.me\/wp-content\/uploads\/2018\/04\/180426_-2.jpg\"><img fetchpriority=\"high\" decoding=\"async\" class=\"aligncenter wp-image-5289 \" src=\"http:\/\/www.evropskakuca.me\/wp-content\/uploads\/2018\/04\/180426_-2.jpg\" alt=\"\" width=\"900\" height=\"600\" \/><\/a><\/p>\n<p>Primjenom savremenih tehnologija, edukacijom i podizanjem svijesti uti\u010de se na promjenu odnosa prema potro\u0161nji energetskih i prirodnih resursa, \u0161to otvara mogu\u0107nost adaptacije na klimatske promjene. Rezultat je \u00a0ve\u0107i komfort \u017eivljenja i zna\u010dajna u\u0161teda finansijskih sredstava zaklju\u010dak je se konferencija o odr\u017eivom transportu, klimatskim promjenama i mogu\u0107nostima i pristupa\u010dnosti EU fondovima za inovativne projekte iz ovih oblasti.<\/p>\n<p>Profesor na Ma\u0161inskom fakultetu Univerziteta Crne Gore, Radoje Vujadinovi\u0107, istakao je da bi Glavni Grad, kao i nacionalne vlasti, mogao narpaviti konkretne korake kako bi se smanjla zaga\u0111enost.<\/p>\n<p>\u201e Prvo i osnovno \u2013 javni prevoz u\u010diniti atkraktivnim, konfornim, ta\u010dnim, a tako i dostupnim gra\u0111anima. Na taj na\u010din bi se destimulisao individualni prevoz\u201c, objasnio je Vujadinovi\u0107.<\/p>\n<p><a href=\"http:\/\/www.evropskakuca.me\/wp-content\/uploads\/2018\/04\/podgorica-5-resize.jpg\"><img decoding=\"async\" class=\"wp-image-5291 aligncenter\" src=\"http:\/\/www.evropskakuca.me\/wp-content\/uploads\/2018\/04\/podgorica-5-resize-1024x630.jpg\" alt=\"\" width=\"887\" height=\"546\" \/><\/a><\/p>\n<p>Stru\u010dnjaci su naglasili da bi kori\u0161tenjem manjih koli\u010dina neobnovljive energije koli\u010dina gasova, koji proizvode efekat staklene ba\u0161te i dovode do ozbiljnih klimatskih promjena, u zna\u010dajnoj mjeri smanjila.<\/p>\n<p>Profesor\u00a0 Nenad Ka\u017ei\u0107 podsjetio je na Pari\u0161ki sporazum koji je \u00a0prvi univerzalni i pravno obavezuju\u0107i sporazum o klimatskim promjenama. Sporazum do je do sada ratifikovalo 149 od 195 zemalja.<\/p>\n<p>\u201eSjedinjene Ameri\u010dke Dr\u017eave i Rusija su dvije velike sile koje nijesu podr\u017eale taj sporazum. To je sukob \u0161kola. Savjetnici predsjednika tih zemalja, svako sa svojim obrazlo\u017eenjem, tvrde sa da sporazum ne uti\u010de na umanjenje klimatskih promjena. Ovo govorim u prilog tome da ni\u0161ta nije \u201eovako ili onako\u201c. Sve jo\u0161 treba ispitivati,\u201c rekao je Ka\u017ei\u0107.<\/p>\n<p>Cilj Sporazuma je da se kroz vi\u0161e decenija svjetska privreda bazirana na fosilnim gorivima transformi\u0161e i da se ohrabre ve\u0107a ulaganja u obnovljive izvore energije s ciljem preusmjeravanja svjetske ekonomije ka modelu koji podrazumijeva nizak nivo ili pak potpuno odsustvo emisije gasova sa efektom staklene ba\u0161te. EU se obavezala da \u0107e smanjiti emisije \u0161tetnih gasova 20 odsto do 2020. godine, odnosno 40 odsto do 2030.Crna Gora je ratifikovala Pari\u0161ki sporazum. Iako je jedna od zemalja s niskim emisijama gasova staklene ba\u0161te, Crna Gora se obavezala na smanjenje njihovih emisija 30% do 2030. godine. To smanjenje bi\u0107e ostvareno kroz energetsku efikasnost, razvoj industrijskih tehnologija, pove\u0107anje udjela obnovljivih izvora energije i modernizaciju energetskog sektora.<\/p>\n","protected":false},"excerpt":{"rendered":"<p>Energetski dani Podgorice<\/p>\n","protected":false},"author":1,"featured_media":0,"comment_status":"closed","ping_status":"closed","sticky":false,"template":"","format":"standard","meta":{"_acf_changed":false,"footnotes":""},"categories":[285,283],"tags":[],"class_list":["post-5286","post","type-post","status-publish","format-standard","hentry","category-kampanje-i-eventi","category-novosti-me"],"acf":[],"yoast_head":"<!-- This site is optimized with the Yoast SEO plugin v27.3 - https:\/\/yoast.com\/product\/yoast-seo-wordpress\/ -->\n<title>&quot;Osvrni se, mo\u017ee\u0161 ti to&quot; - Europe House<\/title>\n<meta name=\"robots\" content=\"index, follow, max-snippet:-1, max-image-preview:large, max-video-preview:-1\" \/>\n<link rel=\"canonical\" href=\"https:\/\/www.evropskakuca.me\/me\/osvrni-se-mozes-ti-to\/\" \/>\n<meta property=\"og:locale\" content=\"en_US\" \/>\n<meta property=\"og:type\" content=\"article\" \/>\n<meta property=\"og:title\" content=\"&quot;Osvrni se, mo\u017ee\u0161 ti to&quot; - Europe House\" \/>\n<meta property=\"og:description\" content=\"Energetski dani Podgorice\" \/>\n<meta property=\"og:url\" content=\"https:\/\/www.evropskakuca.me\/me\/osvrni-se-mozes-ti-to\/\" \/>\n<meta property=\"og:site_name\" content=\"Europe House\" \/>\n<meta property=\"article:publisher\" content=\"https:\/\/www.facebook.com\/evropska.kuca\" \/>\n<meta property=\"article:published_time\" content=\"2018-04-26T14:14:04+00:00\" \/>\n<meta property=\"og:image\" content=\"http:\/\/www.evropskakuca.me\/wp-content\/uploads\/2018\/04\/180426_-2.jpg\" \/>\n<meta name=\"author\" content=\"mkajic\" \/>\n<meta name=\"twitter:card\" content=\"summary_large_image\" \/>\n<meta name=\"twitter:creator\" content=\"@evropska_kuca\" \/>\n<meta name=\"twitter:site\" content=\"@evropska_kuca\" \/>\n<meta name=\"twitter:label1\" content=\"Written by\" \/>\n\t<meta name=\"twitter:data1\" content=\"mkajic\" \/>\n\t<meta name=\"twitter:label2\" content=\"Est. reading time\" \/>\n\t<meta name=\"twitter:data2\" content=\"2 minutes\" \/>\n<script type=\"application\/ld+json\" class=\"yoast-schema-graph\">{\"@context\":\"https:\\\/\\\/schema.org\",\"@graph\":[{\"@type\":\"Article\",\"@id\":\"https:\\\/\\\/www.evropskakuca.me\\\/me\\\/osvrni-se-mozes-ti-to\\\/#article\",\"isPartOf\":{\"@id\":\"https:\\\/\\\/www.evropskakuca.me\\\/me\\\/osvrni-se-mozes-ti-to\\\/\"},\"author\":{\"name\":\"mkajic\",\"@id\":\"https:\\\/\\\/www.evropskakuca.me\\\/me\\\/#\\\/schema\\\/person\\\/a1d0dcdaefe4a1cd1d60d200ea137ba4\"},\"headline\":\"&#8220;Osvrni se, mo\u017ee\u0161 ti to&#8221;\",\"datePublished\":\"2018-04-26T14:14:04+00:00\",\"mainEntityOfPage\":{\"@id\":\"https:\\\/\\\/www.evropskakuca.me\\\/me\\\/osvrni-se-mozes-ti-to\\\/\"},\"wordCount\":446,\"publisher\":{\"@id\":\"https:\\\/\\\/www.evropskakuca.me\\\/me\\\/#organization\"},\"image\":{\"@id\":\"https:\\\/\\\/www.evropskakuca.me\\\/me\\\/osvrni-se-mozes-ti-to\\\/#primaryimage\"},\"thumbnailUrl\":\"http:\\\/\\\/www.evropskakuca.me\\\/wp-content\\\/uploads\\\/2018\\\/04\\\/180426_-2.jpg\",\"articleSection\":[\"Kampanje i eventi\",\"Novosti\"],\"inLanguage\":\"me-ME\"},{\"@type\":\"WebPage\",\"@id\":\"https:\\\/\\\/www.evropskakuca.me\\\/me\\\/osvrni-se-mozes-ti-to\\\/\",\"url\":\"https:\\\/\\\/www.evropskakuca.me\\\/me\\\/osvrni-se-mozes-ti-to\\\/\",\"name\":\"\\\"Osvrni se, mo\u017ee\u0161 ti to\\\" - Europe House\",\"isPartOf\":{\"@id\":\"https:\\\/\\\/www.evropskakuca.me\\\/me\\\/#website\"},\"primaryImageOfPage\":{\"@id\":\"https:\\\/\\\/www.evropskakuca.me\\\/me\\\/osvrni-se-mozes-ti-to\\\/#primaryimage\"},\"image\":{\"@id\":\"https:\\\/\\\/www.evropskakuca.me\\\/me\\\/osvrni-se-mozes-ti-to\\\/#primaryimage\"},\"thumbnailUrl\":\"http:\\\/\\\/www.evropskakuca.me\\\/wp-content\\\/uploads\\\/2018\\\/04\\\/180426_-2.jpg\",\"datePublished\":\"2018-04-26T14:14:04+00:00\",\"breadcrumb\":{\"@id\":\"https:\\\/\\\/www.evropskakuca.me\\\/me\\\/osvrni-se-mozes-ti-to\\\/#breadcrumb\"},\"inLanguage\":\"me-ME\",\"potentialAction\":[{\"@type\":\"ReadAction\",\"target\":[\"https:\\\/\\\/www.evropskakuca.me\\\/me\\\/osvrni-se-mozes-ti-to\\\/\"]}]},{\"@type\":\"ImageObject\",\"inLanguage\":\"me-ME\",\"@id\":\"https:\\\/\\\/www.evropskakuca.me\\\/me\\\/osvrni-se-mozes-ti-to\\\/#primaryimage\",\"url\":\"http:\\\/\\\/www.evropskakuca.me\\\/wp-content\\\/uploads\\\/2018\\\/04\\\/180426_-2.jpg\",\"contentUrl\":\"http:\\\/\\\/www.evropskakuca.me\\\/wp-content\\\/uploads\\\/2018\\\/04\\\/180426_-2.jpg\"},{\"@type\":\"BreadcrumbList\",\"@id\":\"https:\\\/\\\/www.evropskakuca.me\\\/me\\\/osvrni-se-mozes-ti-to\\\/#breadcrumb\",\"itemListElement\":[{\"@type\":\"ListItem\",\"position\":1,\"name\":\"Home\",\"item\":\"https:\\\/\\\/www.evropskakuca.me\\\/me\\\/\"},{\"@type\":\"ListItem\",\"position\":2,\"name\":\"&#8220;Osvrni se, mo\u017ee\u0161 ti to&#8221;\"}]},{\"@type\":\"WebSite\",\"@id\":\"https:\\\/\\\/www.evropskakuca.me\\\/me\\\/#website\",\"url\":\"https:\\\/\\\/www.evropskakuca.me\\\/me\\\/\",\"name\":\"Evropean house\",\"description\":\"\",\"publisher\":{\"@id\":\"https:\\\/\\\/www.evropskakuca.me\\\/me\\\/#organization\"},\"potentialAction\":[{\"@type\":\"SearchAction\",\"target\":{\"@type\":\"EntryPoint\",\"urlTemplate\":\"https:\\\/\\\/www.evropskakuca.me\\\/me\\\/?s={search_term_string}\"},\"query-input\":{\"@type\":\"PropertyValueSpecification\",\"valueRequired\":true,\"valueName\":\"search_term_string\"}}],\"inLanguage\":\"me-ME\"},{\"@type\":\"Organization\",\"@id\":\"https:\\\/\\\/www.evropskakuca.me\\\/me\\\/#organization\",\"name\":\"Evropean house\",\"url\":\"https:\\\/\\\/www.evropskakuca.me\\\/me\\\/\",\"logo\":{\"@type\":\"ImageObject\",\"inLanguage\":\"me-ME\",\"@id\":\"https:\\\/\\\/www.evropskakuca.me\\\/me\\\/#\\\/schema\\\/logo\\\/image\\\/\",\"url\":\"https:\\\/\\\/www.evropskakuca.me\\\/wp-content\\\/uploads\\\/2025\\\/01\\\/evropska-kuca-logo-1.png\",\"contentUrl\":\"https:\\\/\\\/www.evropskakuca.me\\\/wp-content\\\/uploads\\\/2025\\\/01\\\/evropska-kuca-logo-1.png\",\"width\":425,\"height\":312,\"caption\":\"Evropean house\"},\"image\":{\"@id\":\"https:\\\/\\\/www.evropskakuca.me\\\/me\\\/#\\\/schema\\\/logo\\\/image\\\/\"},\"sameAs\":[\"https:\\\/\\\/www.facebook.com\\\/evropska.kuca\",\"https:\\\/\\\/x.com\\\/evropska_kuca\",\"https:\\\/\\\/www.instagram.com\\\/evropska_kuca\"]},{\"@type\":\"Person\",\"@id\":\"https:\\\/\\\/www.evropskakuca.me\\\/me\\\/#\\\/schema\\\/person\\\/a1d0dcdaefe4a1cd1d60d200ea137ba4\",\"name\":\"mkajic\",\"image\":{\"@type\":\"ImageObject\",\"inLanguage\":\"me-ME\",\"@id\":\"https:\\\/\\\/secure.gravatar.com\\\/avatar\\\/731fa035cefab7316e6bafd1f25a93fb731a07de14e2d9923f8db4422628eabc?s=96&d=mm&r=g\",\"url\":\"https:\\\/\\\/secure.gravatar.com\\\/avatar\\\/731fa035cefab7316e6bafd1f25a93fb731a07de14e2d9923f8db4422628eabc?s=96&d=mm&r=g\",\"contentUrl\":\"https:\\\/\\\/secure.gravatar.com\\\/avatar\\\/731fa035cefab7316e6bafd1f25a93fb731a07de14e2d9923f8db4422628eabc?s=96&d=mm&r=g\",\"caption\":\"mkajic\"},\"sameAs\":[\"https:\\\/\\\/evropskakuca.me\"],\"url\":\"https:\\\/\\\/www.evropskakuca.me\\\/me\\\/author\\\/mkajic\\\/\"}]}<\/script>\n<!-- \/ Yoast SEO plugin. -->","yoast_head_json":{"title":"\"Osvrni se, mo\u017ee\u0161 ti to\" - Europe House","robots":{"index":"index","follow":"follow","max-snippet":"max-snippet:-1","max-image-preview":"max-image-preview:large","max-video-preview":"max-video-preview:-1"},"canonical":"https:\/\/www.evropskakuca.me\/me\/osvrni-se-mozes-ti-to\/","og_locale":"en_US","og_type":"article","og_title":"\"Osvrni se, mo\u017ee\u0161 ti to\" - Europe House","og_description":"Energetski dani Podgorice","og_url":"https:\/\/www.evropskakuca.me\/me\/osvrni-se-mozes-ti-to\/","og_site_name":"Europe House","article_publisher":"https:\/\/www.facebook.com\/evropska.kuca","article_published_time":"2018-04-26T14:14:04+00:00","og_image":[{"url":"http:\/\/www.evropskakuca.me\/wp-content\/uploads\/2018\/04\/180426_-2.jpg","type":"","width":"","height":""}],"author":"mkajic","twitter_card":"summary_large_image","twitter_creator":"@evropska_kuca","twitter_site":"@evropska_kuca","twitter_misc":{"Written by":"mkajic","Est. reading time":"2 minutes"},"schema":{"@context":"https:\/\/schema.org","@graph":[{"@type":"Article","@id":"https:\/\/www.evropskakuca.me\/me\/osvrni-se-mozes-ti-to\/#article","isPartOf":{"@id":"https:\/\/www.evropskakuca.me\/me\/osvrni-se-mozes-ti-to\/"},"author":{"name":"mkajic","@id":"https:\/\/www.evropskakuca.me\/me\/#\/schema\/person\/a1d0dcdaefe4a1cd1d60d200ea137ba4"},"headline":"&#8220;Osvrni se, mo\u017ee\u0161 ti to&#8221;","datePublished":"2018-04-26T14:14:04+00:00","mainEntityOfPage":{"@id":"https:\/\/www.evropskakuca.me\/me\/osvrni-se-mozes-ti-to\/"},"wordCount":446,"publisher":{"@id":"https:\/\/www.evropskakuca.me\/me\/#organization"},"image":{"@id":"https:\/\/www.evropskakuca.me\/me\/osvrni-se-mozes-ti-to\/#primaryimage"},"thumbnailUrl":"http:\/\/www.evropskakuca.me\/wp-content\/uploads\/2018\/04\/180426_-2.jpg","articleSection":["Kampanje i eventi","Novosti"],"inLanguage":"me-ME"},{"@type":"WebPage","@id":"https:\/\/www.evropskakuca.me\/me\/osvrni-se-mozes-ti-to\/","url":"https:\/\/www.evropskakuca.me\/me\/osvrni-se-mozes-ti-to\/","name":"\"Osvrni se, mo\u017ee\u0161 ti to\" - Europe House","isPartOf":{"@id":"https:\/\/www.evropskakuca.me\/me\/#website"},"primaryImageOfPage":{"@id":"https:\/\/www.evropskakuca.me\/me\/osvrni-se-mozes-ti-to\/#primaryimage"},"image":{"@id":"https:\/\/www.evropskakuca.me\/me\/osvrni-se-mozes-ti-to\/#primaryimage"},"thumbnailUrl":"http:\/\/www.evropskakuca.me\/wp-content\/uploads\/2018\/04\/180426_-2.jpg","datePublished":"2018-04-26T14:14:04+00:00","breadcrumb":{"@id":"https:\/\/www.evropskakuca.me\/me\/osvrni-se-mozes-ti-to\/#breadcrumb"},"inLanguage":"me-ME","potentialAction":[{"@type":"ReadAction","target":["https:\/\/www.evropskakuca.me\/me\/osvrni-se-mozes-ti-to\/"]}]},{"@type":"ImageObject","inLanguage":"me-ME","@id":"https:\/\/www.evropskakuca.me\/me\/osvrni-se-mozes-ti-to\/#primaryimage","url":"http:\/\/www.evropskakuca.me\/wp-content\/uploads\/2018\/04\/180426_-2.jpg","contentUrl":"http:\/\/www.evropskakuca.me\/wp-content\/uploads\/2018\/04\/180426_-2.jpg"},{"@type":"BreadcrumbList","@id":"https:\/\/www.evropskakuca.me\/me\/osvrni-se-mozes-ti-to\/#breadcrumb","itemListElement":[{"@type":"ListItem","position":1,"name":"Home","item":"https:\/\/www.evropskakuca.me\/me\/"},{"@type":"ListItem","position":2,"name":"&#8220;Osvrni se, mo\u017ee\u0161 ti to&#8221;"}]},{"@type":"WebSite","@id":"https:\/\/www.evropskakuca.me\/me\/#website","url":"https:\/\/www.evropskakuca.me\/me\/","name":"Evropean house","description":"","publisher":{"@id":"https:\/\/www.evropskakuca.me\/me\/#organization"},"potentialAction":[{"@type":"SearchAction","target":{"@type":"EntryPoint","urlTemplate":"https:\/\/www.evropskakuca.me\/me\/?s={search_term_string}"},"query-input":{"@type":"PropertyValueSpecification","valueRequired":true,"valueName":"search_term_string"}}],"inLanguage":"me-ME"},{"@type":"Organization","@id":"https:\/\/www.evropskakuca.me\/me\/#organization","name":"Evropean house","url":"https:\/\/www.evropskakuca.me\/me\/","logo":{"@type":"ImageObject","inLanguage":"me-ME","@id":"https:\/\/www.evropskakuca.me\/me\/#\/schema\/logo\/image\/","url":"https:\/\/www.evropskakuca.me\/wp-content\/uploads\/2025\/01\/evropska-kuca-logo-1.png","contentUrl":"https:\/\/www.evropskakuca.me\/wp-content\/uploads\/2025\/01\/evropska-kuca-logo-1.png","width":425,"height":312,"caption":"Evropean house"},"image":{"@id":"https:\/\/www.evropskakuca.me\/me\/#\/schema\/logo\/image\/"},"sameAs":["https:\/\/www.facebook.com\/evropska.kuca","https:\/\/x.com\/evropska_kuca","https:\/\/www.instagram.com\/evropska_kuca"]},{"@type":"Person","@id":"https:\/\/www.evropskakuca.me\/me\/#\/schema\/person\/a1d0dcdaefe4a1cd1d60d200ea137ba4","name":"mkajic","image":{"@type":"ImageObject","inLanguage":"me-ME","@id":"https:\/\/secure.gravatar.com\/avatar\/731fa035cefab7316e6bafd1f25a93fb731a07de14e2d9923f8db4422628eabc?s=96&d=mm&r=g","url":"https:\/\/secure.gravatar.com\/avatar\/731fa035cefab7316e6bafd1f25a93fb731a07de14e2d9923f8db4422628eabc?s=96&d=mm&r=g","contentUrl":"https:\/\/secure.gravatar.com\/avatar\/731fa035cefab7316e6bafd1f25a93fb731a07de14e2d9923f8db4422628eabc?s=96&d=mm&r=g","caption":"mkajic"},"sameAs":["https:\/\/evropskakuca.me"],"url":"https:\/\/www.evropskakuca.me\/me\/author\/mkajic\/"}]}},"_links":{"self":[{"href":"https:\/\/www.evropskakuca.me\/me\/wp-json\/wp\/v2\/posts\/5286","targetHints":{"allow":["GET"]}}],"collection":[{"href":"https:\/\/www.evropskakuca.me\/me\/wp-json\/wp\/v2\/posts"}],"about":[{"href":"https:\/\/www.evropskakuca.me\/me\/wp-json\/wp\/v2\/types\/post"}],"author":[{"embeddable":true,"href":"https:\/\/www.evropskakuca.me\/me\/wp-json\/wp\/v2\/users\/1"}],"replies":[{"embeddable":true,"href":"https:\/\/www.evropskakuca.me\/me\/wp-json\/wp\/v2\/comments?post=5286"}],"version-history":[{"count":0,"href":"https:\/\/www.evropskakuca.me\/me\/wp-json\/wp\/v2\/posts\/5286\/revisions"}],"wp:attachment":[{"href":"https:\/\/www.evropskakuca.me\/me\/wp-json\/wp\/v2\/media?parent=5286"}],"wp:term":[{"taxonomy":"category","embeddable":true,"href":"https:\/\/www.evropskakuca.me\/me\/wp-json\/wp\/v2\/categories?post=5286"},{"taxonomy":"post_tag","embeddable":true,"href":"https:\/\/www.evropskakuca.me\/me\/wp-json\/wp\/v2\/tags?post=5286"}],"curies":[{"name":"wp","href":"https:\/\/api.w.org\/{rel}","templated":true}]}}