{"id":5208,"date":"2018-04-13T13:57:40","date_gmt":"2018-04-13T13:57:40","guid":{"rendered":"http:\/\/www.evropskakuca.me\/me\/?p=5208"},"modified":"2018-04-13T13:57:40","modified_gmt":"2018-04-13T13:57:40","slug":"predstavljene-mogucnosti-ii-poziva-u-okviru-adrion-programa","status":"publish","type":"post","link":"https:\/\/www.evropskakuca.me\/me\/predstavljene-mogucnosti-ii-poziva-u-okviru-adrion-programa\/","title":{"rendered":"Predstavljene mogu\u0107nosti II poziva u okviru ADRION programa"},"content":{"rendered":"<p>Podgorica, 13. april 2018. &#8211; Crnogorske institucije i organizacije su za projekte u okviru Jadransko-jonskog transnacionalnog programa (ADRION) do sada iskoristile 1,8 miliona eura, saop\u0161tila je generalna direktorica za evropske fondove Ivana Gli\u0161evi\u0107 \u0110urovi\u0107, poru\u010duju\u0107i da o\u010dekuje uspje\u0161ne rezultate crnogorskih korisnika i u okviru Drugog poziva ovog programa.<\/p>\n<p><a href=\"http:\/\/www.evropskakuca.me\/wp-content\/uploads\/2018\/04\/180413_ADRION-1.jpg\"><img fetchpriority=\"high\" decoding=\"async\" class=\"wp-image-5211 alignleft\" src=\"http:\/\/www.evropskakuca.me\/wp-content\/uploads\/2018\/04\/180413_ADRION-1.jpg\" alt=\"\" width=\"566\" height=\"377\" \/><\/a>\u00a0Ministarstvo evropskih poslova organizovalo je danas Info dan na kojem su potencijalnim korisnicima predstavljeni tematski ciljevi i pravila za podno\u0161enje projektnih predloga u okviru Drugog poziva za dostavljanje predloga projekata ADRION-a, jednog od devet programa evropske teritorijalne saradnje u kojima Crna Gora u\u010destvuje u finansijskoj perspektivi 2014-2020.<\/p>\n<p>Gli\u0161evi\u0107 \u0110urovi\u0107 je rekla da interesovanje za ja\u010danje saradnje Crne Gore s partnerima iz Jadransko-jonskog podru\u010dja, osim kontinuiranog doprinosa sprovo\u0111enju Strategije EU za Jadransko-jonski region (EUSAIR), potvr\u0111uje i zna\u010dajno u\u010de\u0161\u0107e i rezultati crnogorskih institucija i organizacija u Prvom pozivu ADRION-a.<\/p>\n<p>Podsjetila je da, od 35 projekata odobrenih za finansiranje u okviru Prvog poziva, Crna Gora u\u010destvuje u njih 18, a da su crnogorske institucije i organizacije, od 6 miliona eura koji su bili na raspolaganju za \u010detiri dr\u017eave korisnice Ipe u sklopu ovog poziva, uspjele da povuku gotovo tre\u0107inu, odnosno 1,8 miliona eura.<\/p>\n<p>\u201eUvjerena sam da rezultati crnogorskih korisnika u Drugom pozivu mogu biti odli\u010dni i uspje\u0161ni kao oni iz Prvog poziva. Dio Drugog poziva za prioritetnu oblast Odr\u017eivi region, bi\u0107e otvoren do 26. juna 2018, za koji je opredijeljeno 34 miliona eura doprinosa EU, od \u010dega 5 miliona eura za zemlje korisnice Ipe. Drugi dio poziva, za prioritetne oblasti Inovativni region i Povezani region, planira se u maju ili junu 2018\u201c, navela je Gli\u0161evi\u0107 \u0110urovi\u0107.<\/p>\n<p><a href=\"http:\/\/www.evropskakuca.me\/wp-content\/uploads\/2018\/04\/180413_ADRION-3.jpg\"><img decoding=\"async\" class=\"aligncenter wp-image-5213 \" src=\"http:\/\/www.evropskakuca.me\/wp-content\/uploads\/2018\/04\/180413_ADRION-3.jpg\" alt=\"\" width=\"875\" height=\"583\" \/><\/a><\/p>\n<p>ADRION je osmi\u0161ljen kao\u00a0 pokreta\u010d razvoja politika i inovacija koje \u0107e ubrzati evropsku integraciju partnerskih dr\u017eava, kroz pobolj\u0161anje povezanosti unutar regiona i podr\u0161ku upravljanju Strategijom EU za Jadransko-jonski region (EUSAIR). Taj program je jedan od osnovnih finansijskih instrumenata podr\u0161ke sprovo\u0111enju Strategije EU za Jadransko-jonski region (EUSAIR), kojom \u0107e Crna Gora predsjedavati od godi\u0161njeg EUSAIR foruma u Kataniji, koji \u0107e biti odr\u017ean krajem maja 2018.<\/p>\n","protected":false},"excerpt":{"rendered":"<p>Crnogorske institucije i organizacije su za projekte u okviru ADRION do sada iskoristile 1,8 miliona eura<\/p>\n","protected":false},"author":1,"featured_media":33535,"comment_status":"open","ping_status":"open","sticky":false,"template":"","format":"standard","meta":{"_acf_changed":false,"footnotes":""},"categories":[283],"tags":[],"class_list":["post-5208","post","type-post","status-publish","format-standard","has-post-thumbnail","hentry","category-novosti-me"],"acf":[],"yoast_head":"<!-- This site is optimized with the Yoast SEO plugin v27.3 - https:\/\/yoast.com\/product\/yoast-seo-wordpress\/ -->\n<title>Predstavljene mogu\u0107nosti II poziva u okviru ADRION programa - Europe House<\/title>\n<meta name=\"robots\" content=\"index, follow, max-snippet:-1, max-image-preview:large, max-video-preview:-1\" \/>\n<link rel=\"canonical\" href=\"https:\/\/www.evropskakuca.me\/me\/predstavljene-mogucnosti-ii-poziva-u-okviru-adrion-programa\/\" \/>\n<meta property=\"og:locale\" content=\"en_US\" \/>\n<meta property=\"og:type\" content=\"article\" \/>\n<meta property=\"og:title\" content=\"Predstavljene mogu\u0107nosti II poziva u okviru ADRION programa - Europe House\" \/>\n<meta property=\"og:description\" content=\"Crnogorske institucije i organizacije su za projekte u okviru ADRION do sada iskoristile 1,8 miliona eura\" \/>\n<meta property=\"og:url\" content=\"https:\/\/www.evropskakuca.me\/me\/predstavljene-mogucnosti-ii-poziva-u-okviru-adrion-programa\/\" \/>\n<meta property=\"og:site_name\" content=\"Europe House\" \/>\n<meta property=\"article:publisher\" content=\"https:\/\/www.facebook.com\/evropska.kuca\" \/>\n<meta property=\"article:published_time\" content=\"2018-04-13T13:57:40+00:00\" \/>\n<meta property=\"og:image\" content=\"https:\/\/www.evropskakuca.me\/wp-content\/uploads\/2018\/04\/180413_ADRION-4-1024x683.jpg\" \/>\n\t<meta property=\"og:image:width\" content=\"1024\" \/>\n\t<meta property=\"og:image:height\" content=\"683\" \/>\n\t<meta property=\"og:image:type\" content=\"image\/jpeg\" \/>\n<meta name=\"author\" content=\"mkajic\" \/>\n<meta name=\"twitter:card\" content=\"summary_large_image\" \/>\n<meta name=\"twitter:creator\" content=\"@evropska_kuca\" \/>\n<meta name=\"twitter:site\" content=\"@evropska_kuca\" \/>\n<meta name=\"twitter:label1\" content=\"Written by\" \/>\n\t<meta name=\"twitter:data1\" content=\"mkajic\" \/>\n\t<meta name=\"twitter:label2\" content=\"Est. reading time\" \/>\n\t<meta name=\"twitter:data2\" content=\"2 minutes\" \/>\n<script type=\"application\/ld+json\" class=\"yoast-schema-graph\">{\"@context\":\"https:\\\/\\\/schema.org\",\"@graph\":[{\"@type\":\"Article\",\"@id\":\"https:\\\/\\\/www.evropskakuca.me\\\/me\\\/predstavljene-mogucnosti-ii-poziva-u-okviru-adrion-programa\\\/#article\",\"isPartOf\":{\"@id\":\"https:\\\/\\\/www.evropskakuca.me\\\/me\\\/predstavljene-mogucnosti-ii-poziva-u-okviru-adrion-programa\\\/\"},\"author\":{\"name\":\"mkajic\",\"@id\":\"https:\\\/\\\/www.evropskakuca.me\\\/me\\\/#\\\/schema\\\/person\\\/a1d0dcdaefe4a1cd1d60d200ea137ba4\"},\"headline\":\"Predstavljene mogu\u0107nosti II poziva u okviru ADRION programa\",\"datePublished\":\"2018-04-13T13:57:40+00:00\",\"mainEntityOfPage\":{\"@id\":\"https:\\\/\\\/www.evropskakuca.me\\\/me\\\/predstavljene-mogucnosti-ii-poziva-u-okviru-adrion-programa\\\/\"},\"wordCount\":353,\"commentCount\":0,\"publisher\":{\"@id\":\"https:\\\/\\\/www.evropskakuca.me\\\/me\\\/#organization\"},\"image\":{\"@id\":\"https:\\\/\\\/www.evropskakuca.me\\\/me\\\/predstavljene-mogucnosti-ii-poziva-u-okviru-adrion-programa\\\/#primaryimage\"},\"thumbnailUrl\":\"https:\\\/\\\/www.evropskakuca.me\\\/wp-content\\\/uploads\\\/2018\\\/04\\\/180413_ADRION-4.jpg\",\"articleSection\":[\"Novosti\"],\"inLanguage\":\"me-ME\",\"potentialAction\":[{\"@type\":\"CommentAction\",\"name\":\"Comment\",\"target\":[\"https:\\\/\\\/www.evropskakuca.me\\\/me\\\/predstavljene-mogucnosti-ii-poziva-u-okviru-adrion-programa\\\/#respond\"]}]},{\"@type\":\"WebPage\",\"@id\":\"https:\\\/\\\/www.evropskakuca.me\\\/me\\\/predstavljene-mogucnosti-ii-poziva-u-okviru-adrion-programa\\\/\",\"url\":\"https:\\\/\\\/www.evropskakuca.me\\\/me\\\/predstavljene-mogucnosti-ii-poziva-u-okviru-adrion-programa\\\/\",\"name\":\"Predstavljene mogu\u0107nosti II poziva u okviru ADRION programa - Europe House\",\"isPartOf\":{\"@id\":\"https:\\\/\\\/www.evropskakuca.me\\\/me\\\/#website\"},\"primaryImageOfPage\":{\"@id\":\"https:\\\/\\\/www.evropskakuca.me\\\/me\\\/predstavljene-mogucnosti-ii-poziva-u-okviru-adrion-programa\\\/#primaryimage\"},\"image\":{\"@id\":\"https:\\\/\\\/www.evropskakuca.me\\\/me\\\/predstavljene-mogucnosti-ii-poziva-u-okviru-adrion-programa\\\/#primaryimage\"},\"thumbnailUrl\":\"https:\\\/\\\/www.evropskakuca.me\\\/wp-content\\\/uploads\\\/2018\\\/04\\\/180413_ADRION-4.jpg\",\"datePublished\":\"2018-04-13T13:57:40+00:00\",\"breadcrumb\":{\"@id\":\"https:\\\/\\\/www.evropskakuca.me\\\/me\\\/predstavljene-mogucnosti-ii-poziva-u-okviru-adrion-programa\\\/#breadcrumb\"},\"inLanguage\":\"me-ME\",\"potentialAction\":[{\"@type\":\"ReadAction\",\"target\":[\"https:\\\/\\\/www.evropskakuca.me\\\/me\\\/predstavljene-mogucnosti-ii-poziva-u-okviru-adrion-programa\\\/\"]}]},{\"@type\":\"ImageObject\",\"inLanguage\":\"me-ME\",\"@id\":\"https:\\\/\\\/www.evropskakuca.me\\\/me\\\/predstavljene-mogucnosti-ii-poziva-u-okviru-adrion-programa\\\/#primaryimage\",\"url\":\"https:\\\/\\\/www.evropskakuca.me\\\/wp-content\\\/uploads\\\/2018\\\/04\\\/180413_ADRION-4.jpg\",\"contentUrl\":\"https:\\\/\\\/www.evropskakuca.me\\\/wp-content\\\/uploads\\\/2018\\\/04\\\/180413_ADRION-4.jpg\",\"width\":2028,\"height\":1352},{\"@type\":\"BreadcrumbList\",\"@id\":\"https:\\\/\\\/www.evropskakuca.me\\\/me\\\/predstavljene-mogucnosti-ii-poziva-u-okviru-adrion-programa\\\/#breadcrumb\",\"itemListElement\":[{\"@type\":\"ListItem\",\"position\":1,\"name\":\"Home\",\"item\":\"https:\\\/\\\/www.evropskakuca.me\\\/me\\\/\"},{\"@type\":\"ListItem\",\"position\":2,\"name\":\"Predstavljene mogu\u0107nosti II poziva u okviru ADRION programa\"}]},{\"@type\":\"WebSite\",\"@id\":\"https:\\\/\\\/www.evropskakuca.me\\\/me\\\/#website\",\"url\":\"https:\\\/\\\/www.evropskakuca.me\\\/me\\\/\",\"name\":\"Evropean house\",\"description\":\"\",\"publisher\":{\"@id\":\"https:\\\/\\\/www.evropskakuca.me\\\/me\\\/#organization\"},\"potentialAction\":[{\"@type\":\"SearchAction\",\"target\":{\"@type\":\"EntryPoint\",\"urlTemplate\":\"https:\\\/\\\/www.evropskakuca.me\\\/me\\\/?s={search_term_string}\"},\"query-input\":{\"@type\":\"PropertyValueSpecification\",\"valueRequired\":true,\"valueName\":\"search_term_string\"}}],\"inLanguage\":\"me-ME\"},{\"@type\":\"Organization\",\"@id\":\"https:\\\/\\\/www.evropskakuca.me\\\/me\\\/#organization\",\"name\":\"Evropean house\",\"url\":\"https:\\\/\\\/www.evropskakuca.me\\\/me\\\/\",\"logo\":{\"@type\":\"ImageObject\",\"inLanguage\":\"me-ME\",\"@id\":\"https:\\\/\\\/www.evropskakuca.me\\\/me\\\/#\\\/schema\\\/logo\\\/image\\\/\",\"url\":\"https:\\\/\\\/www.evropskakuca.me\\\/wp-content\\\/uploads\\\/2025\\\/01\\\/evropska-kuca-logo-1.png\",\"contentUrl\":\"https:\\\/\\\/www.evropskakuca.me\\\/wp-content\\\/uploads\\\/2025\\\/01\\\/evropska-kuca-logo-1.png\",\"width\":425,\"height\":312,\"caption\":\"Evropean house\"},\"image\":{\"@id\":\"https:\\\/\\\/www.evropskakuca.me\\\/me\\\/#\\\/schema\\\/logo\\\/image\\\/\"},\"sameAs\":[\"https:\\\/\\\/www.facebook.com\\\/evropska.kuca\",\"https:\\\/\\\/x.com\\\/evropska_kuca\",\"https:\\\/\\\/www.instagram.com\\\/evropska_kuca\"]},{\"@type\":\"Person\",\"@id\":\"https:\\\/\\\/www.evropskakuca.me\\\/me\\\/#\\\/schema\\\/person\\\/a1d0dcdaefe4a1cd1d60d200ea137ba4\",\"name\":\"mkajic\",\"image\":{\"@type\":\"ImageObject\",\"inLanguage\":\"me-ME\",\"@id\":\"https:\\\/\\\/secure.gravatar.com\\\/avatar\\\/731fa035cefab7316e6bafd1f25a93fb731a07de14e2d9923f8db4422628eabc?s=96&d=mm&r=g\",\"url\":\"https:\\\/\\\/secure.gravatar.com\\\/avatar\\\/731fa035cefab7316e6bafd1f25a93fb731a07de14e2d9923f8db4422628eabc?s=96&d=mm&r=g\",\"contentUrl\":\"https:\\\/\\\/secure.gravatar.com\\\/avatar\\\/731fa035cefab7316e6bafd1f25a93fb731a07de14e2d9923f8db4422628eabc?s=96&d=mm&r=g\",\"caption\":\"mkajic\"},\"sameAs\":[\"https:\\\/\\\/evropskakuca.me\"],\"url\":\"https:\\\/\\\/www.evropskakuca.me\\\/me\\\/author\\\/mkajic\\\/\"}]}<\/script>\n<!-- \/ Yoast SEO plugin. -->","yoast_head_json":{"title":"Predstavljene mogu\u0107nosti II poziva u okviru ADRION programa - Europe House","robots":{"index":"index","follow":"follow","max-snippet":"max-snippet:-1","max-image-preview":"max-image-preview:large","max-video-preview":"max-video-preview:-1"},"canonical":"https:\/\/www.evropskakuca.me\/me\/predstavljene-mogucnosti-ii-poziva-u-okviru-adrion-programa\/","og_locale":"en_US","og_type":"article","og_title":"Predstavljene mogu\u0107nosti II poziva u okviru ADRION programa - Europe House","og_description":"Crnogorske institucije i organizacije su za projekte u okviru ADRION do sada iskoristile 1,8 miliona eura","og_url":"https:\/\/www.evropskakuca.me\/me\/predstavljene-mogucnosti-ii-poziva-u-okviru-adrion-programa\/","og_site_name":"Europe House","article_publisher":"https:\/\/www.facebook.com\/evropska.kuca","article_published_time":"2018-04-13T13:57:40+00:00","og_image":[{"width":1024,"height":683,"url":"https:\/\/www.evropskakuca.me\/wp-content\/uploads\/2018\/04\/180413_ADRION-4-1024x683.jpg","type":"image\/jpeg"}],"author":"mkajic","twitter_card":"summary_large_image","twitter_creator":"@evropska_kuca","twitter_site":"@evropska_kuca","twitter_misc":{"Written by":"mkajic","Est. reading time":"2 minutes"},"schema":{"@context":"https:\/\/schema.org","@graph":[{"@type":"Article","@id":"https:\/\/www.evropskakuca.me\/me\/predstavljene-mogucnosti-ii-poziva-u-okviru-adrion-programa\/#article","isPartOf":{"@id":"https:\/\/www.evropskakuca.me\/me\/predstavljene-mogucnosti-ii-poziva-u-okviru-adrion-programa\/"},"author":{"name":"mkajic","@id":"https:\/\/www.evropskakuca.me\/me\/#\/schema\/person\/a1d0dcdaefe4a1cd1d60d200ea137ba4"},"headline":"Predstavljene mogu\u0107nosti II poziva u okviru ADRION programa","datePublished":"2018-04-13T13:57:40+00:00","mainEntityOfPage":{"@id":"https:\/\/www.evropskakuca.me\/me\/predstavljene-mogucnosti-ii-poziva-u-okviru-adrion-programa\/"},"wordCount":353,"commentCount":0,"publisher":{"@id":"https:\/\/www.evropskakuca.me\/me\/#organization"},"image":{"@id":"https:\/\/www.evropskakuca.me\/me\/predstavljene-mogucnosti-ii-poziva-u-okviru-adrion-programa\/#primaryimage"},"thumbnailUrl":"https:\/\/www.evropskakuca.me\/wp-content\/uploads\/2018\/04\/180413_ADRION-4.jpg","articleSection":["Novosti"],"inLanguage":"me-ME","potentialAction":[{"@type":"CommentAction","name":"Comment","target":["https:\/\/www.evropskakuca.me\/me\/predstavljene-mogucnosti-ii-poziva-u-okviru-adrion-programa\/#respond"]}]},{"@type":"WebPage","@id":"https:\/\/www.evropskakuca.me\/me\/predstavljene-mogucnosti-ii-poziva-u-okviru-adrion-programa\/","url":"https:\/\/www.evropskakuca.me\/me\/predstavljene-mogucnosti-ii-poziva-u-okviru-adrion-programa\/","name":"Predstavljene mogu\u0107nosti II poziva u okviru ADRION programa - Europe House","isPartOf":{"@id":"https:\/\/www.evropskakuca.me\/me\/#website"},"primaryImageOfPage":{"@id":"https:\/\/www.evropskakuca.me\/me\/predstavljene-mogucnosti-ii-poziva-u-okviru-adrion-programa\/#primaryimage"},"image":{"@id":"https:\/\/www.evropskakuca.me\/me\/predstavljene-mogucnosti-ii-poziva-u-okviru-adrion-programa\/#primaryimage"},"thumbnailUrl":"https:\/\/www.evropskakuca.me\/wp-content\/uploads\/2018\/04\/180413_ADRION-4.jpg","datePublished":"2018-04-13T13:57:40+00:00","breadcrumb":{"@id":"https:\/\/www.evropskakuca.me\/me\/predstavljene-mogucnosti-ii-poziva-u-okviru-adrion-programa\/#breadcrumb"},"inLanguage":"me-ME","potentialAction":[{"@type":"ReadAction","target":["https:\/\/www.evropskakuca.me\/me\/predstavljene-mogucnosti-ii-poziva-u-okviru-adrion-programa\/"]}]},{"@type":"ImageObject","inLanguage":"me-ME","@id":"https:\/\/www.evropskakuca.me\/me\/predstavljene-mogucnosti-ii-poziva-u-okviru-adrion-programa\/#primaryimage","url":"https:\/\/www.evropskakuca.me\/wp-content\/uploads\/2018\/04\/180413_ADRION-4.jpg","contentUrl":"https:\/\/www.evropskakuca.me\/wp-content\/uploads\/2018\/04\/180413_ADRION-4.jpg","width":2028,"height":1352},{"@type":"BreadcrumbList","@id":"https:\/\/www.evropskakuca.me\/me\/predstavljene-mogucnosti-ii-poziva-u-okviru-adrion-programa\/#breadcrumb","itemListElement":[{"@type":"ListItem","position":1,"name":"Home","item":"https:\/\/www.evropskakuca.me\/me\/"},{"@type":"ListItem","position":2,"name":"Predstavljene mogu\u0107nosti II poziva u okviru ADRION programa"}]},{"@type":"WebSite","@id":"https:\/\/www.evropskakuca.me\/me\/#website","url":"https:\/\/www.evropskakuca.me\/me\/","name":"Evropean house","description":"","publisher":{"@id":"https:\/\/www.evropskakuca.me\/me\/#organization"},"potentialAction":[{"@type":"SearchAction","target":{"@type":"EntryPoint","urlTemplate":"https:\/\/www.evropskakuca.me\/me\/?s={search_term_string}"},"query-input":{"@type":"PropertyValueSpecification","valueRequired":true,"valueName":"search_term_string"}}],"inLanguage":"me-ME"},{"@type":"Organization","@id":"https:\/\/www.evropskakuca.me\/me\/#organization","name":"Evropean house","url":"https:\/\/www.evropskakuca.me\/me\/","logo":{"@type":"ImageObject","inLanguage":"me-ME","@id":"https:\/\/www.evropskakuca.me\/me\/#\/schema\/logo\/image\/","url":"https:\/\/www.evropskakuca.me\/wp-content\/uploads\/2025\/01\/evropska-kuca-logo-1.png","contentUrl":"https:\/\/www.evropskakuca.me\/wp-content\/uploads\/2025\/01\/evropska-kuca-logo-1.png","width":425,"height":312,"caption":"Evropean house"},"image":{"@id":"https:\/\/www.evropskakuca.me\/me\/#\/schema\/logo\/image\/"},"sameAs":["https:\/\/www.facebook.com\/evropska.kuca","https:\/\/x.com\/evropska_kuca","https:\/\/www.instagram.com\/evropska_kuca"]},{"@type":"Person","@id":"https:\/\/www.evropskakuca.me\/me\/#\/schema\/person\/a1d0dcdaefe4a1cd1d60d200ea137ba4","name":"mkajic","image":{"@type":"ImageObject","inLanguage":"me-ME","@id":"https:\/\/secure.gravatar.com\/avatar\/731fa035cefab7316e6bafd1f25a93fb731a07de14e2d9923f8db4422628eabc?s=96&d=mm&r=g","url":"https:\/\/secure.gravatar.com\/avatar\/731fa035cefab7316e6bafd1f25a93fb731a07de14e2d9923f8db4422628eabc?s=96&d=mm&r=g","contentUrl":"https:\/\/secure.gravatar.com\/avatar\/731fa035cefab7316e6bafd1f25a93fb731a07de14e2d9923f8db4422628eabc?s=96&d=mm&r=g","caption":"mkajic"},"sameAs":["https:\/\/evropskakuca.me"],"url":"https:\/\/www.evropskakuca.me\/me\/author\/mkajic\/"}]}},"_links":{"self":[{"href":"https:\/\/www.evropskakuca.me\/me\/wp-json\/wp\/v2\/posts\/5208","targetHints":{"allow":["GET"]}}],"collection":[{"href":"https:\/\/www.evropskakuca.me\/me\/wp-json\/wp\/v2\/posts"}],"about":[{"href":"https:\/\/www.evropskakuca.me\/me\/wp-json\/wp\/v2\/types\/post"}],"author":[{"embeddable":true,"href":"https:\/\/www.evropskakuca.me\/me\/wp-json\/wp\/v2\/users\/1"}],"replies":[{"embeddable":true,"href":"https:\/\/www.evropskakuca.me\/me\/wp-json\/wp\/v2\/comments?post=5208"}],"version-history":[{"count":0,"href":"https:\/\/www.evropskakuca.me\/me\/wp-json\/wp\/v2\/posts\/5208\/revisions"}],"wp:featuredmedia":[{"embeddable":true,"href":"https:\/\/www.evropskakuca.me\/me\/wp-json\/wp\/v2\/media\/33535"}],"wp:attachment":[{"href":"https:\/\/www.evropskakuca.me\/me\/wp-json\/wp\/v2\/media?parent=5208"}],"wp:term":[{"taxonomy":"category","embeddable":true,"href":"https:\/\/www.evropskakuca.me\/me\/wp-json\/wp\/v2\/categories?post=5208"},{"taxonomy":"post_tag","embeddable":true,"href":"https:\/\/www.evropskakuca.me\/me\/wp-json\/wp\/v2\/tags?post=5208"}],"curies":[{"name":"wp","href":"https:\/\/api.w.org\/{rel}","templated":true}]}}