{"id":5202,"date":"2018-04-13T11:34:05","date_gmt":"2018-04-13T11:34:05","guid":{"rendered":"http:\/\/www.evropskakuca.me\/me\/?p=5202"},"modified":"2018-04-13T11:34:05","modified_gmt":"2018-04-13T11:34:05","slug":"predstavljen-izvjestaj-iz-sjenke-za-poglavlje-27","status":"publish","type":"post","link":"https:\/\/www.evropskakuca.me\/me\/predstavljen-izvjestaj-iz-sjenke-za-poglavlje-27\/","title":{"rendered":"Predstavljen Izvje\u0161taj iz sjenke za Poglavlje 27."},"content":{"rendered":"<p>Koalicija 27 je na okruglom stolu odr\u017eanom u EU info centru predstavila Izvje\u0161taj iz sjenke za Poglavlje 27. Predstavnici nevladinih organizacija i dr\u017eavnih institucija koji se bave za\u0161titom \u017eivotne sredine sukobili su mi\u0161ljenje o kvalitetu reformi koje Crna Gora sprovodi kako bi zadovoljila EU standarde.<\/p>\n<p>Predstavnica NVO Green Home i \u00a0sekretarka Koalcijie 27, Jelena Marojevic Gali\u0107, kazala je da se ovaj alternativni izvje\u0161taj objavljuje u susret\u00a0 izvje\u0161taju o napretku Crne Gore koji \u0107e Evropska unija uskoro predstaviti a koji se bavi pitanjima za\u0161tite \u017eivotne sredine.<\/p>\n<p>\u201eIzvje\u0161taj pokazuje da iako je postignut dosta dobar napredak u zakonodavnom smislu imajuci u vidu implemmentaciju mi smo stava da za\u0161tita \u017eivotne sredine i klimatske promjene nisu prioritet vlade i da su nisko na listi prioriteta\u201c kazala je Marojevi\u0107 Gali\u0107.<\/p>\n<p>Kao oblasti u kojima se kasni ili nije postignuto dovoljno rezulatata Marojevi\u0107 Gali\u0107 je navela: za\u0161titu solane, upravljanje otpadom, recikla\u017ea, suzbijanje gasova staklene ba\u0161te i drugo.<\/p>\n<p>&nbsp;<\/p>\n<p><a href=\"http:\/\/www.evropskakuca.me\/wp-content\/uploads\/2018\/04\/180412_shadow_report_27-13.jpg\"><img fetchpriority=\"high\" decoding=\"async\" class=\"alignleft  wp-image-5203\" src=\"http:\/\/www.evropskakuca.me\/wp-content\/uploads\/2018\/04\/180412_shadow_report_27-13-1024x683.jpg\" alt=\"\" width=\"1182\" height=\"789\" \/><\/a><\/p>\n<p>Generalna direktorica Direktorata za \u017eivotnu sredinu, Ivana vojinovi\u0107, kazala je da ima pomije\u0161ana osje\u0107anja vezano za Izvje\u0161taj iz sjenke.<\/p>\n<p>\u201eJa sam se ju\u010de vratila sa sastanka evropskih ministara \u017eivotne sredine u bugarskoj. OD njih smo dobili potvrdu da je Crna Gora napredovala u poglavlju 27. I zaista je Crna Gora napredovala, uz niz izazova koji nas \u010deka. Da Crna Gora nije napredovala,\u00a0 Evropska komisija nam nikad ne bi prihvatila pregovara\u010dku poziciju, \u201c kazala je Vojinovi\u0107<\/p>\n<p>Ona je navela niz oblasti iz Izvje\u0161taja iz sjenke sa \u010dijim ocjenama nije saglasna, me\u0111u kojima su implementacija Parsikog sporazuma, upravljanje otpadom, javne rasprave. Vojinovi\u0107 je kazala da nisu imali podr\u0161ku od nvo sektora u izradi pregovara\u010dke pozicije kao i da mije bilo ka\u0161njenja u dostavljanju pregovara\u010dke pozicije.<\/p>\n","protected":false},"excerpt":{"rendered":"<p>Razli\u010dita vi\u0111enja napratka Crne Gore u oblasti o\u010duvanja \u017eivotne sredine<\/p>\n","protected":false},"author":1,"featured_media":33527,"comment_status":"open","ping_status":"open","sticky":false,"template":"","format":"standard","meta":{"_acf_changed":false,"footnotes":""},"categories":[283],"tags":[],"class_list":["post-5202","post","type-post","status-publish","format-standard","has-post-thumbnail","hentry","category-novosti-me"],"acf":[],"yoast_head":"<!-- This site is optimized with the Yoast SEO plugin v27.3 - https:\/\/yoast.com\/product\/yoast-seo-wordpress\/ -->\n<title>Predstavljen Izvje\u0161taj iz sjenke za Poglavlje 27. - Europe House<\/title>\n<meta name=\"robots\" content=\"index, follow, max-snippet:-1, max-image-preview:large, max-video-preview:-1\" \/>\n<link rel=\"canonical\" href=\"https:\/\/www.evropskakuca.me\/me\/predstavljen-izvjestaj-iz-sjenke-za-poglavlje-27\/\" \/>\n<meta property=\"og:locale\" content=\"en_US\" \/>\n<meta property=\"og:type\" content=\"article\" \/>\n<meta property=\"og:title\" content=\"Predstavljen Izvje\u0161taj iz sjenke za Poglavlje 27. - Europe House\" \/>\n<meta property=\"og:description\" content=\"Razli\u010dita vi\u0111enja napratka Crne Gore u oblasti o\u010duvanja \u017eivotne sredine\" \/>\n<meta property=\"og:url\" content=\"https:\/\/www.evropskakuca.me\/me\/predstavljen-izvjestaj-iz-sjenke-za-poglavlje-27\/\" \/>\n<meta property=\"og:site_name\" content=\"Europe House\" \/>\n<meta property=\"article:publisher\" content=\"https:\/\/www.facebook.com\/evropska.kuca\" \/>\n<meta property=\"article:published_time\" content=\"2018-04-13T11:34:05+00:00\" \/>\n<meta property=\"og:image\" content=\"https:\/\/www.evropskakuca.me\/wp-content\/uploads\/2018\/04\/180412_shadow_report_27-10-1024x683.jpg\" \/>\n\t<meta property=\"og:image:width\" content=\"1024\" \/>\n\t<meta property=\"og:image:height\" content=\"683\" \/>\n\t<meta property=\"og:image:type\" content=\"image\/jpeg\" \/>\n<meta name=\"author\" content=\"mkajic\" \/>\n<meta name=\"twitter:card\" content=\"summary_large_image\" \/>\n<meta name=\"twitter:creator\" content=\"@evropska_kuca\" \/>\n<meta name=\"twitter:site\" content=\"@evropska_kuca\" \/>\n<meta name=\"twitter:label1\" content=\"Written by\" \/>\n\t<meta name=\"twitter:data1\" content=\"mkajic\" \/>\n\t<meta name=\"twitter:label2\" content=\"Est. reading time\" \/>\n\t<meta name=\"twitter:data2\" content=\"1 minute\" \/>\n<script type=\"application\/ld+json\" class=\"yoast-schema-graph\">{\"@context\":\"https:\\\/\\\/schema.org\",\"@graph\":[{\"@type\":\"Article\",\"@id\":\"https:\\\/\\\/www.evropskakuca.me\\\/me\\\/predstavljen-izvjestaj-iz-sjenke-za-poglavlje-27\\\/#article\",\"isPartOf\":{\"@id\":\"https:\\\/\\\/www.evropskakuca.me\\\/me\\\/predstavljen-izvjestaj-iz-sjenke-za-poglavlje-27\\\/\"},\"author\":{\"name\":\"mkajic\",\"@id\":\"https:\\\/\\\/www.evropskakuca.me\\\/me\\\/#\\\/schema\\\/person\\\/a1d0dcdaefe4a1cd1d60d200ea137ba4\"},\"headline\":\"Predstavljen Izvje\u0161taj iz sjenke za Poglavlje 27.\",\"datePublished\":\"2018-04-13T11:34:05+00:00\",\"mainEntityOfPage\":{\"@id\":\"https:\\\/\\\/www.evropskakuca.me\\\/me\\\/predstavljen-izvjestaj-iz-sjenke-za-poglavlje-27\\\/\"},\"wordCount\":301,\"commentCount\":0,\"publisher\":{\"@id\":\"https:\\\/\\\/www.evropskakuca.me\\\/me\\\/#organization\"},\"image\":{\"@id\":\"https:\\\/\\\/www.evropskakuca.me\\\/me\\\/predstavljen-izvjestaj-iz-sjenke-za-poglavlje-27\\\/#primaryimage\"},\"thumbnailUrl\":\"https:\\\/\\\/www.evropskakuca.me\\\/wp-content\\\/uploads\\\/2018\\\/04\\\/180412_shadow_report_27-10.jpg\",\"articleSection\":[\"Novosti\"],\"inLanguage\":\"me-ME\",\"potentialAction\":[{\"@type\":\"CommentAction\",\"name\":\"Comment\",\"target\":[\"https:\\\/\\\/www.evropskakuca.me\\\/me\\\/predstavljen-izvjestaj-iz-sjenke-za-poglavlje-27\\\/#respond\"]}]},{\"@type\":\"WebPage\",\"@id\":\"https:\\\/\\\/www.evropskakuca.me\\\/me\\\/predstavljen-izvjestaj-iz-sjenke-za-poglavlje-27\\\/\",\"url\":\"https:\\\/\\\/www.evropskakuca.me\\\/me\\\/predstavljen-izvjestaj-iz-sjenke-za-poglavlje-27\\\/\",\"name\":\"Predstavljen Izvje\u0161taj iz sjenke za Poglavlje 27. - Europe House\",\"isPartOf\":{\"@id\":\"https:\\\/\\\/www.evropskakuca.me\\\/me\\\/#website\"},\"primaryImageOfPage\":{\"@id\":\"https:\\\/\\\/www.evropskakuca.me\\\/me\\\/predstavljen-izvjestaj-iz-sjenke-za-poglavlje-27\\\/#primaryimage\"},\"image\":{\"@id\":\"https:\\\/\\\/www.evropskakuca.me\\\/me\\\/predstavljen-izvjestaj-iz-sjenke-za-poglavlje-27\\\/#primaryimage\"},\"thumbnailUrl\":\"https:\\\/\\\/www.evropskakuca.me\\\/wp-content\\\/uploads\\\/2018\\\/04\\\/180412_shadow_report_27-10.jpg\",\"datePublished\":\"2018-04-13T11:34:05+00:00\",\"breadcrumb\":{\"@id\":\"https:\\\/\\\/www.evropskakuca.me\\\/me\\\/predstavljen-izvjestaj-iz-sjenke-za-poglavlje-27\\\/#breadcrumb\"},\"inLanguage\":\"me-ME\",\"potentialAction\":[{\"@type\":\"ReadAction\",\"target\":[\"https:\\\/\\\/www.evropskakuca.me\\\/me\\\/predstavljen-izvjestaj-iz-sjenke-za-poglavlje-27\\\/\"]}]},{\"@type\":\"ImageObject\",\"inLanguage\":\"me-ME\",\"@id\":\"https:\\\/\\\/www.evropskakuca.me\\\/me\\\/predstavljen-izvjestaj-iz-sjenke-za-poglavlje-27\\\/#primaryimage\",\"url\":\"https:\\\/\\\/www.evropskakuca.me\\\/wp-content\\\/uploads\\\/2018\\\/04\\\/180412_shadow_report_27-10.jpg\",\"contentUrl\":\"https:\\\/\\\/www.evropskakuca.me\\\/wp-content\\\/uploads\\\/2018\\\/04\\\/180412_shadow_report_27-10.jpg\",\"width\":2028,\"height\":1352},{\"@type\":\"BreadcrumbList\",\"@id\":\"https:\\\/\\\/www.evropskakuca.me\\\/me\\\/predstavljen-izvjestaj-iz-sjenke-za-poglavlje-27\\\/#breadcrumb\",\"itemListElement\":[{\"@type\":\"ListItem\",\"position\":1,\"name\":\"Home\",\"item\":\"https:\\\/\\\/www.evropskakuca.me\\\/me\\\/\"},{\"@type\":\"ListItem\",\"position\":2,\"name\":\"Predstavljen Izvje\u0161taj iz sjenke za Poglavlje 27.\"}]},{\"@type\":\"WebSite\",\"@id\":\"https:\\\/\\\/www.evropskakuca.me\\\/me\\\/#website\",\"url\":\"https:\\\/\\\/www.evropskakuca.me\\\/me\\\/\",\"name\":\"Evropean house\",\"description\":\"\",\"publisher\":{\"@id\":\"https:\\\/\\\/www.evropskakuca.me\\\/me\\\/#organization\"},\"potentialAction\":[{\"@type\":\"SearchAction\",\"target\":{\"@type\":\"EntryPoint\",\"urlTemplate\":\"https:\\\/\\\/www.evropskakuca.me\\\/me\\\/?s={search_term_string}\"},\"query-input\":{\"@type\":\"PropertyValueSpecification\",\"valueRequired\":true,\"valueName\":\"search_term_string\"}}],\"inLanguage\":\"me-ME\"},{\"@type\":\"Organization\",\"@id\":\"https:\\\/\\\/www.evropskakuca.me\\\/me\\\/#organization\",\"name\":\"Evropean house\",\"url\":\"https:\\\/\\\/www.evropskakuca.me\\\/me\\\/\",\"logo\":{\"@type\":\"ImageObject\",\"inLanguage\":\"me-ME\",\"@id\":\"https:\\\/\\\/www.evropskakuca.me\\\/me\\\/#\\\/schema\\\/logo\\\/image\\\/\",\"url\":\"https:\\\/\\\/www.evropskakuca.me\\\/wp-content\\\/uploads\\\/2025\\\/01\\\/evropska-kuca-logo-1.png\",\"contentUrl\":\"https:\\\/\\\/www.evropskakuca.me\\\/wp-content\\\/uploads\\\/2025\\\/01\\\/evropska-kuca-logo-1.png\",\"width\":425,\"height\":312,\"caption\":\"Evropean house\"},\"image\":{\"@id\":\"https:\\\/\\\/www.evropskakuca.me\\\/me\\\/#\\\/schema\\\/logo\\\/image\\\/\"},\"sameAs\":[\"https:\\\/\\\/www.facebook.com\\\/evropska.kuca\",\"https:\\\/\\\/x.com\\\/evropska_kuca\",\"https:\\\/\\\/www.instagram.com\\\/evropska_kuca\"]},{\"@type\":\"Person\",\"@id\":\"https:\\\/\\\/www.evropskakuca.me\\\/me\\\/#\\\/schema\\\/person\\\/a1d0dcdaefe4a1cd1d60d200ea137ba4\",\"name\":\"mkajic\",\"image\":{\"@type\":\"ImageObject\",\"inLanguage\":\"me-ME\",\"@id\":\"https:\\\/\\\/secure.gravatar.com\\\/avatar\\\/731fa035cefab7316e6bafd1f25a93fb731a07de14e2d9923f8db4422628eabc?s=96&d=mm&r=g\",\"url\":\"https:\\\/\\\/secure.gravatar.com\\\/avatar\\\/731fa035cefab7316e6bafd1f25a93fb731a07de14e2d9923f8db4422628eabc?s=96&d=mm&r=g\",\"contentUrl\":\"https:\\\/\\\/secure.gravatar.com\\\/avatar\\\/731fa035cefab7316e6bafd1f25a93fb731a07de14e2d9923f8db4422628eabc?s=96&d=mm&r=g\",\"caption\":\"mkajic\"},\"sameAs\":[\"https:\\\/\\\/evropskakuca.me\"],\"url\":\"https:\\\/\\\/www.evropskakuca.me\\\/me\\\/author\\\/mkajic\\\/\"}]}<\/script>\n<!-- \/ Yoast SEO plugin. -->","yoast_head_json":{"title":"Predstavljen Izvje\u0161taj iz sjenke za Poglavlje 27. - Europe House","robots":{"index":"index","follow":"follow","max-snippet":"max-snippet:-1","max-image-preview":"max-image-preview:large","max-video-preview":"max-video-preview:-1"},"canonical":"https:\/\/www.evropskakuca.me\/me\/predstavljen-izvjestaj-iz-sjenke-za-poglavlje-27\/","og_locale":"en_US","og_type":"article","og_title":"Predstavljen Izvje\u0161taj iz sjenke za Poglavlje 27. - Europe House","og_description":"Razli\u010dita vi\u0111enja napratka Crne Gore u oblasti o\u010duvanja \u017eivotne sredine","og_url":"https:\/\/www.evropskakuca.me\/me\/predstavljen-izvjestaj-iz-sjenke-za-poglavlje-27\/","og_site_name":"Europe House","article_publisher":"https:\/\/www.facebook.com\/evropska.kuca","article_published_time":"2018-04-13T11:34:05+00:00","og_image":[{"width":1024,"height":683,"url":"https:\/\/www.evropskakuca.me\/wp-content\/uploads\/2018\/04\/180412_shadow_report_27-10-1024x683.jpg","type":"image\/jpeg"}],"author":"mkajic","twitter_card":"summary_large_image","twitter_creator":"@evropska_kuca","twitter_site":"@evropska_kuca","twitter_misc":{"Written by":"mkajic","Est. reading time":"1 minute"},"schema":{"@context":"https:\/\/schema.org","@graph":[{"@type":"Article","@id":"https:\/\/www.evropskakuca.me\/me\/predstavljen-izvjestaj-iz-sjenke-za-poglavlje-27\/#article","isPartOf":{"@id":"https:\/\/www.evropskakuca.me\/me\/predstavljen-izvjestaj-iz-sjenke-za-poglavlje-27\/"},"author":{"name":"mkajic","@id":"https:\/\/www.evropskakuca.me\/me\/#\/schema\/person\/a1d0dcdaefe4a1cd1d60d200ea137ba4"},"headline":"Predstavljen Izvje\u0161taj iz sjenke za Poglavlje 27.","datePublished":"2018-04-13T11:34:05+00:00","mainEntityOfPage":{"@id":"https:\/\/www.evropskakuca.me\/me\/predstavljen-izvjestaj-iz-sjenke-za-poglavlje-27\/"},"wordCount":301,"commentCount":0,"publisher":{"@id":"https:\/\/www.evropskakuca.me\/me\/#organization"},"image":{"@id":"https:\/\/www.evropskakuca.me\/me\/predstavljen-izvjestaj-iz-sjenke-za-poglavlje-27\/#primaryimage"},"thumbnailUrl":"https:\/\/www.evropskakuca.me\/wp-content\/uploads\/2018\/04\/180412_shadow_report_27-10.jpg","articleSection":["Novosti"],"inLanguage":"me-ME","potentialAction":[{"@type":"CommentAction","name":"Comment","target":["https:\/\/www.evropskakuca.me\/me\/predstavljen-izvjestaj-iz-sjenke-za-poglavlje-27\/#respond"]}]},{"@type":"WebPage","@id":"https:\/\/www.evropskakuca.me\/me\/predstavljen-izvjestaj-iz-sjenke-za-poglavlje-27\/","url":"https:\/\/www.evropskakuca.me\/me\/predstavljen-izvjestaj-iz-sjenke-za-poglavlje-27\/","name":"Predstavljen Izvje\u0161taj iz sjenke za Poglavlje 27. - Europe House","isPartOf":{"@id":"https:\/\/www.evropskakuca.me\/me\/#website"},"primaryImageOfPage":{"@id":"https:\/\/www.evropskakuca.me\/me\/predstavljen-izvjestaj-iz-sjenke-za-poglavlje-27\/#primaryimage"},"image":{"@id":"https:\/\/www.evropskakuca.me\/me\/predstavljen-izvjestaj-iz-sjenke-za-poglavlje-27\/#primaryimage"},"thumbnailUrl":"https:\/\/www.evropskakuca.me\/wp-content\/uploads\/2018\/04\/180412_shadow_report_27-10.jpg","datePublished":"2018-04-13T11:34:05+00:00","breadcrumb":{"@id":"https:\/\/www.evropskakuca.me\/me\/predstavljen-izvjestaj-iz-sjenke-za-poglavlje-27\/#breadcrumb"},"inLanguage":"me-ME","potentialAction":[{"@type":"ReadAction","target":["https:\/\/www.evropskakuca.me\/me\/predstavljen-izvjestaj-iz-sjenke-za-poglavlje-27\/"]}]},{"@type":"ImageObject","inLanguage":"me-ME","@id":"https:\/\/www.evropskakuca.me\/me\/predstavljen-izvjestaj-iz-sjenke-za-poglavlje-27\/#primaryimage","url":"https:\/\/www.evropskakuca.me\/wp-content\/uploads\/2018\/04\/180412_shadow_report_27-10.jpg","contentUrl":"https:\/\/www.evropskakuca.me\/wp-content\/uploads\/2018\/04\/180412_shadow_report_27-10.jpg","width":2028,"height":1352},{"@type":"BreadcrumbList","@id":"https:\/\/www.evropskakuca.me\/me\/predstavljen-izvjestaj-iz-sjenke-za-poglavlje-27\/#breadcrumb","itemListElement":[{"@type":"ListItem","position":1,"name":"Home","item":"https:\/\/www.evropskakuca.me\/me\/"},{"@type":"ListItem","position":2,"name":"Predstavljen Izvje\u0161taj iz sjenke za Poglavlje 27."}]},{"@type":"WebSite","@id":"https:\/\/www.evropskakuca.me\/me\/#website","url":"https:\/\/www.evropskakuca.me\/me\/","name":"Evropean house","description":"","publisher":{"@id":"https:\/\/www.evropskakuca.me\/me\/#organization"},"potentialAction":[{"@type":"SearchAction","target":{"@type":"EntryPoint","urlTemplate":"https:\/\/www.evropskakuca.me\/me\/?s={search_term_string}"},"query-input":{"@type":"PropertyValueSpecification","valueRequired":true,"valueName":"search_term_string"}}],"inLanguage":"me-ME"},{"@type":"Organization","@id":"https:\/\/www.evropskakuca.me\/me\/#organization","name":"Evropean house","url":"https:\/\/www.evropskakuca.me\/me\/","logo":{"@type":"ImageObject","inLanguage":"me-ME","@id":"https:\/\/www.evropskakuca.me\/me\/#\/schema\/logo\/image\/","url":"https:\/\/www.evropskakuca.me\/wp-content\/uploads\/2025\/01\/evropska-kuca-logo-1.png","contentUrl":"https:\/\/www.evropskakuca.me\/wp-content\/uploads\/2025\/01\/evropska-kuca-logo-1.png","width":425,"height":312,"caption":"Evropean house"},"image":{"@id":"https:\/\/www.evropskakuca.me\/me\/#\/schema\/logo\/image\/"},"sameAs":["https:\/\/www.facebook.com\/evropska.kuca","https:\/\/x.com\/evropska_kuca","https:\/\/www.instagram.com\/evropska_kuca"]},{"@type":"Person","@id":"https:\/\/www.evropskakuca.me\/me\/#\/schema\/person\/a1d0dcdaefe4a1cd1d60d200ea137ba4","name":"mkajic","image":{"@type":"ImageObject","inLanguage":"me-ME","@id":"https:\/\/secure.gravatar.com\/avatar\/731fa035cefab7316e6bafd1f25a93fb731a07de14e2d9923f8db4422628eabc?s=96&d=mm&r=g","url":"https:\/\/secure.gravatar.com\/avatar\/731fa035cefab7316e6bafd1f25a93fb731a07de14e2d9923f8db4422628eabc?s=96&d=mm&r=g","contentUrl":"https:\/\/secure.gravatar.com\/avatar\/731fa035cefab7316e6bafd1f25a93fb731a07de14e2d9923f8db4422628eabc?s=96&d=mm&r=g","caption":"mkajic"},"sameAs":["https:\/\/evropskakuca.me"],"url":"https:\/\/www.evropskakuca.me\/me\/author\/mkajic\/"}]}},"_links":{"self":[{"href":"https:\/\/www.evropskakuca.me\/me\/wp-json\/wp\/v2\/posts\/5202","targetHints":{"allow":["GET"]}}],"collection":[{"href":"https:\/\/www.evropskakuca.me\/me\/wp-json\/wp\/v2\/posts"}],"about":[{"href":"https:\/\/www.evropskakuca.me\/me\/wp-json\/wp\/v2\/types\/post"}],"author":[{"embeddable":true,"href":"https:\/\/www.evropskakuca.me\/me\/wp-json\/wp\/v2\/users\/1"}],"replies":[{"embeddable":true,"href":"https:\/\/www.evropskakuca.me\/me\/wp-json\/wp\/v2\/comments?post=5202"}],"version-history":[{"count":0,"href":"https:\/\/www.evropskakuca.me\/me\/wp-json\/wp\/v2\/posts\/5202\/revisions"}],"wp:featuredmedia":[{"embeddable":true,"href":"https:\/\/www.evropskakuca.me\/me\/wp-json\/wp\/v2\/media\/33527"}],"wp:attachment":[{"href":"https:\/\/www.evropskakuca.me\/me\/wp-json\/wp\/v2\/media?parent=5202"}],"wp:term":[{"taxonomy":"category","embeddable":true,"href":"https:\/\/www.evropskakuca.me\/me\/wp-json\/wp\/v2\/categories?post=5202"},{"taxonomy":"post_tag","embeddable":true,"href":"https:\/\/www.evropskakuca.me\/me\/wp-json\/wp\/v2\/tags?post=5202"}],"curies":[{"name":"wp","href":"https:\/\/api.w.org\/{rel}","templated":true}]}}