{"id":5188,"date":"2018-04-11T13:38:09","date_gmt":"2018-04-11T13:38:09","guid":{"rendered":"http:\/\/www.evropskakuca.me\/me\/?p=5188"},"modified":"2018-04-11T13:38:09","modified_gmt":"2018-04-11T13:38:09","slug":"ishrana-djece-u-vremenu-losih-navika","status":"publish","type":"post","link":"https:\/\/www.evropskakuca.me\/me\/ishrana-djece-u-vremenu-losih-navika\/","title":{"rendered":"Ishrana djece u vremenu lo\u0161ih navika"},"content":{"rendered":"<p>Podgorica, 11. april 2018. &#8211; Procenat predgojazne i gojazne djece u Crnoj Gori je visok, a gojaznost uzima epidemijske razmjere, upozoravaju ljekari. Stru\u010dnjaci su na panel diskusiji u EU info centru pozvali roditelje, koji imaju klju\u010dnu ulogu u formiranju navika u ishrani djece, da zajedno rade na njihovom mijenjaju. Istra\u017eivanje Instituta za javno zdravlje pokayuje da je oko 40% predgojazne i gojazne djece. Panel su organizovali Udru\u017eenje Roditelji, CAZAS i SOS telefon za \u017eene i djecu \u017ertve nasilja Podgorica, u okviru projekta \u201cHealthUP\u201c, koji je podr\u017eala Delegacija Evropske unije u Crnoj Gori.<\/p>\n<p><a href=\"http:\/\/www.evropskakuca.me\/wp-content\/uploads\/2018\/04\/180411_health_up_djeca-2.jpg\"><img fetchpriority=\"high\" decoding=\"async\" class=\"wp-image-5191  alignleft\" src=\"http:\/\/www.evropskakuca.me\/wp-content\/uploads\/2018\/04\/180411_health_up_djeca-2.jpg\" alt=\"\" width=\"468\" height=\"312\" \/><\/a>Istra\u017eivanjem Instituta za javno zdravlje je pro\u0161le godine obuhva\u0107eno oko 3,500 djece, uzrasta 6 do 8 godina, a ra\u0111eno je na teritoriji cijele Crne Gore.<\/p>\n<p>Specijalista higijene u Institutu, Enisa Kujund\u017ei\u0107 kazala je da je jedno od pitanja u upitniku koji se odnosio na navike djece kad su u pitanju ishrana, spavanje, fizi\u010dka aktivnost, a koji su ispunjavali roditelji, bilo kako oni do\u017eivljavaju svoje dijete \u2013 da li kao gojazno, predgojazno, pothranjeno ili normalno.<\/p>\n<p>\u201cSamo 1% roditelja vidi svoje dijete kao gojazno, 9 % njih kao predgojazno i oko 1% kao pothranjeno. Tu le\u017ei klju\u010d ali i rje\u0161enje problema\u201d, dodala je ona poja\u0161njavaju\u0107i da roditelji nijesu svjesni da ishrana nije samo zadovoljenje energetskih potreba i da dijete nije gladno, ve\u0107 da mora da ima i zdravstveni aspekt.<\/p>\n<p>Podsjetila je da su roditelji ti koji formiraju dje\u010dije navike u prvim godinama \u017eivota, a kako je kazala, mnogo su popustljivi kad je ishrana u pitanju, prave kompromise i idu linijom manjeg otpora.<\/p>\n<p>Ona im savjetuje da u ishrani koriste sezonsko vo\u0107e i povr\u0107e, proizvedeno na na\u0161im prostorima, po mogu\u0107nosti doma\u0107e, a da se u vezi sa ishranom savjetuju sa ljudima koji se bave ishranom odnosno ljekarima. Smatra da u dana\u0161nje vrijeme ne mo\u017eemo uticati na koli\u010dinu aditiva i hemijskih supstanci u hrani, ali da mo\u017eemo birati hranu koja toga ima manje.<\/p>\n<p>Pedijatar u Domu zdravlja Podgorica dr Pa\u0161a Divanovi\u0107 govorila je o rezultatima sistematskih pregleda djece razli\u010ditih uzrasta koji tako\u0111e pokazuju da je sve vi\u0161e gojazne djece.<a href=\"http:\/\/www.evropskakuca.me\/wp-content\/uploads\/2018\/04\/180411_health_up_djeca.jpg\"><img decoding=\"async\" class=\"alignright wp-image-5193 \" src=\"http:\/\/www.evropskakuca.me\/wp-content\/uploads\/2018\/04\/180411_health_up_djeca.jpg\" alt=\"\" width=\"465\" height=\"310\" \/><\/a><\/p>\n<p>\u201cSistematski pregledi u 4. godini pokazuju da je najmanje pothranje djece \u2013 oko 1,8 odsto, a gojaznih 20 odsto. Gojazne djece je vi\u0161e me\u0111u dpred\u0161kolcima I to 25,4 odsto dje\u010daka i 32,4 odsto djevoj\u010dica. Prema podacima Doma zdravlja, oko 60 do 80 odsto gojazne \u0161kolske djece ostane gojazno i u starijem uzrastu, \u201d objasnila je Divanovi\u0107.<\/p>\n<p>Divanovi\u0107 poja\u0161njava da pored toga \u0161to ne uzimaju hranu u pet obroka, nepravilno uzimaju ugljene hidrate, proteine, masti i vitamine djeca se nedovljno bave fizi\u010dkom aktivno\u0161\u0107u i spavaju.<\/p>\n<p>Da se djeca lo\u0161e hrane, posebno dok su u \u0161koli, prepoznali su i u Ministarstvu prosvjete, koje je osim pilot projekta \u0111a\u010dke u\u017eine na teritoriji Glavnog grada u saradnji sa srednjom stru\u010dom \u0161kolom \u201eSergije Stani\u0107\u201c i Institutom za javno zdravlje, odlu\u010dilo da u narednom periodu dodatno poku\u0161a da uti\u010de na dostupnost nezdravih proizvoda najmla\u0111ima.<\/p>\n<p>Projekat HealthUP ima za cilj ja\u010danje partnerskog dijaloga i saradnje izme\u0111u vladinog i nevladinog sektora u oblasti zdravstva. Cilj programa, koji posljednje dvije godine sprovode CAZAS, SOS telefon za \u017eene i djecu \u017ertve nasilja Podgorica i udru\u017eenje Roditelji, je da se dodatno osna\u017ee i oja\u010daju organizacije civilnog dru\u0161tva kako bi sistem zdravstvene za\u0161tite bio efikasniji i vi\u0161e okrenut potrebama pacijenata. Ishrana je jedna od oblasti saradnje izme\u0111u nevladnih organizacija i institucija.<\/p>\n","protected":false},"excerpt":{"rendered":"<p>Gojaznost djece u Crnoj Gori uzima epidemijske razmjere<\/p>\n","protected":false},"author":1,"featured_media":33521,"comment_status":"open","ping_status":"open","sticky":false,"template":"","format":"standard","meta":{"_acf_changed":false,"footnotes":""},"categories":[283],"tags":[],"class_list":["post-5188","post","type-post","status-publish","format-standard","has-post-thumbnail","hentry","category-novosti-me"],"acf":[],"yoast_head":"<!-- This site is optimized with the Yoast SEO plugin v27.3 - https:\/\/yoast.com\/product\/yoast-seo-wordpress\/ -->\n<title>Ishrana djece u vremenu lo\u0161ih navika - Europe House<\/title>\n<meta name=\"robots\" content=\"index, follow, max-snippet:-1, max-image-preview:large, max-video-preview:-1\" \/>\n<link rel=\"canonical\" href=\"https:\/\/www.evropskakuca.me\/me\/ishrana-djece-u-vremenu-losih-navika\/\" \/>\n<meta property=\"og:locale\" content=\"en_US\" \/>\n<meta property=\"og:type\" content=\"article\" \/>\n<meta property=\"og:title\" content=\"Ishrana djece u vremenu lo\u0161ih navika - Europe House\" \/>\n<meta property=\"og:description\" content=\"Gojaznost djece u Crnoj Gori uzima epidemijske razmjere\" \/>\n<meta property=\"og:url\" content=\"https:\/\/www.evropskakuca.me\/me\/ishrana-djece-u-vremenu-losih-navika\/\" \/>\n<meta property=\"og:site_name\" content=\"Europe House\" \/>\n<meta property=\"article:publisher\" content=\"https:\/\/www.facebook.com\/evropska.kuca\" \/>\n<meta property=\"article:published_time\" content=\"2018-04-11T13:38:09+00:00\" \/>\n<meta property=\"og:image\" content=\"https:\/\/www.evropskakuca.me\/wp-content\/uploads\/2018\/04\/180411_health_up_djeca-12.jpg\" \/>\n\t<meta property=\"og:image:width\" content=\"2028\" \/>\n\t<meta property=\"og:image:height\" content=\"1352\" \/>\n\t<meta property=\"og:image:type\" content=\"image\/jpeg\" \/>\n<meta name=\"author\" content=\"mkajic\" \/>\n<meta name=\"twitter:card\" content=\"summary_large_image\" \/>\n<meta name=\"twitter:creator\" content=\"@evropska_kuca\" \/>\n<meta name=\"twitter:site\" content=\"@evropska_kuca\" \/>\n<meta name=\"twitter:label1\" content=\"Written by\" \/>\n\t<meta name=\"twitter:data1\" content=\"mkajic\" \/>\n\t<meta name=\"twitter:label2\" content=\"Est. reading time\" \/>\n\t<meta name=\"twitter:data2\" content=\"3 minutes\" \/>\n<script type=\"application\/ld+json\" class=\"yoast-schema-graph\">{\"@context\":\"https:\\\/\\\/schema.org\",\"@graph\":[{\"@type\":\"Article\",\"@id\":\"https:\\\/\\\/www.evropskakuca.me\\\/me\\\/ishrana-djece-u-vremenu-losih-navika\\\/#article\",\"isPartOf\":{\"@id\":\"https:\\\/\\\/www.evropskakuca.me\\\/me\\\/ishrana-djece-u-vremenu-losih-navika\\\/\"},\"author\":{\"name\":\"mkajic\",\"@id\":\"https:\\\/\\\/www.evropskakuca.me\\\/me\\\/#\\\/schema\\\/person\\\/a1d0dcdaefe4a1cd1d60d200ea137ba4\"},\"headline\":\"Ishrana djece u vremenu lo\u0161ih navika\",\"datePublished\":\"2018-04-11T13:38:09+00:00\",\"mainEntityOfPage\":{\"@id\":\"https:\\\/\\\/www.evropskakuca.me\\\/me\\\/ishrana-djece-u-vremenu-losih-navika\\\/\"},\"wordCount\":588,\"commentCount\":0,\"publisher\":{\"@id\":\"https:\\\/\\\/www.evropskakuca.me\\\/me\\\/#organization\"},\"image\":{\"@id\":\"https:\\\/\\\/www.evropskakuca.me\\\/me\\\/ishrana-djece-u-vremenu-losih-navika\\\/#primaryimage\"},\"thumbnailUrl\":\"https:\\\/\\\/www.evropskakuca.me\\\/wp-content\\\/uploads\\\/2018\\\/04\\\/180411_health_up_djeca-12.jpg\",\"articleSection\":[\"Novosti\"],\"inLanguage\":\"me-ME\",\"potentialAction\":[{\"@type\":\"CommentAction\",\"name\":\"Comment\",\"target\":[\"https:\\\/\\\/www.evropskakuca.me\\\/me\\\/ishrana-djece-u-vremenu-losih-navika\\\/#respond\"]}]},{\"@type\":\"WebPage\",\"@id\":\"https:\\\/\\\/www.evropskakuca.me\\\/me\\\/ishrana-djece-u-vremenu-losih-navika\\\/\",\"url\":\"https:\\\/\\\/www.evropskakuca.me\\\/me\\\/ishrana-djece-u-vremenu-losih-navika\\\/\",\"name\":\"Ishrana djece u vremenu lo\u0161ih navika - Europe House\",\"isPartOf\":{\"@id\":\"https:\\\/\\\/www.evropskakuca.me\\\/me\\\/#website\"},\"primaryImageOfPage\":{\"@id\":\"https:\\\/\\\/www.evropskakuca.me\\\/me\\\/ishrana-djece-u-vremenu-losih-navika\\\/#primaryimage\"},\"image\":{\"@id\":\"https:\\\/\\\/www.evropskakuca.me\\\/me\\\/ishrana-djece-u-vremenu-losih-navika\\\/#primaryimage\"},\"thumbnailUrl\":\"https:\\\/\\\/www.evropskakuca.me\\\/wp-content\\\/uploads\\\/2018\\\/04\\\/180411_health_up_djeca-12.jpg\",\"datePublished\":\"2018-04-11T13:38:09+00:00\",\"breadcrumb\":{\"@id\":\"https:\\\/\\\/www.evropskakuca.me\\\/me\\\/ishrana-djece-u-vremenu-losih-navika\\\/#breadcrumb\"},\"inLanguage\":\"me-ME\",\"potentialAction\":[{\"@type\":\"ReadAction\",\"target\":[\"https:\\\/\\\/www.evropskakuca.me\\\/me\\\/ishrana-djece-u-vremenu-losih-navika\\\/\"]}]},{\"@type\":\"ImageObject\",\"inLanguage\":\"me-ME\",\"@id\":\"https:\\\/\\\/www.evropskakuca.me\\\/me\\\/ishrana-djece-u-vremenu-losih-navika\\\/#primaryimage\",\"url\":\"https:\\\/\\\/www.evropskakuca.me\\\/wp-content\\\/uploads\\\/2018\\\/04\\\/180411_health_up_djeca-12.jpg\",\"contentUrl\":\"https:\\\/\\\/www.evropskakuca.me\\\/wp-content\\\/uploads\\\/2018\\\/04\\\/180411_health_up_djeca-12.jpg\",\"width\":2028,\"height\":1352},{\"@type\":\"BreadcrumbList\",\"@id\":\"https:\\\/\\\/www.evropskakuca.me\\\/me\\\/ishrana-djece-u-vremenu-losih-navika\\\/#breadcrumb\",\"itemListElement\":[{\"@type\":\"ListItem\",\"position\":1,\"name\":\"Home\",\"item\":\"https:\\\/\\\/www.evropskakuca.me\\\/me\\\/\"},{\"@type\":\"ListItem\",\"position\":2,\"name\":\"Ishrana djece u vremenu lo\u0161ih navika\"}]},{\"@type\":\"WebSite\",\"@id\":\"https:\\\/\\\/www.evropskakuca.me\\\/me\\\/#website\",\"url\":\"https:\\\/\\\/www.evropskakuca.me\\\/me\\\/\",\"name\":\"Evropean house\",\"description\":\"\",\"publisher\":{\"@id\":\"https:\\\/\\\/www.evropskakuca.me\\\/me\\\/#organization\"},\"potentialAction\":[{\"@type\":\"SearchAction\",\"target\":{\"@type\":\"EntryPoint\",\"urlTemplate\":\"https:\\\/\\\/www.evropskakuca.me\\\/me\\\/?s={search_term_string}\"},\"query-input\":{\"@type\":\"PropertyValueSpecification\",\"valueRequired\":true,\"valueName\":\"search_term_string\"}}],\"inLanguage\":\"me-ME\"},{\"@type\":\"Organization\",\"@id\":\"https:\\\/\\\/www.evropskakuca.me\\\/me\\\/#organization\",\"name\":\"Evropean house\",\"url\":\"https:\\\/\\\/www.evropskakuca.me\\\/me\\\/\",\"logo\":{\"@type\":\"ImageObject\",\"inLanguage\":\"me-ME\",\"@id\":\"https:\\\/\\\/www.evropskakuca.me\\\/me\\\/#\\\/schema\\\/logo\\\/image\\\/\",\"url\":\"https:\\\/\\\/www.evropskakuca.me\\\/wp-content\\\/uploads\\\/2025\\\/01\\\/evropska-kuca-logo-1.png\",\"contentUrl\":\"https:\\\/\\\/www.evropskakuca.me\\\/wp-content\\\/uploads\\\/2025\\\/01\\\/evropska-kuca-logo-1.png\",\"width\":425,\"height\":312,\"caption\":\"Evropean house\"},\"image\":{\"@id\":\"https:\\\/\\\/www.evropskakuca.me\\\/me\\\/#\\\/schema\\\/logo\\\/image\\\/\"},\"sameAs\":[\"https:\\\/\\\/www.facebook.com\\\/evropska.kuca\",\"https:\\\/\\\/x.com\\\/evropska_kuca\",\"https:\\\/\\\/www.instagram.com\\\/evropska_kuca\"]},{\"@type\":\"Person\",\"@id\":\"https:\\\/\\\/www.evropskakuca.me\\\/me\\\/#\\\/schema\\\/person\\\/a1d0dcdaefe4a1cd1d60d200ea137ba4\",\"name\":\"mkajic\",\"image\":{\"@type\":\"ImageObject\",\"inLanguage\":\"me-ME\",\"@id\":\"https:\\\/\\\/secure.gravatar.com\\\/avatar\\\/731fa035cefab7316e6bafd1f25a93fb731a07de14e2d9923f8db4422628eabc?s=96&d=mm&r=g\",\"url\":\"https:\\\/\\\/secure.gravatar.com\\\/avatar\\\/731fa035cefab7316e6bafd1f25a93fb731a07de14e2d9923f8db4422628eabc?s=96&d=mm&r=g\",\"contentUrl\":\"https:\\\/\\\/secure.gravatar.com\\\/avatar\\\/731fa035cefab7316e6bafd1f25a93fb731a07de14e2d9923f8db4422628eabc?s=96&d=mm&r=g\",\"caption\":\"mkajic\"},\"sameAs\":[\"https:\\\/\\\/evropskakuca.me\"],\"url\":\"https:\\\/\\\/www.evropskakuca.me\\\/me\\\/author\\\/mkajic\\\/\"}]}<\/script>\n<!-- \/ Yoast SEO plugin. -->","yoast_head_json":{"title":"Ishrana djece u vremenu lo\u0161ih navika - Europe House","robots":{"index":"index","follow":"follow","max-snippet":"max-snippet:-1","max-image-preview":"max-image-preview:large","max-video-preview":"max-video-preview:-1"},"canonical":"https:\/\/www.evropskakuca.me\/me\/ishrana-djece-u-vremenu-losih-navika\/","og_locale":"en_US","og_type":"article","og_title":"Ishrana djece u vremenu lo\u0161ih navika - Europe House","og_description":"Gojaznost djece u Crnoj Gori uzima epidemijske razmjere","og_url":"https:\/\/www.evropskakuca.me\/me\/ishrana-djece-u-vremenu-losih-navika\/","og_site_name":"Europe House","article_publisher":"https:\/\/www.facebook.com\/evropska.kuca","article_published_time":"2018-04-11T13:38:09+00:00","og_image":[{"width":2028,"height":1352,"url":"https:\/\/www.evropskakuca.me\/wp-content\/uploads\/2018\/04\/180411_health_up_djeca-12.jpg","type":"image\/jpeg"}],"author":"mkajic","twitter_card":"summary_large_image","twitter_creator":"@evropska_kuca","twitter_site":"@evropska_kuca","twitter_misc":{"Written by":"mkajic","Est. reading time":"3 minutes"},"schema":{"@context":"https:\/\/schema.org","@graph":[{"@type":"Article","@id":"https:\/\/www.evropskakuca.me\/me\/ishrana-djece-u-vremenu-losih-navika\/#article","isPartOf":{"@id":"https:\/\/www.evropskakuca.me\/me\/ishrana-djece-u-vremenu-losih-navika\/"},"author":{"name":"mkajic","@id":"https:\/\/www.evropskakuca.me\/me\/#\/schema\/person\/a1d0dcdaefe4a1cd1d60d200ea137ba4"},"headline":"Ishrana djece u vremenu lo\u0161ih navika","datePublished":"2018-04-11T13:38:09+00:00","mainEntityOfPage":{"@id":"https:\/\/www.evropskakuca.me\/me\/ishrana-djece-u-vremenu-losih-navika\/"},"wordCount":588,"commentCount":0,"publisher":{"@id":"https:\/\/www.evropskakuca.me\/me\/#organization"},"image":{"@id":"https:\/\/www.evropskakuca.me\/me\/ishrana-djece-u-vremenu-losih-navika\/#primaryimage"},"thumbnailUrl":"https:\/\/www.evropskakuca.me\/wp-content\/uploads\/2018\/04\/180411_health_up_djeca-12.jpg","articleSection":["Novosti"],"inLanguage":"me-ME","potentialAction":[{"@type":"CommentAction","name":"Comment","target":["https:\/\/www.evropskakuca.me\/me\/ishrana-djece-u-vremenu-losih-navika\/#respond"]}]},{"@type":"WebPage","@id":"https:\/\/www.evropskakuca.me\/me\/ishrana-djece-u-vremenu-losih-navika\/","url":"https:\/\/www.evropskakuca.me\/me\/ishrana-djece-u-vremenu-losih-navika\/","name":"Ishrana djece u vremenu lo\u0161ih navika - Europe House","isPartOf":{"@id":"https:\/\/www.evropskakuca.me\/me\/#website"},"primaryImageOfPage":{"@id":"https:\/\/www.evropskakuca.me\/me\/ishrana-djece-u-vremenu-losih-navika\/#primaryimage"},"image":{"@id":"https:\/\/www.evropskakuca.me\/me\/ishrana-djece-u-vremenu-losih-navika\/#primaryimage"},"thumbnailUrl":"https:\/\/www.evropskakuca.me\/wp-content\/uploads\/2018\/04\/180411_health_up_djeca-12.jpg","datePublished":"2018-04-11T13:38:09+00:00","breadcrumb":{"@id":"https:\/\/www.evropskakuca.me\/me\/ishrana-djece-u-vremenu-losih-navika\/#breadcrumb"},"inLanguage":"me-ME","potentialAction":[{"@type":"ReadAction","target":["https:\/\/www.evropskakuca.me\/me\/ishrana-djece-u-vremenu-losih-navika\/"]}]},{"@type":"ImageObject","inLanguage":"me-ME","@id":"https:\/\/www.evropskakuca.me\/me\/ishrana-djece-u-vremenu-losih-navika\/#primaryimage","url":"https:\/\/www.evropskakuca.me\/wp-content\/uploads\/2018\/04\/180411_health_up_djeca-12.jpg","contentUrl":"https:\/\/www.evropskakuca.me\/wp-content\/uploads\/2018\/04\/180411_health_up_djeca-12.jpg","width":2028,"height":1352},{"@type":"BreadcrumbList","@id":"https:\/\/www.evropskakuca.me\/me\/ishrana-djece-u-vremenu-losih-navika\/#breadcrumb","itemListElement":[{"@type":"ListItem","position":1,"name":"Home","item":"https:\/\/www.evropskakuca.me\/me\/"},{"@type":"ListItem","position":2,"name":"Ishrana djece u vremenu lo\u0161ih navika"}]},{"@type":"WebSite","@id":"https:\/\/www.evropskakuca.me\/me\/#website","url":"https:\/\/www.evropskakuca.me\/me\/","name":"Evropean house","description":"","publisher":{"@id":"https:\/\/www.evropskakuca.me\/me\/#organization"},"potentialAction":[{"@type":"SearchAction","target":{"@type":"EntryPoint","urlTemplate":"https:\/\/www.evropskakuca.me\/me\/?s={search_term_string}"},"query-input":{"@type":"PropertyValueSpecification","valueRequired":true,"valueName":"search_term_string"}}],"inLanguage":"me-ME"},{"@type":"Organization","@id":"https:\/\/www.evropskakuca.me\/me\/#organization","name":"Evropean house","url":"https:\/\/www.evropskakuca.me\/me\/","logo":{"@type":"ImageObject","inLanguage":"me-ME","@id":"https:\/\/www.evropskakuca.me\/me\/#\/schema\/logo\/image\/","url":"https:\/\/www.evropskakuca.me\/wp-content\/uploads\/2025\/01\/evropska-kuca-logo-1.png","contentUrl":"https:\/\/www.evropskakuca.me\/wp-content\/uploads\/2025\/01\/evropska-kuca-logo-1.png","width":425,"height":312,"caption":"Evropean house"},"image":{"@id":"https:\/\/www.evropskakuca.me\/me\/#\/schema\/logo\/image\/"},"sameAs":["https:\/\/www.facebook.com\/evropska.kuca","https:\/\/x.com\/evropska_kuca","https:\/\/www.instagram.com\/evropska_kuca"]},{"@type":"Person","@id":"https:\/\/www.evropskakuca.me\/me\/#\/schema\/person\/a1d0dcdaefe4a1cd1d60d200ea137ba4","name":"mkajic","image":{"@type":"ImageObject","inLanguage":"me-ME","@id":"https:\/\/secure.gravatar.com\/avatar\/731fa035cefab7316e6bafd1f25a93fb731a07de14e2d9923f8db4422628eabc?s=96&d=mm&r=g","url":"https:\/\/secure.gravatar.com\/avatar\/731fa035cefab7316e6bafd1f25a93fb731a07de14e2d9923f8db4422628eabc?s=96&d=mm&r=g","contentUrl":"https:\/\/secure.gravatar.com\/avatar\/731fa035cefab7316e6bafd1f25a93fb731a07de14e2d9923f8db4422628eabc?s=96&d=mm&r=g","caption":"mkajic"},"sameAs":["https:\/\/evropskakuca.me"],"url":"https:\/\/www.evropskakuca.me\/me\/author\/mkajic\/"}]}},"_links":{"self":[{"href":"https:\/\/www.evropskakuca.me\/me\/wp-json\/wp\/v2\/posts\/5188","targetHints":{"allow":["GET"]}}],"collection":[{"href":"https:\/\/www.evropskakuca.me\/me\/wp-json\/wp\/v2\/posts"}],"about":[{"href":"https:\/\/www.evropskakuca.me\/me\/wp-json\/wp\/v2\/types\/post"}],"author":[{"embeddable":true,"href":"https:\/\/www.evropskakuca.me\/me\/wp-json\/wp\/v2\/users\/1"}],"replies":[{"embeddable":true,"href":"https:\/\/www.evropskakuca.me\/me\/wp-json\/wp\/v2\/comments?post=5188"}],"version-history":[{"count":0,"href":"https:\/\/www.evropskakuca.me\/me\/wp-json\/wp\/v2\/posts\/5188\/revisions"}],"wp:featuredmedia":[{"embeddable":true,"href":"https:\/\/www.evropskakuca.me\/me\/wp-json\/wp\/v2\/media\/33521"}],"wp:attachment":[{"href":"https:\/\/www.evropskakuca.me\/me\/wp-json\/wp\/v2\/media?parent=5188"}],"wp:term":[{"taxonomy":"category","embeddable":true,"href":"https:\/\/www.evropskakuca.me\/me\/wp-json\/wp\/v2\/categories?post=5188"},{"taxonomy":"post_tag","embeddable":true,"href":"https:\/\/www.evropskakuca.me\/me\/wp-json\/wp\/v2\/tags?post=5188"}],"curies":[{"name":"wp","href":"https:\/\/api.w.org\/{rel}","templated":true}]}}