{"id":5116,"date":"2018-03-31T09:52:31","date_gmt":"2018-03-31T09:52:31","guid":{"rendered":"http:\/\/www.evropskakuca.me\/me\/?p=5116"},"modified":"2018-03-31T09:52:31","modified_gmt":"2018-03-31T09:52:31","slug":"i-prava-romkinja-su-ljudska-prava","status":"publish","type":"post","link":"https:\/\/www.evropskakuca.me\/me\/i-prava-romkinja-su-ljudska-prava\/","title":{"rendered":"I prava Romkinja su ljudska prava"},"content":{"rendered":"<p>\u201eNe\u0107u!<\/p>\n<p>-Ho\u0107e\u0161!<\/p>\n<p>-Ne\u0107u!<\/p>\n<p>-Ho\u0107e\u0161!\u201c<\/p>\n<p>U romskim porodicama ovako izgleda razgovor k\u0107erke i oca o udaji. I to generacijama. To slikovito obja\u0161njava i forum teatar predstava o posljedicama nasilja u porodici i dje\u010dijih ugovorenih brakova u romskoj i egip\u0107anskoj zajednici koju su aktivisti Centra za romske inicijative izveli u EU info centru. Izvo\u0111enjem te predstave NVO aktivisti, izme\u0111u ostalog, obilje\u017eavaju Me\u0111unarodni dan Roma.<\/p>\n<p><img fetchpriority=\"high\" decoding=\"async\" class=\"aligncenter wp-image-5119 \" src=\"http:\/\/www.evropskakuca.me\/wp-content\/uploads\/2018\/04\/IMG_3092.jpg\" alt=\"\" width=\"758\" height=\"505\" \/><\/p>\n<p>Ugovoreni maloljetni\u010dki brakovi su i dalje veliki problem u romsko-egip\u0107anskoj zajednici. Centar za romske inicijative ve\u0107 deset godina poku\u0161ava da stvori svijest kod pripadnika te populacije o posljedicama takve tradicije.<\/p>\n<p>\u201cKada sam po\u010dela da se bavim aktivizmom, nekoliko puta sam bila fizi\u010dki napadnuta. Prijetili su mi da \u0107e mi ku\u0107u zapaliti. Ipak nisam odustala. Svjesna sam da se ni\u0161ta ne\u0107e promijeniti preko no\u0107i, ali ne treba da odustajemo. Ovakve stvari treba prijaviti,\u201c rekla je Fana Delija iz Centra za romske inicijative.<\/p>\n<p><img decoding=\"async\" class=\"alignleft wp-image-5121 \" src=\"http:\/\/www.evropskakuca.me\/wp-content\/uploads\/2018\/04\/IMG_3191.jpg\" alt=\"\" width=\"453\" height=\"302\" \/><\/p>\n<p><img decoding=\"async\" class=\"alignright wp-image-5123 \" src=\"http:\/\/www.evropskakuca.me\/wp-content\/uploads\/2018\/04\/IMG_3129.jpg\" alt=\"\" width=\"455\" height=\"303\" \/><\/p>\n<p>&nbsp;<\/p>\n<p>&nbsp;<\/p>\n<p>&nbsp;<\/p>\n<p>&nbsp;<\/p>\n<p>&nbsp;<\/p>\n<p>&nbsp;<\/p>\n<p>&nbsp;<\/p>\n<p>&nbsp;<\/p>\n<p>Elvis Beri\u0161a, NVO aktivista, ispri\u010dao je svoje iskustvo kada je policiji prijavio ugovoreni brak.<\/p>\n<p>\u201cU roku od pet minuta u zajednici se znalo da sam ja taj koji je prijavio. Prijetili su mi. Ne \u017eelite ni da znate kroz \u0161ta sam sve pro\u0161ao. I dalje trpim posljedice. Upravo zbog toga \u0107e mnogi pripadnici romske zajednice na ovaj problem za\u017emuriti, iz straha da ne budu izop\u0161teni i maltretirani\u201d, rekao je Elvis.<\/p>\n<p><img loading=\"lazy\" decoding=\"async\" class=\"aligncenter wp-image-5125 \" src=\"http:\/\/www.evropskakuca.me\/wp-content\/uploads\/2018\/04\/IMG_2929.jpg\" alt=\"\" width=\"792\" height=\"528\" \/><\/p>\n<p>Iz policije su ipak pozvali sve da prijave slu\u010dajeve ugovorenih brakova njima, upravi \u0161kole ili nevladinim organizacijama koje se bave ljudskim pravima Roma.<\/p>\n<p>U susret mjesecu aktivizma u porbi protiv dje\u010dijeg prosja\u010denja i me\u0111unarodnom danu Roma Slavno Mili\u0107 iz Defendologija centra je pozvao sve da se vi\u0161e uklju\u010de u za\u0161titu prava djece, posebno Roma.<\/p>\n<p><img loading=\"lazy\" decoding=\"async\" class=\"alignleft wp-image-5127 \" src=\"http:\/\/www.evropskakuca.me\/wp-content\/uploads\/2018\/04\/IMG_3158.jpg\" alt=\"\" width=\"470\" height=\"314\" \/><\/p>\n<p><img loading=\"lazy\" decoding=\"async\" class=\"alignright wp-image-5129 \" src=\"http:\/\/www.evropskakuca.me\/wp-content\/uploads\/2018\/04\/IMG_3249.jpg\" alt=\"\" width=\"473\" height=\"315\" \/><\/p>\n<p>&nbsp;<\/p>\n<p>&nbsp;<\/p>\n<p>&nbsp;<\/p>\n<p>&nbsp;<\/p>\n<p>&nbsp;<\/p>\n<p>&nbsp;<\/p>\n<p>&nbsp;<\/p>\n<p>&nbsp;<\/p>\n<p>&nbsp;<\/p>\n<p>\u201eNegdje \u017eive i rade djeca koja nemaju osnovnu egzistenciju za \u017eivot. Na\u017ealost na na\u0161u, i nesre\u0107u romsko egip\u0107anske zajednice, u velikom broju su to djeca koja dolaze iz te zajednice. Mislim da svi moramo uraditi sve, ulo\u017eiti napore institucionalne, profesionalne, ako treba i privatne, kako bi ova djeca dobila ve\u0107u pa\u017enju i pomo\u0107 da kvalitenije \u017eive i ne budu \u017ertve razli\u010ditih oblika iskori\u0161\u0107avanja,\u201c rekao je Mili\u0107.<\/p>\n<p>Predstava o posledicama nasilja u porodici i dje\u010dijih ugovorenih brakova u romskoj i egip\u0107anskoj zajednici je nastala okviru projekta \u201e Zajedni\u010dkom borbom do suzbijanja rodno zasnovanog nasilja i dje\u010dijih, ugovorenih brakova u romskoj i egip\u0107anskoj zajednici u Crnoj Gori \u201c, koji se implementira uz podr\u0161ku OAK fondacije.<\/p>\n","protected":false},"excerpt":{"rendered":"<p>\u201eNe\u0107u! -Ho\u0107e\u0161! -Ne\u0107u! -Ho\u0107e\u0161!\u201cU romskim porodicama ovako izgleda razgovor k\u0107erke i oca o udaji.<\/p>\n","protected":false},"author":1,"featured_media":33561,"comment_status":"open","ping_status":"open","sticky":false,"template":"","format":"standard","meta":{"_acf_changed":false,"footnotes":""},"categories":[283],"tags":[],"class_list":["post-5116","post","type-post","status-publish","format-standard","has-post-thumbnail","hentry","category-novosti-me"],"acf":[],"yoast_head":"<!-- This site is optimized with the Yoast SEO plugin v27.3 - https:\/\/yoast.com\/product\/yoast-seo-wordpress\/ -->\n<title>I prava Romkinja su ljudska prava - Europe House<\/title>\n<meta name=\"robots\" content=\"index, follow, max-snippet:-1, max-image-preview:large, max-video-preview:-1\" \/>\n<link rel=\"canonical\" href=\"https:\/\/www.evropskakuca.me\/me\/i-prava-romkinja-su-ljudska-prava\/\" \/>\n<meta property=\"og:locale\" content=\"en_US\" \/>\n<meta property=\"og:type\" content=\"article\" \/>\n<meta property=\"og:title\" content=\"I prava Romkinja su ljudska prava - Europe House\" \/>\n<meta property=\"og:description\" content=\"\u201eNe\u0107u! -Ho\u0107e\u0161! -Ne\u0107u! -Ho\u0107e\u0161!\u201cU romskim porodicama ovako izgleda razgovor k\u0107erke i oca o udaji.\" \/>\n<meta property=\"og:url\" content=\"https:\/\/www.evropskakuca.me\/me\/i-prava-romkinja-su-ljudska-prava\/\" \/>\n<meta property=\"og:site_name\" content=\"Europe House\" \/>\n<meta property=\"article:publisher\" content=\"https:\/\/www.facebook.com\/evropska.kuca\" \/>\n<meta property=\"article:published_time\" content=\"2018-03-31T09:52:31+00:00\" \/>\n<meta property=\"og:image\" content=\"https:\/\/www.evropskakuca.me\/wp-content\/uploads\/2018\/04\/IMG_3146.jpg\" \/>\n\t<meta property=\"og:image:width\" content=\"2024\" \/>\n\t<meta property=\"og:image:height\" content=\"1349\" \/>\n\t<meta property=\"og:image:type\" content=\"image\/jpeg\" \/>\n<meta name=\"author\" content=\"mkajic\" \/>\n<meta name=\"twitter:card\" content=\"summary_large_image\" \/>\n<meta name=\"twitter:creator\" content=\"@evropska_kuca\" \/>\n<meta name=\"twitter:site\" content=\"@evropska_kuca\" \/>\n<meta name=\"twitter:label1\" content=\"Written by\" \/>\n\t<meta name=\"twitter:data1\" content=\"mkajic\" \/>\n\t<meta name=\"twitter:label2\" content=\"Est. reading time\" \/>\n\t<meta name=\"twitter:data2\" content=\"2 minutes\" \/>\n<script type=\"application\/ld+json\" class=\"yoast-schema-graph\">{\"@context\":\"https:\\\/\\\/schema.org\",\"@graph\":[{\"@type\":\"Article\",\"@id\":\"https:\\\/\\\/www.evropskakuca.me\\\/me\\\/i-prava-romkinja-su-ljudska-prava\\\/#article\",\"isPartOf\":{\"@id\":\"https:\\\/\\\/www.evropskakuca.me\\\/me\\\/i-prava-romkinja-su-ljudska-prava\\\/\"},\"author\":{\"name\":\"mkajic\",\"@id\":\"https:\\\/\\\/www.evropskakuca.me\\\/me\\\/#\\\/schema\\\/person\\\/a1d0dcdaefe4a1cd1d60d200ea137ba4\"},\"headline\":\"I prava Romkinja su ljudska prava\",\"datePublished\":\"2018-03-31T09:52:31+00:00\",\"mainEntityOfPage\":{\"@id\":\"https:\\\/\\\/www.evropskakuca.me\\\/me\\\/i-prava-romkinja-su-ljudska-prava\\\/\"},\"wordCount\":449,\"commentCount\":0,\"publisher\":{\"@id\":\"https:\\\/\\\/www.evropskakuca.me\\\/me\\\/#organization\"},\"image\":{\"@id\":\"https:\\\/\\\/www.evropskakuca.me\\\/me\\\/i-prava-romkinja-su-ljudska-prava\\\/#primaryimage\"},\"thumbnailUrl\":\"https:\\\/\\\/www.evropskakuca.me\\\/wp-content\\\/uploads\\\/2018\\\/04\\\/IMG_3146.jpg\",\"articleSection\":[\"Novosti\"],\"inLanguage\":\"me-ME\",\"potentialAction\":[{\"@type\":\"CommentAction\",\"name\":\"Comment\",\"target\":[\"https:\\\/\\\/www.evropskakuca.me\\\/me\\\/i-prava-romkinja-su-ljudska-prava\\\/#respond\"]}]},{\"@type\":\"WebPage\",\"@id\":\"https:\\\/\\\/www.evropskakuca.me\\\/me\\\/i-prava-romkinja-su-ljudska-prava\\\/\",\"url\":\"https:\\\/\\\/www.evropskakuca.me\\\/me\\\/i-prava-romkinja-su-ljudska-prava\\\/\",\"name\":\"I prava Romkinja su ljudska prava - Europe House\",\"isPartOf\":{\"@id\":\"https:\\\/\\\/www.evropskakuca.me\\\/me\\\/#website\"},\"primaryImageOfPage\":{\"@id\":\"https:\\\/\\\/www.evropskakuca.me\\\/me\\\/i-prava-romkinja-su-ljudska-prava\\\/#primaryimage\"},\"image\":{\"@id\":\"https:\\\/\\\/www.evropskakuca.me\\\/me\\\/i-prava-romkinja-su-ljudska-prava\\\/#primaryimage\"},\"thumbnailUrl\":\"https:\\\/\\\/www.evropskakuca.me\\\/wp-content\\\/uploads\\\/2018\\\/04\\\/IMG_3146.jpg\",\"datePublished\":\"2018-03-31T09:52:31+00:00\",\"breadcrumb\":{\"@id\":\"https:\\\/\\\/www.evropskakuca.me\\\/me\\\/i-prava-romkinja-su-ljudska-prava\\\/#breadcrumb\"},\"inLanguage\":\"me-ME\",\"potentialAction\":[{\"@type\":\"ReadAction\",\"target\":[\"https:\\\/\\\/www.evropskakuca.me\\\/me\\\/i-prava-romkinja-su-ljudska-prava\\\/\"]}]},{\"@type\":\"ImageObject\",\"inLanguage\":\"me-ME\",\"@id\":\"https:\\\/\\\/www.evropskakuca.me\\\/me\\\/i-prava-romkinja-su-ljudska-prava\\\/#primaryimage\",\"url\":\"https:\\\/\\\/www.evropskakuca.me\\\/wp-content\\\/uploads\\\/2018\\\/04\\\/IMG_3146.jpg\",\"contentUrl\":\"https:\\\/\\\/www.evropskakuca.me\\\/wp-content\\\/uploads\\\/2018\\\/04\\\/IMG_3146.jpg\",\"width\":2024,\"height\":1349},{\"@type\":\"BreadcrumbList\",\"@id\":\"https:\\\/\\\/www.evropskakuca.me\\\/me\\\/i-prava-romkinja-su-ljudska-prava\\\/#breadcrumb\",\"itemListElement\":[{\"@type\":\"ListItem\",\"position\":1,\"name\":\"Home\",\"item\":\"https:\\\/\\\/www.evropskakuca.me\\\/me\\\/\"},{\"@type\":\"ListItem\",\"position\":2,\"name\":\"I prava Romkinja su ljudska prava\"}]},{\"@type\":\"WebSite\",\"@id\":\"https:\\\/\\\/www.evropskakuca.me\\\/me\\\/#website\",\"url\":\"https:\\\/\\\/www.evropskakuca.me\\\/me\\\/\",\"name\":\"Evropean house\",\"description\":\"\",\"publisher\":{\"@id\":\"https:\\\/\\\/www.evropskakuca.me\\\/me\\\/#organization\"},\"potentialAction\":[{\"@type\":\"SearchAction\",\"target\":{\"@type\":\"EntryPoint\",\"urlTemplate\":\"https:\\\/\\\/www.evropskakuca.me\\\/me\\\/?s={search_term_string}\"},\"query-input\":{\"@type\":\"PropertyValueSpecification\",\"valueRequired\":true,\"valueName\":\"search_term_string\"}}],\"inLanguage\":\"me-ME\"},{\"@type\":\"Organization\",\"@id\":\"https:\\\/\\\/www.evropskakuca.me\\\/me\\\/#organization\",\"name\":\"Evropean house\",\"url\":\"https:\\\/\\\/www.evropskakuca.me\\\/me\\\/\",\"logo\":{\"@type\":\"ImageObject\",\"inLanguage\":\"me-ME\",\"@id\":\"https:\\\/\\\/www.evropskakuca.me\\\/me\\\/#\\\/schema\\\/logo\\\/image\\\/\",\"url\":\"https:\\\/\\\/www.evropskakuca.me\\\/wp-content\\\/uploads\\\/2025\\\/01\\\/evropska-kuca-logo-1.png\",\"contentUrl\":\"https:\\\/\\\/www.evropskakuca.me\\\/wp-content\\\/uploads\\\/2025\\\/01\\\/evropska-kuca-logo-1.png\",\"width\":425,\"height\":312,\"caption\":\"Evropean house\"},\"image\":{\"@id\":\"https:\\\/\\\/www.evropskakuca.me\\\/me\\\/#\\\/schema\\\/logo\\\/image\\\/\"},\"sameAs\":[\"https:\\\/\\\/www.facebook.com\\\/evropska.kuca\",\"https:\\\/\\\/x.com\\\/evropska_kuca\",\"https:\\\/\\\/www.instagram.com\\\/evropska_kuca\"]},{\"@type\":\"Person\",\"@id\":\"https:\\\/\\\/www.evropskakuca.me\\\/me\\\/#\\\/schema\\\/person\\\/a1d0dcdaefe4a1cd1d60d200ea137ba4\",\"name\":\"mkajic\",\"image\":{\"@type\":\"ImageObject\",\"inLanguage\":\"me-ME\",\"@id\":\"https:\\\/\\\/secure.gravatar.com\\\/avatar\\\/731fa035cefab7316e6bafd1f25a93fb731a07de14e2d9923f8db4422628eabc?s=96&d=mm&r=g\",\"url\":\"https:\\\/\\\/secure.gravatar.com\\\/avatar\\\/731fa035cefab7316e6bafd1f25a93fb731a07de14e2d9923f8db4422628eabc?s=96&d=mm&r=g\",\"contentUrl\":\"https:\\\/\\\/secure.gravatar.com\\\/avatar\\\/731fa035cefab7316e6bafd1f25a93fb731a07de14e2d9923f8db4422628eabc?s=96&d=mm&r=g\",\"caption\":\"mkajic\"},\"sameAs\":[\"https:\\\/\\\/evropskakuca.me\"],\"url\":\"https:\\\/\\\/www.evropskakuca.me\\\/me\\\/author\\\/mkajic\\\/\"}]}<\/script>\n<!-- \/ Yoast SEO plugin. -->","yoast_head_json":{"title":"I prava Romkinja su ljudska prava - Europe House","robots":{"index":"index","follow":"follow","max-snippet":"max-snippet:-1","max-image-preview":"max-image-preview:large","max-video-preview":"max-video-preview:-1"},"canonical":"https:\/\/www.evropskakuca.me\/me\/i-prava-romkinja-su-ljudska-prava\/","og_locale":"en_US","og_type":"article","og_title":"I prava Romkinja su ljudska prava - Europe House","og_description":"\u201eNe\u0107u! -Ho\u0107e\u0161! -Ne\u0107u! -Ho\u0107e\u0161!\u201cU romskim porodicama ovako izgleda razgovor k\u0107erke i oca o udaji.","og_url":"https:\/\/www.evropskakuca.me\/me\/i-prava-romkinja-su-ljudska-prava\/","og_site_name":"Europe House","article_publisher":"https:\/\/www.facebook.com\/evropska.kuca","article_published_time":"2018-03-31T09:52:31+00:00","og_image":[{"width":2024,"height":1349,"url":"https:\/\/www.evropskakuca.me\/wp-content\/uploads\/2018\/04\/IMG_3146.jpg","type":"image\/jpeg"}],"author":"mkajic","twitter_card":"summary_large_image","twitter_creator":"@evropska_kuca","twitter_site":"@evropska_kuca","twitter_misc":{"Written by":"mkajic","Est. reading time":"2 minutes"},"schema":{"@context":"https:\/\/schema.org","@graph":[{"@type":"Article","@id":"https:\/\/www.evropskakuca.me\/me\/i-prava-romkinja-su-ljudska-prava\/#article","isPartOf":{"@id":"https:\/\/www.evropskakuca.me\/me\/i-prava-romkinja-su-ljudska-prava\/"},"author":{"name":"mkajic","@id":"https:\/\/www.evropskakuca.me\/me\/#\/schema\/person\/a1d0dcdaefe4a1cd1d60d200ea137ba4"},"headline":"I prava Romkinja su ljudska prava","datePublished":"2018-03-31T09:52:31+00:00","mainEntityOfPage":{"@id":"https:\/\/www.evropskakuca.me\/me\/i-prava-romkinja-su-ljudska-prava\/"},"wordCount":449,"commentCount":0,"publisher":{"@id":"https:\/\/www.evropskakuca.me\/me\/#organization"},"image":{"@id":"https:\/\/www.evropskakuca.me\/me\/i-prava-romkinja-su-ljudska-prava\/#primaryimage"},"thumbnailUrl":"https:\/\/www.evropskakuca.me\/wp-content\/uploads\/2018\/04\/IMG_3146.jpg","articleSection":["Novosti"],"inLanguage":"me-ME","potentialAction":[{"@type":"CommentAction","name":"Comment","target":["https:\/\/www.evropskakuca.me\/me\/i-prava-romkinja-su-ljudska-prava\/#respond"]}]},{"@type":"WebPage","@id":"https:\/\/www.evropskakuca.me\/me\/i-prava-romkinja-su-ljudska-prava\/","url":"https:\/\/www.evropskakuca.me\/me\/i-prava-romkinja-su-ljudska-prava\/","name":"I prava Romkinja su ljudska prava - Europe House","isPartOf":{"@id":"https:\/\/www.evropskakuca.me\/me\/#website"},"primaryImageOfPage":{"@id":"https:\/\/www.evropskakuca.me\/me\/i-prava-romkinja-su-ljudska-prava\/#primaryimage"},"image":{"@id":"https:\/\/www.evropskakuca.me\/me\/i-prava-romkinja-su-ljudska-prava\/#primaryimage"},"thumbnailUrl":"https:\/\/www.evropskakuca.me\/wp-content\/uploads\/2018\/04\/IMG_3146.jpg","datePublished":"2018-03-31T09:52:31+00:00","breadcrumb":{"@id":"https:\/\/www.evropskakuca.me\/me\/i-prava-romkinja-su-ljudska-prava\/#breadcrumb"},"inLanguage":"me-ME","potentialAction":[{"@type":"ReadAction","target":["https:\/\/www.evropskakuca.me\/me\/i-prava-romkinja-su-ljudska-prava\/"]}]},{"@type":"ImageObject","inLanguage":"me-ME","@id":"https:\/\/www.evropskakuca.me\/me\/i-prava-romkinja-su-ljudska-prava\/#primaryimage","url":"https:\/\/www.evropskakuca.me\/wp-content\/uploads\/2018\/04\/IMG_3146.jpg","contentUrl":"https:\/\/www.evropskakuca.me\/wp-content\/uploads\/2018\/04\/IMG_3146.jpg","width":2024,"height":1349},{"@type":"BreadcrumbList","@id":"https:\/\/www.evropskakuca.me\/me\/i-prava-romkinja-su-ljudska-prava\/#breadcrumb","itemListElement":[{"@type":"ListItem","position":1,"name":"Home","item":"https:\/\/www.evropskakuca.me\/me\/"},{"@type":"ListItem","position":2,"name":"I prava Romkinja su ljudska prava"}]},{"@type":"WebSite","@id":"https:\/\/www.evropskakuca.me\/me\/#website","url":"https:\/\/www.evropskakuca.me\/me\/","name":"Evropean house","description":"","publisher":{"@id":"https:\/\/www.evropskakuca.me\/me\/#organization"},"potentialAction":[{"@type":"SearchAction","target":{"@type":"EntryPoint","urlTemplate":"https:\/\/www.evropskakuca.me\/me\/?s={search_term_string}"},"query-input":{"@type":"PropertyValueSpecification","valueRequired":true,"valueName":"search_term_string"}}],"inLanguage":"me-ME"},{"@type":"Organization","@id":"https:\/\/www.evropskakuca.me\/me\/#organization","name":"Evropean house","url":"https:\/\/www.evropskakuca.me\/me\/","logo":{"@type":"ImageObject","inLanguage":"me-ME","@id":"https:\/\/www.evropskakuca.me\/me\/#\/schema\/logo\/image\/","url":"https:\/\/www.evropskakuca.me\/wp-content\/uploads\/2025\/01\/evropska-kuca-logo-1.png","contentUrl":"https:\/\/www.evropskakuca.me\/wp-content\/uploads\/2025\/01\/evropska-kuca-logo-1.png","width":425,"height":312,"caption":"Evropean house"},"image":{"@id":"https:\/\/www.evropskakuca.me\/me\/#\/schema\/logo\/image\/"},"sameAs":["https:\/\/www.facebook.com\/evropska.kuca","https:\/\/x.com\/evropska_kuca","https:\/\/www.instagram.com\/evropska_kuca"]},{"@type":"Person","@id":"https:\/\/www.evropskakuca.me\/me\/#\/schema\/person\/a1d0dcdaefe4a1cd1d60d200ea137ba4","name":"mkajic","image":{"@type":"ImageObject","inLanguage":"me-ME","@id":"https:\/\/secure.gravatar.com\/avatar\/731fa035cefab7316e6bafd1f25a93fb731a07de14e2d9923f8db4422628eabc?s=96&d=mm&r=g","url":"https:\/\/secure.gravatar.com\/avatar\/731fa035cefab7316e6bafd1f25a93fb731a07de14e2d9923f8db4422628eabc?s=96&d=mm&r=g","contentUrl":"https:\/\/secure.gravatar.com\/avatar\/731fa035cefab7316e6bafd1f25a93fb731a07de14e2d9923f8db4422628eabc?s=96&d=mm&r=g","caption":"mkajic"},"sameAs":["https:\/\/evropskakuca.me"],"url":"https:\/\/www.evropskakuca.me\/me\/author\/mkajic\/"}]}},"_links":{"self":[{"href":"https:\/\/www.evropskakuca.me\/me\/wp-json\/wp\/v2\/posts\/5116","targetHints":{"allow":["GET"]}}],"collection":[{"href":"https:\/\/www.evropskakuca.me\/me\/wp-json\/wp\/v2\/posts"}],"about":[{"href":"https:\/\/www.evropskakuca.me\/me\/wp-json\/wp\/v2\/types\/post"}],"author":[{"embeddable":true,"href":"https:\/\/www.evropskakuca.me\/me\/wp-json\/wp\/v2\/users\/1"}],"replies":[{"embeddable":true,"href":"https:\/\/www.evropskakuca.me\/me\/wp-json\/wp\/v2\/comments?post=5116"}],"version-history":[{"count":0,"href":"https:\/\/www.evropskakuca.me\/me\/wp-json\/wp\/v2\/posts\/5116\/revisions"}],"wp:featuredmedia":[{"embeddable":true,"href":"https:\/\/www.evropskakuca.me\/me\/wp-json\/wp\/v2\/media\/33561"}],"wp:attachment":[{"href":"https:\/\/www.evropskakuca.me\/me\/wp-json\/wp\/v2\/media?parent=5116"}],"wp:term":[{"taxonomy":"category","embeddable":true,"href":"https:\/\/www.evropskakuca.me\/me\/wp-json\/wp\/v2\/categories?post=5116"},{"taxonomy":"post_tag","embeddable":true,"href":"https:\/\/www.evropskakuca.me\/me\/wp-json\/wp\/v2\/tags?post=5116"}],"curies":[{"name":"wp","href":"https:\/\/api.w.org\/{rel}","templated":true}]}}