{"id":5089,"date":"2018-03-27T11:16:34","date_gmt":"2018-03-27T11:16:34","guid":{"rendered":"http:\/\/www.evropskakuca.me\/me\/?p=5089"},"modified":"2018-03-27T11:16:34","modified_gmt":"2018-03-27T11:16:34","slug":"urucene-nagrade-za-najbolje-novinarske-price-o-eu-integracijama","status":"publish","type":"post","link":"https:\/\/www.evropskakuca.me\/me\/urucene-nagrade-za-najbolje-novinarske-price-o-eu-integracijama\/","title":{"rendered":"Uru\u010dene nagrade za najbolje novinarske pri\u010de o EU integracijama"},"content":{"rendered":"<p>Dobre novinarske pri\u010de o procesu integracija poma\u017eu da se promijeni prevladavajuc\u0301a percepcija o integracijama kao &#8220;dr\u017eavnom pitanju i birokratskom zadataku&#8221; &#8211; u pri\u010du sa ljudskom dimenzijom i konkretnim prednostima, re\u010deno na ceremoniji dodjele najboljih novinarskih pri\u010da u okviru takmi\u010denja &#8220;Evropa za mene&#8221;.<\/p>\n<p>Nagrade su dodijeljene novinarima Borislavu Vi\u0161nji\u0107u, novinaru Portala RTCG, Bojani Komneni\u0107 iz Radija Antena M i Darvinu Muri\u0107u, novinaru ND Vijesti. Ovom prilikom uru\u010deni su im laptop, telefon i tablet.<\/p>\n<p>\u0160ef Delegacije EU u Crnoj Gori Aivo Orav je ocijenio da su nagra\u0111ene pri\u010de raznovrsne i informativne i da doprinose diskusiji o va\u017enim pitanjima koja prakti\u010dno uti\u010du na na\u0161 svakodnevni \u017eivot &#8211; od sigurnosti hrane, kroz sticanje vje\u0161tina za zapo\u0161ljavanje do toga koje zajedni\u010dke vrijednosti nas \u010dine Evropljanima.<\/p>\n<p>\u201cUlo\u017eic\u0301emo dodatne napore u komuniciranju o pristupanju EU i na\u010dinu na koji fondovi EU podr\u017eavaju Crnu Goru i njene gra\u0111ane, jer je u interesu svih nas da su gra\u0111ani dobro informisani o koristima i obavezama koje proizilaze iz procesa pridru\u017eivanja EU\u201d, poru\u010dio je Orav.<\/p>\n<p><img fetchpriority=\"high\" decoding=\"async\" class=\"alignleft size-large wp-image-5092\" src=\"http:\/\/www.evropskakuca.me\/wp-content\/uploads\/2018\/03\/180327_konkurs_novinari-13-1024x683.jpg\" alt=\"\" width=\"1024\" height=\"683\" \/><\/p>\n<p>&nbsp;<\/p>\n<p>Slobodni i profesionalni mediji i novinari istinski su stub demokratije i sastavni dio demokratskog dru\u0161tva, bez kojih je i sam korpus ljudskih prava i sloboda nepotpun i nedovr\u0161en, poru\u010dio je potpredsjednik Vlade Zoran Pa\u017ein. On je istakao da je afirmacija ideje ujedinjene Evrope jedna od vrijednosti koja je presudna za dalji napredak i razvoj Crne Gore, koja je prepoznata i u crnogorskom Ustavu.<\/p>\n<p>Stalna koordinatorka Sistema UN i stalna predstavnica UNDP u Crnoj Gori Fiona Mekluni poru\u010dila je da je dana\u0161nja dodjela nagrada prilika za razgovor o pri\u010dama iz stvarnog \u017eivota, umjesto indikatora, mjerila i izvje\u0161taja o napretku.<\/p>\n<p>\u201eVi &#8211; Darvine, Bojana i Borislave, kao i va\u0161e kolege novinari i novinarke, vi ste ti koji mo\u017eete da udahnete \u017eivot hiljadama stranica pravne tekovine EU. Vi ste ti koji su do\u010darali kako se \u017eivoti ljudi mijenjaju zahvaljuju\u0107i procesu pristupanja EU i pomo\u0107i koja se dobija od EU. Usvajanje vrijednosti i standarda EU mo\u017ee biti iskreno samo ako ukazujete na uspje\u0161ne primjere, kao \u0161to su oni zbog kojih ste zavrijedili nagrade koje danas dodjeljujemo\u201c, istakla je Mekluni.<\/p>\n<p>Novinar Borislav Vi\u0161nji\u0107 je istakao da je uloga novinara u svakom dru\u0161tvu va\u017ena, a da je njihova odgovornost u evropskim integracijama dodatno poja\u010dana. \u201eUpravo u tom procesu moramo jasno i ta\u010dno da objasnimo gra\u0111anima prednosti, ali i mane \u010dlanstva u Evropskoj uniji\u201c, dodao je on.<\/p>\n<p>Konkurs je raspisan u skladu sa Strategijom informisanja javnosti o pristupanju Crne Gore EU 2014-2018, a u okviru projekta \u201cEU4ME\u201d koji finansira Evropska unija, a sprovodi UNDP.<\/p>\n","protected":false},"excerpt":{"rendered":"<p>U interesu svih  da su gra\u0111ani dobro informisani o EU integracijama<\/p>\n","protected":false},"author":1,"featured_media":33483,"comment_status":"open","ping_status":"open","sticky":false,"template":"","format":"standard","meta":{"_acf_changed":false,"footnotes":""},"categories":[283],"tags":[],"class_list":["post-5089","post","type-post","status-publish","format-standard","has-post-thumbnail","hentry","category-novosti-me"],"acf":[],"yoast_head":"<!-- This site is optimized with the Yoast SEO plugin v27.3 - https:\/\/yoast.com\/product\/yoast-seo-wordpress\/ -->\n<title>Uru\u010dene nagrade za najbolje novinarske pri\u010de o EU integracijama - Europe House<\/title>\n<meta name=\"robots\" content=\"index, follow, max-snippet:-1, max-image-preview:large, max-video-preview:-1\" \/>\n<link rel=\"canonical\" href=\"https:\/\/www.evropskakuca.me\/me\/urucene-nagrade-za-najbolje-novinarske-price-o-eu-integracijama\/\" \/>\n<meta property=\"og:locale\" content=\"en_US\" \/>\n<meta property=\"og:type\" content=\"article\" \/>\n<meta property=\"og:title\" content=\"Uru\u010dene nagrade za najbolje novinarske pri\u010de o EU integracijama - Europe House\" \/>\n<meta property=\"og:description\" content=\"U interesu svih da su gra\u0111ani dobro informisani o EU integracijama\" \/>\n<meta property=\"og:url\" content=\"https:\/\/www.evropskakuca.me\/me\/urucene-nagrade-za-najbolje-novinarske-price-o-eu-integracijama\/\" \/>\n<meta property=\"og:site_name\" content=\"Europe House\" \/>\n<meta property=\"article:publisher\" content=\"https:\/\/www.facebook.com\/evropska.kuca\" \/>\n<meta property=\"article:published_time\" content=\"2018-03-27T11:16:34+00:00\" \/>\n<meta property=\"og:image\" content=\"https:\/\/www.evropskakuca.me\/wp-content\/uploads\/2018\/03\/180327_konkurs_novinari-16-1024x683.jpg\" \/>\n\t<meta property=\"og:image:width\" content=\"1024\" \/>\n\t<meta property=\"og:image:height\" content=\"683\" \/>\n\t<meta property=\"og:image:type\" content=\"image\/jpeg\" \/>\n<meta name=\"author\" content=\"mkajic\" \/>\n<meta name=\"twitter:card\" content=\"summary_large_image\" \/>\n<meta name=\"twitter:creator\" content=\"@evropska_kuca\" \/>\n<meta name=\"twitter:site\" content=\"@evropska_kuca\" \/>\n<meta name=\"twitter:label1\" content=\"Written by\" \/>\n\t<meta name=\"twitter:data1\" content=\"mkajic\" \/>\n\t<meta name=\"twitter:label2\" content=\"Est. reading time\" \/>\n\t<meta name=\"twitter:data2\" content=\"2 minutes\" \/>\n<script type=\"application\/ld+json\" class=\"yoast-schema-graph\">{\"@context\":\"https:\\\/\\\/schema.org\",\"@graph\":[{\"@type\":\"Article\",\"@id\":\"https:\\\/\\\/www.evropskakuca.me\\\/me\\\/urucene-nagrade-za-najbolje-novinarske-price-o-eu-integracijama\\\/#article\",\"isPartOf\":{\"@id\":\"https:\\\/\\\/www.evropskakuca.me\\\/me\\\/urucene-nagrade-za-najbolje-novinarske-price-o-eu-integracijama\\\/\"},\"author\":{\"name\":\"mkajic\",\"@id\":\"https:\\\/\\\/www.evropskakuca.me\\\/me\\\/#\\\/schema\\\/person\\\/a1d0dcdaefe4a1cd1d60d200ea137ba4\"},\"headline\":\"Uru\u010dene nagrade za najbolje novinarske pri\u010de o EU integracijama\",\"datePublished\":\"2018-03-27T11:16:34+00:00\",\"mainEntityOfPage\":{\"@id\":\"https:\\\/\\\/www.evropskakuca.me\\\/me\\\/urucene-nagrade-za-najbolje-novinarske-price-o-eu-integracijama\\\/\"},\"wordCount\":473,\"commentCount\":0,\"publisher\":{\"@id\":\"https:\\\/\\\/www.evropskakuca.me\\\/me\\\/#organization\"},\"image\":{\"@id\":\"https:\\\/\\\/www.evropskakuca.me\\\/me\\\/urucene-nagrade-za-najbolje-novinarske-price-o-eu-integracijama\\\/#primaryimage\"},\"thumbnailUrl\":\"https:\\\/\\\/www.evropskakuca.me\\\/wp-content\\\/uploads\\\/2018\\\/03\\\/180327_konkurs_novinari-16.jpg\",\"articleSection\":[\"Novosti\"],\"inLanguage\":\"me-ME\",\"potentialAction\":[{\"@type\":\"CommentAction\",\"name\":\"Comment\",\"target\":[\"https:\\\/\\\/www.evropskakuca.me\\\/me\\\/urucene-nagrade-za-najbolje-novinarske-price-o-eu-integracijama\\\/#respond\"]}]},{\"@type\":\"WebPage\",\"@id\":\"https:\\\/\\\/www.evropskakuca.me\\\/me\\\/urucene-nagrade-za-najbolje-novinarske-price-o-eu-integracijama\\\/\",\"url\":\"https:\\\/\\\/www.evropskakuca.me\\\/me\\\/urucene-nagrade-za-najbolje-novinarske-price-o-eu-integracijama\\\/\",\"name\":\"Uru\u010dene nagrade za najbolje novinarske pri\u010de o EU integracijama - Europe House\",\"isPartOf\":{\"@id\":\"https:\\\/\\\/www.evropskakuca.me\\\/me\\\/#website\"},\"primaryImageOfPage\":{\"@id\":\"https:\\\/\\\/www.evropskakuca.me\\\/me\\\/urucene-nagrade-za-najbolje-novinarske-price-o-eu-integracijama\\\/#primaryimage\"},\"image\":{\"@id\":\"https:\\\/\\\/www.evropskakuca.me\\\/me\\\/urucene-nagrade-za-najbolje-novinarske-price-o-eu-integracijama\\\/#primaryimage\"},\"thumbnailUrl\":\"https:\\\/\\\/www.evropskakuca.me\\\/wp-content\\\/uploads\\\/2018\\\/03\\\/180327_konkurs_novinari-16.jpg\",\"datePublished\":\"2018-03-27T11:16:34+00:00\",\"breadcrumb\":{\"@id\":\"https:\\\/\\\/www.evropskakuca.me\\\/me\\\/urucene-nagrade-za-najbolje-novinarske-price-o-eu-integracijama\\\/#breadcrumb\"},\"inLanguage\":\"me-ME\",\"potentialAction\":[{\"@type\":\"ReadAction\",\"target\":[\"https:\\\/\\\/www.evropskakuca.me\\\/me\\\/urucene-nagrade-za-najbolje-novinarske-price-o-eu-integracijama\\\/\"]}]},{\"@type\":\"ImageObject\",\"inLanguage\":\"me-ME\",\"@id\":\"https:\\\/\\\/www.evropskakuca.me\\\/me\\\/urucene-nagrade-za-najbolje-novinarske-price-o-eu-integracijama\\\/#primaryimage\",\"url\":\"https:\\\/\\\/www.evropskakuca.me\\\/wp-content\\\/uploads\\\/2018\\\/03\\\/180327_konkurs_novinari-16.jpg\",\"contentUrl\":\"https:\\\/\\\/www.evropskakuca.me\\\/wp-content\\\/uploads\\\/2018\\\/03\\\/180327_konkurs_novinari-16.jpg\",\"width\":2028,\"height\":1352},{\"@type\":\"BreadcrumbList\",\"@id\":\"https:\\\/\\\/www.evropskakuca.me\\\/me\\\/urucene-nagrade-za-najbolje-novinarske-price-o-eu-integracijama\\\/#breadcrumb\",\"itemListElement\":[{\"@type\":\"ListItem\",\"position\":1,\"name\":\"Home\",\"item\":\"https:\\\/\\\/www.evropskakuca.me\\\/me\\\/\"},{\"@type\":\"ListItem\",\"position\":2,\"name\":\"Uru\u010dene nagrade za najbolje novinarske pri\u010de o EU integracijama\"}]},{\"@type\":\"WebSite\",\"@id\":\"https:\\\/\\\/www.evropskakuca.me\\\/me\\\/#website\",\"url\":\"https:\\\/\\\/www.evropskakuca.me\\\/me\\\/\",\"name\":\"Evropean house\",\"description\":\"\",\"publisher\":{\"@id\":\"https:\\\/\\\/www.evropskakuca.me\\\/me\\\/#organization\"},\"potentialAction\":[{\"@type\":\"SearchAction\",\"target\":{\"@type\":\"EntryPoint\",\"urlTemplate\":\"https:\\\/\\\/www.evropskakuca.me\\\/me\\\/?s={search_term_string}\"},\"query-input\":{\"@type\":\"PropertyValueSpecification\",\"valueRequired\":true,\"valueName\":\"search_term_string\"}}],\"inLanguage\":\"me-ME\"},{\"@type\":\"Organization\",\"@id\":\"https:\\\/\\\/www.evropskakuca.me\\\/me\\\/#organization\",\"name\":\"Evropean house\",\"url\":\"https:\\\/\\\/www.evropskakuca.me\\\/me\\\/\",\"logo\":{\"@type\":\"ImageObject\",\"inLanguage\":\"me-ME\",\"@id\":\"https:\\\/\\\/www.evropskakuca.me\\\/me\\\/#\\\/schema\\\/logo\\\/image\\\/\",\"url\":\"https:\\\/\\\/www.evropskakuca.me\\\/wp-content\\\/uploads\\\/2025\\\/01\\\/evropska-kuca-logo-1.png\",\"contentUrl\":\"https:\\\/\\\/www.evropskakuca.me\\\/wp-content\\\/uploads\\\/2025\\\/01\\\/evropska-kuca-logo-1.png\",\"width\":425,\"height\":312,\"caption\":\"Evropean house\"},\"image\":{\"@id\":\"https:\\\/\\\/www.evropskakuca.me\\\/me\\\/#\\\/schema\\\/logo\\\/image\\\/\"},\"sameAs\":[\"https:\\\/\\\/www.facebook.com\\\/evropska.kuca\",\"https:\\\/\\\/x.com\\\/evropska_kuca\",\"https:\\\/\\\/www.instagram.com\\\/evropska_kuca\"]},{\"@type\":\"Person\",\"@id\":\"https:\\\/\\\/www.evropskakuca.me\\\/me\\\/#\\\/schema\\\/person\\\/a1d0dcdaefe4a1cd1d60d200ea137ba4\",\"name\":\"mkajic\",\"image\":{\"@type\":\"ImageObject\",\"inLanguage\":\"me-ME\",\"@id\":\"https:\\\/\\\/secure.gravatar.com\\\/avatar\\\/731fa035cefab7316e6bafd1f25a93fb731a07de14e2d9923f8db4422628eabc?s=96&d=mm&r=g\",\"url\":\"https:\\\/\\\/secure.gravatar.com\\\/avatar\\\/731fa035cefab7316e6bafd1f25a93fb731a07de14e2d9923f8db4422628eabc?s=96&d=mm&r=g\",\"contentUrl\":\"https:\\\/\\\/secure.gravatar.com\\\/avatar\\\/731fa035cefab7316e6bafd1f25a93fb731a07de14e2d9923f8db4422628eabc?s=96&d=mm&r=g\",\"caption\":\"mkajic\"},\"sameAs\":[\"https:\\\/\\\/evropskakuca.me\"],\"url\":\"https:\\\/\\\/www.evropskakuca.me\\\/me\\\/author\\\/mkajic\\\/\"}]}<\/script>\n<!-- \/ Yoast SEO plugin. -->","yoast_head_json":{"title":"Uru\u010dene nagrade za najbolje novinarske pri\u010de o EU integracijama - Europe House","robots":{"index":"index","follow":"follow","max-snippet":"max-snippet:-1","max-image-preview":"max-image-preview:large","max-video-preview":"max-video-preview:-1"},"canonical":"https:\/\/www.evropskakuca.me\/me\/urucene-nagrade-za-najbolje-novinarske-price-o-eu-integracijama\/","og_locale":"en_US","og_type":"article","og_title":"Uru\u010dene nagrade za najbolje novinarske pri\u010de o EU integracijama - Europe House","og_description":"U interesu svih da su gra\u0111ani dobro informisani o EU integracijama","og_url":"https:\/\/www.evropskakuca.me\/me\/urucene-nagrade-za-najbolje-novinarske-price-o-eu-integracijama\/","og_site_name":"Europe House","article_publisher":"https:\/\/www.facebook.com\/evropska.kuca","article_published_time":"2018-03-27T11:16:34+00:00","og_image":[{"width":1024,"height":683,"url":"https:\/\/www.evropskakuca.me\/wp-content\/uploads\/2018\/03\/180327_konkurs_novinari-16-1024x683.jpg","type":"image\/jpeg"}],"author":"mkajic","twitter_card":"summary_large_image","twitter_creator":"@evropska_kuca","twitter_site":"@evropska_kuca","twitter_misc":{"Written by":"mkajic","Est. reading time":"2 minutes"},"schema":{"@context":"https:\/\/schema.org","@graph":[{"@type":"Article","@id":"https:\/\/www.evropskakuca.me\/me\/urucene-nagrade-za-najbolje-novinarske-price-o-eu-integracijama\/#article","isPartOf":{"@id":"https:\/\/www.evropskakuca.me\/me\/urucene-nagrade-za-najbolje-novinarske-price-o-eu-integracijama\/"},"author":{"name":"mkajic","@id":"https:\/\/www.evropskakuca.me\/me\/#\/schema\/person\/a1d0dcdaefe4a1cd1d60d200ea137ba4"},"headline":"Uru\u010dene nagrade za najbolje novinarske pri\u010de o EU integracijama","datePublished":"2018-03-27T11:16:34+00:00","mainEntityOfPage":{"@id":"https:\/\/www.evropskakuca.me\/me\/urucene-nagrade-za-najbolje-novinarske-price-o-eu-integracijama\/"},"wordCount":473,"commentCount":0,"publisher":{"@id":"https:\/\/www.evropskakuca.me\/me\/#organization"},"image":{"@id":"https:\/\/www.evropskakuca.me\/me\/urucene-nagrade-za-najbolje-novinarske-price-o-eu-integracijama\/#primaryimage"},"thumbnailUrl":"https:\/\/www.evropskakuca.me\/wp-content\/uploads\/2018\/03\/180327_konkurs_novinari-16.jpg","articleSection":["Novosti"],"inLanguage":"me-ME","potentialAction":[{"@type":"CommentAction","name":"Comment","target":["https:\/\/www.evropskakuca.me\/me\/urucene-nagrade-za-najbolje-novinarske-price-o-eu-integracijama\/#respond"]}]},{"@type":"WebPage","@id":"https:\/\/www.evropskakuca.me\/me\/urucene-nagrade-za-najbolje-novinarske-price-o-eu-integracijama\/","url":"https:\/\/www.evropskakuca.me\/me\/urucene-nagrade-za-najbolje-novinarske-price-o-eu-integracijama\/","name":"Uru\u010dene nagrade za najbolje novinarske pri\u010de o EU integracijama - Europe House","isPartOf":{"@id":"https:\/\/www.evropskakuca.me\/me\/#website"},"primaryImageOfPage":{"@id":"https:\/\/www.evropskakuca.me\/me\/urucene-nagrade-za-najbolje-novinarske-price-o-eu-integracijama\/#primaryimage"},"image":{"@id":"https:\/\/www.evropskakuca.me\/me\/urucene-nagrade-za-najbolje-novinarske-price-o-eu-integracijama\/#primaryimage"},"thumbnailUrl":"https:\/\/www.evropskakuca.me\/wp-content\/uploads\/2018\/03\/180327_konkurs_novinari-16.jpg","datePublished":"2018-03-27T11:16:34+00:00","breadcrumb":{"@id":"https:\/\/www.evropskakuca.me\/me\/urucene-nagrade-za-najbolje-novinarske-price-o-eu-integracijama\/#breadcrumb"},"inLanguage":"me-ME","potentialAction":[{"@type":"ReadAction","target":["https:\/\/www.evropskakuca.me\/me\/urucene-nagrade-za-najbolje-novinarske-price-o-eu-integracijama\/"]}]},{"@type":"ImageObject","inLanguage":"me-ME","@id":"https:\/\/www.evropskakuca.me\/me\/urucene-nagrade-za-najbolje-novinarske-price-o-eu-integracijama\/#primaryimage","url":"https:\/\/www.evropskakuca.me\/wp-content\/uploads\/2018\/03\/180327_konkurs_novinari-16.jpg","contentUrl":"https:\/\/www.evropskakuca.me\/wp-content\/uploads\/2018\/03\/180327_konkurs_novinari-16.jpg","width":2028,"height":1352},{"@type":"BreadcrumbList","@id":"https:\/\/www.evropskakuca.me\/me\/urucene-nagrade-za-najbolje-novinarske-price-o-eu-integracijama\/#breadcrumb","itemListElement":[{"@type":"ListItem","position":1,"name":"Home","item":"https:\/\/www.evropskakuca.me\/me\/"},{"@type":"ListItem","position":2,"name":"Uru\u010dene nagrade za najbolje novinarske pri\u010de o EU integracijama"}]},{"@type":"WebSite","@id":"https:\/\/www.evropskakuca.me\/me\/#website","url":"https:\/\/www.evropskakuca.me\/me\/","name":"Evropean house","description":"","publisher":{"@id":"https:\/\/www.evropskakuca.me\/me\/#organization"},"potentialAction":[{"@type":"SearchAction","target":{"@type":"EntryPoint","urlTemplate":"https:\/\/www.evropskakuca.me\/me\/?s={search_term_string}"},"query-input":{"@type":"PropertyValueSpecification","valueRequired":true,"valueName":"search_term_string"}}],"inLanguage":"me-ME"},{"@type":"Organization","@id":"https:\/\/www.evropskakuca.me\/me\/#organization","name":"Evropean house","url":"https:\/\/www.evropskakuca.me\/me\/","logo":{"@type":"ImageObject","inLanguage":"me-ME","@id":"https:\/\/www.evropskakuca.me\/me\/#\/schema\/logo\/image\/","url":"https:\/\/www.evropskakuca.me\/wp-content\/uploads\/2025\/01\/evropska-kuca-logo-1.png","contentUrl":"https:\/\/www.evropskakuca.me\/wp-content\/uploads\/2025\/01\/evropska-kuca-logo-1.png","width":425,"height":312,"caption":"Evropean house"},"image":{"@id":"https:\/\/www.evropskakuca.me\/me\/#\/schema\/logo\/image\/"},"sameAs":["https:\/\/www.facebook.com\/evropska.kuca","https:\/\/x.com\/evropska_kuca","https:\/\/www.instagram.com\/evropska_kuca"]},{"@type":"Person","@id":"https:\/\/www.evropskakuca.me\/me\/#\/schema\/person\/a1d0dcdaefe4a1cd1d60d200ea137ba4","name":"mkajic","image":{"@type":"ImageObject","inLanguage":"me-ME","@id":"https:\/\/secure.gravatar.com\/avatar\/731fa035cefab7316e6bafd1f25a93fb731a07de14e2d9923f8db4422628eabc?s=96&d=mm&r=g","url":"https:\/\/secure.gravatar.com\/avatar\/731fa035cefab7316e6bafd1f25a93fb731a07de14e2d9923f8db4422628eabc?s=96&d=mm&r=g","contentUrl":"https:\/\/secure.gravatar.com\/avatar\/731fa035cefab7316e6bafd1f25a93fb731a07de14e2d9923f8db4422628eabc?s=96&d=mm&r=g","caption":"mkajic"},"sameAs":["https:\/\/evropskakuca.me"],"url":"https:\/\/www.evropskakuca.me\/me\/author\/mkajic\/"}]}},"_links":{"self":[{"href":"https:\/\/www.evropskakuca.me\/me\/wp-json\/wp\/v2\/posts\/5089","targetHints":{"allow":["GET"]}}],"collection":[{"href":"https:\/\/www.evropskakuca.me\/me\/wp-json\/wp\/v2\/posts"}],"about":[{"href":"https:\/\/www.evropskakuca.me\/me\/wp-json\/wp\/v2\/types\/post"}],"author":[{"embeddable":true,"href":"https:\/\/www.evropskakuca.me\/me\/wp-json\/wp\/v2\/users\/1"}],"replies":[{"embeddable":true,"href":"https:\/\/www.evropskakuca.me\/me\/wp-json\/wp\/v2\/comments?post=5089"}],"version-history":[{"count":0,"href":"https:\/\/www.evropskakuca.me\/me\/wp-json\/wp\/v2\/posts\/5089\/revisions"}],"wp:featuredmedia":[{"embeddable":true,"href":"https:\/\/www.evropskakuca.me\/me\/wp-json\/wp\/v2\/media\/33483"}],"wp:attachment":[{"href":"https:\/\/www.evropskakuca.me\/me\/wp-json\/wp\/v2\/media?parent=5089"}],"wp:term":[{"taxonomy":"category","embeddable":true,"href":"https:\/\/www.evropskakuca.me\/me\/wp-json\/wp\/v2\/categories?post=5089"},{"taxonomy":"post_tag","embeddable":true,"href":"https:\/\/www.evropskakuca.me\/me\/wp-json\/wp\/v2\/tags?post=5089"}],"curies":[{"name":"wp","href":"https:\/\/api.w.org\/{rel}","templated":true}]}}