{"id":5035,"date":"2018-03-19T13:52:15","date_gmt":"2018-03-19T13:52:15","guid":{"rendered":"http:\/\/www.evropskakuca.me\/me\/?p=5035"},"modified":"2018-03-19T13:52:15","modified_gmt":"2018-03-19T13:52:15","slug":"agenda-povezivanja","status":"publish","type":"post","link":"https:\/\/www.evropskakuca.me\/me\/agenda-povezivanja\/","title":{"rendered":"Agenda povezivanja"},"content":{"rendered":"<p>Podgorica, 19. mart 2018. \u2013 Odnosi Velike Britanije i Zapadnog Balkana, agenda povezanosti i Samit ZB i EU u Londnu samo neke su od tema o kojima je ambasadorka Ujedinjenog Kraljevstva Velike Britanije i Sjeverne Irske u Crnoj Gori, Alison Kemp, razgovarala sa studentima na panelu u EU info centru.<\/p>\n<p><img fetchpriority=\"high\" decoding=\"async\" class=\" wp-image-5038 aligncenter\" src=\"http:\/\/www.evropskakuca.me\/wp-content\/uploads\/2018\/03\/180319_london_samit_eu_west_balk-4-1024x683.jpg\" alt=\"\" width=\"859\" height=\"573\" \/><\/p>\n<p>Berlinski proces je diplomatska inicijativa povezana sa buduc\u0301im \u0161irenjem Evropske unije. Planirano je da se na godi\u0161njem nivou odr\u017eava u periodu od 2014-2018. godine. Nakon Berilna, Pariza i Be\u010da samit zemalja Zapadnog Balkana i Evropske unije ove godine odr\u017ea\u0107e se u Londonu. Za smbasadorku Kemp Berlinski proces je uspje\u0161an.<\/p>\n<p>\u201ePravo pitanje je odkud samit u Londonu (kada Britanije napu\u0161ta Evropsku uniju). Iako napu\u0161tamo EU, na\u0161a uloga u regionu ostaje ista. I to je razlog za\u0161to je UK doma\u0107in samita. Posve\u0107enost Velike Britanije regionu je dugoro\u010dna i nastavi\u0107e se i nakon na\u0161eg izlaska iz Evropske unije\u201c, ka\u017ee Kemp.<\/p>\n<p>Kemp je objasnila da je stabilnost i sigurnost Zapadnog Balkana va\u017ena za Veliku Britaniju, te da UK \u017eeli da predstoje\u0107i samit doprinese ja\u010danju fokusa na stabilnosti i bezbjednosti. Posve\u0107enost Ujedninenog kraljevstva vidljiva je i kroz pove\u0107anje izdvajanja za region na bilateralnom nivou. U ovom trenutku ta cifra je 27 miliona funti godi\u0161nje.<\/p>\n<p>\u201eU 2018., dakle godinu prije nego \u0161to napustimo Evropsku uniju, na\u0161e bilateralno izdvajanje za region pora\u0161\u0107e sa 27 na 40 miliona funti,\u201c objasnila je Kemp.<\/p>\n<p><img decoding=\"async\" class=\" wp-image-5040 aligncenter\" src=\"http:\/\/www.evropskakuca.me\/wp-content\/uploads\/2018\/03\/180319_london_samit_eu_west_balk-6-1024x683.jpg\" alt=\"\" width=\"847\" height=\"565\" \/><\/p>\n<p>Kao va\u017eno polje djelovanja Velike Britenije u regionu Kemp vidi digitalni sektor. U Crnoj Gori ambasada Velike Britanje sprovodi projekat \u201eDigitalni gradovi\u201c u Podgorici, Baru i Nik\u0161i\u0107u.<\/p>\n<p>\u201eOve godine smo zapo\u010deli, zajedno sa Britanskim savjetom, projekat podr\u0161ke digitalnom sektoru. Imamo novi program \u201eVje\u0161tine za 21 vijek\u201c koji bi trebalo da pomogne mladim ljudima regiona u stvaranju vje\u0161tina kriti\u010dkog mi\u0161ljenja, da rje\u0161avanja problema i programiranja. Taj pilot program se sprovodi u deset crnogorskih \u0161kola,\u201c objasnila je Kemp.<\/p>\n<p>Kemp je naglasila i va\u017enost uloge miedija u zemljama Zapadnog Balkana.<\/p>\n<p>\u201eMediji\u00a0 igraju veoma va\u017enu ulogu i u Crnoj Gori i u ostatku regiona. Velika Britanija je zabrinuta politizacijom medija i pritiskom na medijske slobode. Nastavi\u0107emo da govorimo o va\u017enosti i odgovornosti medija, kao i da iskazujemo na\u0161u zabrinutost\u00a0 zbog nasilja nad novinarima i medijskim pluralizmom\u201c, rekla je Kemp.<\/p>\n<p><img decoding=\"async\" class=\" wp-image-5042 aligncenter\" src=\"http:\/\/www.evropskakuca.me\/wp-content\/uploads\/2018\/03\/180319_london_samit_eu_west_balk-10-1024x683.jpg\" alt=\"\" width=\"854\" height=\"570\" \/><\/p>\n<p>Studente je interesovalo za\u0161to Velika Britanija podr\u017eava zemlje Zapadnog Balkana da u\u0111u u Evropsku unije kada je upravo ta zemlja jedina koja je napustila EU.<\/p>\n<p>\u201eUjedinjeno kraljevstvo \u017eeli stabilan i prosperitetan region. Pristupanje Evropskoj uniji je prava stvar za Crnu Goru koja \u0107e osna\u017eiti va\u0161e dru\u0161tvo kao i ekonomiju,\u201c rekla je ambasadorka Kemp.<\/p>\n<p>Ovo je \u010detvrti u ciklusu razgovora na temu EU integracija sa diplomatskim predstavnicima evropskih zemalja u organizaciji mladih Crnogorske panevropske unije i EU info centra.<\/p>\n<p>&nbsp;<\/p>\n","protected":false},"excerpt":{"rendered":"<p>Posve\u0107enost Velike Britanije regionu Zapadnog Balkana je dugoro\u010dna <\/p>\n","protected":false},"author":1,"featured_media":33475,"comment_status":"open","ping_status":"open","sticky":false,"template":"","format":"standard","meta":{"_acf_changed":false,"footnotes":""},"categories":[283],"tags":[],"class_list":["post-5035","post","type-post","status-publish","format-standard","has-post-thumbnail","hentry","category-novosti-me"],"acf":[],"yoast_head":"<!-- This site is optimized with the Yoast SEO plugin v27.3 - https:\/\/yoast.com\/product\/yoast-seo-wordpress\/ -->\n<title>Agenda povezivanja - Europe House<\/title>\n<meta name=\"robots\" content=\"index, follow, max-snippet:-1, max-image-preview:large, max-video-preview:-1\" \/>\n<link rel=\"canonical\" href=\"https:\/\/www.evropskakuca.me\/me\/agenda-povezivanja\/\" \/>\n<meta property=\"og:locale\" content=\"en_US\" \/>\n<meta property=\"og:type\" content=\"article\" \/>\n<meta property=\"og:title\" content=\"Agenda povezivanja - Europe House\" \/>\n<meta property=\"og:description\" content=\"Posve\u0107enost Velike Britanije regionu Zapadnog Balkana je dugoro\u010dna\" \/>\n<meta property=\"og:url\" content=\"https:\/\/www.evropskakuca.me\/me\/agenda-povezivanja\/\" \/>\n<meta property=\"og:site_name\" content=\"Europe House\" \/>\n<meta property=\"article:publisher\" content=\"https:\/\/www.facebook.com\/evropska.kuca\" \/>\n<meta property=\"article:published_time\" content=\"2018-03-19T13:52:15+00:00\" \/>\n<meta property=\"og:image\" content=\"https:\/\/www.evropskakuca.me\/wp-content\/uploads\/2018\/03\/180319_london_samit_eu_west_balk-9-1024x683.jpg\" \/>\n\t<meta property=\"og:image:width\" content=\"1024\" \/>\n\t<meta property=\"og:image:height\" content=\"683\" \/>\n\t<meta property=\"og:image:type\" content=\"image\/jpeg\" \/>\n<meta name=\"author\" content=\"mkajic\" \/>\n<meta name=\"twitter:card\" content=\"summary_large_image\" \/>\n<meta name=\"twitter:creator\" content=\"@evropska_kuca\" \/>\n<meta name=\"twitter:site\" content=\"@evropska_kuca\" \/>\n<meta name=\"twitter:label1\" content=\"Written by\" \/>\n\t<meta name=\"twitter:data1\" content=\"mkajic\" \/>\n\t<meta name=\"twitter:label2\" content=\"Est. reading time\" \/>\n\t<meta name=\"twitter:data2\" content=\"2 minutes\" \/>\n<script type=\"application\/ld+json\" class=\"yoast-schema-graph\">{\"@context\":\"https:\\\/\\\/schema.org\",\"@graph\":[{\"@type\":\"Article\",\"@id\":\"https:\\\/\\\/www.evropskakuca.me\\\/me\\\/agenda-povezivanja\\\/#article\",\"isPartOf\":{\"@id\":\"https:\\\/\\\/www.evropskakuca.me\\\/me\\\/agenda-povezivanja\\\/\"},\"author\":{\"name\":\"mkajic\",\"@id\":\"https:\\\/\\\/www.evropskakuca.me\\\/me\\\/#\\\/schema\\\/person\\\/a1d0dcdaefe4a1cd1d60d200ea137ba4\"},\"headline\":\"Agenda povezivanja\",\"datePublished\":\"2018-03-19T13:52:15+00:00\",\"mainEntityOfPage\":{\"@id\":\"https:\\\/\\\/www.evropskakuca.me\\\/me\\\/agenda-povezivanja\\\/\"},\"wordCount\":478,\"commentCount\":0,\"publisher\":{\"@id\":\"https:\\\/\\\/www.evropskakuca.me\\\/me\\\/#organization\"},\"image\":{\"@id\":\"https:\\\/\\\/www.evropskakuca.me\\\/me\\\/agenda-povezivanja\\\/#primaryimage\"},\"thumbnailUrl\":\"https:\\\/\\\/www.evropskakuca.me\\\/wp-content\\\/uploads\\\/2018\\\/03\\\/180319_london_samit_eu_west_balk-9.jpg\",\"articleSection\":[\"Novosti\"],\"inLanguage\":\"me-ME\",\"potentialAction\":[{\"@type\":\"CommentAction\",\"name\":\"Comment\",\"target\":[\"https:\\\/\\\/www.evropskakuca.me\\\/me\\\/agenda-povezivanja\\\/#respond\"]}]},{\"@type\":\"WebPage\",\"@id\":\"https:\\\/\\\/www.evropskakuca.me\\\/me\\\/agenda-povezivanja\\\/\",\"url\":\"https:\\\/\\\/www.evropskakuca.me\\\/me\\\/agenda-povezivanja\\\/\",\"name\":\"Agenda povezivanja - Europe House\",\"isPartOf\":{\"@id\":\"https:\\\/\\\/www.evropskakuca.me\\\/me\\\/#website\"},\"primaryImageOfPage\":{\"@id\":\"https:\\\/\\\/www.evropskakuca.me\\\/me\\\/agenda-povezivanja\\\/#primaryimage\"},\"image\":{\"@id\":\"https:\\\/\\\/www.evropskakuca.me\\\/me\\\/agenda-povezivanja\\\/#primaryimage\"},\"thumbnailUrl\":\"https:\\\/\\\/www.evropskakuca.me\\\/wp-content\\\/uploads\\\/2018\\\/03\\\/180319_london_samit_eu_west_balk-9.jpg\",\"datePublished\":\"2018-03-19T13:52:15+00:00\",\"breadcrumb\":{\"@id\":\"https:\\\/\\\/www.evropskakuca.me\\\/me\\\/agenda-povezivanja\\\/#breadcrumb\"},\"inLanguage\":\"me-ME\",\"potentialAction\":[{\"@type\":\"ReadAction\",\"target\":[\"https:\\\/\\\/www.evropskakuca.me\\\/me\\\/agenda-povezivanja\\\/\"]}]},{\"@type\":\"ImageObject\",\"inLanguage\":\"me-ME\",\"@id\":\"https:\\\/\\\/www.evropskakuca.me\\\/me\\\/agenda-povezivanja\\\/#primaryimage\",\"url\":\"https:\\\/\\\/www.evropskakuca.me\\\/wp-content\\\/uploads\\\/2018\\\/03\\\/180319_london_samit_eu_west_balk-9.jpg\",\"contentUrl\":\"https:\\\/\\\/www.evropskakuca.me\\\/wp-content\\\/uploads\\\/2018\\\/03\\\/180319_london_samit_eu_west_balk-9.jpg\",\"width\":2028,\"height\":1352},{\"@type\":\"BreadcrumbList\",\"@id\":\"https:\\\/\\\/www.evropskakuca.me\\\/me\\\/agenda-povezivanja\\\/#breadcrumb\",\"itemListElement\":[{\"@type\":\"ListItem\",\"position\":1,\"name\":\"Home\",\"item\":\"https:\\\/\\\/www.evropskakuca.me\\\/me\\\/\"},{\"@type\":\"ListItem\",\"position\":2,\"name\":\"Agenda povezivanja\"}]},{\"@type\":\"WebSite\",\"@id\":\"https:\\\/\\\/www.evropskakuca.me\\\/me\\\/#website\",\"url\":\"https:\\\/\\\/www.evropskakuca.me\\\/me\\\/\",\"name\":\"Evropean house\",\"description\":\"\",\"publisher\":{\"@id\":\"https:\\\/\\\/www.evropskakuca.me\\\/me\\\/#organization\"},\"potentialAction\":[{\"@type\":\"SearchAction\",\"target\":{\"@type\":\"EntryPoint\",\"urlTemplate\":\"https:\\\/\\\/www.evropskakuca.me\\\/me\\\/?s={search_term_string}\"},\"query-input\":{\"@type\":\"PropertyValueSpecification\",\"valueRequired\":true,\"valueName\":\"search_term_string\"}}],\"inLanguage\":\"me-ME\"},{\"@type\":\"Organization\",\"@id\":\"https:\\\/\\\/www.evropskakuca.me\\\/me\\\/#organization\",\"name\":\"Evropean house\",\"url\":\"https:\\\/\\\/www.evropskakuca.me\\\/me\\\/\",\"logo\":{\"@type\":\"ImageObject\",\"inLanguage\":\"me-ME\",\"@id\":\"https:\\\/\\\/www.evropskakuca.me\\\/me\\\/#\\\/schema\\\/logo\\\/image\\\/\",\"url\":\"https:\\\/\\\/www.evropskakuca.me\\\/wp-content\\\/uploads\\\/2025\\\/01\\\/evropska-kuca-logo-1.png\",\"contentUrl\":\"https:\\\/\\\/www.evropskakuca.me\\\/wp-content\\\/uploads\\\/2025\\\/01\\\/evropska-kuca-logo-1.png\",\"width\":425,\"height\":312,\"caption\":\"Evropean house\"},\"image\":{\"@id\":\"https:\\\/\\\/www.evropskakuca.me\\\/me\\\/#\\\/schema\\\/logo\\\/image\\\/\"},\"sameAs\":[\"https:\\\/\\\/www.facebook.com\\\/evropska.kuca\",\"https:\\\/\\\/x.com\\\/evropska_kuca\",\"https:\\\/\\\/www.instagram.com\\\/evropska_kuca\"]},{\"@type\":\"Person\",\"@id\":\"https:\\\/\\\/www.evropskakuca.me\\\/me\\\/#\\\/schema\\\/person\\\/a1d0dcdaefe4a1cd1d60d200ea137ba4\",\"name\":\"mkajic\",\"image\":{\"@type\":\"ImageObject\",\"inLanguage\":\"me-ME\",\"@id\":\"https:\\\/\\\/secure.gravatar.com\\\/avatar\\\/731fa035cefab7316e6bafd1f25a93fb731a07de14e2d9923f8db4422628eabc?s=96&d=mm&r=g\",\"url\":\"https:\\\/\\\/secure.gravatar.com\\\/avatar\\\/731fa035cefab7316e6bafd1f25a93fb731a07de14e2d9923f8db4422628eabc?s=96&d=mm&r=g\",\"contentUrl\":\"https:\\\/\\\/secure.gravatar.com\\\/avatar\\\/731fa035cefab7316e6bafd1f25a93fb731a07de14e2d9923f8db4422628eabc?s=96&d=mm&r=g\",\"caption\":\"mkajic\"},\"sameAs\":[\"https:\\\/\\\/evropskakuca.me\"],\"url\":\"https:\\\/\\\/www.evropskakuca.me\\\/me\\\/author\\\/mkajic\\\/\"}]}<\/script>\n<!-- \/ Yoast SEO plugin. -->","yoast_head_json":{"title":"Agenda povezivanja - Europe House","robots":{"index":"index","follow":"follow","max-snippet":"max-snippet:-1","max-image-preview":"max-image-preview:large","max-video-preview":"max-video-preview:-1"},"canonical":"https:\/\/www.evropskakuca.me\/me\/agenda-povezivanja\/","og_locale":"en_US","og_type":"article","og_title":"Agenda povezivanja - Europe House","og_description":"Posve\u0107enost Velike Britanije regionu Zapadnog Balkana je dugoro\u010dna","og_url":"https:\/\/www.evropskakuca.me\/me\/agenda-povezivanja\/","og_site_name":"Europe House","article_publisher":"https:\/\/www.facebook.com\/evropska.kuca","article_published_time":"2018-03-19T13:52:15+00:00","og_image":[{"width":1024,"height":683,"url":"https:\/\/www.evropskakuca.me\/wp-content\/uploads\/2018\/03\/180319_london_samit_eu_west_balk-9-1024x683.jpg","type":"image\/jpeg"}],"author":"mkajic","twitter_card":"summary_large_image","twitter_creator":"@evropska_kuca","twitter_site":"@evropska_kuca","twitter_misc":{"Written by":"mkajic","Est. reading time":"2 minutes"},"schema":{"@context":"https:\/\/schema.org","@graph":[{"@type":"Article","@id":"https:\/\/www.evropskakuca.me\/me\/agenda-povezivanja\/#article","isPartOf":{"@id":"https:\/\/www.evropskakuca.me\/me\/agenda-povezivanja\/"},"author":{"name":"mkajic","@id":"https:\/\/www.evropskakuca.me\/me\/#\/schema\/person\/a1d0dcdaefe4a1cd1d60d200ea137ba4"},"headline":"Agenda povezivanja","datePublished":"2018-03-19T13:52:15+00:00","mainEntityOfPage":{"@id":"https:\/\/www.evropskakuca.me\/me\/agenda-povezivanja\/"},"wordCount":478,"commentCount":0,"publisher":{"@id":"https:\/\/www.evropskakuca.me\/me\/#organization"},"image":{"@id":"https:\/\/www.evropskakuca.me\/me\/agenda-povezivanja\/#primaryimage"},"thumbnailUrl":"https:\/\/www.evropskakuca.me\/wp-content\/uploads\/2018\/03\/180319_london_samit_eu_west_balk-9.jpg","articleSection":["Novosti"],"inLanguage":"me-ME","potentialAction":[{"@type":"CommentAction","name":"Comment","target":["https:\/\/www.evropskakuca.me\/me\/agenda-povezivanja\/#respond"]}]},{"@type":"WebPage","@id":"https:\/\/www.evropskakuca.me\/me\/agenda-povezivanja\/","url":"https:\/\/www.evropskakuca.me\/me\/agenda-povezivanja\/","name":"Agenda povezivanja - Europe House","isPartOf":{"@id":"https:\/\/www.evropskakuca.me\/me\/#website"},"primaryImageOfPage":{"@id":"https:\/\/www.evropskakuca.me\/me\/agenda-povezivanja\/#primaryimage"},"image":{"@id":"https:\/\/www.evropskakuca.me\/me\/agenda-povezivanja\/#primaryimage"},"thumbnailUrl":"https:\/\/www.evropskakuca.me\/wp-content\/uploads\/2018\/03\/180319_london_samit_eu_west_balk-9.jpg","datePublished":"2018-03-19T13:52:15+00:00","breadcrumb":{"@id":"https:\/\/www.evropskakuca.me\/me\/agenda-povezivanja\/#breadcrumb"},"inLanguage":"me-ME","potentialAction":[{"@type":"ReadAction","target":["https:\/\/www.evropskakuca.me\/me\/agenda-povezivanja\/"]}]},{"@type":"ImageObject","inLanguage":"me-ME","@id":"https:\/\/www.evropskakuca.me\/me\/agenda-povezivanja\/#primaryimage","url":"https:\/\/www.evropskakuca.me\/wp-content\/uploads\/2018\/03\/180319_london_samit_eu_west_balk-9.jpg","contentUrl":"https:\/\/www.evropskakuca.me\/wp-content\/uploads\/2018\/03\/180319_london_samit_eu_west_balk-9.jpg","width":2028,"height":1352},{"@type":"BreadcrumbList","@id":"https:\/\/www.evropskakuca.me\/me\/agenda-povezivanja\/#breadcrumb","itemListElement":[{"@type":"ListItem","position":1,"name":"Home","item":"https:\/\/www.evropskakuca.me\/me\/"},{"@type":"ListItem","position":2,"name":"Agenda povezivanja"}]},{"@type":"WebSite","@id":"https:\/\/www.evropskakuca.me\/me\/#website","url":"https:\/\/www.evropskakuca.me\/me\/","name":"Evropean house","description":"","publisher":{"@id":"https:\/\/www.evropskakuca.me\/me\/#organization"},"potentialAction":[{"@type":"SearchAction","target":{"@type":"EntryPoint","urlTemplate":"https:\/\/www.evropskakuca.me\/me\/?s={search_term_string}"},"query-input":{"@type":"PropertyValueSpecification","valueRequired":true,"valueName":"search_term_string"}}],"inLanguage":"me-ME"},{"@type":"Organization","@id":"https:\/\/www.evropskakuca.me\/me\/#organization","name":"Evropean house","url":"https:\/\/www.evropskakuca.me\/me\/","logo":{"@type":"ImageObject","inLanguage":"me-ME","@id":"https:\/\/www.evropskakuca.me\/me\/#\/schema\/logo\/image\/","url":"https:\/\/www.evropskakuca.me\/wp-content\/uploads\/2025\/01\/evropska-kuca-logo-1.png","contentUrl":"https:\/\/www.evropskakuca.me\/wp-content\/uploads\/2025\/01\/evropska-kuca-logo-1.png","width":425,"height":312,"caption":"Evropean house"},"image":{"@id":"https:\/\/www.evropskakuca.me\/me\/#\/schema\/logo\/image\/"},"sameAs":["https:\/\/www.facebook.com\/evropska.kuca","https:\/\/x.com\/evropska_kuca","https:\/\/www.instagram.com\/evropska_kuca"]},{"@type":"Person","@id":"https:\/\/www.evropskakuca.me\/me\/#\/schema\/person\/a1d0dcdaefe4a1cd1d60d200ea137ba4","name":"mkajic","image":{"@type":"ImageObject","inLanguage":"me-ME","@id":"https:\/\/secure.gravatar.com\/avatar\/731fa035cefab7316e6bafd1f25a93fb731a07de14e2d9923f8db4422628eabc?s=96&d=mm&r=g","url":"https:\/\/secure.gravatar.com\/avatar\/731fa035cefab7316e6bafd1f25a93fb731a07de14e2d9923f8db4422628eabc?s=96&d=mm&r=g","contentUrl":"https:\/\/secure.gravatar.com\/avatar\/731fa035cefab7316e6bafd1f25a93fb731a07de14e2d9923f8db4422628eabc?s=96&d=mm&r=g","caption":"mkajic"},"sameAs":["https:\/\/evropskakuca.me"],"url":"https:\/\/www.evropskakuca.me\/me\/author\/mkajic\/"}]}},"_links":{"self":[{"href":"https:\/\/www.evropskakuca.me\/me\/wp-json\/wp\/v2\/posts\/5035","targetHints":{"allow":["GET"]}}],"collection":[{"href":"https:\/\/www.evropskakuca.me\/me\/wp-json\/wp\/v2\/posts"}],"about":[{"href":"https:\/\/www.evropskakuca.me\/me\/wp-json\/wp\/v2\/types\/post"}],"author":[{"embeddable":true,"href":"https:\/\/www.evropskakuca.me\/me\/wp-json\/wp\/v2\/users\/1"}],"replies":[{"embeddable":true,"href":"https:\/\/www.evropskakuca.me\/me\/wp-json\/wp\/v2\/comments?post=5035"}],"version-history":[{"count":0,"href":"https:\/\/www.evropskakuca.me\/me\/wp-json\/wp\/v2\/posts\/5035\/revisions"}],"wp:featuredmedia":[{"embeddable":true,"href":"https:\/\/www.evropskakuca.me\/me\/wp-json\/wp\/v2\/media\/33475"}],"wp:attachment":[{"href":"https:\/\/www.evropskakuca.me\/me\/wp-json\/wp\/v2\/media?parent=5035"}],"wp:term":[{"taxonomy":"category","embeddable":true,"href":"https:\/\/www.evropskakuca.me\/me\/wp-json\/wp\/v2\/categories?post=5035"},{"taxonomy":"post_tag","embeddable":true,"href":"https:\/\/www.evropskakuca.me\/me\/wp-json\/wp\/v2\/tags?post=5035"}],"curies":[{"name":"wp","href":"https:\/\/api.w.org\/{rel}","templated":true}]}}