{"id":5031,"date":"2018-03-20T13:35:26","date_gmt":"2018-03-20T13:35:26","guid":{"rendered":"http:\/\/www.evropskakuca.me\/me\/?p=5031"},"modified":"2018-03-20T13:35:26","modified_gmt":"2018-03-20T13:35:26","slug":"poziv-za-dostavljanje-prijedloga-projekata-o-konkurentnosti-privatnog-sektora","status":"publish","type":"post","link":"https:\/\/www.evropskakuca.me\/me\/poziv-za-dostavljanje-prijedloga-projekata-o-konkurentnosti-privatnog-sektora\/","title":{"rendered":"Poziv za dostavljanje prijedloga projekata o konkurentnosti privatnog sektora"},"content":{"rendered":"<p>Podr\u0161ka malim i srednjim preduze\u0107ima (MSP) je klju\u010dna za podizanje konkurentnosti i EU \u0107e nastaviti da podr\u017eava Crnu Goru u ovoj oblasti, re\u010deno je na informativnoj sesiji povodom objave poziva\u00a0 za dostavljanje prijedloga projekata u okviru grant \u0161eme \u201eUnaprje\u0111enje poslovnog okru\u017eenja i konkurentnosti privatnog sektora\u201c.<\/p>\n<p>Predstavnik Delegacije EU u Crnoj Gori, Mark Rajli, je rekao da su ove mjere namijenjene ubrzanju strukturnih prilago\u0111avanja, podsticanju ambijenta povoljnog za stvaranje biznisa u crnogorskoj ekonomiji, uz istovremeno promovisanje malih i srednjih preduzec\u0301a, preduzetni\u0161tva i inovacija.<\/p>\n<p>&#8220;Smatramo da je podr\u0161ka malim i srednjim preduzec\u0301ima i preduzetni\u0161tvu klju\u010dna za obezbe\u0111ivanje ekonomskog rasta, inovacija, stvaranja novih radnih mesta i socijalne integracije u korist svih gra\u0111ana. Savjetodavni servisi prilago\u0111eni specifi\u010dnim potrebama MSP-a, saradnjasvih \u00a0zainteresovanih strana treba da se pobolj\u0161a uz u cijeloj zemlji. &#8220;, rekao je Rajli.<\/p>\n<p>On je istakao da se sada mora dati prioritet u obezbje\u0111ivanju opipljivog finansijskog podr\u017eavajuc\u0301eg plana koji \u0107e direktno koristiti privatnom sektoru u zemlji.<\/p>\n<p>Predstavnik Ministarstva ekonomije, Radosav Babi\u0107 je podsjetio da je u okviru IPA programa 2014 \u2013 2020, od ukupnog bud\u017eeta od 270 miliona eura, \u00a018,2 miliona namijenjeno za podr\u0161ku akcijama usmjerenim ka podsticanju inovacija, podizanju op\u0161teg nivoa konkurentnosti privrede.<\/p>\n<p>\u201eGrant \u0161ema koju danas predstavljamo je prvi u nizu projekata koje \u0107e Ministarstvo ekonomije u saradnji sa Deleagacijom EU i Ministarstvom finansija realizovati u narednom periodu. Ipa podr\u0161ka za sektor konkurentosti i inovacije pru\u017ea velike mogu\u0107nosti za unaprje\u0111enje poslovnog okru\u017eenja i konkurentosti crnogorske privrede,\u201c kazao je Babi\u0107.<\/p>\n<p><img fetchpriority=\"high\" decoding=\"async\" class=\"alignleft size-large wp-image-5028\" src=\"http:\/\/www.evropskakuca.me\/wp-content\/uploads\/2018\/03\/180320_IPA_info_sess-8-1024x683.jpg\" alt=\"\" width=\"1024\" height=\"683\" \/><\/p>\n<p>Predstavnik ministarstva finansija Bojan Paunovi\u0107 objasnio je tehni\u010dke propozicije poziva.<\/p>\n<p>\u201ePoziv je objavljen 2. marta ove godine i traje 67 dana zaklju\u010dno sa 8. majem. Svi su pozvani da podnesu projekte koji su usmjereni na unaprje\u0111enje poslovnog okru\u017eenja i konkurentnosti privatnog sektora u Crnoj Gori. U ovom periodu aplikanti \u0107e mo\u0107i da se prijave za dobijanje granta u visini do 1.6 miliona eura. \u00a0Organizacije koje mogu podnijeti projekte su ministarstva i druga vladina i javna tijela dr\u017eava \u010dlanica Evropske unije, kao i me\u0111unarodne organizacije. Prema indikativnom rasporedu objavljivanje rezultata poziva se o\u010dekuje u septembru ove godine nakon \u010dega \u0107e se potisati ugovori. \u00a0Projekti odabrani za finansiranje mogu trajati od 18 do 36 mjeseci,\u201c kazao je Paunovi\u0107<\/p>\n","protected":false},"excerpt":{"rendered":"<p>Unaprje\u0111enje poslovnog okru\u017eenja i konkurentnosti privatnog sektora<\/p>\n","protected":false},"author":1,"featured_media":33477,"comment_status":"open","ping_status":"open","sticky":false,"template":"","format":"standard","meta":{"_acf_changed":false,"footnotes":""},"categories":[283],"tags":[],"class_list":["post-5031","post","type-post","status-publish","format-standard","has-post-thumbnail","hentry","category-novosti-me"],"acf":[],"yoast_head":"<!-- This site is optimized with the Yoast SEO plugin v27.3 - https:\/\/yoast.com\/product\/yoast-seo-wordpress\/ -->\n<title>Poziv za dostavljanje prijedloga projekata o konkurentnosti privatnog sektora - Europe House<\/title>\n<meta name=\"robots\" content=\"index, follow, max-snippet:-1, max-image-preview:large, max-video-preview:-1\" \/>\n<link rel=\"canonical\" href=\"https:\/\/www.evropskakuca.me\/me\/poziv-za-dostavljanje-prijedloga-projekata-o-konkurentnosti-privatnog-sektora\/\" \/>\n<meta property=\"og:locale\" content=\"en_US\" \/>\n<meta property=\"og:type\" content=\"article\" \/>\n<meta property=\"og:title\" content=\"Poziv za dostavljanje prijedloga projekata o konkurentnosti privatnog sektora - Europe House\" \/>\n<meta property=\"og:description\" content=\"Unaprje\u0111enje poslovnog okru\u017eenja i konkurentnosti privatnog sektora\" \/>\n<meta property=\"og:url\" content=\"https:\/\/www.evropskakuca.me\/me\/poziv-za-dostavljanje-prijedloga-projekata-o-konkurentnosti-privatnog-sektora\/\" \/>\n<meta property=\"og:site_name\" content=\"Europe House\" \/>\n<meta property=\"article:publisher\" content=\"https:\/\/www.facebook.com\/evropska.kuca\" \/>\n<meta property=\"article:published_time\" content=\"2018-03-20T13:35:26+00:00\" \/>\n<meta property=\"og:image\" content=\"https:\/\/www.evropskakuca.me\/wp-content\/uploads\/2018\/03\/180320_IPA_info_sess-1-1024x683.jpg\" \/>\n\t<meta property=\"og:image:width\" content=\"1024\" \/>\n\t<meta property=\"og:image:height\" content=\"683\" \/>\n\t<meta property=\"og:image:type\" content=\"image\/jpeg\" \/>\n<meta name=\"author\" content=\"mkajic\" \/>\n<meta name=\"twitter:card\" content=\"summary_large_image\" \/>\n<meta name=\"twitter:creator\" content=\"@evropska_kuca\" \/>\n<meta name=\"twitter:site\" content=\"@evropska_kuca\" \/>\n<meta name=\"twitter:label1\" content=\"Written by\" \/>\n\t<meta name=\"twitter:data1\" content=\"mkajic\" \/>\n\t<meta name=\"twitter:label2\" content=\"Est. reading time\" \/>\n\t<meta name=\"twitter:data2\" content=\"2 minutes\" \/>\n<script type=\"application\/ld+json\" class=\"yoast-schema-graph\">{\"@context\":\"https:\\\/\\\/schema.org\",\"@graph\":[{\"@type\":\"Article\",\"@id\":\"https:\\\/\\\/www.evropskakuca.me\\\/me\\\/poziv-za-dostavljanje-prijedloga-projekata-o-konkurentnosti-privatnog-sektora\\\/#article\",\"isPartOf\":{\"@id\":\"https:\\\/\\\/www.evropskakuca.me\\\/me\\\/poziv-za-dostavljanje-prijedloga-projekata-o-konkurentnosti-privatnog-sektora\\\/\"},\"author\":{\"name\":\"mkajic\",\"@id\":\"https:\\\/\\\/www.evropskakuca.me\\\/me\\\/#\\\/schema\\\/person\\\/a1d0dcdaefe4a1cd1d60d200ea137ba4\"},\"headline\":\"Poziv za dostavljanje prijedloga projekata o konkurentnosti privatnog sektora\",\"datePublished\":\"2018-03-20T13:35:26+00:00\",\"mainEntityOfPage\":{\"@id\":\"https:\\\/\\\/www.evropskakuca.me\\\/me\\\/poziv-za-dostavljanje-prijedloga-projekata-o-konkurentnosti-privatnog-sektora\\\/\"},\"wordCount\":389,\"commentCount\":0,\"publisher\":{\"@id\":\"https:\\\/\\\/www.evropskakuca.me\\\/me\\\/#organization\"},\"image\":{\"@id\":\"https:\\\/\\\/www.evropskakuca.me\\\/me\\\/poziv-za-dostavljanje-prijedloga-projekata-o-konkurentnosti-privatnog-sektora\\\/#primaryimage\"},\"thumbnailUrl\":\"https:\\\/\\\/www.evropskakuca.me\\\/wp-content\\\/uploads\\\/2018\\\/03\\\/180320_IPA_info_sess-1.jpg\",\"articleSection\":[\"Novosti\"],\"inLanguage\":\"me-ME\",\"potentialAction\":[{\"@type\":\"CommentAction\",\"name\":\"Comment\",\"target\":[\"https:\\\/\\\/www.evropskakuca.me\\\/me\\\/poziv-za-dostavljanje-prijedloga-projekata-o-konkurentnosti-privatnog-sektora\\\/#respond\"]}]},{\"@type\":\"WebPage\",\"@id\":\"https:\\\/\\\/www.evropskakuca.me\\\/me\\\/poziv-za-dostavljanje-prijedloga-projekata-o-konkurentnosti-privatnog-sektora\\\/\",\"url\":\"https:\\\/\\\/www.evropskakuca.me\\\/me\\\/poziv-za-dostavljanje-prijedloga-projekata-o-konkurentnosti-privatnog-sektora\\\/\",\"name\":\"Poziv za dostavljanje prijedloga projekata o konkurentnosti privatnog sektora - Europe House\",\"isPartOf\":{\"@id\":\"https:\\\/\\\/www.evropskakuca.me\\\/me\\\/#website\"},\"primaryImageOfPage\":{\"@id\":\"https:\\\/\\\/www.evropskakuca.me\\\/me\\\/poziv-za-dostavljanje-prijedloga-projekata-o-konkurentnosti-privatnog-sektora\\\/#primaryimage\"},\"image\":{\"@id\":\"https:\\\/\\\/www.evropskakuca.me\\\/me\\\/poziv-za-dostavljanje-prijedloga-projekata-o-konkurentnosti-privatnog-sektora\\\/#primaryimage\"},\"thumbnailUrl\":\"https:\\\/\\\/www.evropskakuca.me\\\/wp-content\\\/uploads\\\/2018\\\/03\\\/180320_IPA_info_sess-1.jpg\",\"datePublished\":\"2018-03-20T13:35:26+00:00\",\"breadcrumb\":{\"@id\":\"https:\\\/\\\/www.evropskakuca.me\\\/me\\\/poziv-za-dostavljanje-prijedloga-projekata-o-konkurentnosti-privatnog-sektora\\\/#breadcrumb\"},\"inLanguage\":\"me-ME\",\"potentialAction\":[{\"@type\":\"ReadAction\",\"target\":[\"https:\\\/\\\/www.evropskakuca.me\\\/me\\\/poziv-za-dostavljanje-prijedloga-projekata-o-konkurentnosti-privatnog-sektora\\\/\"]}]},{\"@type\":\"ImageObject\",\"inLanguage\":\"me-ME\",\"@id\":\"https:\\\/\\\/www.evropskakuca.me\\\/me\\\/poziv-za-dostavljanje-prijedloga-projekata-o-konkurentnosti-privatnog-sektora\\\/#primaryimage\",\"url\":\"https:\\\/\\\/www.evropskakuca.me\\\/wp-content\\\/uploads\\\/2018\\\/03\\\/180320_IPA_info_sess-1.jpg\",\"contentUrl\":\"https:\\\/\\\/www.evropskakuca.me\\\/wp-content\\\/uploads\\\/2018\\\/03\\\/180320_IPA_info_sess-1.jpg\",\"width\":2028,\"height\":1352},{\"@type\":\"BreadcrumbList\",\"@id\":\"https:\\\/\\\/www.evropskakuca.me\\\/me\\\/poziv-za-dostavljanje-prijedloga-projekata-o-konkurentnosti-privatnog-sektora\\\/#breadcrumb\",\"itemListElement\":[{\"@type\":\"ListItem\",\"position\":1,\"name\":\"Home\",\"item\":\"https:\\\/\\\/www.evropskakuca.me\\\/me\\\/\"},{\"@type\":\"ListItem\",\"position\":2,\"name\":\"Poziv za dostavljanje prijedloga projekata o konkurentnosti privatnog sektora\"}]},{\"@type\":\"WebSite\",\"@id\":\"https:\\\/\\\/www.evropskakuca.me\\\/me\\\/#website\",\"url\":\"https:\\\/\\\/www.evropskakuca.me\\\/me\\\/\",\"name\":\"Evropean house\",\"description\":\"\",\"publisher\":{\"@id\":\"https:\\\/\\\/www.evropskakuca.me\\\/me\\\/#organization\"},\"potentialAction\":[{\"@type\":\"SearchAction\",\"target\":{\"@type\":\"EntryPoint\",\"urlTemplate\":\"https:\\\/\\\/www.evropskakuca.me\\\/me\\\/?s={search_term_string}\"},\"query-input\":{\"@type\":\"PropertyValueSpecification\",\"valueRequired\":true,\"valueName\":\"search_term_string\"}}],\"inLanguage\":\"me-ME\"},{\"@type\":\"Organization\",\"@id\":\"https:\\\/\\\/www.evropskakuca.me\\\/me\\\/#organization\",\"name\":\"Evropean house\",\"url\":\"https:\\\/\\\/www.evropskakuca.me\\\/me\\\/\",\"logo\":{\"@type\":\"ImageObject\",\"inLanguage\":\"me-ME\",\"@id\":\"https:\\\/\\\/www.evropskakuca.me\\\/me\\\/#\\\/schema\\\/logo\\\/image\\\/\",\"url\":\"https:\\\/\\\/www.evropskakuca.me\\\/wp-content\\\/uploads\\\/2025\\\/01\\\/evropska-kuca-logo-1.png\",\"contentUrl\":\"https:\\\/\\\/www.evropskakuca.me\\\/wp-content\\\/uploads\\\/2025\\\/01\\\/evropska-kuca-logo-1.png\",\"width\":425,\"height\":312,\"caption\":\"Evropean house\"},\"image\":{\"@id\":\"https:\\\/\\\/www.evropskakuca.me\\\/me\\\/#\\\/schema\\\/logo\\\/image\\\/\"},\"sameAs\":[\"https:\\\/\\\/www.facebook.com\\\/evropska.kuca\",\"https:\\\/\\\/x.com\\\/evropska_kuca\",\"https:\\\/\\\/www.instagram.com\\\/evropska_kuca\"]},{\"@type\":\"Person\",\"@id\":\"https:\\\/\\\/www.evropskakuca.me\\\/me\\\/#\\\/schema\\\/person\\\/a1d0dcdaefe4a1cd1d60d200ea137ba4\",\"name\":\"mkajic\",\"image\":{\"@type\":\"ImageObject\",\"inLanguage\":\"me-ME\",\"@id\":\"https:\\\/\\\/secure.gravatar.com\\\/avatar\\\/731fa035cefab7316e6bafd1f25a93fb731a07de14e2d9923f8db4422628eabc?s=96&d=mm&r=g\",\"url\":\"https:\\\/\\\/secure.gravatar.com\\\/avatar\\\/731fa035cefab7316e6bafd1f25a93fb731a07de14e2d9923f8db4422628eabc?s=96&d=mm&r=g\",\"contentUrl\":\"https:\\\/\\\/secure.gravatar.com\\\/avatar\\\/731fa035cefab7316e6bafd1f25a93fb731a07de14e2d9923f8db4422628eabc?s=96&d=mm&r=g\",\"caption\":\"mkajic\"},\"sameAs\":[\"https:\\\/\\\/evropskakuca.me\"],\"url\":\"https:\\\/\\\/www.evropskakuca.me\\\/me\\\/author\\\/mkajic\\\/\"}]}<\/script>\n<!-- \/ Yoast SEO plugin. -->","yoast_head_json":{"title":"Poziv za dostavljanje prijedloga projekata o konkurentnosti privatnog sektora - Europe House","robots":{"index":"index","follow":"follow","max-snippet":"max-snippet:-1","max-image-preview":"max-image-preview:large","max-video-preview":"max-video-preview:-1"},"canonical":"https:\/\/www.evropskakuca.me\/me\/poziv-za-dostavljanje-prijedloga-projekata-o-konkurentnosti-privatnog-sektora\/","og_locale":"en_US","og_type":"article","og_title":"Poziv za dostavljanje prijedloga projekata o konkurentnosti privatnog sektora - Europe House","og_description":"Unaprje\u0111enje poslovnog okru\u017eenja i konkurentnosti privatnog sektora","og_url":"https:\/\/www.evropskakuca.me\/me\/poziv-za-dostavljanje-prijedloga-projekata-o-konkurentnosti-privatnog-sektora\/","og_site_name":"Europe House","article_publisher":"https:\/\/www.facebook.com\/evropska.kuca","article_published_time":"2018-03-20T13:35:26+00:00","og_image":[{"width":1024,"height":683,"url":"https:\/\/www.evropskakuca.me\/wp-content\/uploads\/2018\/03\/180320_IPA_info_sess-1-1024x683.jpg","type":"image\/jpeg"}],"author":"mkajic","twitter_card":"summary_large_image","twitter_creator":"@evropska_kuca","twitter_site":"@evropska_kuca","twitter_misc":{"Written by":"mkajic","Est. reading time":"2 minutes"},"schema":{"@context":"https:\/\/schema.org","@graph":[{"@type":"Article","@id":"https:\/\/www.evropskakuca.me\/me\/poziv-za-dostavljanje-prijedloga-projekata-o-konkurentnosti-privatnog-sektora\/#article","isPartOf":{"@id":"https:\/\/www.evropskakuca.me\/me\/poziv-za-dostavljanje-prijedloga-projekata-o-konkurentnosti-privatnog-sektora\/"},"author":{"name":"mkajic","@id":"https:\/\/www.evropskakuca.me\/me\/#\/schema\/person\/a1d0dcdaefe4a1cd1d60d200ea137ba4"},"headline":"Poziv za dostavljanje prijedloga projekata o konkurentnosti privatnog sektora","datePublished":"2018-03-20T13:35:26+00:00","mainEntityOfPage":{"@id":"https:\/\/www.evropskakuca.me\/me\/poziv-za-dostavljanje-prijedloga-projekata-o-konkurentnosti-privatnog-sektora\/"},"wordCount":389,"commentCount":0,"publisher":{"@id":"https:\/\/www.evropskakuca.me\/me\/#organization"},"image":{"@id":"https:\/\/www.evropskakuca.me\/me\/poziv-za-dostavljanje-prijedloga-projekata-o-konkurentnosti-privatnog-sektora\/#primaryimage"},"thumbnailUrl":"https:\/\/www.evropskakuca.me\/wp-content\/uploads\/2018\/03\/180320_IPA_info_sess-1.jpg","articleSection":["Novosti"],"inLanguage":"me-ME","potentialAction":[{"@type":"CommentAction","name":"Comment","target":["https:\/\/www.evropskakuca.me\/me\/poziv-za-dostavljanje-prijedloga-projekata-o-konkurentnosti-privatnog-sektora\/#respond"]}]},{"@type":"WebPage","@id":"https:\/\/www.evropskakuca.me\/me\/poziv-za-dostavljanje-prijedloga-projekata-o-konkurentnosti-privatnog-sektora\/","url":"https:\/\/www.evropskakuca.me\/me\/poziv-za-dostavljanje-prijedloga-projekata-o-konkurentnosti-privatnog-sektora\/","name":"Poziv za dostavljanje prijedloga projekata o konkurentnosti privatnog sektora - Europe House","isPartOf":{"@id":"https:\/\/www.evropskakuca.me\/me\/#website"},"primaryImageOfPage":{"@id":"https:\/\/www.evropskakuca.me\/me\/poziv-za-dostavljanje-prijedloga-projekata-o-konkurentnosti-privatnog-sektora\/#primaryimage"},"image":{"@id":"https:\/\/www.evropskakuca.me\/me\/poziv-za-dostavljanje-prijedloga-projekata-o-konkurentnosti-privatnog-sektora\/#primaryimage"},"thumbnailUrl":"https:\/\/www.evropskakuca.me\/wp-content\/uploads\/2018\/03\/180320_IPA_info_sess-1.jpg","datePublished":"2018-03-20T13:35:26+00:00","breadcrumb":{"@id":"https:\/\/www.evropskakuca.me\/me\/poziv-za-dostavljanje-prijedloga-projekata-o-konkurentnosti-privatnog-sektora\/#breadcrumb"},"inLanguage":"me-ME","potentialAction":[{"@type":"ReadAction","target":["https:\/\/www.evropskakuca.me\/me\/poziv-za-dostavljanje-prijedloga-projekata-o-konkurentnosti-privatnog-sektora\/"]}]},{"@type":"ImageObject","inLanguage":"me-ME","@id":"https:\/\/www.evropskakuca.me\/me\/poziv-za-dostavljanje-prijedloga-projekata-o-konkurentnosti-privatnog-sektora\/#primaryimage","url":"https:\/\/www.evropskakuca.me\/wp-content\/uploads\/2018\/03\/180320_IPA_info_sess-1.jpg","contentUrl":"https:\/\/www.evropskakuca.me\/wp-content\/uploads\/2018\/03\/180320_IPA_info_sess-1.jpg","width":2028,"height":1352},{"@type":"BreadcrumbList","@id":"https:\/\/www.evropskakuca.me\/me\/poziv-za-dostavljanje-prijedloga-projekata-o-konkurentnosti-privatnog-sektora\/#breadcrumb","itemListElement":[{"@type":"ListItem","position":1,"name":"Home","item":"https:\/\/www.evropskakuca.me\/me\/"},{"@type":"ListItem","position":2,"name":"Poziv za dostavljanje prijedloga projekata o konkurentnosti privatnog sektora"}]},{"@type":"WebSite","@id":"https:\/\/www.evropskakuca.me\/me\/#website","url":"https:\/\/www.evropskakuca.me\/me\/","name":"Evropean house","description":"","publisher":{"@id":"https:\/\/www.evropskakuca.me\/me\/#organization"},"potentialAction":[{"@type":"SearchAction","target":{"@type":"EntryPoint","urlTemplate":"https:\/\/www.evropskakuca.me\/me\/?s={search_term_string}"},"query-input":{"@type":"PropertyValueSpecification","valueRequired":true,"valueName":"search_term_string"}}],"inLanguage":"me-ME"},{"@type":"Organization","@id":"https:\/\/www.evropskakuca.me\/me\/#organization","name":"Evropean house","url":"https:\/\/www.evropskakuca.me\/me\/","logo":{"@type":"ImageObject","inLanguage":"me-ME","@id":"https:\/\/www.evropskakuca.me\/me\/#\/schema\/logo\/image\/","url":"https:\/\/www.evropskakuca.me\/wp-content\/uploads\/2025\/01\/evropska-kuca-logo-1.png","contentUrl":"https:\/\/www.evropskakuca.me\/wp-content\/uploads\/2025\/01\/evropska-kuca-logo-1.png","width":425,"height":312,"caption":"Evropean house"},"image":{"@id":"https:\/\/www.evropskakuca.me\/me\/#\/schema\/logo\/image\/"},"sameAs":["https:\/\/www.facebook.com\/evropska.kuca","https:\/\/x.com\/evropska_kuca","https:\/\/www.instagram.com\/evropska_kuca"]},{"@type":"Person","@id":"https:\/\/www.evropskakuca.me\/me\/#\/schema\/person\/a1d0dcdaefe4a1cd1d60d200ea137ba4","name":"mkajic","image":{"@type":"ImageObject","inLanguage":"me-ME","@id":"https:\/\/secure.gravatar.com\/avatar\/731fa035cefab7316e6bafd1f25a93fb731a07de14e2d9923f8db4422628eabc?s=96&d=mm&r=g","url":"https:\/\/secure.gravatar.com\/avatar\/731fa035cefab7316e6bafd1f25a93fb731a07de14e2d9923f8db4422628eabc?s=96&d=mm&r=g","contentUrl":"https:\/\/secure.gravatar.com\/avatar\/731fa035cefab7316e6bafd1f25a93fb731a07de14e2d9923f8db4422628eabc?s=96&d=mm&r=g","caption":"mkajic"},"sameAs":["https:\/\/evropskakuca.me"],"url":"https:\/\/www.evropskakuca.me\/me\/author\/mkajic\/"}]}},"_links":{"self":[{"href":"https:\/\/www.evropskakuca.me\/me\/wp-json\/wp\/v2\/posts\/5031","targetHints":{"allow":["GET"]}}],"collection":[{"href":"https:\/\/www.evropskakuca.me\/me\/wp-json\/wp\/v2\/posts"}],"about":[{"href":"https:\/\/www.evropskakuca.me\/me\/wp-json\/wp\/v2\/types\/post"}],"author":[{"embeddable":true,"href":"https:\/\/www.evropskakuca.me\/me\/wp-json\/wp\/v2\/users\/1"}],"replies":[{"embeddable":true,"href":"https:\/\/www.evropskakuca.me\/me\/wp-json\/wp\/v2\/comments?post=5031"}],"version-history":[{"count":0,"href":"https:\/\/www.evropskakuca.me\/me\/wp-json\/wp\/v2\/posts\/5031\/revisions"}],"wp:featuredmedia":[{"embeddable":true,"href":"https:\/\/www.evropskakuca.me\/me\/wp-json\/wp\/v2\/media\/33477"}],"wp:attachment":[{"href":"https:\/\/www.evropskakuca.me\/me\/wp-json\/wp\/v2\/media?parent=5031"}],"wp:term":[{"taxonomy":"category","embeddable":true,"href":"https:\/\/www.evropskakuca.me\/me\/wp-json\/wp\/v2\/categories?post=5031"},{"taxonomy":"post_tag","embeddable":true,"href":"https:\/\/www.evropskakuca.me\/me\/wp-json\/wp\/v2\/tags?post=5031"}],"curies":[{"name":"wp","href":"https:\/\/api.w.org\/{rel}","templated":true}]}}