{"id":5019,"date":"2018-03-16T15:12:06","date_gmt":"2018-03-16T15:12:06","guid":{"rendered":"http:\/\/www.evropskakuca.me\/me\/?p=5019"},"modified":"2018-03-16T15:12:06","modified_gmt":"2018-03-16T15:12:06","slug":"sacuvati-biodiverzitet-prilikom-gradnje-malih-hidroelektrana","status":"publish","type":"post","link":"https:\/\/www.evropskakuca.me\/me\/sacuvati-biodiverzitet-prilikom-gradnje-malih-hidroelektrana\/","title":{"rendered":"Sa\u010duvati biodiverzitet prilikom gradnje malih hidroelektrana"},"content":{"rendered":"<p>Kada jednom uni\u0161tite stani\u0161te endemske vrste, vi ste je izbrisali sa lica zemlje, i zato se procjenama uticaja na \u017eivotnu sredinu mora pristupati ozbiljno. To je re\u010deno na okruglom stolu \u201eOdr\u017eivost hidropotencijala i prirodnih vrijednosti Crne Gore sa osvrtom na planove izgradnje malih hidroelektrana na rijeci Bukovici i realizovane projekte\u201d odr\u017eanom u petak 16 marta u EU info Centru u Podgorici.<\/p>\n<p>Jelena Marojevic Gali\u0107, sekretarka Koalicije 27, iskazala je nezadovoljstvo zbog nedolaska predstavnika odre\u0111enih dr\u017eavnih institucija na ovaj doga\u0111aj.<\/p>\n<p>\u201eIako se male hidrocentrale smatraju obnovljivim izvorima energij, \u00a0proces planiranja i realizacije u Crnoj Gori je u suprotnosti sa principima integralnog kori\u0161tenja rije\u010dnih tokova i nije zasnovan na principima odr\u017eivog odr\u017eivog razvoja\u201c kazala je Marojevi\u0107 Gali\u0107.<\/p>\n<p>Profesor na Univerzitetu Crne Gore i biolog, Vladimir Pe\u0161i\u0107, u\u010destvovao je u procjeni uticaja na \u017eivi svijet za rijeku Bukovicu i upozorava na posljedice.<\/p>\n<p>\u201eAko uzmete 90 % vode, to je 90% gubitka stani\u0161ta, to zna\u010di da \u0107e do pola vrsta da nestane. To je takozvana lokalna ekstinkcija. U Bukovici \u0107e najgore da pro\u0111u vrste koje \u017eive na dnu rijeke jer \u0107e ve\u0107ina njih da nestane. Te vrste \u0107e ipak nastaviti da \u017eive nizvodno ili uzvodno, i ne\u0107e potpuno nestati. Druga stvar je kada govorimo o endemima. Postoji leptir koji je endemska vrsta i da mi znamo \u017eivi samo na Bukovici. Jednom kad nestane on je potpuno je izgubljen. Mi imamo primjere da su neke vrste koje su endemicne za Crnu goru vec nestale,\u201c kazao je Pe\u0161i\u0107<\/p>\n<p><img fetchpriority=\"high\" decoding=\"async\" class=\"alignleft size-large wp-image-5020\" src=\"http:\/\/www.evropskakuca.me\/wp-content\/uploads\/2018\/03\/180316_izgradnja_hidrocentrala-7-1024x683.jpg\" alt=\"\" width=\"1024\" height=\"683\" \/><\/p>\n<p>Milija \u010cabarkapa, iz NVO Green Home kazao je da do sada odobreno 68 malih hidroelektrana \u0161to je \u00a0zna\u010dan broj uzimaju\u0107i u obzir broj rijeka i velicinu dr\u017eave. On je istakao da je od samog po\u010detka postojao niz problema sa izgradnjom mini hindrocentrala, poput nepostojanja registra vodotoka i ta\u010dnih podataka o biodiverzitetu, nepostojanju vi\u0161egodi\u0161njeg plana davanja koncesija, neadekvatnog obavje\u0161tavanja lokalnog stanovni\u0161tva.<\/p>\n<p>\u201eProblem je i \u0161to su obaveze koncesionara nedovoljno definisane. Tako smo imali slu\u010daj gdje je koncesionar raskinuo ugovor ali nije vratio rijeku u prvobitno stanje,\u201c kazao je \u010cabarkapa.<\/p>\n<p>Predstavnik Dru\u0161tva crnogorskih ekologa, Vuk Ikovi\u0107, osvrnuo se na problem da se prilikom izrade procjene uticaja na dru\u0161tvenu sredinu \u010desto preska\u010de analiza po\u010detnog stanja.<\/p>\n<p>\u201eUkoliko nemamo po\u010detno stanje, nemogu\u0107e je da firma koja pravi elaborat defini\u0161e primjenjive mjere. To je kao kad odete kod ljekara bez nalaza zdravstvenog stanja. On onda ne mo\u017ee na prepi\u0161e lijek. Ako po\u010detno stanje nije dobro napravljeno svi ostali koraci su nemogu\u0107i,\u201c objasnio je Ikovi\u0107.<\/p>\n<p>Profesor Filip Bun iz Evropskog komiteta za standardizaciju, kazao je da postoji vi\u0161e faktora koji ugro\u017eavaju rijeke.<\/p>\n<p>\u201e\u0160ta mi mo\u017eemo da uradimo? Da koristimo legislativu. EU je usvojila mnoge va\u017ene direktive u posljednjih 20 godina me\u0111u kojima se isti\u010de Okvirna direktiva o vodama. Ona pokriva sve vrste voda, tra\u017ei od zemalja \u010dlanica da ih klasifikuju, da analiziraju hidro-morfologiju i kvalitet vode. Tako\u0111e je va\u017ena Direktiva o habitatu. Nema vi\u0161e potpuno netaknutih rijeka, ali ima onih koje zovemo prirodne. Moramo raditi da takve i ostanu, i da ubla\u017eimo i ispravimo svu \u0161tetu koja je nanijeta, \u201c kazao je Bun.<\/p>\n<p>Okrugli sto je odr\u017ean u sklopu projekta \u201eJa\u010danje kapaciteta za bolju \u017eivotnu sredinu u Crnoj Gori\u201d \u010diji je nosilac NVO Green Home, a finansira se kroz IPA 2014.<\/p>\n","protected":false},"excerpt":{"rendered":"<p>Odr\u017eivost hidropotencijala i prirodnih vrijednosti Crne Gore<\/p>\n","protected":false},"author":1,"featured_media":33465,"comment_status":"open","ping_status":"open","sticky":false,"template":"","format":"standard","meta":{"_acf_changed":false,"footnotes":""},"categories":[283],"tags":[],"class_list":["post-5019","post","type-post","status-publish","format-standard","has-post-thumbnail","hentry","category-novosti-me"],"acf":[],"yoast_head":"<!-- This site is optimized with the Yoast SEO plugin v27.3 - https:\/\/yoast.com\/product\/yoast-seo-wordpress\/ -->\n<title>Sa\u010duvati biodiverzitet prilikom gradnje malih hidroelektrana - Europe House<\/title>\n<meta name=\"robots\" content=\"index, follow, max-snippet:-1, max-image-preview:large, max-video-preview:-1\" \/>\n<link rel=\"canonical\" href=\"https:\/\/www.evropskakuca.me\/me\/sacuvati-biodiverzitet-prilikom-gradnje-malih-hidroelektrana\/\" \/>\n<meta property=\"og:locale\" content=\"en_US\" \/>\n<meta property=\"og:type\" content=\"article\" \/>\n<meta property=\"og:title\" content=\"Sa\u010duvati biodiverzitet prilikom gradnje malih hidroelektrana - Europe House\" \/>\n<meta property=\"og:description\" content=\"Odr\u017eivost hidropotencijala i prirodnih vrijednosti Crne Gore\" \/>\n<meta property=\"og:url\" content=\"https:\/\/www.evropskakuca.me\/me\/sacuvati-biodiverzitet-prilikom-gradnje-malih-hidroelektrana\/\" \/>\n<meta property=\"og:site_name\" content=\"Europe House\" \/>\n<meta property=\"article:publisher\" content=\"https:\/\/www.facebook.com\/evropska.kuca\" \/>\n<meta property=\"article:published_time\" content=\"2018-03-16T15:12:06+00:00\" \/>\n<meta property=\"og:image\" content=\"https:\/\/www.evropskakuca.me\/wp-content\/uploads\/2018\/03\/180316_izgradnja_hidrocentrala-6-1024x683.jpg\" \/>\n\t<meta property=\"og:image:width\" content=\"1024\" \/>\n\t<meta property=\"og:image:height\" content=\"683\" \/>\n\t<meta property=\"og:image:type\" content=\"image\/jpeg\" \/>\n<meta name=\"author\" content=\"mkajic\" \/>\n<meta name=\"twitter:card\" content=\"summary_large_image\" \/>\n<meta name=\"twitter:creator\" content=\"@evropska_kuca\" \/>\n<meta name=\"twitter:site\" content=\"@evropska_kuca\" \/>\n<meta name=\"twitter:label1\" content=\"Written by\" \/>\n\t<meta name=\"twitter:data1\" content=\"mkajic\" \/>\n\t<meta name=\"twitter:label2\" content=\"Est. reading time\" \/>\n\t<meta name=\"twitter:data2\" content=\"3 minutes\" \/>\n<script type=\"application\/ld+json\" class=\"yoast-schema-graph\">{\"@context\":\"https:\\\/\\\/schema.org\",\"@graph\":[{\"@type\":\"Article\",\"@id\":\"https:\\\/\\\/www.evropskakuca.me\\\/me\\\/sacuvati-biodiverzitet-prilikom-gradnje-malih-hidroelektrana\\\/#article\",\"isPartOf\":{\"@id\":\"https:\\\/\\\/www.evropskakuca.me\\\/me\\\/sacuvati-biodiverzitet-prilikom-gradnje-malih-hidroelektrana\\\/\"},\"author\":{\"name\":\"mkajic\",\"@id\":\"https:\\\/\\\/www.evropskakuca.me\\\/me\\\/#\\\/schema\\\/person\\\/a1d0dcdaefe4a1cd1d60d200ea137ba4\"},\"headline\":\"Sa\u010duvati biodiverzitet prilikom gradnje malih hidroelektrana\",\"datePublished\":\"2018-03-16T15:12:06+00:00\",\"mainEntityOfPage\":{\"@id\":\"https:\\\/\\\/www.evropskakuca.me\\\/me\\\/sacuvati-biodiverzitet-prilikom-gradnje-malih-hidroelektrana\\\/\"},\"wordCount\":578,\"commentCount\":0,\"publisher\":{\"@id\":\"https:\\\/\\\/www.evropskakuca.me\\\/me\\\/#organization\"},\"image\":{\"@id\":\"https:\\\/\\\/www.evropskakuca.me\\\/me\\\/sacuvati-biodiverzitet-prilikom-gradnje-malih-hidroelektrana\\\/#primaryimage\"},\"thumbnailUrl\":\"https:\\\/\\\/www.evropskakuca.me\\\/wp-content\\\/uploads\\\/2018\\\/03\\\/180316_izgradnja_hidrocentrala-6.jpg\",\"articleSection\":[\"Novosti\"],\"inLanguage\":\"me-ME\",\"potentialAction\":[{\"@type\":\"CommentAction\",\"name\":\"Comment\",\"target\":[\"https:\\\/\\\/www.evropskakuca.me\\\/me\\\/sacuvati-biodiverzitet-prilikom-gradnje-malih-hidroelektrana\\\/#respond\"]}]},{\"@type\":\"WebPage\",\"@id\":\"https:\\\/\\\/www.evropskakuca.me\\\/me\\\/sacuvati-biodiverzitet-prilikom-gradnje-malih-hidroelektrana\\\/\",\"url\":\"https:\\\/\\\/www.evropskakuca.me\\\/me\\\/sacuvati-biodiverzitet-prilikom-gradnje-malih-hidroelektrana\\\/\",\"name\":\"Sa\u010duvati biodiverzitet prilikom gradnje malih hidroelektrana - Europe House\",\"isPartOf\":{\"@id\":\"https:\\\/\\\/www.evropskakuca.me\\\/me\\\/#website\"},\"primaryImageOfPage\":{\"@id\":\"https:\\\/\\\/www.evropskakuca.me\\\/me\\\/sacuvati-biodiverzitet-prilikom-gradnje-malih-hidroelektrana\\\/#primaryimage\"},\"image\":{\"@id\":\"https:\\\/\\\/www.evropskakuca.me\\\/me\\\/sacuvati-biodiverzitet-prilikom-gradnje-malih-hidroelektrana\\\/#primaryimage\"},\"thumbnailUrl\":\"https:\\\/\\\/www.evropskakuca.me\\\/wp-content\\\/uploads\\\/2018\\\/03\\\/180316_izgradnja_hidrocentrala-6.jpg\",\"datePublished\":\"2018-03-16T15:12:06+00:00\",\"breadcrumb\":{\"@id\":\"https:\\\/\\\/www.evropskakuca.me\\\/me\\\/sacuvati-biodiverzitet-prilikom-gradnje-malih-hidroelektrana\\\/#breadcrumb\"},\"inLanguage\":\"me-ME\",\"potentialAction\":[{\"@type\":\"ReadAction\",\"target\":[\"https:\\\/\\\/www.evropskakuca.me\\\/me\\\/sacuvati-biodiverzitet-prilikom-gradnje-malih-hidroelektrana\\\/\"]}]},{\"@type\":\"ImageObject\",\"inLanguage\":\"me-ME\",\"@id\":\"https:\\\/\\\/www.evropskakuca.me\\\/me\\\/sacuvati-biodiverzitet-prilikom-gradnje-malih-hidroelektrana\\\/#primaryimage\",\"url\":\"https:\\\/\\\/www.evropskakuca.me\\\/wp-content\\\/uploads\\\/2018\\\/03\\\/180316_izgradnja_hidrocentrala-6.jpg\",\"contentUrl\":\"https:\\\/\\\/www.evropskakuca.me\\\/wp-content\\\/uploads\\\/2018\\\/03\\\/180316_izgradnja_hidrocentrala-6.jpg\",\"width\":2028,\"height\":1352},{\"@type\":\"BreadcrumbList\",\"@id\":\"https:\\\/\\\/www.evropskakuca.me\\\/me\\\/sacuvati-biodiverzitet-prilikom-gradnje-malih-hidroelektrana\\\/#breadcrumb\",\"itemListElement\":[{\"@type\":\"ListItem\",\"position\":1,\"name\":\"Home\",\"item\":\"https:\\\/\\\/www.evropskakuca.me\\\/me\\\/\"},{\"@type\":\"ListItem\",\"position\":2,\"name\":\"Sa\u010duvati biodiverzitet prilikom gradnje malih hidroelektrana\"}]},{\"@type\":\"WebSite\",\"@id\":\"https:\\\/\\\/www.evropskakuca.me\\\/me\\\/#website\",\"url\":\"https:\\\/\\\/www.evropskakuca.me\\\/me\\\/\",\"name\":\"Evropean house\",\"description\":\"\",\"publisher\":{\"@id\":\"https:\\\/\\\/www.evropskakuca.me\\\/me\\\/#organization\"},\"potentialAction\":[{\"@type\":\"SearchAction\",\"target\":{\"@type\":\"EntryPoint\",\"urlTemplate\":\"https:\\\/\\\/www.evropskakuca.me\\\/me\\\/?s={search_term_string}\"},\"query-input\":{\"@type\":\"PropertyValueSpecification\",\"valueRequired\":true,\"valueName\":\"search_term_string\"}}],\"inLanguage\":\"me-ME\"},{\"@type\":\"Organization\",\"@id\":\"https:\\\/\\\/www.evropskakuca.me\\\/me\\\/#organization\",\"name\":\"Evropean house\",\"url\":\"https:\\\/\\\/www.evropskakuca.me\\\/me\\\/\",\"logo\":{\"@type\":\"ImageObject\",\"inLanguage\":\"me-ME\",\"@id\":\"https:\\\/\\\/www.evropskakuca.me\\\/me\\\/#\\\/schema\\\/logo\\\/image\\\/\",\"url\":\"https:\\\/\\\/www.evropskakuca.me\\\/wp-content\\\/uploads\\\/2025\\\/01\\\/evropska-kuca-logo-1.png\",\"contentUrl\":\"https:\\\/\\\/www.evropskakuca.me\\\/wp-content\\\/uploads\\\/2025\\\/01\\\/evropska-kuca-logo-1.png\",\"width\":425,\"height\":312,\"caption\":\"Evropean house\"},\"image\":{\"@id\":\"https:\\\/\\\/www.evropskakuca.me\\\/me\\\/#\\\/schema\\\/logo\\\/image\\\/\"},\"sameAs\":[\"https:\\\/\\\/www.facebook.com\\\/evropska.kuca\",\"https:\\\/\\\/x.com\\\/evropska_kuca\",\"https:\\\/\\\/www.instagram.com\\\/evropska_kuca\"]},{\"@type\":\"Person\",\"@id\":\"https:\\\/\\\/www.evropskakuca.me\\\/me\\\/#\\\/schema\\\/person\\\/a1d0dcdaefe4a1cd1d60d200ea137ba4\",\"name\":\"mkajic\",\"image\":{\"@type\":\"ImageObject\",\"inLanguage\":\"me-ME\",\"@id\":\"https:\\\/\\\/secure.gravatar.com\\\/avatar\\\/731fa035cefab7316e6bafd1f25a93fb731a07de14e2d9923f8db4422628eabc?s=96&d=mm&r=g\",\"url\":\"https:\\\/\\\/secure.gravatar.com\\\/avatar\\\/731fa035cefab7316e6bafd1f25a93fb731a07de14e2d9923f8db4422628eabc?s=96&d=mm&r=g\",\"contentUrl\":\"https:\\\/\\\/secure.gravatar.com\\\/avatar\\\/731fa035cefab7316e6bafd1f25a93fb731a07de14e2d9923f8db4422628eabc?s=96&d=mm&r=g\",\"caption\":\"mkajic\"},\"sameAs\":[\"https:\\\/\\\/evropskakuca.me\"],\"url\":\"https:\\\/\\\/www.evropskakuca.me\\\/me\\\/author\\\/mkajic\\\/\"}]}<\/script>\n<!-- \/ Yoast SEO plugin. -->","yoast_head_json":{"title":"Sa\u010duvati biodiverzitet prilikom gradnje malih hidroelektrana - Europe House","robots":{"index":"index","follow":"follow","max-snippet":"max-snippet:-1","max-image-preview":"max-image-preview:large","max-video-preview":"max-video-preview:-1"},"canonical":"https:\/\/www.evropskakuca.me\/me\/sacuvati-biodiverzitet-prilikom-gradnje-malih-hidroelektrana\/","og_locale":"en_US","og_type":"article","og_title":"Sa\u010duvati biodiverzitet prilikom gradnje malih hidroelektrana - Europe House","og_description":"Odr\u017eivost hidropotencijala i prirodnih vrijednosti Crne Gore","og_url":"https:\/\/www.evropskakuca.me\/me\/sacuvati-biodiverzitet-prilikom-gradnje-malih-hidroelektrana\/","og_site_name":"Europe House","article_publisher":"https:\/\/www.facebook.com\/evropska.kuca","article_published_time":"2018-03-16T15:12:06+00:00","og_image":[{"width":1024,"height":683,"url":"https:\/\/www.evropskakuca.me\/wp-content\/uploads\/2018\/03\/180316_izgradnja_hidrocentrala-6-1024x683.jpg","type":"image\/jpeg"}],"author":"mkajic","twitter_card":"summary_large_image","twitter_creator":"@evropska_kuca","twitter_site":"@evropska_kuca","twitter_misc":{"Written by":"mkajic","Est. reading time":"3 minutes"},"schema":{"@context":"https:\/\/schema.org","@graph":[{"@type":"Article","@id":"https:\/\/www.evropskakuca.me\/me\/sacuvati-biodiverzitet-prilikom-gradnje-malih-hidroelektrana\/#article","isPartOf":{"@id":"https:\/\/www.evropskakuca.me\/me\/sacuvati-biodiverzitet-prilikom-gradnje-malih-hidroelektrana\/"},"author":{"name":"mkajic","@id":"https:\/\/www.evropskakuca.me\/me\/#\/schema\/person\/a1d0dcdaefe4a1cd1d60d200ea137ba4"},"headline":"Sa\u010duvati biodiverzitet prilikom gradnje malih hidroelektrana","datePublished":"2018-03-16T15:12:06+00:00","mainEntityOfPage":{"@id":"https:\/\/www.evropskakuca.me\/me\/sacuvati-biodiverzitet-prilikom-gradnje-malih-hidroelektrana\/"},"wordCount":578,"commentCount":0,"publisher":{"@id":"https:\/\/www.evropskakuca.me\/me\/#organization"},"image":{"@id":"https:\/\/www.evropskakuca.me\/me\/sacuvati-biodiverzitet-prilikom-gradnje-malih-hidroelektrana\/#primaryimage"},"thumbnailUrl":"https:\/\/www.evropskakuca.me\/wp-content\/uploads\/2018\/03\/180316_izgradnja_hidrocentrala-6.jpg","articleSection":["Novosti"],"inLanguage":"me-ME","potentialAction":[{"@type":"CommentAction","name":"Comment","target":["https:\/\/www.evropskakuca.me\/me\/sacuvati-biodiverzitet-prilikom-gradnje-malih-hidroelektrana\/#respond"]}]},{"@type":"WebPage","@id":"https:\/\/www.evropskakuca.me\/me\/sacuvati-biodiverzitet-prilikom-gradnje-malih-hidroelektrana\/","url":"https:\/\/www.evropskakuca.me\/me\/sacuvati-biodiverzitet-prilikom-gradnje-malih-hidroelektrana\/","name":"Sa\u010duvati biodiverzitet prilikom gradnje malih hidroelektrana - Europe House","isPartOf":{"@id":"https:\/\/www.evropskakuca.me\/me\/#website"},"primaryImageOfPage":{"@id":"https:\/\/www.evropskakuca.me\/me\/sacuvati-biodiverzitet-prilikom-gradnje-malih-hidroelektrana\/#primaryimage"},"image":{"@id":"https:\/\/www.evropskakuca.me\/me\/sacuvati-biodiverzitet-prilikom-gradnje-malih-hidroelektrana\/#primaryimage"},"thumbnailUrl":"https:\/\/www.evropskakuca.me\/wp-content\/uploads\/2018\/03\/180316_izgradnja_hidrocentrala-6.jpg","datePublished":"2018-03-16T15:12:06+00:00","breadcrumb":{"@id":"https:\/\/www.evropskakuca.me\/me\/sacuvati-biodiverzitet-prilikom-gradnje-malih-hidroelektrana\/#breadcrumb"},"inLanguage":"me-ME","potentialAction":[{"@type":"ReadAction","target":["https:\/\/www.evropskakuca.me\/me\/sacuvati-biodiverzitet-prilikom-gradnje-malih-hidroelektrana\/"]}]},{"@type":"ImageObject","inLanguage":"me-ME","@id":"https:\/\/www.evropskakuca.me\/me\/sacuvati-biodiverzitet-prilikom-gradnje-malih-hidroelektrana\/#primaryimage","url":"https:\/\/www.evropskakuca.me\/wp-content\/uploads\/2018\/03\/180316_izgradnja_hidrocentrala-6.jpg","contentUrl":"https:\/\/www.evropskakuca.me\/wp-content\/uploads\/2018\/03\/180316_izgradnja_hidrocentrala-6.jpg","width":2028,"height":1352},{"@type":"BreadcrumbList","@id":"https:\/\/www.evropskakuca.me\/me\/sacuvati-biodiverzitet-prilikom-gradnje-malih-hidroelektrana\/#breadcrumb","itemListElement":[{"@type":"ListItem","position":1,"name":"Home","item":"https:\/\/www.evropskakuca.me\/me\/"},{"@type":"ListItem","position":2,"name":"Sa\u010duvati biodiverzitet prilikom gradnje malih hidroelektrana"}]},{"@type":"WebSite","@id":"https:\/\/www.evropskakuca.me\/me\/#website","url":"https:\/\/www.evropskakuca.me\/me\/","name":"Evropean house","description":"","publisher":{"@id":"https:\/\/www.evropskakuca.me\/me\/#organization"},"potentialAction":[{"@type":"SearchAction","target":{"@type":"EntryPoint","urlTemplate":"https:\/\/www.evropskakuca.me\/me\/?s={search_term_string}"},"query-input":{"@type":"PropertyValueSpecification","valueRequired":true,"valueName":"search_term_string"}}],"inLanguage":"me-ME"},{"@type":"Organization","@id":"https:\/\/www.evropskakuca.me\/me\/#organization","name":"Evropean house","url":"https:\/\/www.evropskakuca.me\/me\/","logo":{"@type":"ImageObject","inLanguage":"me-ME","@id":"https:\/\/www.evropskakuca.me\/me\/#\/schema\/logo\/image\/","url":"https:\/\/www.evropskakuca.me\/wp-content\/uploads\/2025\/01\/evropska-kuca-logo-1.png","contentUrl":"https:\/\/www.evropskakuca.me\/wp-content\/uploads\/2025\/01\/evropska-kuca-logo-1.png","width":425,"height":312,"caption":"Evropean house"},"image":{"@id":"https:\/\/www.evropskakuca.me\/me\/#\/schema\/logo\/image\/"},"sameAs":["https:\/\/www.facebook.com\/evropska.kuca","https:\/\/x.com\/evropska_kuca","https:\/\/www.instagram.com\/evropska_kuca"]},{"@type":"Person","@id":"https:\/\/www.evropskakuca.me\/me\/#\/schema\/person\/a1d0dcdaefe4a1cd1d60d200ea137ba4","name":"mkajic","image":{"@type":"ImageObject","inLanguage":"me-ME","@id":"https:\/\/secure.gravatar.com\/avatar\/731fa035cefab7316e6bafd1f25a93fb731a07de14e2d9923f8db4422628eabc?s=96&d=mm&r=g","url":"https:\/\/secure.gravatar.com\/avatar\/731fa035cefab7316e6bafd1f25a93fb731a07de14e2d9923f8db4422628eabc?s=96&d=mm&r=g","contentUrl":"https:\/\/secure.gravatar.com\/avatar\/731fa035cefab7316e6bafd1f25a93fb731a07de14e2d9923f8db4422628eabc?s=96&d=mm&r=g","caption":"mkajic"},"sameAs":["https:\/\/evropskakuca.me"],"url":"https:\/\/www.evropskakuca.me\/me\/author\/mkajic\/"}]}},"_links":{"self":[{"href":"https:\/\/www.evropskakuca.me\/me\/wp-json\/wp\/v2\/posts\/5019","targetHints":{"allow":["GET"]}}],"collection":[{"href":"https:\/\/www.evropskakuca.me\/me\/wp-json\/wp\/v2\/posts"}],"about":[{"href":"https:\/\/www.evropskakuca.me\/me\/wp-json\/wp\/v2\/types\/post"}],"author":[{"embeddable":true,"href":"https:\/\/www.evropskakuca.me\/me\/wp-json\/wp\/v2\/users\/1"}],"replies":[{"embeddable":true,"href":"https:\/\/www.evropskakuca.me\/me\/wp-json\/wp\/v2\/comments?post=5019"}],"version-history":[{"count":0,"href":"https:\/\/www.evropskakuca.me\/me\/wp-json\/wp\/v2\/posts\/5019\/revisions"}],"wp:featuredmedia":[{"embeddable":true,"href":"https:\/\/www.evropskakuca.me\/me\/wp-json\/wp\/v2\/media\/33465"}],"wp:attachment":[{"href":"https:\/\/www.evropskakuca.me\/me\/wp-json\/wp\/v2\/media?parent=5019"}],"wp:term":[{"taxonomy":"category","embeddable":true,"href":"https:\/\/www.evropskakuca.me\/me\/wp-json\/wp\/v2\/categories?post=5019"},{"taxonomy":"post_tag","embeddable":true,"href":"https:\/\/www.evropskakuca.me\/me\/wp-json\/wp\/v2\/tags?post=5019"}],"curies":[{"name":"wp","href":"https:\/\/api.w.org\/{rel}","templated":true}]}}