{"id":4994,"date":"2018-03-14T13:33:05","date_gmt":"2018-03-14T13:33:05","guid":{"rendered":"http:\/\/www.evropskakuca.me\/me\/?p=4994"},"modified":"2018-03-14T13:33:05","modified_gmt":"2018-03-14T13:33:05","slug":"foto-konkurs-nasa-kulturna-bastina-evropsko-nasljede","status":"publish","type":"post","link":"https:\/\/www.evropskakuca.me\/me\/foto-konkurs-nasa-kulturna-bastina-evropsko-nasljede\/","title":{"rendered":"Foto konkurs \u201eNa\u0161a kulturna ba\u0161tina\u00a0 \u2013 evropsko naslje\u0111e\u201c"},"content":{"rendered":"<p>Delegacija Evropske unije u Crnoj Gori i EU Info centar raspisuju konkurs za najbolju fotografiju na temu kulturnog naslje\u0111a. Konkurs, pod nazivom <strong><em>\u201eNa\u0161a kulturna ba\u0161tina \u2013 evropsko naslje\u0111e\u201c,<\/em><\/strong> se organizuje povodom obilje\u017eavanja 9. maja Dana Evrope.<\/p>\n<p>Evropska unija proglasila je 2018. godinu za godinu kulturne ba\u0161tine. Cilj Evropske godine kulturne ba\u0161tine je da podstakne \u0161to vi\u0161e ljudi na otkrivanje i istra\u017eivanje evropske kulturne ba\u0161tine, kao i da oja\u010da osje\u0107aj pripadnosti zajedni\u010dkom evopskom prostoru. Slogan Evropske godine kulturne ba\u0161tine glasi: <strong><em>\u201eNa\u0161a ba\u0161tina: spoj pro\u0161losti i budu\u0107nosti\u201d.<\/em><\/strong><\/p>\n<p>Pozivamo sve ljubitelje fotografije da se uklju\u010de u obilje\u017eavanje proslave Dana Evrope tako \u0161to \u0107e u\u010destvovati na konkursu. Nadamo se da \u0107e raznolika i bogata crnogorska kulturna ba\u0161tina biti dovoljna inspiracija da u\u010destvujete na konkursu.<\/p>\n<p><strong><u>Pravila konkursa:<\/u><\/strong><\/p>\n<p>Takmi\u010denje je otvoreno za studente i srednjo\u0161kolce, pri \u010demu jedan u\u010desnik ne mo\u017ee poslati vi\u0161e od jedne fotografije. U\u010desnici koji \u017eele da u\u010destvuju na konkursu, potrebno je da objave fotografiju\u00a0 na svom FB profilu koriste\u0107i <strong>#<\/strong><a href=\"https:\/\/twitter.com\/hashtag\/EuropeForCulture?src=hash\"><strong>EuropeForCulture<\/strong><\/a> i da taguju FB profile <strong>Delegacije Evropske unije<\/strong> <strong>u Crnoj Gori<\/strong> i <strong>EU info centra<\/strong>, kao i da je po\u0161alju na e-mail: <a href=\"mailto:media@evropskakuca.me\"><strong>media@evropskakuca.me<\/strong><\/a><strong><u>,<\/u><\/strong> sa naznakom \u201eMoja kulturna ba\u0161tina \u2013 evropsko naslje\u0111e\u201c i navedu sljede\u0107e podatke: ime i prezime, broj telefona, link sa objavom kao i \u0161ta se nalazi na fotografiji.<\/p>\n<p>Prijavom na takmi\u010denje u\u010desnici garantuju:<\/p>\n<ol>\n<li>da je prijavljeni rad njihovo orginalno djelo;<\/li>\n<li>da su svi podaci ta\u010dni.<\/li>\n<\/ol>\n<p>Konkurs je otvoren do <strong><u>20. aprila 2018<\/u><\/strong>.<\/p>\n<p>O pristiglim radovima odlu\u010diva\u0107e stru\u010dni \u017eiri na osnovu tehni\u010dke i estetske vrijednosti rada, originalnosti i kreativnosti autora, kao i usagla\u0161enosti sa temom.<\/p>\n<p>Posebnu nagradu \u0107e dobiti autor fotografije koja ima sa najvi\u0161e interakcija (\u201esvi\u0111anja\u201c i \u201epodjela\u201c)\u00a0 na dru\u0161tvenim mre\u017eama.<\/p>\n<p>Kona\u010dni rezultati konkursa bi\u0107e objavljeni <strong><u>30. aprila 2018<\/u><\/strong>.<\/p>\n<p>Najbolje o\u010dekuje fotoaparat i druge vrijedne nagrade.<\/p>\n<p>Fotografije koje u\u0111u u u\u017ei izbor za nagradu bi\u0107e dio izlo\u017ebe o kulturnom naslje\u0111u koje \u0107e biti organizovana u EU info centru tokom proslave Dana Evrope.<\/p>\n<p>Radovi koji ne odgovaraju propozicijama ili su poslati nakon navedenog roka <strong><u>ne\u0107e u\u0107i u selekciju za nagra\u0111ivanje.<\/u><\/strong><\/p>\n<p>Vi\u0161e informacija na telefon: <strong>020 223 184; 223 183<\/strong> ili mailom na adrese <a href=\"mailto:info@evropskakuca.me\"><strong>info@evropskakuca.me<\/strong><\/a> i <a href=\"mailto:media@evropskakuca.me\"><strong>media@evropskakuca.me<\/strong><\/a><\/p>\n","protected":false},"excerpt":{"rendered":"<p>Konkurs je otvoren do 20. aprila 2018.<\/p>\n","protected":false},"author":1,"featured_media":33511,"comment_status":"open","ping_status":"open","sticky":false,"template":"","format":"standard","meta":{"_acf_changed":false,"footnotes":""},"categories":[284],"tags":[],"class_list":["post-4994","post","type-post","status-publish","format-standard","has-post-thumbnail","hentry","category-my-eu-story-me"],"acf":[],"yoast_head":"<!-- This site is optimized with the Yoast SEO plugin v27.3 - https:\/\/yoast.com\/product\/yoast-seo-wordpress\/ -->\n<title>Foto konkurs \u201eNa\u0161a kulturna ba\u0161tina\u00a0 \u2013 evropsko naslje\u0111e\u201c - Europe House<\/title>\n<meta name=\"robots\" content=\"index, follow, max-snippet:-1, max-image-preview:large, max-video-preview:-1\" \/>\n<link rel=\"canonical\" href=\"https:\/\/www.evropskakuca.me\/me\/foto-konkurs-nasa-kulturna-bastina-evropsko-nasljede\/\" \/>\n<meta property=\"og:locale\" content=\"en_US\" \/>\n<meta property=\"og:type\" content=\"article\" \/>\n<meta property=\"og:title\" content=\"Foto konkurs \u201eNa\u0161a kulturna ba\u0161tina\u00a0 \u2013 evropsko naslje\u0111e\u201c - Europe House\" \/>\n<meta property=\"og:description\" content=\"Konkurs je otvoren do 20. aprila 2018.\" \/>\n<meta property=\"og:url\" content=\"https:\/\/www.evropskakuca.me\/me\/foto-konkurs-nasa-kulturna-bastina-evropsko-nasljede\/\" \/>\n<meta property=\"og:site_name\" content=\"Europe House\" \/>\n<meta property=\"article:publisher\" content=\"https:\/\/www.facebook.com\/evropska.kuca\" \/>\n<meta property=\"article:published_time\" content=\"2018-03-14T13:33:05+00:00\" \/>\n<meta property=\"og:image\" content=\"https:\/\/www.evropskakuca.me\/wp-content\/uploads\/2018\/03\/foto-konkurs-fb-cover-003.jpg\" \/>\n\t<meta property=\"og:image:width\" content=\"2560\" \/>\n\t<meta property=\"og:image:height\" content=\"1147\" \/>\n\t<meta property=\"og:image:type\" content=\"image\/jpeg\" \/>\n<meta name=\"author\" content=\"mkajic\" \/>\n<meta name=\"twitter:card\" content=\"summary_large_image\" \/>\n<meta name=\"twitter:creator\" content=\"@evropska_kuca\" \/>\n<meta name=\"twitter:site\" content=\"@evropska_kuca\" \/>\n<meta name=\"twitter:label1\" content=\"Written by\" \/>\n\t<meta name=\"twitter:data1\" content=\"mkajic\" \/>\n\t<meta name=\"twitter:label2\" content=\"Est. reading time\" \/>\n\t<meta name=\"twitter:data2\" content=\"2 minutes\" \/>\n<script type=\"application\/ld+json\" class=\"yoast-schema-graph\">{\"@context\":\"https:\\\/\\\/schema.org\",\"@graph\":[{\"@type\":\"Article\",\"@id\":\"https:\\\/\\\/www.evropskakuca.me\\\/me\\\/foto-konkurs-nasa-kulturna-bastina-evropsko-nasljede\\\/#article\",\"isPartOf\":{\"@id\":\"https:\\\/\\\/www.evropskakuca.me\\\/me\\\/foto-konkurs-nasa-kulturna-bastina-evropsko-nasljede\\\/\"},\"author\":{\"name\":\"mkajic\",\"@id\":\"https:\\\/\\\/www.evropskakuca.me\\\/me\\\/#\\\/schema\\\/person\\\/a1d0dcdaefe4a1cd1d60d200ea137ba4\"},\"headline\":\"Foto konkurs \u201eNa\u0161a kulturna ba\u0161tina\u00a0 \u2013 evropsko naslje\u0111e\u201c\",\"datePublished\":\"2018-03-14T13:33:05+00:00\",\"mainEntityOfPage\":{\"@id\":\"https:\\\/\\\/www.evropskakuca.me\\\/me\\\/foto-konkurs-nasa-kulturna-bastina-evropsko-nasljede\\\/\"},\"wordCount\":407,\"commentCount\":0,\"publisher\":{\"@id\":\"https:\\\/\\\/www.evropskakuca.me\\\/me\\\/#organization\"},\"image\":{\"@id\":\"https:\\\/\\\/www.evropskakuca.me\\\/me\\\/foto-konkurs-nasa-kulturna-bastina-evropsko-nasljede\\\/#primaryimage\"},\"thumbnailUrl\":\"https:\\\/\\\/www.evropskakuca.me\\\/wp-content\\\/uploads\\\/2018\\\/03\\\/foto-konkurs-fb-cover-003.jpg\",\"articleSection\":[\"My EU Story\"],\"inLanguage\":\"me-ME\",\"potentialAction\":[{\"@type\":\"CommentAction\",\"name\":\"Comment\",\"target\":[\"https:\\\/\\\/www.evropskakuca.me\\\/me\\\/foto-konkurs-nasa-kulturna-bastina-evropsko-nasljede\\\/#respond\"]}]},{\"@type\":\"WebPage\",\"@id\":\"https:\\\/\\\/www.evropskakuca.me\\\/me\\\/foto-konkurs-nasa-kulturna-bastina-evropsko-nasljede\\\/\",\"url\":\"https:\\\/\\\/www.evropskakuca.me\\\/me\\\/foto-konkurs-nasa-kulturna-bastina-evropsko-nasljede\\\/\",\"name\":\"Foto konkurs \u201eNa\u0161a kulturna ba\u0161tina\u00a0 \u2013 evropsko naslje\u0111e\u201c - Europe House\",\"isPartOf\":{\"@id\":\"https:\\\/\\\/www.evropskakuca.me\\\/me\\\/#website\"},\"primaryImageOfPage\":{\"@id\":\"https:\\\/\\\/www.evropskakuca.me\\\/me\\\/foto-konkurs-nasa-kulturna-bastina-evropsko-nasljede\\\/#primaryimage\"},\"image\":{\"@id\":\"https:\\\/\\\/www.evropskakuca.me\\\/me\\\/foto-konkurs-nasa-kulturna-bastina-evropsko-nasljede\\\/#primaryimage\"},\"thumbnailUrl\":\"https:\\\/\\\/www.evropskakuca.me\\\/wp-content\\\/uploads\\\/2018\\\/03\\\/foto-konkurs-fb-cover-003.jpg\",\"datePublished\":\"2018-03-14T13:33:05+00:00\",\"breadcrumb\":{\"@id\":\"https:\\\/\\\/www.evropskakuca.me\\\/me\\\/foto-konkurs-nasa-kulturna-bastina-evropsko-nasljede\\\/#breadcrumb\"},\"inLanguage\":\"me-ME\",\"potentialAction\":[{\"@type\":\"ReadAction\",\"target\":[\"https:\\\/\\\/www.evropskakuca.me\\\/me\\\/foto-konkurs-nasa-kulturna-bastina-evropsko-nasljede\\\/\"]}]},{\"@type\":\"ImageObject\",\"inLanguage\":\"me-ME\",\"@id\":\"https:\\\/\\\/www.evropskakuca.me\\\/me\\\/foto-konkurs-nasa-kulturna-bastina-evropsko-nasljede\\\/#primaryimage\",\"url\":\"https:\\\/\\\/www.evropskakuca.me\\\/wp-content\\\/uploads\\\/2018\\\/03\\\/foto-konkurs-fb-cover-003.jpg\",\"contentUrl\":\"https:\\\/\\\/www.evropskakuca.me\\\/wp-content\\\/uploads\\\/2018\\\/03\\\/foto-konkurs-fb-cover-003.jpg\",\"width\":2560,\"height\":1147},{\"@type\":\"BreadcrumbList\",\"@id\":\"https:\\\/\\\/www.evropskakuca.me\\\/me\\\/foto-konkurs-nasa-kulturna-bastina-evropsko-nasljede\\\/#breadcrumb\",\"itemListElement\":[{\"@type\":\"ListItem\",\"position\":1,\"name\":\"Home\",\"item\":\"https:\\\/\\\/www.evropskakuca.me\\\/me\\\/\"},{\"@type\":\"ListItem\",\"position\":2,\"name\":\"Foto konkurs \u201eNa\u0161a kulturna ba\u0161tina\u00a0 \u2013 evropsko naslje\u0111e\u201c\"}]},{\"@type\":\"WebSite\",\"@id\":\"https:\\\/\\\/www.evropskakuca.me\\\/me\\\/#website\",\"url\":\"https:\\\/\\\/www.evropskakuca.me\\\/me\\\/\",\"name\":\"Evropean house\",\"description\":\"\",\"publisher\":{\"@id\":\"https:\\\/\\\/www.evropskakuca.me\\\/me\\\/#organization\"},\"potentialAction\":[{\"@type\":\"SearchAction\",\"target\":{\"@type\":\"EntryPoint\",\"urlTemplate\":\"https:\\\/\\\/www.evropskakuca.me\\\/me\\\/?s={search_term_string}\"},\"query-input\":{\"@type\":\"PropertyValueSpecification\",\"valueRequired\":true,\"valueName\":\"search_term_string\"}}],\"inLanguage\":\"me-ME\"},{\"@type\":\"Organization\",\"@id\":\"https:\\\/\\\/www.evropskakuca.me\\\/me\\\/#organization\",\"name\":\"Evropean house\",\"url\":\"https:\\\/\\\/www.evropskakuca.me\\\/me\\\/\",\"logo\":{\"@type\":\"ImageObject\",\"inLanguage\":\"me-ME\",\"@id\":\"https:\\\/\\\/www.evropskakuca.me\\\/me\\\/#\\\/schema\\\/logo\\\/image\\\/\",\"url\":\"https:\\\/\\\/www.evropskakuca.me\\\/wp-content\\\/uploads\\\/2025\\\/01\\\/evropska-kuca-logo-1.png\",\"contentUrl\":\"https:\\\/\\\/www.evropskakuca.me\\\/wp-content\\\/uploads\\\/2025\\\/01\\\/evropska-kuca-logo-1.png\",\"width\":425,\"height\":312,\"caption\":\"Evropean house\"},\"image\":{\"@id\":\"https:\\\/\\\/www.evropskakuca.me\\\/me\\\/#\\\/schema\\\/logo\\\/image\\\/\"},\"sameAs\":[\"https:\\\/\\\/www.facebook.com\\\/evropska.kuca\",\"https:\\\/\\\/x.com\\\/evropska_kuca\",\"https:\\\/\\\/www.instagram.com\\\/evropska_kuca\"]},{\"@type\":\"Person\",\"@id\":\"https:\\\/\\\/www.evropskakuca.me\\\/me\\\/#\\\/schema\\\/person\\\/a1d0dcdaefe4a1cd1d60d200ea137ba4\",\"name\":\"mkajic\",\"image\":{\"@type\":\"ImageObject\",\"inLanguage\":\"me-ME\",\"@id\":\"https:\\\/\\\/secure.gravatar.com\\\/avatar\\\/731fa035cefab7316e6bafd1f25a93fb731a07de14e2d9923f8db4422628eabc?s=96&d=mm&r=g\",\"url\":\"https:\\\/\\\/secure.gravatar.com\\\/avatar\\\/731fa035cefab7316e6bafd1f25a93fb731a07de14e2d9923f8db4422628eabc?s=96&d=mm&r=g\",\"contentUrl\":\"https:\\\/\\\/secure.gravatar.com\\\/avatar\\\/731fa035cefab7316e6bafd1f25a93fb731a07de14e2d9923f8db4422628eabc?s=96&d=mm&r=g\",\"caption\":\"mkajic\"},\"sameAs\":[\"https:\\\/\\\/evropskakuca.me\"],\"url\":\"https:\\\/\\\/www.evropskakuca.me\\\/me\\\/author\\\/mkajic\\\/\"}]}<\/script>\n<!-- \/ Yoast SEO plugin. -->","yoast_head_json":{"title":"Foto konkurs \u201eNa\u0161a kulturna ba\u0161tina\u00a0 \u2013 evropsko naslje\u0111e\u201c - Europe House","robots":{"index":"index","follow":"follow","max-snippet":"max-snippet:-1","max-image-preview":"max-image-preview:large","max-video-preview":"max-video-preview:-1"},"canonical":"https:\/\/www.evropskakuca.me\/me\/foto-konkurs-nasa-kulturna-bastina-evropsko-nasljede\/","og_locale":"en_US","og_type":"article","og_title":"Foto konkurs \u201eNa\u0161a kulturna ba\u0161tina\u00a0 \u2013 evropsko naslje\u0111e\u201c - Europe House","og_description":"Konkurs je otvoren do 20. aprila 2018.","og_url":"https:\/\/www.evropskakuca.me\/me\/foto-konkurs-nasa-kulturna-bastina-evropsko-nasljede\/","og_site_name":"Europe House","article_publisher":"https:\/\/www.facebook.com\/evropska.kuca","article_published_time":"2018-03-14T13:33:05+00:00","og_image":[{"width":2560,"height":1147,"url":"https:\/\/www.evropskakuca.me\/wp-content\/uploads\/2018\/03\/foto-konkurs-fb-cover-003.jpg","type":"image\/jpeg"}],"author":"mkajic","twitter_card":"summary_large_image","twitter_creator":"@evropska_kuca","twitter_site":"@evropska_kuca","twitter_misc":{"Written by":"mkajic","Est. reading time":"2 minutes"},"schema":{"@context":"https:\/\/schema.org","@graph":[{"@type":"Article","@id":"https:\/\/www.evropskakuca.me\/me\/foto-konkurs-nasa-kulturna-bastina-evropsko-nasljede\/#article","isPartOf":{"@id":"https:\/\/www.evropskakuca.me\/me\/foto-konkurs-nasa-kulturna-bastina-evropsko-nasljede\/"},"author":{"name":"mkajic","@id":"https:\/\/www.evropskakuca.me\/me\/#\/schema\/person\/a1d0dcdaefe4a1cd1d60d200ea137ba4"},"headline":"Foto konkurs \u201eNa\u0161a kulturna ba\u0161tina\u00a0 \u2013 evropsko naslje\u0111e\u201c","datePublished":"2018-03-14T13:33:05+00:00","mainEntityOfPage":{"@id":"https:\/\/www.evropskakuca.me\/me\/foto-konkurs-nasa-kulturna-bastina-evropsko-nasljede\/"},"wordCount":407,"commentCount":0,"publisher":{"@id":"https:\/\/www.evropskakuca.me\/me\/#organization"},"image":{"@id":"https:\/\/www.evropskakuca.me\/me\/foto-konkurs-nasa-kulturna-bastina-evropsko-nasljede\/#primaryimage"},"thumbnailUrl":"https:\/\/www.evropskakuca.me\/wp-content\/uploads\/2018\/03\/foto-konkurs-fb-cover-003.jpg","articleSection":["My EU Story"],"inLanguage":"me-ME","potentialAction":[{"@type":"CommentAction","name":"Comment","target":["https:\/\/www.evropskakuca.me\/me\/foto-konkurs-nasa-kulturna-bastina-evropsko-nasljede\/#respond"]}]},{"@type":"WebPage","@id":"https:\/\/www.evropskakuca.me\/me\/foto-konkurs-nasa-kulturna-bastina-evropsko-nasljede\/","url":"https:\/\/www.evropskakuca.me\/me\/foto-konkurs-nasa-kulturna-bastina-evropsko-nasljede\/","name":"Foto konkurs \u201eNa\u0161a kulturna ba\u0161tina\u00a0 \u2013 evropsko naslje\u0111e\u201c - Europe House","isPartOf":{"@id":"https:\/\/www.evropskakuca.me\/me\/#website"},"primaryImageOfPage":{"@id":"https:\/\/www.evropskakuca.me\/me\/foto-konkurs-nasa-kulturna-bastina-evropsko-nasljede\/#primaryimage"},"image":{"@id":"https:\/\/www.evropskakuca.me\/me\/foto-konkurs-nasa-kulturna-bastina-evropsko-nasljede\/#primaryimage"},"thumbnailUrl":"https:\/\/www.evropskakuca.me\/wp-content\/uploads\/2018\/03\/foto-konkurs-fb-cover-003.jpg","datePublished":"2018-03-14T13:33:05+00:00","breadcrumb":{"@id":"https:\/\/www.evropskakuca.me\/me\/foto-konkurs-nasa-kulturna-bastina-evropsko-nasljede\/#breadcrumb"},"inLanguage":"me-ME","potentialAction":[{"@type":"ReadAction","target":["https:\/\/www.evropskakuca.me\/me\/foto-konkurs-nasa-kulturna-bastina-evropsko-nasljede\/"]}]},{"@type":"ImageObject","inLanguage":"me-ME","@id":"https:\/\/www.evropskakuca.me\/me\/foto-konkurs-nasa-kulturna-bastina-evropsko-nasljede\/#primaryimage","url":"https:\/\/www.evropskakuca.me\/wp-content\/uploads\/2018\/03\/foto-konkurs-fb-cover-003.jpg","contentUrl":"https:\/\/www.evropskakuca.me\/wp-content\/uploads\/2018\/03\/foto-konkurs-fb-cover-003.jpg","width":2560,"height":1147},{"@type":"BreadcrumbList","@id":"https:\/\/www.evropskakuca.me\/me\/foto-konkurs-nasa-kulturna-bastina-evropsko-nasljede\/#breadcrumb","itemListElement":[{"@type":"ListItem","position":1,"name":"Home","item":"https:\/\/www.evropskakuca.me\/me\/"},{"@type":"ListItem","position":2,"name":"Foto konkurs \u201eNa\u0161a kulturna ba\u0161tina\u00a0 \u2013 evropsko naslje\u0111e\u201c"}]},{"@type":"WebSite","@id":"https:\/\/www.evropskakuca.me\/me\/#website","url":"https:\/\/www.evropskakuca.me\/me\/","name":"Evropean house","description":"","publisher":{"@id":"https:\/\/www.evropskakuca.me\/me\/#organization"},"potentialAction":[{"@type":"SearchAction","target":{"@type":"EntryPoint","urlTemplate":"https:\/\/www.evropskakuca.me\/me\/?s={search_term_string}"},"query-input":{"@type":"PropertyValueSpecification","valueRequired":true,"valueName":"search_term_string"}}],"inLanguage":"me-ME"},{"@type":"Organization","@id":"https:\/\/www.evropskakuca.me\/me\/#organization","name":"Evropean house","url":"https:\/\/www.evropskakuca.me\/me\/","logo":{"@type":"ImageObject","inLanguage":"me-ME","@id":"https:\/\/www.evropskakuca.me\/me\/#\/schema\/logo\/image\/","url":"https:\/\/www.evropskakuca.me\/wp-content\/uploads\/2025\/01\/evropska-kuca-logo-1.png","contentUrl":"https:\/\/www.evropskakuca.me\/wp-content\/uploads\/2025\/01\/evropska-kuca-logo-1.png","width":425,"height":312,"caption":"Evropean house"},"image":{"@id":"https:\/\/www.evropskakuca.me\/me\/#\/schema\/logo\/image\/"},"sameAs":["https:\/\/www.facebook.com\/evropska.kuca","https:\/\/x.com\/evropska_kuca","https:\/\/www.instagram.com\/evropska_kuca"]},{"@type":"Person","@id":"https:\/\/www.evropskakuca.me\/me\/#\/schema\/person\/a1d0dcdaefe4a1cd1d60d200ea137ba4","name":"mkajic","image":{"@type":"ImageObject","inLanguage":"me-ME","@id":"https:\/\/secure.gravatar.com\/avatar\/731fa035cefab7316e6bafd1f25a93fb731a07de14e2d9923f8db4422628eabc?s=96&d=mm&r=g","url":"https:\/\/secure.gravatar.com\/avatar\/731fa035cefab7316e6bafd1f25a93fb731a07de14e2d9923f8db4422628eabc?s=96&d=mm&r=g","contentUrl":"https:\/\/secure.gravatar.com\/avatar\/731fa035cefab7316e6bafd1f25a93fb731a07de14e2d9923f8db4422628eabc?s=96&d=mm&r=g","caption":"mkajic"},"sameAs":["https:\/\/evropskakuca.me"],"url":"https:\/\/www.evropskakuca.me\/me\/author\/mkajic\/"}]}},"_links":{"self":[{"href":"https:\/\/www.evropskakuca.me\/me\/wp-json\/wp\/v2\/posts\/4994","targetHints":{"allow":["GET"]}}],"collection":[{"href":"https:\/\/www.evropskakuca.me\/me\/wp-json\/wp\/v2\/posts"}],"about":[{"href":"https:\/\/www.evropskakuca.me\/me\/wp-json\/wp\/v2\/types\/post"}],"author":[{"embeddable":true,"href":"https:\/\/www.evropskakuca.me\/me\/wp-json\/wp\/v2\/users\/1"}],"replies":[{"embeddable":true,"href":"https:\/\/www.evropskakuca.me\/me\/wp-json\/wp\/v2\/comments?post=4994"}],"version-history":[{"count":0,"href":"https:\/\/www.evropskakuca.me\/me\/wp-json\/wp\/v2\/posts\/4994\/revisions"}],"wp:featuredmedia":[{"embeddable":true,"href":"https:\/\/www.evropskakuca.me\/me\/wp-json\/wp\/v2\/media\/33511"}],"wp:attachment":[{"href":"https:\/\/www.evropskakuca.me\/me\/wp-json\/wp\/v2\/media?parent=4994"}],"wp:term":[{"taxonomy":"category","embeddable":true,"href":"https:\/\/www.evropskakuca.me\/me\/wp-json\/wp\/v2\/categories?post=4994"},{"taxonomy":"post_tag","embeddable":true,"href":"https:\/\/www.evropskakuca.me\/me\/wp-json\/wp\/v2\/tags?post=4994"}],"curies":[{"name":"wp","href":"https:\/\/api.w.org\/{rel}","templated":true}]}}