{"id":49919,"date":"2026-09-04T10:18:49","date_gmt":"2026-09-04T10:18:49","guid":{"rendered":"https:\/\/www.evropskakuca.me\/?p=49919"},"modified":"2026-09-04T10:18:51","modified_gmt":"2026-09-04T10:18:51","slug":"natura-2000-evropski-stit-za-najvrednija-prirodna-blaga-crne-gore","status":"publish","type":"post","link":"https:\/\/www.evropskakuca.me\/me\/natura-2000-evropski-stit-za-najvrednija-prirodna-blaga-crne-gore\/","title":{"rendered":"NATURA 2000: Evropski \u0161tit za najvrednija prirodna blaga Crne Gore"},"content":{"rendered":"\n<p class=\"wp-block-paragraph\"><strong>Predlog ekolo\u0161ke mre\u017ee Natura 2000, koji je usvojila Vlada Crne Gore, predstavlja jednu od klju\u010dnih obaveza u pregovorima sa Evropskom unijom u okviru Poglavlja 27. Ako ga potvrdi Evropska komisija, vi\u0161e od 44% teritorije dr\u017eave posta\u0107e dio najve\u0107e evropske mre\u017ee za za\u0161titu prirode, koja istovremeno \u0161titi biodiverzitet i omogu\u0107ava odr\u017eivi razvoj lokalnih zajednica.<\/strong><\/p>\n\n\n\n<p class=\"wp-block-paragraph\">Medvjed, kudravi pelikan, morske livade posidonije i stotine drugih biljnih i \u017eivotinjskih vrsta uskoro bi mogli dobiti svoje mjesto u najve\u0107oj evropskoj mre\u017ei za za\u0161titu prirode. Njihova stani\u0161ta na\u0161la su se u predlogu ekolo\u0161ke mre\u017ee Natura 2000, koji je nedavno usvojila Vlada Crne Gore, \u010dime je napravljen jedan od najva\u017enijih koraka u pregovorima sa Evropskom unijom u okviru Poglavlja 27 \u2013 \u017divotna sredina i klimatske promjene. Kona\u010dnu rije\u010d o Vladinom predlogu da\u0107e Evropska komisija.<\/p>\n\n\n\n<p class=\"wp-block-paragraph\">Iza naziva, koji gra\u0111anima \u010desto zvu\u010di komplikovano i administrativno, krije se sistem koji istovremeno \u0161titi najvrednija prirodna podru\u010dja Evrope i omogu\u0107ava njihov odr\u017eivi razvoj. Upravo zato stru\u010dnjaci poru\u010duju da Natura 2000 nije mre\u017ea zabrana, ve\u0107 mre\u017ea mogu\u0107nosti \u2013 za o\u010duvanje biodiverziteta, razvoj lokalnih zajednica i kori\u0161\u0107enje evropskih fondova.<\/p>\n\n\n\n<p class=\"wp-block-paragraph\">Iz Ministarstva ekologije, odr\u017eivog razvoja i razvoja sjevera saop\u0161tili su da je predlogom podru\u010dja ekolo\u0161ke mre\u017ee, odnosno Natura 2000 mre\u017ee, obuhva\u0107eno 58 podru\u010dja od zna\u010daja za Zajednicu i 32 podru\u010dja posebne za\u0161tite za ptice u kopnenom dijelu. Kada je rije\u010d o moru, predlo\u017eeno je sedam podru\u010dja od zna\u010daja za Zajednicu. Iz tog resora objasnili su da ta podru\u010dja obuhvataju 50,9% kopna i 7,06% mora, odnosno 44,15% ukupne teritorije Crne Gore. Neka su ve\u0107 nacionalno za\u0161ti\u0107ena, poput svih nacionalnih parkova, Parka prirode \u201cPiva\u201d i Spomenika prirode \u201cKanjon Cijevna\u201d, ali i onih koja do sada nisu bila pod nacionalnom za\u0161titom, poput Nik\u0161i\u0107kog polja, \u0106emovskog polja i Rumije.<\/p>\n\n\n\n<p class=\"wp-block-paragraph\">\u201eUspostavljanje ekolo\u0161ke mre\u017ee, odnosno Natura 2000 mre\u017ee, predstavlja klju\u010dnu obavezu Crne Gore u procesu pristupanja Evropskoj uniji, definisanu kroz zavr\u0161no mjerilo 5 u okviru Poglavlja 27 \u2013 \u017divotna sredina i klimatske promjene\u201c, kazali su u Ministarstvu ekologije, odr\u017eivog razvoja i razvoja sjevera.<\/p>\n\n\n\n<p class=\"wp-block-paragraph\">Naglasili su da se Natura 2000 mre\u017ea uspostavlja po ulasku u Evropsku uniju, da je ovaj korak od velikog zna\u010daja za adekvatnu za\u0161titu stani\u0161ta i vrsta koje su prepoznate kao va\u017ene na evropskom nivou, te da Crna Gora time dobija jo\u0161 jedan sistem dodatnog o\u010duvanja prirodnih vrijednosti.<\/p>\n\n\n\n<p class=\"wp-block-paragraph\">Da je uspostavljanje mre\u017ee Natura 2000 jedna od najva\u017enijih obaveza u okviru Poglavlja 27 i klju\u010dni pokazatelj spremnosti Crne Gore da primijeni pravnu tekovinu Evropske unije u oblasti za\u0161tite prirode, potvrdili su nam i u Delegaciji Evropske unije u Podgorici.<\/p>\n\n\n\n<p class=\"wp-block-paragraph\">\u201eTo nije samo tehni\u010dki zahtjev, ve\u0107 i dokaz kapaciteta dr\u017eave da \u0161titi biodiverzitet u skladu sa evropskim standardima. Natura 2000 je kamen temeljac politike EU u oblasti za\u0161tite prirode i ima klju\u010dnu ulogu u o\u010duvanju najvrednijih stani\u0161ta i vrsta u Evropi. Nakon \u0161to je Vlada usvojila Informaciju o predlogu ekolo\u0161ke mre\u017ee Natura 2000 u Crnoj Gori, dr\u017eava je ostvarila va\u017enu prekretnicu u procesu pristupanja i ulazi u narednu fazu postupka uspostavljanja mre\u017ee Natura 2000\u201c, istakli su iz Delegacije Evropske unije u Crnoj Gori.<\/p>\n\n\n\n<p class=\"wp-block-paragraph\">Usvajanje prijedloga podru\u010dja ekolo\u0161ke mre\u017ee Natura 2000 nije samo va\u017ean korak na putu ka \u010dlanstvu u Evropskoj uniji, ve\u0107 odluka koja odre\u0111uje kako \u017eelimo da razvijamo Crnu Goru u decenijama koje dolaze, poruka je i nevladinog sektora. Centar za za\u0161titu i prou\u010davanje ptica (CZIP) istakao je da Natura 2000 nije mre\u017ea zabrana, ve\u0107 okvir koji omogu\u0107ava da se priroda sa\u010duva uz razvoj odr\u017eivog turizma, poljoprivrede i \u0161umarstva.<\/p>\n\n\n\n<p class=\"wp-block-paragraph\">\u201ePosebno je va\u017ena za stanovnike ruralnih podru\u010dja, kojima otvara nove mogu\u0107nosti za razvoj zasnovan na o\u010duvanoj prirodi, odr\u017eivim praksama i kori\u0161\u0107enju evropskih fondova. Upravo zato Natura 2000 predstavlja razvojnu \u0161ansu za Crnu Goru \u2013 model u kojem priroda nije prepreka razvoju, ve\u0107 njegov najvredniji resurs. Upravo oni treba da budu me\u0111u prvima koji \u0107e dobiti jasne, ta\u010dne i pravovremene informacije o tome \u0161ta Natura 2000 donosi, koje mogu\u0107nosti otvara i na koji na\u010din \u0107e se sprovoditi\u201c, podvukli su u CZIP-u.<\/p>\n\n\n\n<figure class=\"wp-block-image size-large\"><img fetchpriority=\"high\" decoding=\"async\" width=\"1024\" height=\"769\" src=\"https:\/\/www.evropskakuca.me\/wp-content\/uploads\/2026\/09\/pexels-lena-netkach-395486-38726857-1024x769.jpg\" alt=\"\" class=\"wp-image-49922\" srcset=\"https:\/\/www.evropskakuca.me\/wp-content\/uploads\/2026\/09\/pexels-lena-netkach-395486-38726857-1024x769.jpg 1024w, https:\/\/www.evropskakuca.me\/wp-content\/uploads\/2026\/09\/pexels-lena-netkach-395486-38726857-300x225.jpg 300w, https:\/\/www.evropskakuca.me\/wp-content\/uploads\/2026\/09\/pexels-lena-netkach-395486-38726857-767x576.jpg 767w, https:\/\/www.evropskakuca.me\/wp-content\/uploads\/2026\/09\/pexels-lena-netkach-395486-38726857-1536x1153.jpg 1536w, https:\/\/www.evropskakuca.me\/wp-content\/uploads\/2026\/09\/pexels-lena-netkach-395486-38726857-2048x1538.jpg 2048w\" sizes=\"(max-width: 1024px) 100vw, 1024px\" \/><\/figure>\n\n\n\n<p class=\"wp-block-paragraph\">I nadle\u017eno Ministarstvo potcrtalo je da Natura 2000 podru\u010dja posebno uklju\u010duju aspekt \u010dovjeka.<\/p>\n\n\n\n<p class=\"wp-block-paragraph\">\u201eNaime, bez nekih aktivnosti \u010dovjeka, poput odr\u017eavanja poljoprivrednog zemlji\u0161ta ili bavljenja sto\u010darstvom, prisustvo vrsta i reprezentativnost stani\u0161ta mogu se promijeniti. Dakle, ako se poljoprivredno zemlji\u0161te nalazi u Natura 2000 podru\u010dju, to mo\u017ee zna\u010diti i isplatu odre\u0111enih subvencija. Da li \u0107e se neka aktivnost mo\u0107i sprovesti u podru\u010dju Natura 2000 mre\u017ee pokaza\u0107e ocjena prihvatljivosti, \u0161to je postupak koji na kraju utvr\u0111uje koliki je uticaj na stani\u0161te ili vrstu koja se \u0161titi na tom lokalitetu. Ukoliko je uticaj neznatan, aktivnost mo\u017ee biti odobrena. Dakle, u pitanju su pojedina\u010dne procjene\u201c, precizirali su iz Ministarstva ekologije, odr\u017eivog razvoja i razvoja sjevera.<\/p>\n\n\n\n<p class=\"wp-block-paragraph\">Izvr\u0161na direktorica NVO Green Home Azra Vukovi\u0107 ocijenila je da sama \u010dinjenica da je predlo\u017eeno da mre\u017ea Natura 2000 pokrije 44 odsto povr\u0161ine Crne Gore govori u prilog tome da se radi o, sa aspekta biodiverziteta, izuzetno vrijednoj zemlji. Iako zadovoljna u\u010dinjenim, Vukovi\u0107 je upozorila da treba adekvatno, jasno i precizno definisati na\u010din upravljanja za\u0161ti\u0107enim stani\u0161tima.<\/p>\n\n\n\n<p class=\"wp-block-paragraph\">\u201eNeka stani\u0161ta su samo na teritoriji lokalnih samouprava, a u nekim lokalnim samoupravama uop\u0161te nemamo upravlja\u010de za\u0161ti\u0107enih podru\u010dja niti druga za\u0161ti\u0107ena podru\u010dja. Tako da tu postoji cijeli niz otvorenih pitanja koja treba definisati i na kojima treba raditi u periodu koji je pred nama\u201c, navela je Vukovi\u0107.<\/p>\n\n\n\n<p class=\"wp-block-paragraph\">U Ministarstvu ekologije, odr\u017eivog razvoja i razvoja sjevera kazali su nam da rade na pripremi okvira za upravljanje mre\u017eom Natura 2000.<\/p>\n\n\n\n<p class=\"wp-block-paragraph\">\u201eRad na ovoj aktivnosti je olak\u0161an saznanjem o prostornom obuhvatu predlo\u017eene mre\u017ee Natura 2000, za koju uzimamo u obzir mogu\u0107nost modifikovanja nakon komentara Evropske komisije. U pitanju je slo\u017een i veoma va\u017ean proces jer od uspostavljanja adekvatnog okvira, odnosno sistema upravljanja, zavisi o\u010duvanje ovih vrijednih podru\u010dja\u201c, rekli su u tom resoru.<\/p>\n\n\n\n<p class=\"wp-block-paragraph\">I Evropska unija o\u010dekuje kontinuirane napore u ja\u010danju institucija kako bi se obezbijedilo efikasno upravljanje i za\u0161tita tih podru\u010dja.<\/p>\n\n\n\n<p class=\"wp-block-paragraph\">\u201eJednako va\u017eno je odr\u017eavanje inkluzivnog dijaloga sa lokalnim zajednicama, civilnim dru\u0161tvom, korisnicima zemlji\u0161ta i drugim akterima, budu\u0107i da \u0107e \u0161iroko razumijevanje i podr\u0161ka javnosti biti od klju\u010dnog zna\u010daja za dugoro\u010dni uspjeh mre\u017ee\u201c, kazali su u Delegaciji EU.<\/p>\n\n\n\n<p class=\"wp-block-paragraph\">Istakli su da je Evropska unija dugogodi\u0161nji partner Crne Gore u podr\u0161ci pripremama za Natura 2000 kroz IPA projekte usmjerene na mapiranje biodiverziteta, nau\u010dna istra\u017eivanja, ja\u010danje institucija i uskla\u0111ivanje sa pravnom tekovinom EU u oblasti \u017eivotne sredine.<\/p>\n\n\n\n<p class=\"wp-block-paragraph\">\u201eKako proces sada prelazi iz faze odre\u0111ivanja u fazu ocjene predlo\u017eene mre\u017ee i njene budu\u0107e implementacije, EU ostaje posve\u0107ena pru\u017eanju podr\u0161ke Crnoj Gori u okviru Poglavlja 27. Nastavak saradnje bi\u0107e usmjeren na ja\u010danje institucionalnih kapaciteta, razvoj efikasnih sistema upravljanja i obezbje\u0111ivanje dugoro\u010dne za\u0161tite Natura 2000 podru\u010dja. Budu\u0107a podr\u0161ka \u0107e se nastaviti u skladu sa pristupnim prioritetima Crne Gore i dostupnim instrumentima finansiranja EU\u201c, zaklju\u010dili su u Delegaciji Evropske unije u Podgorici.<\/p>\n\n\n\n<p class=\"wp-block-paragraph\"><em>Autorka: Bojana Mili\u0107evi\u0107, novinarka Radija Crne Gore<\/em><\/p>\n\n\n\n<p class=\"wp-block-paragraph\"><em>Ovaj tekst objavljen je u 18. broju \u010dasopisa Eurokaz.<\/em><\/p>\n","protected":false},"excerpt":{"rendered":"<p>Predlog ekolo\u0161ke mre\u017ee Natura 2000, koji je usvojila Vlada Crne Gore, predstavlja jednu od klju\u010dnih obaveza u pregovorima sa Evropskom unijom u okviru Poglavlja 27. Ako ga potvrdi Evropska komisija, vi\u0161e od 44% teritorije dr\u017eave posta\u0107e dio najve\u0107e evropske mre\u017ee za za\u0161titu prirode, koja istovremeno \u0161titi biodiverzitet i omogu\u0107ava odr\u017eivi razvoj lokalnih zajednica. Medvjed, kudravi [&hellip;]<\/p>\n","protected":false},"author":3,"featured_media":49920,"comment_status":"closed","ping_status":"closed","sticky":false,"template":"","format":"standard","meta":{"_acf_changed":false,"footnotes":""},"categories":[283,524],"tags":[],"class_list":["post-49919","post","type-post","status-publish","format-standard","has-post-thumbnail","hentry","category-novosti-me","category-vesti"],"acf":[],"yoast_head":"<!-- This site is optimized with the Yoast SEO plugin v28.4 - https:\/\/yoast.com\/product\/yoast-seo-wordpress\/ -->\n<title>NATURA 2000: Evropski \u0161tit za najvrednija prirodna blaga Crne Gore - Europe House<\/title>\n<meta name=\"robots\" content=\"index, follow, max-snippet:-1, max-image-preview:large, max-video-preview:-1\" \/>\n<link rel=\"canonical\" href=\"https:\/\/www.evropskakuca.me\/me\/natura-2000-evropski-stit-za-najvrednija-prirodna-blaga-crne-gore\/\" \/>\n<meta property=\"og:locale\" content=\"en_US\" \/>\n<meta property=\"og:type\" content=\"article\" \/>\n<meta property=\"og:title\" content=\"NATURA 2000: Evropski \u0161tit za najvrednija prirodna blaga Crne Gore - Europe House\" \/>\n<meta property=\"og:description\" content=\"Predlog ekolo\u0161ke mre\u017ee Natura 2000, koji je usvojila Vlada Crne Gore, predstavlja jednu od klju\u010dnih obaveza u pregovorima sa Evropskom unijom u okviru Poglavlja 27. Ako ga potvrdi Evropska komisija, vi\u0161e od 44% teritorije dr\u017eave posta\u0107e dio najve\u0107e evropske mre\u017ee za za\u0161titu prirode, koja istovremeno \u0161titi biodiverzitet i omogu\u0107ava odr\u017eivi razvoj lokalnih zajednica. Medvjed, kudravi [&hellip;]\" \/>\n<meta property=\"og:url\" content=\"https:\/\/www.evropskakuca.me\/me\/natura-2000-evropski-stit-za-najvrednija-prirodna-blaga-crne-gore\/\" \/>\n<meta property=\"og:site_name\" content=\"Europe House\" \/>\n<meta property=\"article:publisher\" content=\"https:\/\/www.facebook.com\/evropska.kuca\" \/>\n<meta property=\"article:published_time\" content=\"2026-09-04T10:18:49+00:00\" \/>\n<meta property=\"article:modified_time\" content=\"2026-09-04T10:18:51+00:00\" \/>\n<meta property=\"og:image\" content=\"https:\/\/www.evropskakuca.me\/wp-content\/uploads\/2026\/09\/pexels-kieren-ridley-3615868-5684678-scaled.jpg\" \/>\n\t<meta property=\"og:image:width\" content=\"2560\" \/>\n\t<meta property=\"og:image:height\" content=\"1920\" \/>\n\t<meta property=\"og:image:type\" content=\"image\/jpeg\" \/>\n<meta name=\"author\" content=\"Aleksandar Vukovic\" \/>\n<meta name=\"twitter:card\" content=\"summary_large_image\" \/>\n<meta name=\"twitter:creator\" content=\"@evropska_kuca\" \/>\n<meta name=\"twitter:site\" content=\"@evropska_kuca\" \/>\n<meta name=\"twitter:label1\" content=\"Written by\" \/>\n\t<meta name=\"twitter:data1\" content=\"Aleksandar Vukovic\" \/>\n\t<meta name=\"twitter:label2\" content=\"Est. reading time\" \/>\n\t<meta name=\"twitter:data2\" content=\"6 minutes\" \/>\n<script type=\"application\/ld+json\" class=\"yoast-schema-graph\">{\"@context\":\"https:\\\/\\\/schema.org\",\"@graph\":[{\"@type\":\"Article\",\"@id\":\"https:\\\/\\\/www.evropskakuca.me\\\/me\\\/natura-2000-evropski-stit-za-najvrednija-prirodna-blaga-crne-gore\\\/#article\",\"isPartOf\":{\"@id\":\"https:\\\/\\\/www.evropskakuca.me\\\/me\\\/natura-2000-evropski-stit-za-najvrednija-prirodna-blaga-crne-gore\\\/\"},\"author\":{\"name\":\"Aleksandar Vukovic\",\"@id\":\"https:\\\/\\\/www.evropskakuca.me\\\/me\\\/#\\\/schema\\\/person\\\/7e16527119c7b67f457996b970f2bd6e\"},\"headline\":\"NATURA 2000: Evropski \u0161tit za najvrednija prirodna blaga Crne Gore\",\"datePublished\":\"2026-09-04T10:18:49+00:00\",\"dateModified\":\"2026-09-04T10:18:51+00:00\",\"mainEntityOfPage\":{\"@id\":\"https:\\\/\\\/www.evropskakuca.me\\\/me\\\/natura-2000-evropski-stit-za-najvrednija-prirodna-blaga-crne-gore\\\/\"},\"wordCount\":1260,\"publisher\":{\"@id\":\"https:\\\/\\\/www.evropskakuca.me\\\/me\\\/#organization\"},\"image\":{\"@id\":\"https:\\\/\\\/www.evropskakuca.me\\\/me\\\/natura-2000-evropski-stit-za-najvrednija-prirodna-blaga-crne-gore\\\/#primaryimage\"},\"thumbnailUrl\":\"https:\\\/\\\/www.evropskakuca.me\\\/wp-content\\\/uploads\\\/2026\\\/09\\\/pexels-kieren-ridley-3615868-5684678-scaled.jpg\",\"articleSection\":[\"Novosti\",\"Vesti\"],\"inLanguage\":\"me-ME\"},{\"@type\":\"WebPage\",\"@id\":\"https:\\\/\\\/www.evropskakuca.me\\\/me\\\/natura-2000-evropski-stit-za-najvrednija-prirodna-blaga-crne-gore\\\/\",\"url\":\"https:\\\/\\\/www.evropskakuca.me\\\/me\\\/natura-2000-evropski-stit-za-najvrednija-prirodna-blaga-crne-gore\\\/\",\"name\":\"NATURA 2000: Evropski \u0161tit za najvrednija prirodna blaga Crne Gore - Europe House\",\"isPartOf\":{\"@id\":\"https:\\\/\\\/www.evropskakuca.me\\\/me\\\/#website\"},\"primaryImageOfPage\":{\"@id\":\"https:\\\/\\\/www.evropskakuca.me\\\/me\\\/natura-2000-evropski-stit-za-najvrednija-prirodna-blaga-crne-gore\\\/#primaryimage\"},\"image\":{\"@id\":\"https:\\\/\\\/www.evropskakuca.me\\\/me\\\/natura-2000-evropski-stit-za-najvrednija-prirodna-blaga-crne-gore\\\/#primaryimage\"},\"thumbnailUrl\":\"https:\\\/\\\/www.evropskakuca.me\\\/wp-content\\\/uploads\\\/2026\\\/09\\\/pexels-kieren-ridley-3615868-5684678-scaled.jpg\",\"datePublished\":\"2026-09-04T10:18:49+00:00\",\"dateModified\":\"2026-09-04T10:18:51+00:00\",\"breadcrumb\":{\"@id\":\"https:\\\/\\\/www.evropskakuca.me\\\/me\\\/natura-2000-evropski-stit-za-najvrednija-prirodna-blaga-crne-gore\\\/#breadcrumb\"},\"inLanguage\":\"me-ME\",\"potentialAction\":[{\"@type\":\"ReadAction\",\"target\":[\"https:\\\/\\\/www.evropskakuca.me\\\/me\\\/natura-2000-evropski-stit-za-najvrednija-prirodna-blaga-crne-gore\\\/\"]}]},{\"@type\":\"ImageObject\",\"inLanguage\":\"me-ME\",\"@id\":\"https:\\\/\\\/www.evropskakuca.me\\\/me\\\/natura-2000-evropski-stit-za-najvrednija-prirodna-blaga-crne-gore\\\/#primaryimage\",\"url\":\"https:\\\/\\\/www.evropskakuca.me\\\/wp-content\\\/uploads\\\/2026\\\/09\\\/pexels-kieren-ridley-3615868-5684678-scaled.jpg\",\"contentUrl\":\"https:\\\/\\\/www.evropskakuca.me\\\/wp-content\\\/uploads\\\/2026\\\/09\\\/pexels-kieren-ridley-3615868-5684678-scaled.jpg\",\"width\":2560,\"height\":1920},{\"@type\":\"BreadcrumbList\",\"@id\":\"https:\\\/\\\/www.evropskakuca.me\\\/me\\\/natura-2000-evropski-stit-za-najvrednija-prirodna-blaga-crne-gore\\\/#breadcrumb\",\"itemListElement\":[{\"@type\":\"ListItem\",\"position\":1,\"name\":\"Home\",\"item\":\"https:\\\/\\\/www.evropskakuca.me\\\/me\\\/\"},{\"@type\":\"ListItem\",\"position\":2,\"name\":\"NATURA 2000: Evropski \u0161tit za najvrednija prirodna blaga Crne Gore\"}]},{\"@type\":\"WebSite\",\"@id\":\"https:\\\/\\\/www.evropskakuca.me\\\/me\\\/#website\",\"url\":\"https:\\\/\\\/www.evropskakuca.me\\\/me\\\/\",\"name\":\"Evropean house\",\"description\":\"\",\"publisher\":{\"@id\":\"https:\\\/\\\/www.evropskakuca.me\\\/me\\\/#organization\"},\"potentialAction\":[{\"@type\":\"SearchAction\",\"target\":{\"@type\":\"EntryPoint\",\"urlTemplate\":\"https:\\\/\\\/www.evropskakuca.me\\\/me\\\/?s={search_term_string}\"},\"query-input\":{\"@type\":\"PropertyValueSpecification\",\"valueRequired\":true,\"valueName\":\"search_term_string\"}}],\"inLanguage\":\"me-ME\"},{\"@type\":\"Organization\",\"@id\":\"https:\\\/\\\/www.evropskakuca.me\\\/me\\\/#organization\",\"name\":\"Evropean house\",\"url\":\"https:\\\/\\\/www.evropskakuca.me\\\/me\\\/\",\"logo\":{\"@type\":\"ImageObject\",\"inLanguage\":\"me-ME\",\"@id\":\"https:\\\/\\\/www.evropskakuca.me\\\/me\\\/#\\\/schema\\\/logo\\\/image\\\/\",\"url\":\"https:\\\/\\\/www.evropskakuca.me\\\/wp-content\\\/uploads\\\/2025\\\/01\\\/evropska-kuca-logo-1.png\",\"contentUrl\":\"https:\\\/\\\/www.evropskakuca.me\\\/wp-content\\\/uploads\\\/2025\\\/01\\\/evropska-kuca-logo-1.png\",\"width\":425,\"height\":312,\"caption\":\"Evropean house\"},\"image\":{\"@id\":\"https:\\\/\\\/www.evropskakuca.me\\\/me\\\/#\\\/schema\\\/logo\\\/image\\\/\"},\"sameAs\":[\"https:\\\/\\\/www.facebook.com\\\/evropska.kuca\",\"https:\\\/\\\/x.com\\\/evropska_kuca\",\"https:\\\/\\\/www.instagram.com\\\/evropska_kuca\"]},{\"@type\":\"Person\",\"@id\":\"https:\\\/\\\/www.evropskakuca.me\\\/me\\\/#\\\/schema\\\/person\\\/7e16527119c7b67f457996b970f2bd6e\",\"name\":\"Aleksandar Vukovic\",\"image\":{\"@type\":\"ImageObject\",\"inLanguage\":\"me-ME\",\"@id\":\"https:\\\/\\\/secure.gravatar.com\\\/avatar\\\/a1834e0104b0242a886079bde835ba36d80c70f9987a11f3ba33eb9e8d74cc15?s=96&d=mm&r=g\",\"url\":\"https:\\\/\\\/secure.gravatar.com\\\/avatar\\\/a1834e0104b0242a886079bde835ba36d80c70f9987a11f3ba33eb9e8d74cc15?s=96&d=mm&r=g\",\"contentUrl\":\"https:\\\/\\\/secure.gravatar.com\\\/avatar\\\/a1834e0104b0242a886079bde835ba36d80c70f9987a11f3ba33eb9e8d74cc15?s=96&d=mm&r=g\",\"caption\":\"Aleksandar Vukovic\"},\"url\":\"https:\\\/\\\/www.evropskakuca.me\\\/me\\\/author\\\/aleksandar\\\/\"}]}<\/script>\n<!-- \/ Yoast SEO plugin. -->","yoast_head_json":{"title":"NATURA 2000: Evropski \u0161tit za najvrednija prirodna blaga Crne Gore - Europe House","robots":{"index":"index","follow":"follow","max-snippet":"max-snippet:-1","max-image-preview":"max-image-preview:large","max-video-preview":"max-video-preview:-1"},"canonical":"https:\/\/www.evropskakuca.me\/me\/natura-2000-evropski-stit-za-najvrednija-prirodna-blaga-crne-gore\/","og_locale":"en_US","og_type":"article","og_title":"NATURA 2000: Evropski \u0161tit za najvrednija prirodna blaga Crne Gore - Europe House","og_description":"Predlog ekolo\u0161ke mre\u017ee Natura 2000, koji je usvojila Vlada Crne Gore, predstavlja jednu od klju\u010dnih obaveza u pregovorima sa Evropskom unijom u okviru Poglavlja 27. Ako ga potvrdi Evropska komisija, vi\u0161e od 44% teritorije dr\u017eave posta\u0107e dio najve\u0107e evropske mre\u017ee za za\u0161titu prirode, koja istovremeno \u0161titi biodiverzitet i omogu\u0107ava odr\u017eivi razvoj lokalnih zajednica. Medvjed, kudravi [&hellip;]","og_url":"https:\/\/www.evropskakuca.me\/me\/natura-2000-evropski-stit-za-najvrednija-prirodna-blaga-crne-gore\/","og_site_name":"Europe House","article_publisher":"https:\/\/www.facebook.com\/evropska.kuca","article_published_time":"2026-09-04T10:18:49+00:00","article_modified_time":"2026-09-04T10:18:51+00:00","og_image":[{"width":2560,"height":1920,"url":"https:\/\/www.evropskakuca.me\/wp-content\/uploads\/2026\/09\/pexels-kieren-ridley-3615868-5684678-scaled.jpg","type":"image\/jpeg"}],"author":"Aleksandar Vukovic","twitter_card":"summary_large_image","twitter_creator":"@evropska_kuca","twitter_site":"@evropska_kuca","twitter_misc":{"Written by":"Aleksandar Vukovic","Est. reading time":"6 minutes"},"schema":{"@context":"https:\/\/schema.org","@graph":[{"@type":"Article","@id":"https:\/\/www.evropskakuca.me\/me\/natura-2000-evropski-stit-za-najvrednija-prirodna-blaga-crne-gore\/#article","isPartOf":{"@id":"https:\/\/www.evropskakuca.me\/me\/natura-2000-evropski-stit-za-najvrednija-prirodna-blaga-crne-gore\/"},"author":{"name":"Aleksandar Vukovic","@id":"https:\/\/www.evropskakuca.me\/me\/#\/schema\/person\/7e16527119c7b67f457996b970f2bd6e"},"headline":"NATURA 2000: Evropski \u0161tit za najvrednija prirodna blaga Crne Gore","datePublished":"2026-09-04T10:18:49+00:00","dateModified":"2026-09-04T10:18:51+00:00","mainEntityOfPage":{"@id":"https:\/\/www.evropskakuca.me\/me\/natura-2000-evropski-stit-za-najvrednija-prirodna-blaga-crne-gore\/"},"wordCount":1260,"publisher":{"@id":"https:\/\/www.evropskakuca.me\/me\/#organization"},"image":{"@id":"https:\/\/www.evropskakuca.me\/me\/natura-2000-evropski-stit-za-najvrednija-prirodna-blaga-crne-gore\/#primaryimage"},"thumbnailUrl":"https:\/\/www.evropskakuca.me\/wp-content\/uploads\/2026\/09\/pexels-kieren-ridley-3615868-5684678-scaled.jpg","articleSection":["Novosti","Vesti"],"inLanguage":"me-ME"},{"@type":"WebPage","@id":"https:\/\/www.evropskakuca.me\/me\/natura-2000-evropski-stit-za-najvrednija-prirodna-blaga-crne-gore\/","url":"https:\/\/www.evropskakuca.me\/me\/natura-2000-evropski-stit-za-najvrednija-prirodna-blaga-crne-gore\/","name":"NATURA 2000: Evropski \u0161tit za najvrednija prirodna blaga Crne Gore - Europe House","isPartOf":{"@id":"https:\/\/www.evropskakuca.me\/me\/#website"},"primaryImageOfPage":{"@id":"https:\/\/www.evropskakuca.me\/me\/natura-2000-evropski-stit-za-najvrednija-prirodna-blaga-crne-gore\/#primaryimage"},"image":{"@id":"https:\/\/www.evropskakuca.me\/me\/natura-2000-evropski-stit-za-najvrednija-prirodna-blaga-crne-gore\/#primaryimage"},"thumbnailUrl":"https:\/\/www.evropskakuca.me\/wp-content\/uploads\/2026\/09\/pexels-kieren-ridley-3615868-5684678-scaled.jpg","datePublished":"2026-09-04T10:18:49+00:00","dateModified":"2026-09-04T10:18:51+00:00","breadcrumb":{"@id":"https:\/\/www.evropskakuca.me\/me\/natura-2000-evropski-stit-za-najvrednija-prirodna-blaga-crne-gore\/#breadcrumb"},"inLanguage":"me-ME","potentialAction":[{"@type":"ReadAction","target":["https:\/\/www.evropskakuca.me\/me\/natura-2000-evropski-stit-za-najvrednija-prirodna-blaga-crne-gore\/"]}]},{"@type":"ImageObject","inLanguage":"me-ME","@id":"https:\/\/www.evropskakuca.me\/me\/natura-2000-evropski-stit-za-najvrednija-prirodna-blaga-crne-gore\/#primaryimage","url":"https:\/\/www.evropskakuca.me\/wp-content\/uploads\/2026\/09\/pexels-kieren-ridley-3615868-5684678-scaled.jpg","contentUrl":"https:\/\/www.evropskakuca.me\/wp-content\/uploads\/2026\/09\/pexels-kieren-ridley-3615868-5684678-scaled.jpg","width":2560,"height":1920},{"@type":"BreadcrumbList","@id":"https:\/\/www.evropskakuca.me\/me\/natura-2000-evropski-stit-za-najvrednija-prirodna-blaga-crne-gore\/#breadcrumb","itemListElement":[{"@type":"ListItem","position":1,"name":"Home","item":"https:\/\/www.evropskakuca.me\/me\/"},{"@type":"ListItem","position":2,"name":"NATURA 2000: Evropski \u0161tit za najvrednija prirodna blaga Crne Gore"}]},{"@type":"WebSite","@id":"https:\/\/www.evropskakuca.me\/me\/#website","url":"https:\/\/www.evropskakuca.me\/me\/","name":"Evropean house","description":"","publisher":{"@id":"https:\/\/www.evropskakuca.me\/me\/#organization"},"potentialAction":[{"@type":"SearchAction","target":{"@type":"EntryPoint","urlTemplate":"https:\/\/www.evropskakuca.me\/me\/?s={search_term_string}"},"query-input":{"@type":"PropertyValueSpecification","valueRequired":true,"valueName":"search_term_string"}}],"inLanguage":"me-ME"},{"@type":"Organization","@id":"https:\/\/www.evropskakuca.me\/me\/#organization","name":"Evropean house","url":"https:\/\/www.evropskakuca.me\/me\/","logo":{"@type":"ImageObject","inLanguage":"me-ME","@id":"https:\/\/www.evropskakuca.me\/me\/#\/schema\/logo\/image\/","url":"https:\/\/www.evropskakuca.me\/wp-content\/uploads\/2025\/01\/evropska-kuca-logo-1.png","contentUrl":"https:\/\/www.evropskakuca.me\/wp-content\/uploads\/2025\/01\/evropska-kuca-logo-1.png","width":425,"height":312,"caption":"Evropean house"},"image":{"@id":"https:\/\/www.evropskakuca.me\/me\/#\/schema\/logo\/image\/"},"sameAs":["https:\/\/www.facebook.com\/evropska.kuca","https:\/\/x.com\/evropska_kuca","https:\/\/www.instagram.com\/evropska_kuca"]},{"@type":"Person","@id":"https:\/\/www.evropskakuca.me\/me\/#\/schema\/person\/7e16527119c7b67f457996b970f2bd6e","name":"Aleksandar Vukovic","image":{"@type":"ImageObject","inLanguage":"me-ME","@id":"https:\/\/secure.gravatar.com\/avatar\/a1834e0104b0242a886079bde835ba36d80c70f9987a11f3ba33eb9e8d74cc15?s=96&d=mm&r=g","url":"https:\/\/secure.gravatar.com\/avatar\/a1834e0104b0242a886079bde835ba36d80c70f9987a11f3ba33eb9e8d74cc15?s=96&d=mm&r=g","contentUrl":"https:\/\/secure.gravatar.com\/avatar\/a1834e0104b0242a886079bde835ba36d80c70f9987a11f3ba33eb9e8d74cc15?s=96&d=mm&r=g","caption":"Aleksandar Vukovic"},"url":"https:\/\/www.evropskakuca.me\/me\/author\/aleksandar\/"}]}},"_links":{"self":[{"href":"https:\/\/www.evropskakuca.me\/me\/wp-json\/wp\/v2\/posts\/49919","targetHints":{"allow":["GET"]}}],"collection":[{"href":"https:\/\/www.evropskakuca.me\/me\/wp-json\/wp\/v2\/posts"}],"about":[{"href":"https:\/\/www.evropskakuca.me\/me\/wp-json\/wp\/v2\/types\/post"}],"author":[{"embeddable":true,"href":"https:\/\/www.evropskakuca.me\/me\/wp-json\/wp\/v2\/users\/3"}],"replies":[{"embeddable":true,"href":"https:\/\/www.evropskakuca.me\/me\/wp-json\/wp\/v2\/comments?post=49919"}],"version-history":[{"count":1,"href":"https:\/\/www.evropskakuca.me\/me\/wp-json\/wp\/v2\/posts\/49919\/revisions"}],"predecessor-version":[{"id":49924,"href":"https:\/\/www.evropskakuca.me\/me\/wp-json\/wp\/v2\/posts\/49919\/revisions\/49924"}],"wp:featuredmedia":[{"embeddable":true,"href":"https:\/\/www.evropskakuca.me\/me\/wp-json\/wp\/v2\/media\/49920"}],"wp:attachment":[{"href":"https:\/\/www.evropskakuca.me\/me\/wp-json\/wp\/v2\/media?parent=49919"}],"wp:term":[{"taxonomy":"category","embeddable":true,"href":"https:\/\/www.evropskakuca.me\/me\/wp-json\/wp\/v2\/categories?post=49919"},{"taxonomy":"post_tag","embeddable":true,"href":"https:\/\/www.evropskakuca.me\/me\/wp-json\/wp\/v2\/tags?post=49919"}],"curies":[{"name":"wp","href":"https:\/\/api.w.org\/{rel}","templated":true}]}}