{"id":49910,"date":"2026-09-03T08:18:44","date_gmt":"2026-09-03T08:18:44","guid":{"rendered":"https:\/\/www.evropskakuca.me\/?p=49910"},"modified":"2026-09-03T08:20:24","modified_gmt":"2026-09-03T08:20:24","slug":"poetski-konkurs-na-temu-oda-evropskom-gradu-2","status":"publish","type":"post","link":"https:\/\/www.evropskakuca.me\/me\/poetski-konkurs-na-temu-oda-evropskom-gradu-2\/","title":{"rendered":"Poetski konkurs na temu \u201eOda evropskom gradu\u201c"},"content":{"rendered":"\n<p class=\"wp-block-paragraph\">Povodom Evropskog dana jezika, koji se obilje\u017eava 26. septembra, Evropska ku\u0107a raspisuje konkurs za u\u010denike\/ice srednjih \u0161kola sa teritorije Bara, Budve, Ulcinja, Kotora, Herceg Novog i Tivta na temu <strong>\u201eOda evropskom gradu\u201c<\/strong>.<\/p>\n\n\n\n<p class=\"wp-block-paragraph\"><strong>I Predmet konkursa<\/strong><\/p>\n\n\n\n<p class=\"wp-block-paragraph\">Predmet konkursa je stvaranje pjesme koja za cilj ima proslavljanje evropskih vrijednosti, jezika, kulture i posebnosti nekog grada EU koji su posjetili ili koje \u017eele da posjete.<\/p>\n\n\n\n<p class=\"wp-block-paragraph\">Radovi se podnose kao originalno djelo na lokalnom jeziku, koje u sebi sadr\u017ei bar naslov, stih ili kratak odlomak na nekom od zvani\u010dnih jezika EU.<\/p>\n\n\n\n<p class=\"wp-block-paragraph\">Za odlomke na nekom od zvani\u010dnih jezika EU posebno podsticati upotrebu onih koji se rje\u0111e izu\u010davaju.<\/p>\n\n\n\n<p class=\"wp-block-paragraph\"><strong>II Cilj Konkursa<\/strong><\/p>\n\n\n\n<p class=\"wp-block-paragraph\">Cilj Konkursa je da se srednjo\u0161kolcima pru\u017ei prilika da pro\u0161ire svoje znanje o EU,&nbsp; da izraze svoje misli, emocije i proslave zajedni\u010dke evropske vrijednosti.<\/p>\n\n\n\n<p class=\"wp-block-paragraph\"><strong>III Op\u0161te informacije<\/strong><\/p>\n\n\n\n<ul class=\"wp-block-list\">\n<li>Na Konkursu pravo u\u010de\u0161\u0107a imaju u\u010denici 1. i 2. razreda srednje \u0161kole.<\/li>\n\n\n\n<li>Svaki u\u010denik mo\u017ee dostaviti samo jedan rad.<\/li>\n\n\n\n<li>Literalni rad ne smije biti ranije objavljen, \u0161tampan niti nagra\u0111ivan.<\/li>\n\n\n\n<li>Literalni rad maksimalno treba sadr\u017eati 1.000 karaktera (slovnih mjesta sa razmacima).<\/li>\n\n\n\n<li>Za pisanje rada nije dozvoljena upotreba AI alata.<\/li>\n\n\n\n<li>Radove slati potpisane, ime i prezime, \u0161kola i grad, adresa i kontakt telefon.<\/li>\n<\/ul>\n\n\n\n<p class=\"wp-block-paragraph\"><strong>IV<\/strong> <strong>NAGRADE<\/strong><\/p>\n\n\n\n<p class=\"wp-block-paragraph\">Za tri najbolja rada obizbije\u0111ene su vrijedne nagrade koje \u0107e dobitnicima biti uru\u010dene na proslavi Evropskog dana jezika u <strong>Evropskoj ku\u0107i Bar 25. septembra 2026. godine u 11 sati<\/strong>.<\/p>\n\n\n\n<p class=\"wp-block-paragraph\">Istog dana dobitnici \u0107e imati priliku da svoje radove pro\u010ditaju.<\/p>\n\n\n\n<p class=\"wp-block-paragraph\"><strong>V KRITERIJUMI ZA NAGRA\u0110IVANJE<\/strong><\/p>\n\n\n\n<p class=\"wp-block-paragraph\">Kriterijumi za nagra\u0111ivanje radova su:<\/p>\n\n\n\n<p class=\"wp-block-paragraph\">1. Sadr\u017eaj i poruka;<\/p>\n\n\n\n<p class=\"wp-block-paragraph\">2. Kreativnost i originalnost \u2013 izra\u017eajnost, ma\u0161tovitost, autenti\u010dan pristup temi.<\/p>\n\n\n\n<p class=\"wp-block-paragraph\">Komisija za odlu\u010divanje po Konkursu bi\u0107e sastavljena od 3 \u010dlana.<\/p>\n\n\n\n<p class=\"wp-block-paragraph\"><strong>VI ROK ZA PRIJAVLJIVANJE<\/strong><\/p>\n\n\n\n<p class=\"wp-block-paragraph\">Radove za Konkurs potrebno je dostaviti najkasnije do <strong>15. septembra 2026. godine<\/strong>.<\/p>\n\n\n\n<p class=\"wp-block-paragraph\"><strong>VII NA\u010cIN PRIJAVLJIVANJA<\/strong><\/p>\n\n\n\n<ul class=\"wp-block-list\">\n<li>Radove za Konkurs dostaviti mejlom na <a href=\"mailto:bar@evropskakuca.me\"><strong>bar@evropskakuca.me<\/strong><\/a><\/li>\n<\/ul>\n\n\n\n<p class=\"wp-block-paragraph\">Subject mejla: (Prijava za Konkurs \u201eOda evropskom gradu\u201c sa naznakom imena op\u0161tine obuhva\u0107ene konkursom)<\/p>\n\n\n\n<p class=\"wp-block-paragraph\"><strong>Za dodatne informacije kontaktirati<\/strong> <a href=\"mailto:bar@evropskakuca.me\"><strong>bar@evropskakuca.me<\/strong><\/a> <strong><\/strong><strong><\/strong><\/p>\n","protected":false},"excerpt":{"rendered":"<p>Povodom Evropskog dana jezika, koji se obilje\u017eava 26. septembra, Evropska ku\u0107a raspisuje konkurs za u\u010denike\/ice srednjih \u0161kola sa teritorije Bara, Budve, Ulcinja, Kotora, Herceg Novog i Tivta na temu \u201eOda evropskom gradu\u201c. I Predmet konkursa Predmet konkursa je stvaranje pjesme koja za cilj ima proslavljanje evropskih vrijednosti, jezika, kulture i posebnosti nekog grada EU koji [&hellip;]<\/p>\n","protected":false},"author":3,"featured_media":49900,"comment_status":"closed","ping_status":"closed","sticky":false,"template":"","format":"standard","meta":{"_acf_changed":false,"footnotes":""},"categories":[1197],"tags":[],"class_list":["post-49910","post","type-post","status-publish","format-standard","has-post-thumbnail","hentry","category-bar-me"],"acf":[],"yoast_head":"<!-- This site is optimized with the Yoast SEO plugin v28.4 - https:\/\/yoast.com\/product\/yoast-seo-wordpress\/ -->\n<title>Poetski konkurs na temu \u201eOda evropskom gradu\u201c - Europe House<\/title>\n<meta name=\"robots\" content=\"index, follow, max-snippet:-1, max-image-preview:large, max-video-preview:-1\" \/>\n<link rel=\"canonical\" href=\"https:\/\/www.evropskakuca.me\/me\/poetski-konkurs-na-temu-oda-evropskom-gradu-2\/\" \/>\n<meta property=\"og:locale\" content=\"en_US\" \/>\n<meta property=\"og:type\" content=\"article\" \/>\n<meta property=\"og:title\" content=\"Poetski konkurs na temu \u201eOda evropskom gradu\u201c - Europe House\" \/>\n<meta property=\"og:description\" content=\"Povodom Evropskog dana jezika, koji se obilje\u017eava 26. septembra, Evropska ku\u0107a raspisuje konkurs za u\u010denike\/ice srednjih \u0161kola sa teritorije Bara, Budve, Ulcinja, Kotora, Herceg Novog i Tivta na temu \u201eOda evropskom gradu\u201c. I Predmet konkursa Predmet konkursa je stvaranje pjesme koja za cilj ima proslavljanje evropskih vrijednosti, jezika, kulture i posebnosti nekog grada EU koji [&hellip;]\" \/>\n<meta property=\"og:url\" content=\"https:\/\/www.evropskakuca.me\/me\/poetski-konkurs-na-temu-oda-evropskom-gradu-2\/\" \/>\n<meta property=\"og:site_name\" content=\"Europe House\" \/>\n<meta property=\"article:publisher\" content=\"https:\/\/www.facebook.com\/evropska.kuca\" \/>\n<meta property=\"article:published_time\" content=\"2026-09-03T08:18:44+00:00\" \/>\n<meta property=\"article:modified_time\" content=\"2026-09-03T08:20:24+00:00\" \/>\n<meta property=\"og:image\" content=\"https:\/\/www.evropskakuca.me\/wp-content\/uploads\/2026\/09\/IMG_2038-1.jpeg\" \/>\n\t<meta property=\"og:image:width\" content=\"1200\" \/>\n\t<meta property=\"og:image:height\" content=\"600\" \/>\n\t<meta property=\"og:image:type\" content=\"image\/jpeg\" \/>\n<meta name=\"author\" content=\"Aleksandar Vukovic\" \/>\n<meta name=\"twitter:card\" content=\"summary_large_image\" \/>\n<meta name=\"twitter:creator\" content=\"@evropska_kuca\" \/>\n<meta name=\"twitter:site\" content=\"@evropska_kuca\" \/>\n<meta name=\"twitter:label1\" content=\"Written by\" \/>\n\t<meta name=\"twitter:data1\" content=\"Aleksandar Vukovic\" \/>\n\t<meta name=\"twitter:label2\" content=\"Est. reading time\" \/>\n\t<meta name=\"twitter:data2\" content=\"2 minutes\" \/>\n<script type=\"application\/ld+json\" class=\"yoast-schema-graph\">{\"@context\":\"https:\\\/\\\/schema.org\",\"@graph\":[{\"@type\":\"Article\",\"@id\":\"https:\\\/\\\/www.evropskakuca.me\\\/me\\\/poetski-konkurs-na-temu-oda-evropskom-gradu-2\\\/#article\",\"isPartOf\":{\"@id\":\"https:\\\/\\\/www.evropskakuca.me\\\/me\\\/poetski-konkurs-na-temu-oda-evropskom-gradu-2\\\/\"},\"author\":{\"name\":\"Aleksandar Vukovic\",\"@id\":\"https:\\\/\\\/www.evropskakuca.me\\\/me\\\/#\\\/schema\\\/person\\\/7e16527119c7b67f457996b970f2bd6e\"},\"headline\":\"Poetski konkurs na temu \u201eOda evropskom gradu\u201c\",\"datePublished\":\"2026-09-03T08:18:44+00:00\",\"dateModified\":\"2026-09-03T08:20:24+00:00\",\"mainEntityOfPage\":{\"@id\":\"https:\\\/\\\/www.evropskakuca.me\\\/me\\\/poetski-konkurs-na-temu-oda-evropskom-gradu-2\\\/\"},\"wordCount\":348,\"publisher\":{\"@id\":\"https:\\\/\\\/www.evropskakuca.me\\\/me\\\/#organization\"},\"image\":{\"@id\":\"https:\\\/\\\/www.evropskakuca.me\\\/me\\\/poetski-konkurs-na-temu-oda-evropskom-gradu-2\\\/#primaryimage\"},\"thumbnailUrl\":\"https:\\\/\\\/www.evropskakuca.me\\\/wp-content\\\/uploads\\\/2026\\\/09\\\/IMG_2038-1.jpeg\",\"articleSection\":[\"Bar ME\"],\"inLanguage\":\"me-ME\"},{\"@type\":\"WebPage\",\"@id\":\"https:\\\/\\\/www.evropskakuca.me\\\/me\\\/poetski-konkurs-na-temu-oda-evropskom-gradu-2\\\/\",\"url\":\"https:\\\/\\\/www.evropskakuca.me\\\/me\\\/poetski-konkurs-na-temu-oda-evropskom-gradu-2\\\/\",\"name\":\"Poetski konkurs na temu \u201eOda evropskom gradu\u201c - Europe House\",\"isPartOf\":{\"@id\":\"https:\\\/\\\/www.evropskakuca.me\\\/me\\\/#website\"},\"primaryImageOfPage\":{\"@id\":\"https:\\\/\\\/www.evropskakuca.me\\\/me\\\/poetski-konkurs-na-temu-oda-evropskom-gradu-2\\\/#primaryimage\"},\"image\":{\"@id\":\"https:\\\/\\\/www.evropskakuca.me\\\/me\\\/poetski-konkurs-na-temu-oda-evropskom-gradu-2\\\/#primaryimage\"},\"thumbnailUrl\":\"https:\\\/\\\/www.evropskakuca.me\\\/wp-content\\\/uploads\\\/2026\\\/09\\\/IMG_2038-1.jpeg\",\"datePublished\":\"2026-09-03T08:18:44+00:00\",\"dateModified\":\"2026-09-03T08:20:24+00:00\",\"breadcrumb\":{\"@id\":\"https:\\\/\\\/www.evropskakuca.me\\\/me\\\/poetski-konkurs-na-temu-oda-evropskom-gradu-2\\\/#breadcrumb\"},\"inLanguage\":\"me-ME\",\"potentialAction\":[{\"@type\":\"ReadAction\",\"target\":[\"https:\\\/\\\/www.evropskakuca.me\\\/me\\\/poetski-konkurs-na-temu-oda-evropskom-gradu-2\\\/\"]}]},{\"@type\":\"ImageObject\",\"inLanguage\":\"me-ME\",\"@id\":\"https:\\\/\\\/www.evropskakuca.me\\\/me\\\/poetski-konkurs-na-temu-oda-evropskom-gradu-2\\\/#primaryimage\",\"url\":\"https:\\\/\\\/www.evropskakuca.me\\\/wp-content\\\/uploads\\\/2026\\\/09\\\/IMG_2038-1.jpeg\",\"contentUrl\":\"https:\\\/\\\/www.evropskakuca.me\\\/wp-content\\\/uploads\\\/2026\\\/09\\\/IMG_2038-1.jpeg\",\"width\":1200,\"height\":600},{\"@type\":\"BreadcrumbList\",\"@id\":\"https:\\\/\\\/www.evropskakuca.me\\\/me\\\/poetski-konkurs-na-temu-oda-evropskom-gradu-2\\\/#breadcrumb\",\"itemListElement\":[{\"@type\":\"ListItem\",\"position\":1,\"name\":\"Home\",\"item\":\"https:\\\/\\\/www.evropskakuca.me\\\/me\\\/\"},{\"@type\":\"ListItem\",\"position\":2,\"name\":\"Poetski konkurs na temu \u201eOda evropskom gradu\u201c\"}]},{\"@type\":\"WebSite\",\"@id\":\"https:\\\/\\\/www.evropskakuca.me\\\/me\\\/#website\",\"url\":\"https:\\\/\\\/www.evropskakuca.me\\\/me\\\/\",\"name\":\"Evropean house\",\"description\":\"\",\"publisher\":{\"@id\":\"https:\\\/\\\/www.evropskakuca.me\\\/me\\\/#organization\"},\"potentialAction\":[{\"@type\":\"SearchAction\",\"target\":{\"@type\":\"EntryPoint\",\"urlTemplate\":\"https:\\\/\\\/www.evropskakuca.me\\\/me\\\/?s={search_term_string}\"},\"query-input\":{\"@type\":\"PropertyValueSpecification\",\"valueRequired\":true,\"valueName\":\"search_term_string\"}}],\"inLanguage\":\"me-ME\"},{\"@type\":\"Organization\",\"@id\":\"https:\\\/\\\/www.evropskakuca.me\\\/me\\\/#organization\",\"name\":\"Evropean house\",\"url\":\"https:\\\/\\\/www.evropskakuca.me\\\/me\\\/\",\"logo\":{\"@type\":\"ImageObject\",\"inLanguage\":\"me-ME\",\"@id\":\"https:\\\/\\\/www.evropskakuca.me\\\/me\\\/#\\\/schema\\\/logo\\\/image\\\/\",\"url\":\"https:\\\/\\\/www.evropskakuca.me\\\/wp-content\\\/uploads\\\/2025\\\/01\\\/evropska-kuca-logo-1.png\",\"contentUrl\":\"https:\\\/\\\/www.evropskakuca.me\\\/wp-content\\\/uploads\\\/2025\\\/01\\\/evropska-kuca-logo-1.png\",\"width\":425,\"height\":312,\"caption\":\"Evropean house\"},\"image\":{\"@id\":\"https:\\\/\\\/www.evropskakuca.me\\\/me\\\/#\\\/schema\\\/logo\\\/image\\\/\"},\"sameAs\":[\"https:\\\/\\\/www.facebook.com\\\/evropska.kuca\",\"https:\\\/\\\/x.com\\\/evropska_kuca\",\"https:\\\/\\\/www.instagram.com\\\/evropska_kuca\"]},{\"@type\":\"Person\",\"@id\":\"https:\\\/\\\/www.evropskakuca.me\\\/me\\\/#\\\/schema\\\/person\\\/7e16527119c7b67f457996b970f2bd6e\",\"name\":\"Aleksandar Vukovic\",\"image\":{\"@type\":\"ImageObject\",\"inLanguage\":\"me-ME\",\"@id\":\"https:\\\/\\\/secure.gravatar.com\\\/avatar\\\/a1834e0104b0242a886079bde835ba36d80c70f9987a11f3ba33eb9e8d74cc15?s=96&d=mm&r=g\",\"url\":\"https:\\\/\\\/secure.gravatar.com\\\/avatar\\\/a1834e0104b0242a886079bde835ba36d80c70f9987a11f3ba33eb9e8d74cc15?s=96&d=mm&r=g\",\"contentUrl\":\"https:\\\/\\\/secure.gravatar.com\\\/avatar\\\/a1834e0104b0242a886079bde835ba36d80c70f9987a11f3ba33eb9e8d74cc15?s=96&d=mm&r=g\",\"caption\":\"Aleksandar Vukovic\"},\"url\":\"https:\\\/\\\/www.evropskakuca.me\\\/me\\\/author\\\/aleksandar\\\/\"}]}<\/script>\n<!-- \/ Yoast SEO plugin. -->","yoast_head_json":{"title":"Poetski konkurs na temu \u201eOda evropskom gradu\u201c - Europe House","robots":{"index":"index","follow":"follow","max-snippet":"max-snippet:-1","max-image-preview":"max-image-preview:large","max-video-preview":"max-video-preview:-1"},"canonical":"https:\/\/www.evropskakuca.me\/me\/poetski-konkurs-na-temu-oda-evropskom-gradu-2\/","og_locale":"en_US","og_type":"article","og_title":"Poetski konkurs na temu \u201eOda evropskom gradu\u201c - Europe House","og_description":"Povodom Evropskog dana jezika, koji se obilje\u017eava 26. septembra, Evropska ku\u0107a raspisuje konkurs za u\u010denike\/ice srednjih \u0161kola sa teritorije Bara, Budve, Ulcinja, Kotora, Herceg Novog i Tivta na temu \u201eOda evropskom gradu\u201c. I Predmet konkursa Predmet konkursa je stvaranje pjesme koja za cilj ima proslavljanje evropskih vrijednosti, jezika, kulture i posebnosti nekog grada EU koji [&hellip;]","og_url":"https:\/\/www.evropskakuca.me\/me\/poetski-konkurs-na-temu-oda-evropskom-gradu-2\/","og_site_name":"Europe House","article_publisher":"https:\/\/www.facebook.com\/evropska.kuca","article_published_time":"2026-09-03T08:18:44+00:00","article_modified_time":"2026-09-03T08:20:24+00:00","og_image":[{"width":1200,"height":600,"url":"https:\/\/www.evropskakuca.me\/wp-content\/uploads\/2026\/09\/IMG_2038-1.jpeg","type":"image\/jpeg"}],"author":"Aleksandar Vukovic","twitter_card":"summary_large_image","twitter_creator":"@evropska_kuca","twitter_site":"@evropska_kuca","twitter_misc":{"Written by":"Aleksandar Vukovic","Est. reading time":"2 minutes"},"schema":{"@context":"https:\/\/schema.org","@graph":[{"@type":"Article","@id":"https:\/\/www.evropskakuca.me\/me\/poetski-konkurs-na-temu-oda-evropskom-gradu-2\/#article","isPartOf":{"@id":"https:\/\/www.evropskakuca.me\/me\/poetski-konkurs-na-temu-oda-evropskom-gradu-2\/"},"author":{"name":"Aleksandar Vukovic","@id":"https:\/\/www.evropskakuca.me\/me\/#\/schema\/person\/7e16527119c7b67f457996b970f2bd6e"},"headline":"Poetski konkurs na temu \u201eOda evropskom gradu\u201c","datePublished":"2026-09-03T08:18:44+00:00","dateModified":"2026-09-03T08:20:24+00:00","mainEntityOfPage":{"@id":"https:\/\/www.evropskakuca.me\/me\/poetski-konkurs-na-temu-oda-evropskom-gradu-2\/"},"wordCount":348,"publisher":{"@id":"https:\/\/www.evropskakuca.me\/me\/#organization"},"image":{"@id":"https:\/\/www.evropskakuca.me\/me\/poetski-konkurs-na-temu-oda-evropskom-gradu-2\/#primaryimage"},"thumbnailUrl":"https:\/\/www.evropskakuca.me\/wp-content\/uploads\/2026\/09\/IMG_2038-1.jpeg","articleSection":["Bar ME"],"inLanguage":"me-ME"},{"@type":"WebPage","@id":"https:\/\/www.evropskakuca.me\/me\/poetski-konkurs-na-temu-oda-evropskom-gradu-2\/","url":"https:\/\/www.evropskakuca.me\/me\/poetski-konkurs-na-temu-oda-evropskom-gradu-2\/","name":"Poetski konkurs na temu \u201eOda evropskom gradu\u201c - Europe House","isPartOf":{"@id":"https:\/\/www.evropskakuca.me\/me\/#website"},"primaryImageOfPage":{"@id":"https:\/\/www.evropskakuca.me\/me\/poetski-konkurs-na-temu-oda-evropskom-gradu-2\/#primaryimage"},"image":{"@id":"https:\/\/www.evropskakuca.me\/me\/poetski-konkurs-na-temu-oda-evropskom-gradu-2\/#primaryimage"},"thumbnailUrl":"https:\/\/www.evropskakuca.me\/wp-content\/uploads\/2026\/09\/IMG_2038-1.jpeg","datePublished":"2026-09-03T08:18:44+00:00","dateModified":"2026-09-03T08:20:24+00:00","breadcrumb":{"@id":"https:\/\/www.evropskakuca.me\/me\/poetski-konkurs-na-temu-oda-evropskom-gradu-2\/#breadcrumb"},"inLanguage":"me-ME","potentialAction":[{"@type":"ReadAction","target":["https:\/\/www.evropskakuca.me\/me\/poetski-konkurs-na-temu-oda-evropskom-gradu-2\/"]}]},{"@type":"ImageObject","inLanguage":"me-ME","@id":"https:\/\/www.evropskakuca.me\/me\/poetski-konkurs-na-temu-oda-evropskom-gradu-2\/#primaryimage","url":"https:\/\/www.evropskakuca.me\/wp-content\/uploads\/2026\/09\/IMG_2038-1.jpeg","contentUrl":"https:\/\/www.evropskakuca.me\/wp-content\/uploads\/2026\/09\/IMG_2038-1.jpeg","width":1200,"height":600},{"@type":"BreadcrumbList","@id":"https:\/\/www.evropskakuca.me\/me\/poetski-konkurs-na-temu-oda-evropskom-gradu-2\/#breadcrumb","itemListElement":[{"@type":"ListItem","position":1,"name":"Home","item":"https:\/\/www.evropskakuca.me\/me\/"},{"@type":"ListItem","position":2,"name":"Poetski konkurs na temu \u201eOda evropskom gradu\u201c"}]},{"@type":"WebSite","@id":"https:\/\/www.evropskakuca.me\/me\/#website","url":"https:\/\/www.evropskakuca.me\/me\/","name":"Evropean house","description":"","publisher":{"@id":"https:\/\/www.evropskakuca.me\/me\/#organization"},"potentialAction":[{"@type":"SearchAction","target":{"@type":"EntryPoint","urlTemplate":"https:\/\/www.evropskakuca.me\/me\/?s={search_term_string}"},"query-input":{"@type":"PropertyValueSpecification","valueRequired":true,"valueName":"search_term_string"}}],"inLanguage":"me-ME"},{"@type":"Organization","@id":"https:\/\/www.evropskakuca.me\/me\/#organization","name":"Evropean house","url":"https:\/\/www.evropskakuca.me\/me\/","logo":{"@type":"ImageObject","inLanguage":"me-ME","@id":"https:\/\/www.evropskakuca.me\/me\/#\/schema\/logo\/image\/","url":"https:\/\/www.evropskakuca.me\/wp-content\/uploads\/2025\/01\/evropska-kuca-logo-1.png","contentUrl":"https:\/\/www.evropskakuca.me\/wp-content\/uploads\/2025\/01\/evropska-kuca-logo-1.png","width":425,"height":312,"caption":"Evropean house"},"image":{"@id":"https:\/\/www.evropskakuca.me\/me\/#\/schema\/logo\/image\/"},"sameAs":["https:\/\/www.facebook.com\/evropska.kuca","https:\/\/x.com\/evropska_kuca","https:\/\/www.instagram.com\/evropska_kuca"]},{"@type":"Person","@id":"https:\/\/www.evropskakuca.me\/me\/#\/schema\/person\/7e16527119c7b67f457996b970f2bd6e","name":"Aleksandar Vukovic","image":{"@type":"ImageObject","inLanguage":"me-ME","@id":"https:\/\/secure.gravatar.com\/avatar\/a1834e0104b0242a886079bde835ba36d80c70f9987a11f3ba33eb9e8d74cc15?s=96&d=mm&r=g","url":"https:\/\/secure.gravatar.com\/avatar\/a1834e0104b0242a886079bde835ba36d80c70f9987a11f3ba33eb9e8d74cc15?s=96&d=mm&r=g","contentUrl":"https:\/\/secure.gravatar.com\/avatar\/a1834e0104b0242a886079bde835ba36d80c70f9987a11f3ba33eb9e8d74cc15?s=96&d=mm&r=g","caption":"Aleksandar Vukovic"},"url":"https:\/\/www.evropskakuca.me\/me\/author\/aleksandar\/"}]}},"_links":{"self":[{"href":"https:\/\/www.evropskakuca.me\/me\/wp-json\/wp\/v2\/posts\/49910","targetHints":{"allow":["GET"]}}],"collection":[{"href":"https:\/\/www.evropskakuca.me\/me\/wp-json\/wp\/v2\/posts"}],"about":[{"href":"https:\/\/www.evropskakuca.me\/me\/wp-json\/wp\/v2\/types\/post"}],"author":[{"embeddable":true,"href":"https:\/\/www.evropskakuca.me\/me\/wp-json\/wp\/v2\/users\/3"}],"replies":[{"embeddable":true,"href":"https:\/\/www.evropskakuca.me\/me\/wp-json\/wp\/v2\/comments?post=49910"}],"version-history":[{"count":1,"href":"https:\/\/www.evropskakuca.me\/me\/wp-json\/wp\/v2\/posts\/49910\/revisions"}],"predecessor-version":[{"id":49911,"href":"https:\/\/www.evropskakuca.me\/me\/wp-json\/wp\/v2\/posts\/49910\/revisions\/49911"}],"wp:featuredmedia":[{"embeddable":true,"href":"https:\/\/www.evropskakuca.me\/me\/wp-json\/wp\/v2\/media\/49900"}],"wp:attachment":[{"href":"https:\/\/www.evropskakuca.me\/me\/wp-json\/wp\/v2\/media?parent=49910"}],"wp:term":[{"taxonomy":"category","embeddable":true,"href":"https:\/\/www.evropskakuca.me\/me\/wp-json\/wp\/v2\/categories?post=49910"},{"taxonomy":"post_tag","embeddable":true,"href":"https:\/\/www.evropskakuca.me\/me\/wp-json\/wp\/v2\/tags?post=49910"}],"curies":[{"name":"wp","href":"https:\/\/api.w.org\/{rel}","templated":true}]}}