{"id":4970,"date":"2018-03-05T13:32:04","date_gmt":"2018-03-05T13:32:04","guid":{"rendered":"http:\/\/www.evropskakuca.me\/me\/?p=4970"},"modified":"2018-03-05T13:32:04","modified_gmt":"2018-03-05T13:32:04","slug":"jednakost-za-sve-podrska-evropske-unije-manjinama","status":"publish","type":"post","link":"https:\/\/www.evropskakuca.me\/me\/jednakost-za-sve-podrska-evropske-unije-manjinama\/","title":{"rendered":"Jednakost za sve: Podr\u0161ka Evropske unije manjinama"},"content":{"rendered":"<p><strong>\u201e<\/strong><strong>Asistent za jezik dostupan na testovima u osnovnoj \u0161koli stvarno je od velike pomo\u0107i<\/strong><strong>. Iako dje\u010daci i djevoj\u010dice imaju jednaka prava na obrazovanje, u praksi je mnogo djevoj\u010dica napu\u0161talo \u0161kolu. Sada sve djevoj\u010dice mogu da se obrazuju, dobro se informi\u0161u i ohrabre\u201d ka\u017ee Egip\u0107anka Emina Rama, mama djevoj\u010dice koja poha\u0111a \u0161kolu u Tivtu u Crnoj Gori, u kojoj ima \u010dasove na svom maternjem jeziku.<\/strong><\/p>\n<p>Za Ismaila \u010cu\u0161kaja, oca Egip\u0107anina, \u201enajve\u0107em napretku su doprinijeli dodatni \u010dasovi. Djeca su radila vi\u0161e i postigla su bolje rezultate\u201d. \u0160kole u koje idu njihova djeca podsti\u010du inkluziju egipatske i romske djece u obrazovni sistem u Tivtu kroz rad sa asistentima koji govore njihov jezik. \u0160kole su dio regionalnog projekta Evropske unije \u201ePromocija ljudskih prava i za\u0161tita manjina u jugoisto\u010dnoj Evropi\u201d osmi\u0161ljenog da sru\u0161i prepreke za manjine tako da one mogu potpuno da u\u017eivaju svoja prava. Projekat se sprovodi u Albaniji, Bosni i Hercegovini, Hrvatskoj, Crnoj Gori, Srbiji, Kosovu<a href=\"#_ftn1\" name=\"_ftnref1\">*\u00a0\u00a0\u00a0 <\/a>i Biv\u0161oj Jugoslovenskoj Republici Makedoniji.<\/p>\n<p>Evropska unija ljudska prava vidi kao univerzalna i neophodna za postizanje dugotrajnog mira, stabilnosti i napretka. EU aktivno promovi\u0161e i brani ljudska prava, uklju\u010duju\u0107i jednak pristup obrazovanju, kako unutar Unije, tako i kada sara\u0111uju sa zemljama van EU, prvenstveno zemljama u okru\u017eenju koje te\u017ee bli\u017eoj integraciji sa EU i evropskim standardima.<\/p>\n<p>\u201ePromocija ljudskih prava i za\u0161tita manjina u Jugoisto\u010dnoj Evropi\u201d ima cilj da promovi\u0161e pribli\u017eavanje standardima Savjeta Evrope, posebno Okvirnoj konvenciji za za\u0161titu nacionalnih manjina (FCNM) i Evropskoj povelji za jezike nacionalnih manjina u regionu (ECRML). Projekat ima pristup \u201codozdo navi\u0161e\u201d: manjine se suo\u010davaju sa isklju\u010denjem u samoj zajednici i tu se mogu napraviti istinske promjene. \u0160irom Zapadnog Balkana 36 lokanih op\u0161tina dobilo je bespovratna sredstva da bi bolje odgovorili na potrebe nacionalnih manjina. Direktnu korist od toga imale su 24 manjinske grupe i skrenuta je pa\u017enja na probleme upotrebe jezika nacionalnih manjina tokom obrazovanja, jednakost, gra\u0111anski aktivizam i kori\u0161\u0107enje jezika manjina u javnoj sferi. Op\u0161tine koje su pokazale izuzetnu posve\u0107enost prevazila\u017eenju barijera za manjine nagra\u0111ene su dodatnim sredstvima.<\/p>\n<p>U Subotici na sjeveru Srbije tri jezika i gra\u0111ani tri nacionalnosti dijele jednaka prava. \u010cak su i zvani\u010dna dokumenta dostupna na srpskom, hrvatskom i ma\u0111arskom jeziku. \u201cTo je zaista sjajno \u0161to mi mo\u017eemo da koristimo tri jezika u svom gradu. Mi smo vi\u0161enacionalna zajednica i mo\u017eemo da razgovaramo na tri jezika sa lokalnom administracijom. To ljudima ovdje olak\u0161ava \u017eivot\u201d, rekla je Sonja Karponai\u0107 iz Subotice.<\/p>\n<p>Op\u0161tina Gradi\u0161ka iz Bosne i Hercegovine koristila je bespovratna sredstva da prevede svoju Internet stranicu na poljski, italijanski, njema\u010dki, ukrajinski i romski jezik, da napravi saobra\u0107ajne znake na jezicima manjina i otvori\u00a0 Resursni centrar za obuku da bi manjinske grupe pobolj\u0161ale profesionalne vje\u0161tine. Nikola Latinovi\u0107, predsjednik op\u0161tine Gradi\u0161ka, naro\u010dito je pozdravio posljednju inicijativu \u201ePotrebne su nam nacionalne manjine\u00a0 kao most ka njihovim mati\u010dnim zemljama, da unaprijedimo poslovnu i kulturnu razmjenu.\u201d<\/p>\n<p>Manjine \u0161irom regiona suo\u010davaju se sa istim problemima socijalnog isklju\u010divanja i nejednakosti.Projektni plan malih donacija pokazuje kako op\u0161tine mogu da podstaknu bolju inkluziju i zna\u010dajno smanje konflikte. Dobre prakse su objedinjene u publikaciji koja \u0107e biti dijeljena u drugim op\u0161tinama po regionu. Iskustvo sa terena tako\u0111e je dopuna nadzoru koji obavlja Savjet Evrope i bi\u0107e korisno u pripremi\u00a0 novih preporuka politika za za\u0161titu manjina koje \u0107e biti podijeljene sa nacionalnim vladama pri kraju projekta.<\/p>\n<p><a href=\"#_ftnref1\" name=\"_ftn1\">*<\/a>\u00a0\u00a0\u00a0\u00a0 Ovaj naziv ne prejudicira stavove o statusu i u skladu je sa Rezolucijom Savjeta bezbjednosti Ujedinjenih nacija 1244 i mi\u0161ljenjem Me\u0111unarodnog suda pravde o Deklaraciji o nezavisnosti Kosova<\/p>\n","protected":false},"excerpt":{"rendered":"<p>EU aktivno promovi\u0161e i brani ljudska prava<\/p>\n","protected":false},"author":1,"featured_media":33489,"comment_status":"closed","ping_status":"closed","sticky":false,"template":"","format":"standard","meta":{"_acf_changed":false,"footnotes":""},"categories":[284,283],"tags":[],"class_list":["post-4970","post","type-post","status-publish","format-standard","has-post-thumbnail","hentry","category-my-eu-story-me","category-novosti-me"],"acf":[],"yoast_head":"<!-- This site is optimized with the Yoast SEO plugin v27.3 - https:\/\/yoast.com\/product\/yoast-seo-wordpress\/ -->\n<title>Jednakost za sve: Podr\u0161ka Evropske unije manjinama - Europe House<\/title>\n<meta name=\"robots\" content=\"index, follow, max-snippet:-1, max-image-preview:large, max-video-preview:-1\" \/>\n<link rel=\"canonical\" href=\"https:\/\/www.evropskakuca.me\/me\/jednakost-za-sve-podrska-evropske-unije-manjinama\/\" \/>\n<meta property=\"og:locale\" content=\"en_US\" \/>\n<meta property=\"og:type\" content=\"article\" \/>\n<meta property=\"og:title\" content=\"Jednakost za sve: Podr\u0161ka Evropske unije manjinama - Europe House\" \/>\n<meta property=\"og:description\" content=\"EU aktivno promovi\u0161e i brani ljudska prava\" \/>\n<meta property=\"og:url\" content=\"https:\/\/www.evropskakuca.me\/me\/jednakost-za-sve-podrska-evropske-unije-manjinama\/\" \/>\n<meta property=\"og:site_name\" content=\"Europe House\" \/>\n<meta property=\"article:publisher\" content=\"https:\/\/www.facebook.com\/evropska.kuca\" \/>\n<meta property=\"article:published_time\" content=\"2018-03-05T13:32:04+00:00\" \/>\n<meta property=\"og:image\" content=\"https:\/\/www.evropskakuca.me\/wp-content\/uploads\/2018\/03\/Human-Rights.jpg\" \/>\n\t<meta property=\"og:image:width\" content=\"960\" \/>\n\t<meta property=\"og:image:height\" content=\"720\" \/>\n\t<meta property=\"og:image:type\" content=\"image\/jpeg\" \/>\n<meta name=\"author\" content=\"mkajic\" \/>\n<meta name=\"twitter:card\" content=\"summary_large_image\" \/>\n<meta name=\"twitter:creator\" content=\"@evropska_kuca\" \/>\n<meta name=\"twitter:site\" content=\"@evropska_kuca\" \/>\n<meta name=\"twitter:label1\" content=\"Written by\" \/>\n\t<meta name=\"twitter:data1\" content=\"mkajic\" \/>\n\t<meta name=\"twitter:label2\" content=\"Est. reading time\" \/>\n\t<meta name=\"twitter:data2\" content=\"3 minutes\" \/>\n<script type=\"application\/ld+json\" class=\"yoast-schema-graph\">{\"@context\":\"https:\\\/\\\/schema.org\",\"@graph\":[{\"@type\":\"Article\",\"@id\":\"https:\\\/\\\/www.evropskakuca.me\\\/me\\\/jednakost-za-sve-podrska-evropske-unije-manjinama\\\/#article\",\"isPartOf\":{\"@id\":\"https:\\\/\\\/www.evropskakuca.me\\\/me\\\/jednakost-za-sve-podrska-evropske-unije-manjinama\\\/\"},\"author\":{\"name\":\"mkajic\",\"@id\":\"https:\\\/\\\/www.evropskakuca.me\\\/me\\\/#\\\/schema\\\/person\\\/a1d0dcdaefe4a1cd1d60d200ea137ba4\"},\"headline\":\"Jednakost za sve: Podr\u0161ka Evropske unije manjinama\",\"datePublished\":\"2018-03-05T13:32:04+00:00\",\"mainEntityOfPage\":{\"@id\":\"https:\\\/\\\/www.evropskakuca.me\\\/me\\\/jednakost-za-sve-podrska-evropske-unije-manjinama\\\/\"},\"wordCount\":642,\"publisher\":{\"@id\":\"https:\\\/\\\/www.evropskakuca.me\\\/me\\\/#organization\"},\"image\":{\"@id\":\"https:\\\/\\\/www.evropskakuca.me\\\/me\\\/jednakost-za-sve-podrska-evropske-unije-manjinama\\\/#primaryimage\"},\"thumbnailUrl\":\"https:\\\/\\\/www.evropskakuca.me\\\/wp-content\\\/uploads\\\/2018\\\/03\\\/Human-Rights.jpg\",\"articleSection\":[\"My EU Story\",\"Novosti\"],\"inLanguage\":\"me-ME\"},{\"@type\":\"WebPage\",\"@id\":\"https:\\\/\\\/www.evropskakuca.me\\\/me\\\/jednakost-za-sve-podrska-evropske-unije-manjinama\\\/\",\"url\":\"https:\\\/\\\/www.evropskakuca.me\\\/me\\\/jednakost-za-sve-podrska-evropske-unije-manjinama\\\/\",\"name\":\"Jednakost za sve: Podr\u0161ka Evropske unije manjinama - Europe House\",\"isPartOf\":{\"@id\":\"https:\\\/\\\/www.evropskakuca.me\\\/me\\\/#website\"},\"primaryImageOfPage\":{\"@id\":\"https:\\\/\\\/www.evropskakuca.me\\\/me\\\/jednakost-za-sve-podrska-evropske-unije-manjinama\\\/#primaryimage\"},\"image\":{\"@id\":\"https:\\\/\\\/www.evropskakuca.me\\\/me\\\/jednakost-za-sve-podrska-evropske-unije-manjinama\\\/#primaryimage\"},\"thumbnailUrl\":\"https:\\\/\\\/www.evropskakuca.me\\\/wp-content\\\/uploads\\\/2018\\\/03\\\/Human-Rights.jpg\",\"datePublished\":\"2018-03-05T13:32:04+00:00\",\"breadcrumb\":{\"@id\":\"https:\\\/\\\/www.evropskakuca.me\\\/me\\\/jednakost-za-sve-podrska-evropske-unije-manjinama\\\/#breadcrumb\"},\"inLanguage\":\"me-ME\",\"potentialAction\":[{\"@type\":\"ReadAction\",\"target\":[\"https:\\\/\\\/www.evropskakuca.me\\\/me\\\/jednakost-za-sve-podrska-evropske-unije-manjinama\\\/\"]}]},{\"@type\":\"ImageObject\",\"inLanguage\":\"me-ME\",\"@id\":\"https:\\\/\\\/www.evropskakuca.me\\\/me\\\/jednakost-za-sve-podrska-evropske-unije-manjinama\\\/#primaryimage\",\"url\":\"https:\\\/\\\/www.evropskakuca.me\\\/wp-content\\\/uploads\\\/2018\\\/03\\\/Human-Rights.jpg\",\"contentUrl\":\"https:\\\/\\\/www.evropskakuca.me\\\/wp-content\\\/uploads\\\/2018\\\/03\\\/Human-Rights.jpg\",\"width\":960,\"height\":720},{\"@type\":\"BreadcrumbList\",\"@id\":\"https:\\\/\\\/www.evropskakuca.me\\\/me\\\/jednakost-za-sve-podrska-evropske-unije-manjinama\\\/#breadcrumb\",\"itemListElement\":[{\"@type\":\"ListItem\",\"position\":1,\"name\":\"Home\",\"item\":\"https:\\\/\\\/www.evropskakuca.me\\\/me\\\/\"},{\"@type\":\"ListItem\",\"position\":2,\"name\":\"Jednakost za sve: Podr\u0161ka Evropske unije manjinama\"}]},{\"@type\":\"WebSite\",\"@id\":\"https:\\\/\\\/www.evropskakuca.me\\\/me\\\/#website\",\"url\":\"https:\\\/\\\/www.evropskakuca.me\\\/me\\\/\",\"name\":\"Evropean house\",\"description\":\"\",\"publisher\":{\"@id\":\"https:\\\/\\\/www.evropskakuca.me\\\/me\\\/#organization\"},\"potentialAction\":[{\"@type\":\"SearchAction\",\"target\":{\"@type\":\"EntryPoint\",\"urlTemplate\":\"https:\\\/\\\/www.evropskakuca.me\\\/me\\\/?s={search_term_string}\"},\"query-input\":{\"@type\":\"PropertyValueSpecification\",\"valueRequired\":true,\"valueName\":\"search_term_string\"}}],\"inLanguage\":\"me-ME\"},{\"@type\":\"Organization\",\"@id\":\"https:\\\/\\\/www.evropskakuca.me\\\/me\\\/#organization\",\"name\":\"Evropean house\",\"url\":\"https:\\\/\\\/www.evropskakuca.me\\\/me\\\/\",\"logo\":{\"@type\":\"ImageObject\",\"inLanguage\":\"me-ME\",\"@id\":\"https:\\\/\\\/www.evropskakuca.me\\\/me\\\/#\\\/schema\\\/logo\\\/image\\\/\",\"url\":\"https:\\\/\\\/www.evropskakuca.me\\\/wp-content\\\/uploads\\\/2025\\\/01\\\/evropska-kuca-logo-1.png\",\"contentUrl\":\"https:\\\/\\\/www.evropskakuca.me\\\/wp-content\\\/uploads\\\/2025\\\/01\\\/evropska-kuca-logo-1.png\",\"width\":425,\"height\":312,\"caption\":\"Evropean house\"},\"image\":{\"@id\":\"https:\\\/\\\/www.evropskakuca.me\\\/me\\\/#\\\/schema\\\/logo\\\/image\\\/\"},\"sameAs\":[\"https:\\\/\\\/www.facebook.com\\\/evropska.kuca\",\"https:\\\/\\\/x.com\\\/evropska_kuca\",\"https:\\\/\\\/www.instagram.com\\\/evropska_kuca\"]},{\"@type\":\"Person\",\"@id\":\"https:\\\/\\\/www.evropskakuca.me\\\/me\\\/#\\\/schema\\\/person\\\/a1d0dcdaefe4a1cd1d60d200ea137ba4\",\"name\":\"mkajic\",\"image\":{\"@type\":\"ImageObject\",\"inLanguage\":\"me-ME\",\"@id\":\"https:\\\/\\\/secure.gravatar.com\\\/avatar\\\/731fa035cefab7316e6bafd1f25a93fb731a07de14e2d9923f8db4422628eabc?s=96&d=mm&r=g\",\"url\":\"https:\\\/\\\/secure.gravatar.com\\\/avatar\\\/731fa035cefab7316e6bafd1f25a93fb731a07de14e2d9923f8db4422628eabc?s=96&d=mm&r=g\",\"contentUrl\":\"https:\\\/\\\/secure.gravatar.com\\\/avatar\\\/731fa035cefab7316e6bafd1f25a93fb731a07de14e2d9923f8db4422628eabc?s=96&d=mm&r=g\",\"caption\":\"mkajic\"},\"sameAs\":[\"https:\\\/\\\/evropskakuca.me\"],\"url\":\"https:\\\/\\\/www.evropskakuca.me\\\/me\\\/author\\\/mkajic\\\/\"}]}<\/script>\n<!-- \/ Yoast SEO plugin. -->","yoast_head_json":{"title":"Jednakost za sve: Podr\u0161ka Evropske unije manjinama - Europe House","robots":{"index":"index","follow":"follow","max-snippet":"max-snippet:-1","max-image-preview":"max-image-preview:large","max-video-preview":"max-video-preview:-1"},"canonical":"https:\/\/www.evropskakuca.me\/me\/jednakost-za-sve-podrska-evropske-unije-manjinama\/","og_locale":"en_US","og_type":"article","og_title":"Jednakost za sve: Podr\u0161ka Evropske unije manjinama - Europe House","og_description":"EU aktivno promovi\u0161e i brani ljudska prava","og_url":"https:\/\/www.evropskakuca.me\/me\/jednakost-za-sve-podrska-evropske-unije-manjinama\/","og_site_name":"Europe House","article_publisher":"https:\/\/www.facebook.com\/evropska.kuca","article_published_time":"2018-03-05T13:32:04+00:00","og_image":[{"width":960,"height":720,"url":"https:\/\/www.evropskakuca.me\/wp-content\/uploads\/2018\/03\/Human-Rights.jpg","type":"image\/jpeg"}],"author":"mkajic","twitter_card":"summary_large_image","twitter_creator":"@evropska_kuca","twitter_site":"@evropska_kuca","twitter_misc":{"Written by":"mkajic","Est. reading time":"3 minutes"},"schema":{"@context":"https:\/\/schema.org","@graph":[{"@type":"Article","@id":"https:\/\/www.evropskakuca.me\/me\/jednakost-za-sve-podrska-evropske-unije-manjinama\/#article","isPartOf":{"@id":"https:\/\/www.evropskakuca.me\/me\/jednakost-za-sve-podrska-evropske-unije-manjinama\/"},"author":{"name":"mkajic","@id":"https:\/\/www.evropskakuca.me\/me\/#\/schema\/person\/a1d0dcdaefe4a1cd1d60d200ea137ba4"},"headline":"Jednakost za sve: Podr\u0161ka Evropske unije manjinama","datePublished":"2018-03-05T13:32:04+00:00","mainEntityOfPage":{"@id":"https:\/\/www.evropskakuca.me\/me\/jednakost-za-sve-podrska-evropske-unije-manjinama\/"},"wordCount":642,"publisher":{"@id":"https:\/\/www.evropskakuca.me\/me\/#organization"},"image":{"@id":"https:\/\/www.evropskakuca.me\/me\/jednakost-za-sve-podrska-evropske-unije-manjinama\/#primaryimage"},"thumbnailUrl":"https:\/\/www.evropskakuca.me\/wp-content\/uploads\/2018\/03\/Human-Rights.jpg","articleSection":["My EU Story","Novosti"],"inLanguage":"me-ME"},{"@type":"WebPage","@id":"https:\/\/www.evropskakuca.me\/me\/jednakost-za-sve-podrska-evropske-unije-manjinama\/","url":"https:\/\/www.evropskakuca.me\/me\/jednakost-za-sve-podrska-evropske-unije-manjinama\/","name":"Jednakost za sve: Podr\u0161ka Evropske unije manjinama - Europe House","isPartOf":{"@id":"https:\/\/www.evropskakuca.me\/me\/#website"},"primaryImageOfPage":{"@id":"https:\/\/www.evropskakuca.me\/me\/jednakost-za-sve-podrska-evropske-unije-manjinama\/#primaryimage"},"image":{"@id":"https:\/\/www.evropskakuca.me\/me\/jednakost-za-sve-podrska-evropske-unije-manjinama\/#primaryimage"},"thumbnailUrl":"https:\/\/www.evropskakuca.me\/wp-content\/uploads\/2018\/03\/Human-Rights.jpg","datePublished":"2018-03-05T13:32:04+00:00","breadcrumb":{"@id":"https:\/\/www.evropskakuca.me\/me\/jednakost-za-sve-podrska-evropske-unije-manjinama\/#breadcrumb"},"inLanguage":"me-ME","potentialAction":[{"@type":"ReadAction","target":["https:\/\/www.evropskakuca.me\/me\/jednakost-za-sve-podrska-evropske-unije-manjinama\/"]}]},{"@type":"ImageObject","inLanguage":"me-ME","@id":"https:\/\/www.evropskakuca.me\/me\/jednakost-za-sve-podrska-evropske-unije-manjinama\/#primaryimage","url":"https:\/\/www.evropskakuca.me\/wp-content\/uploads\/2018\/03\/Human-Rights.jpg","contentUrl":"https:\/\/www.evropskakuca.me\/wp-content\/uploads\/2018\/03\/Human-Rights.jpg","width":960,"height":720},{"@type":"BreadcrumbList","@id":"https:\/\/www.evropskakuca.me\/me\/jednakost-za-sve-podrska-evropske-unije-manjinama\/#breadcrumb","itemListElement":[{"@type":"ListItem","position":1,"name":"Home","item":"https:\/\/www.evropskakuca.me\/me\/"},{"@type":"ListItem","position":2,"name":"Jednakost za sve: Podr\u0161ka Evropske unije manjinama"}]},{"@type":"WebSite","@id":"https:\/\/www.evropskakuca.me\/me\/#website","url":"https:\/\/www.evropskakuca.me\/me\/","name":"Evropean house","description":"","publisher":{"@id":"https:\/\/www.evropskakuca.me\/me\/#organization"},"potentialAction":[{"@type":"SearchAction","target":{"@type":"EntryPoint","urlTemplate":"https:\/\/www.evropskakuca.me\/me\/?s={search_term_string}"},"query-input":{"@type":"PropertyValueSpecification","valueRequired":true,"valueName":"search_term_string"}}],"inLanguage":"me-ME"},{"@type":"Organization","@id":"https:\/\/www.evropskakuca.me\/me\/#organization","name":"Evropean house","url":"https:\/\/www.evropskakuca.me\/me\/","logo":{"@type":"ImageObject","inLanguage":"me-ME","@id":"https:\/\/www.evropskakuca.me\/me\/#\/schema\/logo\/image\/","url":"https:\/\/www.evropskakuca.me\/wp-content\/uploads\/2025\/01\/evropska-kuca-logo-1.png","contentUrl":"https:\/\/www.evropskakuca.me\/wp-content\/uploads\/2025\/01\/evropska-kuca-logo-1.png","width":425,"height":312,"caption":"Evropean house"},"image":{"@id":"https:\/\/www.evropskakuca.me\/me\/#\/schema\/logo\/image\/"},"sameAs":["https:\/\/www.facebook.com\/evropska.kuca","https:\/\/x.com\/evropska_kuca","https:\/\/www.instagram.com\/evropska_kuca"]},{"@type":"Person","@id":"https:\/\/www.evropskakuca.me\/me\/#\/schema\/person\/a1d0dcdaefe4a1cd1d60d200ea137ba4","name":"mkajic","image":{"@type":"ImageObject","inLanguage":"me-ME","@id":"https:\/\/secure.gravatar.com\/avatar\/731fa035cefab7316e6bafd1f25a93fb731a07de14e2d9923f8db4422628eabc?s=96&d=mm&r=g","url":"https:\/\/secure.gravatar.com\/avatar\/731fa035cefab7316e6bafd1f25a93fb731a07de14e2d9923f8db4422628eabc?s=96&d=mm&r=g","contentUrl":"https:\/\/secure.gravatar.com\/avatar\/731fa035cefab7316e6bafd1f25a93fb731a07de14e2d9923f8db4422628eabc?s=96&d=mm&r=g","caption":"mkajic"},"sameAs":["https:\/\/evropskakuca.me"],"url":"https:\/\/www.evropskakuca.me\/me\/author\/mkajic\/"}]}},"_links":{"self":[{"href":"https:\/\/www.evropskakuca.me\/me\/wp-json\/wp\/v2\/posts\/4970","targetHints":{"allow":["GET"]}}],"collection":[{"href":"https:\/\/www.evropskakuca.me\/me\/wp-json\/wp\/v2\/posts"}],"about":[{"href":"https:\/\/www.evropskakuca.me\/me\/wp-json\/wp\/v2\/types\/post"}],"author":[{"embeddable":true,"href":"https:\/\/www.evropskakuca.me\/me\/wp-json\/wp\/v2\/users\/1"}],"replies":[{"embeddable":true,"href":"https:\/\/www.evropskakuca.me\/me\/wp-json\/wp\/v2\/comments?post=4970"}],"version-history":[{"count":0,"href":"https:\/\/www.evropskakuca.me\/me\/wp-json\/wp\/v2\/posts\/4970\/revisions"}],"wp:featuredmedia":[{"embeddable":true,"href":"https:\/\/www.evropskakuca.me\/me\/wp-json\/wp\/v2\/media\/33489"}],"wp:attachment":[{"href":"https:\/\/www.evropskakuca.me\/me\/wp-json\/wp\/v2\/media?parent=4970"}],"wp:term":[{"taxonomy":"category","embeddable":true,"href":"https:\/\/www.evropskakuca.me\/me\/wp-json\/wp\/v2\/categories?post=4970"},{"taxonomy":"post_tag","embeddable":true,"href":"https:\/\/www.evropskakuca.me\/me\/wp-json\/wp\/v2\/tags?post=4970"}],"curies":[{"name":"wp","href":"https:\/\/api.w.org\/{rel}","templated":true}]}}