{"id":4954,"date":"2018-03-01T12:08:38","date_gmt":"2018-03-01T12:08:38","guid":{"rendered":"http:\/\/www.evropskakuca.me\/me\/?p=4954"},"modified":"2018-03-01T12:08:38","modified_gmt":"2018-03-01T12:08:38","slug":"spanija-podrzava-crnogorsku-poresku-upravu","status":"publish","type":"post","link":"https:\/\/www.evropskakuca.me\/me\/spanija-podrzava-crnogorsku-poresku-upravu\/","title":{"rendered":"\u0160panija podr\u017eava crnogorsku Poresku upravu"},"content":{"rendered":"<p>Podgorica, 1. mart 2018. godine &#8211; Danas je u prostorijama EU info centra odr\u017eana konferencija povodom po\u010detka tvinning projekta \u201ePodr\u0161ka Poreskoj upravi\u201c, finansiranog od strane EU (IPA 2014), koji implementira FIIAPP sa Poreskom upravom \u0160panije i Poreskom upravom Crne Gore, kao twinning partnerima.<\/p>\n<p>Konferenciji su prisustvovali visoki predstavnici Evropske unije, Kraljevine \u0160panije i Crne Gore, kao i zaposleni Ministarstva finansija, Poreske uprave i Uprave carina i predstavnici asocijacija poreskih obveznika u Crnoj Gori.<\/p>\n<p>\u0160ef Delegacije EU u Crnoj Gori, Aivo Orav istakao je zna\u010daj ovog tvining projekta koji \u0107e doprinijeti pobolj\u0161anju kapaciteta i efikasnosti Poreske uprave Crne Gore, kao i ispunjavanju zahtjeva predvi\u0111enih Poglavljem 16 &#8211; Oporezivanje. Tako\u0111e, iskazao je o\u010dekivanja da \u0107e projekat doprinijeti boljem po\u0161tovanju poreskih propisa i efikasnijoj naplati prihoda, u interesu svih gra\u0111ana Crne Gore.\u00a0 Kako izazovi Crnu Goru u oblasti oporezivanja ne\u0107e prestati sa ovim projektom, Orav je pozdravio \u00a0crnogorsku posve\u0107enost ispunjavanju principa EU za saradnju za poreske svrhe u okviru teku\u0107ih napora za spre\u010davanje poreskih prevara i izbjegavanja pla\u0107anja poreza.<\/p>\n<p>Ministar finansija Darko Radunovi\u0107 je kazao da ja\u010danje kapaciteta uz modernizaciju poslovanja Poreske uprave i pove\u0107anje efikasnosti naplate prihoda predstavljaju preduslov za sna\u017eenje ukupnog fiskalnog sistema i efikasniju borbu protiv sive ekonomije, te da je projekat ,,Podr\u0161ka Poreskoj upravi\u201c nastao je kao odgovor na rastu\u0107e izazove u oblasti nacionalne poreske politike, posebno u pogledu potrebe ispunjavanja kriterijuma iz pregovara\u010dkog procesa pristupanja zemljama EU.<\/p>\n<p>Ambasador \u0160panije, Migel Fuertez Suarez iskazao je zadovoljstvo \u0161to Poreska uprava \u0160panije, kao visoko funkcionalna institucija koja je prije 20 godina izvr\u0161ila sveobuhvatnu reformu, u\u010de\u0161tvuje u twinning projektu sa Poreskom upravom Crne Gore. On o\u010dekuje da \u0107e \u0161panska institucija imati mogu\u0107nost da kroz ovaj instrument prenese svoja iskustva u kontinuiranoj izgradnji poreske administracije radi obezbje\u0111enja \u0161to ve\u0107eg stepena po\u0161tovanja poreskih propisa, kao i iskustva vezana za reforme koje se moraju izvr\u0161iti za budu\u0107e uspje\u0161no funkcionisanje u sistemu Evropske unije.<\/p>\n<p><img fetchpriority=\"high\" decoding=\"async\" class=\"alignleft size-large wp-image-4952\" src=\"http:\/\/www.evropskakuca.me\/wp-content\/uploads\/2018\/03\/180227_twinning_project_supp_tax-11-1024x683.jpg\" alt=\"\" width=\"1024\" height=\"683\" \/><\/p>\n<p>Direktor Poreske uprave<strong>, <\/strong>Miomir M. Mugo\u0161a saop\u0161tio je da je vremenski okvir projekta postavljen u pravom momentu za Poresku upravu Crne Gore, imaju\u0107i u vidu sveobuhvatnu reformu koja je ve\u0107 zapo\u010deta u poreskom organu, a \u010dijem uspjehu \u0107e i projekat doprinijeti, te iznio o\u010dekivanja da \u0107e slu\u017ebenici Poreske uprave uspjeti da sprovedu modernizaciju poslovnih procesa i usklade svoju administraciju sa najboljom me\u0111unarodnom praksom, posebno cijene\u0107i \u010dinjenicu da \u0107e im saradnici i direktni sagovornici biti kolege iz \u0160panije.<\/p>\n<p>Direktor FIIAPP-a (Me\u0111unarodna i iberoameri\u010dka fondacija za dr\u017eavnu upravu i javne politike), Pedro Flores osvrnuo se na opseg rada ove organizacije i istakao dragocjeno iskustvo koje ista ima u promociji projekata me\u0111unarodne saradnje, kojima je zajedni\u010dki cilj izgradnja efikasnih dr\u017eavnih administracija i usvajanje javnih politika zasnovanih na najboljim interesima gra\u0111ana, kompanija i privrede, u skladu sa EU standardima.<\/p>\n<p>Rukovoditeljka Regionalne jedinice Madrid, Rakel Katala Polo prezentovala je rad Poreske uprave \u0160panije, osvr\u0107u\u0107i se na organizaciju i rezultate u radu iste, a posebno je naglasila oblasti u kojima \u0107e tokom trajanja projekat biti najintenzivnija razmjena iskustava sa kolegama iz Poreske uprave Crne Gore. Izrazila je o\u010dekivanja da \u0107e se na bilateralnom nivou, kako kroz posjete \u0161paniskih eksperata Crnoj Gori, tako i kroz studijske posjete crnogorskih slu\u017ebenika, uspostaviti najve\u0107i mogu\u0107i nivo saradnje i prijateljskog odnosa izme\u0111u AEAT-a i PUCG, kako radi uspje\u0161ne realizacije konkretnog projekta, tako i radi budu\u0107e saradnje do i nakon pristupanja Crne Gore Evropskoj uniji.<\/p>\n<p>Vo\u0111e projekta ispred Poreske uprave \u0160panije i Poreske uprave Crne Gore, Huan Hoze Fernandez San\u010dez \u00a0i An\u0111elko Jovanovi\u0107 predstavili su plan realizacije projekta kroz \u010detiri komponente, koje podrazumijevaju: uskla\u0111ivanje pravnog okvira u oblasti poreza i akciza, uspostavljanja modernog i efikasnsog sistema obuka za zaposlene u Poreskoj upravi, postavljanje osnova za automatsku razmjenu informacija i osnivanje Centralne kancelarije za vezu, kao i detaljnu analizu postoje\u0107ih IT kapaciteta i definisanje infrastrukturnih potreba za uspostavljanje me\u0111uoperativnosti i me\u0111upovezanosti sa sistemima poreskih uprava EU.<\/p>\n<p><em>Projekat \u201ePodr\u0161ka Poreskoj upravi\u201c je prvi tvinning projekat koji se realizuje u Poreskoj upravi Crne Gore, a isti \u0107e uklju\u010divati brojne aktere osim poreskih slu\u017ebenika, kao \u0161to su slu\u017ebenici Ministarstva finansija i Uprave carina, te asocijacije poreskih obveznika, kao g\u010davna kontaktna ta\u010dna za komuniciranje i promociju dobrovoljnog izmirivanja poreskih obaveza. Projekat je vrijedan milion eura, pri \u010demu je kontribucija EU 900.000,00 \u20ac, dok je Vlada Crne Gore kofinansirala iznos od 100.000,00 \u20ac. <\/em><\/p>\n","protected":false},"excerpt":{"rendered":"<p>Konferencija za medije povodom po\u010detka tvining projekta <\/p>\n","protected":false},"author":1,"featured_media":33457,"comment_status":"open","ping_status":"open","sticky":false,"template":"","format":"standard","meta":{"_acf_changed":false,"footnotes":""},"categories":[283,2],"tags":[],"class_list":["post-4954","post","type-post","status-publish","format-standard","has-post-thumbnail","hentry","category-novosti-me","category-uncategorized-me"],"acf":[],"yoast_head":"<!-- This site is optimized with the Yoast SEO plugin v27.3 - https:\/\/yoast.com\/product\/yoast-seo-wordpress\/ -->\n<title>\u0160panija podr\u017eava crnogorsku Poresku upravu - Europe House<\/title>\n<meta name=\"robots\" content=\"index, follow, max-snippet:-1, max-image-preview:large, max-video-preview:-1\" \/>\n<link rel=\"canonical\" href=\"https:\/\/www.evropskakuca.me\/me\/spanija-podrzava-crnogorsku-poresku-upravu\/\" \/>\n<meta property=\"og:locale\" content=\"en_US\" \/>\n<meta property=\"og:type\" content=\"article\" \/>\n<meta property=\"og:title\" content=\"\u0160panija podr\u017eava crnogorsku Poresku upravu - Europe House\" \/>\n<meta property=\"og:description\" content=\"Konferencija za medije povodom po\u010detka tvining projekta\" \/>\n<meta property=\"og:url\" content=\"https:\/\/www.evropskakuca.me\/me\/spanija-podrzava-crnogorsku-poresku-upravu\/\" \/>\n<meta property=\"og:site_name\" content=\"Europe House\" \/>\n<meta property=\"article:publisher\" content=\"https:\/\/www.facebook.com\/evropska.kuca\" \/>\n<meta property=\"article:published_time\" content=\"2018-03-01T12:08:38+00:00\" \/>\n<meta property=\"og:image\" content=\"https:\/\/www.evropskakuca.me\/wp-content\/uploads\/2018\/03\/180227_twinning_project_supp_tax-5-1024x683.jpg\" \/>\n\t<meta property=\"og:image:width\" content=\"1024\" \/>\n\t<meta property=\"og:image:height\" content=\"683\" \/>\n\t<meta property=\"og:image:type\" content=\"image\/jpeg\" \/>\n<meta name=\"author\" content=\"mkajic\" \/>\n<meta name=\"twitter:card\" content=\"summary_large_image\" \/>\n<meta name=\"twitter:creator\" content=\"@evropska_kuca\" \/>\n<meta name=\"twitter:site\" content=\"@evropska_kuca\" \/>\n<meta name=\"twitter:label1\" content=\"Written by\" \/>\n\t<meta name=\"twitter:data1\" content=\"mkajic\" \/>\n\t<meta name=\"twitter:label2\" content=\"Est. reading time\" \/>\n\t<meta name=\"twitter:data2\" content=\"4 minutes\" \/>\n<script type=\"application\/ld+json\" class=\"yoast-schema-graph\">{\"@context\":\"https:\\\/\\\/schema.org\",\"@graph\":[{\"@type\":\"Article\",\"@id\":\"https:\\\/\\\/www.evropskakuca.me\\\/me\\\/spanija-podrzava-crnogorsku-poresku-upravu\\\/#article\",\"isPartOf\":{\"@id\":\"https:\\\/\\\/www.evropskakuca.me\\\/me\\\/spanija-podrzava-crnogorsku-poresku-upravu\\\/\"},\"author\":{\"name\":\"mkajic\",\"@id\":\"https:\\\/\\\/www.evropskakuca.me\\\/me\\\/#\\\/schema\\\/person\\\/a1d0dcdaefe4a1cd1d60d200ea137ba4\"},\"headline\":\"\u0160panija podr\u017eava crnogorsku Poresku upravu\",\"datePublished\":\"2018-03-01T12:08:38+00:00\",\"mainEntityOfPage\":{\"@id\":\"https:\\\/\\\/www.evropskakuca.me\\\/me\\\/spanija-podrzava-crnogorsku-poresku-upravu\\\/\"},\"wordCount\":759,\"commentCount\":0,\"publisher\":{\"@id\":\"https:\\\/\\\/www.evropskakuca.me\\\/me\\\/#organization\"},\"image\":{\"@id\":\"https:\\\/\\\/www.evropskakuca.me\\\/me\\\/spanija-podrzava-crnogorsku-poresku-upravu\\\/#primaryimage\"},\"thumbnailUrl\":\"https:\\\/\\\/www.evropskakuca.me\\\/wp-content\\\/uploads\\\/2018\\\/03\\\/180227_twinning_project_supp_tax-5.jpg\",\"articleSection\":[\"Novosti\",\"Uncategorized @me\"],\"inLanguage\":\"me-ME\",\"potentialAction\":[{\"@type\":\"CommentAction\",\"name\":\"Comment\",\"target\":[\"https:\\\/\\\/www.evropskakuca.me\\\/me\\\/spanija-podrzava-crnogorsku-poresku-upravu\\\/#respond\"]}]},{\"@type\":\"WebPage\",\"@id\":\"https:\\\/\\\/www.evropskakuca.me\\\/me\\\/spanija-podrzava-crnogorsku-poresku-upravu\\\/\",\"url\":\"https:\\\/\\\/www.evropskakuca.me\\\/me\\\/spanija-podrzava-crnogorsku-poresku-upravu\\\/\",\"name\":\"\u0160panija podr\u017eava crnogorsku Poresku upravu - Europe House\",\"isPartOf\":{\"@id\":\"https:\\\/\\\/www.evropskakuca.me\\\/me\\\/#website\"},\"primaryImageOfPage\":{\"@id\":\"https:\\\/\\\/www.evropskakuca.me\\\/me\\\/spanija-podrzava-crnogorsku-poresku-upravu\\\/#primaryimage\"},\"image\":{\"@id\":\"https:\\\/\\\/www.evropskakuca.me\\\/me\\\/spanija-podrzava-crnogorsku-poresku-upravu\\\/#primaryimage\"},\"thumbnailUrl\":\"https:\\\/\\\/www.evropskakuca.me\\\/wp-content\\\/uploads\\\/2018\\\/03\\\/180227_twinning_project_supp_tax-5.jpg\",\"datePublished\":\"2018-03-01T12:08:38+00:00\",\"breadcrumb\":{\"@id\":\"https:\\\/\\\/www.evropskakuca.me\\\/me\\\/spanija-podrzava-crnogorsku-poresku-upravu\\\/#breadcrumb\"},\"inLanguage\":\"me-ME\",\"potentialAction\":[{\"@type\":\"ReadAction\",\"target\":[\"https:\\\/\\\/www.evropskakuca.me\\\/me\\\/spanija-podrzava-crnogorsku-poresku-upravu\\\/\"]}]},{\"@type\":\"ImageObject\",\"inLanguage\":\"me-ME\",\"@id\":\"https:\\\/\\\/www.evropskakuca.me\\\/me\\\/spanija-podrzava-crnogorsku-poresku-upravu\\\/#primaryimage\",\"url\":\"https:\\\/\\\/www.evropskakuca.me\\\/wp-content\\\/uploads\\\/2018\\\/03\\\/180227_twinning_project_supp_tax-5.jpg\",\"contentUrl\":\"https:\\\/\\\/www.evropskakuca.me\\\/wp-content\\\/uploads\\\/2018\\\/03\\\/180227_twinning_project_supp_tax-5.jpg\",\"width\":2028,\"height\":1352},{\"@type\":\"BreadcrumbList\",\"@id\":\"https:\\\/\\\/www.evropskakuca.me\\\/me\\\/spanija-podrzava-crnogorsku-poresku-upravu\\\/#breadcrumb\",\"itemListElement\":[{\"@type\":\"ListItem\",\"position\":1,\"name\":\"Home\",\"item\":\"https:\\\/\\\/www.evropskakuca.me\\\/me\\\/\"},{\"@type\":\"ListItem\",\"position\":2,\"name\":\"\u0160panija podr\u017eava crnogorsku Poresku upravu\"}]},{\"@type\":\"WebSite\",\"@id\":\"https:\\\/\\\/www.evropskakuca.me\\\/me\\\/#website\",\"url\":\"https:\\\/\\\/www.evropskakuca.me\\\/me\\\/\",\"name\":\"Evropean house\",\"description\":\"\",\"publisher\":{\"@id\":\"https:\\\/\\\/www.evropskakuca.me\\\/me\\\/#organization\"},\"potentialAction\":[{\"@type\":\"SearchAction\",\"target\":{\"@type\":\"EntryPoint\",\"urlTemplate\":\"https:\\\/\\\/www.evropskakuca.me\\\/me\\\/?s={search_term_string}\"},\"query-input\":{\"@type\":\"PropertyValueSpecification\",\"valueRequired\":true,\"valueName\":\"search_term_string\"}}],\"inLanguage\":\"me-ME\"},{\"@type\":\"Organization\",\"@id\":\"https:\\\/\\\/www.evropskakuca.me\\\/me\\\/#organization\",\"name\":\"Evropean house\",\"url\":\"https:\\\/\\\/www.evropskakuca.me\\\/me\\\/\",\"logo\":{\"@type\":\"ImageObject\",\"inLanguage\":\"me-ME\",\"@id\":\"https:\\\/\\\/www.evropskakuca.me\\\/me\\\/#\\\/schema\\\/logo\\\/image\\\/\",\"url\":\"https:\\\/\\\/www.evropskakuca.me\\\/wp-content\\\/uploads\\\/2025\\\/01\\\/evropska-kuca-logo-1.png\",\"contentUrl\":\"https:\\\/\\\/www.evropskakuca.me\\\/wp-content\\\/uploads\\\/2025\\\/01\\\/evropska-kuca-logo-1.png\",\"width\":425,\"height\":312,\"caption\":\"Evropean house\"},\"image\":{\"@id\":\"https:\\\/\\\/www.evropskakuca.me\\\/me\\\/#\\\/schema\\\/logo\\\/image\\\/\"},\"sameAs\":[\"https:\\\/\\\/www.facebook.com\\\/evropska.kuca\",\"https:\\\/\\\/x.com\\\/evropska_kuca\",\"https:\\\/\\\/www.instagram.com\\\/evropska_kuca\"]},{\"@type\":\"Person\",\"@id\":\"https:\\\/\\\/www.evropskakuca.me\\\/me\\\/#\\\/schema\\\/person\\\/a1d0dcdaefe4a1cd1d60d200ea137ba4\",\"name\":\"mkajic\",\"image\":{\"@type\":\"ImageObject\",\"inLanguage\":\"me-ME\",\"@id\":\"https:\\\/\\\/secure.gravatar.com\\\/avatar\\\/731fa035cefab7316e6bafd1f25a93fb731a07de14e2d9923f8db4422628eabc?s=96&d=mm&r=g\",\"url\":\"https:\\\/\\\/secure.gravatar.com\\\/avatar\\\/731fa035cefab7316e6bafd1f25a93fb731a07de14e2d9923f8db4422628eabc?s=96&d=mm&r=g\",\"contentUrl\":\"https:\\\/\\\/secure.gravatar.com\\\/avatar\\\/731fa035cefab7316e6bafd1f25a93fb731a07de14e2d9923f8db4422628eabc?s=96&d=mm&r=g\",\"caption\":\"mkajic\"},\"sameAs\":[\"https:\\\/\\\/evropskakuca.me\"],\"url\":\"https:\\\/\\\/www.evropskakuca.me\\\/me\\\/author\\\/mkajic\\\/\"}]}<\/script>\n<!-- \/ Yoast SEO plugin. -->","yoast_head_json":{"title":"\u0160panija podr\u017eava crnogorsku Poresku upravu - Europe House","robots":{"index":"index","follow":"follow","max-snippet":"max-snippet:-1","max-image-preview":"max-image-preview:large","max-video-preview":"max-video-preview:-1"},"canonical":"https:\/\/www.evropskakuca.me\/me\/spanija-podrzava-crnogorsku-poresku-upravu\/","og_locale":"en_US","og_type":"article","og_title":"\u0160panija podr\u017eava crnogorsku Poresku upravu - Europe House","og_description":"Konferencija za medije povodom po\u010detka tvining projekta","og_url":"https:\/\/www.evropskakuca.me\/me\/spanija-podrzava-crnogorsku-poresku-upravu\/","og_site_name":"Europe House","article_publisher":"https:\/\/www.facebook.com\/evropska.kuca","article_published_time":"2018-03-01T12:08:38+00:00","og_image":[{"width":1024,"height":683,"url":"https:\/\/www.evropskakuca.me\/wp-content\/uploads\/2018\/03\/180227_twinning_project_supp_tax-5-1024x683.jpg","type":"image\/jpeg"}],"author":"mkajic","twitter_card":"summary_large_image","twitter_creator":"@evropska_kuca","twitter_site":"@evropska_kuca","twitter_misc":{"Written by":"mkajic","Est. reading time":"4 minutes"},"schema":{"@context":"https:\/\/schema.org","@graph":[{"@type":"Article","@id":"https:\/\/www.evropskakuca.me\/me\/spanija-podrzava-crnogorsku-poresku-upravu\/#article","isPartOf":{"@id":"https:\/\/www.evropskakuca.me\/me\/spanija-podrzava-crnogorsku-poresku-upravu\/"},"author":{"name":"mkajic","@id":"https:\/\/www.evropskakuca.me\/me\/#\/schema\/person\/a1d0dcdaefe4a1cd1d60d200ea137ba4"},"headline":"\u0160panija podr\u017eava crnogorsku Poresku upravu","datePublished":"2018-03-01T12:08:38+00:00","mainEntityOfPage":{"@id":"https:\/\/www.evropskakuca.me\/me\/spanija-podrzava-crnogorsku-poresku-upravu\/"},"wordCount":759,"commentCount":0,"publisher":{"@id":"https:\/\/www.evropskakuca.me\/me\/#organization"},"image":{"@id":"https:\/\/www.evropskakuca.me\/me\/spanija-podrzava-crnogorsku-poresku-upravu\/#primaryimage"},"thumbnailUrl":"https:\/\/www.evropskakuca.me\/wp-content\/uploads\/2018\/03\/180227_twinning_project_supp_tax-5.jpg","articleSection":["Novosti","Uncategorized @me"],"inLanguage":"me-ME","potentialAction":[{"@type":"CommentAction","name":"Comment","target":["https:\/\/www.evropskakuca.me\/me\/spanija-podrzava-crnogorsku-poresku-upravu\/#respond"]}]},{"@type":"WebPage","@id":"https:\/\/www.evropskakuca.me\/me\/spanija-podrzava-crnogorsku-poresku-upravu\/","url":"https:\/\/www.evropskakuca.me\/me\/spanija-podrzava-crnogorsku-poresku-upravu\/","name":"\u0160panija podr\u017eava crnogorsku Poresku upravu - Europe House","isPartOf":{"@id":"https:\/\/www.evropskakuca.me\/me\/#website"},"primaryImageOfPage":{"@id":"https:\/\/www.evropskakuca.me\/me\/spanija-podrzava-crnogorsku-poresku-upravu\/#primaryimage"},"image":{"@id":"https:\/\/www.evropskakuca.me\/me\/spanija-podrzava-crnogorsku-poresku-upravu\/#primaryimage"},"thumbnailUrl":"https:\/\/www.evropskakuca.me\/wp-content\/uploads\/2018\/03\/180227_twinning_project_supp_tax-5.jpg","datePublished":"2018-03-01T12:08:38+00:00","breadcrumb":{"@id":"https:\/\/www.evropskakuca.me\/me\/spanija-podrzava-crnogorsku-poresku-upravu\/#breadcrumb"},"inLanguage":"me-ME","potentialAction":[{"@type":"ReadAction","target":["https:\/\/www.evropskakuca.me\/me\/spanija-podrzava-crnogorsku-poresku-upravu\/"]}]},{"@type":"ImageObject","inLanguage":"me-ME","@id":"https:\/\/www.evropskakuca.me\/me\/spanija-podrzava-crnogorsku-poresku-upravu\/#primaryimage","url":"https:\/\/www.evropskakuca.me\/wp-content\/uploads\/2018\/03\/180227_twinning_project_supp_tax-5.jpg","contentUrl":"https:\/\/www.evropskakuca.me\/wp-content\/uploads\/2018\/03\/180227_twinning_project_supp_tax-5.jpg","width":2028,"height":1352},{"@type":"BreadcrumbList","@id":"https:\/\/www.evropskakuca.me\/me\/spanija-podrzava-crnogorsku-poresku-upravu\/#breadcrumb","itemListElement":[{"@type":"ListItem","position":1,"name":"Home","item":"https:\/\/www.evropskakuca.me\/me\/"},{"@type":"ListItem","position":2,"name":"\u0160panija podr\u017eava crnogorsku Poresku upravu"}]},{"@type":"WebSite","@id":"https:\/\/www.evropskakuca.me\/me\/#website","url":"https:\/\/www.evropskakuca.me\/me\/","name":"Evropean house","description":"","publisher":{"@id":"https:\/\/www.evropskakuca.me\/me\/#organization"},"potentialAction":[{"@type":"SearchAction","target":{"@type":"EntryPoint","urlTemplate":"https:\/\/www.evropskakuca.me\/me\/?s={search_term_string}"},"query-input":{"@type":"PropertyValueSpecification","valueRequired":true,"valueName":"search_term_string"}}],"inLanguage":"me-ME"},{"@type":"Organization","@id":"https:\/\/www.evropskakuca.me\/me\/#organization","name":"Evropean house","url":"https:\/\/www.evropskakuca.me\/me\/","logo":{"@type":"ImageObject","inLanguage":"me-ME","@id":"https:\/\/www.evropskakuca.me\/me\/#\/schema\/logo\/image\/","url":"https:\/\/www.evropskakuca.me\/wp-content\/uploads\/2025\/01\/evropska-kuca-logo-1.png","contentUrl":"https:\/\/www.evropskakuca.me\/wp-content\/uploads\/2025\/01\/evropska-kuca-logo-1.png","width":425,"height":312,"caption":"Evropean house"},"image":{"@id":"https:\/\/www.evropskakuca.me\/me\/#\/schema\/logo\/image\/"},"sameAs":["https:\/\/www.facebook.com\/evropska.kuca","https:\/\/x.com\/evropska_kuca","https:\/\/www.instagram.com\/evropska_kuca"]},{"@type":"Person","@id":"https:\/\/www.evropskakuca.me\/me\/#\/schema\/person\/a1d0dcdaefe4a1cd1d60d200ea137ba4","name":"mkajic","image":{"@type":"ImageObject","inLanguage":"me-ME","@id":"https:\/\/secure.gravatar.com\/avatar\/731fa035cefab7316e6bafd1f25a93fb731a07de14e2d9923f8db4422628eabc?s=96&d=mm&r=g","url":"https:\/\/secure.gravatar.com\/avatar\/731fa035cefab7316e6bafd1f25a93fb731a07de14e2d9923f8db4422628eabc?s=96&d=mm&r=g","contentUrl":"https:\/\/secure.gravatar.com\/avatar\/731fa035cefab7316e6bafd1f25a93fb731a07de14e2d9923f8db4422628eabc?s=96&d=mm&r=g","caption":"mkajic"},"sameAs":["https:\/\/evropskakuca.me"],"url":"https:\/\/www.evropskakuca.me\/me\/author\/mkajic\/"}]}},"_links":{"self":[{"href":"https:\/\/www.evropskakuca.me\/me\/wp-json\/wp\/v2\/posts\/4954","targetHints":{"allow":["GET"]}}],"collection":[{"href":"https:\/\/www.evropskakuca.me\/me\/wp-json\/wp\/v2\/posts"}],"about":[{"href":"https:\/\/www.evropskakuca.me\/me\/wp-json\/wp\/v2\/types\/post"}],"author":[{"embeddable":true,"href":"https:\/\/www.evropskakuca.me\/me\/wp-json\/wp\/v2\/users\/1"}],"replies":[{"embeddable":true,"href":"https:\/\/www.evropskakuca.me\/me\/wp-json\/wp\/v2\/comments?post=4954"}],"version-history":[{"count":0,"href":"https:\/\/www.evropskakuca.me\/me\/wp-json\/wp\/v2\/posts\/4954\/revisions"}],"wp:featuredmedia":[{"embeddable":true,"href":"https:\/\/www.evropskakuca.me\/me\/wp-json\/wp\/v2\/media\/33457"}],"wp:attachment":[{"href":"https:\/\/www.evropskakuca.me\/me\/wp-json\/wp\/v2\/media?parent=4954"}],"wp:term":[{"taxonomy":"category","embeddable":true,"href":"https:\/\/www.evropskakuca.me\/me\/wp-json\/wp\/v2\/categories?post=4954"},{"taxonomy":"post_tag","embeddable":true,"href":"https:\/\/www.evropskakuca.me\/me\/wp-json\/wp\/v2\/tags?post=4954"}],"curies":[{"name":"wp","href":"https:\/\/api.w.org\/{rel}","templated":true}]}}