{"id":4935,"date":"2018-02-28T09:11:40","date_gmt":"2018-02-28T09:11:40","guid":{"rendered":"http:\/\/www.evropskakuca.me\/me\/?p=4935"},"modified":"2018-02-28T09:11:40","modified_gmt":"2018-02-28T09:11:40","slug":"clanstvo-u-eu-preduslov-stabilnosti-na-balkanu","status":"publish","type":"post","link":"https:\/\/www.evropskakuca.me\/me\/clanstvo-u-eu-preduslov-stabilnosti-na-balkanu\/","title":{"rendered":"\u010clanstvo u EU preduslov stabilnosti na Balkanu"},"content":{"rendered":"<p>Podgorica 27. februar &#8211; Bugarska \u0107e u\u010diniti sve da za vrijeme njihovog predsjedavanja Savjetom EU politika pro\u0161irenja bude u fokusu Evropske unije, a povezivanje regiona i njegova evropska perspektiva su prioriteti te politke, kazao je ambasador Bugarske u Crnoj Gori, Mladen \u010cevernjakov. On je o toj temi govorio na jednoj u nizu debata u organizaciji Crnogorske panevropske unije, odr\u017eanoj u EU info centru.<\/p>\n<p>Ambasador Bugarske o\u010dekuje da \u0107e predstoje\u0107i samit u Sofiji stvoriti novu mre\u017eu pro\u0161irenja na Zapadni Balkan.<\/p>\n<p>\u201ePolitika pro\u0161irenja je dobra i za Zapadni Balkan i za Evropsku uniju. Nema sigurnosti i stabilnosti na balkanu dok sve zemlje regiona ne budu \u010dlanice EU. Samo tada \u0107e Balkan prestati da stvara vi\u0161e istorije nego \u0161to ima geografije,\u201c istakao je \u010cevernjakov.<\/p>\n<p>On je kazao da je pro\u0161irenje bila pomalo zaboravljena tema u Briselu, ali da je sada o\u010digledno da se svi time bave, i to ne samo najve\u0107i zvani\u010dnici EU, ve\u0107 i \u0161efovi evropskih dr\u017eava, poput Angele Merkel.\u00a0 Jo\u0161 jedan dokaz da je pro\u0161irenje u fokusu, tvrdi \u010cevernjakov, su i pozitivni signali koji su stigli u novoj Strategiji za Zapadni Balkan.<\/p>\n<p><img fetchpriority=\"high\" decoding=\"async\" class=\"alignleft size-large wp-image-4938\" src=\"http:\/\/www.evropskakuca.me\/wp-content\/uploads\/2018\/02\/180227_djurovic_chervenjakov-4-1024x683.jpg\" alt=\"\" width=\"1024\" height=\"683\" \/><\/p>\n<p>\u010cevernjakov je naglasio da je izuzetno bitno da je predsjednik Evropske komisije \u017dan Klod Junker, jo\u0161 jednom u crnogorskom Parlamentu potvrdio da \u0107e se EU primjenjivati princip regate, tj. da \u0107e zemlja koja prva ispuni sve uslove postati dio Unije.<\/p>\n<p>\u201eJunker je danas rekao da je 2025 godina horizont, indikativni datum i da \u0107e dr\u017eava koja ispuni uslove postati \u010dlanica. Ja sam ubije\u0111en da \u0107e Crna Gora biti prva zemlja sa Zapadnog Balkana koja \u0107e postati \u010dlanica i to se mo\u017ee desiti i prije 2025, ukoliko se ispune uslovi.\u201c kazao je \u010cevernjakov.<\/p>\n<p>Ambasador je kazao da su dva osnovna prioriteta za region: povezivanje i evropska perspektiva. \u010cevernjakov je objasnio da se region mora povezati sa Evropom, putevima i \u017eeljeznicom i da su tu projekti kao \u0161to su Jadransko \u2013 Jonski autoput klju\u010dni. No ne radi se samo o saobra\u0107aju, obja\u0161njava \u010cevernjakov, region se mora povezati energetski i digitalno. Sa druge strane, infrastruktura nije dovoljna, zemlje moraju imati jasnu evropsku perspektivu.<\/p>\n<p>\u010cevernjakov o\u010dekuje da se za vrijeme bugarskog presjedavanja otvore dva od tri preostala poglavlja u pregovorima Crne Gore i EU, kao i da po\u010dnu da se defini\u0161u zavr\u0161na mjerila u poglavljima 23 i 24. On je podsjetio da ubrzo dolazi i rumunsko predsjedavanje Savjetom, i da \u0107e Zapadni Balkan tako\u0111e biti jedan od njihovih prioriteta.<\/p>\n<p>Sa druge strane, on upozorava da se ne stvoraju la\u017ena o\u010dekivanja od bugarskog predsjedavanja, jer iako njegova zemlja mo\u017ee da stavlja teme na dnevni red, ona ne mo\u017ee donositi odluke u ime drugih zemalja \u010dlanica.<\/p>\n<p>Odgovaraju\u0107i na mnogobrojna pitanja publike, \u010cevernjakov je govorio o tome kako \u0107e se Evropska unija boriti u sve o\u0161trijoj globalnoj konkurenciji. On je upoznao studente sa problemom odliva radne snage koji je Bugarska imala kada je u\u0161la u EU, savjetuju\u0107i da se potrude da se u Crnoj Gori stvara povoljno tle za doma\u0107e ali i strane kompanije koje \u0107e zapo\u0161ljavati mlade ljude. Upozorio je i na iluziju o \u201ekamionima novca\u201c iz Evropske unije, koju je dio bugarske javnosti o\u010dekivao kada su u\u0161li u EU.<\/p>\n<p>\u201eTo se ne desava. Morate biti spremni da ponudite dobre projekte i uvijek ce biti novca. Zato je dobro da se spremite u ovom pretpristupnom periodu.\u00a0 Da vam dam savjet kao mladim ljudima: u\u010dite se kako da pi\u0161ete projekte,\u201c zaklju\u010dio je \u010cevernjakov.<\/p>\n<p><img decoding=\"async\" class=\"wp-image-4940 aligncenter\" src=\"http:\/\/www.evropskakuca.me\/wp-content\/uploads\/2018\/02\/180227_djurovic_chervenjakov-7-1024x683.jpg\" alt=\"\" width=\"759\" height=\"506\" \/><\/p>\n","protected":false},"excerpt":{"rendered":"<p>Debata o bugarskom predsjedavanju Savjetom EU i Zapadnom Balkanu <\/p>\n","protected":false},"author":1,"featured_media":33429,"comment_status":"open","ping_status":"open","sticky":false,"template":"","format":"standard","meta":{"_acf_changed":false,"footnotes":""},"categories":[283],"tags":[],"class_list":["post-4935","post","type-post","status-publish","format-standard","has-post-thumbnail","hentry","category-novosti-me"],"acf":[],"yoast_head":"<!-- This site is optimized with the Yoast SEO plugin v27.3 - https:\/\/yoast.com\/product\/yoast-seo-wordpress\/ -->\n<title>\u010clanstvo u EU preduslov stabilnosti na Balkanu - Europe House<\/title>\n<meta name=\"robots\" content=\"index, follow, max-snippet:-1, max-image-preview:large, max-video-preview:-1\" \/>\n<link rel=\"canonical\" href=\"https:\/\/www.evropskakuca.me\/me\/clanstvo-u-eu-preduslov-stabilnosti-na-balkanu\/\" \/>\n<meta property=\"og:locale\" content=\"en_US\" \/>\n<meta property=\"og:type\" content=\"article\" \/>\n<meta property=\"og:title\" content=\"\u010clanstvo u EU preduslov stabilnosti na Balkanu - Europe House\" \/>\n<meta property=\"og:description\" content=\"Debata o bugarskom predsjedavanju Savjetom EU i Zapadnom Balkanu\" \/>\n<meta property=\"og:url\" content=\"https:\/\/www.evropskakuca.me\/me\/clanstvo-u-eu-preduslov-stabilnosti-na-balkanu\/\" \/>\n<meta property=\"og:site_name\" content=\"Europe House\" \/>\n<meta property=\"article:publisher\" content=\"https:\/\/www.facebook.com\/evropska.kuca\" \/>\n<meta property=\"article:published_time\" content=\"2018-02-28T09:11:40+00:00\" \/>\n<meta property=\"og:image\" content=\"https:\/\/www.evropskakuca.me\/wp-content\/uploads\/2018\/02\/180227_djurovic_chervenjakov-2-1024x683.jpg\" \/>\n\t<meta property=\"og:image:width\" content=\"1024\" \/>\n\t<meta property=\"og:image:height\" content=\"683\" \/>\n\t<meta property=\"og:image:type\" content=\"image\/jpeg\" \/>\n<meta name=\"author\" content=\"mkajic\" \/>\n<meta name=\"twitter:card\" content=\"summary_large_image\" \/>\n<meta name=\"twitter:creator\" content=\"@evropska_kuca\" \/>\n<meta name=\"twitter:site\" content=\"@evropska_kuca\" \/>\n<meta name=\"twitter:label1\" content=\"Written by\" \/>\n\t<meta name=\"twitter:data1\" content=\"mkajic\" \/>\n\t<meta name=\"twitter:label2\" content=\"Est. reading time\" \/>\n\t<meta name=\"twitter:data2\" content=\"3 minutes\" \/>\n<script type=\"application\/ld+json\" class=\"yoast-schema-graph\">{\"@context\":\"https:\\\/\\\/schema.org\",\"@graph\":[{\"@type\":\"Article\",\"@id\":\"https:\\\/\\\/www.evropskakuca.me\\\/me\\\/clanstvo-u-eu-preduslov-stabilnosti-na-balkanu\\\/#article\",\"isPartOf\":{\"@id\":\"https:\\\/\\\/www.evropskakuca.me\\\/me\\\/clanstvo-u-eu-preduslov-stabilnosti-na-balkanu\\\/\"},\"author\":{\"name\":\"mkajic\",\"@id\":\"https:\\\/\\\/www.evropskakuca.me\\\/me\\\/#\\\/schema\\\/person\\\/a1d0dcdaefe4a1cd1d60d200ea137ba4\"},\"headline\":\"\u010clanstvo u EU preduslov stabilnosti na Balkanu\",\"datePublished\":\"2018-02-28T09:11:40+00:00\",\"mainEntityOfPage\":{\"@id\":\"https:\\\/\\\/www.evropskakuca.me\\\/me\\\/clanstvo-u-eu-preduslov-stabilnosti-na-balkanu\\\/\"},\"wordCount\":599,\"commentCount\":0,\"publisher\":{\"@id\":\"https:\\\/\\\/www.evropskakuca.me\\\/me\\\/#organization\"},\"image\":{\"@id\":\"https:\\\/\\\/www.evropskakuca.me\\\/me\\\/clanstvo-u-eu-preduslov-stabilnosti-na-balkanu\\\/#primaryimage\"},\"thumbnailUrl\":\"https:\\\/\\\/www.evropskakuca.me\\\/wp-content\\\/uploads\\\/2018\\\/02\\\/180227_djurovic_chervenjakov-2.jpg\",\"articleSection\":[\"Novosti\"],\"inLanguage\":\"me-ME\",\"potentialAction\":[{\"@type\":\"CommentAction\",\"name\":\"Comment\",\"target\":[\"https:\\\/\\\/www.evropskakuca.me\\\/me\\\/clanstvo-u-eu-preduslov-stabilnosti-na-balkanu\\\/#respond\"]}]},{\"@type\":\"WebPage\",\"@id\":\"https:\\\/\\\/www.evropskakuca.me\\\/me\\\/clanstvo-u-eu-preduslov-stabilnosti-na-balkanu\\\/\",\"url\":\"https:\\\/\\\/www.evropskakuca.me\\\/me\\\/clanstvo-u-eu-preduslov-stabilnosti-na-balkanu\\\/\",\"name\":\"\u010clanstvo u EU preduslov stabilnosti na Balkanu - Europe House\",\"isPartOf\":{\"@id\":\"https:\\\/\\\/www.evropskakuca.me\\\/me\\\/#website\"},\"primaryImageOfPage\":{\"@id\":\"https:\\\/\\\/www.evropskakuca.me\\\/me\\\/clanstvo-u-eu-preduslov-stabilnosti-na-balkanu\\\/#primaryimage\"},\"image\":{\"@id\":\"https:\\\/\\\/www.evropskakuca.me\\\/me\\\/clanstvo-u-eu-preduslov-stabilnosti-na-balkanu\\\/#primaryimage\"},\"thumbnailUrl\":\"https:\\\/\\\/www.evropskakuca.me\\\/wp-content\\\/uploads\\\/2018\\\/02\\\/180227_djurovic_chervenjakov-2.jpg\",\"datePublished\":\"2018-02-28T09:11:40+00:00\",\"breadcrumb\":{\"@id\":\"https:\\\/\\\/www.evropskakuca.me\\\/me\\\/clanstvo-u-eu-preduslov-stabilnosti-na-balkanu\\\/#breadcrumb\"},\"inLanguage\":\"me-ME\",\"potentialAction\":[{\"@type\":\"ReadAction\",\"target\":[\"https:\\\/\\\/www.evropskakuca.me\\\/me\\\/clanstvo-u-eu-preduslov-stabilnosti-na-balkanu\\\/\"]}]},{\"@type\":\"ImageObject\",\"inLanguage\":\"me-ME\",\"@id\":\"https:\\\/\\\/www.evropskakuca.me\\\/me\\\/clanstvo-u-eu-preduslov-stabilnosti-na-balkanu\\\/#primaryimage\",\"url\":\"https:\\\/\\\/www.evropskakuca.me\\\/wp-content\\\/uploads\\\/2018\\\/02\\\/180227_djurovic_chervenjakov-2.jpg\",\"contentUrl\":\"https:\\\/\\\/www.evropskakuca.me\\\/wp-content\\\/uploads\\\/2018\\\/02\\\/180227_djurovic_chervenjakov-2.jpg\",\"width\":2028,\"height\":1352},{\"@type\":\"BreadcrumbList\",\"@id\":\"https:\\\/\\\/www.evropskakuca.me\\\/me\\\/clanstvo-u-eu-preduslov-stabilnosti-na-balkanu\\\/#breadcrumb\",\"itemListElement\":[{\"@type\":\"ListItem\",\"position\":1,\"name\":\"Home\",\"item\":\"https:\\\/\\\/www.evropskakuca.me\\\/me\\\/\"},{\"@type\":\"ListItem\",\"position\":2,\"name\":\"\u010clanstvo u EU preduslov stabilnosti na Balkanu\"}]},{\"@type\":\"WebSite\",\"@id\":\"https:\\\/\\\/www.evropskakuca.me\\\/me\\\/#website\",\"url\":\"https:\\\/\\\/www.evropskakuca.me\\\/me\\\/\",\"name\":\"Evropean house\",\"description\":\"\",\"publisher\":{\"@id\":\"https:\\\/\\\/www.evropskakuca.me\\\/me\\\/#organization\"},\"potentialAction\":[{\"@type\":\"SearchAction\",\"target\":{\"@type\":\"EntryPoint\",\"urlTemplate\":\"https:\\\/\\\/www.evropskakuca.me\\\/me\\\/?s={search_term_string}\"},\"query-input\":{\"@type\":\"PropertyValueSpecification\",\"valueRequired\":true,\"valueName\":\"search_term_string\"}}],\"inLanguage\":\"me-ME\"},{\"@type\":\"Organization\",\"@id\":\"https:\\\/\\\/www.evropskakuca.me\\\/me\\\/#organization\",\"name\":\"Evropean house\",\"url\":\"https:\\\/\\\/www.evropskakuca.me\\\/me\\\/\",\"logo\":{\"@type\":\"ImageObject\",\"inLanguage\":\"me-ME\",\"@id\":\"https:\\\/\\\/www.evropskakuca.me\\\/me\\\/#\\\/schema\\\/logo\\\/image\\\/\",\"url\":\"https:\\\/\\\/www.evropskakuca.me\\\/wp-content\\\/uploads\\\/2025\\\/01\\\/evropska-kuca-logo-1.png\",\"contentUrl\":\"https:\\\/\\\/www.evropskakuca.me\\\/wp-content\\\/uploads\\\/2025\\\/01\\\/evropska-kuca-logo-1.png\",\"width\":425,\"height\":312,\"caption\":\"Evropean house\"},\"image\":{\"@id\":\"https:\\\/\\\/www.evropskakuca.me\\\/me\\\/#\\\/schema\\\/logo\\\/image\\\/\"},\"sameAs\":[\"https:\\\/\\\/www.facebook.com\\\/evropska.kuca\",\"https:\\\/\\\/x.com\\\/evropska_kuca\",\"https:\\\/\\\/www.instagram.com\\\/evropska_kuca\"]},{\"@type\":\"Person\",\"@id\":\"https:\\\/\\\/www.evropskakuca.me\\\/me\\\/#\\\/schema\\\/person\\\/a1d0dcdaefe4a1cd1d60d200ea137ba4\",\"name\":\"mkajic\",\"image\":{\"@type\":\"ImageObject\",\"inLanguage\":\"me-ME\",\"@id\":\"https:\\\/\\\/secure.gravatar.com\\\/avatar\\\/731fa035cefab7316e6bafd1f25a93fb731a07de14e2d9923f8db4422628eabc?s=96&d=mm&r=g\",\"url\":\"https:\\\/\\\/secure.gravatar.com\\\/avatar\\\/731fa035cefab7316e6bafd1f25a93fb731a07de14e2d9923f8db4422628eabc?s=96&d=mm&r=g\",\"contentUrl\":\"https:\\\/\\\/secure.gravatar.com\\\/avatar\\\/731fa035cefab7316e6bafd1f25a93fb731a07de14e2d9923f8db4422628eabc?s=96&d=mm&r=g\",\"caption\":\"mkajic\"},\"sameAs\":[\"https:\\\/\\\/evropskakuca.me\"],\"url\":\"https:\\\/\\\/www.evropskakuca.me\\\/me\\\/author\\\/mkajic\\\/\"}]}<\/script>\n<!-- \/ Yoast SEO plugin. -->","yoast_head_json":{"title":"\u010clanstvo u EU preduslov stabilnosti na Balkanu - Europe House","robots":{"index":"index","follow":"follow","max-snippet":"max-snippet:-1","max-image-preview":"max-image-preview:large","max-video-preview":"max-video-preview:-1"},"canonical":"https:\/\/www.evropskakuca.me\/me\/clanstvo-u-eu-preduslov-stabilnosti-na-balkanu\/","og_locale":"en_US","og_type":"article","og_title":"\u010clanstvo u EU preduslov stabilnosti na Balkanu - Europe House","og_description":"Debata o bugarskom predsjedavanju Savjetom EU i Zapadnom Balkanu","og_url":"https:\/\/www.evropskakuca.me\/me\/clanstvo-u-eu-preduslov-stabilnosti-na-balkanu\/","og_site_name":"Europe House","article_publisher":"https:\/\/www.facebook.com\/evropska.kuca","article_published_time":"2018-02-28T09:11:40+00:00","og_image":[{"width":1024,"height":683,"url":"https:\/\/www.evropskakuca.me\/wp-content\/uploads\/2018\/02\/180227_djurovic_chervenjakov-2-1024x683.jpg","type":"image\/jpeg"}],"author":"mkajic","twitter_card":"summary_large_image","twitter_creator":"@evropska_kuca","twitter_site":"@evropska_kuca","twitter_misc":{"Written by":"mkajic","Est. reading time":"3 minutes"},"schema":{"@context":"https:\/\/schema.org","@graph":[{"@type":"Article","@id":"https:\/\/www.evropskakuca.me\/me\/clanstvo-u-eu-preduslov-stabilnosti-na-balkanu\/#article","isPartOf":{"@id":"https:\/\/www.evropskakuca.me\/me\/clanstvo-u-eu-preduslov-stabilnosti-na-balkanu\/"},"author":{"name":"mkajic","@id":"https:\/\/www.evropskakuca.me\/me\/#\/schema\/person\/a1d0dcdaefe4a1cd1d60d200ea137ba4"},"headline":"\u010clanstvo u EU preduslov stabilnosti na Balkanu","datePublished":"2018-02-28T09:11:40+00:00","mainEntityOfPage":{"@id":"https:\/\/www.evropskakuca.me\/me\/clanstvo-u-eu-preduslov-stabilnosti-na-balkanu\/"},"wordCount":599,"commentCount":0,"publisher":{"@id":"https:\/\/www.evropskakuca.me\/me\/#organization"},"image":{"@id":"https:\/\/www.evropskakuca.me\/me\/clanstvo-u-eu-preduslov-stabilnosti-na-balkanu\/#primaryimage"},"thumbnailUrl":"https:\/\/www.evropskakuca.me\/wp-content\/uploads\/2018\/02\/180227_djurovic_chervenjakov-2.jpg","articleSection":["Novosti"],"inLanguage":"me-ME","potentialAction":[{"@type":"CommentAction","name":"Comment","target":["https:\/\/www.evropskakuca.me\/me\/clanstvo-u-eu-preduslov-stabilnosti-na-balkanu\/#respond"]}]},{"@type":"WebPage","@id":"https:\/\/www.evropskakuca.me\/me\/clanstvo-u-eu-preduslov-stabilnosti-na-balkanu\/","url":"https:\/\/www.evropskakuca.me\/me\/clanstvo-u-eu-preduslov-stabilnosti-na-balkanu\/","name":"\u010clanstvo u EU preduslov stabilnosti na Balkanu - Europe House","isPartOf":{"@id":"https:\/\/www.evropskakuca.me\/me\/#website"},"primaryImageOfPage":{"@id":"https:\/\/www.evropskakuca.me\/me\/clanstvo-u-eu-preduslov-stabilnosti-na-balkanu\/#primaryimage"},"image":{"@id":"https:\/\/www.evropskakuca.me\/me\/clanstvo-u-eu-preduslov-stabilnosti-na-balkanu\/#primaryimage"},"thumbnailUrl":"https:\/\/www.evropskakuca.me\/wp-content\/uploads\/2018\/02\/180227_djurovic_chervenjakov-2.jpg","datePublished":"2018-02-28T09:11:40+00:00","breadcrumb":{"@id":"https:\/\/www.evropskakuca.me\/me\/clanstvo-u-eu-preduslov-stabilnosti-na-balkanu\/#breadcrumb"},"inLanguage":"me-ME","potentialAction":[{"@type":"ReadAction","target":["https:\/\/www.evropskakuca.me\/me\/clanstvo-u-eu-preduslov-stabilnosti-na-balkanu\/"]}]},{"@type":"ImageObject","inLanguage":"me-ME","@id":"https:\/\/www.evropskakuca.me\/me\/clanstvo-u-eu-preduslov-stabilnosti-na-balkanu\/#primaryimage","url":"https:\/\/www.evropskakuca.me\/wp-content\/uploads\/2018\/02\/180227_djurovic_chervenjakov-2.jpg","contentUrl":"https:\/\/www.evropskakuca.me\/wp-content\/uploads\/2018\/02\/180227_djurovic_chervenjakov-2.jpg","width":2028,"height":1352},{"@type":"BreadcrumbList","@id":"https:\/\/www.evropskakuca.me\/me\/clanstvo-u-eu-preduslov-stabilnosti-na-balkanu\/#breadcrumb","itemListElement":[{"@type":"ListItem","position":1,"name":"Home","item":"https:\/\/www.evropskakuca.me\/me\/"},{"@type":"ListItem","position":2,"name":"\u010clanstvo u EU preduslov stabilnosti na Balkanu"}]},{"@type":"WebSite","@id":"https:\/\/www.evropskakuca.me\/me\/#website","url":"https:\/\/www.evropskakuca.me\/me\/","name":"Evropean house","description":"","publisher":{"@id":"https:\/\/www.evropskakuca.me\/me\/#organization"},"potentialAction":[{"@type":"SearchAction","target":{"@type":"EntryPoint","urlTemplate":"https:\/\/www.evropskakuca.me\/me\/?s={search_term_string}"},"query-input":{"@type":"PropertyValueSpecification","valueRequired":true,"valueName":"search_term_string"}}],"inLanguage":"me-ME"},{"@type":"Organization","@id":"https:\/\/www.evropskakuca.me\/me\/#organization","name":"Evropean house","url":"https:\/\/www.evropskakuca.me\/me\/","logo":{"@type":"ImageObject","inLanguage":"me-ME","@id":"https:\/\/www.evropskakuca.me\/me\/#\/schema\/logo\/image\/","url":"https:\/\/www.evropskakuca.me\/wp-content\/uploads\/2025\/01\/evropska-kuca-logo-1.png","contentUrl":"https:\/\/www.evropskakuca.me\/wp-content\/uploads\/2025\/01\/evropska-kuca-logo-1.png","width":425,"height":312,"caption":"Evropean house"},"image":{"@id":"https:\/\/www.evropskakuca.me\/me\/#\/schema\/logo\/image\/"},"sameAs":["https:\/\/www.facebook.com\/evropska.kuca","https:\/\/x.com\/evropska_kuca","https:\/\/www.instagram.com\/evropska_kuca"]},{"@type":"Person","@id":"https:\/\/www.evropskakuca.me\/me\/#\/schema\/person\/a1d0dcdaefe4a1cd1d60d200ea137ba4","name":"mkajic","image":{"@type":"ImageObject","inLanguage":"me-ME","@id":"https:\/\/secure.gravatar.com\/avatar\/731fa035cefab7316e6bafd1f25a93fb731a07de14e2d9923f8db4422628eabc?s=96&d=mm&r=g","url":"https:\/\/secure.gravatar.com\/avatar\/731fa035cefab7316e6bafd1f25a93fb731a07de14e2d9923f8db4422628eabc?s=96&d=mm&r=g","contentUrl":"https:\/\/secure.gravatar.com\/avatar\/731fa035cefab7316e6bafd1f25a93fb731a07de14e2d9923f8db4422628eabc?s=96&d=mm&r=g","caption":"mkajic"},"sameAs":["https:\/\/evropskakuca.me"],"url":"https:\/\/www.evropskakuca.me\/me\/author\/mkajic\/"}]}},"_links":{"self":[{"href":"https:\/\/www.evropskakuca.me\/me\/wp-json\/wp\/v2\/posts\/4935","targetHints":{"allow":["GET"]}}],"collection":[{"href":"https:\/\/www.evropskakuca.me\/me\/wp-json\/wp\/v2\/posts"}],"about":[{"href":"https:\/\/www.evropskakuca.me\/me\/wp-json\/wp\/v2\/types\/post"}],"author":[{"embeddable":true,"href":"https:\/\/www.evropskakuca.me\/me\/wp-json\/wp\/v2\/users\/1"}],"replies":[{"embeddable":true,"href":"https:\/\/www.evropskakuca.me\/me\/wp-json\/wp\/v2\/comments?post=4935"}],"version-history":[{"count":0,"href":"https:\/\/www.evropskakuca.me\/me\/wp-json\/wp\/v2\/posts\/4935\/revisions"}],"wp:featuredmedia":[{"embeddable":true,"href":"https:\/\/www.evropskakuca.me\/me\/wp-json\/wp\/v2\/media\/33429"}],"wp:attachment":[{"href":"https:\/\/www.evropskakuca.me\/me\/wp-json\/wp\/v2\/media?parent=4935"}],"wp:term":[{"taxonomy":"category","embeddable":true,"href":"https:\/\/www.evropskakuca.me\/me\/wp-json\/wp\/v2\/categories?post=4935"},{"taxonomy":"post_tag","embeddable":true,"href":"https:\/\/www.evropskakuca.me\/me\/wp-json\/wp\/v2\/tags?post=4935"}],"curies":[{"name":"wp","href":"https:\/\/api.w.org\/{rel}","templated":true}]}}