{"id":48855,"date":"2026-04-30T11:46:30","date_gmt":"2026-04-30T11:46:30","guid":{"rendered":"https:\/\/www.evropskakuca.me\/?p=48855"},"modified":"2026-04-30T12:32:26","modified_gmt":"2026-04-30T12:32:26","slug":"crna-gora-slavi-dan-evrope-3","status":"publish","type":"post","link":"https:\/\/www.evropskakuca.me\/me\/crna-gora-slavi-dan-evrope-3\/","title":{"rendered":"Crna Gora slavi Dan Evrope kroz kulturu, umjetnost, i raznovrsne aktivnosti"},"content":{"rendered":"\n<p>Delegacija Evropske unije u Crnoj Gori i Ministarstvo evropskih poslova, u saradnji sa crnogorskim op\u0161tinama i uz podr\u0161ku EU projekata Evropska ku\u0107a, EU4ME i Op\u0161tine za EU, obilje\u017eavaju Dan Evrope \u0161irom zemlje kroz bogat i raznovrstan program tokom cijelog maja. Kroz kulturu, umjetnost, i raznovrsne aktivnosti, evropske vrijednosti posta\u0107e bli\u017ee gra\u0111anima \u0161irom Crne Gore \u2013 kao dio pri\u010de o zajedni\u0161tvu, razumijevanju i budu\u0107nosti koju gradimo zajedno.<\/p>\n\n\n\n<p>Delegacija Evropske unije u Crnoj Gori \u0107e, uz podr\u0161ku Evropske ku\u0107e, tokom maja realizovati niz doga\u0111aja u Podgorici, Bijelom Polju i Baru. Centralna proslava Dana Evrope planirana je 9. maja u Podgorici, kada \u0107e u Univerzitetskom parku biti organizovan tradicionalni EU sajam, na kojem \u0107e se predstaviti ambasade dr\u017eava \u010dlanica EU, institucije, EU projekti i lokalni proizvo\u0111a\u010di. Istog dana, gra\u0111ane o\u010dekuje i koncert regionalne muzi\u010dke zvijezde Nine Badri\u0107 na Trgu nezavisnosti, dok \u0107e muzi\u010dki programi biti organizovani i u Baru i Bijelom Polju.<\/p>\n\n\n\n<p>\u201e<em>Dan Evrope je prilika da se podsjetimo da Evropska unija nije samo politi\u010dki projekat, ve\u0107 zajednica vrijednosti kojoj Crna Gora sve sna\u017enije pripada. Kroz bogat program \u0161irom zemlje \u017eelimo da dodatno osna\u017eimo taj osje\u0107aj zajedni\u0161tva \u2013 kroz susrete, kulturu i iskustva koja nas povezuju<\/em>\u201c, poru\u010duju iz Delegacije Evropske unije.<\/p>\n\n\n\n<figure class=\"wp-block-image aligncenter size-large\"><img fetchpriority=\"high\" decoding=\"async\" width=\"819\" height=\"1024\" src=\"https:\/\/www.evropskakuca.me\/wp-content\/uploads\/2026\/04\/3-819x1024.jpg\" alt=\"\" class=\"wp-image-48860\" srcset=\"https:\/\/www.evropskakuca.me\/wp-content\/uploads\/2026\/04\/3-819x1024.jpg 819w, https:\/\/www.evropskakuca.me\/wp-content\/uploads\/2026\/04\/3-240x300.jpg 240w, https:\/\/www.evropskakuca.me\/wp-content\/uploads\/2026\/04\/3-768x960.jpg 768w, https:\/\/www.evropskakuca.me\/wp-content\/uploads\/2026\/04\/3-1229x1536.jpg 1229w, https:\/\/www.evropskakuca.me\/wp-content\/uploads\/2026\/04\/3-1638x2048.jpg 1638w, https:\/\/www.evropskakuca.me\/wp-content\/uploads\/2026\/04\/3-scaled.jpg 2048w\" sizes=\"(max-width: 819px) 100vw, 819px\" \/><\/figure>\n\n\n\n<p>Ministarstvo evropskih poslova, kroz projekat EU4ME, u saradnji sa lokalnim samoupravama, organizuje poseban segment programa u vi\u0161e op\u0161tina \u2013 Andrijevici, Cetinju, Herceg Novom, Kotoru, Tuzima, Plavu i Gusinju. U ovim gradovima bi\u0107e realizovani kulturno-umjetni\u010dki programi koje su pripremile lokalne \u0161kole, inspirisani evropskom knji\u017eevno\u0161\u0107u, muzikom i umjetno\u0161\u0107u. Kroz predstave i scenske nastupe, u\u010denici i njihovi mentori na kreativan na\u010din predstavi\u0107e evropsko kulturno naslje\u0111e, povezuju\u0107i ga sa lokalnim kontekstom i savremenim izrazom.<\/p>\n\n\n\n<figure class=\"wp-block-image size-large\"><img decoding=\"async\" width=\"1024\" height=\"576\" src=\"https:\/\/www.evropskakuca.me\/wp-content\/uploads\/2026\/04\/aco-1-1-1024x576.jpg\" alt=\"\" class=\"wp-image-48858\" srcset=\"https:\/\/www.evropskakuca.me\/wp-content\/uploads\/2026\/04\/aco-1-1-1024x576.jpg 1024w, https:\/\/www.evropskakuca.me\/wp-content\/uploads\/2026\/04\/aco-1-1-300x169.jpg 300w, https:\/\/www.evropskakuca.me\/wp-content\/uploads\/2026\/04\/aco-1-1-768x432.jpg 768w, https:\/\/www.evropskakuca.me\/wp-content\/uploads\/2026\/04\/aco-1-1-1536x864.jpg 1536w, https:\/\/www.evropskakuca.me\/wp-content\/uploads\/2026\/04\/aco-1-1.jpg 1920w\" sizes=\"(max-width: 1024px) 100vw, 1024px\" \/><\/figure>\n\n\n\n<p>\u201e&nbsp;<em>U godini kada obilje\u017eavamo dvije decenije od obnove nezavisnosti, Crna Gora stoji na pragu ostvarenja svog najva\u017enijeg strate\u0161kog cilja \u2013 \u010dlanstva u Evropskoj uniji. To je rezultat rada, posve\u0107enih reformi i jasne vizije da na\u0161e dru\u0161tvo razvijamo u skladu sa evropskim vrijednostima i najvi\u0161im standardima. Dan Evrope slavimo kao podsjetnik na mir, solidarnost i jedinstvo me\u0111u narodima, ali i kao potvrdu da Crna Gora tim vrijednostima ve\u0107 pripada<\/em>\u201c, saop\u0161tili su iz Ministarstva evropskih poslova.<\/p>\n\n\n\n<p>Projekat \u201eOp\u0161tine za EU\u201c dodatno \u0161iri proslavu na lokalni nivo kroz razli\u010dite aktivnosti u ostalim op\u0161tinama \u0161irom zemlje. Dan Evrope proslavi\u0107e Kola\u0161in, Nik\u0161i\u0107, Budva, Ulcinj, Danilovgrad, Berane, \u017dabljak, Plu\u017eine, Petnjica, Mojkovac, \u0160avnik, Tivat, Ro\u017eaje i Zeta, Pored programa koje u nekoliko op\u0161tina pripremaju \u0161kole, u ostalim gradovima proslava uklju\u010duje ekolo\u0161ke akcije, sajmove, umjetni\u010dke i edukativne sadr\u017eaje, kao i sportske i porodi\u010dne doga\u0111aje, prilago\u0111ene potrebama i interesovanjima lokalnih zajednica. Na taj na\u010din, Dan Evrope se obilje\u017eava u skladu sa specifi\u010dnostima svake sredine, uz sna\u017enu poruku zajedni\u0161tva i pripadnosti evropskom prostoru.<\/p>\n\n\n\n<p>\u201e<em>Proslava Dana&nbsp; Evrope u Crnoj Gori simboli\u010dno povezuje institucije, lokalne zajednice i gra\u0111ane u zajedni\u010dkom obilje\u017eavanju vrijednosti na kojima po\u010diva Evropska unija \u2013 solidarnosti, raznolikosti i saradnje. Brojni doga\u0111aji \u0161irom zemlje potvr\u0111uju da evropska ideja \u017eivi upravo tamo gdje se najvi\u0161e osje\u0107a \u2013 u lokalnim zajednicama i svakodnevnom \u017eivotu gra\u0111ana<\/em>,\u201c saop\u0161teno je iz projekta Op\u0161tine za EU.<\/p>\n\n\n\n<p>&nbsp;Proslava Dana Evrope kre\u0107e iz Kola\u0161ina 6. maja gdje \u0107e biti organizovano vi\u0161e aktivnosti, uklju\u010duju\u0107i i koncert Marka Luisa na glavnom trgu, a zavr\u0161ava 29. maja u Plavu i Gusinju, \u010dije \u0107e \u0161kole zajedno izvesti kulturno umjetni\u010dki program insprisan evropskim vrijednostima.&nbsp;<\/p>\n\n\n\n<p>Detaljan kalendar proslave mo\u017eete preuzeti ovdje.<\/p>\n\n\n\n<figure class=\"wp-block-table\"><table class=\"has-fixed-layout\"><tbody><tr><td colspan=\"3\"><strong>KALENDAR PROSLAVE DANA EVROPE<\/strong><\/td><\/tr><tr><td><strong>Op\u0161tina<\/strong><\/td><td><strong>Datum<\/strong><\/td><td><strong>Aktivnost<\/strong><\/td><\/tr><tr><td>Kola\u0161in<\/td><td>srijeda, 6. maj<\/td><td>Promocja EU projekata, kulturno-umjetni\u010dki program inspirisan Evropskom unijom, obilazak Biogradskog jezera i koncert Marka Luisa na glavnom trgu<\/td><\/tr><tr><td>Nik\u0161i\u0107<\/td><td>petak, 8.maj<\/td><td>Kulturno-umjetni\u010dki program inspirisan Evropskom unijom, u izvo\u0111enju u\u010denika lokalne srednje \u0161kole<\/td><\/tr><tr><td>Podgorica<\/td><td>Subota 9. maj<\/td><td>Sajam na kojem \u0107e se predstaviti ambasade dr\u017eava \u010dlanica EU, institucije, EU projekti i lokalni proizvo\u0111a\u010di, uz prate\u0107i zabavni program. &nbsp; Koncert regionalne zvijezde Nine Badri\u0107, u saradnji sa Glavnim gradom.<\/td><\/tr><tr><td>Budva<\/td><td>subota, 9.maj<\/td><td>Centralni program 9. maja objedini\u0107e obilje\u017eavanje Dana Evrope i otvaranje ljetnje turisti\u010dke sezone, uz koncert regionalne muzi\u010dke zvijezde, prate\u0107e javne sadr\u017eaje za gra\u0111ane i djecu, kao i nastup gradskog orkestra.<\/td><\/tr><tr><td>Ulcinj<\/td><td>subota, 9.maj<\/td><td>No\u0107 tvr\u0111ava<\/td><\/tr><tr><td>Danilovgrad<\/td><td>subota, 9. maj<\/td><td>Porodi\u010dni sajam na Glavi Zete<\/td><\/tr><tr><td>Berane<\/td><td>ponedjeljak, 11. maj<\/td><td>Kulturno-umjetni\u010dki program inspirisan Evropskom unijom, u izvo\u0111enju u\u010denika lokalne srednje \u0161kole &nbsp;<\/td><\/tr><tr><td>\u017dabljak<\/td><td>ponedjeljak, 11. maj<\/td><td>Kulturno-umjetni\u010dki program inspirisan Evropskom unijom, u izvo\u0111enju u\u010denika lokalne srednje \u0161kole &nbsp;<\/td><\/tr><tr><td>Herceg Novi<\/td><td>ponedeljak, 11.maj<\/td><td>Kulturno-umjetni\u010dki program inspirisan Evropskom unijom, u izvo\u0111enju u\u010denika lokalne srednje \u0161kole &nbsp;<\/td><\/tr><tr><td>Andrijevica<\/td><td>utorak, 12. maj<\/td><td>Kulturno-umjetni\u010dki program inspirisan Evropskom unijom, u izvo\u0111enju u\u010denika lokalne srednje \u0161kole<\/td><\/tr><tr><td>Bijelo Polje<\/td><td>srijeda, 13.maj<\/td><td>Zavr\u0161ni koncert u\u010denika muzi\u010dke \u0161kole<\/td><\/tr><tr><td>Plu\u017eine<\/td><td>srijeda, 13.maj<\/td><td>Ekolo\u0161ka akcija \u010di\u0161\u0107enja u Parku prirode Piva<\/td><\/tr><tr><td>Cetinje<\/td><td>\u010detvrtak, 14.maj<\/td><td>Kulturno-umjetni\u010dki program inspirisan Evropskom unijom, u izvo\u0111enju u\u010denika lokalne srednje \u0161kole &nbsp;<\/td><\/tr><tr><td>Mojkovac<\/td><td>\u010detvrtak, 14.maj<\/td><td>Sajam tradicionalnih proizvoda i zanata<\/td><\/tr><tr><td>\u0160avnik<\/td><td>petak, 15. maj<\/td><td>Likovni konkurs uz izlo\u017ebu dje\u010djih likovnih radova<\/td><\/tr><tr><td>Kotor<\/td><td>petak, 15. maj<\/td><td>Kulturno-umjetni\u010dki program inspirisan Evropskom unijom, u izvo\u0111enju u\u010denika lokalne srednje \u0161kole &nbsp;<\/td><\/tr><tr><td>Tuzi<\/td><td>ponedeljak, 18. maj<\/td><td>Kulturno-umjetni\u010dki program inspirisan Evropskom unijom, u izvo\u0111enju u\u010denika lokalne srednje \u0161kole &nbsp;<\/td><\/tr><tr><td>Petnjica<\/td><td>utorak, 19. maj<\/td><td>Kulturno-umjetni\u010dki program inspirisan Evropskom unijom, u izvo\u0111enju u\u010denika lokalne srednje \u0161kole &nbsp;<\/td><\/tr><tr><td>Tivat<\/td><td>utorak, 19. maj<\/td><td>Kulturno-umjetni\u010dki program inspirisan Evropskom unijom, u izvo\u0111enju u\u010denika lokalne srednje \u0161kole &nbsp;<\/td><\/tr><tr><td>Bar<\/td><td>21. maj<\/td><td>Koncert popularne sarajevske grupe Dubioza Kolektiv na Trg Vladimira i Kosare, u saradnji sa Op\u0161tinom Bar.<\/td><\/tr><tr><td>Ro\u017eaje<\/td><td>ponedjeljak, 25. maj<\/td><td>Likovni konkurs sa izlo\u017ebom i sajam rukotvorina<\/td><\/tr><tr><td>Zeta<\/td><td>\u010detvrtak, 28. maj<\/td><td>Sportsko-edukativne igre za djecu i mlade \u201e\u017dogarije\u201c<\/td><\/tr><tr><td>Plav i Gusinje<\/td><td>petak, 29. maj<\/td><td>Kulturno-umjetni\u010dki program inspirisan Evropskom unijom, u izvo\u0111enju u\u010denika lokalne srednje \u0161kole<\/td><\/tr><\/tbody><\/table><\/figure>\n\n\n\n<p><\/p>\n","protected":false},"excerpt":{"rendered":"<p>Delegacija Evropske unije u Crnoj Gori i Ministarstvo evropskih poslova, u saradnji sa crnogorskim op\u0161tinama i uz podr\u0161ku EU projekata Evropska ku\u0107a, EU4ME i Op\u0161tine za EU, obilje\u017eavaju Dan Evrope \u0161irom zemlje kroz bogat i raznovrstan program tokom cijelog maja. Kroz kulturu, umjetnost, i raznovrsne aktivnosti, evropske vrijednosti posta\u0107e bli\u017ee gra\u0111anima \u0161irom Crne Gore \u2013 [&hellip;]<\/p>\n","protected":false},"author":3,"featured_media":48856,"comment_status":"closed","ping_status":"closed","sticky":false,"template":"","format":"standard","meta":{"_acf_changed":false,"footnotes":""},"categories":[285,283,524],"tags":[],"class_list":["post-48855","post","type-post","status-publish","format-standard","has-post-thumbnail","hentry","category-kampanje-i-eventi","category-novosti-me","category-vesti"],"acf":[],"yoast_head":"<!-- This site is optimized with the Yoast SEO plugin v27.3 - https:\/\/yoast.com\/product\/yoast-seo-wordpress\/ -->\n<title>Crna Gora slavi Dan Evrope kroz kulturu, umjetnost, i raznovrsne aktivnosti - Europe House<\/title>\n<meta name=\"robots\" content=\"index, follow, max-snippet:-1, max-image-preview:large, max-video-preview:-1\" \/>\n<link rel=\"canonical\" href=\"https:\/\/www.evropskakuca.me\/me\/crna-gora-slavi-dan-evrope-3\/\" \/>\n<meta property=\"og:locale\" content=\"en_US\" \/>\n<meta property=\"og:type\" content=\"article\" \/>\n<meta property=\"og:title\" content=\"Crna Gora slavi Dan Evrope kroz kulturu, umjetnost, i raznovrsne aktivnosti - Europe House\" \/>\n<meta property=\"og:description\" content=\"Delegacija Evropske unije u Crnoj Gori i Ministarstvo evropskih poslova, u saradnji sa crnogorskim op\u0161tinama i uz podr\u0161ku EU projekata Evropska ku\u0107a, EU4ME i Op\u0161tine za EU, obilje\u017eavaju Dan Evrope \u0161irom zemlje kroz bogat i raznovrstan program tokom cijelog maja. Kroz kulturu, umjetnost, i raznovrsne aktivnosti, evropske vrijednosti posta\u0107e bli\u017ee gra\u0111anima \u0161irom Crne Gore \u2013 [&hellip;]\" \/>\n<meta property=\"og:url\" content=\"https:\/\/www.evropskakuca.me\/me\/crna-gora-slavi-dan-evrope-3\/\" \/>\n<meta property=\"og:site_name\" content=\"Europe House\" \/>\n<meta property=\"article:publisher\" content=\"https:\/\/www.facebook.com\/evropska.kuca\" \/>\n<meta property=\"article:published_time\" content=\"2026-04-30T11:46:30+00:00\" \/>\n<meta property=\"article:modified_time\" content=\"2026-04-30T12:32:26+00:00\" \/>\n<meta property=\"og:image\" content=\"https:\/\/www.evropskakuca.me\/wp-content\/uploads\/2026\/04\/aco-1-e1777549677189.jpg\" \/>\n\t<meta property=\"og:image:width\" content=\"1920\" \/>\n\t<meta property=\"og:image:height\" content=\"794\" \/>\n\t<meta property=\"og:image:type\" content=\"image\/jpeg\" \/>\n<meta name=\"author\" content=\"Aleksandar Vukovic\" \/>\n<meta name=\"twitter:card\" content=\"summary_large_image\" \/>\n<meta name=\"twitter:creator\" content=\"@evropska_kuca\" \/>\n<meta name=\"twitter:site\" content=\"@evropska_kuca\" \/>\n<meta name=\"twitter:label1\" content=\"Written by\" \/>\n\t<meta name=\"twitter:data1\" content=\"Aleksandar Vukovic\" \/>\n\t<meta name=\"twitter:label2\" content=\"Est. reading time\" \/>\n\t<meta name=\"twitter:data2\" content=\"5 minutes\" \/>\n<script type=\"application\/ld+json\" class=\"yoast-schema-graph\">{\"@context\":\"https:\\\/\\\/schema.org\",\"@graph\":[{\"@type\":\"Article\",\"@id\":\"https:\\\/\\\/www.evropskakuca.me\\\/me\\\/crna-gora-slavi-dan-evrope-3\\\/#article\",\"isPartOf\":{\"@id\":\"https:\\\/\\\/www.evropskakuca.me\\\/me\\\/crna-gora-slavi-dan-evrope-3\\\/\"},\"author\":{\"name\":\"Aleksandar Vukovic\",\"@id\":\"https:\\\/\\\/www.evropskakuca.me\\\/me\\\/#\\\/schema\\\/person\\\/7e16527119c7b67f457996b970f2bd6e\"},\"headline\":\"Crna Gora slavi Dan Evrope kroz kulturu, umjetnost, i raznovrsne aktivnosti\",\"datePublished\":\"2026-04-30T11:46:30+00:00\",\"dateModified\":\"2026-04-30T12:32:26+00:00\",\"mainEntityOfPage\":{\"@id\":\"https:\\\/\\\/www.evropskakuca.me\\\/me\\\/crna-gora-slavi-dan-evrope-3\\\/\"},\"wordCount\":1040,\"publisher\":{\"@id\":\"https:\\\/\\\/www.evropskakuca.me\\\/me\\\/#organization\"},\"image\":{\"@id\":\"https:\\\/\\\/www.evropskakuca.me\\\/me\\\/crna-gora-slavi-dan-evrope-3\\\/#primaryimage\"},\"thumbnailUrl\":\"https:\\\/\\\/www.evropskakuca.me\\\/wp-content\\\/uploads\\\/2026\\\/04\\\/aco-1-e1777549677189.jpg\",\"articleSection\":[\"Kampanje i eventi\",\"Novosti\",\"Vesti\"],\"inLanguage\":\"me-ME\"},{\"@type\":\"WebPage\",\"@id\":\"https:\\\/\\\/www.evropskakuca.me\\\/me\\\/crna-gora-slavi-dan-evrope-3\\\/\",\"url\":\"https:\\\/\\\/www.evropskakuca.me\\\/me\\\/crna-gora-slavi-dan-evrope-3\\\/\",\"name\":\"Crna Gora slavi Dan Evrope kroz kulturu, umjetnost, i raznovrsne aktivnosti - Europe House\",\"isPartOf\":{\"@id\":\"https:\\\/\\\/www.evropskakuca.me\\\/me\\\/#website\"},\"primaryImageOfPage\":{\"@id\":\"https:\\\/\\\/www.evropskakuca.me\\\/me\\\/crna-gora-slavi-dan-evrope-3\\\/#primaryimage\"},\"image\":{\"@id\":\"https:\\\/\\\/www.evropskakuca.me\\\/me\\\/crna-gora-slavi-dan-evrope-3\\\/#primaryimage\"},\"thumbnailUrl\":\"https:\\\/\\\/www.evropskakuca.me\\\/wp-content\\\/uploads\\\/2026\\\/04\\\/aco-1-e1777549677189.jpg\",\"datePublished\":\"2026-04-30T11:46:30+00:00\",\"dateModified\":\"2026-04-30T12:32:26+00:00\",\"breadcrumb\":{\"@id\":\"https:\\\/\\\/www.evropskakuca.me\\\/me\\\/crna-gora-slavi-dan-evrope-3\\\/#breadcrumb\"},\"inLanguage\":\"me-ME\",\"potentialAction\":[{\"@type\":\"ReadAction\",\"target\":[\"https:\\\/\\\/www.evropskakuca.me\\\/me\\\/crna-gora-slavi-dan-evrope-3\\\/\"]}]},{\"@type\":\"ImageObject\",\"inLanguage\":\"me-ME\",\"@id\":\"https:\\\/\\\/www.evropskakuca.me\\\/me\\\/crna-gora-slavi-dan-evrope-3\\\/#primaryimage\",\"url\":\"https:\\\/\\\/www.evropskakuca.me\\\/wp-content\\\/uploads\\\/2026\\\/04\\\/aco-1-e1777549677189.jpg\",\"contentUrl\":\"https:\\\/\\\/www.evropskakuca.me\\\/wp-content\\\/uploads\\\/2026\\\/04\\\/aco-1-e1777549677189.jpg\",\"width\":1920,\"height\":794},{\"@type\":\"BreadcrumbList\",\"@id\":\"https:\\\/\\\/www.evropskakuca.me\\\/me\\\/crna-gora-slavi-dan-evrope-3\\\/#breadcrumb\",\"itemListElement\":[{\"@type\":\"ListItem\",\"position\":1,\"name\":\"Home\",\"item\":\"https:\\\/\\\/www.evropskakuca.me\\\/me\\\/\"},{\"@type\":\"ListItem\",\"position\":2,\"name\":\"Crna Gora slavi Dan Evrope kroz kulturu, umjetnost, i raznovrsne aktivnosti\"}]},{\"@type\":\"WebSite\",\"@id\":\"https:\\\/\\\/www.evropskakuca.me\\\/me\\\/#website\",\"url\":\"https:\\\/\\\/www.evropskakuca.me\\\/me\\\/\",\"name\":\"Evropean house\",\"description\":\"\",\"publisher\":{\"@id\":\"https:\\\/\\\/www.evropskakuca.me\\\/me\\\/#organization\"},\"potentialAction\":[{\"@type\":\"SearchAction\",\"target\":{\"@type\":\"EntryPoint\",\"urlTemplate\":\"https:\\\/\\\/www.evropskakuca.me\\\/me\\\/?s={search_term_string}\"},\"query-input\":{\"@type\":\"PropertyValueSpecification\",\"valueRequired\":true,\"valueName\":\"search_term_string\"}}],\"inLanguage\":\"me-ME\"},{\"@type\":\"Organization\",\"@id\":\"https:\\\/\\\/www.evropskakuca.me\\\/me\\\/#organization\",\"name\":\"Evropean house\",\"url\":\"https:\\\/\\\/www.evropskakuca.me\\\/me\\\/\",\"logo\":{\"@type\":\"ImageObject\",\"inLanguage\":\"me-ME\",\"@id\":\"https:\\\/\\\/www.evropskakuca.me\\\/me\\\/#\\\/schema\\\/logo\\\/image\\\/\",\"url\":\"https:\\\/\\\/www.evropskakuca.me\\\/wp-content\\\/uploads\\\/2025\\\/01\\\/evropska-kuca-logo-1.png\",\"contentUrl\":\"https:\\\/\\\/www.evropskakuca.me\\\/wp-content\\\/uploads\\\/2025\\\/01\\\/evropska-kuca-logo-1.png\",\"width\":425,\"height\":312,\"caption\":\"Evropean house\"},\"image\":{\"@id\":\"https:\\\/\\\/www.evropskakuca.me\\\/me\\\/#\\\/schema\\\/logo\\\/image\\\/\"},\"sameAs\":[\"https:\\\/\\\/www.facebook.com\\\/evropska.kuca\",\"https:\\\/\\\/x.com\\\/evropska_kuca\",\"https:\\\/\\\/www.instagram.com\\\/evropska_kuca\"]},{\"@type\":\"Person\",\"@id\":\"https:\\\/\\\/www.evropskakuca.me\\\/me\\\/#\\\/schema\\\/person\\\/7e16527119c7b67f457996b970f2bd6e\",\"name\":\"Aleksandar Vukovic\",\"image\":{\"@type\":\"ImageObject\",\"inLanguage\":\"me-ME\",\"@id\":\"https:\\\/\\\/secure.gravatar.com\\\/avatar\\\/a1834e0104b0242a886079bde835ba36d80c70f9987a11f3ba33eb9e8d74cc15?s=96&d=mm&r=g\",\"url\":\"https:\\\/\\\/secure.gravatar.com\\\/avatar\\\/a1834e0104b0242a886079bde835ba36d80c70f9987a11f3ba33eb9e8d74cc15?s=96&d=mm&r=g\",\"contentUrl\":\"https:\\\/\\\/secure.gravatar.com\\\/avatar\\\/a1834e0104b0242a886079bde835ba36d80c70f9987a11f3ba33eb9e8d74cc15?s=96&d=mm&r=g\",\"caption\":\"Aleksandar Vukovic\"},\"url\":\"https:\\\/\\\/www.evropskakuca.me\\\/me\\\/author\\\/aleksandar\\\/\"}]}<\/script>\n<!-- \/ Yoast SEO plugin. -->","yoast_head_json":{"title":"Crna Gora slavi Dan Evrope kroz kulturu, umjetnost, i raznovrsne aktivnosti - Europe House","robots":{"index":"index","follow":"follow","max-snippet":"max-snippet:-1","max-image-preview":"max-image-preview:large","max-video-preview":"max-video-preview:-1"},"canonical":"https:\/\/www.evropskakuca.me\/me\/crna-gora-slavi-dan-evrope-3\/","og_locale":"en_US","og_type":"article","og_title":"Crna Gora slavi Dan Evrope kroz kulturu, umjetnost, i raznovrsne aktivnosti - Europe House","og_description":"Delegacija Evropske unije u Crnoj Gori i Ministarstvo evropskih poslova, u saradnji sa crnogorskim op\u0161tinama i uz podr\u0161ku EU projekata Evropska ku\u0107a, EU4ME i Op\u0161tine za EU, obilje\u017eavaju Dan Evrope \u0161irom zemlje kroz bogat i raznovrstan program tokom cijelog maja. Kroz kulturu, umjetnost, i raznovrsne aktivnosti, evropske vrijednosti posta\u0107e bli\u017ee gra\u0111anima \u0161irom Crne Gore \u2013 [&hellip;]","og_url":"https:\/\/www.evropskakuca.me\/me\/crna-gora-slavi-dan-evrope-3\/","og_site_name":"Europe House","article_publisher":"https:\/\/www.facebook.com\/evropska.kuca","article_published_time":"2026-04-30T11:46:30+00:00","article_modified_time":"2026-04-30T12:32:26+00:00","og_image":[{"width":1920,"height":794,"url":"https:\/\/www.evropskakuca.me\/wp-content\/uploads\/2026\/04\/aco-1-e1777549677189.jpg","type":"image\/jpeg"}],"author":"Aleksandar Vukovic","twitter_card":"summary_large_image","twitter_creator":"@evropska_kuca","twitter_site":"@evropska_kuca","twitter_misc":{"Written by":"Aleksandar Vukovic","Est. reading time":"5 minutes"},"schema":{"@context":"https:\/\/schema.org","@graph":[{"@type":"Article","@id":"https:\/\/www.evropskakuca.me\/me\/crna-gora-slavi-dan-evrope-3\/#article","isPartOf":{"@id":"https:\/\/www.evropskakuca.me\/me\/crna-gora-slavi-dan-evrope-3\/"},"author":{"name":"Aleksandar Vukovic","@id":"https:\/\/www.evropskakuca.me\/me\/#\/schema\/person\/7e16527119c7b67f457996b970f2bd6e"},"headline":"Crna Gora slavi Dan Evrope kroz kulturu, umjetnost, i raznovrsne aktivnosti","datePublished":"2026-04-30T11:46:30+00:00","dateModified":"2026-04-30T12:32:26+00:00","mainEntityOfPage":{"@id":"https:\/\/www.evropskakuca.me\/me\/crna-gora-slavi-dan-evrope-3\/"},"wordCount":1040,"publisher":{"@id":"https:\/\/www.evropskakuca.me\/me\/#organization"},"image":{"@id":"https:\/\/www.evropskakuca.me\/me\/crna-gora-slavi-dan-evrope-3\/#primaryimage"},"thumbnailUrl":"https:\/\/www.evropskakuca.me\/wp-content\/uploads\/2026\/04\/aco-1-e1777549677189.jpg","articleSection":["Kampanje i eventi","Novosti","Vesti"],"inLanguage":"me-ME"},{"@type":"WebPage","@id":"https:\/\/www.evropskakuca.me\/me\/crna-gora-slavi-dan-evrope-3\/","url":"https:\/\/www.evropskakuca.me\/me\/crna-gora-slavi-dan-evrope-3\/","name":"Crna Gora slavi Dan Evrope kroz kulturu, umjetnost, i raznovrsne aktivnosti - Europe House","isPartOf":{"@id":"https:\/\/www.evropskakuca.me\/me\/#website"},"primaryImageOfPage":{"@id":"https:\/\/www.evropskakuca.me\/me\/crna-gora-slavi-dan-evrope-3\/#primaryimage"},"image":{"@id":"https:\/\/www.evropskakuca.me\/me\/crna-gora-slavi-dan-evrope-3\/#primaryimage"},"thumbnailUrl":"https:\/\/www.evropskakuca.me\/wp-content\/uploads\/2026\/04\/aco-1-e1777549677189.jpg","datePublished":"2026-04-30T11:46:30+00:00","dateModified":"2026-04-30T12:32:26+00:00","breadcrumb":{"@id":"https:\/\/www.evropskakuca.me\/me\/crna-gora-slavi-dan-evrope-3\/#breadcrumb"},"inLanguage":"me-ME","potentialAction":[{"@type":"ReadAction","target":["https:\/\/www.evropskakuca.me\/me\/crna-gora-slavi-dan-evrope-3\/"]}]},{"@type":"ImageObject","inLanguage":"me-ME","@id":"https:\/\/www.evropskakuca.me\/me\/crna-gora-slavi-dan-evrope-3\/#primaryimage","url":"https:\/\/www.evropskakuca.me\/wp-content\/uploads\/2026\/04\/aco-1-e1777549677189.jpg","contentUrl":"https:\/\/www.evropskakuca.me\/wp-content\/uploads\/2026\/04\/aco-1-e1777549677189.jpg","width":1920,"height":794},{"@type":"BreadcrumbList","@id":"https:\/\/www.evropskakuca.me\/me\/crna-gora-slavi-dan-evrope-3\/#breadcrumb","itemListElement":[{"@type":"ListItem","position":1,"name":"Home","item":"https:\/\/www.evropskakuca.me\/me\/"},{"@type":"ListItem","position":2,"name":"Crna Gora slavi Dan Evrope kroz kulturu, umjetnost, i raznovrsne aktivnosti"}]},{"@type":"WebSite","@id":"https:\/\/www.evropskakuca.me\/me\/#website","url":"https:\/\/www.evropskakuca.me\/me\/","name":"Evropean house","description":"","publisher":{"@id":"https:\/\/www.evropskakuca.me\/me\/#organization"},"potentialAction":[{"@type":"SearchAction","target":{"@type":"EntryPoint","urlTemplate":"https:\/\/www.evropskakuca.me\/me\/?s={search_term_string}"},"query-input":{"@type":"PropertyValueSpecification","valueRequired":true,"valueName":"search_term_string"}}],"inLanguage":"me-ME"},{"@type":"Organization","@id":"https:\/\/www.evropskakuca.me\/me\/#organization","name":"Evropean house","url":"https:\/\/www.evropskakuca.me\/me\/","logo":{"@type":"ImageObject","inLanguage":"me-ME","@id":"https:\/\/www.evropskakuca.me\/me\/#\/schema\/logo\/image\/","url":"https:\/\/www.evropskakuca.me\/wp-content\/uploads\/2025\/01\/evropska-kuca-logo-1.png","contentUrl":"https:\/\/www.evropskakuca.me\/wp-content\/uploads\/2025\/01\/evropska-kuca-logo-1.png","width":425,"height":312,"caption":"Evropean house"},"image":{"@id":"https:\/\/www.evropskakuca.me\/me\/#\/schema\/logo\/image\/"},"sameAs":["https:\/\/www.facebook.com\/evropska.kuca","https:\/\/x.com\/evropska_kuca","https:\/\/www.instagram.com\/evropska_kuca"]},{"@type":"Person","@id":"https:\/\/www.evropskakuca.me\/me\/#\/schema\/person\/7e16527119c7b67f457996b970f2bd6e","name":"Aleksandar Vukovic","image":{"@type":"ImageObject","inLanguage":"me-ME","@id":"https:\/\/secure.gravatar.com\/avatar\/a1834e0104b0242a886079bde835ba36d80c70f9987a11f3ba33eb9e8d74cc15?s=96&d=mm&r=g","url":"https:\/\/secure.gravatar.com\/avatar\/a1834e0104b0242a886079bde835ba36d80c70f9987a11f3ba33eb9e8d74cc15?s=96&d=mm&r=g","contentUrl":"https:\/\/secure.gravatar.com\/avatar\/a1834e0104b0242a886079bde835ba36d80c70f9987a11f3ba33eb9e8d74cc15?s=96&d=mm&r=g","caption":"Aleksandar Vukovic"},"url":"https:\/\/www.evropskakuca.me\/me\/author\/aleksandar\/"}]}},"_links":{"self":[{"href":"https:\/\/www.evropskakuca.me\/me\/wp-json\/wp\/v2\/posts\/48855","targetHints":{"allow":["GET"]}}],"collection":[{"href":"https:\/\/www.evropskakuca.me\/me\/wp-json\/wp\/v2\/posts"}],"about":[{"href":"https:\/\/www.evropskakuca.me\/me\/wp-json\/wp\/v2\/types\/post"}],"author":[{"embeddable":true,"href":"https:\/\/www.evropskakuca.me\/me\/wp-json\/wp\/v2\/users\/3"}],"replies":[{"embeddable":true,"href":"https:\/\/www.evropskakuca.me\/me\/wp-json\/wp\/v2\/comments?post=48855"}],"version-history":[{"count":3,"href":"https:\/\/www.evropskakuca.me\/me\/wp-json\/wp\/v2\/posts\/48855\/revisions"}],"predecessor-version":[{"id":48877,"href":"https:\/\/www.evropskakuca.me\/me\/wp-json\/wp\/v2\/posts\/48855\/revisions\/48877"}],"wp:featuredmedia":[{"embeddable":true,"href":"https:\/\/www.evropskakuca.me\/me\/wp-json\/wp\/v2\/media\/48856"}],"wp:attachment":[{"href":"https:\/\/www.evropskakuca.me\/me\/wp-json\/wp\/v2\/media?parent=48855"}],"wp:term":[{"taxonomy":"category","embeddable":true,"href":"https:\/\/www.evropskakuca.me\/me\/wp-json\/wp\/v2\/categories?post=48855"},{"taxonomy":"post_tag","embeddable":true,"href":"https:\/\/www.evropskakuca.me\/me\/wp-json\/wp\/v2\/tags?post=48855"}],"curies":[{"name":"wp","href":"https:\/\/api.w.org\/{rel}","templated":true}]}}