{"id":48837,"date":"2026-04-30T11:03:08","date_gmt":"2026-04-30T11:03:08","guid":{"rendered":"https:\/\/www.evropskakuca.me\/?p=48837"},"modified":"2026-04-30T11:04:15","modified_gmt":"2026-04-30T11:04:15","slug":"cuvaj-da-te-cuva-otvaranje-zelene-ucionice-u-os-pavle-rovinski","status":"publish","type":"post","link":"https:\/\/www.evropskakuca.me\/me\/cuvaj-da-te-cuva-otvaranje-zelene-ucionice-u-os-pavle-rovinski\/","title":{"rendered":"\u201e\u010cuvaj da te \u010duva\u201c: Otvaranje zelene u\u010dionice u O\u0160 \u201ePavle Rovinski\u201c"},"content":{"rendered":"\n<p>Delegacija Evropske unije u Crnoj Gori, u saradnji sa Ministarstvom prosvjete, nauke i inovacija, kompanijom One, NVO Ozelenimo Crnu Goru i Osnovnom \u0161kolom \u201ePavle Rovinski\u201c, organizovala je doga\u0111aj u okviru kampanje \u201e\u010cuvaj da te \u010duva\u201c, posve\u0107ene ja\u010danju ekolo\u0161ke svijesti i unapre\u0111enju obrazovanja mladih.<\/p>\n\n\n\n<p>Program je otvoren na platou ispred \u0161kole, gdje je direktorica Nata\u0161a Popovi\u0107 po\u017eeljela dobrodo\u0161licu i zahvalila Delegaciji EU, Ministarstvu prosvjete, kompaniji One i partnerima na podr\u0161ci projektu ozelenjavanja \u0161kolskog prostora, koji je realizovan u skladu sa preporukama Ministarstva prosvjete. Uslijedio je kulturni program u kojem su u\u010denici izveli Eko himnu \u0161kole, recitaciju \u201eZelena pjesma\u201c Dragana Radulovi\u0107a, violinsku numeru i kratku predstavu posve\u0107enu dolasku prolje\u0107a i za\u0161titi prirode.<\/p>\n\n\n\n<p>Centralni dio doga\u0111aja bila je simboli\u010dna sadnja prvog stabla u \u0161kolskom dvori\u0161tu, u kojoj su zajedni\u010dki u\u010destvovali ambasador Evropske unije u Crnoj Gori Johan Satler, ministarka An\u0111ela Jak\u0161i\u0107 Stojanovi\u0107 i direktor kompanije One Crna Gora Branko Mitrovi\u0107. Tom prilikom istaknuto je da ovakve inicijative povezuju obrazovanje, zajednicu i konkretno djelovanje u oblasti za\u0161tite \u017eivotne sredine.<\/p>\n\n\n\n<figure class=\"wp-block-gallery has-nested-images columns-default is-cropped wp-block-gallery-1 is-layout-flex wp-block-gallery-is-layout-flex\">\n<figure class=\"wp-block-image size-large\"><img fetchpriority=\"high\" decoding=\"async\" width=\"1024\" height=\"683\" data-id=\"48842\" src=\"https:\/\/www.evropskakuca.me\/wp-content\/uploads\/2026\/04\/BZ-47-1024x683.jpg\" alt=\"\" class=\"wp-image-48842\" srcset=\"https:\/\/www.evropskakuca.me\/wp-content\/uploads\/2026\/04\/BZ-47-1024x683.jpg 1024w, https:\/\/www.evropskakuca.me\/wp-content\/uploads\/2026\/04\/BZ-47-300x200.jpg 300w, https:\/\/www.evropskakuca.me\/wp-content\/uploads\/2026\/04\/BZ-47-768x512.jpg 768w, https:\/\/www.evropskakuca.me\/wp-content\/uploads\/2026\/04\/BZ-47-1536x1024.jpg 1536w, https:\/\/www.evropskakuca.me\/wp-content\/uploads\/2026\/04\/BZ-47.jpg 1600w\" sizes=\"(max-width: 1024px) 100vw, 1024px\" \/><\/figure>\n\n\n\n<figure class=\"wp-block-image size-large\"><img decoding=\"async\" width=\"1024\" height=\"683\" data-id=\"48840\" src=\"https:\/\/www.evropskakuca.me\/wp-content\/uploads\/2026\/04\/BZ-53-1024x683.jpg\" alt=\"\" class=\"wp-image-48840\" srcset=\"https:\/\/www.evropskakuca.me\/wp-content\/uploads\/2026\/04\/BZ-53-1024x683.jpg 1024w, https:\/\/www.evropskakuca.me\/wp-content\/uploads\/2026\/04\/BZ-53-300x200.jpg 300w, https:\/\/www.evropskakuca.me\/wp-content\/uploads\/2026\/04\/BZ-53-768x512.jpg 768w, https:\/\/www.evropskakuca.me\/wp-content\/uploads\/2026\/04\/BZ-53-1536x1024.jpg 1536w, https:\/\/www.evropskakuca.me\/wp-content\/uploads\/2026\/04\/BZ-53.jpg 1600w\" sizes=\"(max-width: 1024px) 100vw, 1024px\" \/><\/figure>\n<\/figure>\n\n\n\n<p>\u201eVeoma sam zadovoljan \u0161to smo zapo\u010deli ovo novo poglavlje u kampanji. Tako\u0111e sam veoma zadovoljan \u0161to je Evropska unija ovdje da podr\u017ei Crnu Goru u njenoj zelenoj tranziciji. Mnogo se govori o Poglavlju 27, o zakonima, regulativama, ali drugi stub ovog rada na ozelenjavanju i tranziciji je upravo obrazovanje. Zato smo stavili toliki fokus na taj dio, i drago mi je \u0161to Crna Gora ostvaruje napredak na evropskom putu. Drago mi je \u0161to smo svjedo\u010dili dobrim vijestima pro\u0161le sedmice u vezi sa pristupnim ugovorom. Naravno, najte\u017ea poglavlja su na kraju, na samom kraju ove godine, a i poglavlje o \u017eivotnoj sredini je me\u0111u njima. Zato sada moramo udvostru\u010diti napore kako bismo uspje\u0161no zatvorili to poglavlje. Ova kampanja \u017eivi kroz u\u010de\u0161\u0107e, i ovo je jedno od pravih pozitivnih iznena\u0111enja \u2013 taj talas podr\u0161ke koji imamo. Javljaju se mnogi ljudi, \u0161kole, udru\u017eenja, gra\u0111ani, koji \u017eele da pomognu, jer ovo je ne\u0161to \u0161to ujedinjuje zemlju. \u017delim da iskoristim priliku da zahvalim svima koji su se pridru\u017eili. \u017delim, naravno, da zahvalim na\u0161im institucionalnim partnerima, u ovom slu\u010daju Ministarstvu prosvjete, koje je bilo uz nas od samog po\u010detka, kao i \u0161kolama. Posebnu zahvalnost upu\u0107ujem i na\u0161em sponzoru, kompaniji One, koja je sa nama u ovoj kampanji. Potrebno je zajedni\u0161tvo toliko mnogo aktera da bi ovo bilo uspje\u0161no\u201d, rekao je ambasador Satler.<\/p>\n\n\n\n<p>Izvr\u0161ni direktor kompanije One Crna Gora, Branko Mitrovi\u0107, poru\u010dio je da su se sa zadovoljstvom pridru\u017eili ovoj kampanji.<\/p>\n\n\n\n<p>&nbsp;\u201eIzuzetno smo zadovoljni \u0161to danas, zajedno sa partnerima i Delegacijom Evropske unije, stvaramo prostor koji \u0107e djeci slu\u017eiti godinama. Od prvog trenutka podr\u017eali smo akciju \u2018\u010cuvaj da te \u010duva\u2019, jer vjerujemo da obrazovanje i ekologija moraju i\u0107i ruku pod ruku. Za kompaniju One, zelena agenda nije samo cilj na papiru, ve\u0107 konkretna akcija. Dana\u0161nja sadnja drve\u0107a i zelena u\u010dionica nastavak su inicijative \u2018Jedno drvo je va\u017eno\u2019, kroz koju doprinosimo po\u0161umljavanju i ja\u010danju ekolo\u0161ke svijesti. Ponosni smo \u0161to zajedno sa partnerima pokazujemo da i mali odr\u017eivi koraci prave veliku razliku za zajednicu\u201d, kazao je Mitrovi\u0107.<\/p>\n\n\n\n<figure class=\"wp-block-image size-large\"><img decoding=\"async\" width=\"1024\" height=\"683\" src=\"https:\/\/www.evropskakuca.me\/wp-content\/uploads\/2026\/04\/BZ-31-1024x683.jpg\" alt=\"\" class=\"wp-image-48844\" srcset=\"https:\/\/www.evropskakuca.me\/wp-content\/uploads\/2026\/04\/BZ-31-1024x683.jpg 1024w, https:\/\/www.evropskakuca.me\/wp-content\/uploads\/2026\/04\/BZ-31-300x200.jpg 300w, https:\/\/www.evropskakuca.me\/wp-content\/uploads\/2026\/04\/BZ-31-768x512.jpg 768w, https:\/\/www.evropskakuca.me\/wp-content\/uploads\/2026\/04\/BZ-31-1536x1024.jpg 1536w, https:\/\/www.evropskakuca.me\/wp-content\/uploads\/2026\/04\/BZ-31.jpg 1600w\" sizes=\"(max-width: 1024px) 100vw, 1024px\" \/><\/figure>\n\n\n\n<p>\u201cRaduje nas \u010dinjenica da se zaista svi resori pripremaju za ulazak u Evropsku uniju, pa tako i resor obrazovanja. Jako mi je drago \u0161to sve velike kampanje i velike pri\u010de uklju\u010duju Ministarstvo prosvjete, nauke i inovacija. Mi smo se od samog po\u010detka uklju\u010dili u ovu kampanju sa velikim zadovoljstvom, jer smo sigurni da nema istinskih promjena u na\u0161em dru\u0161tvu, ukoliko one ne po\u010dnu od onih najmla\u0111ih. Upravo sva ova lijepa ekolo\u0161ka pri\u010da koja uti\u010de na na\u0161e najmla\u0111e i na razvijanje njihove svjesti o zna\u010daju za\u0161tite \u017eivotne sredine je za nas strate\u0161ki va\u017ena. Ona je prepoznata i kroz Strategiju reforme obrazovanja za period 2025-2035. Mi zaista sa velikim zadovoljstvom u\u010destvujemo u svim ovim aktivnostima. Ovo je samo jedna od u\u010dionica na otvorenom koje \u0107e se u narednom periodu promovisati. Iskoristila bih priliku da se zahvalim ambasadoru gospodinu Satleru na izuzetnoj saradnji u dosada\u0161njem periodu, dru\u0161tveno-odgovornim kompanijama poput kompanjije One, koje nam pru\u017euju podr\u0161ku da bi sve ove pri\u010de za\u017eivjele, i u konkretnom slu\u010daju upravi \u0161kole \u201cPavle Rovinski\u201d i savjetu roditelja koji su zaista bili izuzetni i konstruktivni partneri i koji su, sigurna sam, sa nama jako ponosni na sve ovo \u0161to smo ostvarili\u201d, rekla je ministarka Jak\u0161i\u0107 Stojanovi\u0107.<\/p>\n\n\n\n<figure class=\"wp-block-image size-large\"><img loading=\"lazy\" decoding=\"async\" width=\"1024\" height=\"683\" src=\"https:\/\/www.evropskakuca.me\/wp-content\/uploads\/2026\/04\/BZ-128-1024x683.jpg\" alt=\"\" class=\"wp-image-48846\" srcset=\"https:\/\/www.evropskakuca.me\/wp-content\/uploads\/2026\/04\/BZ-128-1024x683.jpg 1024w, https:\/\/www.evropskakuca.me\/wp-content\/uploads\/2026\/04\/BZ-128-300x200.jpg 300w, https:\/\/www.evropskakuca.me\/wp-content\/uploads\/2026\/04\/BZ-128-768x512.jpg 768w, https:\/\/www.evropskakuca.me\/wp-content\/uploads\/2026\/04\/BZ-128-1536x1024.jpg 1536w, https:\/\/www.evropskakuca.me\/wp-content\/uploads\/2026\/04\/BZ-128.jpg 1600w\" sizes=\"(max-width: 1024px) 100vw, 1024px\" \/><\/figure>\n\n\n\n<p>U okviru projekta \u0161koli je donirana i \u201ezelena u\u010dionica\u201c na otvorenom, izra\u0111ena od reciklirane plastike, \u010dijom je proizvodnjom iz prirode uklonjeno oko 1.500 kilograma otpada. Donaciju, koja obuhvata 11 stolova, 10 klupa i stolica, ukupne vrijednosti oko 4.000 eura, obezbijedila je kompanija One. NVO \u201eOzelenimo Crnu Goru\u201c obezbijedila je 28 sadnica i pripremila teren za sadnju.<\/p>\n\n\n\n<p>Nakon ceremonije sadnje, u\u010desnici su obi\u0161li novu u\u010dionicu, gdje su u\u010denici predstavili radove nastale od recikliranih materijala, kao i prakti\u010dnu demonstraciju o zna\u010daju korijenskog sistema biljaka u spre\u010davanju erozije zemlji\u0161ta. Posebna pa\u017enja posve\u0107ena je i inovativnim nastavnim pristupima.<\/p>\n\n\n\n<p>Doga\u0111aju su prisustvovali predstavnici Delegacije Evropske unije, Ministarstva prosvjete, kompanije One, NVO sektora, nastavno osoblje i u\u010denici \u0161kole. Aktivnost je dio \u0161ire inicijative unapre\u0111enja obrazovnog okru\u017eenja i ja\u010danja svijesti o za\u0161titi \u017eivotne sredine, sa ciljem da se mladima pru\u017ee konkretna znanja i alati za aktivno u\u010de\u0161\u0107e u o\u010duvanju prirode.<\/p>\n","protected":false},"excerpt":{"rendered":"<p>Delegacija Evropske unije u Crnoj Gori, u saradnji sa Ministarstvom prosvjete, nauke i inovacija, kompanijom One, NVO Ozelenimo Crnu Goru i Osnovnom \u0161kolom \u201ePavle Rovinski\u201c, organizovala je doga\u0111aj u okviru kampanje \u201e\u010cuvaj da te \u010duva\u201c, posve\u0107ene ja\u010danju ekolo\u0161ke svijesti i unapre\u0111enju obrazovanja mladih. Program je otvoren na platou ispred \u0161kole, gdje je direktorica Nata\u0161a Popovi\u0107 [&hellip;]<\/p>\n","protected":false},"author":3,"featured_media":48838,"comment_status":"closed","ping_status":"closed","sticky":false,"template":"","format":"standard","meta":{"_acf_changed":false,"footnotes":""},"categories":[283,524],"tags":[],"class_list":["post-48837","post","type-post","status-publish","format-standard","has-post-thumbnail","hentry","category-novosti-me","category-vesti"],"acf":[],"yoast_head":"<!-- This site is optimized with the Yoast SEO plugin v27.3 - https:\/\/yoast.com\/product\/yoast-seo-wordpress\/ -->\n<title>\u201e\u010cuvaj da te \u010duva\u201c: Otvaranje zelene u\u010dionice u O\u0160 \u201ePavle Rovinski\u201c - Europe House<\/title>\n<meta name=\"robots\" content=\"index, follow, max-snippet:-1, max-image-preview:large, max-video-preview:-1\" \/>\n<link rel=\"canonical\" href=\"https:\/\/www.evropskakuca.me\/me\/cuvaj-da-te-cuva-otvaranje-zelene-ucionice-u-os-pavle-rovinski\/\" \/>\n<meta property=\"og:locale\" content=\"en_US\" \/>\n<meta property=\"og:type\" content=\"article\" \/>\n<meta property=\"og:title\" content=\"\u201e\u010cuvaj da te \u010duva\u201c: Otvaranje zelene u\u010dionice u O\u0160 \u201ePavle Rovinski\u201c - Europe House\" \/>\n<meta property=\"og:description\" content=\"Delegacija Evropske unije u Crnoj Gori, u saradnji sa Ministarstvom prosvjete, nauke i inovacija, kompanijom One, NVO Ozelenimo Crnu Goru i Osnovnom \u0161kolom \u201ePavle Rovinski\u201c, organizovala je doga\u0111aj u okviru kampanje \u201e\u010cuvaj da te \u010duva\u201c, posve\u0107ene ja\u010danju ekolo\u0161ke svijesti i unapre\u0111enju obrazovanja mladih. Program je otvoren na platou ispred \u0161kole, gdje je direktorica Nata\u0161a Popovi\u0107 [&hellip;]\" \/>\n<meta property=\"og:url\" content=\"https:\/\/www.evropskakuca.me\/me\/cuvaj-da-te-cuva-otvaranje-zelene-ucionice-u-os-pavle-rovinski\/\" \/>\n<meta property=\"og:site_name\" content=\"Europe House\" \/>\n<meta property=\"article:publisher\" content=\"https:\/\/www.facebook.com\/evropska.kuca\" \/>\n<meta property=\"article:published_time\" content=\"2026-04-30T11:03:08+00:00\" \/>\n<meta property=\"article:modified_time\" content=\"2026-04-30T11:04:15+00:00\" \/>\n<meta property=\"og:image\" content=\"https:\/\/www.evropskakuca.me\/wp-content\/uploads\/2026\/04\/BZ-131-e1777547043565.jpg\" \/>\n\t<meta property=\"og:image:width\" content=\"1600\" \/>\n\t<meta property=\"og:image:height\" content=\"757\" \/>\n\t<meta property=\"og:image:type\" content=\"image\/jpeg\" \/>\n<meta name=\"author\" content=\"Aleksandar Vukovic\" \/>\n<meta name=\"twitter:card\" content=\"summary_large_image\" \/>\n<meta name=\"twitter:creator\" content=\"@evropska_kuca\" \/>\n<meta name=\"twitter:site\" content=\"@evropska_kuca\" \/>\n<meta name=\"twitter:label1\" content=\"Written by\" \/>\n\t<meta name=\"twitter:data1\" content=\"Aleksandar Vukovic\" \/>\n\t<meta name=\"twitter:label2\" content=\"Est. reading time\" \/>\n\t<meta name=\"twitter:data2\" content=\"5 minutes\" \/>\n<script type=\"application\/ld+json\" class=\"yoast-schema-graph\">{\"@context\":\"https:\\\/\\\/schema.org\",\"@graph\":[{\"@type\":\"Article\",\"@id\":\"https:\\\/\\\/www.evropskakuca.me\\\/me\\\/cuvaj-da-te-cuva-otvaranje-zelene-ucionice-u-os-pavle-rovinski\\\/#article\",\"isPartOf\":{\"@id\":\"https:\\\/\\\/www.evropskakuca.me\\\/me\\\/cuvaj-da-te-cuva-otvaranje-zelene-ucionice-u-os-pavle-rovinski\\\/\"},\"author\":{\"name\":\"Aleksandar Vukovic\",\"@id\":\"https:\\\/\\\/www.evropskakuca.me\\\/me\\\/#\\\/schema\\\/person\\\/7e16527119c7b67f457996b970f2bd6e\"},\"headline\":\"\u201e\u010cuvaj da te \u010duva\u201c: Otvaranje zelene u\u010dionice u O\u0160 \u201ePavle Rovinski\u201c\",\"datePublished\":\"2026-04-30T11:03:08+00:00\",\"dateModified\":\"2026-04-30T11:04:15+00:00\",\"mainEntityOfPage\":{\"@id\":\"https:\\\/\\\/www.evropskakuca.me\\\/me\\\/cuvaj-da-te-cuva-otvaranje-zelene-ucionice-u-os-pavle-rovinski\\\/\"},\"wordCount\":948,\"publisher\":{\"@id\":\"https:\\\/\\\/www.evropskakuca.me\\\/me\\\/#organization\"},\"image\":{\"@id\":\"https:\\\/\\\/www.evropskakuca.me\\\/me\\\/cuvaj-da-te-cuva-otvaranje-zelene-ucionice-u-os-pavle-rovinski\\\/#primaryimage\"},\"thumbnailUrl\":\"https:\\\/\\\/www.evropskakuca.me\\\/wp-content\\\/uploads\\\/2026\\\/04\\\/BZ-131-e1777547043565.jpg\",\"articleSection\":[\"Novosti\",\"Vesti\"],\"inLanguage\":\"me-ME\"},{\"@type\":\"WebPage\",\"@id\":\"https:\\\/\\\/www.evropskakuca.me\\\/me\\\/cuvaj-da-te-cuva-otvaranje-zelene-ucionice-u-os-pavle-rovinski\\\/\",\"url\":\"https:\\\/\\\/www.evropskakuca.me\\\/me\\\/cuvaj-da-te-cuva-otvaranje-zelene-ucionice-u-os-pavle-rovinski\\\/\",\"name\":\"\u201e\u010cuvaj da te \u010duva\u201c: Otvaranje zelene u\u010dionice u O\u0160 \u201ePavle Rovinski\u201c - Europe House\",\"isPartOf\":{\"@id\":\"https:\\\/\\\/www.evropskakuca.me\\\/me\\\/#website\"},\"primaryImageOfPage\":{\"@id\":\"https:\\\/\\\/www.evropskakuca.me\\\/me\\\/cuvaj-da-te-cuva-otvaranje-zelene-ucionice-u-os-pavle-rovinski\\\/#primaryimage\"},\"image\":{\"@id\":\"https:\\\/\\\/www.evropskakuca.me\\\/me\\\/cuvaj-da-te-cuva-otvaranje-zelene-ucionice-u-os-pavle-rovinski\\\/#primaryimage\"},\"thumbnailUrl\":\"https:\\\/\\\/www.evropskakuca.me\\\/wp-content\\\/uploads\\\/2026\\\/04\\\/BZ-131-e1777547043565.jpg\",\"datePublished\":\"2026-04-30T11:03:08+00:00\",\"dateModified\":\"2026-04-30T11:04:15+00:00\",\"breadcrumb\":{\"@id\":\"https:\\\/\\\/www.evropskakuca.me\\\/me\\\/cuvaj-da-te-cuva-otvaranje-zelene-ucionice-u-os-pavle-rovinski\\\/#breadcrumb\"},\"inLanguage\":\"me-ME\",\"potentialAction\":[{\"@type\":\"ReadAction\",\"target\":[\"https:\\\/\\\/www.evropskakuca.me\\\/me\\\/cuvaj-da-te-cuva-otvaranje-zelene-ucionice-u-os-pavle-rovinski\\\/\"]}]},{\"@type\":\"ImageObject\",\"inLanguage\":\"me-ME\",\"@id\":\"https:\\\/\\\/www.evropskakuca.me\\\/me\\\/cuvaj-da-te-cuva-otvaranje-zelene-ucionice-u-os-pavle-rovinski\\\/#primaryimage\",\"url\":\"https:\\\/\\\/www.evropskakuca.me\\\/wp-content\\\/uploads\\\/2026\\\/04\\\/BZ-131-e1777547043565.jpg\",\"contentUrl\":\"https:\\\/\\\/www.evropskakuca.me\\\/wp-content\\\/uploads\\\/2026\\\/04\\\/BZ-131-e1777547043565.jpg\",\"width\":1600,\"height\":757},{\"@type\":\"BreadcrumbList\",\"@id\":\"https:\\\/\\\/www.evropskakuca.me\\\/me\\\/cuvaj-da-te-cuva-otvaranje-zelene-ucionice-u-os-pavle-rovinski\\\/#breadcrumb\",\"itemListElement\":[{\"@type\":\"ListItem\",\"position\":1,\"name\":\"Home\",\"item\":\"https:\\\/\\\/www.evropskakuca.me\\\/me\\\/\"},{\"@type\":\"ListItem\",\"position\":2,\"name\":\"\u201e\u010cuvaj da te \u010duva\u201c: Otvaranje zelene u\u010dionice u O\u0160 \u201ePavle Rovinski\u201c\"}]},{\"@type\":\"WebSite\",\"@id\":\"https:\\\/\\\/www.evropskakuca.me\\\/me\\\/#website\",\"url\":\"https:\\\/\\\/www.evropskakuca.me\\\/me\\\/\",\"name\":\"Evropean house\",\"description\":\"\",\"publisher\":{\"@id\":\"https:\\\/\\\/www.evropskakuca.me\\\/me\\\/#organization\"},\"potentialAction\":[{\"@type\":\"SearchAction\",\"target\":{\"@type\":\"EntryPoint\",\"urlTemplate\":\"https:\\\/\\\/www.evropskakuca.me\\\/me\\\/?s={search_term_string}\"},\"query-input\":{\"@type\":\"PropertyValueSpecification\",\"valueRequired\":true,\"valueName\":\"search_term_string\"}}],\"inLanguage\":\"me-ME\"},{\"@type\":\"Organization\",\"@id\":\"https:\\\/\\\/www.evropskakuca.me\\\/me\\\/#organization\",\"name\":\"Evropean house\",\"url\":\"https:\\\/\\\/www.evropskakuca.me\\\/me\\\/\",\"logo\":{\"@type\":\"ImageObject\",\"inLanguage\":\"me-ME\",\"@id\":\"https:\\\/\\\/www.evropskakuca.me\\\/me\\\/#\\\/schema\\\/logo\\\/image\\\/\",\"url\":\"https:\\\/\\\/www.evropskakuca.me\\\/wp-content\\\/uploads\\\/2025\\\/01\\\/evropska-kuca-logo-1.png\",\"contentUrl\":\"https:\\\/\\\/www.evropskakuca.me\\\/wp-content\\\/uploads\\\/2025\\\/01\\\/evropska-kuca-logo-1.png\",\"width\":425,\"height\":312,\"caption\":\"Evropean house\"},\"image\":{\"@id\":\"https:\\\/\\\/www.evropskakuca.me\\\/me\\\/#\\\/schema\\\/logo\\\/image\\\/\"},\"sameAs\":[\"https:\\\/\\\/www.facebook.com\\\/evropska.kuca\",\"https:\\\/\\\/x.com\\\/evropska_kuca\",\"https:\\\/\\\/www.instagram.com\\\/evropska_kuca\"]},{\"@type\":\"Person\",\"@id\":\"https:\\\/\\\/www.evropskakuca.me\\\/me\\\/#\\\/schema\\\/person\\\/7e16527119c7b67f457996b970f2bd6e\",\"name\":\"Aleksandar Vukovic\",\"image\":{\"@type\":\"ImageObject\",\"inLanguage\":\"me-ME\",\"@id\":\"https:\\\/\\\/secure.gravatar.com\\\/avatar\\\/a1834e0104b0242a886079bde835ba36d80c70f9987a11f3ba33eb9e8d74cc15?s=96&d=mm&r=g\",\"url\":\"https:\\\/\\\/secure.gravatar.com\\\/avatar\\\/a1834e0104b0242a886079bde835ba36d80c70f9987a11f3ba33eb9e8d74cc15?s=96&d=mm&r=g\",\"contentUrl\":\"https:\\\/\\\/secure.gravatar.com\\\/avatar\\\/a1834e0104b0242a886079bde835ba36d80c70f9987a11f3ba33eb9e8d74cc15?s=96&d=mm&r=g\",\"caption\":\"Aleksandar Vukovic\"},\"url\":\"https:\\\/\\\/www.evropskakuca.me\\\/me\\\/author\\\/aleksandar\\\/\"}]}<\/script>\n<!-- \/ Yoast SEO plugin. -->","yoast_head_json":{"title":"\u201e\u010cuvaj da te \u010duva\u201c: Otvaranje zelene u\u010dionice u O\u0160 \u201ePavle Rovinski\u201c - Europe House","robots":{"index":"index","follow":"follow","max-snippet":"max-snippet:-1","max-image-preview":"max-image-preview:large","max-video-preview":"max-video-preview:-1"},"canonical":"https:\/\/www.evropskakuca.me\/me\/cuvaj-da-te-cuva-otvaranje-zelene-ucionice-u-os-pavle-rovinski\/","og_locale":"en_US","og_type":"article","og_title":"\u201e\u010cuvaj da te \u010duva\u201c: Otvaranje zelene u\u010dionice u O\u0160 \u201ePavle Rovinski\u201c - Europe House","og_description":"Delegacija Evropske unije u Crnoj Gori, u saradnji sa Ministarstvom prosvjete, nauke i inovacija, kompanijom One, NVO Ozelenimo Crnu Goru i Osnovnom \u0161kolom \u201ePavle Rovinski\u201c, organizovala je doga\u0111aj u okviru kampanje \u201e\u010cuvaj da te \u010duva\u201c, posve\u0107ene ja\u010danju ekolo\u0161ke svijesti i unapre\u0111enju obrazovanja mladih. Program je otvoren na platou ispred \u0161kole, gdje je direktorica Nata\u0161a Popovi\u0107 [&hellip;]","og_url":"https:\/\/www.evropskakuca.me\/me\/cuvaj-da-te-cuva-otvaranje-zelene-ucionice-u-os-pavle-rovinski\/","og_site_name":"Europe House","article_publisher":"https:\/\/www.facebook.com\/evropska.kuca","article_published_time":"2026-04-30T11:03:08+00:00","article_modified_time":"2026-04-30T11:04:15+00:00","og_image":[{"width":1600,"height":757,"url":"https:\/\/www.evropskakuca.me\/wp-content\/uploads\/2026\/04\/BZ-131-e1777547043565.jpg","type":"image\/jpeg"}],"author":"Aleksandar Vukovic","twitter_card":"summary_large_image","twitter_creator":"@evropska_kuca","twitter_site":"@evropska_kuca","twitter_misc":{"Written by":"Aleksandar Vukovic","Est. reading time":"5 minutes"},"schema":{"@context":"https:\/\/schema.org","@graph":[{"@type":"Article","@id":"https:\/\/www.evropskakuca.me\/me\/cuvaj-da-te-cuva-otvaranje-zelene-ucionice-u-os-pavle-rovinski\/#article","isPartOf":{"@id":"https:\/\/www.evropskakuca.me\/me\/cuvaj-da-te-cuva-otvaranje-zelene-ucionice-u-os-pavle-rovinski\/"},"author":{"name":"Aleksandar Vukovic","@id":"https:\/\/www.evropskakuca.me\/me\/#\/schema\/person\/7e16527119c7b67f457996b970f2bd6e"},"headline":"\u201e\u010cuvaj da te \u010duva\u201c: Otvaranje zelene u\u010dionice u O\u0160 \u201ePavle Rovinski\u201c","datePublished":"2026-04-30T11:03:08+00:00","dateModified":"2026-04-30T11:04:15+00:00","mainEntityOfPage":{"@id":"https:\/\/www.evropskakuca.me\/me\/cuvaj-da-te-cuva-otvaranje-zelene-ucionice-u-os-pavle-rovinski\/"},"wordCount":948,"publisher":{"@id":"https:\/\/www.evropskakuca.me\/me\/#organization"},"image":{"@id":"https:\/\/www.evropskakuca.me\/me\/cuvaj-da-te-cuva-otvaranje-zelene-ucionice-u-os-pavle-rovinski\/#primaryimage"},"thumbnailUrl":"https:\/\/www.evropskakuca.me\/wp-content\/uploads\/2026\/04\/BZ-131-e1777547043565.jpg","articleSection":["Novosti","Vesti"],"inLanguage":"me-ME"},{"@type":"WebPage","@id":"https:\/\/www.evropskakuca.me\/me\/cuvaj-da-te-cuva-otvaranje-zelene-ucionice-u-os-pavle-rovinski\/","url":"https:\/\/www.evropskakuca.me\/me\/cuvaj-da-te-cuva-otvaranje-zelene-ucionice-u-os-pavle-rovinski\/","name":"\u201e\u010cuvaj da te \u010duva\u201c: Otvaranje zelene u\u010dionice u O\u0160 \u201ePavle Rovinski\u201c - Europe House","isPartOf":{"@id":"https:\/\/www.evropskakuca.me\/me\/#website"},"primaryImageOfPage":{"@id":"https:\/\/www.evropskakuca.me\/me\/cuvaj-da-te-cuva-otvaranje-zelene-ucionice-u-os-pavle-rovinski\/#primaryimage"},"image":{"@id":"https:\/\/www.evropskakuca.me\/me\/cuvaj-da-te-cuva-otvaranje-zelene-ucionice-u-os-pavle-rovinski\/#primaryimage"},"thumbnailUrl":"https:\/\/www.evropskakuca.me\/wp-content\/uploads\/2026\/04\/BZ-131-e1777547043565.jpg","datePublished":"2026-04-30T11:03:08+00:00","dateModified":"2026-04-30T11:04:15+00:00","breadcrumb":{"@id":"https:\/\/www.evropskakuca.me\/me\/cuvaj-da-te-cuva-otvaranje-zelene-ucionice-u-os-pavle-rovinski\/#breadcrumb"},"inLanguage":"me-ME","potentialAction":[{"@type":"ReadAction","target":["https:\/\/www.evropskakuca.me\/me\/cuvaj-da-te-cuva-otvaranje-zelene-ucionice-u-os-pavle-rovinski\/"]}]},{"@type":"ImageObject","inLanguage":"me-ME","@id":"https:\/\/www.evropskakuca.me\/me\/cuvaj-da-te-cuva-otvaranje-zelene-ucionice-u-os-pavle-rovinski\/#primaryimage","url":"https:\/\/www.evropskakuca.me\/wp-content\/uploads\/2026\/04\/BZ-131-e1777547043565.jpg","contentUrl":"https:\/\/www.evropskakuca.me\/wp-content\/uploads\/2026\/04\/BZ-131-e1777547043565.jpg","width":1600,"height":757},{"@type":"BreadcrumbList","@id":"https:\/\/www.evropskakuca.me\/me\/cuvaj-da-te-cuva-otvaranje-zelene-ucionice-u-os-pavle-rovinski\/#breadcrumb","itemListElement":[{"@type":"ListItem","position":1,"name":"Home","item":"https:\/\/www.evropskakuca.me\/me\/"},{"@type":"ListItem","position":2,"name":"\u201e\u010cuvaj da te \u010duva\u201c: Otvaranje zelene u\u010dionice u O\u0160 \u201ePavle Rovinski\u201c"}]},{"@type":"WebSite","@id":"https:\/\/www.evropskakuca.me\/me\/#website","url":"https:\/\/www.evropskakuca.me\/me\/","name":"Evropean house","description":"","publisher":{"@id":"https:\/\/www.evropskakuca.me\/me\/#organization"},"potentialAction":[{"@type":"SearchAction","target":{"@type":"EntryPoint","urlTemplate":"https:\/\/www.evropskakuca.me\/me\/?s={search_term_string}"},"query-input":{"@type":"PropertyValueSpecification","valueRequired":true,"valueName":"search_term_string"}}],"inLanguage":"me-ME"},{"@type":"Organization","@id":"https:\/\/www.evropskakuca.me\/me\/#organization","name":"Evropean house","url":"https:\/\/www.evropskakuca.me\/me\/","logo":{"@type":"ImageObject","inLanguage":"me-ME","@id":"https:\/\/www.evropskakuca.me\/me\/#\/schema\/logo\/image\/","url":"https:\/\/www.evropskakuca.me\/wp-content\/uploads\/2025\/01\/evropska-kuca-logo-1.png","contentUrl":"https:\/\/www.evropskakuca.me\/wp-content\/uploads\/2025\/01\/evropska-kuca-logo-1.png","width":425,"height":312,"caption":"Evropean house"},"image":{"@id":"https:\/\/www.evropskakuca.me\/me\/#\/schema\/logo\/image\/"},"sameAs":["https:\/\/www.facebook.com\/evropska.kuca","https:\/\/x.com\/evropska_kuca","https:\/\/www.instagram.com\/evropska_kuca"]},{"@type":"Person","@id":"https:\/\/www.evropskakuca.me\/me\/#\/schema\/person\/7e16527119c7b67f457996b970f2bd6e","name":"Aleksandar Vukovic","image":{"@type":"ImageObject","inLanguage":"me-ME","@id":"https:\/\/secure.gravatar.com\/avatar\/a1834e0104b0242a886079bde835ba36d80c70f9987a11f3ba33eb9e8d74cc15?s=96&d=mm&r=g","url":"https:\/\/secure.gravatar.com\/avatar\/a1834e0104b0242a886079bde835ba36d80c70f9987a11f3ba33eb9e8d74cc15?s=96&d=mm&r=g","contentUrl":"https:\/\/secure.gravatar.com\/avatar\/a1834e0104b0242a886079bde835ba36d80c70f9987a11f3ba33eb9e8d74cc15?s=96&d=mm&r=g","caption":"Aleksandar Vukovic"},"url":"https:\/\/www.evropskakuca.me\/me\/author\/aleksandar\/"}]}},"_links":{"self":[{"href":"https:\/\/www.evropskakuca.me\/me\/wp-json\/wp\/v2\/posts\/48837","targetHints":{"allow":["GET"]}}],"collection":[{"href":"https:\/\/www.evropskakuca.me\/me\/wp-json\/wp\/v2\/posts"}],"about":[{"href":"https:\/\/www.evropskakuca.me\/me\/wp-json\/wp\/v2\/types\/post"}],"author":[{"embeddable":true,"href":"https:\/\/www.evropskakuca.me\/me\/wp-json\/wp\/v2\/users\/3"}],"replies":[{"embeddable":true,"href":"https:\/\/www.evropskakuca.me\/me\/wp-json\/wp\/v2\/comments?post=48837"}],"version-history":[{"count":1,"href":"https:\/\/www.evropskakuca.me\/me\/wp-json\/wp\/v2\/posts\/48837\/revisions"}],"predecessor-version":[{"id":48848,"href":"https:\/\/www.evropskakuca.me\/me\/wp-json\/wp\/v2\/posts\/48837\/revisions\/48848"}],"wp:featuredmedia":[{"embeddable":true,"href":"https:\/\/www.evropskakuca.me\/me\/wp-json\/wp\/v2\/media\/48838"}],"wp:attachment":[{"href":"https:\/\/www.evropskakuca.me\/me\/wp-json\/wp\/v2\/media?parent=48837"}],"wp:term":[{"taxonomy":"category","embeddable":true,"href":"https:\/\/www.evropskakuca.me\/me\/wp-json\/wp\/v2\/categories?post=48837"},{"taxonomy":"post_tag","embeddable":true,"href":"https:\/\/www.evropskakuca.me\/me\/wp-json\/wp\/v2\/tags?post=48837"}],"curies":[{"name":"wp","href":"https:\/\/api.w.org\/{rel}","templated":true}]}}