{"id":4873,"date":"2018-02-15T13:29:40","date_gmt":"2018-02-15T13:29:40","guid":{"rendered":"http:\/\/www.evropskakuca.me\/me\/?p=4873"},"modified":"2018-02-15T13:29:40","modified_gmt":"2018-02-15T13:29:40","slug":"prioriteti-predsjedavanja-bugarske-savjetom-evropske-unije","status":"publish","type":"post","link":"https:\/\/www.evropskakuca.me\/me\/prioriteti-predsjedavanja-bugarske-savjetom-evropske-unije\/","title":{"rendered":"Prioriteti predsjedavanja Bugarske Savjetom Evropske unije"},"content":{"rendered":"<p>Podgorica, 15. februar 2018. \u2013 Prvog januara Bugarska je preuzela \u0161estomjese\u010dno rotiraju\u0107e predsjedavanje Savjetom Evropske unije. Ambasador Bugarske u Crnoj Gori Mladen \u010cervenjakov predstavio je, u EU info centru, prioritete bugarskog predsjedavanja .<\/p>\n<p><img fetchpriority=\"high\" decoding=\"async\" class=\" wp-image-4876 aligncenter\" src=\"http:\/\/www.evropskakuca.me\/wp-content\/uploads\/2018\/02\/IMG_0153-1024x682.jpg\" alt=\"\" width=\"662\" height=\"441\" \/><\/p>\n<p>Kroz moto \u201dZajedno smo ja\u010di\u201d Bugarska \u0107e tokom svog predsjedavanja Savjetom Evropske unije slijediti \u010detiri principa, od kojih je prvi evropska perspektiva Zapadnog Balkana i njegovo povezivanje. Kroz ostale principe, digitalna ekonomija, stabilnost i bezbjednost Evrope kao i budu\u0107nost mladih ljudi u Evropi, Bugarska \u0107e nastojati da u centar pa\u017enje postavi potrebe gra\u0111ana Evropke unije. Ambasador Bugarske u Crnoj Gori Mladen \u010cevernjakov je podsjetio je da je nedavno predstavljena Strategija Zapadnog Blakana pokazala lidersku poziciju Crne Gore u predpristupnim pregovorima.<\/p>\n<p><img decoding=\"async\" class=\" wp-image-4878 alignleft\" src=\"http:\/\/www.evropskakuca.me\/wp-content\/uploads\/2018\/02\/IMG_0095-1024x682.jpg\" alt=\"\" width=\"440\" height=\"293\" \/>\u201cZa nas je vrlo bitno da se sa\u010duva ovaj princip regate, da pristupanje dr\u017eava Evropskoj uniji ne bude u paketu, da se sa\u010duva kohezija ekonomske politike, kao i da se sa\u010duva postoje\u0107i pristup IPA fondovima kako bi\u00a0 balkanske dr\u017eave vidjele da sve ovo nije samo pri\u010da i da ima finansijska podr\u0161ka za te promjene koje se o\u010dekuju,\u201d rekao je \u010cevernjakov.<\/p>\n<p>Ambasador Bugarske u CG je, podsje\u0107aju\u0107i na dugogodi\u0161nje prijateljstvo dvije zemlje, istakao podr\u0161ku Crnoj Gori na putu ka EU ali i cijelom region.<\/p>\n<p>\u201cUklju\u010divanje Zapadnog Balkana u Evropsku uniju i njegovo povezivanje sa Unijom kroz izgradnju saobra\u0107ajne infrastrukture, obrazovanje i finansijsku podr\u0161ku bi\u0107e jedan od \u010detiri prioriteta bugarskog predsjedavanja Savjetom EU od januara 2018.\u201d rekao je \u010cevernjakov.<\/p>\n<p>On je podsjetio na izazove sa kojima se Evropska unija trenutno suo\u010dava kao i na mogu\u0107e promjene na koje odre\u0111ene dr\u017eave \u010dlanice insistiraju\u00a0 prije svega na rezultatima dr\u017eava kandidata za \u010dlanstvo u oblasti vladavine prava.<\/p>\n<p>\u201cUkoliko ne postoje jasna mjerila koji \u0107e pokazati kako se mjeri vladavina prava za nas ta obaveza vezivnja politike i vladavine prava nije rje\u0161enje problema,\u201d poru\u010dio je \u010cevernjakov.<\/p>\n<p>Bugarska je preuzela \u0161estomjese\u010dno predsjedavanje Savjetom Evropske unije 1. januara ove godine. U drugoj polovini 2018. ovu du\u017enost preuzima Austrija.<\/p>\n","protected":false},"excerpt":{"rendered":"<p>Zajedno smo ja\u010di<\/p>\n","protected":false},"author":1,"featured_media":33435,"comment_status":"open","ping_status":"open","sticky":false,"template":"","format":"standard","meta":{"_acf_changed":false,"footnotes":""},"categories":[283],"tags":[],"class_list":["post-4873","post","type-post","status-publish","format-standard","has-post-thumbnail","hentry","category-novosti-me"],"acf":[],"yoast_head":"<!-- This site is optimized with the Yoast SEO plugin v27.3 - https:\/\/yoast.com\/product\/yoast-seo-wordpress\/ -->\n<title>Prioriteti predsjedavanja Bugarske Savjetom Evropske unije - Europe House<\/title>\n<meta name=\"robots\" content=\"index, follow, max-snippet:-1, max-image-preview:large, max-video-preview:-1\" \/>\n<link rel=\"canonical\" href=\"https:\/\/www.evropskakuca.me\/me\/prioriteti-predsjedavanja-bugarske-savjetom-evropske-unije\/\" \/>\n<meta property=\"og:locale\" content=\"en_US\" \/>\n<meta property=\"og:type\" content=\"article\" \/>\n<meta property=\"og:title\" content=\"Prioriteti predsjedavanja Bugarske Savjetom Evropske unije - Europe House\" \/>\n<meta property=\"og:description\" content=\"Zajedno smo ja\u010di\" \/>\n<meta property=\"og:url\" content=\"https:\/\/www.evropskakuca.me\/me\/prioriteti-predsjedavanja-bugarske-savjetom-evropske-unije\/\" \/>\n<meta property=\"og:site_name\" content=\"Europe House\" \/>\n<meta property=\"article:publisher\" content=\"https:\/\/www.facebook.com\/evropska.kuca\" \/>\n<meta property=\"article:published_time\" content=\"2018-02-15T13:29:40+00:00\" \/>\n<meta property=\"og:image\" content=\"https:\/\/www.evropskakuca.me\/wp-content\/uploads\/2018\/02\/IMG_0014.jpg\" \/>\n\t<meta property=\"og:image:width\" content=\"2024\" \/>\n\t<meta property=\"og:image:height\" content=\"1349\" \/>\n\t<meta property=\"og:image:type\" content=\"image\/jpeg\" \/>\n<meta name=\"author\" content=\"mkajic\" \/>\n<meta name=\"twitter:card\" content=\"summary_large_image\" \/>\n<meta name=\"twitter:creator\" content=\"@evropska_kuca\" \/>\n<meta name=\"twitter:site\" content=\"@evropska_kuca\" \/>\n<meta name=\"twitter:label1\" content=\"Written by\" \/>\n\t<meta name=\"twitter:data1\" content=\"mkajic\" \/>\n\t<meta name=\"twitter:label2\" content=\"Est. reading time\" \/>\n\t<meta name=\"twitter:data2\" content=\"2 minutes\" \/>\n<script type=\"application\/ld+json\" class=\"yoast-schema-graph\">{\"@context\":\"https:\\\/\\\/schema.org\",\"@graph\":[{\"@type\":\"Article\",\"@id\":\"https:\\\/\\\/www.evropskakuca.me\\\/me\\\/prioriteti-predsjedavanja-bugarske-savjetom-evropske-unije\\\/#article\",\"isPartOf\":{\"@id\":\"https:\\\/\\\/www.evropskakuca.me\\\/me\\\/prioriteti-predsjedavanja-bugarske-savjetom-evropske-unije\\\/\"},\"author\":{\"name\":\"mkajic\",\"@id\":\"https:\\\/\\\/www.evropskakuca.me\\\/me\\\/#\\\/schema\\\/person\\\/a1d0dcdaefe4a1cd1d60d200ea137ba4\"},\"headline\":\"Prioriteti predsjedavanja Bugarske Savjetom Evropske unije\",\"datePublished\":\"2018-02-15T13:29:40+00:00\",\"mainEntityOfPage\":{\"@id\":\"https:\\\/\\\/www.evropskakuca.me\\\/me\\\/prioriteti-predsjedavanja-bugarske-savjetom-evropske-unije\\\/\"},\"wordCount\":344,\"commentCount\":0,\"publisher\":{\"@id\":\"https:\\\/\\\/www.evropskakuca.me\\\/me\\\/#organization\"},\"image\":{\"@id\":\"https:\\\/\\\/www.evropskakuca.me\\\/me\\\/prioriteti-predsjedavanja-bugarske-savjetom-evropske-unije\\\/#primaryimage\"},\"thumbnailUrl\":\"https:\\\/\\\/www.evropskakuca.me\\\/wp-content\\\/uploads\\\/2018\\\/02\\\/IMG_0014.jpg\",\"articleSection\":[\"Novosti\"],\"inLanguage\":\"me-ME\",\"potentialAction\":[{\"@type\":\"CommentAction\",\"name\":\"Comment\",\"target\":[\"https:\\\/\\\/www.evropskakuca.me\\\/me\\\/prioriteti-predsjedavanja-bugarske-savjetom-evropske-unije\\\/#respond\"]}]},{\"@type\":\"WebPage\",\"@id\":\"https:\\\/\\\/www.evropskakuca.me\\\/me\\\/prioriteti-predsjedavanja-bugarske-savjetom-evropske-unije\\\/\",\"url\":\"https:\\\/\\\/www.evropskakuca.me\\\/me\\\/prioriteti-predsjedavanja-bugarske-savjetom-evropske-unije\\\/\",\"name\":\"Prioriteti predsjedavanja Bugarske Savjetom Evropske unije - Europe House\",\"isPartOf\":{\"@id\":\"https:\\\/\\\/www.evropskakuca.me\\\/me\\\/#website\"},\"primaryImageOfPage\":{\"@id\":\"https:\\\/\\\/www.evropskakuca.me\\\/me\\\/prioriteti-predsjedavanja-bugarske-savjetom-evropske-unije\\\/#primaryimage\"},\"image\":{\"@id\":\"https:\\\/\\\/www.evropskakuca.me\\\/me\\\/prioriteti-predsjedavanja-bugarske-savjetom-evropske-unije\\\/#primaryimage\"},\"thumbnailUrl\":\"https:\\\/\\\/www.evropskakuca.me\\\/wp-content\\\/uploads\\\/2018\\\/02\\\/IMG_0014.jpg\",\"datePublished\":\"2018-02-15T13:29:40+00:00\",\"breadcrumb\":{\"@id\":\"https:\\\/\\\/www.evropskakuca.me\\\/me\\\/prioriteti-predsjedavanja-bugarske-savjetom-evropske-unije\\\/#breadcrumb\"},\"inLanguage\":\"me-ME\",\"potentialAction\":[{\"@type\":\"ReadAction\",\"target\":[\"https:\\\/\\\/www.evropskakuca.me\\\/me\\\/prioriteti-predsjedavanja-bugarske-savjetom-evropske-unije\\\/\"]}]},{\"@type\":\"ImageObject\",\"inLanguage\":\"me-ME\",\"@id\":\"https:\\\/\\\/www.evropskakuca.me\\\/me\\\/prioriteti-predsjedavanja-bugarske-savjetom-evropske-unije\\\/#primaryimage\",\"url\":\"https:\\\/\\\/www.evropskakuca.me\\\/wp-content\\\/uploads\\\/2018\\\/02\\\/IMG_0014.jpg\",\"contentUrl\":\"https:\\\/\\\/www.evropskakuca.me\\\/wp-content\\\/uploads\\\/2018\\\/02\\\/IMG_0014.jpg\",\"width\":2024,\"height\":1349},{\"@type\":\"BreadcrumbList\",\"@id\":\"https:\\\/\\\/www.evropskakuca.me\\\/me\\\/prioriteti-predsjedavanja-bugarske-savjetom-evropske-unije\\\/#breadcrumb\",\"itemListElement\":[{\"@type\":\"ListItem\",\"position\":1,\"name\":\"Home\",\"item\":\"https:\\\/\\\/www.evropskakuca.me\\\/me\\\/\"},{\"@type\":\"ListItem\",\"position\":2,\"name\":\"Prioriteti predsjedavanja Bugarske Savjetom Evropske unije\"}]},{\"@type\":\"WebSite\",\"@id\":\"https:\\\/\\\/www.evropskakuca.me\\\/me\\\/#website\",\"url\":\"https:\\\/\\\/www.evropskakuca.me\\\/me\\\/\",\"name\":\"Evropean house\",\"description\":\"\",\"publisher\":{\"@id\":\"https:\\\/\\\/www.evropskakuca.me\\\/me\\\/#organization\"},\"potentialAction\":[{\"@type\":\"SearchAction\",\"target\":{\"@type\":\"EntryPoint\",\"urlTemplate\":\"https:\\\/\\\/www.evropskakuca.me\\\/me\\\/?s={search_term_string}\"},\"query-input\":{\"@type\":\"PropertyValueSpecification\",\"valueRequired\":true,\"valueName\":\"search_term_string\"}}],\"inLanguage\":\"me-ME\"},{\"@type\":\"Organization\",\"@id\":\"https:\\\/\\\/www.evropskakuca.me\\\/me\\\/#organization\",\"name\":\"Evropean house\",\"url\":\"https:\\\/\\\/www.evropskakuca.me\\\/me\\\/\",\"logo\":{\"@type\":\"ImageObject\",\"inLanguage\":\"me-ME\",\"@id\":\"https:\\\/\\\/www.evropskakuca.me\\\/me\\\/#\\\/schema\\\/logo\\\/image\\\/\",\"url\":\"https:\\\/\\\/www.evropskakuca.me\\\/wp-content\\\/uploads\\\/2025\\\/01\\\/evropska-kuca-logo-1.png\",\"contentUrl\":\"https:\\\/\\\/www.evropskakuca.me\\\/wp-content\\\/uploads\\\/2025\\\/01\\\/evropska-kuca-logo-1.png\",\"width\":425,\"height\":312,\"caption\":\"Evropean house\"},\"image\":{\"@id\":\"https:\\\/\\\/www.evropskakuca.me\\\/me\\\/#\\\/schema\\\/logo\\\/image\\\/\"},\"sameAs\":[\"https:\\\/\\\/www.facebook.com\\\/evropska.kuca\",\"https:\\\/\\\/x.com\\\/evropska_kuca\",\"https:\\\/\\\/www.instagram.com\\\/evropska_kuca\"]},{\"@type\":\"Person\",\"@id\":\"https:\\\/\\\/www.evropskakuca.me\\\/me\\\/#\\\/schema\\\/person\\\/a1d0dcdaefe4a1cd1d60d200ea137ba4\",\"name\":\"mkajic\",\"image\":{\"@type\":\"ImageObject\",\"inLanguage\":\"me-ME\",\"@id\":\"https:\\\/\\\/secure.gravatar.com\\\/avatar\\\/731fa035cefab7316e6bafd1f25a93fb731a07de14e2d9923f8db4422628eabc?s=96&d=mm&r=g\",\"url\":\"https:\\\/\\\/secure.gravatar.com\\\/avatar\\\/731fa035cefab7316e6bafd1f25a93fb731a07de14e2d9923f8db4422628eabc?s=96&d=mm&r=g\",\"contentUrl\":\"https:\\\/\\\/secure.gravatar.com\\\/avatar\\\/731fa035cefab7316e6bafd1f25a93fb731a07de14e2d9923f8db4422628eabc?s=96&d=mm&r=g\",\"caption\":\"mkajic\"},\"sameAs\":[\"https:\\\/\\\/evropskakuca.me\"],\"url\":\"https:\\\/\\\/www.evropskakuca.me\\\/me\\\/author\\\/mkajic\\\/\"}]}<\/script>\n<!-- \/ Yoast SEO plugin. -->","yoast_head_json":{"title":"Prioriteti predsjedavanja Bugarske Savjetom Evropske unije - Europe House","robots":{"index":"index","follow":"follow","max-snippet":"max-snippet:-1","max-image-preview":"max-image-preview:large","max-video-preview":"max-video-preview:-1"},"canonical":"https:\/\/www.evropskakuca.me\/me\/prioriteti-predsjedavanja-bugarske-savjetom-evropske-unije\/","og_locale":"en_US","og_type":"article","og_title":"Prioriteti predsjedavanja Bugarske Savjetom Evropske unije - Europe House","og_description":"Zajedno smo ja\u010di","og_url":"https:\/\/www.evropskakuca.me\/me\/prioriteti-predsjedavanja-bugarske-savjetom-evropske-unije\/","og_site_name":"Europe House","article_publisher":"https:\/\/www.facebook.com\/evropska.kuca","article_published_time":"2018-02-15T13:29:40+00:00","og_image":[{"width":2024,"height":1349,"url":"https:\/\/www.evropskakuca.me\/wp-content\/uploads\/2018\/02\/IMG_0014.jpg","type":"image\/jpeg"}],"author":"mkajic","twitter_card":"summary_large_image","twitter_creator":"@evropska_kuca","twitter_site":"@evropska_kuca","twitter_misc":{"Written by":"mkajic","Est. reading time":"2 minutes"},"schema":{"@context":"https:\/\/schema.org","@graph":[{"@type":"Article","@id":"https:\/\/www.evropskakuca.me\/me\/prioriteti-predsjedavanja-bugarske-savjetom-evropske-unije\/#article","isPartOf":{"@id":"https:\/\/www.evropskakuca.me\/me\/prioriteti-predsjedavanja-bugarske-savjetom-evropske-unije\/"},"author":{"name":"mkajic","@id":"https:\/\/www.evropskakuca.me\/me\/#\/schema\/person\/a1d0dcdaefe4a1cd1d60d200ea137ba4"},"headline":"Prioriteti predsjedavanja Bugarske Savjetom Evropske unije","datePublished":"2018-02-15T13:29:40+00:00","mainEntityOfPage":{"@id":"https:\/\/www.evropskakuca.me\/me\/prioriteti-predsjedavanja-bugarske-savjetom-evropske-unije\/"},"wordCount":344,"commentCount":0,"publisher":{"@id":"https:\/\/www.evropskakuca.me\/me\/#organization"},"image":{"@id":"https:\/\/www.evropskakuca.me\/me\/prioriteti-predsjedavanja-bugarske-savjetom-evropske-unije\/#primaryimage"},"thumbnailUrl":"https:\/\/www.evropskakuca.me\/wp-content\/uploads\/2018\/02\/IMG_0014.jpg","articleSection":["Novosti"],"inLanguage":"me-ME","potentialAction":[{"@type":"CommentAction","name":"Comment","target":["https:\/\/www.evropskakuca.me\/me\/prioriteti-predsjedavanja-bugarske-savjetom-evropske-unije\/#respond"]}]},{"@type":"WebPage","@id":"https:\/\/www.evropskakuca.me\/me\/prioriteti-predsjedavanja-bugarske-savjetom-evropske-unije\/","url":"https:\/\/www.evropskakuca.me\/me\/prioriteti-predsjedavanja-bugarske-savjetom-evropske-unije\/","name":"Prioriteti predsjedavanja Bugarske Savjetom Evropske unije - Europe House","isPartOf":{"@id":"https:\/\/www.evropskakuca.me\/me\/#website"},"primaryImageOfPage":{"@id":"https:\/\/www.evropskakuca.me\/me\/prioriteti-predsjedavanja-bugarske-savjetom-evropske-unije\/#primaryimage"},"image":{"@id":"https:\/\/www.evropskakuca.me\/me\/prioriteti-predsjedavanja-bugarske-savjetom-evropske-unije\/#primaryimage"},"thumbnailUrl":"https:\/\/www.evropskakuca.me\/wp-content\/uploads\/2018\/02\/IMG_0014.jpg","datePublished":"2018-02-15T13:29:40+00:00","breadcrumb":{"@id":"https:\/\/www.evropskakuca.me\/me\/prioriteti-predsjedavanja-bugarske-savjetom-evropske-unije\/#breadcrumb"},"inLanguage":"me-ME","potentialAction":[{"@type":"ReadAction","target":["https:\/\/www.evropskakuca.me\/me\/prioriteti-predsjedavanja-bugarske-savjetom-evropske-unije\/"]}]},{"@type":"ImageObject","inLanguage":"me-ME","@id":"https:\/\/www.evropskakuca.me\/me\/prioriteti-predsjedavanja-bugarske-savjetom-evropske-unije\/#primaryimage","url":"https:\/\/www.evropskakuca.me\/wp-content\/uploads\/2018\/02\/IMG_0014.jpg","contentUrl":"https:\/\/www.evropskakuca.me\/wp-content\/uploads\/2018\/02\/IMG_0014.jpg","width":2024,"height":1349},{"@type":"BreadcrumbList","@id":"https:\/\/www.evropskakuca.me\/me\/prioriteti-predsjedavanja-bugarske-savjetom-evropske-unije\/#breadcrumb","itemListElement":[{"@type":"ListItem","position":1,"name":"Home","item":"https:\/\/www.evropskakuca.me\/me\/"},{"@type":"ListItem","position":2,"name":"Prioriteti predsjedavanja Bugarske Savjetom Evropske unije"}]},{"@type":"WebSite","@id":"https:\/\/www.evropskakuca.me\/me\/#website","url":"https:\/\/www.evropskakuca.me\/me\/","name":"Evropean house","description":"","publisher":{"@id":"https:\/\/www.evropskakuca.me\/me\/#organization"},"potentialAction":[{"@type":"SearchAction","target":{"@type":"EntryPoint","urlTemplate":"https:\/\/www.evropskakuca.me\/me\/?s={search_term_string}"},"query-input":{"@type":"PropertyValueSpecification","valueRequired":true,"valueName":"search_term_string"}}],"inLanguage":"me-ME"},{"@type":"Organization","@id":"https:\/\/www.evropskakuca.me\/me\/#organization","name":"Evropean house","url":"https:\/\/www.evropskakuca.me\/me\/","logo":{"@type":"ImageObject","inLanguage":"me-ME","@id":"https:\/\/www.evropskakuca.me\/me\/#\/schema\/logo\/image\/","url":"https:\/\/www.evropskakuca.me\/wp-content\/uploads\/2025\/01\/evropska-kuca-logo-1.png","contentUrl":"https:\/\/www.evropskakuca.me\/wp-content\/uploads\/2025\/01\/evropska-kuca-logo-1.png","width":425,"height":312,"caption":"Evropean house"},"image":{"@id":"https:\/\/www.evropskakuca.me\/me\/#\/schema\/logo\/image\/"},"sameAs":["https:\/\/www.facebook.com\/evropska.kuca","https:\/\/x.com\/evropska_kuca","https:\/\/www.instagram.com\/evropska_kuca"]},{"@type":"Person","@id":"https:\/\/www.evropskakuca.me\/me\/#\/schema\/person\/a1d0dcdaefe4a1cd1d60d200ea137ba4","name":"mkajic","image":{"@type":"ImageObject","inLanguage":"me-ME","@id":"https:\/\/secure.gravatar.com\/avatar\/731fa035cefab7316e6bafd1f25a93fb731a07de14e2d9923f8db4422628eabc?s=96&d=mm&r=g","url":"https:\/\/secure.gravatar.com\/avatar\/731fa035cefab7316e6bafd1f25a93fb731a07de14e2d9923f8db4422628eabc?s=96&d=mm&r=g","contentUrl":"https:\/\/secure.gravatar.com\/avatar\/731fa035cefab7316e6bafd1f25a93fb731a07de14e2d9923f8db4422628eabc?s=96&d=mm&r=g","caption":"mkajic"},"sameAs":["https:\/\/evropskakuca.me"],"url":"https:\/\/www.evropskakuca.me\/me\/author\/mkajic\/"}]}},"_links":{"self":[{"href":"https:\/\/www.evropskakuca.me\/me\/wp-json\/wp\/v2\/posts\/4873","targetHints":{"allow":["GET"]}}],"collection":[{"href":"https:\/\/www.evropskakuca.me\/me\/wp-json\/wp\/v2\/posts"}],"about":[{"href":"https:\/\/www.evropskakuca.me\/me\/wp-json\/wp\/v2\/types\/post"}],"author":[{"embeddable":true,"href":"https:\/\/www.evropskakuca.me\/me\/wp-json\/wp\/v2\/users\/1"}],"replies":[{"embeddable":true,"href":"https:\/\/www.evropskakuca.me\/me\/wp-json\/wp\/v2\/comments?post=4873"}],"version-history":[{"count":0,"href":"https:\/\/www.evropskakuca.me\/me\/wp-json\/wp\/v2\/posts\/4873\/revisions"}],"wp:featuredmedia":[{"embeddable":true,"href":"https:\/\/www.evropskakuca.me\/me\/wp-json\/wp\/v2\/media\/33435"}],"wp:attachment":[{"href":"https:\/\/www.evropskakuca.me\/me\/wp-json\/wp\/v2\/media?parent=4873"}],"wp:term":[{"taxonomy":"category","embeddable":true,"href":"https:\/\/www.evropskakuca.me\/me\/wp-json\/wp\/v2\/categories?post=4873"},{"taxonomy":"post_tag","embeddable":true,"href":"https:\/\/www.evropskakuca.me\/me\/wp-json\/wp\/v2\/tags?post=4873"}],"curies":[{"name":"wp","href":"https:\/\/api.w.org\/{rel}","templated":true}]}}