{"id":48703,"date":"2026-04-16T08:38:50","date_gmt":"2026-04-16T08:38:50","guid":{"rendered":"https:\/\/www.evropskakuca.me\/?p=48703"},"modified":"2026-04-16T08:38:52","modified_gmt":"2026-04-16T08:38:52","slug":"evropska-perspektiva-u-fokusu-susret-sa-ambasadorkom-slovenije-u-baru","status":"publish","type":"post","link":"https:\/\/www.evropskakuca.me\/me\/evropska-perspektiva-u-fokusu-susret-sa-ambasadorkom-slovenije-u-baru\/","title":{"rendered":"Evropska perspektiva u fokusu: susret sa ambasadorkom Slovenije u Baru"},"content":{"rendered":"\n<p>Tokom otvorenog i interaktivnog razgovora, u\u010desnici su imali priliku da sa ambasadorkom Slovenije Bernardom Gradi\u0161nik razgovaraju o klju\u010dnim temama vezanim za proces pristupanja Crne Gore Evropskoj uniji, uklju\u010duju\u0107i izazove i perspektive na tom putu. Poseban fokus bio je na prilikama koje se mladima iz Crne Gore pru\u017eaju u okviru evropskih programa, kao i na zna\u010daju aktivnog u\u010de\u0161\u0107a mladih u dru\u0161tvenim i integracionim procesima.<\/p>\n\n\n\n<figure class=\"wp-block-gallery has-nested-images columns-default is-cropped wp-block-gallery-1 is-layout-flex wp-block-gallery-is-layout-flex\">\n<figure class=\"wp-block-image size-large\"><img fetchpriority=\"high\" decoding=\"async\" width=\"1024\" height=\"682\" data-id=\"48706\" src=\"https:\/\/www.evropskakuca.me\/wp-content\/uploads\/2026\/04\/viber_image_2026-04-16_10-28-56-087-1024x682.jpg\" alt=\"\" class=\"wp-image-48706\" srcset=\"https:\/\/www.evropskakuca.me\/wp-content\/uploads\/2026\/04\/viber_image_2026-04-16_10-28-56-087-1024x682.jpg 1024w, https:\/\/www.evropskakuca.me\/wp-content\/uploads\/2026\/04\/viber_image_2026-04-16_10-28-56-087-300x200.jpg 300w, https:\/\/www.evropskakuca.me\/wp-content\/uploads\/2026\/04\/viber_image_2026-04-16_10-28-56-087-768x512.jpg 768w, https:\/\/www.evropskakuca.me\/wp-content\/uploads\/2026\/04\/viber_image_2026-04-16_10-28-56-087-1536x1023.jpg 1536w, https:\/\/www.evropskakuca.me\/wp-content\/uploads\/2026\/04\/viber_image_2026-04-16_10-28-56-087.jpg 1600w\" sizes=\"(max-width: 1024px) 100vw, 1024px\" \/><\/figure>\n\n\n\n<figure class=\"wp-block-image size-large\"><img decoding=\"async\" width=\"1024\" height=\"682\" data-id=\"48708\" src=\"https:\/\/www.evropskakuca.me\/wp-content\/uploads\/2026\/04\/viber_image_2026-04-16_10-28-56-330-1024x682.jpg\" alt=\"\" class=\"wp-image-48708\" srcset=\"https:\/\/www.evropskakuca.me\/wp-content\/uploads\/2026\/04\/viber_image_2026-04-16_10-28-56-330-1024x682.jpg 1024w, https:\/\/www.evropskakuca.me\/wp-content\/uploads\/2026\/04\/viber_image_2026-04-16_10-28-56-330-300x200.jpg 300w, https:\/\/www.evropskakuca.me\/wp-content\/uploads\/2026\/04\/viber_image_2026-04-16_10-28-56-330-768x512.jpg 768w, https:\/\/www.evropskakuca.me\/wp-content\/uploads\/2026\/04\/viber_image_2026-04-16_10-28-56-330-1536x1023.jpg 1536w, https:\/\/www.evropskakuca.me\/wp-content\/uploads\/2026\/04\/viber_image_2026-04-16_10-28-56-330.jpg 1600w\" sizes=\"(max-width: 1024px) 100vw, 1024px\" \/><\/figure>\n<\/figure>\n\n\n\n<p>\u201eMladi ljudi u Crnoj Gori imaju brojne prilike u Evropi i va\u017eno je da ih prepoznaju i aktivno koriste, jer upravo oni nose budu\u0107nost evropskih integracija.\u201c<\/p>\n\n\n\n<figure class=\"wp-block-image size-large\"><img decoding=\"async\" width=\"1024\" height=\"682\" src=\"https:\/\/www.evropskakuca.me\/wp-content\/uploads\/2026\/04\/viber_image_2026-04-16_10-28-55-181-1024x682.jpg\" alt=\"\" class=\"wp-image-48710\" srcset=\"https:\/\/www.evropskakuca.me\/wp-content\/uploads\/2026\/04\/viber_image_2026-04-16_10-28-55-181-1024x682.jpg 1024w, https:\/\/www.evropskakuca.me\/wp-content\/uploads\/2026\/04\/viber_image_2026-04-16_10-28-55-181-300x200.jpg 300w, https:\/\/www.evropskakuca.me\/wp-content\/uploads\/2026\/04\/viber_image_2026-04-16_10-28-55-181-768x512.jpg 768w, https:\/\/www.evropskakuca.me\/wp-content\/uploads\/2026\/04\/viber_image_2026-04-16_10-28-55-181-1536x1023.jpg 1536w, https:\/\/www.evropskakuca.me\/wp-content\/uploads\/2026\/04\/viber_image_2026-04-16_10-28-55-181.jpg 1600w\" sizes=\"(max-width: 1024px) 100vw, 1024px\" \/><\/figure>\n\n\n\n<p>Ambasadorka je istakla kontinuiranu podr\u0161ku Slovenije Crnoj Gori na njenom evropskom putu, nagla\u0161avaju\u0107i va\u017enost regionalne saradnje, razmjene iskustava i ja\u010danja institucionalnih kapaciteta.<\/p>\n","protected":false},"excerpt":{"rendered":"<p>Tokom otvorenog i interaktivnog razgovora, u\u010desnici su imali priliku da sa ambasadorkom Slovenije Bernardom Gradi\u0161nik razgovaraju o klju\u010dnim temama vezanim za proces pristupanja Crne Gore Evropskoj uniji, uklju\u010duju\u0107i izazove i perspektive na tom putu. Poseban fokus bio je na prilikama koje se mladima iz Crne Gore pru\u017eaju u okviru evropskih programa, kao i na zna\u010daju [&hellip;]<\/p>\n","protected":false},"author":3,"featured_media":48704,"comment_status":"closed","ping_status":"closed","sticky":false,"template":"","format":"standard","meta":{"_acf_changed":false,"footnotes":""},"categories":[1204,283,524],"tags":[],"class_list":["post-48703","post","type-post","status-publish","format-standard","has-post-thumbnail","hentry","category-bar","category-novosti-me","category-vesti"],"acf":[],"yoast_head":"<!-- This site is optimized with the Yoast SEO plugin v27.3 - https:\/\/yoast.com\/product\/yoast-seo-wordpress\/ -->\n<title>Evropska perspektiva u fokusu: susret sa ambasadorkom Slovenije u Baru - Europe House<\/title>\n<meta name=\"robots\" content=\"index, follow, max-snippet:-1, max-image-preview:large, max-video-preview:-1\" \/>\n<link rel=\"canonical\" href=\"https:\/\/www.evropskakuca.me\/me\/evropska-perspektiva-u-fokusu-susret-sa-ambasadorkom-slovenije-u-baru\/\" \/>\n<meta property=\"og:locale\" content=\"en_US\" \/>\n<meta property=\"og:type\" content=\"article\" \/>\n<meta property=\"og:title\" content=\"Evropska perspektiva u fokusu: susret sa ambasadorkom Slovenije u Baru - Europe House\" \/>\n<meta property=\"og:description\" content=\"Tokom otvorenog i interaktivnog razgovora, u\u010desnici su imali priliku da sa ambasadorkom Slovenije Bernardom Gradi\u0161nik razgovaraju o klju\u010dnim temama vezanim za proces pristupanja Crne Gore Evropskoj uniji, uklju\u010duju\u0107i izazove i perspektive na tom putu. Poseban fokus bio je na prilikama koje se mladima iz Crne Gore pru\u017eaju u okviru evropskih programa, kao i na zna\u010daju [&hellip;]\" \/>\n<meta property=\"og:url\" content=\"https:\/\/www.evropskakuca.me\/me\/evropska-perspektiva-u-fokusu-susret-sa-ambasadorkom-slovenije-u-baru\/\" \/>\n<meta property=\"og:site_name\" content=\"Europe House\" \/>\n<meta property=\"article:publisher\" content=\"https:\/\/www.facebook.com\/evropska.kuca\" \/>\n<meta property=\"article:published_time\" content=\"2026-04-16T08:38:50+00:00\" \/>\n<meta property=\"article:modified_time\" content=\"2026-04-16T08:38:52+00:00\" \/>\n<meta property=\"og:image\" content=\"https:\/\/www.evropskakuca.me\/wp-content\/uploads\/2026\/04\/viber_image_2026-04-16_10-28-56-807.jpg\" \/>\n\t<meta property=\"og:image:width\" content=\"1600\" \/>\n\t<meta property=\"og:image:height\" content=\"1066\" \/>\n\t<meta property=\"og:image:type\" content=\"image\/jpeg\" \/>\n<meta name=\"author\" content=\"Aleksandar Vukovic\" \/>\n<meta name=\"twitter:card\" content=\"summary_large_image\" \/>\n<meta name=\"twitter:creator\" content=\"@evropska_kuca\" \/>\n<meta name=\"twitter:site\" content=\"@evropska_kuca\" \/>\n<meta name=\"twitter:label1\" content=\"Written by\" \/>\n\t<meta name=\"twitter:data1\" content=\"Aleksandar Vukovic\" \/>\n\t<meta name=\"twitter:label2\" content=\"Est. reading time\" \/>\n\t<meta name=\"twitter:data2\" content=\"2 minutes\" \/>\n<script type=\"application\/ld+json\" class=\"yoast-schema-graph\">{\"@context\":\"https:\\\/\\\/schema.org\",\"@graph\":[{\"@type\":\"Article\",\"@id\":\"https:\\\/\\\/www.evropskakuca.me\\\/me\\\/evropska-perspektiva-u-fokusu-susret-sa-ambasadorkom-slovenije-u-baru\\\/#article\",\"isPartOf\":{\"@id\":\"https:\\\/\\\/www.evropskakuca.me\\\/me\\\/evropska-perspektiva-u-fokusu-susret-sa-ambasadorkom-slovenije-u-baru\\\/\"},\"author\":{\"name\":\"Aleksandar Vukovic\",\"@id\":\"https:\\\/\\\/www.evropskakuca.me\\\/me\\\/#\\\/schema\\\/person\\\/7e16527119c7b67f457996b970f2bd6e\"},\"headline\":\"Evropska perspektiva u fokusu: susret sa ambasadorkom Slovenije u Baru\",\"datePublished\":\"2026-04-16T08:38:50+00:00\",\"dateModified\":\"2026-04-16T08:38:52+00:00\",\"mainEntityOfPage\":{\"@id\":\"https:\\\/\\\/www.evropskakuca.me\\\/me\\\/evropska-perspektiva-u-fokusu-susret-sa-ambasadorkom-slovenije-u-baru\\\/\"},\"wordCount\":138,\"publisher\":{\"@id\":\"https:\\\/\\\/www.evropskakuca.me\\\/me\\\/#organization\"},\"image\":{\"@id\":\"https:\\\/\\\/www.evropskakuca.me\\\/me\\\/evropska-perspektiva-u-fokusu-susret-sa-ambasadorkom-slovenije-u-baru\\\/#primaryimage\"},\"thumbnailUrl\":\"https:\\\/\\\/www.evropskakuca.me\\\/wp-content\\\/uploads\\\/2026\\\/04\\\/viber_image_2026-04-16_10-28-56-807.jpg\",\"articleSection\":[\"Bar\",\"Novosti\",\"Vesti\"],\"inLanguage\":\"me-ME\"},{\"@type\":\"WebPage\",\"@id\":\"https:\\\/\\\/www.evropskakuca.me\\\/me\\\/evropska-perspektiva-u-fokusu-susret-sa-ambasadorkom-slovenije-u-baru\\\/\",\"url\":\"https:\\\/\\\/www.evropskakuca.me\\\/me\\\/evropska-perspektiva-u-fokusu-susret-sa-ambasadorkom-slovenije-u-baru\\\/\",\"name\":\"Evropska perspektiva u fokusu: susret sa ambasadorkom Slovenije u Baru - Europe House\",\"isPartOf\":{\"@id\":\"https:\\\/\\\/www.evropskakuca.me\\\/me\\\/#website\"},\"primaryImageOfPage\":{\"@id\":\"https:\\\/\\\/www.evropskakuca.me\\\/me\\\/evropska-perspektiva-u-fokusu-susret-sa-ambasadorkom-slovenije-u-baru\\\/#primaryimage\"},\"image\":{\"@id\":\"https:\\\/\\\/www.evropskakuca.me\\\/me\\\/evropska-perspektiva-u-fokusu-susret-sa-ambasadorkom-slovenije-u-baru\\\/#primaryimage\"},\"thumbnailUrl\":\"https:\\\/\\\/www.evropskakuca.me\\\/wp-content\\\/uploads\\\/2026\\\/04\\\/viber_image_2026-04-16_10-28-56-807.jpg\",\"datePublished\":\"2026-04-16T08:38:50+00:00\",\"dateModified\":\"2026-04-16T08:38:52+00:00\",\"breadcrumb\":{\"@id\":\"https:\\\/\\\/www.evropskakuca.me\\\/me\\\/evropska-perspektiva-u-fokusu-susret-sa-ambasadorkom-slovenije-u-baru\\\/#breadcrumb\"},\"inLanguage\":\"me-ME\",\"potentialAction\":[{\"@type\":\"ReadAction\",\"target\":[\"https:\\\/\\\/www.evropskakuca.me\\\/me\\\/evropska-perspektiva-u-fokusu-susret-sa-ambasadorkom-slovenije-u-baru\\\/\"]}]},{\"@type\":\"ImageObject\",\"inLanguage\":\"me-ME\",\"@id\":\"https:\\\/\\\/www.evropskakuca.me\\\/me\\\/evropska-perspektiva-u-fokusu-susret-sa-ambasadorkom-slovenije-u-baru\\\/#primaryimage\",\"url\":\"https:\\\/\\\/www.evropskakuca.me\\\/wp-content\\\/uploads\\\/2026\\\/04\\\/viber_image_2026-04-16_10-28-56-807.jpg\",\"contentUrl\":\"https:\\\/\\\/www.evropskakuca.me\\\/wp-content\\\/uploads\\\/2026\\\/04\\\/viber_image_2026-04-16_10-28-56-807.jpg\",\"width\":1600,\"height\":1066},{\"@type\":\"BreadcrumbList\",\"@id\":\"https:\\\/\\\/www.evropskakuca.me\\\/me\\\/evropska-perspektiva-u-fokusu-susret-sa-ambasadorkom-slovenije-u-baru\\\/#breadcrumb\",\"itemListElement\":[{\"@type\":\"ListItem\",\"position\":1,\"name\":\"Home\",\"item\":\"https:\\\/\\\/www.evropskakuca.me\\\/me\\\/\"},{\"@type\":\"ListItem\",\"position\":2,\"name\":\"Evropska perspektiva u fokusu: susret sa ambasadorkom Slovenije u Baru\"}]},{\"@type\":\"WebSite\",\"@id\":\"https:\\\/\\\/www.evropskakuca.me\\\/me\\\/#website\",\"url\":\"https:\\\/\\\/www.evropskakuca.me\\\/me\\\/\",\"name\":\"Evropean house\",\"description\":\"\",\"publisher\":{\"@id\":\"https:\\\/\\\/www.evropskakuca.me\\\/me\\\/#organization\"},\"potentialAction\":[{\"@type\":\"SearchAction\",\"target\":{\"@type\":\"EntryPoint\",\"urlTemplate\":\"https:\\\/\\\/www.evropskakuca.me\\\/me\\\/?s={search_term_string}\"},\"query-input\":{\"@type\":\"PropertyValueSpecification\",\"valueRequired\":true,\"valueName\":\"search_term_string\"}}],\"inLanguage\":\"me-ME\"},{\"@type\":\"Organization\",\"@id\":\"https:\\\/\\\/www.evropskakuca.me\\\/me\\\/#organization\",\"name\":\"Evropean house\",\"url\":\"https:\\\/\\\/www.evropskakuca.me\\\/me\\\/\",\"logo\":{\"@type\":\"ImageObject\",\"inLanguage\":\"me-ME\",\"@id\":\"https:\\\/\\\/www.evropskakuca.me\\\/me\\\/#\\\/schema\\\/logo\\\/image\\\/\",\"url\":\"https:\\\/\\\/www.evropskakuca.me\\\/wp-content\\\/uploads\\\/2025\\\/01\\\/evropska-kuca-logo-1.png\",\"contentUrl\":\"https:\\\/\\\/www.evropskakuca.me\\\/wp-content\\\/uploads\\\/2025\\\/01\\\/evropska-kuca-logo-1.png\",\"width\":425,\"height\":312,\"caption\":\"Evropean house\"},\"image\":{\"@id\":\"https:\\\/\\\/www.evropskakuca.me\\\/me\\\/#\\\/schema\\\/logo\\\/image\\\/\"},\"sameAs\":[\"https:\\\/\\\/www.facebook.com\\\/evropska.kuca\",\"https:\\\/\\\/x.com\\\/evropska_kuca\",\"https:\\\/\\\/www.instagram.com\\\/evropska_kuca\"]},{\"@type\":\"Person\",\"@id\":\"https:\\\/\\\/www.evropskakuca.me\\\/me\\\/#\\\/schema\\\/person\\\/7e16527119c7b67f457996b970f2bd6e\",\"name\":\"Aleksandar Vukovic\",\"image\":{\"@type\":\"ImageObject\",\"inLanguage\":\"me-ME\",\"@id\":\"https:\\\/\\\/secure.gravatar.com\\\/avatar\\\/a1834e0104b0242a886079bde835ba36d80c70f9987a11f3ba33eb9e8d74cc15?s=96&d=mm&r=g\",\"url\":\"https:\\\/\\\/secure.gravatar.com\\\/avatar\\\/a1834e0104b0242a886079bde835ba36d80c70f9987a11f3ba33eb9e8d74cc15?s=96&d=mm&r=g\",\"contentUrl\":\"https:\\\/\\\/secure.gravatar.com\\\/avatar\\\/a1834e0104b0242a886079bde835ba36d80c70f9987a11f3ba33eb9e8d74cc15?s=96&d=mm&r=g\",\"caption\":\"Aleksandar Vukovic\"},\"url\":\"https:\\\/\\\/www.evropskakuca.me\\\/me\\\/author\\\/aleksandar\\\/\"}]}<\/script>\n<!-- \/ Yoast SEO plugin. -->","yoast_head_json":{"title":"Evropska perspektiva u fokusu: susret sa ambasadorkom Slovenije u Baru - Europe House","robots":{"index":"index","follow":"follow","max-snippet":"max-snippet:-1","max-image-preview":"max-image-preview:large","max-video-preview":"max-video-preview:-1"},"canonical":"https:\/\/www.evropskakuca.me\/me\/evropska-perspektiva-u-fokusu-susret-sa-ambasadorkom-slovenije-u-baru\/","og_locale":"en_US","og_type":"article","og_title":"Evropska perspektiva u fokusu: susret sa ambasadorkom Slovenije u Baru - Europe House","og_description":"Tokom otvorenog i interaktivnog razgovora, u\u010desnici su imali priliku da sa ambasadorkom Slovenije Bernardom Gradi\u0161nik razgovaraju o klju\u010dnim temama vezanim za proces pristupanja Crne Gore Evropskoj uniji, uklju\u010duju\u0107i izazove i perspektive na tom putu. Poseban fokus bio je na prilikama koje se mladima iz Crne Gore pru\u017eaju u okviru evropskih programa, kao i na zna\u010daju [&hellip;]","og_url":"https:\/\/www.evropskakuca.me\/me\/evropska-perspektiva-u-fokusu-susret-sa-ambasadorkom-slovenije-u-baru\/","og_site_name":"Europe House","article_publisher":"https:\/\/www.facebook.com\/evropska.kuca","article_published_time":"2026-04-16T08:38:50+00:00","article_modified_time":"2026-04-16T08:38:52+00:00","og_image":[{"width":1600,"height":1066,"url":"https:\/\/www.evropskakuca.me\/wp-content\/uploads\/2026\/04\/viber_image_2026-04-16_10-28-56-807.jpg","type":"image\/jpeg"}],"author":"Aleksandar Vukovic","twitter_card":"summary_large_image","twitter_creator":"@evropska_kuca","twitter_site":"@evropska_kuca","twitter_misc":{"Written by":"Aleksandar Vukovic","Est. reading time":"2 minutes"},"schema":{"@context":"https:\/\/schema.org","@graph":[{"@type":"Article","@id":"https:\/\/www.evropskakuca.me\/me\/evropska-perspektiva-u-fokusu-susret-sa-ambasadorkom-slovenije-u-baru\/#article","isPartOf":{"@id":"https:\/\/www.evropskakuca.me\/me\/evropska-perspektiva-u-fokusu-susret-sa-ambasadorkom-slovenije-u-baru\/"},"author":{"name":"Aleksandar Vukovic","@id":"https:\/\/www.evropskakuca.me\/me\/#\/schema\/person\/7e16527119c7b67f457996b970f2bd6e"},"headline":"Evropska perspektiva u fokusu: susret sa ambasadorkom Slovenije u Baru","datePublished":"2026-04-16T08:38:50+00:00","dateModified":"2026-04-16T08:38:52+00:00","mainEntityOfPage":{"@id":"https:\/\/www.evropskakuca.me\/me\/evropska-perspektiva-u-fokusu-susret-sa-ambasadorkom-slovenije-u-baru\/"},"wordCount":138,"publisher":{"@id":"https:\/\/www.evropskakuca.me\/me\/#organization"},"image":{"@id":"https:\/\/www.evropskakuca.me\/me\/evropska-perspektiva-u-fokusu-susret-sa-ambasadorkom-slovenije-u-baru\/#primaryimage"},"thumbnailUrl":"https:\/\/www.evropskakuca.me\/wp-content\/uploads\/2026\/04\/viber_image_2026-04-16_10-28-56-807.jpg","articleSection":["Bar","Novosti","Vesti"],"inLanguage":"me-ME"},{"@type":"WebPage","@id":"https:\/\/www.evropskakuca.me\/me\/evropska-perspektiva-u-fokusu-susret-sa-ambasadorkom-slovenije-u-baru\/","url":"https:\/\/www.evropskakuca.me\/me\/evropska-perspektiva-u-fokusu-susret-sa-ambasadorkom-slovenije-u-baru\/","name":"Evropska perspektiva u fokusu: susret sa ambasadorkom Slovenije u Baru - Europe House","isPartOf":{"@id":"https:\/\/www.evropskakuca.me\/me\/#website"},"primaryImageOfPage":{"@id":"https:\/\/www.evropskakuca.me\/me\/evropska-perspektiva-u-fokusu-susret-sa-ambasadorkom-slovenije-u-baru\/#primaryimage"},"image":{"@id":"https:\/\/www.evropskakuca.me\/me\/evropska-perspektiva-u-fokusu-susret-sa-ambasadorkom-slovenije-u-baru\/#primaryimage"},"thumbnailUrl":"https:\/\/www.evropskakuca.me\/wp-content\/uploads\/2026\/04\/viber_image_2026-04-16_10-28-56-807.jpg","datePublished":"2026-04-16T08:38:50+00:00","dateModified":"2026-04-16T08:38:52+00:00","breadcrumb":{"@id":"https:\/\/www.evropskakuca.me\/me\/evropska-perspektiva-u-fokusu-susret-sa-ambasadorkom-slovenije-u-baru\/#breadcrumb"},"inLanguage":"me-ME","potentialAction":[{"@type":"ReadAction","target":["https:\/\/www.evropskakuca.me\/me\/evropska-perspektiva-u-fokusu-susret-sa-ambasadorkom-slovenije-u-baru\/"]}]},{"@type":"ImageObject","inLanguage":"me-ME","@id":"https:\/\/www.evropskakuca.me\/me\/evropska-perspektiva-u-fokusu-susret-sa-ambasadorkom-slovenije-u-baru\/#primaryimage","url":"https:\/\/www.evropskakuca.me\/wp-content\/uploads\/2026\/04\/viber_image_2026-04-16_10-28-56-807.jpg","contentUrl":"https:\/\/www.evropskakuca.me\/wp-content\/uploads\/2026\/04\/viber_image_2026-04-16_10-28-56-807.jpg","width":1600,"height":1066},{"@type":"BreadcrumbList","@id":"https:\/\/www.evropskakuca.me\/me\/evropska-perspektiva-u-fokusu-susret-sa-ambasadorkom-slovenije-u-baru\/#breadcrumb","itemListElement":[{"@type":"ListItem","position":1,"name":"Home","item":"https:\/\/www.evropskakuca.me\/me\/"},{"@type":"ListItem","position":2,"name":"Evropska perspektiva u fokusu: susret sa ambasadorkom Slovenije u Baru"}]},{"@type":"WebSite","@id":"https:\/\/www.evropskakuca.me\/me\/#website","url":"https:\/\/www.evropskakuca.me\/me\/","name":"Evropean house","description":"","publisher":{"@id":"https:\/\/www.evropskakuca.me\/me\/#organization"},"potentialAction":[{"@type":"SearchAction","target":{"@type":"EntryPoint","urlTemplate":"https:\/\/www.evropskakuca.me\/me\/?s={search_term_string}"},"query-input":{"@type":"PropertyValueSpecification","valueRequired":true,"valueName":"search_term_string"}}],"inLanguage":"me-ME"},{"@type":"Organization","@id":"https:\/\/www.evropskakuca.me\/me\/#organization","name":"Evropean house","url":"https:\/\/www.evropskakuca.me\/me\/","logo":{"@type":"ImageObject","inLanguage":"me-ME","@id":"https:\/\/www.evropskakuca.me\/me\/#\/schema\/logo\/image\/","url":"https:\/\/www.evropskakuca.me\/wp-content\/uploads\/2025\/01\/evropska-kuca-logo-1.png","contentUrl":"https:\/\/www.evropskakuca.me\/wp-content\/uploads\/2025\/01\/evropska-kuca-logo-1.png","width":425,"height":312,"caption":"Evropean house"},"image":{"@id":"https:\/\/www.evropskakuca.me\/me\/#\/schema\/logo\/image\/"},"sameAs":["https:\/\/www.facebook.com\/evropska.kuca","https:\/\/x.com\/evropska_kuca","https:\/\/www.instagram.com\/evropska_kuca"]},{"@type":"Person","@id":"https:\/\/www.evropskakuca.me\/me\/#\/schema\/person\/7e16527119c7b67f457996b970f2bd6e","name":"Aleksandar Vukovic","image":{"@type":"ImageObject","inLanguage":"me-ME","@id":"https:\/\/secure.gravatar.com\/avatar\/a1834e0104b0242a886079bde835ba36d80c70f9987a11f3ba33eb9e8d74cc15?s=96&d=mm&r=g","url":"https:\/\/secure.gravatar.com\/avatar\/a1834e0104b0242a886079bde835ba36d80c70f9987a11f3ba33eb9e8d74cc15?s=96&d=mm&r=g","contentUrl":"https:\/\/secure.gravatar.com\/avatar\/a1834e0104b0242a886079bde835ba36d80c70f9987a11f3ba33eb9e8d74cc15?s=96&d=mm&r=g","caption":"Aleksandar Vukovic"},"url":"https:\/\/www.evropskakuca.me\/me\/author\/aleksandar\/"}]}},"_links":{"self":[{"href":"https:\/\/www.evropskakuca.me\/me\/wp-json\/wp\/v2\/posts\/48703","targetHints":{"allow":["GET"]}}],"collection":[{"href":"https:\/\/www.evropskakuca.me\/me\/wp-json\/wp\/v2\/posts"}],"about":[{"href":"https:\/\/www.evropskakuca.me\/me\/wp-json\/wp\/v2\/types\/post"}],"author":[{"embeddable":true,"href":"https:\/\/www.evropskakuca.me\/me\/wp-json\/wp\/v2\/users\/3"}],"replies":[{"embeddable":true,"href":"https:\/\/www.evropskakuca.me\/me\/wp-json\/wp\/v2\/comments?post=48703"}],"version-history":[{"count":1,"href":"https:\/\/www.evropskakuca.me\/me\/wp-json\/wp\/v2\/posts\/48703\/revisions"}],"predecessor-version":[{"id":48712,"href":"https:\/\/www.evropskakuca.me\/me\/wp-json\/wp\/v2\/posts\/48703\/revisions\/48712"}],"wp:featuredmedia":[{"embeddable":true,"href":"https:\/\/www.evropskakuca.me\/me\/wp-json\/wp\/v2\/media\/48704"}],"wp:attachment":[{"href":"https:\/\/www.evropskakuca.me\/me\/wp-json\/wp\/v2\/media?parent=48703"}],"wp:term":[{"taxonomy":"category","embeddable":true,"href":"https:\/\/www.evropskakuca.me\/me\/wp-json\/wp\/v2\/categories?post=48703"},{"taxonomy":"post_tag","embeddable":true,"href":"https:\/\/www.evropskakuca.me\/me\/wp-json\/wp\/v2\/tags?post=48703"}],"curies":[{"name":"wp","href":"https:\/\/api.w.org\/{rel}","templated":true}]}}