{"id":4869,"date":"2018-02-14T15:01:33","date_gmt":"2018-02-14T15:01:33","guid":{"rendered":"http:\/\/www.evropskakuca.me\/me\/?p=4869"},"modified":"2018-02-14T15:01:33","modified_gmt":"2018-02-14T15:01:33","slug":"medijska-etika-preduslov-za-buducnost-novinarstva","status":"publish","type":"post","link":"https:\/\/www.evropskakuca.me\/me\/medijska-etika-preduslov-za-buducnost-novinarstva\/","title":{"rendered":"Medijska etika &#8211; preduslov za buduc\u0301nost novinarstva"},"content":{"rendered":"<p>Projekat \u201eRESPEKT\u2013 Za podizanje eti\u010dkih standarda u medijima i povjerenja gra\u0111ana u eti\u010dke medije\u201c zvani\u010dno je otpo\u010deo konferencijom za medije odr\u017eanoj u EU Info Centru u Podgorici. Predstavnici crnogorskog Instituta za medije, Mirovnog instituta iz Ljubljane i Mre\u017ee eti\u010dkog novinarstva, koji sprovode projekat, naglasili su zna\u010daj eti\u010dkih standarda u medijima i najavili svoje aktivnosti u okviru projekta.<\/p>\n<p>VD direktorica Inistuta za medije, Olivera Nikoli\u0107, je kazala da c\u0301e se projekat baviti medijskom etikom, jer je prepoznato da su danas izazovi u vezi sa eti\u010dkim izvje\u0161tavanjem ogromni, ne samo u Crnoj Gori, vec\u0301 i u Evropi i ostatku svijeta.<\/p>\n<p>\u201eEtika je u krizi i zbog toga je va\u017enija nego ikada. Bez po\u0161tovanja etike, mediji ostaju bez po\u0161tovanja i uticaja i prestaju biti va\u017ean u\u010desnik dru\u0161tvenih de\u0161avanja i promjena. Institut za medije se prihvatio ovog posla iz potrebe i \u017eelje da stanje u medijima u Crnoj Gori bude bolje,\u00a0 za sve oni koji rade i \u017eive od tog posla, te da gradjani budu zadovoljniji medijima. Nadamo se da \u0107e se u sve segmenete na\u0161eg projekta uklju\u010diti svi akteri. Institut i njegovi partneri su otvoreni za saradnju i dobroo\u0161le su ideje sugestije, konstruktivne kritike na na\u0161 rad,\u201c kazala je Nikoli\u0107<\/p>\n<p>Brankica Petkovi\u0107, direktorica Centra za medijsku politiku Mirovnog instituta iz Ljubljane istakla je da je podsticanje slobodnih i odgovornih medija zajedni\u010dki cilj svih i da je dobro povezati se i podsticati jedni druge.<\/p>\n<p>\u201eDonosimo regionalni, komparativni aspekt u raspravu o eti\u010dkim standardima u medijima u Crnoj Gori kao nastavak nedavnog vi\u0161egodi\u0161njeg rada na zajedni\u010dkom regionalnom projektu o integritetu medijskih sistema i novinarstvu kojeg motivi\u0161e i vodi javni interes, a ne partikularni interesi. Prenosimo i iskustvo iz Slovenije iz dugogodi\u0161njeg programa Mirovnog instituta koji je uklju\u010divao novinare, menad\u017eere, gradjane, studente, aktiviste civilnog dru\u0161tva i druge aktere u stalnu i nu\u017enu refleksiju rada medija i javne komunikacije kroz analize, javne tribine i publikacije,\u201c kazala je Petkovi\u0107<\/p>\n<p>Direktor\u00a0 Mre\u017ee eti\u010dkog novinarstva i dugogodi\u0161nji Gardijanov novinar, Ejdan Vajt, kazao je da su eti\u010dki standardi nu\u017ena osnova na kojoj treba izgraditi povjerenje i kredibilitet medija.<\/p>\n<p><img fetchpriority=\"high\" decoding=\"async\" class=\"alignleft size-large wp-image-4866\" src=\"http:\/\/www.evropskakuca.me\/wp-content\/uploads\/2018\/02\/180214_media_inst_ethics-16-1024x683.jpg\" alt=\"\" width=\"1024\" height=\"683\" \/><\/p>\n<p>\u201eEti\u010dki standardi su preduslov za budu\u0107nost novinarstva. Mediji ne\u0107e pre\u017eivjeti ako nijesu eti\u010dki i ne primjenjuju standarde. Ne mo\u017eemo od gradjana o\u010dekivati da podr\u017eavaju medije, ukoliko im ne vjeruju u informacije koje od njih dobijaju\u201c kazao je Vajt.<\/p>\n<p>On je odr\u017eao prezentaciju pod nazivom &#8220;Etika &#8211; preduslov za buduc\u0301nost medija&#8221; u kojoj je predstavio izazove sa kojima se novinarstvo danas suo\u010dava, posebno nagla\u0161avajuc\u0301i potrebu pronala\u017eenja alternativnih izvora finansiranja za kvalitetno novinarstvo.<\/p>\n<p>Institut za medije i njegovi partneri c\u0301e u saradnji sa timom stru\u010dnjaka sprovesti niz mini istra\u017eiva\u010dkih projekata i dobiti relevantne informacije iz ove oblasti, \u0161to c\u0301e im pomoc\u0301i da organizuju kampanju, proizvedu televizijske programe i drugi sadr\u017eaj, te kroz u\u010de\u0161\u0107e prepoznatljivih, novinarskih imena regiona, osna\u017ee uvjerenje da je eti\u010dko novinarstvo dobra investicija u budu\u0107nost. Projekat \u201eRESPEKT\u2013 Za podizanje eti\u010dkih standarda u medijima i povjerenja gra\u0111ana u eti\u010dke medije\u201c \u00a0finansira EU kroz Program za profesionalizaciju medija u Crnoj Gori.<\/p>\n","protected":false},"excerpt":{"rendered":"<p>Startovao projekat &#8220;RESPEKT\u2013 Za podizanje eti\u010dkih standarda u medijima i povjerenja gra\u0111ana u eti\u010dke medije&#8221;<\/p>\n","protected":false},"author":1,"featured_media":33415,"comment_status":"open","ping_status":"open","sticky":false,"template":"","format":"standard","meta":{"_acf_changed":false,"footnotes":""},"categories":[283],"tags":[],"class_list":["post-4869","post","type-post","status-publish","format-standard","has-post-thumbnail","hentry","category-novosti-me"],"acf":[],"yoast_head":"<!-- This site is optimized with the Yoast SEO plugin v27.3 - https:\/\/yoast.com\/product\/yoast-seo-wordpress\/ -->\n<title>Medijska etika - preduslov za buduc\u0301nost novinarstva - Europe House<\/title>\n<meta name=\"robots\" content=\"index, follow, max-snippet:-1, max-image-preview:large, max-video-preview:-1\" \/>\n<link rel=\"canonical\" href=\"https:\/\/www.evropskakuca.me\/me\/medijska-etika-preduslov-za-buducnost-novinarstva\/\" \/>\n<meta property=\"og:locale\" content=\"en_US\" \/>\n<meta property=\"og:type\" content=\"article\" \/>\n<meta property=\"og:title\" content=\"Medijska etika - preduslov za buduc\u0301nost novinarstva - Europe House\" \/>\n<meta property=\"og:description\" content=\"Startovao projekat &quot;RESPEKT\u2013 Za podizanje eti\u010dkih standarda u medijima i povjerenja gra\u0111ana u eti\u010dke medije&quot;\" \/>\n<meta property=\"og:url\" content=\"https:\/\/www.evropskakuca.me\/me\/medijska-etika-preduslov-za-buducnost-novinarstva\/\" \/>\n<meta property=\"og:site_name\" content=\"Europe House\" \/>\n<meta property=\"article:publisher\" content=\"https:\/\/www.facebook.com\/evropska.kuca\" \/>\n<meta property=\"article:published_time\" content=\"2018-02-14T15:01:33+00:00\" \/>\n<meta property=\"og:image\" content=\"https:\/\/www.evropskakuca.me\/wp-content\/uploads\/2018\/02\/180214_media_inst_ethics-9-1024x683.jpg\" \/>\n\t<meta property=\"og:image:width\" content=\"1024\" \/>\n\t<meta property=\"og:image:height\" content=\"683\" \/>\n\t<meta property=\"og:image:type\" content=\"image\/jpeg\" \/>\n<meta name=\"author\" content=\"mkajic\" \/>\n<meta name=\"twitter:card\" content=\"summary_large_image\" \/>\n<meta name=\"twitter:creator\" content=\"@evropska_kuca\" \/>\n<meta name=\"twitter:site\" content=\"@evropska_kuca\" \/>\n<meta name=\"twitter:label1\" content=\"Written by\" \/>\n\t<meta name=\"twitter:data1\" content=\"mkajic\" \/>\n\t<meta name=\"twitter:label2\" content=\"Est. reading time\" \/>\n\t<meta name=\"twitter:data2\" content=\"3 minutes\" \/>\n<script type=\"application\/ld+json\" class=\"yoast-schema-graph\">{\"@context\":\"https:\\\/\\\/schema.org\",\"@graph\":[{\"@type\":\"Article\",\"@id\":\"https:\\\/\\\/www.evropskakuca.me\\\/me\\\/medijska-etika-preduslov-za-buducnost-novinarstva\\\/#article\",\"isPartOf\":{\"@id\":\"https:\\\/\\\/www.evropskakuca.me\\\/me\\\/medijska-etika-preduslov-za-buducnost-novinarstva\\\/\"},\"author\":{\"name\":\"mkajic\",\"@id\":\"https:\\\/\\\/www.evropskakuca.me\\\/me\\\/#\\\/schema\\\/person\\\/a1d0dcdaefe4a1cd1d60d200ea137ba4\"},\"headline\":\"Medijska etika &#8211; preduslov za buduc\u0301nost novinarstva\",\"datePublished\":\"2018-02-14T15:01:33+00:00\",\"mainEntityOfPage\":{\"@id\":\"https:\\\/\\\/www.evropskakuca.me\\\/me\\\/medijska-etika-preduslov-za-buducnost-novinarstva\\\/\"},\"wordCount\":562,\"commentCount\":0,\"publisher\":{\"@id\":\"https:\\\/\\\/www.evropskakuca.me\\\/me\\\/#organization\"},\"image\":{\"@id\":\"https:\\\/\\\/www.evropskakuca.me\\\/me\\\/medijska-etika-preduslov-za-buducnost-novinarstva\\\/#primaryimage\"},\"thumbnailUrl\":\"https:\\\/\\\/www.evropskakuca.me\\\/wp-content\\\/uploads\\\/2018\\\/02\\\/180214_media_inst_ethics-9.jpg\",\"articleSection\":[\"Novosti\"],\"inLanguage\":\"me-ME\",\"potentialAction\":[{\"@type\":\"CommentAction\",\"name\":\"Comment\",\"target\":[\"https:\\\/\\\/www.evropskakuca.me\\\/me\\\/medijska-etika-preduslov-za-buducnost-novinarstva\\\/#respond\"]}]},{\"@type\":\"WebPage\",\"@id\":\"https:\\\/\\\/www.evropskakuca.me\\\/me\\\/medijska-etika-preduslov-za-buducnost-novinarstva\\\/\",\"url\":\"https:\\\/\\\/www.evropskakuca.me\\\/me\\\/medijska-etika-preduslov-za-buducnost-novinarstva\\\/\",\"name\":\"Medijska etika - preduslov za buduc\u0301nost novinarstva - Europe House\",\"isPartOf\":{\"@id\":\"https:\\\/\\\/www.evropskakuca.me\\\/me\\\/#website\"},\"primaryImageOfPage\":{\"@id\":\"https:\\\/\\\/www.evropskakuca.me\\\/me\\\/medijska-etika-preduslov-za-buducnost-novinarstva\\\/#primaryimage\"},\"image\":{\"@id\":\"https:\\\/\\\/www.evropskakuca.me\\\/me\\\/medijska-etika-preduslov-za-buducnost-novinarstva\\\/#primaryimage\"},\"thumbnailUrl\":\"https:\\\/\\\/www.evropskakuca.me\\\/wp-content\\\/uploads\\\/2018\\\/02\\\/180214_media_inst_ethics-9.jpg\",\"datePublished\":\"2018-02-14T15:01:33+00:00\",\"breadcrumb\":{\"@id\":\"https:\\\/\\\/www.evropskakuca.me\\\/me\\\/medijska-etika-preduslov-za-buducnost-novinarstva\\\/#breadcrumb\"},\"inLanguage\":\"me-ME\",\"potentialAction\":[{\"@type\":\"ReadAction\",\"target\":[\"https:\\\/\\\/www.evropskakuca.me\\\/me\\\/medijska-etika-preduslov-za-buducnost-novinarstva\\\/\"]}]},{\"@type\":\"ImageObject\",\"inLanguage\":\"me-ME\",\"@id\":\"https:\\\/\\\/www.evropskakuca.me\\\/me\\\/medijska-etika-preduslov-za-buducnost-novinarstva\\\/#primaryimage\",\"url\":\"https:\\\/\\\/www.evropskakuca.me\\\/wp-content\\\/uploads\\\/2018\\\/02\\\/180214_media_inst_ethics-9.jpg\",\"contentUrl\":\"https:\\\/\\\/www.evropskakuca.me\\\/wp-content\\\/uploads\\\/2018\\\/02\\\/180214_media_inst_ethics-9.jpg\",\"width\":2028,\"height\":1352},{\"@type\":\"BreadcrumbList\",\"@id\":\"https:\\\/\\\/www.evropskakuca.me\\\/me\\\/medijska-etika-preduslov-za-buducnost-novinarstva\\\/#breadcrumb\",\"itemListElement\":[{\"@type\":\"ListItem\",\"position\":1,\"name\":\"Home\",\"item\":\"https:\\\/\\\/www.evropskakuca.me\\\/me\\\/\"},{\"@type\":\"ListItem\",\"position\":2,\"name\":\"Medijska etika &#8211; preduslov za buduc\u0301nost novinarstva\"}]},{\"@type\":\"WebSite\",\"@id\":\"https:\\\/\\\/www.evropskakuca.me\\\/me\\\/#website\",\"url\":\"https:\\\/\\\/www.evropskakuca.me\\\/me\\\/\",\"name\":\"Evropean house\",\"description\":\"\",\"publisher\":{\"@id\":\"https:\\\/\\\/www.evropskakuca.me\\\/me\\\/#organization\"},\"potentialAction\":[{\"@type\":\"SearchAction\",\"target\":{\"@type\":\"EntryPoint\",\"urlTemplate\":\"https:\\\/\\\/www.evropskakuca.me\\\/me\\\/?s={search_term_string}\"},\"query-input\":{\"@type\":\"PropertyValueSpecification\",\"valueRequired\":true,\"valueName\":\"search_term_string\"}}],\"inLanguage\":\"me-ME\"},{\"@type\":\"Organization\",\"@id\":\"https:\\\/\\\/www.evropskakuca.me\\\/me\\\/#organization\",\"name\":\"Evropean house\",\"url\":\"https:\\\/\\\/www.evropskakuca.me\\\/me\\\/\",\"logo\":{\"@type\":\"ImageObject\",\"inLanguage\":\"me-ME\",\"@id\":\"https:\\\/\\\/www.evropskakuca.me\\\/me\\\/#\\\/schema\\\/logo\\\/image\\\/\",\"url\":\"https:\\\/\\\/www.evropskakuca.me\\\/wp-content\\\/uploads\\\/2025\\\/01\\\/evropska-kuca-logo-1.png\",\"contentUrl\":\"https:\\\/\\\/www.evropskakuca.me\\\/wp-content\\\/uploads\\\/2025\\\/01\\\/evropska-kuca-logo-1.png\",\"width\":425,\"height\":312,\"caption\":\"Evropean house\"},\"image\":{\"@id\":\"https:\\\/\\\/www.evropskakuca.me\\\/me\\\/#\\\/schema\\\/logo\\\/image\\\/\"},\"sameAs\":[\"https:\\\/\\\/www.facebook.com\\\/evropska.kuca\",\"https:\\\/\\\/x.com\\\/evropska_kuca\",\"https:\\\/\\\/www.instagram.com\\\/evropska_kuca\"]},{\"@type\":\"Person\",\"@id\":\"https:\\\/\\\/www.evropskakuca.me\\\/me\\\/#\\\/schema\\\/person\\\/a1d0dcdaefe4a1cd1d60d200ea137ba4\",\"name\":\"mkajic\",\"image\":{\"@type\":\"ImageObject\",\"inLanguage\":\"me-ME\",\"@id\":\"https:\\\/\\\/secure.gravatar.com\\\/avatar\\\/731fa035cefab7316e6bafd1f25a93fb731a07de14e2d9923f8db4422628eabc?s=96&d=mm&r=g\",\"url\":\"https:\\\/\\\/secure.gravatar.com\\\/avatar\\\/731fa035cefab7316e6bafd1f25a93fb731a07de14e2d9923f8db4422628eabc?s=96&d=mm&r=g\",\"contentUrl\":\"https:\\\/\\\/secure.gravatar.com\\\/avatar\\\/731fa035cefab7316e6bafd1f25a93fb731a07de14e2d9923f8db4422628eabc?s=96&d=mm&r=g\",\"caption\":\"mkajic\"},\"sameAs\":[\"https:\\\/\\\/evropskakuca.me\"],\"url\":\"https:\\\/\\\/www.evropskakuca.me\\\/me\\\/author\\\/mkajic\\\/\"}]}<\/script>\n<!-- \/ Yoast SEO plugin. -->","yoast_head_json":{"title":"Medijska etika - preduslov za buduc\u0301nost novinarstva - Europe House","robots":{"index":"index","follow":"follow","max-snippet":"max-snippet:-1","max-image-preview":"max-image-preview:large","max-video-preview":"max-video-preview:-1"},"canonical":"https:\/\/www.evropskakuca.me\/me\/medijska-etika-preduslov-za-buducnost-novinarstva\/","og_locale":"en_US","og_type":"article","og_title":"Medijska etika - preduslov za buduc\u0301nost novinarstva - Europe House","og_description":"Startovao projekat \"RESPEKT\u2013 Za podizanje eti\u010dkih standarda u medijima i povjerenja gra\u0111ana u eti\u010dke medije\"","og_url":"https:\/\/www.evropskakuca.me\/me\/medijska-etika-preduslov-za-buducnost-novinarstva\/","og_site_name":"Europe House","article_publisher":"https:\/\/www.facebook.com\/evropska.kuca","article_published_time":"2018-02-14T15:01:33+00:00","og_image":[{"width":1024,"height":683,"url":"https:\/\/www.evropskakuca.me\/wp-content\/uploads\/2018\/02\/180214_media_inst_ethics-9-1024x683.jpg","type":"image\/jpeg"}],"author":"mkajic","twitter_card":"summary_large_image","twitter_creator":"@evropska_kuca","twitter_site":"@evropska_kuca","twitter_misc":{"Written by":"mkajic","Est. reading time":"3 minutes"},"schema":{"@context":"https:\/\/schema.org","@graph":[{"@type":"Article","@id":"https:\/\/www.evropskakuca.me\/me\/medijska-etika-preduslov-za-buducnost-novinarstva\/#article","isPartOf":{"@id":"https:\/\/www.evropskakuca.me\/me\/medijska-etika-preduslov-za-buducnost-novinarstva\/"},"author":{"name":"mkajic","@id":"https:\/\/www.evropskakuca.me\/me\/#\/schema\/person\/a1d0dcdaefe4a1cd1d60d200ea137ba4"},"headline":"Medijska etika &#8211; preduslov za buduc\u0301nost novinarstva","datePublished":"2018-02-14T15:01:33+00:00","mainEntityOfPage":{"@id":"https:\/\/www.evropskakuca.me\/me\/medijska-etika-preduslov-za-buducnost-novinarstva\/"},"wordCount":562,"commentCount":0,"publisher":{"@id":"https:\/\/www.evropskakuca.me\/me\/#organization"},"image":{"@id":"https:\/\/www.evropskakuca.me\/me\/medijska-etika-preduslov-za-buducnost-novinarstva\/#primaryimage"},"thumbnailUrl":"https:\/\/www.evropskakuca.me\/wp-content\/uploads\/2018\/02\/180214_media_inst_ethics-9.jpg","articleSection":["Novosti"],"inLanguage":"me-ME","potentialAction":[{"@type":"CommentAction","name":"Comment","target":["https:\/\/www.evropskakuca.me\/me\/medijska-etika-preduslov-za-buducnost-novinarstva\/#respond"]}]},{"@type":"WebPage","@id":"https:\/\/www.evropskakuca.me\/me\/medijska-etika-preduslov-za-buducnost-novinarstva\/","url":"https:\/\/www.evropskakuca.me\/me\/medijska-etika-preduslov-za-buducnost-novinarstva\/","name":"Medijska etika - preduslov za buduc\u0301nost novinarstva - Europe House","isPartOf":{"@id":"https:\/\/www.evropskakuca.me\/me\/#website"},"primaryImageOfPage":{"@id":"https:\/\/www.evropskakuca.me\/me\/medijska-etika-preduslov-za-buducnost-novinarstva\/#primaryimage"},"image":{"@id":"https:\/\/www.evropskakuca.me\/me\/medijska-etika-preduslov-za-buducnost-novinarstva\/#primaryimage"},"thumbnailUrl":"https:\/\/www.evropskakuca.me\/wp-content\/uploads\/2018\/02\/180214_media_inst_ethics-9.jpg","datePublished":"2018-02-14T15:01:33+00:00","breadcrumb":{"@id":"https:\/\/www.evropskakuca.me\/me\/medijska-etika-preduslov-za-buducnost-novinarstva\/#breadcrumb"},"inLanguage":"me-ME","potentialAction":[{"@type":"ReadAction","target":["https:\/\/www.evropskakuca.me\/me\/medijska-etika-preduslov-za-buducnost-novinarstva\/"]}]},{"@type":"ImageObject","inLanguage":"me-ME","@id":"https:\/\/www.evropskakuca.me\/me\/medijska-etika-preduslov-za-buducnost-novinarstva\/#primaryimage","url":"https:\/\/www.evropskakuca.me\/wp-content\/uploads\/2018\/02\/180214_media_inst_ethics-9.jpg","contentUrl":"https:\/\/www.evropskakuca.me\/wp-content\/uploads\/2018\/02\/180214_media_inst_ethics-9.jpg","width":2028,"height":1352},{"@type":"BreadcrumbList","@id":"https:\/\/www.evropskakuca.me\/me\/medijska-etika-preduslov-za-buducnost-novinarstva\/#breadcrumb","itemListElement":[{"@type":"ListItem","position":1,"name":"Home","item":"https:\/\/www.evropskakuca.me\/me\/"},{"@type":"ListItem","position":2,"name":"Medijska etika &#8211; preduslov za buduc\u0301nost novinarstva"}]},{"@type":"WebSite","@id":"https:\/\/www.evropskakuca.me\/me\/#website","url":"https:\/\/www.evropskakuca.me\/me\/","name":"Evropean house","description":"","publisher":{"@id":"https:\/\/www.evropskakuca.me\/me\/#organization"},"potentialAction":[{"@type":"SearchAction","target":{"@type":"EntryPoint","urlTemplate":"https:\/\/www.evropskakuca.me\/me\/?s={search_term_string}"},"query-input":{"@type":"PropertyValueSpecification","valueRequired":true,"valueName":"search_term_string"}}],"inLanguage":"me-ME"},{"@type":"Organization","@id":"https:\/\/www.evropskakuca.me\/me\/#organization","name":"Evropean house","url":"https:\/\/www.evropskakuca.me\/me\/","logo":{"@type":"ImageObject","inLanguage":"me-ME","@id":"https:\/\/www.evropskakuca.me\/me\/#\/schema\/logo\/image\/","url":"https:\/\/www.evropskakuca.me\/wp-content\/uploads\/2025\/01\/evropska-kuca-logo-1.png","contentUrl":"https:\/\/www.evropskakuca.me\/wp-content\/uploads\/2025\/01\/evropska-kuca-logo-1.png","width":425,"height":312,"caption":"Evropean house"},"image":{"@id":"https:\/\/www.evropskakuca.me\/me\/#\/schema\/logo\/image\/"},"sameAs":["https:\/\/www.facebook.com\/evropska.kuca","https:\/\/x.com\/evropska_kuca","https:\/\/www.instagram.com\/evropska_kuca"]},{"@type":"Person","@id":"https:\/\/www.evropskakuca.me\/me\/#\/schema\/person\/a1d0dcdaefe4a1cd1d60d200ea137ba4","name":"mkajic","image":{"@type":"ImageObject","inLanguage":"me-ME","@id":"https:\/\/secure.gravatar.com\/avatar\/731fa035cefab7316e6bafd1f25a93fb731a07de14e2d9923f8db4422628eabc?s=96&d=mm&r=g","url":"https:\/\/secure.gravatar.com\/avatar\/731fa035cefab7316e6bafd1f25a93fb731a07de14e2d9923f8db4422628eabc?s=96&d=mm&r=g","contentUrl":"https:\/\/secure.gravatar.com\/avatar\/731fa035cefab7316e6bafd1f25a93fb731a07de14e2d9923f8db4422628eabc?s=96&d=mm&r=g","caption":"mkajic"},"sameAs":["https:\/\/evropskakuca.me"],"url":"https:\/\/www.evropskakuca.me\/me\/author\/mkajic\/"}]}},"_links":{"self":[{"href":"https:\/\/www.evropskakuca.me\/me\/wp-json\/wp\/v2\/posts\/4869","targetHints":{"allow":["GET"]}}],"collection":[{"href":"https:\/\/www.evropskakuca.me\/me\/wp-json\/wp\/v2\/posts"}],"about":[{"href":"https:\/\/www.evropskakuca.me\/me\/wp-json\/wp\/v2\/types\/post"}],"author":[{"embeddable":true,"href":"https:\/\/www.evropskakuca.me\/me\/wp-json\/wp\/v2\/users\/1"}],"replies":[{"embeddable":true,"href":"https:\/\/www.evropskakuca.me\/me\/wp-json\/wp\/v2\/comments?post=4869"}],"version-history":[{"count":0,"href":"https:\/\/www.evropskakuca.me\/me\/wp-json\/wp\/v2\/posts\/4869\/revisions"}],"wp:featuredmedia":[{"embeddable":true,"href":"https:\/\/www.evropskakuca.me\/me\/wp-json\/wp\/v2\/media\/33415"}],"wp:attachment":[{"href":"https:\/\/www.evropskakuca.me\/me\/wp-json\/wp\/v2\/media?parent=4869"}],"wp:term":[{"taxonomy":"category","embeddable":true,"href":"https:\/\/www.evropskakuca.me\/me\/wp-json\/wp\/v2\/categories?post=4869"},{"taxonomy":"post_tag","embeddable":true,"href":"https:\/\/www.evropskakuca.me\/me\/wp-json\/wp\/v2\/tags?post=4869"}],"curies":[{"name":"wp","href":"https:\/\/api.w.org\/{rel}","templated":true}]}}