{"id":48344,"date":"2026-03-26T09:27:30","date_gmt":"2026-03-26T09:27:30","guid":{"rendered":"https:\/\/www.evropskakuca.me\/?p=48344"},"modified":"2026-03-26T09:29:14","modified_gmt":"2026-03-26T09:29:14","slug":"produzen-rok-za-nvo-ukljucujuci-poslovna-udruzenja-izrada-strateskog-planskog-dokumenta-i-programiranje-poglavlja-kohezione-politike-u-okviru-nacionalnog-i-regionalnog-partnerskog-plana","status":"publish","type":"post","link":"https:\/\/www.evropskakuca.me\/me\/produzen-rok-za-nvo-ukljucujuci-poslovna-udruzenja-izrada-strateskog-planskog-dokumenta-i-programiranje-poglavlja-kohezione-politike-u-okviru-nacionalnog-i-regionalnog-partnerskog-plana\/","title":{"rendered":"Produ\u017een rok za NVO, uklju\u010duju\u0107i poslovna udru\u017eenja \u2013 izrada Strate\u0161kog planskog dokumenta i programiranje poglavlja kohezione politike u okviru Nacionalnog i regionalnog partnerskog plana"},"content":{"rendered":"\n<p>Ministarstvo evropskih poslova obavje\u0161tava zainteresovanu javnost da se rok za prijavu na Javni poziv za predlaganje predstavnika\/ca nevladinih organizacija, uklju\u010duju\u0107i poslovna udru\u017eenja, za u\u010destvovanje u radu radnih grupa za izradu Strate\u0161kog planskog dokumenta i programiranje poglavlja kohezione politike u okviru Nacionalnog i regionalnog partnerskog plana (<a href=\"https:\/\/www.gov.me\/clanak\/javni-poziv-za-predlaganje-predstavnika-ce-nevladinih-organizacija-ukljucujuci-poslovna-udruzenja\">https:\/\/www.gov.me\/clanak\/javni-poziv-za-predlaganje-predstavnika-ce-nevladinih-organizacija-ukljucujuci-poslovna-udruzenja<\/a>)&nbsp;<strong>produ\u017eava do 6. aprila u 15 \u010dasova.<\/strong><\/p>\n\n\n\n<p>Kontakt osoba u Ministarstvu evropskih poslova:&nbsp;<a href=\"mailto:anita.berisa@mep.gov.me\">anita.berisa@mep.gov.me<\/a>.<\/p>\n","protected":false},"excerpt":{"rendered":"<p>Ministarstvo evropskih poslova obavje\u0161tava zainteresovanu javnost da se rok za prijavu na Javni poziv za predlaganje predstavnika\/ca nevladinih organizacija, uklju\u010duju\u0107i poslovna udru\u017eenja, za u\u010destvovanje u radu radnih grupa za izradu Strate\u0161kog planskog dokumenta i programiranje poglavlja kohezione politike u okviru Nacionalnog i regionalnog partnerskog plana (https:\/\/www.gov.me\/clanak\/javni-poziv-za-predlaganje-predstavnika-ce-nevladinih-organizacija-ukljucujuci-poslovna-udruzenja)&nbsp;produ\u017eava do 6. aprila u 15 \u010dasova. Kontakt osoba u [&hellip;]<\/p>\n","protected":false},"author":3,"featured_media":47755,"comment_status":"closed","ping_status":"closed","sticky":false,"template":"","format":"standard","meta":{"_acf_changed":false,"footnotes":""},"categories":[1204,1193,283,524],"tags":[],"class_list":["post-48344","post","type-post","status-publish","format-standard","has-post-thumbnail","hentry","category-bar","category-bijelo-polje","category-novosti-me","category-vesti"],"acf":[],"yoast_head":"<!-- This site is optimized with the Yoast SEO plugin v27.3 - https:\/\/yoast.com\/product\/yoast-seo-wordpress\/ -->\n<title>Produ\u017een rok za NVO, uklju\u010duju\u0107i poslovna udru\u017eenja \u2013 izrada Strate\u0161kog planskog dokumenta i programiranje poglavlja kohezione politike u okviru Nacionalnog i regionalnog partnerskog plana - Europe House<\/title>\n<meta name=\"robots\" content=\"index, follow, max-snippet:-1, max-image-preview:large, max-video-preview:-1\" \/>\n<link rel=\"canonical\" href=\"https:\/\/www.evropskakuca.me\/me\/produzen-rok-za-nvo-ukljucujuci-poslovna-udruzenja-izrada-strateskog-planskog-dokumenta-i-programiranje-poglavlja-kohezione-politike-u-okviru-nacionalnog-i-regionalnog-partnerskog-plana\/\" \/>\n<meta property=\"og:locale\" content=\"en_US\" \/>\n<meta property=\"og:type\" content=\"article\" \/>\n<meta property=\"og:title\" content=\"Produ\u017een rok za NVO, uklju\u010duju\u0107i poslovna udru\u017eenja \u2013 izrada Strate\u0161kog planskog dokumenta i programiranje poglavlja kohezione politike u okviru Nacionalnog i regionalnog partnerskog plana - Europe House\" \/>\n<meta property=\"og:description\" content=\"Ministarstvo evropskih poslova obavje\u0161tava zainteresovanu javnost da se rok za prijavu na Javni poziv za predlaganje predstavnika\/ca nevladinih organizacija, uklju\u010duju\u0107i poslovna udru\u017eenja, za u\u010destvovanje u radu radnih grupa za izradu Strate\u0161kog planskog dokumenta i programiranje poglavlja kohezione politike u okviru Nacionalnog i regionalnog partnerskog plana (https:\/\/www.gov.me\/clanak\/javni-poziv-za-predlaganje-predstavnika-ce-nevladinih-organizacija-ukljucujuci-poslovna-udruzenja)&nbsp;produ\u017eava do 6. aprila u 15 \u010dasova. Kontakt osoba u [&hellip;]\" \/>\n<meta property=\"og:url\" content=\"https:\/\/www.evropskakuca.me\/me\/produzen-rok-za-nvo-ukljucujuci-poslovna-udruzenja-izrada-strateskog-planskog-dokumenta-i-programiranje-poglavlja-kohezione-politike-u-okviru-nacionalnog-i-regionalnog-partnerskog-plana\/\" \/>\n<meta property=\"og:site_name\" content=\"Europe House\" \/>\n<meta property=\"article:publisher\" content=\"https:\/\/www.facebook.com\/evropska.kuca\" \/>\n<meta property=\"article:published_time\" content=\"2026-03-26T09:27:30+00:00\" \/>\n<meta property=\"article:modified_time\" content=\"2026-03-26T09:29:14+00:00\" \/>\n<meta property=\"og:image\" content=\"https:\/\/www.evropskakuca.me\/wp-content\/uploads\/2026\/02\/FRO_5224-scaled.jpg\" \/>\n\t<meta property=\"og:image:width\" content=\"2560\" \/>\n\t<meta property=\"og:image:height\" content=\"1707\" \/>\n\t<meta property=\"og:image:type\" content=\"image\/jpeg\" \/>\n<meta name=\"author\" content=\"Aleksandar Vukovic\" \/>\n<meta name=\"twitter:card\" content=\"summary_large_image\" \/>\n<meta name=\"twitter:creator\" content=\"@evropska_kuca\" \/>\n<meta name=\"twitter:site\" content=\"@evropska_kuca\" \/>\n<meta name=\"twitter:label1\" content=\"Written by\" \/>\n\t<meta name=\"twitter:data1\" content=\"Aleksandar Vukovic\" \/>\n\t<meta name=\"twitter:label2\" content=\"Est. reading time\" \/>\n\t<meta name=\"twitter:data2\" content=\"1 minute\" \/>\n<script type=\"application\/ld+json\" class=\"yoast-schema-graph\">{\"@context\":\"https:\\\/\\\/schema.org\",\"@graph\":[{\"@type\":\"Article\",\"@id\":\"https:\\\/\\\/www.evropskakuca.me\\\/me\\\/produzen-rok-za-nvo-ukljucujuci-poslovna-udruzenja-izrada-strateskog-planskog-dokumenta-i-programiranje-poglavlja-kohezione-politike-u-okviru-nacionalnog-i-regionalnog-partnerskog-plana\\\/#article\",\"isPartOf\":{\"@id\":\"https:\\\/\\\/www.evropskakuca.me\\\/me\\\/produzen-rok-za-nvo-ukljucujuci-poslovna-udruzenja-izrada-strateskog-planskog-dokumenta-i-programiranje-poglavlja-kohezione-politike-u-okviru-nacionalnog-i-regionalnog-partnerskog-plana\\\/\"},\"author\":{\"name\":\"Aleksandar Vukovic\",\"@id\":\"https:\\\/\\\/www.evropskakuca.me\\\/me\\\/#\\\/schema\\\/person\\\/7e16527119c7b67f457996b970f2bd6e\"},\"headline\":\"Produ\u017een rok za NVO, uklju\u010duju\u0107i poslovna udru\u017eenja \u2013 izrada Strate\u0161kog planskog dokumenta i programiranje poglavlja kohezione politike u okviru Nacionalnog i regionalnog partnerskog plana\",\"datePublished\":\"2026-03-26T09:27:30+00:00\",\"dateModified\":\"2026-03-26T09:29:14+00:00\",\"mainEntityOfPage\":{\"@id\":\"https:\\\/\\\/www.evropskakuca.me\\\/me\\\/produzen-rok-za-nvo-ukljucujuci-poslovna-udruzenja-izrada-strateskog-planskog-dokumenta-i-programiranje-poglavlja-kohezione-politike-u-okviru-nacionalnog-i-regionalnog-partnerskog-plana\\\/\"},\"wordCount\":105,\"publisher\":{\"@id\":\"https:\\\/\\\/www.evropskakuca.me\\\/me\\\/#organization\"},\"image\":{\"@id\":\"https:\\\/\\\/www.evropskakuca.me\\\/me\\\/produzen-rok-za-nvo-ukljucujuci-poslovna-udruzenja-izrada-strateskog-planskog-dokumenta-i-programiranje-poglavlja-kohezione-politike-u-okviru-nacionalnog-i-regionalnog-partnerskog-plana\\\/#primaryimage\"},\"thumbnailUrl\":\"https:\\\/\\\/www.evropskakuca.me\\\/wp-content\\\/uploads\\\/2026\\\/02\\\/FRO_5224-scaled.jpg\",\"articleSection\":[\"Bar\",\"Bijelo Polje\",\"Novosti\",\"Vesti\"],\"inLanguage\":\"me-ME\"},{\"@type\":\"WebPage\",\"@id\":\"https:\\\/\\\/www.evropskakuca.me\\\/me\\\/produzen-rok-za-nvo-ukljucujuci-poslovna-udruzenja-izrada-strateskog-planskog-dokumenta-i-programiranje-poglavlja-kohezione-politike-u-okviru-nacionalnog-i-regionalnog-partnerskog-plana\\\/\",\"url\":\"https:\\\/\\\/www.evropskakuca.me\\\/me\\\/produzen-rok-za-nvo-ukljucujuci-poslovna-udruzenja-izrada-strateskog-planskog-dokumenta-i-programiranje-poglavlja-kohezione-politike-u-okviru-nacionalnog-i-regionalnog-partnerskog-plana\\\/\",\"name\":\"Produ\u017een rok za NVO, uklju\u010duju\u0107i poslovna udru\u017eenja \u2013 izrada Strate\u0161kog planskog dokumenta i programiranje poglavlja kohezione politike u okviru Nacionalnog i regionalnog partnerskog plana - Europe House\",\"isPartOf\":{\"@id\":\"https:\\\/\\\/www.evropskakuca.me\\\/me\\\/#website\"},\"primaryImageOfPage\":{\"@id\":\"https:\\\/\\\/www.evropskakuca.me\\\/me\\\/produzen-rok-za-nvo-ukljucujuci-poslovna-udruzenja-izrada-strateskog-planskog-dokumenta-i-programiranje-poglavlja-kohezione-politike-u-okviru-nacionalnog-i-regionalnog-partnerskog-plana\\\/#primaryimage\"},\"image\":{\"@id\":\"https:\\\/\\\/www.evropskakuca.me\\\/me\\\/produzen-rok-za-nvo-ukljucujuci-poslovna-udruzenja-izrada-strateskog-planskog-dokumenta-i-programiranje-poglavlja-kohezione-politike-u-okviru-nacionalnog-i-regionalnog-partnerskog-plana\\\/#primaryimage\"},\"thumbnailUrl\":\"https:\\\/\\\/www.evropskakuca.me\\\/wp-content\\\/uploads\\\/2026\\\/02\\\/FRO_5224-scaled.jpg\",\"datePublished\":\"2026-03-26T09:27:30+00:00\",\"dateModified\":\"2026-03-26T09:29:14+00:00\",\"breadcrumb\":{\"@id\":\"https:\\\/\\\/www.evropskakuca.me\\\/me\\\/produzen-rok-za-nvo-ukljucujuci-poslovna-udruzenja-izrada-strateskog-planskog-dokumenta-i-programiranje-poglavlja-kohezione-politike-u-okviru-nacionalnog-i-regionalnog-partnerskog-plana\\\/#breadcrumb\"},\"inLanguage\":\"me-ME\",\"potentialAction\":[{\"@type\":\"ReadAction\",\"target\":[\"https:\\\/\\\/www.evropskakuca.me\\\/me\\\/produzen-rok-za-nvo-ukljucujuci-poslovna-udruzenja-izrada-strateskog-planskog-dokumenta-i-programiranje-poglavlja-kohezione-politike-u-okviru-nacionalnog-i-regionalnog-partnerskog-plana\\\/\"]}]},{\"@type\":\"ImageObject\",\"inLanguage\":\"me-ME\",\"@id\":\"https:\\\/\\\/www.evropskakuca.me\\\/me\\\/produzen-rok-za-nvo-ukljucujuci-poslovna-udruzenja-izrada-strateskog-planskog-dokumenta-i-programiranje-poglavlja-kohezione-politike-u-okviru-nacionalnog-i-regionalnog-partnerskog-plana\\\/#primaryimage\",\"url\":\"https:\\\/\\\/www.evropskakuca.me\\\/wp-content\\\/uploads\\\/2026\\\/02\\\/FRO_5224-scaled.jpg\",\"contentUrl\":\"https:\\\/\\\/www.evropskakuca.me\\\/wp-content\\\/uploads\\\/2026\\\/02\\\/FRO_5224-scaled.jpg\",\"width\":2560,\"height\":1707},{\"@type\":\"BreadcrumbList\",\"@id\":\"https:\\\/\\\/www.evropskakuca.me\\\/me\\\/produzen-rok-za-nvo-ukljucujuci-poslovna-udruzenja-izrada-strateskog-planskog-dokumenta-i-programiranje-poglavlja-kohezione-politike-u-okviru-nacionalnog-i-regionalnog-partnerskog-plana\\\/#breadcrumb\",\"itemListElement\":[{\"@type\":\"ListItem\",\"position\":1,\"name\":\"Home\",\"item\":\"https:\\\/\\\/www.evropskakuca.me\\\/me\\\/\"},{\"@type\":\"ListItem\",\"position\":2,\"name\":\"Produ\u017een rok za NVO, uklju\u010duju\u0107i poslovna udru\u017eenja \u2013 izrada Strate\u0161kog planskog dokumenta i programiranje poglavlja kohezione politike u okviru Nacionalnog i regionalnog partnerskog plana\"}]},{\"@type\":\"WebSite\",\"@id\":\"https:\\\/\\\/www.evropskakuca.me\\\/me\\\/#website\",\"url\":\"https:\\\/\\\/www.evropskakuca.me\\\/me\\\/\",\"name\":\"Evropean house\",\"description\":\"\",\"publisher\":{\"@id\":\"https:\\\/\\\/www.evropskakuca.me\\\/me\\\/#organization\"},\"potentialAction\":[{\"@type\":\"SearchAction\",\"target\":{\"@type\":\"EntryPoint\",\"urlTemplate\":\"https:\\\/\\\/www.evropskakuca.me\\\/me\\\/?s={search_term_string}\"},\"query-input\":{\"@type\":\"PropertyValueSpecification\",\"valueRequired\":true,\"valueName\":\"search_term_string\"}}],\"inLanguage\":\"me-ME\"},{\"@type\":\"Organization\",\"@id\":\"https:\\\/\\\/www.evropskakuca.me\\\/me\\\/#organization\",\"name\":\"Evropean house\",\"url\":\"https:\\\/\\\/www.evropskakuca.me\\\/me\\\/\",\"logo\":{\"@type\":\"ImageObject\",\"inLanguage\":\"me-ME\",\"@id\":\"https:\\\/\\\/www.evropskakuca.me\\\/me\\\/#\\\/schema\\\/logo\\\/image\\\/\",\"url\":\"https:\\\/\\\/www.evropskakuca.me\\\/wp-content\\\/uploads\\\/2025\\\/01\\\/evropska-kuca-logo-1.png\",\"contentUrl\":\"https:\\\/\\\/www.evropskakuca.me\\\/wp-content\\\/uploads\\\/2025\\\/01\\\/evropska-kuca-logo-1.png\",\"width\":425,\"height\":312,\"caption\":\"Evropean house\"},\"image\":{\"@id\":\"https:\\\/\\\/www.evropskakuca.me\\\/me\\\/#\\\/schema\\\/logo\\\/image\\\/\"},\"sameAs\":[\"https:\\\/\\\/www.facebook.com\\\/evropska.kuca\",\"https:\\\/\\\/x.com\\\/evropska_kuca\",\"https:\\\/\\\/www.instagram.com\\\/evropska_kuca\"]},{\"@type\":\"Person\",\"@id\":\"https:\\\/\\\/www.evropskakuca.me\\\/me\\\/#\\\/schema\\\/person\\\/7e16527119c7b67f457996b970f2bd6e\",\"name\":\"Aleksandar Vukovic\",\"image\":{\"@type\":\"ImageObject\",\"inLanguage\":\"me-ME\",\"@id\":\"https:\\\/\\\/secure.gravatar.com\\\/avatar\\\/a1834e0104b0242a886079bde835ba36d80c70f9987a11f3ba33eb9e8d74cc15?s=96&d=mm&r=g\",\"url\":\"https:\\\/\\\/secure.gravatar.com\\\/avatar\\\/a1834e0104b0242a886079bde835ba36d80c70f9987a11f3ba33eb9e8d74cc15?s=96&d=mm&r=g\",\"contentUrl\":\"https:\\\/\\\/secure.gravatar.com\\\/avatar\\\/a1834e0104b0242a886079bde835ba36d80c70f9987a11f3ba33eb9e8d74cc15?s=96&d=mm&r=g\",\"caption\":\"Aleksandar Vukovic\"},\"url\":\"https:\\\/\\\/www.evropskakuca.me\\\/me\\\/author\\\/aleksandar\\\/\"}]}<\/script>\n<!-- \/ Yoast SEO plugin. -->","yoast_head_json":{"title":"Produ\u017een rok za NVO, uklju\u010duju\u0107i poslovna udru\u017eenja \u2013 izrada Strate\u0161kog planskog dokumenta i programiranje poglavlja kohezione politike u okviru Nacionalnog i regionalnog partnerskog plana - Europe House","robots":{"index":"index","follow":"follow","max-snippet":"max-snippet:-1","max-image-preview":"max-image-preview:large","max-video-preview":"max-video-preview:-1"},"canonical":"https:\/\/www.evropskakuca.me\/me\/produzen-rok-za-nvo-ukljucujuci-poslovna-udruzenja-izrada-strateskog-planskog-dokumenta-i-programiranje-poglavlja-kohezione-politike-u-okviru-nacionalnog-i-regionalnog-partnerskog-plana\/","og_locale":"en_US","og_type":"article","og_title":"Produ\u017een rok za NVO, uklju\u010duju\u0107i poslovna udru\u017eenja \u2013 izrada Strate\u0161kog planskog dokumenta i programiranje poglavlja kohezione politike u okviru Nacionalnog i regionalnog partnerskog plana - Europe House","og_description":"Ministarstvo evropskih poslova obavje\u0161tava zainteresovanu javnost da se rok za prijavu na Javni poziv za predlaganje predstavnika\/ca nevladinih organizacija, uklju\u010duju\u0107i poslovna udru\u017eenja, za u\u010destvovanje u radu radnih grupa za izradu Strate\u0161kog planskog dokumenta i programiranje poglavlja kohezione politike u okviru Nacionalnog i regionalnog partnerskog plana (https:\/\/www.gov.me\/clanak\/javni-poziv-za-predlaganje-predstavnika-ce-nevladinih-organizacija-ukljucujuci-poslovna-udruzenja)&nbsp;produ\u017eava do 6. aprila u 15 \u010dasova. Kontakt osoba u [&hellip;]","og_url":"https:\/\/www.evropskakuca.me\/me\/produzen-rok-za-nvo-ukljucujuci-poslovna-udruzenja-izrada-strateskog-planskog-dokumenta-i-programiranje-poglavlja-kohezione-politike-u-okviru-nacionalnog-i-regionalnog-partnerskog-plana\/","og_site_name":"Europe House","article_publisher":"https:\/\/www.facebook.com\/evropska.kuca","article_published_time":"2026-03-26T09:27:30+00:00","article_modified_time":"2026-03-26T09:29:14+00:00","og_image":[{"width":2560,"height":1707,"url":"https:\/\/www.evropskakuca.me\/wp-content\/uploads\/2026\/02\/FRO_5224-scaled.jpg","type":"image\/jpeg"}],"author":"Aleksandar Vukovic","twitter_card":"summary_large_image","twitter_creator":"@evropska_kuca","twitter_site":"@evropska_kuca","twitter_misc":{"Written by":"Aleksandar Vukovic","Est. reading time":"1 minute"},"schema":{"@context":"https:\/\/schema.org","@graph":[{"@type":"Article","@id":"https:\/\/www.evropskakuca.me\/me\/produzen-rok-za-nvo-ukljucujuci-poslovna-udruzenja-izrada-strateskog-planskog-dokumenta-i-programiranje-poglavlja-kohezione-politike-u-okviru-nacionalnog-i-regionalnog-partnerskog-plana\/#article","isPartOf":{"@id":"https:\/\/www.evropskakuca.me\/me\/produzen-rok-za-nvo-ukljucujuci-poslovna-udruzenja-izrada-strateskog-planskog-dokumenta-i-programiranje-poglavlja-kohezione-politike-u-okviru-nacionalnog-i-regionalnog-partnerskog-plana\/"},"author":{"name":"Aleksandar Vukovic","@id":"https:\/\/www.evropskakuca.me\/me\/#\/schema\/person\/7e16527119c7b67f457996b970f2bd6e"},"headline":"Produ\u017een rok za NVO, uklju\u010duju\u0107i poslovna udru\u017eenja \u2013 izrada Strate\u0161kog planskog dokumenta i programiranje poglavlja kohezione politike u okviru Nacionalnog i regionalnog partnerskog plana","datePublished":"2026-03-26T09:27:30+00:00","dateModified":"2026-03-26T09:29:14+00:00","mainEntityOfPage":{"@id":"https:\/\/www.evropskakuca.me\/me\/produzen-rok-za-nvo-ukljucujuci-poslovna-udruzenja-izrada-strateskog-planskog-dokumenta-i-programiranje-poglavlja-kohezione-politike-u-okviru-nacionalnog-i-regionalnog-partnerskog-plana\/"},"wordCount":105,"publisher":{"@id":"https:\/\/www.evropskakuca.me\/me\/#organization"},"image":{"@id":"https:\/\/www.evropskakuca.me\/me\/produzen-rok-za-nvo-ukljucujuci-poslovna-udruzenja-izrada-strateskog-planskog-dokumenta-i-programiranje-poglavlja-kohezione-politike-u-okviru-nacionalnog-i-regionalnog-partnerskog-plana\/#primaryimage"},"thumbnailUrl":"https:\/\/www.evropskakuca.me\/wp-content\/uploads\/2026\/02\/FRO_5224-scaled.jpg","articleSection":["Bar","Bijelo Polje","Novosti","Vesti"],"inLanguage":"me-ME"},{"@type":"WebPage","@id":"https:\/\/www.evropskakuca.me\/me\/produzen-rok-za-nvo-ukljucujuci-poslovna-udruzenja-izrada-strateskog-planskog-dokumenta-i-programiranje-poglavlja-kohezione-politike-u-okviru-nacionalnog-i-regionalnog-partnerskog-plana\/","url":"https:\/\/www.evropskakuca.me\/me\/produzen-rok-za-nvo-ukljucujuci-poslovna-udruzenja-izrada-strateskog-planskog-dokumenta-i-programiranje-poglavlja-kohezione-politike-u-okviru-nacionalnog-i-regionalnog-partnerskog-plana\/","name":"Produ\u017een rok za NVO, uklju\u010duju\u0107i poslovna udru\u017eenja \u2013 izrada Strate\u0161kog planskog dokumenta i programiranje poglavlja kohezione politike u okviru Nacionalnog i regionalnog partnerskog plana - Europe House","isPartOf":{"@id":"https:\/\/www.evropskakuca.me\/me\/#website"},"primaryImageOfPage":{"@id":"https:\/\/www.evropskakuca.me\/me\/produzen-rok-za-nvo-ukljucujuci-poslovna-udruzenja-izrada-strateskog-planskog-dokumenta-i-programiranje-poglavlja-kohezione-politike-u-okviru-nacionalnog-i-regionalnog-partnerskog-plana\/#primaryimage"},"image":{"@id":"https:\/\/www.evropskakuca.me\/me\/produzen-rok-za-nvo-ukljucujuci-poslovna-udruzenja-izrada-strateskog-planskog-dokumenta-i-programiranje-poglavlja-kohezione-politike-u-okviru-nacionalnog-i-regionalnog-partnerskog-plana\/#primaryimage"},"thumbnailUrl":"https:\/\/www.evropskakuca.me\/wp-content\/uploads\/2026\/02\/FRO_5224-scaled.jpg","datePublished":"2026-03-26T09:27:30+00:00","dateModified":"2026-03-26T09:29:14+00:00","breadcrumb":{"@id":"https:\/\/www.evropskakuca.me\/me\/produzen-rok-za-nvo-ukljucujuci-poslovna-udruzenja-izrada-strateskog-planskog-dokumenta-i-programiranje-poglavlja-kohezione-politike-u-okviru-nacionalnog-i-regionalnog-partnerskog-plana\/#breadcrumb"},"inLanguage":"me-ME","potentialAction":[{"@type":"ReadAction","target":["https:\/\/www.evropskakuca.me\/me\/produzen-rok-za-nvo-ukljucujuci-poslovna-udruzenja-izrada-strateskog-planskog-dokumenta-i-programiranje-poglavlja-kohezione-politike-u-okviru-nacionalnog-i-regionalnog-partnerskog-plana\/"]}]},{"@type":"ImageObject","inLanguage":"me-ME","@id":"https:\/\/www.evropskakuca.me\/me\/produzen-rok-za-nvo-ukljucujuci-poslovna-udruzenja-izrada-strateskog-planskog-dokumenta-i-programiranje-poglavlja-kohezione-politike-u-okviru-nacionalnog-i-regionalnog-partnerskog-plana\/#primaryimage","url":"https:\/\/www.evropskakuca.me\/wp-content\/uploads\/2026\/02\/FRO_5224-scaled.jpg","contentUrl":"https:\/\/www.evropskakuca.me\/wp-content\/uploads\/2026\/02\/FRO_5224-scaled.jpg","width":2560,"height":1707},{"@type":"BreadcrumbList","@id":"https:\/\/www.evropskakuca.me\/me\/produzen-rok-za-nvo-ukljucujuci-poslovna-udruzenja-izrada-strateskog-planskog-dokumenta-i-programiranje-poglavlja-kohezione-politike-u-okviru-nacionalnog-i-regionalnog-partnerskog-plana\/#breadcrumb","itemListElement":[{"@type":"ListItem","position":1,"name":"Home","item":"https:\/\/www.evropskakuca.me\/me\/"},{"@type":"ListItem","position":2,"name":"Produ\u017een rok za NVO, uklju\u010duju\u0107i poslovna udru\u017eenja \u2013 izrada Strate\u0161kog planskog dokumenta i programiranje poglavlja kohezione politike u okviru Nacionalnog i regionalnog partnerskog plana"}]},{"@type":"WebSite","@id":"https:\/\/www.evropskakuca.me\/me\/#website","url":"https:\/\/www.evropskakuca.me\/me\/","name":"Evropean house","description":"","publisher":{"@id":"https:\/\/www.evropskakuca.me\/me\/#organization"},"potentialAction":[{"@type":"SearchAction","target":{"@type":"EntryPoint","urlTemplate":"https:\/\/www.evropskakuca.me\/me\/?s={search_term_string}"},"query-input":{"@type":"PropertyValueSpecification","valueRequired":true,"valueName":"search_term_string"}}],"inLanguage":"me-ME"},{"@type":"Organization","@id":"https:\/\/www.evropskakuca.me\/me\/#organization","name":"Evropean house","url":"https:\/\/www.evropskakuca.me\/me\/","logo":{"@type":"ImageObject","inLanguage":"me-ME","@id":"https:\/\/www.evropskakuca.me\/me\/#\/schema\/logo\/image\/","url":"https:\/\/www.evropskakuca.me\/wp-content\/uploads\/2025\/01\/evropska-kuca-logo-1.png","contentUrl":"https:\/\/www.evropskakuca.me\/wp-content\/uploads\/2025\/01\/evropska-kuca-logo-1.png","width":425,"height":312,"caption":"Evropean house"},"image":{"@id":"https:\/\/www.evropskakuca.me\/me\/#\/schema\/logo\/image\/"},"sameAs":["https:\/\/www.facebook.com\/evropska.kuca","https:\/\/x.com\/evropska_kuca","https:\/\/www.instagram.com\/evropska_kuca"]},{"@type":"Person","@id":"https:\/\/www.evropskakuca.me\/me\/#\/schema\/person\/7e16527119c7b67f457996b970f2bd6e","name":"Aleksandar Vukovic","image":{"@type":"ImageObject","inLanguage":"me-ME","@id":"https:\/\/secure.gravatar.com\/avatar\/a1834e0104b0242a886079bde835ba36d80c70f9987a11f3ba33eb9e8d74cc15?s=96&d=mm&r=g","url":"https:\/\/secure.gravatar.com\/avatar\/a1834e0104b0242a886079bde835ba36d80c70f9987a11f3ba33eb9e8d74cc15?s=96&d=mm&r=g","contentUrl":"https:\/\/secure.gravatar.com\/avatar\/a1834e0104b0242a886079bde835ba36d80c70f9987a11f3ba33eb9e8d74cc15?s=96&d=mm&r=g","caption":"Aleksandar Vukovic"},"url":"https:\/\/www.evropskakuca.me\/me\/author\/aleksandar\/"}]}},"_links":{"self":[{"href":"https:\/\/www.evropskakuca.me\/me\/wp-json\/wp\/v2\/posts\/48344","targetHints":{"allow":["GET"]}}],"collection":[{"href":"https:\/\/www.evropskakuca.me\/me\/wp-json\/wp\/v2\/posts"}],"about":[{"href":"https:\/\/www.evropskakuca.me\/me\/wp-json\/wp\/v2\/types\/post"}],"author":[{"embeddable":true,"href":"https:\/\/www.evropskakuca.me\/me\/wp-json\/wp\/v2\/users\/3"}],"replies":[{"embeddable":true,"href":"https:\/\/www.evropskakuca.me\/me\/wp-json\/wp\/v2\/comments?post=48344"}],"version-history":[{"count":1,"href":"https:\/\/www.evropskakuca.me\/me\/wp-json\/wp\/v2\/posts\/48344\/revisions"}],"predecessor-version":[{"id":48345,"href":"https:\/\/www.evropskakuca.me\/me\/wp-json\/wp\/v2\/posts\/48344\/revisions\/48345"}],"wp:featuredmedia":[{"embeddable":true,"href":"https:\/\/www.evropskakuca.me\/me\/wp-json\/wp\/v2\/media\/47755"}],"wp:attachment":[{"href":"https:\/\/www.evropskakuca.me\/me\/wp-json\/wp\/v2\/media?parent=48344"}],"wp:term":[{"taxonomy":"category","embeddable":true,"href":"https:\/\/www.evropskakuca.me\/me\/wp-json\/wp\/v2\/categories?post=48344"},{"taxonomy":"post_tag","embeddable":true,"href":"https:\/\/www.evropskakuca.me\/me\/wp-json\/wp\/v2\/tags?post=48344"}],"curies":[{"name":"wp","href":"https:\/\/api.w.org\/{rel}","templated":true}]}}