{"id":48274,"date":"2026-03-20T10:39:27","date_gmt":"2026-03-20T10:39:27","guid":{"rendered":"https:\/\/www.evropskakuca.me\/?p=48274"},"modified":"2026-03-23T09:03:19","modified_gmt":"2026-03-23T09:03:19","slug":"predavanje-povodom-svjetskog-dana-voda-u-bijelom-polju","status":"publish","type":"post","link":"https:\/\/www.evropskakuca.me\/me\/predavanje-povodom-svjetskog-dana-voda-u-bijelom-polju\/","title":{"rendered":"Predavanje povodom Svjetskog dana voda u Bijelom Polju"},"content":{"rendered":"\n<p>Evropska ku\u0107a Bijelo Polje obilje\u017eila je Svjetski dan voda kroz interaktivno predavanje \u201ePlavi sjever \u2013 \u0161titimo na\u0161e rijeke\u201c, koje je predstavljalo uvodni dio aktivnosti posve\u0107enih za\u0161titi rijeke Lim i akciji \u010di\u0161\u0107enja njene obale na gradskoj pla\u017ei Sinjavac.<\/p>\n\n\n\n<p>Predavanje je odr\u017eao profesor Tomislav Tomovi\u0107, istaknuti profesor biologije u JU Gimnaziji &#8220;Miloje Dobra\u0161inovi\u0107&#8221;, koji je ukazao na zna\u010daj vode kao nezamjenjivog resursa, ali i na izazove sa kojima se suo\u010davaju rijeka Lim i njene pritoke.<\/p>\n\n\n\n<figure class=\"wp-block-gallery has-nested-images columns-default is-cropped wp-block-gallery-1 is-layout-flex wp-block-gallery-is-layout-flex\">\n<figure class=\"wp-block-image size-large\"><img fetchpriority=\"high\" decoding=\"async\" width=\"1024\" height=\"682\" data-id=\"48279\" src=\"https:\/\/www.evropskakuca.me\/wp-content\/uploads\/2026\/03\/653907271_17869957884583124_6891804832155934433_n-1024x682.jpg\" alt=\"\" class=\"wp-image-48279\" srcset=\"https:\/\/www.evropskakuca.me\/wp-content\/uploads\/2026\/03\/653907271_17869957884583124_6891804832155934433_n-1024x682.jpg 1024w, https:\/\/www.evropskakuca.me\/wp-content\/uploads\/2026\/03\/653907271_17869957884583124_6891804832155934433_n-300x200.jpg 300w, https:\/\/www.evropskakuca.me\/wp-content\/uploads\/2026\/03\/653907271_17869957884583124_6891804832155934433_n-768x511.jpg 768w, https:\/\/www.evropskakuca.me\/wp-content\/uploads\/2026\/03\/653907271_17869957884583124_6891804832155934433_n.jpg 1364w\" sizes=\"(max-width: 1024px) 100vw, 1024px\" \/><\/figure>\n\n\n\n<figure class=\"wp-block-image size-large\"><img decoding=\"async\" width=\"1024\" height=\"682\" data-id=\"48277\" src=\"https:\/\/www.evropskakuca.me\/wp-content\/uploads\/2026\/03\/652762388_17869957872583124_1350322379754887632_n-1024x682.jpg\" alt=\"\" class=\"wp-image-48277\" srcset=\"https:\/\/www.evropskakuca.me\/wp-content\/uploads\/2026\/03\/652762388_17869957872583124_1350322379754887632_n-1024x682.jpg 1024w, https:\/\/www.evropskakuca.me\/wp-content\/uploads\/2026\/03\/652762388_17869957872583124_1350322379754887632_n-300x200.jpg 300w, https:\/\/www.evropskakuca.me\/wp-content\/uploads\/2026\/03\/652762388_17869957872583124_1350322379754887632_n-768x511.jpg 768w, https:\/\/www.evropskakuca.me\/wp-content\/uploads\/2026\/03\/652762388_17869957872583124_1350322379754887632_n.jpg 1364w\" sizes=\"(max-width: 1024px) 100vw, 1024px\" \/><\/figure>\n<\/figure>\n\n\n\n<p>Poseban fokus bio je na problemu otpada koji se akumulira na obalama rijeka, velikom broju divljih deponija, kao i potrebi ja\u010danja ekolo\u0161ke svijesti i unapre\u0111enja infrastrukture, uklju\u010duju\u0107i izgradnju sistema za pre\u010di\u0161\u0107avanje otpadnih voda.<\/p>\n\n\n\n<figure class=\"wp-block-image size-large\"><img decoding=\"async\" width=\"1024\" height=\"682\" src=\"https:\/\/www.evropskakuca.me\/wp-content\/uploads\/2026\/03\/651327997_17869957950583124_3981120335927815555_n-1024x682.jpg\" alt=\"\" class=\"wp-image-48281\" srcset=\"https:\/\/www.evropskakuca.me\/wp-content\/uploads\/2026\/03\/651327997_17869957950583124_3981120335927815555_n-1024x682.jpg 1024w, https:\/\/www.evropskakuca.me\/wp-content\/uploads\/2026\/03\/651327997_17869957950583124_3981120335927815555_n-300x200.jpg 300w, https:\/\/www.evropskakuca.me\/wp-content\/uploads\/2026\/03\/651327997_17869957950583124_3981120335927815555_n-768x511.jpg 768w, https:\/\/www.evropskakuca.me\/wp-content\/uploads\/2026\/03\/651327997_17869957950583124_3981120335927815555_n.jpg 1364w\" sizes=\"(max-width: 1024px) 100vw, 1024px\" \/><\/figure>\n\n\n\n<p>Kroz jasno i pristupa\u010dno izlaganje, u\u010desnici su imali priliku da steknu nova znanja o za\u0161titi voda i va\u017enosti odgovornog odnosa prema \u017eivotnoj sredini, kao i da se upoznaju sa konkretnim izazovima u lokalnoj zajednici.<\/p>\n\n\n\n<p>U okviru obilje\u017eavanja Svjetskog dana voda, realizovana je i akcija \u010di\u0161\u0107enja dijela obale rijeke Lim, na pla\u017ei Sinjavac, u kojoj su u\u010destvovali u\u010denici bjelopoljske Gimnazije i O\u0160 &#8220;Marko Miljanov&#8221;, a podr\u017ealo je i Komunalno preduze\u0107e &#8220;Lim&#8221;.<\/p>\n","protected":false},"excerpt":{"rendered":"<p>Evropska ku\u0107a Bijelo Polje obilje\u017eila je Svjetski dan voda kroz interaktivno predavanje \u201ePlavi sjever \u2013 \u0161titimo na\u0161e rijeke\u201c, koje je predstavljalo uvodni dio aktivnosti posve\u0107enih za\u0161titi rijeke Lim i akciji \u010di\u0161\u0107enja njene obale na gradskoj pla\u017ei Sinjavac. Predavanje je odr\u017eao profesor Tomislav Tomovi\u0107, istaknuti profesor biologije u JU Gimnaziji &#8220;Miloje Dobra\u0161inovi\u0107&#8221;, koji je ukazao na [&hellip;]<\/p>\n","protected":false},"author":3,"featured_media":48275,"comment_status":"closed","ping_status":"closed","sticky":false,"template":"","format":"standard","meta":{"_acf_changed":false,"footnotes":""},"categories":[1193,283,524],"tags":[],"class_list":["post-48274","post","type-post","status-publish","format-standard","has-post-thumbnail","hentry","category-bijelo-polje","category-novosti-me","category-vesti"],"acf":[],"yoast_head":"<!-- This site is optimized with the Yoast SEO plugin v27.3 - https:\/\/yoast.com\/product\/yoast-seo-wordpress\/ -->\n<title>Predavanje povodom Svjetskog dana voda u Bijelom Polju - Europe House<\/title>\n<meta name=\"robots\" content=\"index, follow, max-snippet:-1, max-image-preview:large, max-video-preview:-1\" \/>\n<link rel=\"canonical\" href=\"https:\/\/www.evropskakuca.me\/me\/predavanje-povodom-svjetskog-dana-voda-u-bijelom-polju\/\" \/>\n<meta property=\"og:locale\" content=\"en_US\" \/>\n<meta property=\"og:type\" content=\"article\" \/>\n<meta property=\"og:title\" content=\"Predavanje povodom Svjetskog dana voda u Bijelom Polju - Europe House\" \/>\n<meta property=\"og:description\" content=\"Evropska ku\u0107a Bijelo Polje obilje\u017eila je Svjetski dan voda kroz interaktivno predavanje \u201ePlavi sjever \u2013 \u0161titimo na\u0161e rijeke\u201c, koje je predstavljalo uvodni dio aktivnosti posve\u0107enih za\u0161titi rijeke Lim i akciji \u010di\u0161\u0107enja njene obale na gradskoj pla\u017ei Sinjavac. Predavanje je odr\u017eao profesor Tomislav Tomovi\u0107, istaknuti profesor biologije u JU Gimnaziji &#8220;Miloje Dobra\u0161inovi\u0107&#8221;, koji je ukazao na [&hellip;]\" \/>\n<meta property=\"og:url\" content=\"https:\/\/www.evropskakuca.me\/me\/predavanje-povodom-svjetskog-dana-voda-u-bijelom-polju\/\" \/>\n<meta property=\"og:site_name\" content=\"Europe House\" \/>\n<meta property=\"article:publisher\" content=\"https:\/\/www.facebook.com\/evropska.kuca\" \/>\n<meta property=\"article:published_time\" content=\"2026-03-20T10:39:27+00:00\" \/>\n<meta property=\"article:modified_time\" content=\"2026-03-23T09:03:19+00:00\" \/>\n<meta property=\"og:image\" content=\"https:\/\/www.evropskakuca.me\/wp-content\/uploads\/2026\/03\/655956885_17869957863583124_7717589923657282283_n-e1774003029549.jpg\" \/>\n\t<meta property=\"og:image:width\" content=\"1364\" \/>\n\t<meta property=\"og:image:height\" content=\"590\" \/>\n\t<meta property=\"og:image:type\" content=\"image\/jpeg\" \/>\n<meta name=\"author\" content=\"Aleksandar Vukovic\" \/>\n<meta name=\"twitter:card\" content=\"summary_large_image\" \/>\n<meta name=\"twitter:creator\" content=\"@evropska_kuca\" \/>\n<meta name=\"twitter:site\" content=\"@evropska_kuca\" \/>\n<meta name=\"twitter:label1\" content=\"Written by\" \/>\n\t<meta name=\"twitter:data1\" content=\"Aleksandar Vukovic\" \/>\n\t<meta name=\"twitter:label2\" content=\"Est. reading time\" \/>\n\t<meta name=\"twitter:data2\" content=\"2 minutes\" \/>\n<script type=\"application\/ld+json\" class=\"yoast-schema-graph\">{\"@context\":\"https:\\\/\\\/schema.org\",\"@graph\":[{\"@type\":\"Article\",\"@id\":\"https:\\\/\\\/www.evropskakuca.me\\\/me\\\/predavanje-povodom-svjetskog-dana-voda-u-bijelom-polju\\\/#article\",\"isPartOf\":{\"@id\":\"https:\\\/\\\/www.evropskakuca.me\\\/me\\\/predavanje-povodom-svjetskog-dana-voda-u-bijelom-polju\\\/\"},\"author\":{\"name\":\"Aleksandar Vukovic\",\"@id\":\"https:\\\/\\\/www.evropskakuca.me\\\/me\\\/#\\\/schema\\\/person\\\/7e16527119c7b67f457996b970f2bd6e\"},\"headline\":\"Predavanje povodom Svjetskog dana voda u Bijelom Polju\",\"datePublished\":\"2026-03-20T10:39:27+00:00\",\"dateModified\":\"2026-03-23T09:03:19+00:00\",\"mainEntityOfPage\":{\"@id\":\"https:\\\/\\\/www.evropskakuca.me\\\/me\\\/predavanje-povodom-svjetskog-dana-voda-u-bijelom-polju\\\/\"},\"wordCount\":212,\"publisher\":{\"@id\":\"https:\\\/\\\/www.evropskakuca.me\\\/me\\\/#organization\"},\"image\":{\"@id\":\"https:\\\/\\\/www.evropskakuca.me\\\/me\\\/predavanje-povodom-svjetskog-dana-voda-u-bijelom-polju\\\/#primaryimage\"},\"thumbnailUrl\":\"https:\\\/\\\/www.evropskakuca.me\\\/wp-content\\\/uploads\\\/2026\\\/03\\\/655956885_17869957863583124_7717589923657282283_n-e1774003029549.jpg\",\"articleSection\":[\"Bijelo Polje\",\"Novosti\",\"Vesti\"],\"inLanguage\":\"me-ME\"},{\"@type\":\"WebPage\",\"@id\":\"https:\\\/\\\/www.evropskakuca.me\\\/me\\\/predavanje-povodom-svjetskog-dana-voda-u-bijelom-polju\\\/\",\"url\":\"https:\\\/\\\/www.evropskakuca.me\\\/me\\\/predavanje-povodom-svjetskog-dana-voda-u-bijelom-polju\\\/\",\"name\":\"Predavanje povodom Svjetskog dana voda u Bijelom Polju - Europe House\",\"isPartOf\":{\"@id\":\"https:\\\/\\\/www.evropskakuca.me\\\/me\\\/#website\"},\"primaryImageOfPage\":{\"@id\":\"https:\\\/\\\/www.evropskakuca.me\\\/me\\\/predavanje-povodom-svjetskog-dana-voda-u-bijelom-polju\\\/#primaryimage\"},\"image\":{\"@id\":\"https:\\\/\\\/www.evropskakuca.me\\\/me\\\/predavanje-povodom-svjetskog-dana-voda-u-bijelom-polju\\\/#primaryimage\"},\"thumbnailUrl\":\"https:\\\/\\\/www.evropskakuca.me\\\/wp-content\\\/uploads\\\/2026\\\/03\\\/655956885_17869957863583124_7717589923657282283_n-e1774003029549.jpg\",\"datePublished\":\"2026-03-20T10:39:27+00:00\",\"dateModified\":\"2026-03-23T09:03:19+00:00\",\"breadcrumb\":{\"@id\":\"https:\\\/\\\/www.evropskakuca.me\\\/me\\\/predavanje-povodom-svjetskog-dana-voda-u-bijelom-polju\\\/#breadcrumb\"},\"inLanguage\":\"me-ME\",\"potentialAction\":[{\"@type\":\"ReadAction\",\"target\":[\"https:\\\/\\\/www.evropskakuca.me\\\/me\\\/predavanje-povodom-svjetskog-dana-voda-u-bijelom-polju\\\/\"]}]},{\"@type\":\"ImageObject\",\"inLanguage\":\"me-ME\",\"@id\":\"https:\\\/\\\/www.evropskakuca.me\\\/me\\\/predavanje-povodom-svjetskog-dana-voda-u-bijelom-polju\\\/#primaryimage\",\"url\":\"https:\\\/\\\/www.evropskakuca.me\\\/wp-content\\\/uploads\\\/2026\\\/03\\\/655956885_17869957863583124_7717589923657282283_n-e1774003029549.jpg\",\"contentUrl\":\"https:\\\/\\\/www.evropskakuca.me\\\/wp-content\\\/uploads\\\/2026\\\/03\\\/655956885_17869957863583124_7717589923657282283_n-e1774003029549.jpg\",\"width\":1364,\"height\":590},{\"@type\":\"BreadcrumbList\",\"@id\":\"https:\\\/\\\/www.evropskakuca.me\\\/me\\\/predavanje-povodom-svjetskog-dana-voda-u-bijelom-polju\\\/#breadcrumb\",\"itemListElement\":[{\"@type\":\"ListItem\",\"position\":1,\"name\":\"Home\",\"item\":\"https:\\\/\\\/www.evropskakuca.me\\\/me\\\/\"},{\"@type\":\"ListItem\",\"position\":2,\"name\":\"Predavanje povodom Svjetskog dana voda u Bijelom Polju\"}]},{\"@type\":\"WebSite\",\"@id\":\"https:\\\/\\\/www.evropskakuca.me\\\/me\\\/#website\",\"url\":\"https:\\\/\\\/www.evropskakuca.me\\\/me\\\/\",\"name\":\"Evropean house\",\"description\":\"\",\"publisher\":{\"@id\":\"https:\\\/\\\/www.evropskakuca.me\\\/me\\\/#organization\"},\"potentialAction\":[{\"@type\":\"SearchAction\",\"target\":{\"@type\":\"EntryPoint\",\"urlTemplate\":\"https:\\\/\\\/www.evropskakuca.me\\\/me\\\/?s={search_term_string}\"},\"query-input\":{\"@type\":\"PropertyValueSpecification\",\"valueRequired\":true,\"valueName\":\"search_term_string\"}}],\"inLanguage\":\"me-ME\"},{\"@type\":\"Organization\",\"@id\":\"https:\\\/\\\/www.evropskakuca.me\\\/me\\\/#organization\",\"name\":\"Evropean house\",\"url\":\"https:\\\/\\\/www.evropskakuca.me\\\/me\\\/\",\"logo\":{\"@type\":\"ImageObject\",\"inLanguage\":\"me-ME\",\"@id\":\"https:\\\/\\\/www.evropskakuca.me\\\/me\\\/#\\\/schema\\\/logo\\\/image\\\/\",\"url\":\"https:\\\/\\\/www.evropskakuca.me\\\/wp-content\\\/uploads\\\/2025\\\/01\\\/evropska-kuca-logo-1.png\",\"contentUrl\":\"https:\\\/\\\/www.evropskakuca.me\\\/wp-content\\\/uploads\\\/2025\\\/01\\\/evropska-kuca-logo-1.png\",\"width\":425,\"height\":312,\"caption\":\"Evropean house\"},\"image\":{\"@id\":\"https:\\\/\\\/www.evropskakuca.me\\\/me\\\/#\\\/schema\\\/logo\\\/image\\\/\"},\"sameAs\":[\"https:\\\/\\\/www.facebook.com\\\/evropska.kuca\",\"https:\\\/\\\/x.com\\\/evropska_kuca\",\"https:\\\/\\\/www.instagram.com\\\/evropska_kuca\"]},{\"@type\":\"Person\",\"@id\":\"https:\\\/\\\/www.evropskakuca.me\\\/me\\\/#\\\/schema\\\/person\\\/7e16527119c7b67f457996b970f2bd6e\",\"name\":\"Aleksandar Vukovic\",\"image\":{\"@type\":\"ImageObject\",\"inLanguage\":\"me-ME\",\"@id\":\"https:\\\/\\\/secure.gravatar.com\\\/avatar\\\/a1834e0104b0242a886079bde835ba36d80c70f9987a11f3ba33eb9e8d74cc15?s=96&d=mm&r=g\",\"url\":\"https:\\\/\\\/secure.gravatar.com\\\/avatar\\\/a1834e0104b0242a886079bde835ba36d80c70f9987a11f3ba33eb9e8d74cc15?s=96&d=mm&r=g\",\"contentUrl\":\"https:\\\/\\\/secure.gravatar.com\\\/avatar\\\/a1834e0104b0242a886079bde835ba36d80c70f9987a11f3ba33eb9e8d74cc15?s=96&d=mm&r=g\",\"caption\":\"Aleksandar Vukovic\"},\"url\":\"https:\\\/\\\/www.evropskakuca.me\\\/me\\\/author\\\/aleksandar\\\/\"}]}<\/script>\n<!-- \/ Yoast SEO plugin. -->","yoast_head_json":{"title":"Predavanje povodom Svjetskog dana voda u Bijelom Polju - Europe House","robots":{"index":"index","follow":"follow","max-snippet":"max-snippet:-1","max-image-preview":"max-image-preview:large","max-video-preview":"max-video-preview:-1"},"canonical":"https:\/\/www.evropskakuca.me\/me\/predavanje-povodom-svjetskog-dana-voda-u-bijelom-polju\/","og_locale":"en_US","og_type":"article","og_title":"Predavanje povodom Svjetskog dana voda u Bijelom Polju - Europe House","og_description":"Evropska ku\u0107a Bijelo Polje obilje\u017eila je Svjetski dan voda kroz interaktivno predavanje \u201ePlavi sjever \u2013 \u0161titimo na\u0161e rijeke\u201c, koje je predstavljalo uvodni dio aktivnosti posve\u0107enih za\u0161titi rijeke Lim i akciji \u010di\u0161\u0107enja njene obale na gradskoj pla\u017ei Sinjavac. Predavanje je odr\u017eao profesor Tomislav Tomovi\u0107, istaknuti profesor biologije u JU Gimnaziji &#8220;Miloje Dobra\u0161inovi\u0107&#8221;, koji je ukazao na [&hellip;]","og_url":"https:\/\/www.evropskakuca.me\/me\/predavanje-povodom-svjetskog-dana-voda-u-bijelom-polju\/","og_site_name":"Europe House","article_publisher":"https:\/\/www.facebook.com\/evropska.kuca","article_published_time":"2026-03-20T10:39:27+00:00","article_modified_time":"2026-03-23T09:03:19+00:00","og_image":[{"width":1364,"height":590,"url":"https:\/\/www.evropskakuca.me\/wp-content\/uploads\/2026\/03\/655956885_17869957863583124_7717589923657282283_n-e1774003029549.jpg","type":"image\/jpeg"}],"author":"Aleksandar Vukovic","twitter_card":"summary_large_image","twitter_creator":"@evropska_kuca","twitter_site":"@evropska_kuca","twitter_misc":{"Written by":"Aleksandar Vukovic","Est. reading time":"2 minutes"},"schema":{"@context":"https:\/\/schema.org","@graph":[{"@type":"Article","@id":"https:\/\/www.evropskakuca.me\/me\/predavanje-povodom-svjetskog-dana-voda-u-bijelom-polju\/#article","isPartOf":{"@id":"https:\/\/www.evropskakuca.me\/me\/predavanje-povodom-svjetskog-dana-voda-u-bijelom-polju\/"},"author":{"name":"Aleksandar Vukovic","@id":"https:\/\/www.evropskakuca.me\/me\/#\/schema\/person\/7e16527119c7b67f457996b970f2bd6e"},"headline":"Predavanje povodom Svjetskog dana voda u Bijelom Polju","datePublished":"2026-03-20T10:39:27+00:00","dateModified":"2026-03-23T09:03:19+00:00","mainEntityOfPage":{"@id":"https:\/\/www.evropskakuca.me\/me\/predavanje-povodom-svjetskog-dana-voda-u-bijelom-polju\/"},"wordCount":212,"publisher":{"@id":"https:\/\/www.evropskakuca.me\/me\/#organization"},"image":{"@id":"https:\/\/www.evropskakuca.me\/me\/predavanje-povodom-svjetskog-dana-voda-u-bijelom-polju\/#primaryimage"},"thumbnailUrl":"https:\/\/www.evropskakuca.me\/wp-content\/uploads\/2026\/03\/655956885_17869957863583124_7717589923657282283_n-e1774003029549.jpg","articleSection":["Bijelo Polje","Novosti","Vesti"],"inLanguage":"me-ME"},{"@type":"WebPage","@id":"https:\/\/www.evropskakuca.me\/me\/predavanje-povodom-svjetskog-dana-voda-u-bijelom-polju\/","url":"https:\/\/www.evropskakuca.me\/me\/predavanje-povodom-svjetskog-dana-voda-u-bijelom-polju\/","name":"Predavanje povodom Svjetskog dana voda u Bijelom Polju - Europe House","isPartOf":{"@id":"https:\/\/www.evropskakuca.me\/me\/#website"},"primaryImageOfPage":{"@id":"https:\/\/www.evropskakuca.me\/me\/predavanje-povodom-svjetskog-dana-voda-u-bijelom-polju\/#primaryimage"},"image":{"@id":"https:\/\/www.evropskakuca.me\/me\/predavanje-povodom-svjetskog-dana-voda-u-bijelom-polju\/#primaryimage"},"thumbnailUrl":"https:\/\/www.evropskakuca.me\/wp-content\/uploads\/2026\/03\/655956885_17869957863583124_7717589923657282283_n-e1774003029549.jpg","datePublished":"2026-03-20T10:39:27+00:00","dateModified":"2026-03-23T09:03:19+00:00","breadcrumb":{"@id":"https:\/\/www.evropskakuca.me\/me\/predavanje-povodom-svjetskog-dana-voda-u-bijelom-polju\/#breadcrumb"},"inLanguage":"me-ME","potentialAction":[{"@type":"ReadAction","target":["https:\/\/www.evropskakuca.me\/me\/predavanje-povodom-svjetskog-dana-voda-u-bijelom-polju\/"]}]},{"@type":"ImageObject","inLanguage":"me-ME","@id":"https:\/\/www.evropskakuca.me\/me\/predavanje-povodom-svjetskog-dana-voda-u-bijelom-polju\/#primaryimage","url":"https:\/\/www.evropskakuca.me\/wp-content\/uploads\/2026\/03\/655956885_17869957863583124_7717589923657282283_n-e1774003029549.jpg","contentUrl":"https:\/\/www.evropskakuca.me\/wp-content\/uploads\/2026\/03\/655956885_17869957863583124_7717589923657282283_n-e1774003029549.jpg","width":1364,"height":590},{"@type":"BreadcrumbList","@id":"https:\/\/www.evropskakuca.me\/me\/predavanje-povodom-svjetskog-dana-voda-u-bijelom-polju\/#breadcrumb","itemListElement":[{"@type":"ListItem","position":1,"name":"Home","item":"https:\/\/www.evropskakuca.me\/me\/"},{"@type":"ListItem","position":2,"name":"Predavanje povodom Svjetskog dana voda u Bijelom Polju"}]},{"@type":"WebSite","@id":"https:\/\/www.evropskakuca.me\/me\/#website","url":"https:\/\/www.evropskakuca.me\/me\/","name":"Evropean house","description":"","publisher":{"@id":"https:\/\/www.evropskakuca.me\/me\/#organization"},"potentialAction":[{"@type":"SearchAction","target":{"@type":"EntryPoint","urlTemplate":"https:\/\/www.evropskakuca.me\/me\/?s={search_term_string}"},"query-input":{"@type":"PropertyValueSpecification","valueRequired":true,"valueName":"search_term_string"}}],"inLanguage":"me-ME"},{"@type":"Organization","@id":"https:\/\/www.evropskakuca.me\/me\/#organization","name":"Evropean house","url":"https:\/\/www.evropskakuca.me\/me\/","logo":{"@type":"ImageObject","inLanguage":"me-ME","@id":"https:\/\/www.evropskakuca.me\/me\/#\/schema\/logo\/image\/","url":"https:\/\/www.evropskakuca.me\/wp-content\/uploads\/2025\/01\/evropska-kuca-logo-1.png","contentUrl":"https:\/\/www.evropskakuca.me\/wp-content\/uploads\/2025\/01\/evropska-kuca-logo-1.png","width":425,"height":312,"caption":"Evropean house"},"image":{"@id":"https:\/\/www.evropskakuca.me\/me\/#\/schema\/logo\/image\/"},"sameAs":["https:\/\/www.facebook.com\/evropska.kuca","https:\/\/x.com\/evropska_kuca","https:\/\/www.instagram.com\/evropska_kuca"]},{"@type":"Person","@id":"https:\/\/www.evropskakuca.me\/me\/#\/schema\/person\/7e16527119c7b67f457996b970f2bd6e","name":"Aleksandar Vukovic","image":{"@type":"ImageObject","inLanguage":"me-ME","@id":"https:\/\/secure.gravatar.com\/avatar\/a1834e0104b0242a886079bde835ba36d80c70f9987a11f3ba33eb9e8d74cc15?s=96&d=mm&r=g","url":"https:\/\/secure.gravatar.com\/avatar\/a1834e0104b0242a886079bde835ba36d80c70f9987a11f3ba33eb9e8d74cc15?s=96&d=mm&r=g","contentUrl":"https:\/\/secure.gravatar.com\/avatar\/a1834e0104b0242a886079bde835ba36d80c70f9987a11f3ba33eb9e8d74cc15?s=96&d=mm&r=g","caption":"Aleksandar Vukovic"},"url":"https:\/\/www.evropskakuca.me\/me\/author\/aleksandar\/"}]}},"_links":{"self":[{"href":"https:\/\/www.evropskakuca.me\/me\/wp-json\/wp\/v2\/posts\/48274","targetHints":{"allow":["GET"]}}],"collection":[{"href":"https:\/\/www.evropskakuca.me\/me\/wp-json\/wp\/v2\/posts"}],"about":[{"href":"https:\/\/www.evropskakuca.me\/me\/wp-json\/wp\/v2\/types\/post"}],"author":[{"embeddable":true,"href":"https:\/\/www.evropskakuca.me\/me\/wp-json\/wp\/v2\/users\/3"}],"replies":[{"embeddable":true,"href":"https:\/\/www.evropskakuca.me\/me\/wp-json\/wp\/v2\/comments?post=48274"}],"version-history":[{"count":2,"href":"https:\/\/www.evropskakuca.me\/me\/wp-json\/wp\/v2\/posts\/48274\/revisions"}],"predecessor-version":[{"id":48288,"href":"https:\/\/www.evropskakuca.me\/me\/wp-json\/wp\/v2\/posts\/48274\/revisions\/48288"}],"wp:featuredmedia":[{"embeddable":true,"href":"https:\/\/www.evropskakuca.me\/me\/wp-json\/wp\/v2\/media\/48275"}],"wp:attachment":[{"href":"https:\/\/www.evropskakuca.me\/me\/wp-json\/wp\/v2\/media?parent=48274"}],"wp:term":[{"taxonomy":"category","embeddable":true,"href":"https:\/\/www.evropskakuca.me\/me\/wp-json\/wp\/v2\/categories?post=48274"},{"taxonomy":"post_tag","embeddable":true,"href":"https:\/\/www.evropskakuca.me\/me\/wp-json\/wp\/v2\/tags?post=48274"}],"curies":[{"name":"wp","href":"https:\/\/api.w.org\/{rel}","templated":true}]}}